{"id":191311,"date":"2025-06-11T16:23:48","date_gmt":"2025-06-11T19:23:48","guid":{"rendered":"https:\/\/radioinfinitagoya.com.ar\/v1\/?p=191311"},"modified":"2025-06-11T16:23:48","modified_gmt":"2025-06-11T19:23:48","slug":"corrientes-se-instalaron-cerca-de-400-garitas-en-el-centro-y-barrios","status":"publish","type":"post","link":"https:\/\/radioinfinitagoya.com.ar\/v1\/2025\/06\/11\/corrientes-se-instalaron-cerca-de-400-garitas-en-el-centro-y-barrios\/","title":{"rendered":"Corrientes: se instalaron cerca de 400 garitas en el centro y barrios"},"content":{"rendered":"<p>Las paradas se instalan en las avenidas y principales calles por donde circulan los colectivos urbanos.<\/p>\n<p><img loading=\"lazy\" decoding=\"async\" class=\"alignnone size-full wp-image-191312\" src=\"https:\/\/radioinfinitagoya.com.ar\/v1\/wp-content\/uploads\/2025\/06\/1749597504226.webp\" alt=\"\" width=\"1200\" height=\"675\" srcset=\"https:\/\/radioinfinitagoya.com.ar\/v1\/wp-content\/uploads\/2025\/06\/1749597504226.webp 1200w, https:\/\/radioinfinitagoya.com.ar\/v1\/wp-content\/uploads\/2025\/06\/1749597504226-696x392.webp 696w, https:\/\/radioinfinitagoya.com.ar\/v1\/wp-content\/uploads\/2025\/06\/1749597504226-1068x601.webp 1068w, https:\/\/radioinfinitagoya.com.ar\/v1\/wp-content\/uploads\/2025\/06\/1749597504226-747x420.webp 747w\" sizes=\"auto, (max-width: 1200px) 100vw, 1200px\" \/><\/p>\n<p>A lo largo de la ciudad se instalan nuevos refugios para usuarios del transporte p\u00fablico en el marco del programa \u201cParadas Seguras\u201d, impulsado por el Municipio de Corrientes, en los \u00faltimos 4 a\u00f1os se colocaron cerca de 400 garitas. En estas \u00faltimas semanas avanzaron con la instalaci\u00f3n por calle Yrigoyen en el macrocentro.<\/p>\n<p>La iniciativa forma parte de un plan que apunta a mejorar la experiencia de los usuarios de colectivos mediante la construcci\u00f3n de nuevos refugios en las paradas de colectivo.<\/p>\n<p>El Subsecretario de Transporte, Lisandro Rueda explic\u00f3 a El Litoral: \u201cEs que instalamos en toda la ciudad. Centro y microcentro, avenidas y barrios. Es la gesti\u00f3n que m\u00e1s garitas ha instalado. Aproximadamente cerca de 400\u201d.<\/p>\n<p><img loading=\"lazy\" decoding=\"async\" class=\"alignnone size-full wp-image-191313\" src=\"https:\/\/radioinfinitagoya.com.ar\/v1\/wp-content\/uploads\/2025\/06\/1749589006387.jpg\" alt=\"\" width=\"807\" height=\"537\" srcset=\"https:\/\/radioinfinitagoya.com.ar\/v1\/wp-content\/uploads\/2025\/06\/1749589006387.jpg 807w, https:\/\/radioinfinitagoya.com.ar\/v1\/wp-content\/uploads\/2025\/06\/1749589006387-696x463.jpg 696w, https:\/\/radioinfinitagoya.com.ar\/v1\/wp-content\/uploads\/2025\/06\/1749589006387-631x420.jpg 631w\" sizes=\"auto, (max-width: 807px) 100vw, 807px\" \/><\/p>\n<p>En las \u00faltimas semanas se instalaron por calle Yrigoyen en pleno macrocentro, se puede observar entre San Lorenzo y Catamarca, por la misma calzada pero en su intersecci\u00f3n con Uruguay se instal\u00f3 otra. Adem\u00e1s de la garita instalada en la plaza Libertad con mayor capacidad en la misma zona.<\/p>\n<p>Algunas de las paradas seguras ya establecidas son las ubicadas en El Eucaliptal del barrio San Ger\u00f3nimo; en el barrio 17 de agosto: Cazadores Correntinos y Mil\u00e1n; al igual que en Cazadores Correntinos y Paul Groussac. Tambi\u00e9n en el barrio Laguna Seca en Cazadores Correntinos y Ni\u00f1o Jes\u00fas; en las 1000 Viviendas en Sarmiento y Cosqu\u00edn; y las intersecciones de Ferr\u00e9 y V\u00e9lez Sarsfield; y Rafaela y Paysand\u00fa.<\/p>\n","protected":false},"excerpt":{"rendered":"<p>Las paradas se instalan en las avenidas y principales calles por donde circulan los colectivos urbanos. A lo largo de la ciudad se instalan nuevos refugios para usuarios del transporte p\u00fablico en el marco del programa \u201cParadas Seguras\u201d, impulsado por el Municipio de Corrientes, en los \u00faltimos 4 a\u00f1os se colocaron cerca de 400 garitas. [&hellip;]<\/p>\n","protected":false},"author":4,"featured_media":191314,"comment_status":"closed","ping_status":"closed","sticky":false,"template":"","format":"standard","meta":{"_joinchat":[],"footnotes":""},"categories":[26],"tags":[],"class_list":{"0":"post-191311","1":"post","2":"type-post","3":"status-publish","4":"format-standard","5":"has-post-thumbnail","7":"category-provinciales"},"yoast_head":"<!-- This site is optimized with the Yoast SEO plugin v27.2 - https:\/\/yoast.com\/product\/yoast-seo-wordpress\/ -->\n<title>Corrientes: se instalaron cerca de 400 garitas en el centro y barrios - Radio Infinita Goya<\/title>\n<meta name=\"description\" content=\"Las paradas se instalan en las avenidas y principales calles por donde circulan los colectivos urbanos. A lo largo de la ciudad se instalan nuevos\" \/>\n<meta name=\"robots\" content=\"index, follow, max-snippet:-1, max-image-preview:large, max-video-preview:-1\" \/>\n<link rel=\"canonical\" href=\"https:\/\/radioinfinitagoya.com.ar\/v1\/2025\/06\/11\/corrientes-se-instalaron-cerca-de-400-garitas-en-el-centro-y-barrios\/\" \/>\n<meta property=\"og:locale\" content=\"es_ES\" \/>\n<meta property=\"og:type\" content=\"article\" \/>\n<meta property=\"og:title\" content=\"Corrientes: se instalaron cerca de 400 garitas en el centro y barrios - Radio Infinita Goya\" \/>\n<meta property=\"og:description\" content=\"Las paradas se instalan en las avenidas y principales calles por donde circulan los colectivos urbanos. A lo largo de la ciudad se instalan nuevos\" \/>\n<meta property=\"og:url\" content=\"https:\/\/radioinfinitagoya.com.ar\/v1\/2025\/06\/11\/corrientes-se-instalaron-cerca-de-400-garitas-en-el-centro-y-barrios\/\" \/>\n<meta property=\"og:site_name\" content=\"Radio Infinita Goya\" \/>\n<meta property=\"article:publisher\" content=\"https:\/\/www.facebook.com\/p\/Infinita-Goya-100063870918311\/\" \/>\n<meta property=\"article:published_time\" content=\"2025-06-11T19:23:48+00:00\" \/>\n<meta property=\"og:image\" content=\"https:\/\/radioinfinitagoya.com.ar\/v1\/wp-content\/uploads\/2025\/06\/1749589422632.jpg\" \/>\n\t<meta property=\"og:image:width\" content=\"807\" \/>\n\t<meta property=\"og:image:height\" content=\"538\" \/>\n\t<meta property=\"og:image:type\" content=\"image\/jpeg\" \/>\n<meta name=\"author\" content=\"Jorge Mi\u00f1o\" \/>\n<meta name=\"twitter:card\" content=\"summary_large_image\" \/>\n<meta name=\"twitter:label1\" content=\"Escrito por\" \/>\n\t<meta name=\"twitter:data1\" content=\"Jorge Mi\u00f1o\" \/>\n\t<meta name=\"twitter:label2\" content=\"Tiempo de lectura\" \/>\n\t<meta name=\"twitter:data2\" content=\"2 minutos\" \/>\n<script type=\"application\/ld+json\" class=\"yoast-schema-graph\">{\"@context\":\"https:\/\/schema.org\",\"@graph\":[{\"@type\":\"Article\",\"@id\":\"https:\/\/radioinfinitagoya.com.ar\/v1\/2025\/06\/11\/corrientes-se-instalaron-cerca-de-400-garitas-en-el-centro-y-barrios\/#article\",\"isPartOf\":{\"@id\":\"https:\/\/radioinfinitagoya.com.ar\/v1\/2025\/06\/11\/corrientes-se-instalaron-cerca-de-400-garitas-en-el-centro-y-barrios\/\"},\"author\":{\"name\":\"Jorge Mi\u00f1o\",\"@id\":\"https:\/\/radioinfinitagoya.com.ar\/v1\/#\/schema\/person\/d4cf9c413d4f6edb24aabdccab49ca4a\"},\"headline\":\"Corrientes: se instalaron cerca de 400 garitas en el centro y barrios\",\"datePublished\":\"2025-06-11T19:23:48+00:00\",\"mainEntityOfPage\":{\"@id\":\"https:\/\/radioinfinitagoya.com.ar\/v1\/2025\/06\/11\/corrientes-se-instalaron-cerca-de-400-garitas-en-el-centro-y-barrios\/\"},\"wordCount\":271,\"publisher\":{\"@id\":\"https:\/\/radioinfinitagoya.com.ar\/v1\/#organization\"},\"image\":{\"@id\":\"https:\/\/radioinfinitagoya.com.ar\/v1\/2025\/06\/11\/corrientes-se-instalaron-cerca-de-400-garitas-en-el-centro-y-barrios\/#primaryimage\"},\"thumbnailUrl\":\"https:\/\/radioinfinitagoya.com.ar\/v1\/wp-content\/uploads\/2025\/06\/1749589422632.jpg\",\"articleSection\":[\"PROVINCIALES\"],\"inLanguage\":\"es-AR\"},{\"@type\":\"WebPage\",\"@id\":\"https:\/\/radioinfinitagoya.com.ar\/v1\/2025\/06\/11\/corrientes-se-instalaron-cerca-de-400-garitas-en-el-centro-y-barrios\/\",\"url\":\"https:\/\/radioinfinitagoya.com.ar\/v1\/2025\/06\/11\/corrientes-se-instalaron-cerca-de-400-garitas-en-el-centro-y-barrios\/\",\"name\":\"Corrientes: se instalaron cerca de 400 garitas en el centro y barrios - Radio Infinita Goya\",\"isPartOf\":{\"@id\":\"https:\/\/radioinfinitagoya.com.ar\/v1\/#website\"},\"primaryImageOfPage\":{\"@id\":\"https:\/\/radioinfinitagoya.com.ar\/v1\/2025\/06\/11\/corrientes-se-instalaron-cerca-de-400-garitas-en-el-centro-y-barrios\/#primaryimage\"},\"image\":{\"@id\":\"https:\/\/radioinfinitagoya.com.ar\/v1\/2025\/06\/11\/corrientes-se-instalaron-cerca-de-400-garitas-en-el-centro-y-barrios\/#primaryimage\"},\"thumbnailUrl\":\"https:\/\/radioinfinitagoya.com.ar\/v1\/wp-content\/uploads\/2025\/06\/1749589422632.jpg\",\"datePublished\":\"2025-06-11T19:23:48+00:00\",\"description\":\"Las paradas se instalan en las avenidas y principales calles por donde circulan los colectivos urbanos. A lo largo de la ciudad se instalan nuevos\",\"breadcrumb\":{\"@id\":\"https:\/\/radioinfinitagoya.com.ar\/v1\/2025\/06\/11\/corrientes-se-instalaron-cerca-de-400-garitas-en-el-centro-y-barrios\/#breadcrumb\"},\"inLanguage\":\"es-AR\",\"potentialAction\":[{\"@type\":\"ReadAction\",\"target\":[\"https:\/\/radioinfinitagoya.com.ar\/v1\/2025\/06\/11\/corrientes-se-instalaron-cerca-de-400-garitas-en-el-centro-y-barrios\/\"]}]},{\"@type\":\"ImageObject\",\"inLanguage\":\"es-AR\",\"@id\":\"https:\/\/radioinfinitagoya.com.ar\/v1\/2025\/06\/11\/corrientes-se-instalaron-cerca-de-400-garitas-en-el-centro-y-barrios\/#primaryimage\",\"url\":\"https:\/\/radioinfinitagoya.com.ar\/v1\/wp-content\/uploads\/2025\/06\/1749589422632.jpg\",\"contentUrl\":\"https:\/\/radioinfinitagoya.com.ar\/v1\/wp-content\/uploads\/2025\/06\/1749589422632.jpg\",\"width\":807,\"height\":538},{\"@type\":\"BreadcrumbList\",\"@id\":\"https:\/\/radioinfinitagoya.com.ar\/v1\/2025\/06\/11\/corrientes-se-instalaron-cerca-de-400-garitas-en-el-centro-y-barrios\/#breadcrumb\",\"itemListElement\":[{\"@type\":\"ListItem\",\"position\":1,\"name\":\"Inicio\",\"item\":\"https:\/\/radioinfinitagoya.com.ar\/v1\/\"},{\"@type\":\"ListItem\",\"position\":2,\"name\":\"Corrientes: se instalaron cerca de 400 garitas en el centro y barrios\"}]},{\"@type\":\"WebSite\",\"@id\":\"https:\/\/radioinfinitagoya.com.ar\/v1\/#website\",\"url\":\"https:\/\/radioinfinitagoya.com.ar\/v1\/\",\"name\":\"radioinfinitagoya.com.ar\",\"description\":\"Radio de noticias\",\"publisher\":{\"@id\":\"https:\/\/radioinfinitagoya.com.ar\/v1\/#organization\"},\"potentialAction\":[{\"@type\":\"SearchAction\",\"target\":{\"@type\":\"EntryPoint\",\"urlTemplate\":\"https:\/\/radioinfinitagoya.com.ar\/v1\/?s={search_term_string}\"},\"query-input\":{\"@type\":\"PropertyValueSpecification\",\"valueRequired\":true,\"valueName\":\"search_term_string\"}}],\"inLanguage\":\"es-AR\"},{\"@type\":\"Organization\",\"@id\":\"https:\/\/radioinfinitagoya.com.ar\/v1\/#organization\",\"name\":\"Radio Infinita Goya\",\"url\":\"https:\/\/radioinfinitagoya.com.ar\/v1\/\",\"logo\":{\"@type\":\"ImageObject\",\"inLanguage\":\"es-AR\",\"@id\":\"https:\/\/radioinfinitagoya.com.ar\/v1\/#\/schema\/logo\/image\/\",\"url\":\"https:\/\/radioinfinitagoya.com.ar\/v1\/wp-content\/uploads\/2019\/11\/logo-pie-web.png\",\"contentUrl\":\"https:\/\/radioinfinitagoya.com.ar\/v1\/wp-content\/uploads\/2019\/11\/logo-pie-web.png\",\"width\":635,\"height\":326,\"caption\":\"Radio Infinita Goya\"},\"image\":{\"@id\":\"https:\/\/radioinfinitagoya.com.ar\/v1\/#\/schema\/logo\/image\/\"},\"sameAs\":[\"https:\/\/www.facebook.com\/p\/Infinita-Goya-100063870918311\/\"]},{\"@type\":\"Person\",\"@id\":\"https:\/\/radioinfinitagoya.com.ar\/v1\/#\/schema\/person\/d4cf9c413d4f6edb24aabdccab49ca4a\",\"name\":\"Jorge Mi\u00f1o\",\"image\":{\"@type\":\"ImageObject\",\"inLanguage\":\"es-AR\",\"@id\":\"https:\/\/secure.gravatar.com\/avatar\/910fcf6728fe95320e07a6643c1581fec1c7fc4bf8ae12e3d8f0d0373dc844be?s=96&d=mm&r=g\",\"url\":\"https:\/\/secure.gravatar.com\/avatar\/910fcf6728fe95320e07a6643c1581fec1c7fc4bf8ae12e3d8f0d0373dc844be?s=96&d=mm&r=g\",\"contentUrl\":\"https:\/\/secure.gravatar.com\/avatar\/910fcf6728fe95320e07a6643c1581fec1c7fc4bf8ae12e3d8f0d0373dc844be?s=96&d=mm&r=g\",\"caption\":\"Jorge Mi\u00f1o\"},\"sameAs\":[\"http:\/\/radioinfinitagoya.com.ar\"]}]}<\/script>\n<!-- \/ Yoast SEO plugin. -->","yoast_head_json":{"title":"Corrientes: se instalaron cerca de 400 garitas en el centro y barrios - Radio Infinita Goya","description":"Las paradas se instalan en las avenidas y principales calles por donde circulan los colectivos urbanos. A lo largo de la ciudad se instalan nuevos","robots":{"index":"index","follow":"follow","max-snippet":"max-snippet:-1","max-image-preview":"max-image-preview:large","max-video-preview":"max-video-preview:-1"},"canonical":"https:\/\/radioinfinitagoya.com.ar\/v1\/2025\/06\/11\/corrientes-se-instalaron-cerca-de-400-garitas-en-el-centro-y-barrios\/","og_locale":"es_ES","og_type":"article","og_title":"Corrientes: se instalaron cerca de 400 garitas en el centro y barrios - Radio Infinita Goya","og_description":"Las paradas se instalan en las avenidas y principales calles por donde circulan los colectivos urbanos. A lo largo de la ciudad se instalan nuevos","og_url":"https:\/\/radioinfinitagoya.com.ar\/v1\/2025\/06\/11\/corrientes-se-instalaron-cerca-de-400-garitas-en-el-centro-y-barrios\/","og_site_name":"Radio Infinita Goya","article_publisher":"https:\/\/www.facebook.com\/p\/Infinita-Goya-100063870918311\/","article_published_time":"2025-06-11T19:23:48+00:00","og_image":[{"width":807,"height":538,"url":"https:\/\/radioinfinitagoya.com.ar\/v1\/wp-content\/uploads\/2025\/06\/1749589422632.jpg","type":"image\/jpeg"}],"author":"Jorge Mi\u00f1o","twitter_card":"summary_large_image","twitter_misc":{"Escrito por":"Jorge Mi\u00f1o","Tiempo de lectura":"2 minutos"},"schema":{"@context":"https:\/\/schema.org","@graph":[{"@type":"Article","@id":"https:\/\/radioinfinitagoya.com.ar\/v1\/2025\/06\/11\/corrientes-se-instalaron-cerca-de-400-garitas-en-el-centro-y-barrios\/#article","isPartOf":{"@id":"https:\/\/radioinfinitagoya.com.ar\/v1\/2025\/06\/11\/corrientes-se-instalaron-cerca-de-400-garitas-en-el-centro-y-barrios\/"},"author":{"name":"Jorge Mi\u00f1o","@id":"https:\/\/radioinfinitagoya.com.ar\/v1\/#\/schema\/person\/d4cf9c413d4f6edb24aabdccab49ca4a"},"headline":"Corrientes: se instalaron cerca de 400 garitas en el centro y barrios","datePublished":"2025-06-11T19:23:48+00:00","mainEntityOfPage":{"@id":"https:\/\/radioinfinitagoya.com.ar\/v1\/2025\/06\/11\/corrientes-se-instalaron-cerca-de-400-garitas-en-el-centro-y-barrios\/"},"wordCount":271,"publisher":{"@id":"https:\/\/radioinfinitagoya.com.ar\/v1\/#organization"},"image":{"@id":"https:\/\/radioinfinitagoya.com.ar\/v1\/2025\/06\/11\/corrientes-se-instalaron-cerca-de-400-garitas-en-el-centro-y-barrios\/#primaryimage"},"thumbnailUrl":"https:\/\/radioinfinitagoya.com.ar\/v1\/wp-content\/uploads\/2025\/06\/1749589422632.jpg","articleSection":["PROVINCIALES"],"inLanguage":"es-AR"},{"@type":"WebPage","@id":"https:\/\/radioinfinitagoya.com.ar\/v1\/2025\/06\/11\/corrientes-se-instalaron-cerca-de-400-garitas-en-el-centro-y-barrios\/","url":"https:\/\/radioinfinitagoya.com.ar\/v1\/2025\/06\/11\/corrientes-se-instalaron-cerca-de-400-garitas-en-el-centro-y-barrios\/","name":"Corrientes: se instalaron cerca de 400 garitas en el centro y barrios - Radio Infinita Goya","isPartOf":{"@id":"https:\/\/radioinfinitagoya.com.ar\/v1\/#website"},"primaryImageOfPage":{"@id":"https:\/\/radioinfinitagoya.com.ar\/v1\/2025\/06\/11\/corrientes-se-instalaron-cerca-de-400-garitas-en-el-centro-y-barrios\/#primaryimage"},"image":{"@id":"https:\/\/radioinfinitagoya.com.ar\/v1\/2025\/06\/11\/corrientes-se-instalaron-cerca-de-400-garitas-en-el-centro-y-barrios\/#primaryimage"},"thumbnailUrl":"https:\/\/radioinfinitagoya.com.ar\/v1\/wp-content\/uploads\/2025\/06\/1749589422632.jpg","datePublished":"2025-06-11T19:23:48+00:00","description":"Las paradas se instalan en las avenidas y principales calles por donde circulan los colectivos urbanos. A lo largo de la ciudad se instalan nuevos","breadcrumb":{"@id":"https:\/\/radioinfinitagoya.com.ar\/v1\/2025\/06\/11\/corrientes-se-instalaron-cerca-de-400-garitas-en-el-centro-y-barrios\/#breadcrumb"},"inLanguage":"es-AR","potentialAction":[{"@type":"ReadAction","target":["https:\/\/radioinfinitagoya.com.ar\/v1\/2025\/06\/11\/corrientes-se-instalaron-cerca-de-400-garitas-en-el-centro-y-barrios\/"]}]},{"@type":"ImageObject","inLanguage":"es-AR","@id":"https:\/\/radioinfinitagoya.com.ar\/v1\/2025\/06\/11\/corrientes-se-instalaron-cerca-de-400-garitas-en-el-centro-y-barrios\/#primaryimage","url":"https:\/\/radioinfinitagoya.com.ar\/v1\/wp-content\/uploads\/2025\/06\/1749589422632.jpg","contentUrl":"https:\/\/radioinfinitagoya.com.ar\/v1\/wp-content\/uploads\/2025\/06\/1749589422632.jpg","width":807,"height":538},{"@type":"BreadcrumbList","@id":"https:\/\/radioinfinitagoya.com.ar\/v1\/2025\/06\/11\/corrientes-se-instalaron-cerca-de-400-garitas-en-el-centro-y-barrios\/#breadcrumb","itemListElement":[{"@type":"ListItem","position":1,"name":"Inicio","item":"https:\/\/radioinfinitagoya.com.ar\/v1\/"},{"@type":"ListItem","position":2,"name":"Corrientes: se instalaron cerca de 400 garitas en el centro y barrios"}]},{"@type":"WebSite","@id":"https:\/\/radioinfinitagoya.com.ar\/v1\/#website","url":"https:\/\/radioinfinitagoya.com.ar\/v1\/","name":"radioinfinitagoya.com.ar","description":"Radio de noticias","publisher":{"@id":"https:\/\/radioinfinitagoya.com.ar\/v1\/#organization"},"potentialAction":[{"@type":"SearchAction","target":{"@type":"EntryPoint","urlTemplate":"https:\/\/radioinfinitagoya.com.ar\/v1\/?s={search_term_string}"},"query-input":{"@type":"PropertyValueSpecification","valueRequired":true,"valueName":"search_term_string"}}],"inLanguage":"es-AR"},{"@type":"Organization","@id":"https:\/\/radioinfinitagoya.com.ar\/v1\/#organization","name":"Radio Infinita Goya","url":"https:\/\/radioinfinitagoya.com.ar\/v1\/","logo":{"@type":"ImageObject","inLanguage":"es-AR","@id":"https:\/\/radioinfinitagoya.com.ar\/v1\/#\/schema\/logo\/image\/","url":"https:\/\/radioinfinitagoya.com.ar\/v1\/wp-content\/uploads\/2019\/11\/logo-pie-web.png","contentUrl":"https:\/\/radioinfinitagoya.com.ar\/v1\/wp-content\/uploads\/2019\/11\/logo-pie-web.png","width":635,"height":326,"caption":"Radio Infinita Goya"},"image":{"@id":"https:\/\/radioinfinitagoya.com.ar\/v1\/#\/schema\/logo\/image\/"},"sameAs":["https:\/\/www.facebook.com\/p\/Infinita-Goya-100063870918311\/"]},{"@type":"Person","@id":"https:\/\/radioinfinitagoya.com.ar\/v1\/#\/schema\/person\/d4cf9c413d4f6edb24aabdccab49ca4a","name":"Jorge Mi\u00f1o","image":{"@type":"ImageObject","inLanguage":"es-AR","@id":"https:\/\/secure.gravatar.com\/avatar\/910fcf6728fe95320e07a6643c1581fec1c7fc4bf8ae12e3d8f0d0373dc844be?s=96&d=mm&r=g","url":"https:\/\/secure.gravatar.com\/avatar\/910fcf6728fe95320e07a6643c1581fec1c7fc4bf8ae12e3d8f0d0373dc844be?s=96&d=mm&r=g","contentUrl":"https:\/\/secure.gravatar.com\/avatar\/910fcf6728fe95320e07a6643c1581fec1c7fc4bf8ae12e3d8f0d0373dc844be?s=96&d=mm&r=g","caption":"Jorge Mi\u00f1o"},"sameAs":["http:\/\/radioinfinitagoya.com.ar"]}]}},"_links":{"self":[{"href":"https:\/\/radioinfinitagoya.com.ar\/v1\/wp-json\/wp\/v2\/posts\/191311","targetHints":{"allow":["GET"]}}],"collection":[{"href":"https:\/\/radioinfinitagoya.com.ar\/v1\/wp-json\/wp\/v2\/posts"}],"about":[{"href":"https:\/\/radioinfinitagoya.com.ar\/v1\/wp-json\/wp\/v2\/types\/post"}],"author":[{"embeddable":true,"href":"https:\/\/radioinfinitagoya.com.ar\/v1\/wp-json\/wp\/v2\/users\/4"}],"replies":[{"embeddable":true,"href":"https:\/\/radioinfinitagoya.com.ar\/v1\/wp-json\/wp\/v2\/comments?post=191311"}],"version-history":[{"count":0,"href":"https:\/\/radioinfinitagoya.com.ar\/v1\/wp-json\/wp\/v2\/posts\/191311\/revisions"}],"wp:featuredmedia":[{"embeddable":true,"href":"https:\/\/radioinfinitagoya.com.ar\/v1\/wp-json\/wp\/v2\/media\/191314"}],"wp:attachment":[{"href":"https:\/\/radioinfinitagoya.com.ar\/v1\/wp-json\/wp\/v2\/media?parent=191311"}],"wp:term":[{"taxonomy":"category","embeddable":true,"href":"https:\/\/radioinfinitagoya.com.ar\/v1\/wp-json\/wp\/v2\/categories?post=191311"},{"taxonomy":"post_tag","embeddable":true,"href":"https:\/\/radioinfinitagoya.com.ar\/v1\/wp-json\/wp\/v2\/tags?post=191311"}],"curies":[{"name":"wp","href":"https:\/\/api.w.org\/{rel}","templated":true}]}}