{"id":191316,"date":"2025-06-11T16:29:05","date_gmt":"2025-06-11T19:29:05","guid":{"rendered":"https:\/\/radioinfinitagoya.com.ar\/v1\/?p=191316"},"modified":"2025-06-11T16:29:05","modified_gmt":"2025-06-11T19:29:05","slug":"cuando-volvera-a-jugar-la-seleccion-argentina","status":"publish","type":"post","link":"https:\/\/radioinfinitagoya.com.ar\/v1\/2025\/06\/11\/cuando-volvera-a-jugar-la-seleccion-argentina\/","title":{"rendered":"Cu\u00e1ndo volver\u00e1 a jugar la Selecci\u00f3n Argentina"},"content":{"rendered":"<p>Con la clasificaci\u00f3n asegurada, los pr\u00f3ximos encuentros de la Albiceleste est\u00e1n programados para septiembre.<\/p>\n<p>Luego del enfrentamiento ante Colombia en el estadio Monumental, la selecci\u00f3n Argentina ya tiene definido parte de su calendario de compromisos para lo que resta de 2025, que incluye tanto partidos de las Eliminatorias Sudamericanas rumbo al Mundial 2026 como una serie de amistosos internacionales.<\/p>\n<p>En cuanto a los partidos oficiales, la Albiceleste volver\u00e1 a tener acci\u00f3n el pr\u00f3ximo 9 de septiembre, cuando sea la anfitriona del duelo con Venezuela. Con la clasificaci\u00f3n ya consumada hace tiempo y con la certeza de que nadie podr\u00e1 quitarle el primer puesto de las Eliminatorias, Argentina cerrar\u00e1 su participaci\u00f3n cuando tenga que viajar a Ecuador para enfrentar a la Tri en Guayaquil, cinco d\u00edas despu\u00e9s del cotejo con la Vinotinto.<\/p>\n<p>Luego de la doble fecha, aunque no hay confirmaci\u00f3n oficial por parte de la AFA, existen indicios que el combinado nacional tenga un viaje a Asia para jugar dos amistosos a mediados de octubre; el primero de ellos ser\u00eda con la selecci\u00f3n de China. El segundo enfrentamiento, inicialmente planeado contra la Uruguay de Marcelo Bielsa, fue descartado, y ahora se eval\u00faan otras opciones como Jap\u00f3n, Corea del Sur o Rusia. Este tipo de encuentros representan una oportunidad para probar nuevos jugadores y ajustar estrategias.<\/p>\n<p>La relaci\u00f3n entre la AFA y el mercado chino ha crecido significativamente en los \u00faltimos a\u00f1os. En junio de 2023, La Scaloneta ya realiz\u00f3 una gira por Asia, donde venci\u00f3 2-0 a Australia en un partido disputado en Beijing. Aunque se hab\u00eda considerado repetir esta experiencia a principios de 2024, finalmente se opt\u00f3 por jugar dos partidos en Estados Unidos, pa\u00eds que ser\u00e1 sede de la pr\u00f3xima Copa Am\u00e9rica. Adem\u00e1s, la entidad logr\u00f3 penetrar fuertemente a partir de sus redes sociales.<\/p>\n<p>En noviembre la Selecci\u00f3n ya tiene un rival confirmado: Angola. El elenco comandado por Lionel Scaloni deber\u00e1 viajar a Africa para enfrentar al combinado angole\u00f1o, con motivo del aniversario del pa\u00eds. Aunque no hay d\u00eda ni horario confirmados para ese encuentro, se prev\u00e9 que ser\u00e1 en el estadio Nacional de Chiazi.<\/p>\n<p>En ese mes volver\u00eda al lugar donde supo alcanzar la gloria en el Mundial 2022. Argentina viajar\u00eda a Qatar para enfrentar a la selecci\u00f3n local, en el estadio Lusail, sede en la cual se consagr\u00f3 campeona del mundo en la recordada final contra Francia, aunque no hay confirmaci\u00f3n oficial. Diversas versiones indican que el rival tambi\u00e9n podr\u00eda ser Estados Unidos, que busca prepararse para la pr\u00f3xima cita ecum\u00e9nica, que lo tendr\u00e1 como anfitri\u00f3n junto a M\u00e9xico y Canad\u00e1.<\/p>\n<p>Con estas nuevas giras, la Selecci\u00f3n Argentina contin\u00faa consolidando su preparaci\u00f3n para los torneos venideros, mientras aprovecha la oportunidad de expandir su influencia global tanto en el \u00e1mbito deportivo como en el comercial.<\/p>\n<p>Vale recordar que Argentina tiene pendiente la disputa de la Finalissima ante Espa\u00f1a, campeones vigentes de la Copa Am\u00e9rica y la Eurocopa 2024, respectivamente. La disputa de esa copa entre ambos seleccionados se proyecta para marzo de 2026, en lo que ser\u00eda la antesala del Mundial que comenzar\u00e1 en junio de ese a\u00f1o.<\/p>\n<p>La posibilidad de que la pr\u00f3xima Finalissima se dispute en Estados Unidos ha cobrado fuerza en las \u00faltimas semanas, ya que la Conmebol impulsa esta sede debido a la proximidad de la m\u00e1xima cita del f\u00fatbol.<\/p>\n<p>&nbsp;<\/p>\n","protected":false},"excerpt":{"rendered":"<p>Con la clasificaci\u00f3n asegurada, los pr\u00f3ximos encuentros de la Albiceleste est\u00e1n programados para septiembre. Luego del enfrentamiento ante Colombia en el estadio Monumental, la selecci\u00f3n Argentina ya tiene definido parte de su calendario de compromisos para lo que resta de 2025, que incluye tanto partidos de las Eliminatorias Sudamericanas rumbo al Mundial 2026 como una [&hellip;]<\/p>\n","protected":false},"author":4,"featured_media":191317,"comment_status":"closed","ping_status":"closed","sticky":false,"template":"","format":"standard","meta":{"_joinchat":[],"footnotes":""},"categories":[28],"tags":[],"class_list":{"0":"post-191316","1":"post","2":"type-post","3":"status-publish","4":"format-standard","5":"has-post-thumbnail","7":"category-deportes"},"yoast_head":"<!-- This site is optimized with the Yoast SEO plugin v27.2 - https:\/\/yoast.com\/product\/yoast-seo-wordpress\/ -->\n<title>Cu\u00e1ndo volver\u00e1 a jugar la Selecci\u00f3n Argentina - Radio Infinita Goya<\/title>\n<meta name=\"description\" content=\"Con la clasificaci\u00f3n asegurada, los pr\u00f3ximos encuentros de la Albiceleste est\u00e1n programados para septiembre. Luego del enfrentamiento ante Colombia en el\" \/>\n<meta name=\"robots\" content=\"index, follow, max-snippet:-1, max-image-preview:large, max-video-preview:-1\" \/>\n<link rel=\"canonical\" href=\"https:\/\/radioinfinitagoya.com.ar\/v1\/2025\/06\/11\/cuando-volvera-a-jugar-la-seleccion-argentina\/\" \/>\n<meta property=\"og:locale\" content=\"es_ES\" \/>\n<meta property=\"og:type\" content=\"article\" \/>\n<meta property=\"og:title\" content=\"Cu\u00e1ndo volver\u00e1 a jugar la Selecci\u00f3n Argentina - Radio Infinita Goya\" \/>\n<meta property=\"og:description\" content=\"Con la clasificaci\u00f3n asegurada, los pr\u00f3ximos encuentros de la Albiceleste est\u00e1n programados para septiembre. Luego del enfrentamiento ante Colombia en el\" \/>\n<meta property=\"og:url\" content=\"https:\/\/radioinfinitagoya.com.ar\/v1\/2025\/06\/11\/cuando-volvera-a-jugar-la-seleccion-argentina\/\" \/>\n<meta property=\"og:site_name\" content=\"Radio Infinita Goya\" \/>\n<meta property=\"article:publisher\" content=\"https:\/\/www.facebook.com\/p\/Infinita-Goya-100063870918311\/\" \/>\n<meta property=\"article:published_time\" content=\"2025-06-11T19:29:05+00:00\" \/>\n<meta property=\"og:image\" content=\"https:\/\/radioinfinitagoya.com.ar\/v1\/wp-content\/uploads\/2025\/06\/1749642207714.webp\" \/>\n\t<meta property=\"og:image:width\" content=\"1200\" \/>\n\t<meta property=\"og:image:height\" content=\"675\" \/>\n\t<meta property=\"og:image:type\" content=\"image\/webp\" \/>\n<meta name=\"author\" content=\"Jorge Mi\u00f1o\" \/>\n<meta name=\"twitter:card\" content=\"summary_large_image\" \/>\n<meta name=\"twitter:label1\" content=\"Escrito por\" \/>\n\t<meta name=\"twitter:data1\" content=\"Jorge Mi\u00f1o\" \/>\n\t<meta name=\"twitter:label2\" content=\"Tiempo de lectura\" \/>\n\t<meta name=\"twitter:data2\" content=\"3 minutos\" \/>\n<script type=\"application\/ld+json\" class=\"yoast-schema-graph\">{\"@context\":\"https:\/\/schema.org\",\"@graph\":[{\"@type\":\"Article\",\"@id\":\"https:\/\/radioinfinitagoya.com.ar\/v1\/2025\/06\/11\/cuando-volvera-a-jugar-la-seleccion-argentina\/#article\",\"isPartOf\":{\"@id\":\"https:\/\/radioinfinitagoya.com.ar\/v1\/2025\/06\/11\/cuando-volvera-a-jugar-la-seleccion-argentina\/\"},\"author\":{\"name\":\"Jorge Mi\u00f1o\",\"@id\":\"https:\/\/radioinfinitagoya.com.ar\/v1\/#\/schema\/person\/d4cf9c413d4f6edb24aabdccab49ca4a\"},\"headline\":\"Cu\u00e1ndo volver\u00e1 a jugar la Selecci\u00f3n Argentina\",\"datePublished\":\"2025-06-11T19:29:05+00:00\",\"mainEntityOfPage\":{\"@id\":\"https:\/\/radioinfinitagoya.com.ar\/v1\/2025\/06\/11\/cuando-volvera-a-jugar-la-seleccion-argentina\/\"},\"wordCount\":595,\"publisher\":{\"@id\":\"https:\/\/radioinfinitagoya.com.ar\/v1\/#organization\"},\"image\":{\"@id\":\"https:\/\/radioinfinitagoya.com.ar\/v1\/2025\/06\/11\/cuando-volvera-a-jugar-la-seleccion-argentina\/#primaryimage\"},\"thumbnailUrl\":\"https:\/\/radioinfinitagoya.com.ar\/v1\/wp-content\/uploads\/2025\/06\/1749642207714.webp\",\"articleSection\":[\"DEPORTES\"],\"inLanguage\":\"es-AR\"},{\"@type\":\"WebPage\",\"@id\":\"https:\/\/radioinfinitagoya.com.ar\/v1\/2025\/06\/11\/cuando-volvera-a-jugar-la-seleccion-argentina\/\",\"url\":\"https:\/\/radioinfinitagoya.com.ar\/v1\/2025\/06\/11\/cuando-volvera-a-jugar-la-seleccion-argentina\/\",\"name\":\"Cu\u00e1ndo volver\u00e1 a jugar la Selecci\u00f3n Argentina - Radio Infinita Goya\",\"isPartOf\":{\"@id\":\"https:\/\/radioinfinitagoya.com.ar\/v1\/#website\"},\"primaryImageOfPage\":{\"@id\":\"https:\/\/radioinfinitagoya.com.ar\/v1\/2025\/06\/11\/cuando-volvera-a-jugar-la-seleccion-argentina\/#primaryimage\"},\"image\":{\"@id\":\"https:\/\/radioinfinitagoya.com.ar\/v1\/2025\/06\/11\/cuando-volvera-a-jugar-la-seleccion-argentina\/#primaryimage\"},\"thumbnailUrl\":\"https:\/\/radioinfinitagoya.com.ar\/v1\/wp-content\/uploads\/2025\/06\/1749642207714.webp\",\"datePublished\":\"2025-06-11T19:29:05+00:00\",\"description\":\"Con la clasificaci\u00f3n asegurada, los pr\u00f3ximos encuentros de la Albiceleste est\u00e1n programados para septiembre. Luego del enfrentamiento ante Colombia en el\",\"breadcrumb\":{\"@id\":\"https:\/\/radioinfinitagoya.com.ar\/v1\/2025\/06\/11\/cuando-volvera-a-jugar-la-seleccion-argentina\/#breadcrumb\"},\"inLanguage\":\"es-AR\",\"potentialAction\":[{\"@type\":\"ReadAction\",\"target\":[\"https:\/\/radioinfinitagoya.com.ar\/v1\/2025\/06\/11\/cuando-volvera-a-jugar-la-seleccion-argentina\/\"]}]},{\"@type\":\"ImageObject\",\"inLanguage\":\"es-AR\",\"@id\":\"https:\/\/radioinfinitagoya.com.ar\/v1\/2025\/06\/11\/cuando-volvera-a-jugar-la-seleccion-argentina\/#primaryimage\",\"url\":\"https:\/\/radioinfinitagoya.com.ar\/v1\/wp-content\/uploads\/2025\/06\/1749642207714.webp\",\"contentUrl\":\"https:\/\/radioinfinitagoya.com.ar\/v1\/wp-content\/uploads\/2025\/06\/1749642207714.webp\",\"width\":1200,\"height\":675},{\"@type\":\"BreadcrumbList\",\"@id\":\"https:\/\/radioinfinitagoya.com.ar\/v1\/2025\/06\/11\/cuando-volvera-a-jugar-la-seleccion-argentina\/#breadcrumb\",\"itemListElement\":[{\"@type\":\"ListItem\",\"position\":1,\"name\":\"Inicio\",\"item\":\"https:\/\/radioinfinitagoya.com.ar\/v1\/\"},{\"@type\":\"ListItem\",\"position\":2,\"name\":\"Cu\u00e1ndo volver\u00e1 a jugar la Selecci\u00f3n Argentina\"}]},{\"@type\":\"WebSite\",\"@id\":\"https:\/\/radioinfinitagoya.com.ar\/v1\/#website\",\"url\":\"https:\/\/radioinfinitagoya.com.ar\/v1\/\",\"name\":\"radioinfinitagoya.com.ar\",\"description\":\"Radio de noticias\",\"publisher\":{\"@id\":\"https:\/\/radioinfinitagoya.com.ar\/v1\/#organization\"},\"potentialAction\":[{\"@type\":\"SearchAction\",\"target\":{\"@type\":\"EntryPoint\",\"urlTemplate\":\"https:\/\/radioinfinitagoya.com.ar\/v1\/?s={search_term_string}\"},\"query-input\":{\"@type\":\"PropertyValueSpecification\",\"valueRequired\":true,\"valueName\":\"search_term_string\"}}],\"inLanguage\":\"es-AR\"},{\"@type\":\"Organization\",\"@id\":\"https:\/\/radioinfinitagoya.com.ar\/v1\/#organization\",\"name\":\"Radio Infinita Goya\",\"url\":\"https:\/\/radioinfinitagoya.com.ar\/v1\/\",\"logo\":{\"@type\":\"ImageObject\",\"inLanguage\":\"es-AR\",\"@id\":\"https:\/\/radioinfinitagoya.com.ar\/v1\/#\/schema\/logo\/image\/\",\"url\":\"https:\/\/radioinfinitagoya.com.ar\/v1\/wp-content\/uploads\/2019\/11\/logo-pie-web.png\",\"contentUrl\":\"https:\/\/radioinfinitagoya.com.ar\/v1\/wp-content\/uploads\/2019\/11\/logo-pie-web.png\",\"width\":635,\"height\":326,\"caption\":\"Radio Infinita Goya\"},\"image\":{\"@id\":\"https:\/\/radioinfinitagoya.com.ar\/v1\/#\/schema\/logo\/image\/\"},\"sameAs\":[\"https:\/\/www.facebook.com\/p\/Infinita-Goya-100063870918311\/\"]},{\"@type\":\"Person\",\"@id\":\"https:\/\/radioinfinitagoya.com.ar\/v1\/#\/schema\/person\/d4cf9c413d4f6edb24aabdccab49ca4a\",\"name\":\"Jorge Mi\u00f1o\",\"image\":{\"@type\":\"ImageObject\",\"inLanguage\":\"es-AR\",\"@id\":\"https:\/\/secure.gravatar.com\/avatar\/910fcf6728fe95320e07a6643c1581fec1c7fc4bf8ae12e3d8f0d0373dc844be?s=96&d=mm&r=g\",\"url\":\"https:\/\/secure.gravatar.com\/avatar\/910fcf6728fe95320e07a6643c1581fec1c7fc4bf8ae12e3d8f0d0373dc844be?s=96&d=mm&r=g\",\"contentUrl\":\"https:\/\/secure.gravatar.com\/avatar\/910fcf6728fe95320e07a6643c1581fec1c7fc4bf8ae12e3d8f0d0373dc844be?s=96&d=mm&r=g\",\"caption\":\"Jorge Mi\u00f1o\"},\"sameAs\":[\"http:\/\/radioinfinitagoya.com.ar\"]}]}<\/script>\n<!-- \/ Yoast SEO plugin. -->","yoast_head_json":{"title":"Cu\u00e1ndo volver\u00e1 a jugar la Selecci\u00f3n Argentina - Radio Infinita Goya","description":"Con la clasificaci\u00f3n asegurada, los pr\u00f3ximos encuentros de la Albiceleste est\u00e1n programados para septiembre. Luego del enfrentamiento ante Colombia en el","robots":{"index":"index","follow":"follow","max-snippet":"max-snippet:-1","max-image-preview":"max-image-preview:large","max-video-preview":"max-video-preview:-1"},"canonical":"https:\/\/radioinfinitagoya.com.ar\/v1\/2025\/06\/11\/cuando-volvera-a-jugar-la-seleccion-argentina\/","og_locale":"es_ES","og_type":"article","og_title":"Cu\u00e1ndo volver\u00e1 a jugar la Selecci\u00f3n Argentina - Radio Infinita Goya","og_description":"Con la clasificaci\u00f3n asegurada, los pr\u00f3ximos encuentros de la Albiceleste est\u00e1n programados para septiembre. Luego del enfrentamiento ante Colombia en el","og_url":"https:\/\/radioinfinitagoya.com.ar\/v1\/2025\/06\/11\/cuando-volvera-a-jugar-la-seleccion-argentina\/","og_site_name":"Radio Infinita Goya","article_publisher":"https:\/\/www.facebook.com\/p\/Infinita-Goya-100063870918311\/","article_published_time":"2025-06-11T19:29:05+00:00","og_image":[{"width":1200,"height":675,"url":"https:\/\/radioinfinitagoya.com.ar\/v1\/wp-content\/uploads\/2025\/06\/1749642207714.webp","type":"image\/webp"}],"author":"Jorge Mi\u00f1o","twitter_card":"summary_large_image","twitter_misc":{"Escrito por":"Jorge Mi\u00f1o","Tiempo de lectura":"3 minutos"},"schema":{"@context":"https:\/\/schema.org","@graph":[{"@type":"Article","@id":"https:\/\/radioinfinitagoya.com.ar\/v1\/2025\/06\/11\/cuando-volvera-a-jugar-la-seleccion-argentina\/#article","isPartOf":{"@id":"https:\/\/radioinfinitagoya.com.ar\/v1\/2025\/06\/11\/cuando-volvera-a-jugar-la-seleccion-argentina\/"},"author":{"name":"Jorge Mi\u00f1o","@id":"https:\/\/radioinfinitagoya.com.ar\/v1\/#\/schema\/person\/d4cf9c413d4f6edb24aabdccab49ca4a"},"headline":"Cu\u00e1ndo volver\u00e1 a jugar la Selecci\u00f3n Argentina","datePublished":"2025-06-11T19:29:05+00:00","mainEntityOfPage":{"@id":"https:\/\/radioinfinitagoya.com.ar\/v1\/2025\/06\/11\/cuando-volvera-a-jugar-la-seleccion-argentina\/"},"wordCount":595,"publisher":{"@id":"https:\/\/radioinfinitagoya.com.ar\/v1\/#organization"},"image":{"@id":"https:\/\/radioinfinitagoya.com.ar\/v1\/2025\/06\/11\/cuando-volvera-a-jugar-la-seleccion-argentina\/#primaryimage"},"thumbnailUrl":"https:\/\/radioinfinitagoya.com.ar\/v1\/wp-content\/uploads\/2025\/06\/1749642207714.webp","articleSection":["DEPORTES"],"inLanguage":"es-AR"},{"@type":"WebPage","@id":"https:\/\/radioinfinitagoya.com.ar\/v1\/2025\/06\/11\/cuando-volvera-a-jugar-la-seleccion-argentina\/","url":"https:\/\/radioinfinitagoya.com.ar\/v1\/2025\/06\/11\/cuando-volvera-a-jugar-la-seleccion-argentina\/","name":"Cu\u00e1ndo volver\u00e1 a jugar la Selecci\u00f3n Argentina - Radio Infinita Goya","isPartOf":{"@id":"https:\/\/radioinfinitagoya.com.ar\/v1\/#website"},"primaryImageOfPage":{"@id":"https:\/\/radioinfinitagoya.com.ar\/v1\/2025\/06\/11\/cuando-volvera-a-jugar-la-seleccion-argentina\/#primaryimage"},"image":{"@id":"https:\/\/radioinfinitagoya.com.ar\/v1\/2025\/06\/11\/cuando-volvera-a-jugar-la-seleccion-argentina\/#primaryimage"},"thumbnailUrl":"https:\/\/radioinfinitagoya.com.ar\/v1\/wp-content\/uploads\/2025\/06\/1749642207714.webp","datePublished":"2025-06-11T19:29:05+00:00","description":"Con la clasificaci\u00f3n asegurada, los pr\u00f3ximos encuentros de la Albiceleste est\u00e1n programados para septiembre. Luego del enfrentamiento ante Colombia en el","breadcrumb":{"@id":"https:\/\/radioinfinitagoya.com.ar\/v1\/2025\/06\/11\/cuando-volvera-a-jugar-la-seleccion-argentina\/#breadcrumb"},"inLanguage":"es-AR","potentialAction":[{"@type":"ReadAction","target":["https:\/\/radioinfinitagoya.com.ar\/v1\/2025\/06\/11\/cuando-volvera-a-jugar-la-seleccion-argentina\/"]}]},{"@type":"ImageObject","inLanguage":"es-AR","@id":"https:\/\/radioinfinitagoya.com.ar\/v1\/2025\/06\/11\/cuando-volvera-a-jugar-la-seleccion-argentina\/#primaryimage","url":"https:\/\/radioinfinitagoya.com.ar\/v1\/wp-content\/uploads\/2025\/06\/1749642207714.webp","contentUrl":"https:\/\/radioinfinitagoya.com.ar\/v1\/wp-content\/uploads\/2025\/06\/1749642207714.webp","width":1200,"height":675},{"@type":"BreadcrumbList","@id":"https:\/\/radioinfinitagoya.com.ar\/v1\/2025\/06\/11\/cuando-volvera-a-jugar-la-seleccion-argentina\/#breadcrumb","itemListElement":[{"@type":"ListItem","position":1,"name":"Inicio","item":"https:\/\/radioinfinitagoya.com.ar\/v1\/"},{"@type":"ListItem","position":2,"name":"Cu\u00e1ndo volver\u00e1 a jugar la Selecci\u00f3n Argentina"}]},{"@type":"WebSite","@id":"https:\/\/radioinfinitagoya.com.ar\/v1\/#website","url":"https:\/\/radioinfinitagoya.com.ar\/v1\/","name":"radioinfinitagoya.com.ar","description":"Radio de noticias","publisher":{"@id":"https:\/\/radioinfinitagoya.com.ar\/v1\/#organization"},"potentialAction":[{"@type":"SearchAction","target":{"@type":"EntryPoint","urlTemplate":"https:\/\/radioinfinitagoya.com.ar\/v1\/?s={search_term_string}"},"query-input":{"@type":"PropertyValueSpecification","valueRequired":true,"valueName":"search_term_string"}}],"inLanguage":"es-AR"},{"@type":"Organization","@id":"https:\/\/radioinfinitagoya.com.ar\/v1\/#organization","name":"Radio Infinita Goya","url":"https:\/\/radioinfinitagoya.com.ar\/v1\/","logo":{"@type":"ImageObject","inLanguage":"es-AR","@id":"https:\/\/radioinfinitagoya.com.ar\/v1\/#\/schema\/logo\/image\/","url":"https:\/\/radioinfinitagoya.com.ar\/v1\/wp-content\/uploads\/2019\/11\/logo-pie-web.png","contentUrl":"https:\/\/radioinfinitagoya.com.ar\/v1\/wp-content\/uploads\/2019\/11\/logo-pie-web.png","width":635,"height":326,"caption":"Radio Infinita Goya"},"image":{"@id":"https:\/\/radioinfinitagoya.com.ar\/v1\/#\/schema\/logo\/image\/"},"sameAs":["https:\/\/www.facebook.com\/p\/Infinita-Goya-100063870918311\/"]},{"@type":"Person","@id":"https:\/\/radioinfinitagoya.com.ar\/v1\/#\/schema\/person\/d4cf9c413d4f6edb24aabdccab49ca4a","name":"Jorge Mi\u00f1o","image":{"@type":"ImageObject","inLanguage":"es-AR","@id":"https:\/\/secure.gravatar.com\/avatar\/910fcf6728fe95320e07a6643c1581fec1c7fc4bf8ae12e3d8f0d0373dc844be?s=96&d=mm&r=g","url":"https:\/\/secure.gravatar.com\/avatar\/910fcf6728fe95320e07a6643c1581fec1c7fc4bf8ae12e3d8f0d0373dc844be?s=96&d=mm&r=g","contentUrl":"https:\/\/secure.gravatar.com\/avatar\/910fcf6728fe95320e07a6643c1581fec1c7fc4bf8ae12e3d8f0d0373dc844be?s=96&d=mm&r=g","caption":"Jorge Mi\u00f1o"},"sameAs":["http:\/\/radioinfinitagoya.com.ar"]}]}},"_links":{"self":[{"href":"https:\/\/radioinfinitagoya.com.ar\/v1\/wp-json\/wp\/v2\/posts\/191316","targetHints":{"allow":["GET"]}}],"collection":[{"href":"https:\/\/radioinfinitagoya.com.ar\/v1\/wp-json\/wp\/v2\/posts"}],"about":[{"href":"https:\/\/radioinfinitagoya.com.ar\/v1\/wp-json\/wp\/v2\/types\/post"}],"author":[{"embeddable":true,"href":"https:\/\/radioinfinitagoya.com.ar\/v1\/wp-json\/wp\/v2\/users\/4"}],"replies":[{"embeddable":true,"href":"https:\/\/radioinfinitagoya.com.ar\/v1\/wp-json\/wp\/v2\/comments?post=191316"}],"version-history":[{"count":0,"href":"https:\/\/radioinfinitagoya.com.ar\/v1\/wp-json\/wp\/v2\/posts\/191316\/revisions"}],"wp:featuredmedia":[{"embeddable":true,"href":"https:\/\/radioinfinitagoya.com.ar\/v1\/wp-json\/wp\/v2\/media\/191317"}],"wp:attachment":[{"href":"https:\/\/radioinfinitagoya.com.ar\/v1\/wp-json\/wp\/v2\/media?parent=191316"}],"wp:term":[{"taxonomy":"category","embeddable":true,"href":"https:\/\/radioinfinitagoya.com.ar\/v1\/wp-json\/wp\/v2\/categories?post=191316"},{"taxonomy":"post_tag","embeddable":true,"href":"https:\/\/radioinfinitagoya.com.ar\/v1\/wp-json\/wp\/v2\/tags?post=191316"}],"curies":[{"name":"wp","href":"https:\/\/api.w.org\/{rel}","templated":true}]}}