{"id":191322,"date":"2025-06-11T16:36:48","date_gmt":"2025-06-11T19:36:48","guid":{"rendered":"https:\/\/radioinfinitagoya.com.ar\/v1\/?p=191322"},"modified":"2025-06-11T16:36:48","modified_gmt":"2025-06-11T19:36:48","slug":"regatas-clasifico-a-la-liga-federal-femenina-u-15","status":"publish","type":"post","link":"https:\/\/radioinfinitagoya.com.ar\/v1\/2025\/06\/11\/regatas-clasifico-a-la-liga-federal-femenina-u-15\/","title":{"rendered":"Regatas clasific\u00f3 a la Liga Federal Femenina U-15"},"content":{"rendered":"<p>El fin de semana en la ciudad de Goya se llev\u00f3 a cabo el Hexagonal Final de la Liga Prefederal de Formativas U15 Femenina, en donde el Club de Regatas Corrientes se consagr\u00f3 subcampe\u00f3n del torneo y sac\u00f3 pasaje a la Liga Federal. El plantel regatense logr\u00f3 una destacada actuaci\u00f3n en la ex Liga Provincial de Clubes, donde en todo el torneo perdi\u00f3 apenas un partido, en la final frente a Uni\u00f3n, llegando a ese duelo de manera invicta.<\/p>\n<p>En la final integr\u00f3 la Zona &#8220;A&#8221;, donde el viernes por la noche le gan\u00f3 a Comunicaciones 70-33, y luego a AMAD 53-49, qued\u00e1ndose con el primer lugar de cara a las semifinales. En la siguiente instancia se carg\u00f3 a 1536 Viviendas 59-34, mientras que en el duelo por el t\u00edtulo no pudo con las anfitrionas, que ganaron 61-41. De esta forma, las regatenses lograron una hist\u00f3rica actuaci\u00f3n y consiguieron el lugar para representar a la provincia en la Liga Federal Formativa de la categor\u00eda, la cu\u00e1l comenzar\u00e1 a partir del segundo semestre del a\u00f1o.<\/p>\n<p>El plantel estuvo liderado por la entrenadora Roxana Gauna, acompa\u00f1ada por Ver\u00f3nica Gonz\u00e1lez como asistente. Las jugadoras de esta flamante consagraci\u00f3n fueron: Delfina Gim\u00e9nez, Candelaria Montiel, Uma Aglietti, Valentina Pruyas, Josefina Bravo, Iara L\u00f3pez Aguirre, Renata Sosa, Luz Lorenzo Richiere, Paula Sosa Carreira, Lourdes Costa, Victoria Salazar, Julieta Aguayo P\u00e9rez, Guadalupe G\u00f3mez Gonz\u00e1lez, Abril Rojas y Lara Salazan Fortunato.<\/p>\n","protected":false},"excerpt":{"rendered":"<p>El fin de semana en la ciudad de Goya se llev\u00f3 a cabo el Hexagonal Final de la Liga Prefederal de Formativas U15 Femenina, en donde el Club de Regatas Corrientes se consagr\u00f3 subcampe\u00f3n del torneo y sac\u00f3 pasaje a la Liga Federal. El plantel regatense logr\u00f3 una destacada actuaci\u00f3n en la ex Liga Provincial [&hellip;]<\/p>\n","protected":false},"author":4,"featured_media":191323,"comment_status":"closed","ping_status":"closed","sticky":false,"template":"","format":"standard","meta":{"_joinchat":[],"footnotes":""},"categories":[28],"tags":[],"class_list":{"0":"post-191322","1":"post","2":"type-post","3":"status-publish","4":"format-standard","5":"has-post-thumbnail","7":"category-deportes"},"yoast_head":"<!-- This site is optimized with the Yoast SEO plugin v27.2 - https:\/\/yoast.com\/product\/yoast-seo-wordpress\/ -->\n<title>Regatas clasific\u00f3 a la Liga Federal Femenina U-15 - Radio Infinita Goya<\/title>\n<meta name=\"description\" content=\"El fin de semana en la ciudad de Goya se llev\u00f3 a cabo el Hexagonal Final de la Liga Prefederal de Formativas U15 Femenina, en donde el Club de Regatas\" \/>\n<meta name=\"robots\" content=\"index, follow, max-snippet:-1, max-image-preview:large, max-video-preview:-1\" \/>\n<link rel=\"canonical\" href=\"https:\/\/radioinfinitagoya.com.ar\/v1\/2025\/06\/11\/regatas-clasifico-a-la-liga-federal-femenina-u-15\/\" \/>\n<meta property=\"og:locale\" content=\"es_ES\" \/>\n<meta property=\"og:type\" content=\"article\" \/>\n<meta property=\"og:title\" content=\"Regatas clasific\u00f3 a la Liga Federal Femenina U-15 - Radio Infinita Goya\" \/>\n<meta property=\"og:description\" content=\"El fin de semana en la ciudad de Goya se llev\u00f3 a cabo el Hexagonal Final de la Liga Prefederal de Formativas U15 Femenina, en donde el Club de Regatas\" \/>\n<meta property=\"og:url\" content=\"https:\/\/radioinfinitagoya.com.ar\/v1\/2025\/06\/11\/regatas-clasifico-a-la-liga-federal-femenina-u-15\/\" \/>\n<meta property=\"og:site_name\" content=\"Radio Infinita Goya\" \/>\n<meta property=\"article:publisher\" content=\"https:\/\/www.facebook.com\/p\/Infinita-Goya-100063870918311\/\" \/>\n<meta property=\"article:published_time\" content=\"2025-06-11T19:36:48+00:00\" \/>\n<meta property=\"og:image\" content=\"https:\/\/radioinfinitagoya.com.ar\/v1\/wp-content\/uploads\/2025\/06\/CRCFEMENINO.jpg\" \/>\n\t<meta property=\"og:image:width\" content=\"1589\" \/>\n\t<meta property=\"og:image:height\" content=\"998\" \/>\n\t<meta property=\"og:image:type\" content=\"image\/jpeg\" \/>\n<meta name=\"author\" content=\"Jorge Mi\u00f1o\" \/>\n<meta name=\"twitter:card\" content=\"summary_large_image\" \/>\n<meta name=\"twitter:label1\" content=\"Escrito por\" \/>\n\t<meta name=\"twitter:data1\" content=\"Jorge Mi\u00f1o\" \/>\n\t<meta name=\"twitter:label2\" content=\"Tiempo de lectura\" \/>\n\t<meta name=\"twitter:data2\" content=\"2 minutos\" \/>\n<script type=\"application\/ld+json\" class=\"yoast-schema-graph\">{\"@context\":\"https:\/\/schema.org\",\"@graph\":[{\"@type\":\"Article\",\"@id\":\"https:\/\/radioinfinitagoya.com.ar\/v1\/2025\/06\/11\/regatas-clasifico-a-la-liga-federal-femenina-u-15\/#article\",\"isPartOf\":{\"@id\":\"https:\/\/radioinfinitagoya.com.ar\/v1\/2025\/06\/11\/regatas-clasifico-a-la-liga-federal-femenina-u-15\/\"},\"author\":{\"name\":\"Jorge Mi\u00f1o\",\"@id\":\"https:\/\/radioinfinitagoya.com.ar\/v1\/#\/schema\/person\/d4cf9c413d4f6edb24aabdccab49ca4a\"},\"headline\":\"Regatas clasific\u00f3 a la Liga Federal Femenina U-15\",\"datePublished\":\"2025-06-11T19:36:48+00:00\",\"mainEntityOfPage\":{\"@id\":\"https:\/\/radioinfinitagoya.com.ar\/v1\/2025\/06\/11\/regatas-clasifico-a-la-liga-federal-femenina-u-15\/\"},\"wordCount\":259,\"publisher\":{\"@id\":\"https:\/\/radioinfinitagoya.com.ar\/v1\/#organization\"},\"image\":{\"@id\":\"https:\/\/radioinfinitagoya.com.ar\/v1\/2025\/06\/11\/regatas-clasifico-a-la-liga-federal-femenina-u-15\/#primaryimage\"},\"thumbnailUrl\":\"https:\/\/radioinfinitagoya.com.ar\/v1\/wp-content\/uploads\/2025\/06\/CRCFEMENINO.jpg\",\"articleSection\":[\"DEPORTES\"],\"inLanguage\":\"es-AR\"},{\"@type\":\"WebPage\",\"@id\":\"https:\/\/radioinfinitagoya.com.ar\/v1\/2025\/06\/11\/regatas-clasifico-a-la-liga-federal-femenina-u-15\/\",\"url\":\"https:\/\/radioinfinitagoya.com.ar\/v1\/2025\/06\/11\/regatas-clasifico-a-la-liga-federal-femenina-u-15\/\",\"name\":\"Regatas clasific\u00f3 a la Liga Federal Femenina U-15 - Radio Infinita Goya\",\"isPartOf\":{\"@id\":\"https:\/\/radioinfinitagoya.com.ar\/v1\/#website\"},\"primaryImageOfPage\":{\"@id\":\"https:\/\/radioinfinitagoya.com.ar\/v1\/2025\/06\/11\/regatas-clasifico-a-la-liga-federal-femenina-u-15\/#primaryimage\"},\"image\":{\"@id\":\"https:\/\/radioinfinitagoya.com.ar\/v1\/2025\/06\/11\/regatas-clasifico-a-la-liga-federal-femenina-u-15\/#primaryimage\"},\"thumbnailUrl\":\"https:\/\/radioinfinitagoya.com.ar\/v1\/wp-content\/uploads\/2025\/06\/CRCFEMENINO.jpg\",\"datePublished\":\"2025-06-11T19:36:48+00:00\",\"description\":\"El fin de semana en la ciudad de Goya se llev\u00f3 a cabo el Hexagonal Final de la Liga Prefederal de Formativas U15 Femenina, en donde el Club de Regatas\",\"breadcrumb\":{\"@id\":\"https:\/\/radioinfinitagoya.com.ar\/v1\/2025\/06\/11\/regatas-clasifico-a-la-liga-federal-femenina-u-15\/#breadcrumb\"},\"inLanguage\":\"es-AR\",\"potentialAction\":[{\"@type\":\"ReadAction\",\"target\":[\"https:\/\/radioinfinitagoya.com.ar\/v1\/2025\/06\/11\/regatas-clasifico-a-la-liga-federal-femenina-u-15\/\"]}]},{\"@type\":\"ImageObject\",\"inLanguage\":\"es-AR\",\"@id\":\"https:\/\/radioinfinitagoya.com.ar\/v1\/2025\/06\/11\/regatas-clasifico-a-la-liga-federal-femenina-u-15\/#primaryimage\",\"url\":\"https:\/\/radioinfinitagoya.com.ar\/v1\/wp-content\/uploads\/2025\/06\/CRCFEMENINO.jpg\",\"contentUrl\":\"https:\/\/radioinfinitagoya.com.ar\/v1\/wp-content\/uploads\/2025\/06\/CRCFEMENINO.jpg\",\"width\":1589,\"height\":998},{\"@type\":\"BreadcrumbList\",\"@id\":\"https:\/\/radioinfinitagoya.com.ar\/v1\/2025\/06\/11\/regatas-clasifico-a-la-liga-federal-femenina-u-15\/#breadcrumb\",\"itemListElement\":[{\"@type\":\"ListItem\",\"position\":1,\"name\":\"Inicio\",\"item\":\"https:\/\/radioinfinitagoya.com.ar\/v1\/\"},{\"@type\":\"ListItem\",\"position\":2,\"name\":\"Regatas clasific\u00f3 a la Liga Federal Femenina U-15\"}]},{\"@type\":\"WebSite\",\"@id\":\"https:\/\/radioinfinitagoya.com.ar\/v1\/#website\",\"url\":\"https:\/\/radioinfinitagoya.com.ar\/v1\/\",\"name\":\"radioinfinitagoya.com.ar\",\"description\":\"Radio de noticias\",\"publisher\":{\"@id\":\"https:\/\/radioinfinitagoya.com.ar\/v1\/#organization\"},\"potentialAction\":[{\"@type\":\"SearchAction\",\"target\":{\"@type\":\"EntryPoint\",\"urlTemplate\":\"https:\/\/radioinfinitagoya.com.ar\/v1\/?s={search_term_string}\"},\"query-input\":{\"@type\":\"PropertyValueSpecification\",\"valueRequired\":true,\"valueName\":\"search_term_string\"}}],\"inLanguage\":\"es-AR\"},{\"@type\":\"Organization\",\"@id\":\"https:\/\/radioinfinitagoya.com.ar\/v1\/#organization\",\"name\":\"Radio Infinita Goya\",\"url\":\"https:\/\/radioinfinitagoya.com.ar\/v1\/\",\"logo\":{\"@type\":\"ImageObject\",\"inLanguage\":\"es-AR\",\"@id\":\"https:\/\/radioinfinitagoya.com.ar\/v1\/#\/schema\/logo\/image\/\",\"url\":\"https:\/\/radioinfinitagoya.com.ar\/v1\/wp-content\/uploads\/2019\/11\/logo-pie-web.png\",\"contentUrl\":\"https:\/\/radioinfinitagoya.com.ar\/v1\/wp-content\/uploads\/2019\/11\/logo-pie-web.png\",\"width\":635,\"height\":326,\"caption\":\"Radio Infinita Goya\"},\"image\":{\"@id\":\"https:\/\/radioinfinitagoya.com.ar\/v1\/#\/schema\/logo\/image\/\"},\"sameAs\":[\"https:\/\/www.facebook.com\/p\/Infinita-Goya-100063870918311\/\"]},{\"@type\":\"Person\",\"@id\":\"https:\/\/radioinfinitagoya.com.ar\/v1\/#\/schema\/person\/d4cf9c413d4f6edb24aabdccab49ca4a\",\"name\":\"Jorge Mi\u00f1o\",\"image\":{\"@type\":\"ImageObject\",\"inLanguage\":\"es-AR\",\"@id\":\"https:\/\/secure.gravatar.com\/avatar\/910fcf6728fe95320e07a6643c1581fec1c7fc4bf8ae12e3d8f0d0373dc844be?s=96&d=mm&r=g\",\"url\":\"https:\/\/secure.gravatar.com\/avatar\/910fcf6728fe95320e07a6643c1581fec1c7fc4bf8ae12e3d8f0d0373dc844be?s=96&d=mm&r=g\",\"contentUrl\":\"https:\/\/secure.gravatar.com\/avatar\/910fcf6728fe95320e07a6643c1581fec1c7fc4bf8ae12e3d8f0d0373dc844be?s=96&d=mm&r=g\",\"caption\":\"Jorge Mi\u00f1o\"},\"sameAs\":[\"http:\/\/radioinfinitagoya.com.ar\"]}]}<\/script>\n<!-- \/ Yoast SEO plugin. -->","yoast_head_json":{"title":"Regatas clasific\u00f3 a la Liga Federal Femenina U-15 - Radio Infinita Goya","description":"El fin de semana en la ciudad de Goya se llev\u00f3 a cabo el Hexagonal Final de la Liga Prefederal de Formativas U15 Femenina, en donde el Club de Regatas","robots":{"index":"index","follow":"follow","max-snippet":"max-snippet:-1","max-image-preview":"max-image-preview:large","max-video-preview":"max-video-preview:-1"},"canonical":"https:\/\/radioinfinitagoya.com.ar\/v1\/2025\/06\/11\/regatas-clasifico-a-la-liga-federal-femenina-u-15\/","og_locale":"es_ES","og_type":"article","og_title":"Regatas clasific\u00f3 a la Liga Federal Femenina U-15 - Radio Infinita Goya","og_description":"El fin de semana en la ciudad de Goya se llev\u00f3 a cabo el Hexagonal Final de la Liga Prefederal de Formativas U15 Femenina, en donde el Club de Regatas","og_url":"https:\/\/radioinfinitagoya.com.ar\/v1\/2025\/06\/11\/regatas-clasifico-a-la-liga-federal-femenina-u-15\/","og_site_name":"Radio Infinita Goya","article_publisher":"https:\/\/www.facebook.com\/p\/Infinita-Goya-100063870918311\/","article_published_time":"2025-06-11T19:36:48+00:00","og_image":[{"width":1589,"height":998,"url":"https:\/\/radioinfinitagoya.com.ar\/v1\/wp-content\/uploads\/2025\/06\/CRCFEMENINO.jpg","type":"image\/jpeg"}],"author":"Jorge Mi\u00f1o","twitter_card":"summary_large_image","twitter_misc":{"Escrito por":"Jorge Mi\u00f1o","Tiempo de lectura":"2 minutos"},"schema":{"@context":"https:\/\/schema.org","@graph":[{"@type":"Article","@id":"https:\/\/radioinfinitagoya.com.ar\/v1\/2025\/06\/11\/regatas-clasifico-a-la-liga-federal-femenina-u-15\/#article","isPartOf":{"@id":"https:\/\/radioinfinitagoya.com.ar\/v1\/2025\/06\/11\/regatas-clasifico-a-la-liga-federal-femenina-u-15\/"},"author":{"name":"Jorge Mi\u00f1o","@id":"https:\/\/radioinfinitagoya.com.ar\/v1\/#\/schema\/person\/d4cf9c413d4f6edb24aabdccab49ca4a"},"headline":"Regatas clasific\u00f3 a la Liga Federal Femenina U-15","datePublished":"2025-06-11T19:36:48+00:00","mainEntityOfPage":{"@id":"https:\/\/radioinfinitagoya.com.ar\/v1\/2025\/06\/11\/regatas-clasifico-a-la-liga-federal-femenina-u-15\/"},"wordCount":259,"publisher":{"@id":"https:\/\/radioinfinitagoya.com.ar\/v1\/#organization"},"image":{"@id":"https:\/\/radioinfinitagoya.com.ar\/v1\/2025\/06\/11\/regatas-clasifico-a-la-liga-federal-femenina-u-15\/#primaryimage"},"thumbnailUrl":"https:\/\/radioinfinitagoya.com.ar\/v1\/wp-content\/uploads\/2025\/06\/CRCFEMENINO.jpg","articleSection":["DEPORTES"],"inLanguage":"es-AR"},{"@type":"WebPage","@id":"https:\/\/radioinfinitagoya.com.ar\/v1\/2025\/06\/11\/regatas-clasifico-a-la-liga-federal-femenina-u-15\/","url":"https:\/\/radioinfinitagoya.com.ar\/v1\/2025\/06\/11\/regatas-clasifico-a-la-liga-federal-femenina-u-15\/","name":"Regatas clasific\u00f3 a la Liga Federal Femenina U-15 - Radio Infinita Goya","isPartOf":{"@id":"https:\/\/radioinfinitagoya.com.ar\/v1\/#website"},"primaryImageOfPage":{"@id":"https:\/\/radioinfinitagoya.com.ar\/v1\/2025\/06\/11\/regatas-clasifico-a-la-liga-federal-femenina-u-15\/#primaryimage"},"image":{"@id":"https:\/\/radioinfinitagoya.com.ar\/v1\/2025\/06\/11\/regatas-clasifico-a-la-liga-federal-femenina-u-15\/#primaryimage"},"thumbnailUrl":"https:\/\/radioinfinitagoya.com.ar\/v1\/wp-content\/uploads\/2025\/06\/CRCFEMENINO.jpg","datePublished":"2025-06-11T19:36:48+00:00","description":"El fin de semana en la ciudad de Goya se llev\u00f3 a cabo el Hexagonal Final de la Liga Prefederal de Formativas U15 Femenina, en donde el Club de Regatas","breadcrumb":{"@id":"https:\/\/radioinfinitagoya.com.ar\/v1\/2025\/06\/11\/regatas-clasifico-a-la-liga-federal-femenina-u-15\/#breadcrumb"},"inLanguage":"es-AR","potentialAction":[{"@type":"ReadAction","target":["https:\/\/radioinfinitagoya.com.ar\/v1\/2025\/06\/11\/regatas-clasifico-a-la-liga-federal-femenina-u-15\/"]}]},{"@type":"ImageObject","inLanguage":"es-AR","@id":"https:\/\/radioinfinitagoya.com.ar\/v1\/2025\/06\/11\/regatas-clasifico-a-la-liga-federal-femenina-u-15\/#primaryimage","url":"https:\/\/radioinfinitagoya.com.ar\/v1\/wp-content\/uploads\/2025\/06\/CRCFEMENINO.jpg","contentUrl":"https:\/\/radioinfinitagoya.com.ar\/v1\/wp-content\/uploads\/2025\/06\/CRCFEMENINO.jpg","width":1589,"height":998},{"@type":"BreadcrumbList","@id":"https:\/\/radioinfinitagoya.com.ar\/v1\/2025\/06\/11\/regatas-clasifico-a-la-liga-federal-femenina-u-15\/#breadcrumb","itemListElement":[{"@type":"ListItem","position":1,"name":"Inicio","item":"https:\/\/radioinfinitagoya.com.ar\/v1\/"},{"@type":"ListItem","position":2,"name":"Regatas clasific\u00f3 a la Liga Federal Femenina U-15"}]},{"@type":"WebSite","@id":"https:\/\/radioinfinitagoya.com.ar\/v1\/#website","url":"https:\/\/radioinfinitagoya.com.ar\/v1\/","name":"radioinfinitagoya.com.ar","description":"Radio de noticias","publisher":{"@id":"https:\/\/radioinfinitagoya.com.ar\/v1\/#organization"},"potentialAction":[{"@type":"SearchAction","target":{"@type":"EntryPoint","urlTemplate":"https:\/\/radioinfinitagoya.com.ar\/v1\/?s={search_term_string}"},"query-input":{"@type":"PropertyValueSpecification","valueRequired":true,"valueName":"search_term_string"}}],"inLanguage":"es-AR"},{"@type":"Organization","@id":"https:\/\/radioinfinitagoya.com.ar\/v1\/#organization","name":"Radio Infinita Goya","url":"https:\/\/radioinfinitagoya.com.ar\/v1\/","logo":{"@type":"ImageObject","inLanguage":"es-AR","@id":"https:\/\/radioinfinitagoya.com.ar\/v1\/#\/schema\/logo\/image\/","url":"https:\/\/radioinfinitagoya.com.ar\/v1\/wp-content\/uploads\/2019\/11\/logo-pie-web.png","contentUrl":"https:\/\/radioinfinitagoya.com.ar\/v1\/wp-content\/uploads\/2019\/11\/logo-pie-web.png","width":635,"height":326,"caption":"Radio Infinita Goya"},"image":{"@id":"https:\/\/radioinfinitagoya.com.ar\/v1\/#\/schema\/logo\/image\/"},"sameAs":["https:\/\/www.facebook.com\/p\/Infinita-Goya-100063870918311\/"]},{"@type":"Person","@id":"https:\/\/radioinfinitagoya.com.ar\/v1\/#\/schema\/person\/d4cf9c413d4f6edb24aabdccab49ca4a","name":"Jorge Mi\u00f1o","image":{"@type":"ImageObject","inLanguage":"es-AR","@id":"https:\/\/secure.gravatar.com\/avatar\/910fcf6728fe95320e07a6643c1581fec1c7fc4bf8ae12e3d8f0d0373dc844be?s=96&d=mm&r=g","url":"https:\/\/secure.gravatar.com\/avatar\/910fcf6728fe95320e07a6643c1581fec1c7fc4bf8ae12e3d8f0d0373dc844be?s=96&d=mm&r=g","contentUrl":"https:\/\/secure.gravatar.com\/avatar\/910fcf6728fe95320e07a6643c1581fec1c7fc4bf8ae12e3d8f0d0373dc844be?s=96&d=mm&r=g","caption":"Jorge Mi\u00f1o"},"sameAs":["http:\/\/radioinfinitagoya.com.ar"]}]}},"_links":{"self":[{"href":"https:\/\/radioinfinitagoya.com.ar\/v1\/wp-json\/wp\/v2\/posts\/191322","targetHints":{"allow":["GET"]}}],"collection":[{"href":"https:\/\/radioinfinitagoya.com.ar\/v1\/wp-json\/wp\/v2\/posts"}],"about":[{"href":"https:\/\/radioinfinitagoya.com.ar\/v1\/wp-json\/wp\/v2\/types\/post"}],"author":[{"embeddable":true,"href":"https:\/\/radioinfinitagoya.com.ar\/v1\/wp-json\/wp\/v2\/users\/4"}],"replies":[{"embeddable":true,"href":"https:\/\/radioinfinitagoya.com.ar\/v1\/wp-json\/wp\/v2\/comments?post=191322"}],"version-history":[{"count":0,"href":"https:\/\/radioinfinitagoya.com.ar\/v1\/wp-json\/wp\/v2\/posts\/191322\/revisions"}],"wp:featuredmedia":[{"embeddable":true,"href":"https:\/\/radioinfinitagoya.com.ar\/v1\/wp-json\/wp\/v2\/media\/191323"}],"wp:attachment":[{"href":"https:\/\/radioinfinitagoya.com.ar\/v1\/wp-json\/wp\/v2\/media?parent=191322"}],"wp:term":[{"taxonomy":"category","embeddable":true,"href":"https:\/\/radioinfinitagoya.com.ar\/v1\/wp-json\/wp\/v2\/categories?post=191322"},{"taxonomy":"post_tag","embeddable":true,"href":"https:\/\/radioinfinitagoya.com.ar\/v1\/wp-json\/wp\/v2\/tags?post=191322"}],"curies":[{"name":"wp","href":"https:\/\/api.w.org\/{rel}","templated":true}]}}