{"id":191325,"date":"2025-06-11T16:42:36","date_gmt":"2025-06-11T19:42:36","guid":{"rendered":"https:\/\/radioinfinitagoya.com.ar\/v1\/?p=191325"},"modified":"2025-06-11T16:42:36","modified_gmt":"2025-06-11T19:42:36","slug":"trasladan-a-lazaro-baez-a-una-carcel-comun-para-que-termine-de-cumplir-su-condena","status":"publish","type":"post","link":"https:\/\/radioinfinitagoya.com.ar\/v1\/2025\/06\/11\/trasladan-a-lazaro-baez-a-una-carcel-comun-para-que-termine-de-cumplir-su-condena\/","title":{"rendered":"Trasladan a L\u00e1zaro B\u00e1ez a una c\u00e1rcel com\u00fan para que termine de cumplir su condena"},"content":{"rendered":"<p>El TOF 4 se expidi\u00f3 luego del fallo de la Corte Suprema contra Cristina Kirchner. Hasta este mi\u00e9rcoles, el empresario cumpl\u00eda la pena en su casa.<\/p>\n<p>El Tribunal Oral Federal 4 orden\u00f3 este mi\u00e9rcoles que L\u00e1zaro B\u00e1ez sea trasladado de manera inmediata a una c\u00e1rcel com\u00fan para terminar de cumplir su condena en la causa conocida como La ruta del dinero K.<\/p>\n<p>Poco despu\u00e9s del mediod\u00eda, B\u00e1ez fue trasladado por Gendarmer\u00eda al Escuadr\u00f3n 42 Cabo V\u00edctor Manuel Guerrero en El Calafate para luego ser alojado en la Unidad Penal 15 de R\u00edo Gallegos, en Santa Cruz.<\/p>\n<p>La resoluci\u00f3n, firmada por N\u00e9stor Costabel, Ricardo Bas\u00edlico y Fernando Canero, orden\u00f3 que el empresario sea alojado \u201cen una unidad dependiente del Servicio Penitenciario Federal\u201d.<\/p>\n<p>Se deber\u00e1n adoptar las medidas necesarias para disponer su alojamiento en la unidad penitenciaria m\u00e1s adecuada a sus condiciones personales y cercana a su lugar de pertenencia, sin que se encuentre demostrada una situaci\u00f3n excepcional que amerite contemplar el caso desde otra perspectiva conforme las consideraciones expuestas\u201d, sostiene la decisi\u00f3n judicial<\/p>\n<p>Tras la confirmaci\u00f3n de la condena por parte de la Corte, los magistrados recordaron que \u201cla ley no prescribe de modo autom\u00e1tico la concesi\u00f3n de la prisi\u00f3n domiciliaria cuando se presenta alguno de los supuestos de hecho del art. 10 del C\u00f3digo Penal o art. 32 de la ley 24.660, sino que -eventualmente- sujeta su viabilidad a la apreciaci\u00f3n judicial previo tr\u00e1mite de la incidencia que se suscite\u201d.<\/p>\n<p>B\u00e1ez ya estuvo preso por esta causa y le restan seis a\u00f1os de prisi\u00f3n para cumplir con la condena. Fue condenado por el delito de lavado de activos agravado de US$55 millones entre 2010 y 2013, a trav\u00e9s de la financiera SGI, conocida como \u201cLa Rosadita\u201d.<\/p>\n<p>El caso de La ruta del dinero K<br \/>\nLa causa comenz\u00f3 en 2013 luego de un informe period\u00edstico en el programa PPT, de Jorge Lanata, en donde se aseguraba que el empresario L\u00e1zaro B\u00e1ez, amigo de N\u00e9stor Kirchner y uno de los principales proveedores de la obra p\u00fablica en la provincia de Santa Cruz, hab\u00eda sacado del pa\u00eds 55 millones de d\u00f3lares con maniobras financieras a cuentas en Suiza.<\/p>\n<p>El programa incluy\u00f3 las declaraciones en una c\u00e1mara oculta de Federico Elaskar y Leonardo Fari\u00f1a.<\/p>\n<p>Tres a\u00f1os despu\u00e9s la causa se reactiv\u00f3 con la difusi\u00f3n de un video en la financiera SGI, de Elaskar, conocida como \u201cLa Rosadita\u201d, en donde se ve\u00eda al hijo de L\u00e1zaro B\u00e1ez contando billetes.<\/p>\n<p>En abril del 2016 el juez Casanello orden\u00f3 la detenci\u00f3n de L\u00e1zaro B\u00e1ez y de su contador Daniel P\u00e9rez Gad\u00edn por temor a que se fugara. En aquel momento tambi\u00e9n fue arrestado su abogado Jorge Chueco, que hab\u00eda huido a Paraguay.<\/p>\n<p>La instrucci\u00f3n determin\u00f3 que existi\u00f3 una organizaci\u00f3n criminal que entre los meses de diciembre del 2010 y abril del 2013 realiz\u00f3 maniobras de lavado de dinero implicados principalmente del manejo de la empresa Austral Construcciones que dirig\u00eda B\u00e1ez, a trav\u00e9s de la financiera SGI, mediante un entramado que funcion\u00f3 en el pa\u00eds y en el exterior, y que logr\u00f3 la expatriaci\u00f3n de fondos de origen il\u00edcito y su posterior reingreso por un total de USD 54.872.866,69.<\/p>\n<p>Seg\u00fan se estableci\u00f3, el dinero depositado en el extranjero ingresaba a las cuentas de diversos bancos internacionales \u2013generalmente con bajos controles fiscales- a nombre de otras personas jur\u00eddicas.<\/p>\n<p>Luego se adquirieron bonos de deuda p\u00fablica que ulteriormente fueron liquidados en la plaza local, simulando una supuesta inversi\u00f3n multimillonaria de una empresa fiduciaria suiza para adquirir acciones de la empresa Austral Construcci\u00f3n S.A. (ACSA).<\/p>\n<p>Adem\u00e1s del cap\u00edtulo conocido como \u201cLa Rosadita\u201d, el tribunal entendi\u00f3 acreditadas maniobras de lavado independientes, como las compras de un campo en la Provincia de Mendoza (estancia \u201cEl Carrizalejo\u201d) y de un departamento en la Ciudad de Buenos Aires (situado en avenida Del Libertador), por Leonardo Fari\u00f1a.<\/p>\n<p>Tambi\u00e9n el pago de los gastos de la fiesta de casamiento de Fari\u00f1a y la modelo Karina Jelinek, y la adquisici\u00f3n de diversos autos de lujo (Ferrari California, BMW X6 y Audi R8 Syder) con la intervenci\u00f3n de Carlos Juan Molinari y Daniel Alejandro Bryn.<\/p>\n<p>&nbsp;<\/p>\n<p>&nbsp;<\/p>\n","protected":false},"excerpt":{"rendered":"<p>El TOF 4 se expidi\u00f3 luego del fallo de la Corte Suprema contra Cristina Kirchner. Hasta este mi\u00e9rcoles, el empresario cumpl\u00eda la pena en su casa. El Tribunal Oral Federal 4 orden\u00f3 este mi\u00e9rcoles que L\u00e1zaro B\u00e1ez sea trasladado de manera inmediata a una c\u00e1rcel com\u00fan para terminar de cumplir su condena en la causa [&hellip;]<\/p>\n","protected":false},"author":4,"featured_media":191326,"comment_status":"closed","ping_status":"closed","sticky":false,"template":"","format":"standard","meta":{"_joinchat":[],"footnotes":""},"categories":[29],"tags":[],"class_list":{"0":"post-191325","1":"post","2":"type-post","3":"status-publish","4":"format-standard","5":"has-post-thumbnail","7":"category-nacionales"},"yoast_head":"<!-- This site is optimized with the Yoast SEO plugin v27.2 - https:\/\/yoast.com\/product\/yoast-seo-wordpress\/ -->\n<title>Trasladan a L\u00e1zaro B\u00e1ez a una c\u00e1rcel com\u00fan para que termine de cumplir su condena - Radio Infinita Goya<\/title>\n<meta name=\"description\" content=\"El TOF 4 se expidi\u00f3 luego del fallo de la Corte Suprema contra Cristina Kirchner. Hasta este mi\u00e9rcoles, el empresario cumpl\u00eda la pena en su casa. El\" \/>\n<meta name=\"robots\" content=\"index, follow, max-snippet:-1, max-image-preview:large, max-video-preview:-1\" \/>\n<link rel=\"canonical\" href=\"https:\/\/radioinfinitagoya.com.ar\/v1\/2025\/06\/11\/trasladan-a-lazaro-baez-a-una-carcel-comun-para-que-termine-de-cumplir-su-condena\/\" \/>\n<meta property=\"og:locale\" content=\"es_ES\" \/>\n<meta property=\"og:type\" content=\"article\" \/>\n<meta property=\"og:title\" content=\"Trasladan a L\u00e1zaro B\u00e1ez a una c\u00e1rcel com\u00fan para que termine de cumplir su condena - Radio Infinita Goya\" \/>\n<meta property=\"og:description\" content=\"El TOF 4 se expidi\u00f3 luego del fallo de la Corte Suprema contra Cristina Kirchner. Hasta este mi\u00e9rcoles, el empresario cumpl\u00eda la pena en su casa. El\" \/>\n<meta property=\"og:url\" content=\"https:\/\/radioinfinitagoya.com.ar\/v1\/2025\/06\/11\/trasladan-a-lazaro-baez-a-una-carcel-comun-para-que-termine-de-cumplir-su-condena\/\" \/>\n<meta property=\"og:site_name\" content=\"Radio Infinita Goya\" \/>\n<meta property=\"article:publisher\" content=\"https:\/\/www.facebook.com\/p\/Infinita-Goya-100063870918311\/\" \/>\n<meta property=\"article:published_time\" content=\"2025-06-11T19:42:36+00:00\" \/>\n<meta property=\"og:image\" content=\"https:\/\/radioinfinitagoya.com.ar\/v1\/wp-content\/uploads\/2025\/06\/1749670485608.webp\" \/>\n\t<meta property=\"og:image:width\" content=\"1200\" \/>\n\t<meta property=\"og:image:height\" content=\"675\" \/>\n\t<meta property=\"og:image:type\" content=\"image\/webp\" \/>\n<meta name=\"author\" content=\"Jorge Mi\u00f1o\" \/>\n<meta name=\"twitter:card\" content=\"summary_large_image\" \/>\n<meta name=\"twitter:label1\" content=\"Escrito por\" \/>\n\t<meta name=\"twitter:data1\" content=\"Jorge Mi\u00f1o\" \/>\n\t<meta name=\"twitter:label2\" content=\"Tiempo de lectura\" \/>\n\t<meta name=\"twitter:data2\" content=\"4 minutos\" \/>\n<script type=\"application\/ld+json\" class=\"yoast-schema-graph\">{\"@context\":\"https:\/\/schema.org\",\"@graph\":[{\"@type\":\"Article\",\"@id\":\"https:\/\/radioinfinitagoya.com.ar\/v1\/2025\/06\/11\/trasladan-a-lazaro-baez-a-una-carcel-comun-para-que-termine-de-cumplir-su-condena\/#article\",\"isPartOf\":{\"@id\":\"https:\/\/radioinfinitagoya.com.ar\/v1\/2025\/06\/11\/trasladan-a-lazaro-baez-a-una-carcel-comun-para-que-termine-de-cumplir-su-condena\/\"},\"author\":{\"name\":\"Jorge Mi\u00f1o\",\"@id\":\"https:\/\/radioinfinitagoya.com.ar\/v1\/#\/schema\/person\/d4cf9c413d4f6edb24aabdccab49ca4a\"},\"headline\":\"Trasladan a L\u00e1zaro B\u00e1ez a una c\u00e1rcel com\u00fan para que termine de cumplir su condena\",\"datePublished\":\"2025-06-11T19:42:36+00:00\",\"mainEntityOfPage\":{\"@id\":\"https:\/\/radioinfinitagoya.com.ar\/v1\/2025\/06\/11\/trasladan-a-lazaro-baez-a-una-carcel-comun-para-que-termine-de-cumplir-su-condena\/\"},\"wordCount\":758,\"publisher\":{\"@id\":\"https:\/\/radioinfinitagoya.com.ar\/v1\/#organization\"},\"image\":{\"@id\":\"https:\/\/radioinfinitagoya.com.ar\/v1\/2025\/06\/11\/trasladan-a-lazaro-baez-a-una-carcel-comun-para-que-termine-de-cumplir-su-condena\/#primaryimage\"},\"thumbnailUrl\":\"https:\/\/radioinfinitagoya.com.ar\/v1\/wp-content\/uploads\/2025\/06\/1749670485608.webp\",\"articleSection\":[\"NACIONALES\"],\"inLanguage\":\"es-AR\"},{\"@type\":\"WebPage\",\"@id\":\"https:\/\/radioinfinitagoya.com.ar\/v1\/2025\/06\/11\/trasladan-a-lazaro-baez-a-una-carcel-comun-para-que-termine-de-cumplir-su-condena\/\",\"url\":\"https:\/\/radioinfinitagoya.com.ar\/v1\/2025\/06\/11\/trasladan-a-lazaro-baez-a-una-carcel-comun-para-que-termine-de-cumplir-su-condena\/\",\"name\":\"Trasladan a L\u00e1zaro B\u00e1ez a una c\u00e1rcel com\u00fan para que termine de cumplir su condena - Radio Infinita Goya\",\"isPartOf\":{\"@id\":\"https:\/\/radioinfinitagoya.com.ar\/v1\/#website\"},\"primaryImageOfPage\":{\"@id\":\"https:\/\/radioinfinitagoya.com.ar\/v1\/2025\/06\/11\/trasladan-a-lazaro-baez-a-una-carcel-comun-para-que-termine-de-cumplir-su-condena\/#primaryimage\"},\"image\":{\"@id\":\"https:\/\/radioinfinitagoya.com.ar\/v1\/2025\/06\/11\/trasladan-a-lazaro-baez-a-una-carcel-comun-para-que-termine-de-cumplir-su-condena\/#primaryimage\"},\"thumbnailUrl\":\"https:\/\/radioinfinitagoya.com.ar\/v1\/wp-content\/uploads\/2025\/06\/1749670485608.webp\",\"datePublished\":\"2025-06-11T19:42:36+00:00\",\"description\":\"El TOF 4 se expidi\u00f3 luego del fallo de la Corte Suprema contra Cristina Kirchner. Hasta este mi\u00e9rcoles, el empresario cumpl\u00eda la pena en su casa. El\",\"breadcrumb\":{\"@id\":\"https:\/\/radioinfinitagoya.com.ar\/v1\/2025\/06\/11\/trasladan-a-lazaro-baez-a-una-carcel-comun-para-que-termine-de-cumplir-su-condena\/#breadcrumb\"},\"inLanguage\":\"es-AR\",\"potentialAction\":[{\"@type\":\"ReadAction\",\"target\":[\"https:\/\/radioinfinitagoya.com.ar\/v1\/2025\/06\/11\/trasladan-a-lazaro-baez-a-una-carcel-comun-para-que-termine-de-cumplir-su-condena\/\"]}]},{\"@type\":\"ImageObject\",\"inLanguage\":\"es-AR\",\"@id\":\"https:\/\/radioinfinitagoya.com.ar\/v1\/2025\/06\/11\/trasladan-a-lazaro-baez-a-una-carcel-comun-para-que-termine-de-cumplir-su-condena\/#primaryimage\",\"url\":\"https:\/\/radioinfinitagoya.com.ar\/v1\/wp-content\/uploads\/2025\/06\/1749670485608.webp\",\"contentUrl\":\"https:\/\/radioinfinitagoya.com.ar\/v1\/wp-content\/uploads\/2025\/06\/1749670485608.webp\",\"width\":1200,\"height\":675},{\"@type\":\"BreadcrumbList\",\"@id\":\"https:\/\/radioinfinitagoya.com.ar\/v1\/2025\/06\/11\/trasladan-a-lazaro-baez-a-una-carcel-comun-para-que-termine-de-cumplir-su-condena\/#breadcrumb\",\"itemListElement\":[{\"@type\":\"ListItem\",\"position\":1,\"name\":\"Inicio\",\"item\":\"https:\/\/radioinfinitagoya.com.ar\/v1\/\"},{\"@type\":\"ListItem\",\"position\":2,\"name\":\"Trasladan a L\u00e1zaro B\u00e1ez a una c\u00e1rcel com\u00fan para que termine de cumplir su condena\"}]},{\"@type\":\"WebSite\",\"@id\":\"https:\/\/radioinfinitagoya.com.ar\/v1\/#website\",\"url\":\"https:\/\/radioinfinitagoya.com.ar\/v1\/\",\"name\":\"radioinfinitagoya.com.ar\",\"description\":\"Radio de noticias\",\"publisher\":{\"@id\":\"https:\/\/radioinfinitagoya.com.ar\/v1\/#organization\"},\"potentialAction\":[{\"@type\":\"SearchAction\",\"target\":{\"@type\":\"EntryPoint\",\"urlTemplate\":\"https:\/\/radioinfinitagoya.com.ar\/v1\/?s={search_term_string}\"},\"query-input\":{\"@type\":\"PropertyValueSpecification\",\"valueRequired\":true,\"valueName\":\"search_term_string\"}}],\"inLanguage\":\"es-AR\"},{\"@type\":\"Organization\",\"@id\":\"https:\/\/radioinfinitagoya.com.ar\/v1\/#organization\",\"name\":\"Radio Infinita Goya\",\"url\":\"https:\/\/radioinfinitagoya.com.ar\/v1\/\",\"logo\":{\"@type\":\"ImageObject\",\"inLanguage\":\"es-AR\",\"@id\":\"https:\/\/radioinfinitagoya.com.ar\/v1\/#\/schema\/logo\/image\/\",\"url\":\"https:\/\/radioinfinitagoya.com.ar\/v1\/wp-content\/uploads\/2019\/11\/logo-pie-web.png\",\"contentUrl\":\"https:\/\/radioinfinitagoya.com.ar\/v1\/wp-content\/uploads\/2019\/11\/logo-pie-web.png\",\"width\":635,\"height\":326,\"caption\":\"Radio Infinita Goya\"},\"image\":{\"@id\":\"https:\/\/radioinfinitagoya.com.ar\/v1\/#\/schema\/logo\/image\/\"},\"sameAs\":[\"https:\/\/www.facebook.com\/p\/Infinita-Goya-100063870918311\/\"]},{\"@type\":\"Person\",\"@id\":\"https:\/\/radioinfinitagoya.com.ar\/v1\/#\/schema\/person\/d4cf9c413d4f6edb24aabdccab49ca4a\",\"name\":\"Jorge Mi\u00f1o\",\"image\":{\"@type\":\"ImageObject\",\"inLanguage\":\"es-AR\",\"@id\":\"https:\/\/secure.gravatar.com\/avatar\/910fcf6728fe95320e07a6643c1581fec1c7fc4bf8ae12e3d8f0d0373dc844be?s=96&d=mm&r=g\",\"url\":\"https:\/\/secure.gravatar.com\/avatar\/910fcf6728fe95320e07a6643c1581fec1c7fc4bf8ae12e3d8f0d0373dc844be?s=96&d=mm&r=g\",\"contentUrl\":\"https:\/\/secure.gravatar.com\/avatar\/910fcf6728fe95320e07a6643c1581fec1c7fc4bf8ae12e3d8f0d0373dc844be?s=96&d=mm&r=g\",\"caption\":\"Jorge Mi\u00f1o\"},\"sameAs\":[\"http:\/\/radioinfinitagoya.com.ar\"]}]}<\/script>\n<!-- \/ Yoast SEO plugin. -->","yoast_head_json":{"title":"Trasladan a L\u00e1zaro B\u00e1ez a una c\u00e1rcel com\u00fan para que termine de cumplir su condena - Radio Infinita Goya","description":"El TOF 4 se expidi\u00f3 luego del fallo de la Corte Suprema contra Cristina Kirchner. Hasta este mi\u00e9rcoles, el empresario cumpl\u00eda la pena en su casa. El","robots":{"index":"index","follow":"follow","max-snippet":"max-snippet:-1","max-image-preview":"max-image-preview:large","max-video-preview":"max-video-preview:-1"},"canonical":"https:\/\/radioinfinitagoya.com.ar\/v1\/2025\/06\/11\/trasladan-a-lazaro-baez-a-una-carcel-comun-para-que-termine-de-cumplir-su-condena\/","og_locale":"es_ES","og_type":"article","og_title":"Trasladan a L\u00e1zaro B\u00e1ez a una c\u00e1rcel com\u00fan para que termine de cumplir su condena - Radio Infinita Goya","og_description":"El TOF 4 se expidi\u00f3 luego del fallo de la Corte Suprema contra Cristina Kirchner. Hasta este mi\u00e9rcoles, el empresario cumpl\u00eda la pena en su casa. El","og_url":"https:\/\/radioinfinitagoya.com.ar\/v1\/2025\/06\/11\/trasladan-a-lazaro-baez-a-una-carcel-comun-para-que-termine-de-cumplir-su-condena\/","og_site_name":"Radio Infinita Goya","article_publisher":"https:\/\/www.facebook.com\/p\/Infinita-Goya-100063870918311\/","article_published_time":"2025-06-11T19:42:36+00:00","og_image":[{"width":1200,"height":675,"url":"https:\/\/radioinfinitagoya.com.ar\/v1\/wp-content\/uploads\/2025\/06\/1749670485608.webp","type":"image\/webp"}],"author":"Jorge Mi\u00f1o","twitter_card":"summary_large_image","twitter_misc":{"Escrito por":"Jorge Mi\u00f1o","Tiempo de lectura":"4 minutos"},"schema":{"@context":"https:\/\/schema.org","@graph":[{"@type":"Article","@id":"https:\/\/radioinfinitagoya.com.ar\/v1\/2025\/06\/11\/trasladan-a-lazaro-baez-a-una-carcel-comun-para-que-termine-de-cumplir-su-condena\/#article","isPartOf":{"@id":"https:\/\/radioinfinitagoya.com.ar\/v1\/2025\/06\/11\/trasladan-a-lazaro-baez-a-una-carcel-comun-para-que-termine-de-cumplir-su-condena\/"},"author":{"name":"Jorge Mi\u00f1o","@id":"https:\/\/radioinfinitagoya.com.ar\/v1\/#\/schema\/person\/d4cf9c413d4f6edb24aabdccab49ca4a"},"headline":"Trasladan a L\u00e1zaro B\u00e1ez a una c\u00e1rcel com\u00fan para que termine de cumplir su condena","datePublished":"2025-06-11T19:42:36+00:00","mainEntityOfPage":{"@id":"https:\/\/radioinfinitagoya.com.ar\/v1\/2025\/06\/11\/trasladan-a-lazaro-baez-a-una-carcel-comun-para-que-termine-de-cumplir-su-condena\/"},"wordCount":758,"publisher":{"@id":"https:\/\/radioinfinitagoya.com.ar\/v1\/#organization"},"image":{"@id":"https:\/\/radioinfinitagoya.com.ar\/v1\/2025\/06\/11\/trasladan-a-lazaro-baez-a-una-carcel-comun-para-que-termine-de-cumplir-su-condena\/#primaryimage"},"thumbnailUrl":"https:\/\/radioinfinitagoya.com.ar\/v1\/wp-content\/uploads\/2025\/06\/1749670485608.webp","articleSection":["NACIONALES"],"inLanguage":"es-AR"},{"@type":"WebPage","@id":"https:\/\/radioinfinitagoya.com.ar\/v1\/2025\/06\/11\/trasladan-a-lazaro-baez-a-una-carcel-comun-para-que-termine-de-cumplir-su-condena\/","url":"https:\/\/radioinfinitagoya.com.ar\/v1\/2025\/06\/11\/trasladan-a-lazaro-baez-a-una-carcel-comun-para-que-termine-de-cumplir-su-condena\/","name":"Trasladan a L\u00e1zaro B\u00e1ez a una c\u00e1rcel com\u00fan para que termine de cumplir su condena - Radio Infinita Goya","isPartOf":{"@id":"https:\/\/radioinfinitagoya.com.ar\/v1\/#website"},"primaryImageOfPage":{"@id":"https:\/\/radioinfinitagoya.com.ar\/v1\/2025\/06\/11\/trasladan-a-lazaro-baez-a-una-carcel-comun-para-que-termine-de-cumplir-su-condena\/#primaryimage"},"image":{"@id":"https:\/\/radioinfinitagoya.com.ar\/v1\/2025\/06\/11\/trasladan-a-lazaro-baez-a-una-carcel-comun-para-que-termine-de-cumplir-su-condena\/#primaryimage"},"thumbnailUrl":"https:\/\/radioinfinitagoya.com.ar\/v1\/wp-content\/uploads\/2025\/06\/1749670485608.webp","datePublished":"2025-06-11T19:42:36+00:00","description":"El TOF 4 se expidi\u00f3 luego del fallo de la Corte Suprema contra Cristina Kirchner. Hasta este mi\u00e9rcoles, el empresario cumpl\u00eda la pena en su casa. El","breadcrumb":{"@id":"https:\/\/radioinfinitagoya.com.ar\/v1\/2025\/06\/11\/trasladan-a-lazaro-baez-a-una-carcel-comun-para-que-termine-de-cumplir-su-condena\/#breadcrumb"},"inLanguage":"es-AR","potentialAction":[{"@type":"ReadAction","target":["https:\/\/radioinfinitagoya.com.ar\/v1\/2025\/06\/11\/trasladan-a-lazaro-baez-a-una-carcel-comun-para-que-termine-de-cumplir-su-condena\/"]}]},{"@type":"ImageObject","inLanguage":"es-AR","@id":"https:\/\/radioinfinitagoya.com.ar\/v1\/2025\/06\/11\/trasladan-a-lazaro-baez-a-una-carcel-comun-para-que-termine-de-cumplir-su-condena\/#primaryimage","url":"https:\/\/radioinfinitagoya.com.ar\/v1\/wp-content\/uploads\/2025\/06\/1749670485608.webp","contentUrl":"https:\/\/radioinfinitagoya.com.ar\/v1\/wp-content\/uploads\/2025\/06\/1749670485608.webp","width":1200,"height":675},{"@type":"BreadcrumbList","@id":"https:\/\/radioinfinitagoya.com.ar\/v1\/2025\/06\/11\/trasladan-a-lazaro-baez-a-una-carcel-comun-para-que-termine-de-cumplir-su-condena\/#breadcrumb","itemListElement":[{"@type":"ListItem","position":1,"name":"Inicio","item":"https:\/\/radioinfinitagoya.com.ar\/v1\/"},{"@type":"ListItem","position":2,"name":"Trasladan a L\u00e1zaro B\u00e1ez a una c\u00e1rcel com\u00fan para que termine de cumplir su condena"}]},{"@type":"WebSite","@id":"https:\/\/radioinfinitagoya.com.ar\/v1\/#website","url":"https:\/\/radioinfinitagoya.com.ar\/v1\/","name":"radioinfinitagoya.com.ar","description":"Radio de noticias","publisher":{"@id":"https:\/\/radioinfinitagoya.com.ar\/v1\/#organization"},"potentialAction":[{"@type":"SearchAction","target":{"@type":"EntryPoint","urlTemplate":"https:\/\/radioinfinitagoya.com.ar\/v1\/?s={search_term_string}"},"query-input":{"@type":"PropertyValueSpecification","valueRequired":true,"valueName":"search_term_string"}}],"inLanguage":"es-AR"},{"@type":"Organization","@id":"https:\/\/radioinfinitagoya.com.ar\/v1\/#organization","name":"Radio Infinita Goya","url":"https:\/\/radioinfinitagoya.com.ar\/v1\/","logo":{"@type":"ImageObject","inLanguage":"es-AR","@id":"https:\/\/radioinfinitagoya.com.ar\/v1\/#\/schema\/logo\/image\/","url":"https:\/\/radioinfinitagoya.com.ar\/v1\/wp-content\/uploads\/2019\/11\/logo-pie-web.png","contentUrl":"https:\/\/radioinfinitagoya.com.ar\/v1\/wp-content\/uploads\/2019\/11\/logo-pie-web.png","width":635,"height":326,"caption":"Radio Infinita Goya"},"image":{"@id":"https:\/\/radioinfinitagoya.com.ar\/v1\/#\/schema\/logo\/image\/"},"sameAs":["https:\/\/www.facebook.com\/p\/Infinita-Goya-100063870918311\/"]},{"@type":"Person","@id":"https:\/\/radioinfinitagoya.com.ar\/v1\/#\/schema\/person\/d4cf9c413d4f6edb24aabdccab49ca4a","name":"Jorge Mi\u00f1o","image":{"@type":"ImageObject","inLanguage":"es-AR","@id":"https:\/\/secure.gravatar.com\/avatar\/910fcf6728fe95320e07a6643c1581fec1c7fc4bf8ae12e3d8f0d0373dc844be?s=96&d=mm&r=g","url":"https:\/\/secure.gravatar.com\/avatar\/910fcf6728fe95320e07a6643c1581fec1c7fc4bf8ae12e3d8f0d0373dc844be?s=96&d=mm&r=g","contentUrl":"https:\/\/secure.gravatar.com\/avatar\/910fcf6728fe95320e07a6643c1581fec1c7fc4bf8ae12e3d8f0d0373dc844be?s=96&d=mm&r=g","caption":"Jorge Mi\u00f1o"},"sameAs":["http:\/\/radioinfinitagoya.com.ar"]}]}},"_links":{"self":[{"href":"https:\/\/radioinfinitagoya.com.ar\/v1\/wp-json\/wp\/v2\/posts\/191325","targetHints":{"allow":["GET"]}}],"collection":[{"href":"https:\/\/radioinfinitagoya.com.ar\/v1\/wp-json\/wp\/v2\/posts"}],"about":[{"href":"https:\/\/radioinfinitagoya.com.ar\/v1\/wp-json\/wp\/v2\/types\/post"}],"author":[{"embeddable":true,"href":"https:\/\/radioinfinitagoya.com.ar\/v1\/wp-json\/wp\/v2\/users\/4"}],"replies":[{"embeddable":true,"href":"https:\/\/radioinfinitagoya.com.ar\/v1\/wp-json\/wp\/v2\/comments?post=191325"}],"version-history":[{"count":0,"href":"https:\/\/radioinfinitagoya.com.ar\/v1\/wp-json\/wp\/v2\/posts\/191325\/revisions"}],"wp:featuredmedia":[{"embeddable":true,"href":"https:\/\/radioinfinitagoya.com.ar\/v1\/wp-json\/wp\/v2\/media\/191326"}],"wp:attachment":[{"href":"https:\/\/radioinfinitagoya.com.ar\/v1\/wp-json\/wp\/v2\/media?parent=191325"}],"wp:term":[{"taxonomy":"category","embeddable":true,"href":"https:\/\/radioinfinitagoya.com.ar\/v1\/wp-json\/wp\/v2\/categories?post=191325"},{"taxonomy":"post_tag","embeddable":true,"href":"https:\/\/radioinfinitagoya.com.ar\/v1\/wp-json\/wp\/v2\/tags?post=191325"}],"curies":[{"name":"wp","href":"https:\/\/api.w.org\/{rel}","templated":true}]}}