{"id":191328,"date":"2025-06-11T16:48:18","date_gmt":"2025-06-11T19:48:18","guid":{"rendered":"https:\/\/radioinfinitagoya.com.ar\/v1\/?p=191328"},"modified":"2025-06-11T16:48:18","modified_gmt":"2025-06-11T19:48:18","slug":"cfk-decide-cuando-se-entregara-y-negocia-las-condiciones-de-su-detencion","status":"publish","type":"post","link":"https:\/\/radioinfinitagoya.com.ar\/v1\/2025\/06\/11\/cfk-decide-cuando-se-entregara-y-negocia-las-condiciones-de-su-detencion\/","title":{"rendered":"CFK decide cu\u00e1ndo se entregar\u00e1 y negocia las condiciones de su detenci\u00f3n"},"content":{"rendered":"<p>La expresidenta tiene un plazo de cinco d\u00edas para presentarse, luego de que la Corte Suprema ratificara los seis a\u00f1os de prisi\u00f3n por la causa Vialidad. Su abogado ya pidi\u00f3 la domiciliaria.<\/p>\n<p>La Corte Suprema de Justicia ratific\u00f3 las condenas contra Cristina Kirchner por la causa Vialidad. De inmediato el Tribunal Oral en lo Criminal Federal N\u00b0 2 orden\u00f3 la ejecuci\u00f3n de la pena de seis a\u00f1os de prisi\u00f3n y estableci\u00f3 un plazo de cinco d\u00edas para que la exmandataria -al igual que los otros ocho condenados- se presente ante la Justicia. Solo entonces ser\u00e1 efectiva su detenci\u00f3n.<\/p>\n<p>Carlos Berarldi, el abogado de la expresidenta, confirm\u00f3 que ya solicit\u00f3 el beneficio de la prisi\u00f3n domiciliaria. A su vez, el TOF N\u00b02 le pidi\u00f3 al Ministerio de Seguridad que indique, en el t\u00e9rmino de las 24 horas, los posibles lugares de detenci\u00f3n \u201cque cumpla con las condiciones adecuadas para el alojamiento de las personas nombradas\u201d, seg\u00fan precisaron los magistrados.<\/p>\n<p>\u201cPara determinar el lugar de detenci\u00f3n, se deber\u00e1 atender y darse una consideraci\u00f3n espec\u00edfica a las caracter\u00edsticas particulares individuales de cada una de ellas&#8221;, indica el decreto enviado al ministerio a cargo de Patricia Bullrich<\/p>\n<p>En el caso de Cristina Kirchner, el juez Jorge Gorini contempla que tiene 72 a\u00f1os, se trata de una exjefa de Estado y fue v\u00edctima de un atentado, en referencia al intento de asesinato del 1 de septiembre de 2022.<br \/>\nConsiderando esto, el Ministerio de Seguridad tendr\u00e1 que aconsejar cu\u00e1l es el lugar adecuado para que la l\u00edder del PJ cumpla su condena.<\/p>\n<p>Adem\u00e1s de anticipar que llevar\u00e1 el caso a los tribunales internacionales, el abogado de la expresidenta confirm\u00f3 que present\u00f3 el pedido de prisi\u00f3n domiciliaria argumentando que \u201cno se trata de un beneficio, sino de un cumplimiento de la pena\u201d.<\/p>\n<p>Entiendo que se le va a dar tr\u00e1mite a partir de ma\u00f1ana y esperamos que antes de los cinco d\u00edas h\u00e1biles que nos dieron, el Tribunal nos d\u00e9 una respuesta favorable, porque es lo que corresponde a cualquier persona\u201d, declar\u00f3 Berardi ante los medios.<\/p>\n<p>Si se resuelve la domiciliaria antes de que se venza el plazo en que se debe presentar la expresidenta, quedar\u00eda directamente en prisi\u00f3n domiciliaria. La modalidad ser\u00eda la misma de un arresto penal, pero en su casa: Cristina Kirchner podr\u00eda tener un tel\u00e9fono celular y recibir visitas restringidas.<\/p>\n<p>Seg\u00fan indicaron fuentes judiciales a TN, ya est\u00e1 producido en el expediente el informe socioambiental del domicilio de la calle San Jos\u00e9.<\/p>\n<p>Sin embargo, no hay plazos establecidos para la Justicia d\u00e9 lugar a esta solicitud. Por estas horas, Cristina Kirchner permanec\u00eda en su casa de Constituci\u00f3n.<\/p>\n<p>&nbsp;<\/p>\n","protected":false},"excerpt":{"rendered":"<p>La expresidenta tiene un plazo de cinco d\u00edas para presentarse, luego de que la Corte Suprema ratificara los seis a\u00f1os de prisi\u00f3n por la causa Vialidad. Su abogado ya pidi\u00f3 la domiciliaria. La Corte Suprema de Justicia ratific\u00f3 las condenas contra Cristina Kirchner por la causa Vialidad. De inmediato el Tribunal Oral en lo Criminal [&hellip;]<\/p>\n","protected":false},"author":4,"featured_media":191329,"comment_status":"closed","ping_status":"closed","sticky":false,"template":"","format":"standard","meta":{"_joinchat":[],"footnotes":""},"categories":[29],"tags":[],"class_list":{"0":"post-191328","1":"post","2":"type-post","3":"status-publish","4":"format-standard","5":"has-post-thumbnail","7":"category-nacionales"},"yoast_head":"<!-- This site is optimized with the Yoast SEO plugin v27.2 - https:\/\/yoast.com\/product\/yoast-seo-wordpress\/ -->\n<title>CFK decide cu\u00e1ndo se entregar\u00e1 y negocia las condiciones de su detenci\u00f3n - Radio Infinita Goya<\/title>\n<meta name=\"description\" content=\"La expresidenta tiene un plazo de cinco d\u00edas para presentarse, luego de que la Corte Suprema ratificara los seis a\u00f1os de prisi\u00f3n por la causa Vialidad. Su\" \/>\n<meta name=\"robots\" content=\"index, follow, max-snippet:-1, max-image-preview:large, max-video-preview:-1\" \/>\n<link rel=\"canonical\" href=\"https:\/\/radioinfinitagoya.com.ar\/v1\/2025\/06\/11\/cfk-decide-cuando-se-entregara-y-negocia-las-condiciones-de-su-detencion\/\" \/>\n<meta property=\"og:locale\" content=\"es_ES\" \/>\n<meta property=\"og:type\" content=\"article\" \/>\n<meta property=\"og:title\" content=\"CFK decide cu\u00e1ndo se entregar\u00e1 y negocia las condiciones de su detenci\u00f3n - Radio Infinita Goya\" \/>\n<meta property=\"og:description\" content=\"La expresidenta tiene un plazo de cinco d\u00edas para presentarse, luego de que la Corte Suprema ratificara los seis a\u00f1os de prisi\u00f3n por la causa Vialidad. Su\" \/>\n<meta property=\"og:url\" content=\"https:\/\/radioinfinitagoya.com.ar\/v1\/2025\/06\/11\/cfk-decide-cuando-se-entregara-y-negocia-las-condiciones-de-su-detencion\/\" \/>\n<meta property=\"og:site_name\" content=\"Radio Infinita Goya\" \/>\n<meta property=\"article:publisher\" content=\"https:\/\/www.facebook.com\/p\/Infinita-Goya-100063870918311\/\" \/>\n<meta property=\"article:published_time\" content=\"2025-06-11T19:48:18+00:00\" \/>\n<meta property=\"og:image\" content=\"https:\/\/radioinfinitagoya.com.ar\/v1\/wp-content\/uploads\/2025\/06\/orZ-pRPw.jpg\" \/>\n\t<meta property=\"og:image:width\" content=\"680\" \/>\n\t<meta property=\"og:image:height\" content=\"381\" \/>\n\t<meta property=\"og:image:type\" content=\"image\/jpeg\" \/>\n<meta name=\"author\" content=\"Jorge Mi\u00f1o\" \/>\n<meta name=\"twitter:card\" content=\"summary_large_image\" \/>\n<meta name=\"twitter:label1\" content=\"Escrito por\" \/>\n\t<meta name=\"twitter:data1\" content=\"Jorge Mi\u00f1o\" \/>\n\t<meta name=\"twitter:label2\" content=\"Tiempo de lectura\" \/>\n\t<meta name=\"twitter:data2\" content=\"3 minutos\" \/>\n<script type=\"application\/ld+json\" class=\"yoast-schema-graph\">{\"@context\":\"https:\/\/schema.org\",\"@graph\":[{\"@type\":\"Article\",\"@id\":\"https:\/\/radioinfinitagoya.com.ar\/v1\/2025\/06\/11\/cfk-decide-cuando-se-entregara-y-negocia-las-condiciones-de-su-detencion\/#article\",\"isPartOf\":{\"@id\":\"https:\/\/radioinfinitagoya.com.ar\/v1\/2025\/06\/11\/cfk-decide-cuando-se-entregara-y-negocia-las-condiciones-de-su-detencion\/\"},\"author\":{\"name\":\"Jorge Mi\u00f1o\",\"@id\":\"https:\/\/radioinfinitagoya.com.ar\/v1\/#\/schema\/person\/d4cf9c413d4f6edb24aabdccab49ca4a\"},\"headline\":\"CFK decide cu\u00e1ndo se entregar\u00e1 y negocia las condiciones de su detenci\u00f3n\",\"datePublished\":\"2025-06-11T19:48:18+00:00\",\"mainEntityOfPage\":{\"@id\":\"https:\/\/radioinfinitagoya.com.ar\/v1\/2025\/06\/11\/cfk-decide-cuando-se-entregara-y-negocia-las-condiciones-de-su-detencion\/\"},\"wordCount\":478,\"publisher\":{\"@id\":\"https:\/\/radioinfinitagoya.com.ar\/v1\/#organization\"},\"image\":{\"@id\":\"https:\/\/radioinfinitagoya.com.ar\/v1\/2025\/06\/11\/cfk-decide-cuando-se-entregara-y-negocia-las-condiciones-de-su-detencion\/#primaryimage\"},\"thumbnailUrl\":\"https:\/\/radioinfinitagoya.com.ar\/v1\/wp-content\/uploads\/2025\/06\/orZ-pRPw.jpg\",\"articleSection\":[\"NACIONALES\"],\"inLanguage\":\"es-AR\"},{\"@type\":\"WebPage\",\"@id\":\"https:\/\/radioinfinitagoya.com.ar\/v1\/2025\/06\/11\/cfk-decide-cuando-se-entregara-y-negocia-las-condiciones-de-su-detencion\/\",\"url\":\"https:\/\/radioinfinitagoya.com.ar\/v1\/2025\/06\/11\/cfk-decide-cuando-se-entregara-y-negocia-las-condiciones-de-su-detencion\/\",\"name\":\"CFK decide cu\u00e1ndo se entregar\u00e1 y negocia las condiciones de su detenci\u00f3n - Radio Infinita Goya\",\"isPartOf\":{\"@id\":\"https:\/\/radioinfinitagoya.com.ar\/v1\/#website\"},\"primaryImageOfPage\":{\"@id\":\"https:\/\/radioinfinitagoya.com.ar\/v1\/2025\/06\/11\/cfk-decide-cuando-se-entregara-y-negocia-las-condiciones-de-su-detencion\/#primaryimage\"},\"image\":{\"@id\":\"https:\/\/radioinfinitagoya.com.ar\/v1\/2025\/06\/11\/cfk-decide-cuando-se-entregara-y-negocia-las-condiciones-de-su-detencion\/#primaryimage\"},\"thumbnailUrl\":\"https:\/\/radioinfinitagoya.com.ar\/v1\/wp-content\/uploads\/2025\/06\/orZ-pRPw.jpg\",\"datePublished\":\"2025-06-11T19:48:18+00:00\",\"description\":\"La expresidenta tiene un plazo de cinco d\u00edas para presentarse, luego de que la Corte Suprema ratificara los seis a\u00f1os de prisi\u00f3n por la causa Vialidad. Su\",\"breadcrumb\":{\"@id\":\"https:\/\/radioinfinitagoya.com.ar\/v1\/2025\/06\/11\/cfk-decide-cuando-se-entregara-y-negocia-las-condiciones-de-su-detencion\/#breadcrumb\"},\"inLanguage\":\"es-AR\",\"potentialAction\":[{\"@type\":\"ReadAction\",\"target\":[\"https:\/\/radioinfinitagoya.com.ar\/v1\/2025\/06\/11\/cfk-decide-cuando-se-entregara-y-negocia-las-condiciones-de-su-detencion\/\"]}]},{\"@type\":\"ImageObject\",\"inLanguage\":\"es-AR\",\"@id\":\"https:\/\/radioinfinitagoya.com.ar\/v1\/2025\/06\/11\/cfk-decide-cuando-se-entregara-y-negocia-las-condiciones-de-su-detencion\/#primaryimage\",\"url\":\"https:\/\/radioinfinitagoya.com.ar\/v1\/wp-content\/uploads\/2025\/06\/orZ-pRPw.jpg\",\"contentUrl\":\"https:\/\/radioinfinitagoya.com.ar\/v1\/wp-content\/uploads\/2025\/06\/orZ-pRPw.jpg\",\"width\":680,\"height\":381},{\"@type\":\"BreadcrumbList\",\"@id\":\"https:\/\/radioinfinitagoya.com.ar\/v1\/2025\/06\/11\/cfk-decide-cuando-se-entregara-y-negocia-las-condiciones-de-su-detencion\/#breadcrumb\",\"itemListElement\":[{\"@type\":\"ListItem\",\"position\":1,\"name\":\"Inicio\",\"item\":\"https:\/\/radioinfinitagoya.com.ar\/v1\/\"},{\"@type\":\"ListItem\",\"position\":2,\"name\":\"CFK decide cu\u00e1ndo se entregar\u00e1 y negocia las condiciones de su detenci\u00f3n\"}]},{\"@type\":\"WebSite\",\"@id\":\"https:\/\/radioinfinitagoya.com.ar\/v1\/#website\",\"url\":\"https:\/\/radioinfinitagoya.com.ar\/v1\/\",\"name\":\"radioinfinitagoya.com.ar\",\"description\":\"Radio de noticias\",\"publisher\":{\"@id\":\"https:\/\/radioinfinitagoya.com.ar\/v1\/#organization\"},\"potentialAction\":[{\"@type\":\"SearchAction\",\"target\":{\"@type\":\"EntryPoint\",\"urlTemplate\":\"https:\/\/radioinfinitagoya.com.ar\/v1\/?s={search_term_string}\"},\"query-input\":{\"@type\":\"PropertyValueSpecification\",\"valueRequired\":true,\"valueName\":\"search_term_string\"}}],\"inLanguage\":\"es-AR\"},{\"@type\":\"Organization\",\"@id\":\"https:\/\/radioinfinitagoya.com.ar\/v1\/#organization\",\"name\":\"Radio Infinita Goya\",\"url\":\"https:\/\/radioinfinitagoya.com.ar\/v1\/\",\"logo\":{\"@type\":\"ImageObject\",\"inLanguage\":\"es-AR\",\"@id\":\"https:\/\/radioinfinitagoya.com.ar\/v1\/#\/schema\/logo\/image\/\",\"url\":\"https:\/\/radioinfinitagoya.com.ar\/v1\/wp-content\/uploads\/2019\/11\/logo-pie-web.png\",\"contentUrl\":\"https:\/\/radioinfinitagoya.com.ar\/v1\/wp-content\/uploads\/2019\/11\/logo-pie-web.png\",\"width\":635,\"height\":326,\"caption\":\"Radio Infinita Goya\"},\"image\":{\"@id\":\"https:\/\/radioinfinitagoya.com.ar\/v1\/#\/schema\/logo\/image\/\"},\"sameAs\":[\"https:\/\/www.facebook.com\/p\/Infinita-Goya-100063870918311\/\"]},{\"@type\":\"Person\",\"@id\":\"https:\/\/radioinfinitagoya.com.ar\/v1\/#\/schema\/person\/d4cf9c413d4f6edb24aabdccab49ca4a\",\"name\":\"Jorge Mi\u00f1o\",\"image\":{\"@type\":\"ImageObject\",\"inLanguage\":\"es-AR\",\"@id\":\"https:\/\/secure.gravatar.com\/avatar\/910fcf6728fe95320e07a6643c1581fec1c7fc4bf8ae12e3d8f0d0373dc844be?s=96&d=mm&r=g\",\"url\":\"https:\/\/secure.gravatar.com\/avatar\/910fcf6728fe95320e07a6643c1581fec1c7fc4bf8ae12e3d8f0d0373dc844be?s=96&d=mm&r=g\",\"contentUrl\":\"https:\/\/secure.gravatar.com\/avatar\/910fcf6728fe95320e07a6643c1581fec1c7fc4bf8ae12e3d8f0d0373dc844be?s=96&d=mm&r=g\",\"caption\":\"Jorge Mi\u00f1o\"},\"sameAs\":[\"http:\/\/radioinfinitagoya.com.ar\"]}]}<\/script>\n<!-- \/ Yoast SEO plugin. -->","yoast_head_json":{"title":"CFK decide cu\u00e1ndo se entregar\u00e1 y negocia las condiciones de su detenci\u00f3n - Radio Infinita Goya","description":"La expresidenta tiene un plazo de cinco d\u00edas para presentarse, luego de que la Corte Suprema ratificara los seis a\u00f1os de prisi\u00f3n por la causa Vialidad. Su","robots":{"index":"index","follow":"follow","max-snippet":"max-snippet:-1","max-image-preview":"max-image-preview:large","max-video-preview":"max-video-preview:-1"},"canonical":"https:\/\/radioinfinitagoya.com.ar\/v1\/2025\/06\/11\/cfk-decide-cuando-se-entregara-y-negocia-las-condiciones-de-su-detencion\/","og_locale":"es_ES","og_type":"article","og_title":"CFK decide cu\u00e1ndo se entregar\u00e1 y negocia las condiciones de su detenci\u00f3n - Radio Infinita Goya","og_description":"La expresidenta tiene un plazo de cinco d\u00edas para presentarse, luego de que la Corte Suprema ratificara los seis a\u00f1os de prisi\u00f3n por la causa Vialidad. Su","og_url":"https:\/\/radioinfinitagoya.com.ar\/v1\/2025\/06\/11\/cfk-decide-cuando-se-entregara-y-negocia-las-condiciones-de-su-detencion\/","og_site_name":"Radio Infinita Goya","article_publisher":"https:\/\/www.facebook.com\/p\/Infinita-Goya-100063870918311\/","article_published_time":"2025-06-11T19:48:18+00:00","og_image":[{"width":680,"height":381,"url":"https:\/\/radioinfinitagoya.com.ar\/v1\/wp-content\/uploads\/2025\/06\/orZ-pRPw.jpg","type":"image\/jpeg"}],"author":"Jorge Mi\u00f1o","twitter_card":"summary_large_image","twitter_misc":{"Escrito por":"Jorge Mi\u00f1o","Tiempo de lectura":"3 minutos"},"schema":{"@context":"https:\/\/schema.org","@graph":[{"@type":"Article","@id":"https:\/\/radioinfinitagoya.com.ar\/v1\/2025\/06\/11\/cfk-decide-cuando-se-entregara-y-negocia-las-condiciones-de-su-detencion\/#article","isPartOf":{"@id":"https:\/\/radioinfinitagoya.com.ar\/v1\/2025\/06\/11\/cfk-decide-cuando-se-entregara-y-negocia-las-condiciones-de-su-detencion\/"},"author":{"name":"Jorge Mi\u00f1o","@id":"https:\/\/radioinfinitagoya.com.ar\/v1\/#\/schema\/person\/d4cf9c413d4f6edb24aabdccab49ca4a"},"headline":"CFK decide cu\u00e1ndo se entregar\u00e1 y negocia las condiciones de su detenci\u00f3n","datePublished":"2025-06-11T19:48:18+00:00","mainEntityOfPage":{"@id":"https:\/\/radioinfinitagoya.com.ar\/v1\/2025\/06\/11\/cfk-decide-cuando-se-entregara-y-negocia-las-condiciones-de-su-detencion\/"},"wordCount":478,"publisher":{"@id":"https:\/\/radioinfinitagoya.com.ar\/v1\/#organization"},"image":{"@id":"https:\/\/radioinfinitagoya.com.ar\/v1\/2025\/06\/11\/cfk-decide-cuando-se-entregara-y-negocia-las-condiciones-de-su-detencion\/#primaryimage"},"thumbnailUrl":"https:\/\/radioinfinitagoya.com.ar\/v1\/wp-content\/uploads\/2025\/06\/orZ-pRPw.jpg","articleSection":["NACIONALES"],"inLanguage":"es-AR"},{"@type":"WebPage","@id":"https:\/\/radioinfinitagoya.com.ar\/v1\/2025\/06\/11\/cfk-decide-cuando-se-entregara-y-negocia-las-condiciones-de-su-detencion\/","url":"https:\/\/radioinfinitagoya.com.ar\/v1\/2025\/06\/11\/cfk-decide-cuando-se-entregara-y-negocia-las-condiciones-de-su-detencion\/","name":"CFK decide cu\u00e1ndo se entregar\u00e1 y negocia las condiciones de su detenci\u00f3n - Radio Infinita Goya","isPartOf":{"@id":"https:\/\/radioinfinitagoya.com.ar\/v1\/#website"},"primaryImageOfPage":{"@id":"https:\/\/radioinfinitagoya.com.ar\/v1\/2025\/06\/11\/cfk-decide-cuando-se-entregara-y-negocia-las-condiciones-de-su-detencion\/#primaryimage"},"image":{"@id":"https:\/\/radioinfinitagoya.com.ar\/v1\/2025\/06\/11\/cfk-decide-cuando-se-entregara-y-negocia-las-condiciones-de-su-detencion\/#primaryimage"},"thumbnailUrl":"https:\/\/radioinfinitagoya.com.ar\/v1\/wp-content\/uploads\/2025\/06\/orZ-pRPw.jpg","datePublished":"2025-06-11T19:48:18+00:00","description":"La expresidenta tiene un plazo de cinco d\u00edas para presentarse, luego de que la Corte Suprema ratificara los seis a\u00f1os de prisi\u00f3n por la causa Vialidad. Su","breadcrumb":{"@id":"https:\/\/radioinfinitagoya.com.ar\/v1\/2025\/06\/11\/cfk-decide-cuando-se-entregara-y-negocia-las-condiciones-de-su-detencion\/#breadcrumb"},"inLanguage":"es-AR","potentialAction":[{"@type":"ReadAction","target":["https:\/\/radioinfinitagoya.com.ar\/v1\/2025\/06\/11\/cfk-decide-cuando-se-entregara-y-negocia-las-condiciones-de-su-detencion\/"]}]},{"@type":"ImageObject","inLanguage":"es-AR","@id":"https:\/\/radioinfinitagoya.com.ar\/v1\/2025\/06\/11\/cfk-decide-cuando-se-entregara-y-negocia-las-condiciones-de-su-detencion\/#primaryimage","url":"https:\/\/radioinfinitagoya.com.ar\/v1\/wp-content\/uploads\/2025\/06\/orZ-pRPw.jpg","contentUrl":"https:\/\/radioinfinitagoya.com.ar\/v1\/wp-content\/uploads\/2025\/06\/orZ-pRPw.jpg","width":680,"height":381},{"@type":"BreadcrumbList","@id":"https:\/\/radioinfinitagoya.com.ar\/v1\/2025\/06\/11\/cfk-decide-cuando-se-entregara-y-negocia-las-condiciones-de-su-detencion\/#breadcrumb","itemListElement":[{"@type":"ListItem","position":1,"name":"Inicio","item":"https:\/\/radioinfinitagoya.com.ar\/v1\/"},{"@type":"ListItem","position":2,"name":"CFK decide cu\u00e1ndo se entregar\u00e1 y negocia las condiciones de su detenci\u00f3n"}]},{"@type":"WebSite","@id":"https:\/\/radioinfinitagoya.com.ar\/v1\/#website","url":"https:\/\/radioinfinitagoya.com.ar\/v1\/","name":"radioinfinitagoya.com.ar","description":"Radio de noticias","publisher":{"@id":"https:\/\/radioinfinitagoya.com.ar\/v1\/#organization"},"potentialAction":[{"@type":"SearchAction","target":{"@type":"EntryPoint","urlTemplate":"https:\/\/radioinfinitagoya.com.ar\/v1\/?s={search_term_string}"},"query-input":{"@type":"PropertyValueSpecification","valueRequired":true,"valueName":"search_term_string"}}],"inLanguage":"es-AR"},{"@type":"Organization","@id":"https:\/\/radioinfinitagoya.com.ar\/v1\/#organization","name":"Radio Infinita Goya","url":"https:\/\/radioinfinitagoya.com.ar\/v1\/","logo":{"@type":"ImageObject","inLanguage":"es-AR","@id":"https:\/\/radioinfinitagoya.com.ar\/v1\/#\/schema\/logo\/image\/","url":"https:\/\/radioinfinitagoya.com.ar\/v1\/wp-content\/uploads\/2019\/11\/logo-pie-web.png","contentUrl":"https:\/\/radioinfinitagoya.com.ar\/v1\/wp-content\/uploads\/2019\/11\/logo-pie-web.png","width":635,"height":326,"caption":"Radio Infinita Goya"},"image":{"@id":"https:\/\/radioinfinitagoya.com.ar\/v1\/#\/schema\/logo\/image\/"},"sameAs":["https:\/\/www.facebook.com\/p\/Infinita-Goya-100063870918311\/"]},{"@type":"Person","@id":"https:\/\/radioinfinitagoya.com.ar\/v1\/#\/schema\/person\/d4cf9c413d4f6edb24aabdccab49ca4a","name":"Jorge Mi\u00f1o","image":{"@type":"ImageObject","inLanguage":"es-AR","@id":"https:\/\/secure.gravatar.com\/avatar\/910fcf6728fe95320e07a6643c1581fec1c7fc4bf8ae12e3d8f0d0373dc844be?s=96&d=mm&r=g","url":"https:\/\/secure.gravatar.com\/avatar\/910fcf6728fe95320e07a6643c1581fec1c7fc4bf8ae12e3d8f0d0373dc844be?s=96&d=mm&r=g","contentUrl":"https:\/\/secure.gravatar.com\/avatar\/910fcf6728fe95320e07a6643c1581fec1c7fc4bf8ae12e3d8f0d0373dc844be?s=96&d=mm&r=g","caption":"Jorge Mi\u00f1o"},"sameAs":["http:\/\/radioinfinitagoya.com.ar"]}]}},"_links":{"self":[{"href":"https:\/\/radioinfinitagoya.com.ar\/v1\/wp-json\/wp\/v2\/posts\/191328","targetHints":{"allow":["GET"]}}],"collection":[{"href":"https:\/\/radioinfinitagoya.com.ar\/v1\/wp-json\/wp\/v2\/posts"}],"about":[{"href":"https:\/\/radioinfinitagoya.com.ar\/v1\/wp-json\/wp\/v2\/types\/post"}],"author":[{"embeddable":true,"href":"https:\/\/radioinfinitagoya.com.ar\/v1\/wp-json\/wp\/v2\/users\/4"}],"replies":[{"embeddable":true,"href":"https:\/\/radioinfinitagoya.com.ar\/v1\/wp-json\/wp\/v2\/comments?post=191328"}],"version-history":[{"count":0,"href":"https:\/\/radioinfinitagoya.com.ar\/v1\/wp-json\/wp\/v2\/posts\/191328\/revisions"}],"wp:featuredmedia":[{"embeddable":true,"href":"https:\/\/radioinfinitagoya.com.ar\/v1\/wp-json\/wp\/v2\/media\/191329"}],"wp:attachment":[{"href":"https:\/\/radioinfinitagoya.com.ar\/v1\/wp-json\/wp\/v2\/media?parent=191328"}],"wp:term":[{"taxonomy":"category","embeddable":true,"href":"https:\/\/radioinfinitagoya.com.ar\/v1\/wp-json\/wp\/v2\/categories?post=191328"},{"taxonomy":"post_tag","embeddable":true,"href":"https:\/\/radioinfinitagoya.com.ar\/v1\/wp-json\/wp\/v2\/tags?post=191328"}],"curies":[{"name":"wp","href":"https:\/\/api.w.org\/{rel}","templated":true}]}}