{"id":191337,"date":"2025-06-11T16:56:21","date_gmt":"2025-06-11T19:56:21","guid":{"rendered":"https:\/\/radioinfinitagoya.com.ar\/v1\/?p=191337"},"modified":"2025-06-11T16:56:21","modified_gmt":"2025-06-11T19:56:21","slug":"mariana-hormaechea-recibio-a-fundacion-valiente","status":"publish","type":"post","link":"https:\/\/radioinfinitagoya.com.ar\/v1\/2025\/06\/11\/mariana-hormaechea-recibio-a-fundacion-valiente\/","title":{"rendered":"Mariana Hormaechea recibi\u00f3 a Fundaci\u00f3n Valiente"},"content":{"rendered":"<p>Este mi\u00e9rcoles 11 de junio por la ma\u00f1ana, el intendente de Goya, doctor Mariano Hormaechea, recibi\u00f3 en el Sal\u00f3n de Acuerdos del palacio municipal a representantes de la Fundaci\u00f3n Valiente, organizaci\u00f3n que brinda servicios terap\u00e9uticos a ni\u00f1os de bajos recursos y sin cobertura social.<\/p>\n<p>Participaron del encuentro Romina Ponce de Le\u00f3n, presidente de la ONG; Mirta Sosa, secretaria; y miembros de la Comisi\u00f3n de Padres, quienes se acercaron para compartir detalles del trabajo que realizan diariamente y los desaf\u00edos que enfrentan para sostener los tratamientos.<\/p>\n<p>Durante el encuentro, los miembros de la Fundaci\u00f3n informaron al jefe comunal sobre los preparativos de un bingo solidario que se realizar\u00e1 el s\u00e1bado 9 de agosto a partir de las 15 horas, en el galp\u00f3n del gimnasio de la Escuela Valent\u00edn Virasoro. Este evento tiene como objetivo recaudar fondos para solventar los tratamientos de los ni\u00f1os que asisten al centro de educaci\u00f3n terap\u00e9utica.<\/p>\n<p>La Municipalidad de Goya, acompa\u00f1a esta iniciativa, el intendente Hormaechea colabor\u00f3 con los premios que se van a sortear, la ayuda econ\u00f3mica para solventar estos premios, reafirmando el compromiso y colaboraci\u00f3n con esta causa. Adem\u00e1s, destac\u00f3 la labor que realiza la Fundaci\u00f3n Valiente y expres\u00f3 su predisposici\u00f3n a seguir acompa\u00f1ando sus iniciativas.<\/p>\n<p>Desde la Fundaci\u00f3n agradecieron la buena predisposici\u00f3n del intendente y se\u00f1alaron que este tipo de acciones solidarias permiten dar continuidad a tratamientos fundamentales para mejorar la calidad de vida de los ni\u00f1os.<br \/>\nCabe destacar que la Fundaci\u00f3n Valiente funciona en su sede ubicada en calle \u00c1ngel Soto 880, donde d\u00eda a d\u00eda brinda contenci\u00f3n y servicios terap\u00e9uticos esenciales para ni\u00f1os y familias que m\u00e1s lo necesitan.<\/p>\n<p>Direcci\u00f3n de Prensa &#8211; Municipalidad de Goya<\/p>\n","protected":false},"excerpt":{"rendered":"<p>Este mi\u00e9rcoles 11 de junio por la ma\u00f1ana, el intendente de Goya, doctor Mariano Hormaechea, recibi\u00f3 en el Sal\u00f3n de Acuerdos del palacio municipal a representantes de la Fundaci\u00f3n Valiente, organizaci\u00f3n que brinda servicios terap\u00e9uticos a ni\u00f1os de bajos recursos y sin cobertura social. Participaron del encuentro Romina Ponce de Le\u00f3n, presidente de la ONG; [&hellip;]<\/p>\n","protected":false},"author":4,"featured_media":191338,"comment_status":"closed","ping_status":"closed","sticky":false,"template":"","format":"standard","meta":{"_joinchat":[],"footnotes":""},"categories":[27],"tags":[],"class_list":{"0":"post-191337","1":"post","2":"type-post","3":"status-publish","4":"format-standard","5":"has-post-thumbnail","7":"category-locales"},"yoast_head":"<!-- This site is optimized with the Yoast SEO plugin v27.2 - https:\/\/yoast.com\/product\/yoast-seo-wordpress\/ -->\n<title>Mariana Hormaechea recibi\u00f3 a Fundaci\u00f3n Valiente - Radio Infinita Goya<\/title>\n<meta name=\"description\" content=\"Este mi\u00e9rcoles 11 de junio por la ma\u00f1ana, el intendente de Goya, doctor Mariano Hormaechea, recibi\u00f3 en el Sal\u00f3n de Acuerdos del palacio municipal a\" \/>\n<meta name=\"robots\" content=\"index, follow, max-snippet:-1, max-image-preview:large, max-video-preview:-1\" \/>\n<link rel=\"canonical\" href=\"https:\/\/radioinfinitagoya.com.ar\/v1\/2025\/06\/11\/mariana-hormaechea-recibio-a-fundacion-valiente\/\" \/>\n<meta property=\"og:locale\" content=\"es_ES\" \/>\n<meta property=\"og:type\" content=\"article\" \/>\n<meta property=\"og:title\" content=\"Mariana Hormaechea recibi\u00f3 a Fundaci\u00f3n Valiente - Radio Infinita Goya\" \/>\n<meta property=\"og:description\" content=\"Este mi\u00e9rcoles 11 de junio por la ma\u00f1ana, el intendente de Goya, doctor Mariano Hormaechea, recibi\u00f3 en el Sal\u00f3n de Acuerdos del palacio municipal a\" \/>\n<meta property=\"og:url\" content=\"https:\/\/radioinfinitagoya.com.ar\/v1\/2025\/06\/11\/mariana-hormaechea-recibio-a-fundacion-valiente\/\" \/>\n<meta property=\"og:site_name\" content=\"Radio Infinita Goya\" \/>\n<meta property=\"article:publisher\" content=\"https:\/\/www.facebook.com\/p\/Infinita-Goya-100063870918311\/\" \/>\n<meta property=\"article:published_time\" content=\"2025-06-11T19:56:21+00:00\" \/>\n<meta property=\"og:image\" content=\"https:\/\/radioinfinitagoya.com.ar\/v1\/wp-content\/uploads\/2025\/06\/bingo_solidario_fundacion_valien.jpg\" \/>\n\t<meta property=\"og:image:width\" content=\"848\" \/>\n\t<meta property=\"og:image:height\" content=\"477\" \/>\n\t<meta property=\"og:image:type\" content=\"image\/jpeg\" \/>\n<meta name=\"author\" content=\"Jorge Mi\u00f1o\" \/>\n<meta name=\"twitter:card\" content=\"summary_large_image\" \/>\n<meta name=\"twitter:label1\" content=\"Escrito por\" \/>\n\t<meta name=\"twitter:data1\" content=\"Jorge Mi\u00f1o\" \/>\n\t<meta name=\"twitter:label2\" content=\"Tiempo de lectura\" \/>\n\t<meta name=\"twitter:data2\" content=\"2 minutos\" \/>\n<script type=\"application\/ld+json\" class=\"yoast-schema-graph\">{\"@context\":\"https:\/\/schema.org\",\"@graph\":[{\"@type\":\"Article\",\"@id\":\"https:\/\/radioinfinitagoya.com.ar\/v1\/2025\/06\/11\/mariana-hormaechea-recibio-a-fundacion-valiente\/#article\",\"isPartOf\":{\"@id\":\"https:\/\/radioinfinitagoya.com.ar\/v1\/2025\/06\/11\/mariana-hormaechea-recibio-a-fundacion-valiente\/\"},\"author\":{\"name\":\"Jorge Mi\u00f1o\",\"@id\":\"https:\/\/radioinfinitagoya.com.ar\/v1\/#\/schema\/person\/d4cf9c413d4f6edb24aabdccab49ca4a\"},\"headline\":\"Mariana Hormaechea recibi\u00f3 a Fundaci\u00f3n Valiente\",\"datePublished\":\"2025-06-11T19:56:21+00:00\",\"mainEntityOfPage\":{\"@id\":\"https:\/\/radioinfinitagoya.com.ar\/v1\/2025\/06\/11\/mariana-hormaechea-recibio-a-fundacion-valiente\/\"},\"wordCount\":313,\"publisher\":{\"@id\":\"https:\/\/radioinfinitagoya.com.ar\/v1\/#organization\"},\"image\":{\"@id\":\"https:\/\/radioinfinitagoya.com.ar\/v1\/2025\/06\/11\/mariana-hormaechea-recibio-a-fundacion-valiente\/#primaryimage\"},\"thumbnailUrl\":\"https:\/\/radioinfinitagoya.com.ar\/v1\/wp-content\/uploads\/2025\/06\/bingo_solidario_fundacion_valien.jpg\",\"articleSection\":[\"LOCALES\"],\"inLanguage\":\"es-AR\"},{\"@type\":\"WebPage\",\"@id\":\"https:\/\/radioinfinitagoya.com.ar\/v1\/2025\/06\/11\/mariana-hormaechea-recibio-a-fundacion-valiente\/\",\"url\":\"https:\/\/radioinfinitagoya.com.ar\/v1\/2025\/06\/11\/mariana-hormaechea-recibio-a-fundacion-valiente\/\",\"name\":\"Mariana Hormaechea recibi\u00f3 a Fundaci\u00f3n Valiente - Radio Infinita Goya\",\"isPartOf\":{\"@id\":\"https:\/\/radioinfinitagoya.com.ar\/v1\/#website\"},\"primaryImageOfPage\":{\"@id\":\"https:\/\/radioinfinitagoya.com.ar\/v1\/2025\/06\/11\/mariana-hormaechea-recibio-a-fundacion-valiente\/#primaryimage\"},\"image\":{\"@id\":\"https:\/\/radioinfinitagoya.com.ar\/v1\/2025\/06\/11\/mariana-hormaechea-recibio-a-fundacion-valiente\/#primaryimage\"},\"thumbnailUrl\":\"https:\/\/radioinfinitagoya.com.ar\/v1\/wp-content\/uploads\/2025\/06\/bingo_solidario_fundacion_valien.jpg\",\"datePublished\":\"2025-06-11T19:56:21+00:00\",\"description\":\"Este mi\u00e9rcoles 11 de junio por la ma\u00f1ana, el intendente de Goya, doctor Mariano Hormaechea, recibi\u00f3 en el Sal\u00f3n de Acuerdos del palacio municipal a\",\"breadcrumb\":{\"@id\":\"https:\/\/radioinfinitagoya.com.ar\/v1\/2025\/06\/11\/mariana-hormaechea-recibio-a-fundacion-valiente\/#breadcrumb\"},\"inLanguage\":\"es-AR\",\"potentialAction\":[{\"@type\":\"ReadAction\",\"target\":[\"https:\/\/radioinfinitagoya.com.ar\/v1\/2025\/06\/11\/mariana-hormaechea-recibio-a-fundacion-valiente\/\"]}]},{\"@type\":\"ImageObject\",\"inLanguage\":\"es-AR\",\"@id\":\"https:\/\/radioinfinitagoya.com.ar\/v1\/2025\/06\/11\/mariana-hormaechea-recibio-a-fundacion-valiente\/#primaryimage\",\"url\":\"https:\/\/radioinfinitagoya.com.ar\/v1\/wp-content\/uploads\/2025\/06\/bingo_solidario_fundacion_valien.jpg\",\"contentUrl\":\"https:\/\/radioinfinitagoya.com.ar\/v1\/wp-content\/uploads\/2025\/06\/bingo_solidario_fundacion_valien.jpg\",\"width\":848,\"height\":477},{\"@type\":\"BreadcrumbList\",\"@id\":\"https:\/\/radioinfinitagoya.com.ar\/v1\/2025\/06\/11\/mariana-hormaechea-recibio-a-fundacion-valiente\/#breadcrumb\",\"itemListElement\":[{\"@type\":\"ListItem\",\"position\":1,\"name\":\"Inicio\",\"item\":\"https:\/\/radioinfinitagoya.com.ar\/v1\/\"},{\"@type\":\"ListItem\",\"position\":2,\"name\":\"Mariana Hormaechea recibi\u00f3 a Fundaci\u00f3n Valiente\"}]},{\"@type\":\"WebSite\",\"@id\":\"https:\/\/radioinfinitagoya.com.ar\/v1\/#website\",\"url\":\"https:\/\/radioinfinitagoya.com.ar\/v1\/\",\"name\":\"radioinfinitagoya.com.ar\",\"description\":\"Radio de noticias\",\"publisher\":{\"@id\":\"https:\/\/radioinfinitagoya.com.ar\/v1\/#organization\"},\"potentialAction\":[{\"@type\":\"SearchAction\",\"target\":{\"@type\":\"EntryPoint\",\"urlTemplate\":\"https:\/\/radioinfinitagoya.com.ar\/v1\/?s={search_term_string}\"},\"query-input\":{\"@type\":\"PropertyValueSpecification\",\"valueRequired\":true,\"valueName\":\"search_term_string\"}}],\"inLanguage\":\"es-AR\"},{\"@type\":\"Organization\",\"@id\":\"https:\/\/radioinfinitagoya.com.ar\/v1\/#organization\",\"name\":\"Radio Infinita Goya\",\"url\":\"https:\/\/radioinfinitagoya.com.ar\/v1\/\",\"logo\":{\"@type\":\"ImageObject\",\"inLanguage\":\"es-AR\",\"@id\":\"https:\/\/radioinfinitagoya.com.ar\/v1\/#\/schema\/logo\/image\/\",\"url\":\"https:\/\/radioinfinitagoya.com.ar\/v1\/wp-content\/uploads\/2019\/11\/logo-pie-web.png\",\"contentUrl\":\"https:\/\/radioinfinitagoya.com.ar\/v1\/wp-content\/uploads\/2019\/11\/logo-pie-web.png\",\"width\":635,\"height\":326,\"caption\":\"Radio Infinita Goya\"},\"image\":{\"@id\":\"https:\/\/radioinfinitagoya.com.ar\/v1\/#\/schema\/logo\/image\/\"},\"sameAs\":[\"https:\/\/www.facebook.com\/p\/Infinita-Goya-100063870918311\/\"]},{\"@type\":\"Person\",\"@id\":\"https:\/\/radioinfinitagoya.com.ar\/v1\/#\/schema\/person\/d4cf9c413d4f6edb24aabdccab49ca4a\",\"name\":\"Jorge Mi\u00f1o\",\"image\":{\"@type\":\"ImageObject\",\"inLanguage\":\"es-AR\",\"@id\":\"https:\/\/secure.gravatar.com\/avatar\/910fcf6728fe95320e07a6643c1581fec1c7fc4bf8ae12e3d8f0d0373dc844be?s=96&d=mm&r=g\",\"url\":\"https:\/\/secure.gravatar.com\/avatar\/910fcf6728fe95320e07a6643c1581fec1c7fc4bf8ae12e3d8f0d0373dc844be?s=96&d=mm&r=g\",\"contentUrl\":\"https:\/\/secure.gravatar.com\/avatar\/910fcf6728fe95320e07a6643c1581fec1c7fc4bf8ae12e3d8f0d0373dc844be?s=96&d=mm&r=g\",\"caption\":\"Jorge Mi\u00f1o\"},\"sameAs\":[\"http:\/\/radioinfinitagoya.com.ar\"]}]}<\/script>\n<!-- \/ Yoast SEO plugin. -->","yoast_head_json":{"title":"Mariana Hormaechea recibi\u00f3 a Fundaci\u00f3n Valiente - Radio Infinita Goya","description":"Este mi\u00e9rcoles 11 de junio por la ma\u00f1ana, el intendente de Goya, doctor Mariano Hormaechea, recibi\u00f3 en el Sal\u00f3n de Acuerdos del palacio municipal a","robots":{"index":"index","follow":"follow","max-snippet":"max-snippet:-1","max-image-preview":"max-image-preview:large","max-video-preview":"max-video-preview:-1"},"canonical":"https:\/\/radioinfinitagoya.com.ar\/v1\/2025\/06\/11\/mariana-hormaechea-recibio-a-fundacion-valiente\/","og_locale":"es_ES","og_type":"article","og_title":"Mariana Hormaechea recibi\u00f3 a Fundaci\u00f3n Valiente - Radio Infinita Goya","og_description":"Este mi\u00e9rcoles 11 de junio por la ma\u00f1ana, el intendente de Goya, doctor Mariano Hormaechea, recibi\u00f3 en el Sal\u00f3n de Acuerdos del palacio municipal a","og_url":"https:\/\/radioinfinitagoya.com.ar\/v1\/2025\/06\/11\/mariana-hormaechea-recibio-a-fundacion-valiente\/","og_site_name":"Radio Infinita Goya","article_publisher":"https:\/\/www.facebook.com\/p\/Infinita-Goya-100063870918311\/","article_published_time":"2025-06-11T19:56:21+00:00","og_image":[{"width":848,"height":477,"url":"https:\/\/radioinfinitagoya.com.ar\/v1\/wp-content\/uploads\/2025\/06\/bingo_solidario_fundacion_valien.jpg","type":"image\/jpeg"}],"author":"Jorge Mi\u00f1o","twitter_card":"summary_large_image","twitter_misc":{"Escrito por":"Jorge Mi\u00f1o","Tiempo de lectura":"2 minutos"},"schema":{"@context":"https:\/\/schema.org","@graph":[{"@type":"Article","@id":"https:\/\/radioinfinitagoya.com.ar\/v1\/2025\/06\/11\/mariana-hormaechea-recibio-a-fundacion-valiente\/#article","isPartOf":{"@id":"https:\/\/radioinfinitagoya.com.ar\/v1\/2025\/06\/11\/mariana-hormaechea-recibio-a-fundacion-valiente\/"},"author":{"name":"Jorge Mi\u00f1o","@id":"https:\/\/radioinfinitagoya.com.ar\/v1\/#\/schema\/person\/d4cf9c413d4f6edb24aabdccab49ca4a"},"headline":"Mariana Hormaechea recibi\u00f3 a Fundaci\u00f3n Valiente","datePublished":"2025-06-11T19:56:21+00:00","mainEntityOfPage":{"@id":"https:\/\/radioinfinitagoya.com.ar\/v1\/2025\/06\/11\/mariana-hormaechea-recibio-a-fundacion-valiente\/"},"wordCount":313,"publisher":{"@id":"https:\/\/radioinfinitagoya.com.ar\/v1\/#organization"},"image":{"@id":"https:\/\/radioinfinitagoya.com.ar\/v1\/2025\/06\/11\/mariana-hormaechea-recibio-a-fundacion-valiente\/#primaryimage"},"thumbnailUrl":"https:\/\/radioinfinitagoya.com.ar\/v1\/wp-content\/uploads\/2025\/06\/bingo_solidario_fundacion_valien.jpg","articleSection":["LOCALES"],"inLanguage":"es-AR"},{"@type":"WebPage","@id":"https:\/\/radioinfinitagoya.com.ar\/v1\/2025\/06\/11\/mariana-hormaechea-recibio-a-fundacion-valiente\/","url":"https:\/\/radioinfinitagoya.com.ar\/v1\/2025\/06\/11\/mariana-hormaechea-recibio-a-fundacion-valiente\/","name":"Mariana Hormaechea recibi\u00f3 a Fundaci\u00f3n Valiente - Radio Infinita Goya","isPartOf":{"@id":"https:\/\/radioinfinitagoya.com.ar\/v1\/#website"},"primaryImageOfPage":{"@id":"https:\/\/radioinfinitagoya.com.ar\/v1\/2025\/06\/11\/mariana-hormaechea-recibio-a-fundacion-valiente\/#primaryimage"},"image":{"@id":"https:\/\/radioinfinitagoya.com.ar\/v1\/2025\/06\/11\/mariana-hormaechea-recibio-a-fundacion-valiente\/#primaryimage"},"thumbnailUrl":"https:\/\/radioinfinitagoya.com.ar\/v1\/wp-content\/uploads\/2025\/06\/bingo_solidario_fundacion_valien.jpg","datePublished":"2025-06-11T19:56:21+00:00","description":"Este mi\u00e9rcoles 11 de junio por la ma\u00f1ana, el intendente de Goya, doctor Mariano Hormaechea, recibi\u00f3 en el Sal\u00f3n de Acuerdos del palacio municipal a","breadcrumb":{"@id":"https:\/\/radioinfinitagoya.com.ar\/v1\/2025\/06\/11\/mariana-hormaechea-recibio-a-fundacion-valiente\/#breadcrumb"},"inLanguage":"es-AR","potentialAction":[{"@type":"ReadAction","target":["https:\/\/radioinfinitagoya.com.ar\/v1\/2025\/06\/11\/mariana-hormaechea-recibio-a-fundacion-valiente\/"]}]},{"@type":"ImageObject","inLanguage":"es-AR","@id":"https:\/\/radioinfinitagoya.com.ar\/v1\/2025\/06\/11\/mariana-hormaechea-recibio-a-fundacion-valiente\/#primaryimage","url":"https:\/\/radioinfinitagoya.com.ar\/v1\/wp-content\/uploads\/2025\/06\/bingo_solidario_fundacion_valien.jpg","contentUrl":"https:\/\/radioinfinitagoya.com.ar\/v1\/wp-content\/uploads\/2025\/06\/bingo_solidario_fundacion_valien.jpg","width":848,"height":477},{"@type":"BreadcrumbList","@id":"https:\/\/radioinfinitagoya.com.ar\/v1\/2025\/06\/11\/mariana-hormaechea-recibio-a-fundacion-valiente\/#breadcrumb","itemListElement":[{"@type":"ListItem","position":1,"name":"Inicio","item":"https:\/\/radioinfinitagoya.com.ar\/v1\/"},{"@type":"ListItem","position":2,"name":"Mariana Hormaechea recibi\u00f3 a Fundaci\u00f3n Valiente"}]},{"@type":"WebSite","@id":"https:\/\/radioinfinitagoya.com.ar\/v1\/#website","url":"https:\/\/radioinfinitagoya.com.ar\/v1\/","name":"radioinfinitagoya.com.ar","description":"Radio de noticias","publisher":{"@id":"https:\/\/radioinfinitagoya.com.ar\/v1\/#organization"},"potentialAction":[{"@type":"SearchAction","target":{"@type":"EntryPoint","urlTemplate":"https:\/\/radioinfinitagoya.com.ar\/v1\/?s={search_term_string}"},"query-input":{"@type":"PropertyValueSpecification","valueRequired":true,"valueName":"search_term_string"}}],"inLanguage":"es-AR"},{"@type":"Organization","@id":"https:\/\/radioinfinitagoya.com.ar\/v1\/#organization","name":"Radio Infinita Goya","url":"https:\/\/radioinfinitagoya.com.ar\/v1\/","logo":{"@type":"ImageObject","inLanguage":"es-AR","@id":"https:\/\/radioinfinitagoya.com.ar\/v1\/#\/schema\/logo\/image\/","url":"https:\/\/radioinfinitagoya.com.ar\/v1\/wp-content\/uploads\/2019\/11\/logo-pie-web.png","contentUrl":"https:\/\/radioinfinitagoya.com.ar\/v1\/wp-content\/uploads\/2019\/11\/logo-pie-web.png","width":635,"height":326,"caption":"Radio Infinita Goya"},"image":{"@id":"https:\/\/radioinfinitagoya.com.ar\/v1\/#\/schema\/logo\/image\/"},"sameAs":["https:\/\/www.facebook.com\/p\/Infinita-Goya-100063870918311\/"]},{"@type":"Person","@id":"https:\/\/radioinfinitagoya.com.ar\/v1\/#\/schema\/person\/d4cf9c413d4f6edb24aabdccab49ca4a","name":"Jorge Mi\u00f1o","image":{"@type":"ImageObject","inLanguage":"es-AR","@id":"https:\/\/secure.gravatar.com\/avatar\/910fcf6728fe95320e07a6643c1581fec1c7fc4bf8ae12e3d8f0d0373dc844be?s=96&d=mm&r=g","url":"https:\/\/secure.gravatar.com\/avatar\/910fcf6728fe95320e07a6643c1581fec1c7fc4bf8ae12e3d8f0d0373dc844be?s=96&d=mm&r=g","contentUrl":"https:\/\/secure.gravatar.com\/avatar\/910fcf6728fe95320e07a6643c1581fec1c7fc4bf8ae12e3d8f0d0373dc844be?s=96&d=mm&r=g","caption":"Jorge Mi\u00f1o"},"sameAs":["http:\/\/radioinfinitagoya.com.ar"]}]}},"_links":{"self":[{"href":"https:\/\/radioinfinitagoya.com.ar\/v1\/wp-json\/wp\/v2\/posts\/191337","targetHints":{"allow":["GET"]}}],"collection":[{"href":"https:\/\/radioinfinitagoya.com.ar\/v1\/wp-json\/wp\/v2\/posts"}],"about":[{"href":"https:\/\/radioinfinitagoya.com.ar\/v1\/wp-json\/wp\/v2\/types\/post"}],"author":[{"embeddable":true,"href":"https:\/\/radioinfinitagoya.com.ar\/v1\/wp-json\/wp\/v2\/users\/4"}],"replies":[{"embeddable":true,"href":"https:\/\/radioinfinitagoya.com.ar\/v1\/wp-json\/wp\/v2\/comments?post=191337"}],"version-history":[{"count":0,"href":"https:\/\/radioinfinitagoya.com.ar\/v1\/wp-json\/wp\/v2\/posts\/191337\/revisions"}],"wp:featuredmedia":[{"embeddable":true,"href":"https:\/\/radioinfinitagoya.com.ar\/v1\/wp-json\/wp\/v2\/media\/191338"}],"wp:attachment":[{"href":"https:\/\/radioinfinitagoya.com.ar\/v1\/wp-json\/wp\/v2\/media?parent=191337"}],"wp:term":[{"taxonomy":"category","embeddable":true,"href":"https:\/\/radioinfinitagoya.com.ar\/v1\/wp-json\/wp\/v2\/categories?post=191337"},{"taxonomy":"post_tag","embeddable":true,"href":"https:\/\/radioinfinitagoya.com.ar\/v1\/wp-json\/wp\/v2\/tags?post=191337"}],"curies":[{"name":"wp","href":"https:\/\/api.w.org\/{rel}","templated":true}]}}