{"id":191349,"date":"2025-06-11T17:12:42","date_gmt":"2025-06-11T20:12:42","guid":{"rendered":"https:\/\/radioinfinitagoya.com.ar\/v1\/?p=191349"},"modified":"2025-06-11T17:12:42","modified_gmt":"2025-06-11T20:12:42","slug":"mark-zuckerberg-creo-un-grupo-de-whatsapp-para-contratar-al-nuevo-equipo-de-superinteligencia","status":"publish","type":"post","link":"https:\/\/radioinfinitagoya.com.ar\/v1\/2025\/06\/11\/mark-zuckerberg-creo-un-grupo-de-whatsapp-para-contratar-al-nuevo-equipo-de-superinteligencia\/","title":{"rendered":"Mark Zuckerberg cre\u00f3 un grupo de WhatsApp para contratar al nuevo equipo de \u201csuperinteligencia\u201d"},"content":{"rendered":"<p>En su opini\u00f3n, Meta puede y debe superar a otras empresas tecnol\u00f3gicas en la consecuci\u00f3n de lo que se conoce como inteligencia artificial general<\/p>\n<p>Mark Zuckerberg, frustrado con las deficiencias de Meta Platforms Inc. en materia de IA, est\u00e1 reuniendo un equipo de expertos para lograr la inteligencia artificial general, reclutando a un grupo de investigadores e ingenieros de IA que se han reunido con \u00e9l en las \u00faltimas semanas en sus casas de Lake Tahoe y Palo Alto.<\/p>\n<p>Seg\u00fan personas familiarizadas con sus planes, Zuckerberg ha dado prioridad a la contrataci\u00f3n de personal para este nuevo y secreto equipo, conocido internamente como \u201cgrupo de superinteligencia\u201d. Estas personas afirman que tiene un objetivo audaz en mente.<\/p>\n<p>En su opini\u00f3n, Meta puede y debe superar a otras empresas tecnol\u00f3gicas en la consecuci\u00f3n de lo que se conoce como inteligencia artificial general o IAG, la idea de que las m\u00e1quinas pueden realizar muchas tareas tan bien como los seres humanos. Una vez que Meta alcance ese hito, podr\u00eda integrar esa capacidad en su gama de productos, no solo en las redes sociales y las plataformas de comunicaci\u00f3n, sino tambi\u00e9n en una serie de herramientas de IA, como el chatbot de Meta y sus gafas Ray-Ban con IA.<\/p>\n<p>Zuckerberg pretende contratar a unas 50 personas para el nuevo equipo, incluido un nuevo director de investigaci\u00f3n en IA, a quienes est\u00e1 seleccionando personalmente en su mayor\u00eda. Ha reorganizado los escritorios de la sede de la empresa en Menlo Park para que los nuevos empleados se sienten cerca de \u00e9l, seg\u00fan afirmaron las personas consultadas, que pidieron mantener el anonimato al hablar de planes privados.<\/p>\n<p>Zuckerberg est\u00e1 creando ese equipo en paralelo con una inversi\u00f3n prevista de miles de millones de d\u00f3lares en Scale AI, que ofrece servicios de datos para ayudar a las empresas a entrenar sus modelos y crea aplicaciones de IA personalizadas para empresas y gobiernos. Se espera que el fundador de Scale AI, Alexandr Wang, se incorpore al grupo de superinteligencia una vez se cierre el acuerdo.<\/p>\n<p>Bloomberg News fue el primero en informar sobre el acuerdo, que se convertir\u00e1 en la mayor inversi\u00f3n externa de Meta hasta la fecha. Los portavoces de Meta y Scale AI se han negado a hacer comentarios.<\/p>\n<p>Zuckerberg ha hablado abiertamente sobre la prioridad que tiene la inteligencia artificial para su empresa. En los \u00faltimos dos meses, ha entrado en &#8220;modo fundador\u201c, seg\u00fan personas familiarizadas con su trabajo, que describen un estilo de gesti\u00f3n cada vez m\u00e1s pr\u00e1ctico. Las acciones de Meta se mantuvieron pr\u00e1cticamente sin cambios en las operaciones previas a la apertura del mercado en Nueva York.<\/p>\n<p>El deseo del director ejecutivo de microgestionar el proceso de contrataci\u00f3n se debe en parte a la frustraci\u00f3n por la calidad y la respuesta de Llama 4, la \u00faltima versi\u00f3n del gran modelo de lenguaje de Meta para impulsar los chatbots y otros servicios.<\/p>\n<p>La \u00faltima versi\u00f3n, lanzada en abril, result\u00f3 decepcionante para Zuckerberg, que hab\u00eda repetido en varias ocasiones a los empleados de Meta que quer\u00eda la mejor oferta de IA, tanto en t\u00e9rminos de utilizaci\u00f3n como de rendimiento, para finales de a\u00f1o.<\/p>\n<p>Sus exigencias aumentaron la presi\u00f3n sobre el personal dedicado a la IA, que trabajaba noches y fines de semana para alcanzar esos objetivos, seg\u00fan personas familiarizadas con el asunto. Sin embargo, el rendimiento de los modelos ha sido cuestionado tanto internamente \u2014por la propia direcci\u00f3n de Meta\u2014 como externamente por los desarrolladores, que los consideraban excesivamente prometedores y poco eficaces, seg\u00fan las mismas fuentes.<\/p>\n<p>M\u00e1s tarde, Meta retras\u00f3 los planes para lanzar su modelo m\u00e1s grande hasta la fecha, conocido como Behemoth, que hab\u00eda promocionado como superior a los modelos de la competencia de OpenAI, Anthropic y Google. A pesar de esas proclamas, la direcci\u00f3n empez\u00f3 a preocuparse por que no hubiera avanzado lo suficiente con respecto a los modelos anteriores, seg\u00fan inform\u00f3 en primicia el The Wall Street Journal.<\/p>\n<p>Esos pasos en falso empujaron a Zuckerberg a involucrarse m\u00e1s y le llevaron a interesarse por la creaci\u00f3n del nuevo equipo, seg\u00fan personas familiarizadas con el asunto. Cre\u00f3 un grupo de chat en WhatsApp entre los altos directivos llamado &#8220;Recruiting Party&#8221; para discutir los posibles objetivos del equipo. Los miembros del grupo de chat han participado en debates a todas horas del d\u00eda para identificar talentos<\/p>\n<p>Zuckerberg ha estado compilando su propia lista de candidatos y le gusta ser el primer punto de contacto durante el proceso de selecci\u00f3n. El director ejecutivo espera que, con el nuevo equipo, Meta vea mejoras en sus modelos Llama y mejores herramientas de IA para las funciones de voz y personalizaci\u00f3n, seg\u00fan las personas consultadas.<\/p>\n<p>A\u00fan no est\u00e1 claro c\u00f3mo trabajar\u00e1 el grupo Superintelligence Labs junto con los equipos de IA existentes de Meta. Se espera que algunos empleados se trasladen a la nueva unidad, seg\u00fan personas familiarizadas con los planes.<\/p>\n<p>Zuckerberg compite con rivales como OpenAI y Google, de Alphabet Inc., para convertirse en l\u00edder del mercado de la IA, que ya sustenta una parte importante del negocio publicitario de Meta. Meta ya ha invertido agresivamente en IA, destinando decenas de miles de millones de d\u00f3lares en gastos de capital para proyectos este a\u00f1o, y lo que Zuckerberg ha asegurado que ser\u00e1n \u00abcientos de miles de millones\u00bb en los pr\u00f3ximos a\u00f1os.<\/p>\n<p>Durante las comidas y cenas celebradas en sus casas de California el mes pasado, Zuckerberg anim\u00f3 a investigadores de IA, ingenieros de infraestructuras y otros emprendedores a unirse al equipo de Meta, seg\u00fan personas familiarizadas con los planes.<\/p>\n<p>Ha argumentado que, a diferencia de sus rivales, que est\u00e1n recaudando grandes rondas de financiaci\u00f3n, el negocio publicitario de Meta es lo suficientemente s\u00f3lido como para financiar las decenas de miles de millones de d\u00f3lares necesarios para competir en el creciente espacio de la IA. Seg\u00fan personas familiarizadas con su discurso, dijo a los posibles candidatos que Meta tiene suficiente flujo de caja para financiar un centro de datos de varios gigavatios, lo que le dar\u00eda a la empresa una de las bases de servidores m\u00e1s potentes del mundo.<\/p>\n<p>&nbsp;<\/p>\n","protected":false},"excerpt":{"rendered":"<p>En su opini\u00f3n, Meta puede y debe superar a otras empresas tecnol\u00f3gicas en la consecuci\u00f3n de lo que se conoce como inteligencia artificial general Mark Zuckerberg, frustrado con las deficiencias de Meta Platforms Inc. en materia de IA, est\u00e1 reuniendo un equipo de expertos para lograr la inteligencia artificial general, reclutando a un grupo de [&hellip;]<\/p>\n","protected":false},"author":4,"featured_media":191350,"comment_status":"closed","ping_status":"closed","sticky":false,"template":"","format":"standard","meta":{"_joinchat":[],"footnotes":""},"categories":[31],"tags":[],"class_list":{"0":"post-191349","1":"post","2":"type-post","3":"status-publish","4":"format-standard","5":"has-post-thumbnail","7":"category-informacion-general"},"yoast_head":"<!-- This site is optimized with the Yoast SEO plugin v27.2 - https:\/\/yoast.com\/product\/yoast-seo-wordpress\/ -->\n<title>Mark Zuckerberg cre\u00f3 un grupo de WhatsApp para contratar al nuevo equipo de \u201csuperinteligencia\u201d - Radio Infinita Goya<\/title>\n<meta name=\"description\" content=\"En su opini\u00f3n, Meta puede y debe superar a otras empresas tecnol\u00f3gicas en la consecuci\u00f3n de lo que se conoce como inteligencia artificial general Mark\" \/>\n<meta name=\"robots\" content=\"index, follow, max-snippet:-1, max-image-preview:large, max-video-preview:-1\" \/>\n<link rel=\"canonical\" href=\"https:\/\/radioinfinitagoya.com.ar\/v1\/2025\/06\/11\/mark-zuckerberg-creo-un-grupo-de-whatsapp-para-contratar-al-nuevo-equipo-de-superinteligencia\/\" \/>\n<meta property=\"og:locale\" content=\"es_ES\" \/>\n<meta property=\"og:type\" content=\"article\" \/>\n<meta property=\"og:title\" content=\"Mark Zuckerberg cre\u00f3 un grupo de WhatsApp para contratar al nuevo equipo de \u201csuperinteligencia\u201d - Radio Infinita Goya\" \/>\n<meta property=\"og:description\" content=\"En su opini\u00f3n, Meta puede y debe superar a otras empresas tecnol\u00f3gicas en la consecuci\u00f3n de lo que se conoce como inteligencia artificial general Mark\" \/>\n<meta property=\"og:url\" content=\"https:\/\/radioinfinitagoya.com.ar\/v1\/2025\/06\/11\/mark-zuckerberg-creo-un-grupo-de-whatsapp-para-contratar-al-nuevo-equipo-de-superinteligencia\/\" \/>\n<meta property=\"og:site_name\" content=\"Radio Infinita Goya\" \/>\n<meta property=\"article:publisher\" content=\"https:\/\/www.facebook.com\/p\/Infinita-Goya-100063870918311\/\" \/>\n<meta property=\"article:published_time\" content=\"2025-06-11T20:12:42+00:00\" \/>\n<meta property=\"og:image\" content=\"https:\/\/radioinfinitagoya.com.ar\/v1\/wp-content\/uploads\/2025\/06\/1RzzZjNb.jpg\" \/>\n\t<meta property=\"og:image:width\" content=\"680\" \/>\n\t<meta property=\"og:image:height\" content=\"340\" \/>\n\t<meta property=\"og:image:type\" content=\"image\/jpeg\" \/>\n<meta name=\"author\" content=\"Jorge Mi\u00f1o\" \/>\n<meta name=\"twitter:card\" content=\"summary_large_image\" \/>\n<meta name=\"twitter:label1\" content=\"Escrito por\" \/>\n\t<meta name=\"twitter:data1\" content=\"Jorge Mi\u00f1o\" \/>\n\t<meta name=\"twitter:label2\" content=\"Tiempo de lectura\" \/>\n\t<meta name=\"twitter:data2\" content=\"5 minutos\" \/>\n<script type=\"application\/ld+json\" class=\"yoast-schema-graph\">{\"@context\":\"https:\/\/schema.org\",\"@graph\":[{\"@type\":\"Article\",\"@id\":\"https:\/\/radioinfinitagoya.com.ar\/v1\/2025\/06\/11\/mark-zuckerberg-creo-un-grupo-de-whatsapp-para-contratar-al-nuevo-equipo-de-superinteligencia\/#article\",\"isPartOf\":{\"@id\":\"https:\/\/radioinfinitagoya.com.ar\/v1\/2025\/06\/11\/mark-zuckerberg-creo-un-grupo-de-whatsapp-para-contratar-al-nuevo-equipo-de-superinteligencia\/\"},\"author\":{\"name\":\"Jorge Mi\u00f1o\",\"@id\":\"https:\/\/radioinfinitagoya.com.ar\/v1\/#\/schema\/person\/d4cf9c413d4f6edb24aabdccab49ca4a\"},\"headline\":\"Mark Zuckerberg cre\u00f3 un grupo de WhatsApp para contratar al nuevo equipo de \u201csuperinteligencia\u201d\",\"datePublished\":\"2025-06-11T20:12:42+00:00\",\"mainEntityOfPage\":{\"@id\":\"https:\/\/radioinfinitagoya.com.ar\/v1\/2025\/06\/11\/mark-zuckerberg-creo-un-grupo-de-whatsapp-para-contratar-al-nuevo-equipo-de-superinteligencia\/\"},\"wordCount\":1081,\"publisher\":{\"@id\":\"https:\/\/radioinfinitagoya.com.ar\/v1\/#organization\"},\"image\":{\"@id\":\"https:\/\/radioinfinitagoya.com.ar\/v1\/2025\/06\/11\/mark-zuckerberg-creo-un-grupo-de-whatsapp-para-contratar-al-nuevo-equipo-de-superinteligencia\/#primaryimage\"},\"thumbnailUrl\":\"https:\/\/radioinfinitagoya.com.ar\/v1\/wp-content\/uploads\/2025\/06\/1RzzZjNb.jpg\",\"articleSection\":[\"INFORMACI\u00d3N GENERAL\"],\"inLanguage\":\"es-AR\"},{\"@type\":\"WebPage\",\"@id\":\"https:\/\/radioinfinitagoya.com.ar\/v1\/2025\/06\/11\/mark-zuckerberg-creo-un-grupo-de-whatsapp-para-contratar-al-nuevo-equipo-de-superinteligencia\/\",\"url\":\"https:\/\/radioinfinitagoya.com.ar\/v1\/2025\/06\/11\/mark-zuckerberg-creo-un-grupo-de-whatsapp-para-contratar-al-nuevo-equipo-de-superinteligencia\/\",\"name\":\"Mark Zuckerberg cre\u00f3 un grupo de WhatsApp para contratar al nuevo equipo de \u201csuperinteligencia\u201d - Radio Infinita Goya\",\"isPartOf\":{\"@id\":\"https:\/\/radioinfinitagoya.com.ar\/v1\/#website\"},\"primaryImageOfPage\":{\"@id\":\"https:\/\/radioinfinitagoya.com.ar\/v1\/2025\/06\/11\/mark-zuckerberg-creo-un-grupo-de-whatsapp-para-contratar-al-nuevo-equipo-de-superinteligencia\/#primaryimage\"},\"image\":{\"@id\":\"https:\/\/radioinfinitagoya.com.ar\/v1\/2025\/06\/11\/mark-zuckerberg-creo-un-grupo-de-whatsapp-para-contratar-al-nuevo-equipo-de-superinteligencia\/#primaryimage\"},\"thumbnailUrl\":\"https:\/\/radioinfinitagoya.com.ar\/v1\/wp-content\/uploads\/2025\/06\/1RzzZjNb.jpg\",\"datePublished\":\"2025-06-11T20:12:42+00:00\",\"description\":\"En su opini\u00f3n, Meta puede y debe superar a otras empresas tecnol\u00f3gicas en la consecuci\u00f3n de lo que se conoce como inteligencia artificial general Mark\",\"breadcrumb\":{\"@id\":\"https:\/\/radioinfinitagoya.com.ar\/v1\/2025\/06\/11\/mark-zuckerberg-creo-un-grupo-de-whatsapp-para-contratar-al-nuevo-equipo-de-superinteligencia\/#breadcrumb\"},\"inLanguage\":\"es-AR\",\"potentialAction\":[{\"@type\":\"ReadAction\",\"target\":[\"https:\/\/radioinfinitagoya.com.ar\/v1\/2025\/06\/11\/mark-zuckerberg-creo-un-grupo-de-whatsapp-para-contratar-al-nuevo-equipo-de-superinteligencia\/\"]}]},{\"@type\":\"ImageObject\",\"inLanguage\":\"es-AR\",\"@id\":\"https:\/\/radioinfinitagoya.com.ar\/v1\/2025\/06\/11\/mark-zuckerberg-creo-un-grupo-de-whatsapp-para-contratar-al-nuevo-equipo-de-superinteligencia\/#primaryimage\",\"url\":\"https:\/\/radioinfinitagoya.com.ar\/v1\/wp-content\/uploads\/2025\/06\/1RzzZjNb.jpg\",\"contentUrl\":\"https:\/\/radioinfinitagoya.com.ar\/v1\/wp-content\/uploads\/2025\/06\/1RzzZjNb.jpg\",\"width\":680,\"height\":340},{\"@type\":\"BreadcrumbList\",\"@id\":\"https:\/\/radioinfinitagoya.com.ar\/v1\/2025\/06\/11\/mark-zuckerberg-creo-un-grupo-de-whatsapp-para-contratar-al-nuevo-equipo-de-superinteligencia\/#breadcrumb\",\"itemListElement\":[{\"@type\":\"ListItem\",\"position\":1,\"name\":\"Inicio\",\"item\":\"https:\/\/radioinfinitagoya.com.ar\/v1\/\"},{\"@type\":\"ListItem\",\"position\":2,\"name\":\"Mark Zuckerberg cre\u00f3 un grupo de WhatsApp para contratar al nuevo equipo de \u201csuperinteligencia\u201d\"}]},{\"@type\":\"WebSite\",\"@id\":\"https:\/\/radioinfinitagoya.com.ar\/v1\/#website\",\"url\":\"https:\/\/radioinfinitagoya.com.ar\/v1\/\",\"name\":\"radioinfinitagoya.com.ar\",\"description\":\"Radio de noticias\",\"publisher\":{\"@id\":\"https:\/\/radioinfinitagoya.com.ar\/v1\/#organization\"},\"potentialAction\":[{\"@type\":\"SearchAction\",\"target\":{\"@type\":\"EntryPoint\",\"urlTemplate\":\"https:\/\/radioinfinitagoya.com.ar\/v1\/?s={search_term_string}\"},\"query-input\":{\"@type\":\"PropertyValueSpecification\",\"valueRequired\":true,\"valueName\":\"search_term_string\"}}],\"inLanguage\":\"es-AR\"},{\"@type\":\"Organization\",\"@id\":\"https:\/\/radioinfinitagoya.com.ar\/v1\/#organization\",\"name\":\"Radio Infinita Goya\",\"url\":\"https:\/\/radioinfinitagoya.com.ar\/v1\/\",\"logo\":{\"@type\":\"ImageObject\",\"inLanguage\":\"es-AR\",\"@id\":\"https:\/\/radioinfinitagoya.com.ar\/v1\/#\/schema\/logo\/image\/\",\"url\":\"https:\/\/radioinfinitagoya.com.ar\/v1\/wp-content\/uploads\/2019\/11\/logo-pie-web.png\",\"contentUrl\":\"https:\/\/radioinfinitagoya.com.ar\/v1\/wp-content\/uploads\/2019\/11\/logo-pie-web.png\",\"width\":635,\"height\":326,\"caption\":\"Radio Infinita Goya\"},\"image\":{\"@id\":\"https:\/\/radioinfinitagoya.com.ar\/v1\/#\/schema\/logo\/image\/\"},\"sameAs\":[\"https:\/\/www.facebook.com\/p\/Infinita-Goya-100063870918311\/\"]},{\"@type\":\"Person\",\"@id\":\"https:\/\/radioinfinitagoya.com.ar\/v1\/#\/schema\/person\/d4cf9c413d4f6edb24aabdccab49ca4a\",\"name\":\"Jorge Mi\u00f1o\",\"image\":{\"@type\":\"ImageObject\",\"inLanguage\":\"es-AR\",\"@id\":\"https:\/\/secure.gravatar.com\/avatar\/910fcf6728fe95320e07a6643c1581fec1c7fc4bf8ae12e3d8f0d0373dc844be?s=96&d=mm&r=g\",\"url\":\"https:\/\/secure.gravatar.com\/avatar\/910fcf6728fe95320e07a6643c1581fec1c7fc4bf8ae12e3d8f0d0373dc844be?s=96&d=mm&r=g\",\"contentUrl\":\"https:\/\/secure.gravatar.com\/avatar\/910fcf6728fe95320e07a6643c1581fec1c7fc4bf8ae12e3d8f0d0373dc844be?s=96&d=mm&r=g\",\"caption\":\"Jorge Mi\u00f1o\"},\"sameAs\":[\"http:\/\/radioinfinitagoya.com.ar\"]}]}<\/script>\n<!-- \/ Yoast SEO plugin. -->","yoast_head_json":{"title":"Mark Zuckerberg cre\u00f3 un grupo de WhatsApp para contratar al nuevo equipo de \u201csuperinteligencia\u201d - Radio Infinita Goya","description":"En su opini\u00f3n, Meta puede y debe superar a otras empresas tecnol\u00f3gicas en la consecuci\u00f3n de lo que se conoce como inteligencia artificial general Mark","robots":{"index":"index","follow":"follow","max-snippet":"max-snippet:-1","max-image-preview":"max-image-preview:large","max-video-preview":"max-video-preview:-1"},"canonical":"https:\/\/radioinfinitagoya.com.ar\/v1\/2025\/06\/11\/mark-zuckerberg-creo-un-grupo-de-whatsapp-para-contratar-al-nuevo-equipo-de-superinteligencia\/","og_locale":"es_ES","og_type":"article","og_title":"Mark Zuckerberg cre\u00f3 un grupo de WhatsApp para contratar al nuevo equipo de \u201csuperinteligencia\u201d - Radio Infinita Goya","og_description":"En su opini\u00f3n, Meta puede y debe superar a otras empresas tecnol\u00f3gicas en la consecuci\u00f3n de lo que se conoce como inteligencia artificial general Mark","og_url":"https:\/\/radioinfinitagoya.com.ar\/v1\/2025\/06\/11\/mark-zuckerberg-creo-un-grupo-de-whatsapp-para-contratar-al-nuevo-equipo-de-superinteligencia\/","og_site_name":"Radio Infinita Goya","article_publisher":"https:\/\/www.facebook.com\/p\/Infinita-Goya-100063870918311\/","article_published_time":"2025-06-11T20:12:42+00:00","og_image":[{"width":680,"height":340,"url":"https:\/\/radioinfinitagoya.com.ar\/v1\/wp-content\/uploads\/2025\/06\/1RzzZjNb.jpg","type":"image\/jpeg"}],"author":"Jorge Mi\u00f1o","twitter_card":"summary_large_image","twitter_misc":{"Escrito por":"Jorge Mi\u00f1o","Tiempo de lectura":"5 minutos"},"schema":{"@context":"https:\/\/schema.org","@graph":[{"@type":"Article","@id":"https:\/\/radioinfinitagoya.com.ar\/v1\/2025\/06\/11\/mark-zuckerberg-creo-un-grupo-de-whatsapp-para-contratar-al-nuevo-equipo-de-superinteligencia\/#article","isPartOf":{"@id":"https:\/\/radioinfinitagoya.com.ar\/v1\/2025\/06\/11\/mark-zuckerberg-creo-un-grupo-de-whatsapp-para-contratar-al-nuevo-equipo-de-superinteligencia\/"},"author":{"name":"Jorge Mi\u00f1o","@id":"https:\/\/radioinfinitagoya.com.ar\/v1\/#\/schema\/person\/d4cf9c413d4f6edb24aabdccab49ca4a"},"headline":"Mark Zuckerberg cre\u00f3 un grupo de WhatsApp para contratar al nuevo equipo de \u201csuperinteligencia\u201d","datePublished":"2025-06-11T20:12:42+00:00","mainEntityOfPage":{"@id":"https:\/\/radioinfinitagoya.com.ar\/v1\/2025\/06\/11\/mark-zuckerberg-creo-un-grupo-de-whatsapp-para-contratar-al-nuevo-equipo-de-superinteligencia\/"},"wordCount":1081,"publisher":{"@id":"https:\/\/radioinfinitagoya.com.ar\/v1\/#organization"},"image":{"@id":"https:\/\/radioinfinitagoya.com.ar\/v1\/2025\/06\/11\/mark-zuckerberg-creo-un-grupo-de-whatsapp-para-contratar-al-nuevo-equipo-de-superinteligencia\/#primaryimage"},"thumbnailUrl":"https:\/\/radioinfinitagoya.com.ar\/v1\/wp-content\/uploads\/2025\/06\/1RzzZjNb.jpg","articleSection":["INFORMACI\u00d3N GENERAL"],"inLanguage":"es-AR"},{"@type":"WebPage","@id":"https:\/\/radioinfinitagoya.com.ar\/v1\/2025\/06\/11\/mark-zuckerberg-creo-un-grupo-de-whatsapp-para-contratar-al-nuevo-equipo-de-superinteligencia\/","url":"https:\/\/radioinfinitagoya.com.ar\/v1\/2025\/06\/11\/mark-zuckerberg-creo-un-grupo-de-whatsapp-para-contratar-al-nuevo-equipo-de-superinteligencia\/","name":"Mark Zuckerberg cre\u00f3 un grupo de WhatsApp para contratar al nuevo equipo de \u201csuperinteligencia\u201d - Radio Infinita Goya","isPartOf":{"@id":"https:\/\/radioinfinitagoya.com.ar\/v1\/#website"},"primaryImageOfPage":{"@id":"https:\/\/radioinfinitagoya.com.ar\/v1\/2025\/06\/11\/mark-zuckerberg-creo-un-grupo-de-whatsapp-para-contratar-al-nuevo-equipo-de-superinteligencia\/#primaryimage"},"image":{"@id":"https:\/\/radioinfinitagoya.com.ar\/v1\/2025\/06\/11\/mark-zuckerberg-creo-un-grupo-de-whatsapp-para-contratar-al-nuevo-equipo-de-superinteligencia\/#primaryimage"},"thumbnailUrl":"https:\/\/radioinfinitagoya.com.ar\/v1\/wp-content\/uploads\/2025\/06\/1RzzZjNb.jpg","datePublished":"2025-06-11T20:12:42+00:00","description":"En su opini\u00f3n, Meta puede y debe superar a otras empresas tecnol\u00f3gicas en la consecuci\u00f3n de lo que se conoce como inteligencia artificial general Mark","breadcrumb":{"@id":"https:\/\/radioinfinitagoya.com.ar\/v1\/2025\/06\/11\/mark-zuckerberg-creo-un-grupo-de-whatsapp-para-contratar-al-nuevo-equipo-de-superinteligencia\/#breadcrumb"},"inLanguage":"es-AR","potentialAction":[{"@type":"ReadAction","target":["https:\/\/radioinfinitagoya.com.ar\/v1\/2025\/06\/11\/mark-zuckerberg-creo-un-grupo-de-whatsapp-para-contratar-al-nuevo-equipo-de-superinteligencia\/"]}]},{"@type":"ImageObject","inLanguage":"es-AR","@id":"https:\/\/radioinfinitagoya.com.ar\/v1\/2025\/06\/11\/mark-zuckerberg-creo-un-grupo-de-whatsapp-para-contratar-al-nuevo-equipo-de-superinteligencia\/#primaryimage","url":"https:\/\/radioinfinitagoya.com.ar\/v1\/wp-content\/uploads\/2025\/06\/1RzzZjNb.jpg","contentUrl":"https:\/\/radioinfinitagoya.com.ar\/v1\/wp-content\/uploads\/2025\/06\/1RzzZjNb.jpg","width":680,"height":340},{"@type":"BreadcrumbList","@id":"https:\/\/radioinfinitagoya.com.ar\/v1\/2025\/06\/11\/mark-zuckerberg-creo-un-grupo-de-whatsapp-para-contratar-al-nuevo-equipo-de-superinteligencia\/#breadcrumb","itemListElement":[{"@type":"ListItem","position":1,"name":"Inicio","item":"https:\/\/radioinfinitagoya.com.ar\/v1\/"},{"@type":"ListItem","position":2,"name":"Mark Zuckerberg cre\u00f3 un grupo de WhatsApp para contratar al nuevo equipo de \u201csuperinteligencia\u201d"}]},{"@type":"WebSite","@id":"https:\/\/radioinfinitagoya.com.ar\/v1\/#website","url":"https:\/\/radioinfinitagoya.com.ar\/v1\/","name":"radioinfinitagoya.com.ar","description":"Radio de noticias","publisher":{"@id":"https:\/\/radioinfinitagoya.com.ar\/v1\/#organization"},"potentialAction":[{"@type":"SearchAction","target":{"@type":"EntryPoint","urlTemplate":"https:\/\/radioinfinitagoya.com.ar\/v1\/?s={search_term_string}"},"query-input":{"@type":"PropertyValueSpecification","valueRequired":true,"valueName":"search_term_string"}}],"inLanguage":"es-AR"},{"@type":"Organization","@id":"https:\/\/radioinfinitagoya.com.ar\/v1\/#organization","name":"Radio Infinita Goya","url":"https:\/\/radioinfinitagoya.com.ar\/v1\/","logo":{"@type":"ImageObject","inLanguage":"es-AR","@id":"https:\/\/radioinfinitagoya.com.ar\/v1\/#\/schema\/logo\/image\/","url":"https:\/\/radioinfinitagoya.com.ar\/v1\/wp-content\/uploads\/2019\/11\/logo-pie-web.png","contentUrl":"https:\/\/radioinfinitagoya.com.ar\/v1\/wp-content\/uploads\/2019\/11\/logo-pie-web.png","width":635,"height":326,"caption":"Radio Infinita Goya"},"image":{"@id":"https:\/\/radioinfinitagoya.com.ar\/v1\/#\/schema\/logo\/image\/"},"sameAs":["https:\/\/www.facebook.com\/p\/Infinita-Goya-100063870918311\/"]},{"@type":"Person","@id":"https:\/\/radioinfinitagoya.com.ar\/v1\/#\/schema\/person\/d4cf9c413d4f6edb24aabdccab49ca4a","name":"Jorge Mi\u00f1o","image":{"@type":"ImageObject","inLanguage":"es-AR","@id":"https:\/\/secure.gravatar.com\/avatar\/910fcf6728fe95320e07a6643c1581fec1c7fc4bf8ae12e3d8f0d0373dc844be?s=96&d=mm&r=g","url":"https:\/\/secure.gravatar.com\/avatar\/910fcf6728fe95320e07a6643c1581fec1c7fc4bf8ae12e3d8f0d0373dc844be?s=96&d=mm&r=g","contentUrl":"https:\/\/secure.gravatar.com\/avatar\/910fcf6728fe95320e07a6643c1581fec1c7fc4bf8ae12e3d8f0d0373dc844be?s=96&d=mm&r=g","caption":"Jorge Mi\u00f1o"},"sameAs":["http:\/\/radioinfinitagoya.com.ar"]}]}},"_links":{"self":[{"href":"https:\/\/radioinfinitagoya.com.ar\/v1\/wp-json\/wp\/v2\/posts\/191349","targetHints":{"allow":["GET"]}}],"collection":[{"href":"https:\/\/radioinfinitagoya.com.ar\/v1\/wp-json\/wp\/v2\/posts"}],"about":[{"href":"https:\/\/radioinfinitagoya.com.ar\/v1\/wp-json\/wp\/v2\/types\/post"}],"author":[{"embeddable":true,"href":"https:\/\/radioinfinitagoya.com.ar\/v1\/wp-json\/wp\/v2\/users\/4"}],"replies":[{"embeddable":true,"href":"https:\/\/radioinfinitagoya.com.ar\/v1\/wp-json\/wp\/v2\/comments?post=191349"}],"version-history":[{"count":0,"href":"https:\/\/radioinfinitagoya.com.ar\/v1\/wp-json\/wp\/v2\/posts\/191349\/revisions"}],"wp:featuredmedia":[{"embeddable":true,"href":"https:\/\/radioinfinitagoya.com.ar\/v1\/wp-json\/wp\/v2\/media\/191350"}],"wp:attachment":[{"href":"https:\/\/radioinfinitagoya.com.ar\/v1\/wp-json\/wp\/v2\/media?parent=191349"}],"wp:term":[{"taxonomy":"category","embeddable":true,"href":"https:\/\/radioinfinitagoya.com.ar\/v1\/wp-json\/wp\/v2\/categories?post=191349"},{"taxonomy":"post_tag","embeddable":true,"href":"https:\/\/radioinfinitagoya.com.ar\/v1\/wp-json\/wp\/v2\/tags?post=191349"}],"curies":[{"name":"wp","href":"https:\/\/api.w.org\/{rel}","templated":true}]}}