{"id":191355,"date":"2025-06-12T17:08:36","date_gmt":"2025-06-12T20:08:36","guid":{"rendered":"https:\/\/radioinfinitagoya.com.ar\/v1\/?p=191355"},"modified":"2025-06-12T17:08:36","modified_gmt":"2025-06-12T20:08:36","slug":"un-mural-de-700-metros-cuadrados-contara-la-historia-de-el-piso","status":"publish","type":"post","link":"https:\/\/radioinfinitagoya.com.ar\/v1\/2025\/06\/12\/un-mural-de-700-metros-cuadrados-contara-la-historia-de-el-piso\/","title":{"rendered":"Un mural de 700 metros cuadrados contar\u00e1 la historia de \u201cEl Piso\u201d"},"content":{"rendered":"<p>El origen y trayectoria del paseo de compras, ahora ser\u00e1 pintado en sus paredes.<\/p>\n<p>En el paseo de compras \u201cEl Piso\u201d, en la intersecci\u00f3n de Roca y Belgrano, comenz\u00f3 a gestarse este mi\u00e9rcoles un mural monumental que promete transformarse en una obra emblem\u00e1tica del arte urbano en Corrientes. Con m\u00e1s de 700 metros cuadrados de superficie, la intervenci\u00f3n busca relatar la historia y las memorias de este tradicional mercado. Se espera que culmine en julio.<\/p>\n<p><img loading=\"lazy\" decoding=\"async\" class=\"alignnone size-full wp-image-191356\" src=\"https:\/\/radioinfinitagoya.com.ar\/v1\/wp-content\/uploads\/2025\/06\/1749747220939.jpg\" alt=\"\" width=\"807\" height=\"510\" srcset=\"https:\/\/radioinfinitagoya.com.ar\/v1\/wp-content\/uploads\/2025\/06\/1749747220939.jpg 807w, https:\/\/radioinfinitagoya.com.ar\/v1\/wp-content\/uploads\/2025\/06\/1749747220939-696x440.jpg 696w, https:\/\/radioinfinitagoya.com.ar\/v1\/wp-content\/uploads\/2025\/06\/1749747220939-665x420.jpg 665w\" sizes=\"auto, (max-width: 807px) 100vw, 807px\" \/><\/p>\n<p>Un equipo de muralistas correntinos y chaque\u00f1os comenzaron la obra este mi\u00e9rcoles y estar\u00e1 lista dentro de un mes. Los artistas se encuentran trabajando para dar forma a una creaci\u00f3n colectiva que rinde homenaje a las ra\u00edces del comercio inaugurado hace 18 a\u00f1os y a sus protagonistas.<\/p>\n<p><img loading=\"lazy\" decoding=\"async\" class=\"alignnone size-full wp-image-191357\" src=\"https:\/\/radioinfinitagoya.com.ar\/v1\/wp-content\/uploads\/2025\/06\/1749747219241.jpg\" alt=\"\" width=\"807\" height=\"490\" srcset=\"https:\/\/radioinfinitagoya.com.ar\/v1\/wp-content\/uploads\/2025\/06\/1749747219241.jpg 807w, https:\/\/radioinfinitagoya.com.ar\/v1\/wp-content\/uploads\/2025\/06\/1749747219241-696x423.jpg 696w, https:\/\/radioinfinitagoya.com.ar\/v1\/wp-content\/uploads\/2025\/06\/1749747219241-692x420.jpg 692w\" sizes=\"auto, (max-width: 807px) 100vw, 807px\" \/><\/p>\n<p>Ail\u00e9n Navarro, conocida como \u201cAil\u00e9n Chaco\u201d, una de las muralistas, explic\u00f3 a El Litoral: \u201cHace un tiempo arrancamos un proyecto para pintar el Mercado de El Piso, surgi\u00f3 de parte nuestra porque quer\u00edamos intervenir este espacio y vamos a estar trabajando todo este mes\u201d.<\/p>\n<p>El equipo art\u00edstico est\u00e1 integrado adem\u00e1s por Malena Aguirre, Mauri Almir\u00f3n, Sil Esquivel y Jos\u00e9 Solari, con experiencia en arte urbano y muralismo a gran escala. Cada uno de ellos aporta su estilo para crear una obra que conjuga retratos, escenas cotidianas y referencias hist\u00f3ricas.<\/p>\n<p>El mural, que ocupar\u00e1 700 metros cuadrados de una pared de 90 metros de largo por 6 de alto, no solo destacar\u00e1 por su tama\u00f1o, sino tambi\u00e9n por su contenido simb\u00f3lico. El proyecto apunta a recuperar la memoria colectiva de lo que representa el paseo de compras, donde cada puesto tiene su historia.<\/p>\n<p>\u201cLa idea es hacer un homenaje a El Piso hist\u00f3rico, con todos los usos y costumbres, incluyendo personajes destacados y an\u00e9cdotas de lo que fue su inicio. Queremos contar un poco de c\u00f3mo surge, qu\u00e9 se hac\u00eda en el antiguo piso, c\u00f3mo se trabajaba\u201d, agreg\u00f3 la muralista.<\/p>\n<p>La t\u00e9cnica que emplean es pintura a gran escala, utilizando materiales resistentes al clima y con una planificaci\u00f3n que incluye andamios, bocetos y jornadas intensas de trabajo. La magnitud del mural, alrededor de 700 metros cuadrados, lo convierte en uno de los m\u00e1s extensos de la ciudad.<\/p>\n<p>El Piso\u201d, como lo conocen popularmente los vecinos, es hoy un paseo de compras, pero su historia va mucho m\u00e1s all\u00e1 del presente. Fue durante a\u00f1os un punto de encuentro, de intercambio y de trabajo para muchas familias correntinas.<\/p>\n<p>El espacio fue inaugurado en 2007, cuando se llev\u00f3 adelante la reubicaci\u00f3n de decenas de puesteros que hist\u00f3ricamente se encontraban instalados en la plaza Cabral, la plazoleta Llano y en la transitada esquina de Medrano y avenida Cazadores. As\u00ed naci\u00f3 este espacio que, con el paso de los a\u00f1os, se convirti\u00f3 en un punto emblem\u00e1tico del comercio popular correntino.<\/p>\n<p>Quienes transiten por la zona de Roca y Belgrano podr\u00e1n ver, d\u00eda tras d\u00eda, c\u00f3mo el mural va cobrando forma. Personajes entra\u00f1ables, escenas de mercado, referencias culturales y toques de color se ir\u00e1n revelando.<\/p>\n","protected":false},"excerpt":{"rendered":"<p>El origen y trayectoria del paseo de compras, ahora ser\u00e1 pintado en sus paredes. En el paseo de compras \u201cEl Piso\u201d, en la intersecci\u00f3n de Roca y Belgrano, comenz\u00f3 a gestarse este mi\u00e9rcoles un mural monumental que promete transformarse en una obra emblem\u00e1tica del arte urbano en Corrientes. Con m\u00e1s de 700 metros cuadrados de [&hellip;]<\/p>\n","protected":false},"author":4,"featured_media":191358,"comment_status":"closed","ping_status":"closed","sticky":false,"template":"","format":"standard","meta":{"_joinchat":[],"footnotes":""},"categories":[26],"tags":[],"class_list":{"0":"post-191355","1":"post","2":"type-post","3":"status-publish","4":"format-standard","5":"has-post-thumbnail","7":"category-provinciales"},"yoast_head":"<!-- This site is optimized with the Yoast SEO plugin v27.2 - https:\/\/yoast.com\/product\/yoast-seo-wordpress\/ -->\n<title>Un mural de 700 metros cuadrados contar\u00e1 la historia de \u201cEl Piso\u201d - Radio Infinita Goya<\/title>\n<meta name=\"description\" content=\"El origen y trayectoria del paseo de compras, ahora ser\u00e1 pintado en sus paredes. En el paseo de compras \u201cEl Piso\u201d, en la intersecci\u00f3n de Roca y Belgrano,\" \/>\n<meta name=\"robots\" content=\"index, follow, max-snippet:-1, max-image-preview:large, max-video-preview:-1\" \/>\n<link rel=\"canonical\" href=\"https:\/\/radioinfinitagoya.com.ar\/v1\/2025\/06\/12\/un-mural-de-700-metros-cuadrados-contara-la-historia-de-el-piso\/\" \/>\n<meta property=\"og:locale\" content=\"es_ES\" \/>\n<meta property=\"og:type\" content=\"article\" \/>\n<meta property=\"og:title\" content=\"Un mural de 700 metros cuadrados contar\u00e1 la historia de \u201cEl Piso\u201d - Radio Infinita Goya\" \/>\n<meta property=\"og:description\" content=\"El origen y trayectoria del paseo de compras, ahora ser\u00e1 pintado en sus paredes. En el paseo de compras \u201cEl Piso\u201d, en la intersecci\u00f3n de Roca y Belgrano,\" \/>\n<meta property=\"og:url\" content=\"https:\/\/radioinfinitagoya.com.ar\/v1\/2025\/06\/12\/un-mural-de-700-metros-cuadrados-contara-la-historia-de-el-piso\/\" \/>\n<meta property=\"og:site_name\" content=\"Radio Infinita Goya\" \/>\n<meta property=\"article:publisher\" content=\"https:\/\/www.facebook.com\/p\/Infinita-Goya-100063870918311\/\" \/>\n<meta property=\"article:published_time\" content=\"2025-06-12T20:08:36+00:00\" \/>\n<meta property=\"og:image\" content=\"https:\/\/radioinfinitagoya.com.ar\/v1\/wp-content\/uploads\/2025\/06\/1749747230612.jpg\" \/>\n\t<meta property=\"og:image:width\" content=\"807\" \/>\n\t<meta property=\"og:image:height\" content=\"674\" \/>\n\t<meta property=\"og:image:type\" content=\"image\/jpeg\" \/>\n<meta name=\"author\" content=\"Jorge Mi\u00f1o\" \/>\n<meta name=\"twitter:card\" content=\"summary_large_image\" \/>\n<meta name=\"twitter:label1\" content=\"Escrito por\" \/>\n\t<meta name=\"twitter:data1\" content=\"Jorge Mi\u00f1o\" \/>\n\t<meta name=\"twitter:label2\" content=\"Tiempo de lectura\" \/>\n\t<meta name=\"twitter:data2\" content=\"3 minutos\" \/>\n<script type=\"application\/ld+json\" class=\"yoast-schema-graph\">{\"@context\":\"https:\/\/schema.org\",\"@graph\":[{\"@type\":\"Article\",\"@id\":\"https:\/\/radioinfinitagoya.com.ar\/v1\/2025\/06\/12\/un-mural-de-700-metros-cuadrados-contara-la-historia-de-el-piso\/#article\",\"isPartOf\":{\"@id\":\"https:\/\/radioinfinitagoya.com.ar\/v1\/2025\/06\/12\/un-mural-de-700-metros-cuadrados-contara-la-historia-de-el-piso\/\"},\"author\":{\"name\":\"Jorge Mi\u00f1o\",\"@id\":\"https:\/\/radioinfinitagoya.com.ar\/v1\/#\/schema\/person\/d4cf9c413d4f6edb24aabdccab49ca4a\"},\"headline\":\"Un mural de 700 metros cuadrados contar\u00e1 la historia de \u201cEl Piso\u201d\",\"datePublished\":\"2025-06-12T20:08:36+00:00\",\"mainEntityOfPage\":{\"@id\":\"https:\/\/radioinfinitagoya.com.ar\/v1\/2025\/06\/12\/un-mural-de-700-metros-cuadrados-contara-la-historia-de-el-piso\/\"},\"wordCount\":534,\"publisher\":{\"@id\":\"https:\/\/radioinfinitagoya.com.ar\/v1\/#organization\"},\"image\":{\"@id\":\"https:\/\/radioinfinitagoya.com.ar\/v1\/2025\/06\/12\/un-mural-de-700-metros-cuadrados-contara-la-historia-de-el-piso\/#primaryimage\"},\"thumbnailUrl\":\"https:\/\/radioinfinitagoya.com.ar\/v1\/wp-content\/uploads\/2025\/06\/1749747230612.jpg\",\"articleSection\":[\"PROVINCIALES\"],\"inLanguage\":\"es-AR\"},{\"@type\":\"WebPage\",\"@id\":\"https:\/\/radioinfinitagoya.com.ar\/v1\/2025\/06\/12\/un-mural-de-700-metros-cuadrados-contara-la-historia-de-el-piso\/\",\"url\":\"https:\/\/radioinfinitagoya.com.ar\/v1\/2025\/06\/12\/un-mural-de-700-metros-cuadrados-contara-la-historia-de-el-piso\/\",\"name\":\"Un mural de 700 metros cuadrados contar\u00e1 la historia de \u201cEl Piso\u201d - Radio Infinita Goya\",\"isPartOf\":{\"@id\":\"https:\/\/radioinfinitagoya.com.ar\/v1\/#website\"},\"primaryImageOfPage\":{\"@id\":\"https:\/\/radioinfinitagoya.com.ar\/v1\/2025\/06\/12\/un-mural-de-700-metros-cuadrados-contara-la-historia-de-el-piso\/#primaryimage\"},\"image\":{\"@id\":\"https:\/\/radioinfinitagoya.com.ar\/v1\/2025\/06\/12\/un-mural-de-700-metros-cuadrados-contara-la-historia-de-el-piso\/#primaryimage\"},\"thumbnailUrl\":\"https:\/\/radioinfinitagoya.com.ar\/v1\/wp-content\/uploads\/2025\/06\/1749747230612.jpg\",\"datePublished\":\"2025-06-12T20:08:36+00:00\",\"description\":\"El origen y trayectoria del paseo de compras, ahora ser\u00e1 pintado en sus paredes. En el paseo de compras \u201cEl Piso\u201d, en la intersecci\u00f3n de Roca y Belgrano,\",\"breadcrumb\":{\"@id\":\"https:\/\/radioinfinitagoya.com.ar\/v1\/2025\/06\/12\/un-mural-de-700-metros-cuadrados-contara-la-historia-de-el-piso\/#breadcrumb\"},\"inLanguage\":\"es-AR\",\"potentialAction\":[{\"@type\":\"ReadAction\",\"target\":[\"https:\/\/radioinfinitagoya.com.ar\/v1\/2025\/06\/12\/un-mural-de-700-metros-cuadrados-contara-la-historia-de-el-piso\/\"]}]},{\"@type\":\"ImageObject\",\"inLanguage\":\"es-AR\",\"@id\":\"https:\/\/radioinfinitagoya.com.ar\/v1\/2025\/06\/12\/un-mural-de-700-metros-cuadrados-contara-la-historia-de-el-piso\/#primaryimage\",\"url\":\"https:\/\/radioinfinitagoya.com.ar\/v1\/wp-content\/uploads\/2025\/06\/1749747230612.jpg\",\"contentUrl\":\"https:\/\/radioinfinitagoya.com.ar\/v1\/wp-content\/uploads\/2025\/06\/1749747230612.jpg\",\"width\":807,\"height\":674},{\"@type\":\"BreadcrumbList\",\"@id\":\"https:\/\/radioinfinitagoya.com.ar\/v1\/2025\/06\/12\/un-mural-de-700-metros-cuadrados-contara-la-historia-de-el-piso\/#breadcrumb\",\"itemListElement\":[{\"@type\":\"ListItem\",\"position\":1,\"name\":\"Inicio\",\"item\":\"https:\/\/radioinfinitagoya.com.ar\/v1\/\"},{\"@type\":\"ListItem\",\"position\":2,\"name\":\"Un mural de 700 metros cuadrados contar\u00e1 la historia de \u201cEl Piso\u201d\"}]},{\"@type\":\"WebSite\",\"@id\":\"https:\/\/radioinfinitagoya.com.ar\/v1\/#website\",\"url\":\"https:\/\/radioinfinitagoya.com.ar\/v1\/\",\"name\":\"radioinfinitagoya.com.ar\",\"description\":\"Radio de noticias\",\"publisher\":{\"@id\":\"https:\/\/radioinfinitagoya.com.ar\/v1\/#organization\"},\"potentialAction\":[{\"@type\":\"SearchAction\",\"target\":{\"@type\":\"EntryPoint\",\"urlTemplate\":\"https:\/\/radioinfinitagoya.com.ar\/v1\/?s={search_term_string}\"},\"query-input\":{\"@type\":\"PropertyValueSpecification\",\"valueRequired\":true,\"valueName\":\"search_term_string\"}}],\"inLanguage\":\"es-AR\"},{\"@type\":\"Organization\",\"@id\":\"https:\/\/radioinfinitagoya.com.ar\/v1\/#organization\",\"name\":\"Radio Infinita Goya\",\"url\":\"https:\/\/radioinfinitagoya.com.ar\/v1\/\",\"logo\":{\"@type\":\"ImageObject\",\"inLanguage\":\"es-AR\",\"@id\":\"https:\/\/radioinfinitagoya.com.ar\/v1\/#\/schema\/logo\/image\/\",\"url\":\"https:\/\/radioinfinitagoya.com.ar\/v1\/wp-content\/uploads\/2019\/11\/logo-pie-web.png\",\"contentUrl\":\"https:\/\/radioinfinitagoya.com.ar\/v1\/wp-content\/uploads\/2019\/11\/logo-pie-web.png\",\"width\":635,\"height\":326,\"caption\":\"Radio Infinita Goya\"},\"image\":{\"@id\":\"https:\/\/radioinfinitagoya.com.ar\/v1\/#\/schema\/logo\/image\/\"},\"sameAs\":[\"https:\/\/www.facebook.com\/p\/Infinita-Goya-100063870918311\/\"]},{\"@type\":\"Person\",\"@id\":\"https:\/\/radioinfinitagoya.com.ar\/v1\/#\/schema\/person\/d4cf9c413d4f6edb24aabdccab49ca4a\",\"name\":\"Jorge Mi\u00f1o\",\"image\":{\"@type\":\"ImageObject\",\"inLanguage\":\"es-AR\",\"@id\":\"https:\/\/secure.gravatar.com\/avatar\/910fcf6728fe95320e07a6643c1581fec1c7fc4bf8ae12e3d8f0d0373dc844be?s=96&d=mm&r=g\",\"url\":\"https:\/\/secure.gravatar.com\/avatar\/910fcf6728fe95320e07a6643c1581fec1c7fc4bf8ae12e3d8f0d0373dc844be?s=96&d=mm&r=g\",\"contentUrl\":\"https:\/\/secure.gravatar.com\/avatar\/910fcf6728fe95320e07a6643c1581fec1c7fc4bf8ae12e3d8f0d0373dc844be?s=96&d=mm&r=g\",\"caption\":\"Jorge Mi\u00f1o\"},\"sameAs\":[\"http:\/\/radioinfinitagoya.com.ar\"]}]}<\/script>\n<!-- \/ Yoast SEO plugin. -->","yoast_head_json":{"title":"Un mural de 700 metros cuadrados contar\u00e1 la historia de \u201cEl Piso\u201d - Radio Infinita Goya","description":"El origen y trayectoria del paseo de compras, ahora ser\u00e1 pintado en sus paredes. En el paseo de compras \u201cEl Piso\u201d, en la intersecci\u00f3n de Roca y Belgrano,","robots":{"index":"index","follow":"follow","max-snippet":"max-snippet:-1","max-image-preview":"max-image-preview:large","max-video-preview":"max-video-preview:-1"},"canonical":"https:\/\/radioinfinitagoya.com.ar\/v1\/2025\/06\/12\/un-mural-de-700-metros-cuadrados-contara-la-historia-de-el-piso\/","og_locale":"es_ES","og_type":"article","og_title":"Un mural de 700 metros cuadrados contar\u00e1 la historia de \u201cEl Piso\u201d - Radio Infinita Goya","og_description":"El origen y trayectoria del paseo de compras, ahora ser\u00e1 pintado en sus paredes. En el paseo de compras \u201cEl Piso\u201d, en la intersecci\u00f3n de Roca y Belgrano,","og_url":"https:\/\/radioinfinitagoya.com.ar\/v1\/2025\/06\/12\/un-mural-de-700-metros-cuadrados-contara-la-historia-de-el-piso\/","og_site_name":"Radio Infinita Goya","article_publisher":"https:\/\/www.facebook.com\/p\/Infinita-Goya-100063870918311\/","article_published_time":"2025-06-12T20:08:36+00:00","og_image":[{"width":807,"height":674,"url":"https:\/\/radioinfinitagoya.com.ar\/v1\/wp-content\/uploads\/2025\/06\/1749747230612.jpg","type":"image\/jpeg"}],"author":"Jorge Mi\u00f1o","twitter_card":"summary_large_image","twitter_misc":{"Escrito por":"Jorge Mi\u00f1o","Tiempo de lectura":"3 minutos"},"schema":{"@context":"https:\/\/schema.org","@graph":[{"@type":"Article","@id":"https:\/\/radioinfinitagoya.com.ar\/v1\/2025\/06\/12\/un-mural-de-700-metros-cuadrados-contara-la-historia-de-el-piso\/#article","isPartOf":{"@id":"https:\/\/radioinfinitagoya.com.ar\/v1\/2025\/06\/12\/un-mural-de-700-metros-cuadrados-contara-la-historia-de-el-piso\/"},"author":{"name":"Jorge Mi\u00f1o","@id":"https:\/\/radioinfinitagoya.com.ar\/v1\/#\/schema\/person\/d4cf9c413d4f6edb24aabdccab49ca4a"},"headline":"Un mural de 700 metros cuadrados contar\u00e1 la historia de \u201cEl Piso\u201d","datePublished":"2025-06-12T20:08:36+00:00","mainEntityOfPage":{"@id":"https:\/\/radioinfinitagoya.com.ar\/v1\/2025\/06\/12\/un-mural-de-700-metros-cuadrados-contara-la-historia-de-el-piso\/"},"wordCount":534,"publisher":{"@id":"https:\/\/radioinfinitagoya.com.ar\/v1\/#organization"},"image":{"@id":"https:\/\/radioinfinitagoya.com.ar\/v1\/2025\/06\/12\/un-mural-de-700-metros-cuadrados-contara-la-historia-de-el-piso\/#primaryimage"},"thumbnailUrl":"https:\/\/radioinfinitagoya.com.ar\/v1\/wp-content\/uploads\/2025\/06\/1749747230612.jpg","articleSection":["PROVINCIALES"],"inLanguage":"es-AR"},{"@type":"WebPage","@id":"https:\/\/radioinfinitagoya.com.ar\/v1\/2025\/06\/12\/un-mural-de-700-metros-cuadrados-contara-la-historia-de-el-piso\/","url":"https:\/\/radioinfinitagoya.com.ar\/v1\/2025\/06\/12\/un-mural-de-700-metros-cuadrados-contara-la-historia-de-el-piso\/","name":"Un mural de 700 metros cuadrados contar\u00e1 la historia de \u201cEl Piso\u201d - Radio Infinita Goya","isPartOf":{"@id":"https:\/\/radioinfinitagoya.com.ar\/v1\/#website"},"primaryImageOfPage":{"@id":"https:\/\/radioinfinitagoya.com.ar\/v1\/2025\/06\/12\/un-mural-de-700-metros-cuadrados-contara-la-historia-de-el-piso\/#primaryimage"},"image":{"@id":"https:\/\/radioinfinitagoya.com.ar\/v1\/2025\/06\/12\/un-mural-de-700-metros-cuadrados-contara-la-historia-de-el-piso\/#primaryimage"},"thumbnailUrl":"https:\/\/radioinfinitagoya.com.ar\/v1\/wp-content\/uploads\/2025\/06\/1749747230612.jpg","datePublished":"2025-06-12T20:08:36+00:00","description":"El origen y trayectoria del paseo de compras, ahora ser\u00e1 pintado en sus paredes. En el paseo de compras \u201cEl Piso\u201d, en la intersecci\u00f3n de Roca y Belgrano,","breadcrumb":{"@id":"https:\/\/radioinfinitagoya.com.ar\/v1\/2025\/06\/12\/un-mural-de-700-metros-cuadrados-contara-la-historia-de-el-piso\/#breadcrumb"},"inLanguage":"es-AR","potentialAction":[{"@type":"ReadAction","target":["https:\/\/radioinfinitagoya.com.ar\/v1\/2025\/06\/12\/un-mural-de-700-metros-cuadrados-contara-la-historia-de-el-piso\/"]}]},{"@type":"ImageObject","inLanguage":"es-AR","@id":"https:\/\/radioinfinitagoya.com.ar\/v1\/2025\/06\/12\/un-mural-de-700-metros-cuadrados-contara-la-historia-de-el-piso\/#primaryimage","url":"https:\/\/radioinfinitagoya.com.ar\/v1\/wp-content\/uploads\/2025\/06\/1749747230612.jpg","contentUrl":"https:\/\/radioinfinitagoya.com.ar\/v1\/wp-content\/uploads\/2025\/06\/1749747230612.jpg","width":807,"height":674},{"@type":"BreadcrumbList","@id":"https:\/\/radioinfinitagoya.com.ar\/v1\/2025\/06\/12\/un-mural-de-700-metros-cuadrados-contara-la-historia-de-el-piso\/#breadcrumb","itemListElement":[{"@type":"ListItem","position":1,"name":"Inicio","item":"https:\/\/radioinfinitagoya.com.ar\/v1\/"},{"@type":"ListItem","position":2,"name":"Un mural de 700 metros cuadrados contar\u00e1 la historia de \u201cEl Piso\u201d"}]},{"@type":"WebSite","@id":"https:\/\/radioinfinitagoya.com.ar\/v1\/#website","url":"https:\/\/radioinfinitagoya.com.ar\/v1\/","name":"radioinfinitagoya.com.ar","description":"Radio de noticias","publisher":{"@id":"https:\/\/radioinfinitagoya.com.ar\/v1\/#organization"},"potentialAction":[{"@type":"SearchAction","target":{"@type":"EntryPoint","urlTemplate":"https:\/\/radioinfinitagoya.com.ar\/v1\/?s={search_term_string}"},"query-input":{"@type":"PropertyValueSpecification","valueRequired":true,"valueName":"search_term_string"}}],"inLanguage":"es-AR"},{"@type":"Organization","@id":"https:\/\/radioinfinitagoya.com.ar\/v1\/#organization","name":"Radio Infinita Goya","url":"https:\/\/radioinfinitagoya.com.ar\/v1\/","logo":{"@type":"ImageObject","inLanguage":"es-AR","@id":"https:\/\/radioinfinitagoya.com.ar\/v1\/#\/schema\/logo\/image\/","url":"https:\/\/radioinfinitagoya.com.ar\/v1\/wp-content\/uploads\/2019\/11\/logo-pie-web.png","contentUrl":"https:\/\/radioinfinitagoya.com.ar\/v1\/wp-content\/uploads\/2019\/11\/logo-pie-web.png","width":635,"height":326,"caption":"Radio Infinita Goya"},"image":{"@id":"https:\/\/radioinfinitagoya.com.ar\/v1\/#\/schema\/logo\/image\/"},"sameAs":["https:\/\/www.facebook.com\/p\/Infinita-Goya-100063870918311\/"]},{"@type":"Person","@id":"https:\/\/radioinfinitagoya.com.ar\/v1\/#\/schema\/person\/d4cf9c413d4f6edb24aabdccab49ca4a","name":"Jorge Mi\u00f1o","image":{"@type":"ImageObject","inLanguage":"es-AR","@id":"https:\/\/secure.gravatar.com\/avatar\/910fcf6728fe95320e07a6643c1581fec1c7fc4bf8ae12e3d8f0d0373dc844be?s=96&d=mm&r=g","url":"https:\/\/secure.gravatar.com\/avatar\/910fcf6728fe95320e07a6643c1581fec1c7fc4bf8ae12e3d8f0d0373dc844be?s=96&d=mm&r=g","contentUrl":"https:\/\/secure.gravatar.com\/avatar\/910fcf6728fe95320e07a6643c1581fec1c7fc4bf8ae12e3d8f0d0373dc844be?s=96&d=mm&r=g","caption":"Jorge Mi\u00f1o"},"sameAs":["http:\/\/radioinfinitagoya.com.ar"]}]}},"_links":{"self":[{"href":"https:\/\/radioinfinitagoya.com.ar\/v1\/wp-json\/wp\/v2\/posts\/191355","targetHints":{"allow":["GET"]}}],"collection":[{"href":"https:\/\/radioinfinitagoya.com.ar\/v1\/wp-json\/wp\/v2\/posts"}],"about":[{"href":"https:\/\/radioinfinitagoya.com.ar\/v1\/wp-json\/wp\/v2\/types\/post"}],"author":[{"embeddable":true,"href":"https:\/\/radioinfinitagoya.com.ar\/v1\/wp-json\/wp\/v2\/users\/4"}],"replies":[{"embeddable":true,"href":"https:\/\/radioinfinitagoya.com.ar\/v1\/wp-json\/wp\/v2\/comments?post=191355"}],"version-history":[{"count":0,"href":"https:\/\/radioinfinitagoya.com.ar\/v1\/wp-json\/wp\/v2\/posts\/191355\/revisions"}],"wp:featuredmedia":[{"embeddable":true,"href":"https:\/\/radioinfinitagoya.com.ar\/v1\/wp-json\/wp\/v2\/media\/191358"}],"wp:attachment":[{"href":"https:\/\/radioinfinitagoya.com.ar\/v1\/wp-json\/wp\/v2\/media?parent=191355"}],"wp:term":[{"taxonomy":"category","embeddable":true,"href":"https:\/\/radioinfinitagoya.com.ar\/v1\/wp-json\/wp\/v2\/categories?post=191355"},{"taxonomy":"post_tag","embeddable":true,"href":"https:\/\/radioinfinitagoya.com.ar\/v1\/wp-json\/wp\/v2\/tags?post=191355"}],"curies":[{"name":"wp","href":"https:\/\/api.w.org\/{rel}","templated":true}]}}