{"id":191360,"date":"2025-06-12T17:13:27","date_gmt":"2025-06-12T20:13:27","guid":{"rendered":"https:\/\/radioinfinitagoya.com.ar\/v1\/?p=191360"},"modified":"2025-06-12T17:13:27","modified_gmt":"2025-06-12T20:13:27","slug":"la-inflacion-de-mayo-fue-de-15-la-mas-baja-de-los-ultimos-5-anos","status":"publish","type":"post","link":"https:\/\/radioinfinitagoya.com.ar\/v1\/2025\/06\/12\/la-inflacion-de-mayo-fue-de-15-la-mas-baja-de-los-ultimos-5-anos\/","title":{"rendered":"La inflaci\u00f3n de mayo fue de 1,5%, la m\u00e1s baja de los \u00faltimos 5 a\u00f1os"},"content":{"rendered":"<p>Los precios acumularon 43,5% interanual. El dato mensual coincidi\u00f3 con lo anticipado por varios relevamientos privados y mostr\u00f3 continuidad en la trayectoria de desaceleraci\u00f3n.<\/p>\n<p>El Instituto Nacional de Estad\u00edstica y Censos (Indec) inform\u00f3 este jueves que el \u00cdndice de Precios al Consumidor (IPC) de mayo registr\u00f3 una variaci\u00f3n de 1,5%, en l\u00ednea con la tendencia descendente observada en los \u00faltimos meses. Con este resultado, la inflaci\u00f3n interanual se ubic\u00f3 en 43,5%, mientras que el acumulado de los primeros cinco meses del a\u00f1o ascendi\u00f3 a 13,5 por ciento.<\/p>\n<p>Es el dato m\u00e1s bajo desde mayo de 2020, en el inicio del aislamiento sanitario por el Covid-19. Sin contar la pandemia, hay que remontarse a noviembre de 2017 para encontrar un n\u00famero similar (1,4%).<\/p>\n<p>El dato de inflaci\u00f3n de mayo gener\u00f3 particular atenci\u00f3n, ya que diferentes estimaciones privadas y oficiales contemplaban la posibilidad de que se ubicara por debajo del 2 por ciento.<\/p>\n<p>En esta ocasi\u00f3n, uno de los componentes de mayor peso en el \u00edndice nacional fue Alimentos y bebidas no alcoh\u00f3licas, con aumentos moderados en productos de consumo masivo como carnes, panificados, l\u00e1cteos y huevos, compensados parcialmente por bajas en frutas y verduras.<\/p>\n<p>Los rubros Restaurantes y hoteles, Prendas de vestir y calzado, Vivienda, agua, electricidad y gas, Transporte y Salud tambi\u00e9n habr\u00edan tenido una incidencia significativa, de acuerdo con la evoluci\u00f3n de los precios relevados en la Ciudad de Buenos Aires durante mayo.<\/p>\n<p>En ese distrito, el \u00cdndice de Precios al Consumidor de la Ciudad de Buenos Aires (IPCBA) subi\u00f3 1,6% en mayo y acumul\u00f3 una variaci\u00f3n interanual de 48,3%, seg\u00fan los datos difundidos el lunes por el Instituto de Estad\u00edstica y Censos de la Ciudad (Idecba). Se trat\u00f3 de la menor suba mensual desde junio de 2020.<\/p>\n<p>Dentro del IPCBA, los bienes aumentaron 0,8% en mayo, mientras que los servicios lo hicieron un 2%, profundizando la brecha que se consolid\u00f3 durante los \u00faltimos meses. La categor\u00eda Prendas de vestir y calzado creci\u00f3 2,9%, empujada por la rotaci\u00f3n de temporada y ajustes de precios. Restaurantes y hoteles subieron 2,7% y Salud avanz\u00f3 2,3%, con impacto de aumentos en medicina prepaga y productos farmac\u00e9uticos.<\/p>\n<p>El rubro Vivienda, agua, electricidad, gas y otros combustibles present\u00f3 una suba de 2,1%, en gran medida por ajustes en alquileres y servicios residenciales. Transporte tambi\u00e9n aument\u00f3 2,1%, con subas en combustibles, mantenimiento vehicular y tarifas reguladas.<\/p>\n<p>En el caso de Alimentos y bebidas no alcoh\u00f3licas, la suba fue del 1,3%, con incrementos en carnes y derivados, leche, productos l\u00e1cteos, huevos y panificados. En contraste, frutas y verduras registraron descensos que ayudaron a contener la variaci\u00f3n del rubro.<\/p>\n<p>Los precios regulados subieron 1,7% en mayo, impulsados por subas en tarifas de servicios p\u00fablicos, combustibles y medicina prepaga. En paralelo, los precios estacionales cayeron 3,6%, con bajas relevantes en frutas, verduras, legumbres y servicios tur\u00edsticos.<\/p>\n","protected":false},"excerpt":{"rendered":"<p>Los precios acumularon 43,5% interanual. El dato mensual coincidi\u00f3 con lo anticipado por varios relevamientos privados y mostr\u00f3 continuidad en la trayectoria de desaceleraci\u00f3n. El Instituto Nacional de Estad\u00edstica y Censos (Indec) inform\u00f3 este jueves que el \u00cdndice de Precios al Consumidor (IPC) de mayo registr\u00f3 una variaci\u00f3n de 1,5%, en l\u00ednea con la tendencia [&hellip;]<\/p>\n","protected":false},"author":4,"featured_media":191361,"comment_status":"closed","ping_status":"closed","sticky":false,"template":"","format":"standard","meta":{"_joinchat":[],"footnotes":""},"categories":[29],"tags":[],"class_list":{"0":"post-191360","1":"post","2":"type-post","3":"status-publish","4":"format-standard","5":"has-post-thumbnail","7":"category-nacionales"},"yoast_head":"<!-- This site is optimized with the Yoast SEO plugin v27.2 - https:\/\/yoast.com\/product\/yoast-seo-wordpress\/ -->\n<title>La inflaci\u00f3n de mayo fue de 1,5%, la m\u00e1s baja de los \u00faltimos 5 a\u00f1os - Radio Infinita Goya<\/title>\n<meta name=\"description\" content=\"Los precios acumularon 43,5% interanual. El dato mensual coincidi\u00f3 con lo anticipado por varios relevamientos privados y mostr\u00f3 continuidad en la\" \/>\n<meta name=\"robots\" content=\"index, follow, max-snippet:-1, max-image-preview:large, max-video-preview:-1\" \/>\n<link rel=\"canonical\" href=\"https:\/\/radioinfinitagoya.com.ar\/v1\/2025\/06\/12\/la-inflacion-de-mayo-fue-de-15-la-mas-baja-de-los-ultimos-5-anos\/\" \/>\n<meta property=\"og:locale\" content=\"es_ES\" \/>\n<meta property=\"og:type\" content=\"article\" \/>\n<meta property=\"og:title\" content=\"La inflaci\u00f3n de mayo fue de 1,5%, la m\u00e1s baja de los \u00faltimos 5 a\u00f1os - Radio Infinita Goya\" \/>\n<meta property=\"og:description\" content=\"Los precios acumularon 43,5% interanual. El dato mensual coincidi\u00f3 con lo anticipado por varios relevamientos privados y mostr\u00f3 continuidad en la\" \/>\n<meta property=\"og:url\" content=\"https:\/\/radioinfinitagoya.com.ar\/v1\/2025\/06\/12\/la-inflacion-de-mayo-fue-de-15-la-mas-baja-de-los-ultimos-5-anos\/\" \/>\n<meta property=\"og:site_name\" content=\"Radio Infinita Goya\" \/>\n<meta property=\"article:publisher\" content=\"https:\/\/www.facebook.com\/p\/Infinita-Goya-100063870918311\/\" \/>\n<meta property=\"article:published_time\" content=\"2025-06-12T20:13:27+00:00\" \/>\n<meta property=\"og:image\" content=\"https:\/\/radioinfinitagoya.com.ar\/v1\/wp-content\/uploads\/2025\/06\/GtQ-C_5XgAAscBC.jpg\" \/>\n\t<meta property=\"og:image:width\" content=\"680\" \/>\n\t<meta property=\"og:image:height\" content=\"383\" \/>\n\t<meta property=\"og:image:type\" content=\"image\/jpeg\" \/>\n<meta name=\"author\" content=\"Jorge Mi\u00f1o\" \/>\n<meta name=\"twitter:card\" content=\"summary_large_image\" \/>\n<meta name=\"twitter:label1\" content=\"Escrito por\" \/>\n\t<meta name=\"twitter:data1\" content=\"Jorge Mi\u00f1o\" \/>\n\t<meta name=\"twitter:label2\" content=\"Tiempo de lectura\" \/>\n\t<meta name=\"twitter:data2\" content=\"3 minutos\" \/>\n<script type=\"application\/ld+json\" class=\"yoast-schema-graph\">{\"@context\":\"https:\/\/schema.org\",\"@graph\":[{\"@type\":\"Article\",\"@id\":\"https:\/\/radioinfinitagoya.com.ar\/v1\/2025\/06\/12\/la-inflacion-de-mayo-fue-de-15-la-mas-baja-de-los-ultimos-5-anos\/#article\",\"isPartOf\":{\"@id\":\"https:\/\/radioinfinitagoya.com.ar\/v1\/2025\/06\/12\/la-inflacion-de-mayo-fue-de-15-la-mas-baja-de-los-ultimos-5-anos\/\"},\"author\":{\"name\":\"Jorge Mi\u00f1o\",\"@id\":\"https:\/\/radioinfinitagoya.com.ar\/v1\/#\/schema\/person\/d4cf9c413d4f6edb24aabdccab49ca4a\"},\"headline\":\"La inflaci\u00f3n de mayo fue de 1,5%, la m\u00e1s baja de los \u00faltimos 5 a\u00f1os\",\"datePublished\":\"2025-06-12T20:13:27+00:00\",\"mainEntityOfPage\":{\"@id\":\"https:\/\/radioinfinitagoya.com.ar\/v1\/2025\/06\/12\/la-inflacion-de-mayo-fue-de-15-la-mas-baja-de-los-ultimos-5-anos\/\"},\"wordCount\":491,\"publisher\":{\"@id\":\"https:\/\/radioinfinitagoya.com.ar\/v1\/#organization\"},\"image\":{\"@id\":\"https:\/\/radioinfinitagoya.com.ar\/v1\/2025\/06\/12\/la-inflacion-de-mayo-fue-de-15-la-mas-baja-de-los-ultimos-5-anos\/#primaryimage\"},\"thumbnailUrl\":\"https:\/\/radioinfinitagoya.com.ar\/v1\/wp-content\/uploads\/2025\/06\/GtQ-C_5XgAAscBC.jpg\",\"articleSection\":[\"NACIONALES\"],\"inLanguage\":\"es-AR\"},{\"@type\":\"WebPage\",\"@id\":\"https:\/\/radioinfinitagoya.com.ar\/v1\/2025\/06\/12\/la-inflacion-de-mayo-fue-de-15-la-mas-baja-de-los-ultimos-5-anos\/\",\"url\":\"https:\/\/radioinfinitagoya.com.ar\/v1\/2025\/06\/12\/la-inflacion-de-mayo-fue-de-15-la-mas-baja-de-los-ultimos-5-anos\/\",\"name\":\"La inflaci\u00f3n de mayo fue de 1,5%, la m\u00e1s baja de los \u00faltimos 5 a\u00f1os - Radio Infinita Goya\",\"isPartOf\":{\"@id\":\"https:\/\/radioinfinitagoya.com.ar\/v1\/#website\"},\"primaryImageOfPage\":{\"@id\":\"https:\/\/radioinfinitagoya.com.ar\/v1\/2025\/06\/12\/la-inflacion-de-mayo-fue-de-15-la-mas-baja-de-los-ultimos-5-anos\/#primaryimage\"},\"image\":{\"@id\":\"https:\/\/radioinfinitagoya.com.ar\/v1\/2025\/06\/12\/la-inflacion-de-mayo-fue-de-15-la-mas-baja-de-los-ultimos-5-anos\/#primaryimage\"},\"thumbnailUrl\":\"https:\/\/radioinfinitagoya.com.ar\/v1\/wp-content\/uploads\/2025\/06\/GtQ-C_5XgAAscBC.jpg\",\"datePublished\":\"2025-06-12T20:13:27+00:00\",\"description\":\"Los precios acumularon 43,5% interanual. El dato mensual coincidi\u00f3 con lo anticipado por varios relevamientos privados y mostr\u00f3 continuidad en la\",\"breadcrumb\":{\"@id\":\"https:\/\/radioinfinitagoya.com.ar\/v1\/2025\/06\/12\/la-inflacion-de-mayo-fue-de-15-la-mas-baja-de-los-ultimos-5-anos\/#breadcrumb\"},\"inLanguage\":\"es-AR\",\"potentialAction\":[{\"@type\":\"ReadAction\",\"target\":[\"https:\/\/radioinfinitagoya.com.ar\/v1\/2025\/06\/12\/la-inflacion-de-mayo-fue-de-15-la-mas-baja-de-los-ultimos-5-anos\/\"]}]},{\"@type\":\"ImageObject\",\"inLanguage\":\"es-AR\",\"@id\":\"https:\/\/radioinfinitagoya.com.ar\/v1\/2025\/06\/12\/la-inflacion-de-mayo-fue-de-15-la-mas-baja-de-los-ultimos-5-anos\/#primaryimage\",\"url\":\"https:\/\/radioinfinitagoya.com.ar\/v1\/wp-content\/uploads\/2025\/06\/GtQ-C_5XgAAscBC.jpg\",\"contentUrl\":\"https:\/\/radioinfinitagoya.com.ar\/v1\/wp-content\/uploads\/2025\/06\/GtQ-C_5XgAAscBC.jpg\",\"width\":680,\"height\":383},{\"@type\":\"BreadcrumbList\",\"@id\":\"https:\/\/radioinfinitagoya.com.ar\/v1\/2025\/06\/12\/la-inflacion-de-mayo-fue-de-15-la-mas-baja-de-los-ultimos-5-anos\/#breadcrumb\",\"itemListElement\":[{\"@type\":\"ListItem\",\"position\":1,\"name\":\"Inicio\",\"item\":\"https:\/\/radioinfinitagoya.com.ar\/v1\/\"},{\"@type\":\"ListItem\",\"position\":2,\"name\":\"La inflaci\u00f3n de mayo fue de 1,5%, la m\u00e1s baja de los \u00faltimos 5 a\u00f1os\"}]},{\"@type\":\"WebSite\",\"@id\":\"https:\/\/radioinfinitagoya.com.ar\/v1\/#website\",\"url\":\"https:\/\/radioinfinitagoya.com.ar\/v1\/\",\"name\":\"radioinfinitagoya.com.ar\",\"description\":\"Radio de noticias\",\"publisher\":{\"@id\":\"https:\/\/radioinfinitagoya.com.ar\/v1\/#organization\"},\"potentialAction\":[{\"@type\":\"SearchAction\",\"target\":{\"@type\":\"EntryPoint\",\"urlTemplate\":\"https:\/\/radioinfinitagoya.com.ar\/v1\/?s={search_term_string}\"},\"query-input\":{\"@type\":\"PropertyValueSpecification\",\"valueRequired\":true,\"valueName\":\"search_term_string\"}}],\"inLanguage\":\"es-AR\"},{\"@type\":\"Organization\",\"@id\":\"https:\/\/radioinfinitagoya.com.ar\/v1\/#organization\",\"name\":\"Radio Infinita Goya\",\"url\":\"https:\/\/radioinfinitagoya.com.ar\/v1\/\",\"logo\":{\"@type\":\"ImageObject\",\"inLanguage\":\"es-AR\",\"@id\":\"https:\/\/radioinfinitagoya.com.ar\/v1\/#\/schema\/logo\/image\/\",\"url\":\"https:\/\/radioinfinitagoya.com.ar\/v1\/wp-content\/uploads\/2019\/11\/logo-pie-web.png\",\"contentUrl\":\"https:\/\/radioinfinitagoya.com.ar\/v1\/wp-content\/uploads\/2019\/11\/logo-pie-web.png\",\"width\":635,\"height\":326,\"caption\":\"Radio Infinita Goya\"},\"image\":{\"@id\":\"https:\/\/radioinfinitagoya.com.ar\/v1\/#\/schema\/logo\/image\/\"},\"sameAs\":[\"https:\/\/www.facebook.com\/p\/Infinita-Goya-100063870918311\/\"]},{\"@type\":\"Person\",\"@id\":\"https:\/\/radioinfinitagoya.com.ar\/v1\/#\/schema\/person\/d4cf9c413d4f6edb24aabdccab49ca4a\",\"name\":\"Jorge Mi\u00f1o\",\"image\":{\"@type\":\"ImageObject\",\"inLanguage\":\"es-AR\",\"@id\":\"https:\/\/secure.gravatar.com\/avatar\/910fcf6728fe95320e07a6643c1581fec1c7fc4bf8ae12e3d8f0d0373dc844be?s=96&d=mm&r=g\",\"url\":\"https:\/\/secure.gravatar.com\/avatar\/910fcf6728fe95320e07a6643c1581fec1c7fc4bf8ae12e3d8f0d0373dc844be?s=96&d=mm&r=g\",\"contentUrl\":\"https:\/\/secure.gravatar.com\/avatar\/910fcf6728fe95320e07a6643c1581fec1c7fc4bf8ae12e3d8f0d0373dc844be?s=96&d=mm&r=g\",\"caption\":\"Jorge Mi\u00f1o\"},\"sameAs\":[\"http:\/\/radioinfinitagoya.com.ar\"]}]}<\/script>\n<!-- \/ Yoast SEO plugin. -->","yoast_head_json":{"title":"La inflaci\u00f3n de mayo fue de 1,5%, la m\u00e1s baja de los \u00faltimos 5 a\u00f1os - Radio Infinita Goya","description":"Los precios acumularon 43,5% interanual. El dato mensual coincidi\u00f3 con lo anticipado por varios relevamientos privados y mostr\u00f3 continuidad en la","robots":{"index":"index","follow":"follow","max-snippet":"max-snippet:-1","max-image-preview":"max-image-preview:large","max-video-preview":"max-video-preview:-1"},"canonical":"https:\/\/radioinfinitagoya.com.ar\/v1\/2025\/06\/12\/la-inflacion-de-mayo-fue-de-15-la-mas-baja-de-los-ultimos-5-anos\/","og_locale":"es_ES","og_type":"article","og_title":"La inflaci\u00f3n de mayo fue de 1,5%, la m\u00e1s baja de los \u00faltimos 5 a\u00f1os - Radio Infinita Goya","og_description":"Los precios acumularon 43,5% interanual. El dato mensual coincidi\u00f3 con lo anticipado por varios relevamientos privados y mostr\u00f3 continuidad en la","og_url":"https:\/\/radioinfinitagoya.com.ar\/v1\/2025\/06\/12\/la-inflacion-de-mayo-fue-de-15-la-mas-baja-de-los-ultimos-5-anos\/","og_site_name":"Radio Infinita Goya","article_publisher":"https:\/\/www.facebook.com\/p\/Infinita-Goya-100063870918311\/","article_published_time":"2025-06-12T20:13:27+00:00","og_image":[{"width":680,"height":383,"url":"https:\/\/radioinfinitagoya.com.ar\/v1\/wp-content\/uploads\/2025\/06\/GtQ-C_5XgAAscBC.jpg","type":"image\/jpeg"}],"author":"Jorge Mi\u00f1o","twitter_card":"summary_large_image","twitter_misc":{"Escrito por":"Jorge Mi\u00f1o","Tiempo de lectura":"3 minutos"},"schema":{"@context":"https:\/\/schema.org","@graph":[{"@type":"Article","@id":"https:\/\/radioinfinitagoya.com.ar\/v1\/2025\/06\/12\/la-inflacion-de-mayo-fue-de-15-la-mas-baja-de-los-ultimos-5-anos\/#article","isPartOf":{"@id":"https:\/\/radioinfinitagoya.com.ar\/v1\/2025\/06\/12\/la-inflacion-de-mayo-fue-de-15-la-mas-baja-de-los-ultimos-5-anos\/"},"author":{"name":"Jorge Mi\u00f1o","@id":"https:\/\/radioinfinitagoya.com.ar\/v1\/#\/schema\/person\/d4cf9c413d4f6edb24aabdccab49ca4a"},"headline":"La inflaci\u00f3n de mayo fue de 1,5%, la m\u00e1s baja de los \u00faltimos 5 a\u00f1os","datePublished":"2025-06-12T20:13:27+00:00","mainEntityOfPage":{"@id":"https:\/\/radioinfinitagoya.com.ar\/v1\/2025\/06\/12\/la-inflacion-de-mayo-fue-de-15-la-mas-baja-de-los-ultimos-5-anos\/"},"wordCount":491,"publisher":{"@id":"https:\/\/radioinfinitagoya.com.ar\/v1\/#organization"},"image":{"@id":"https:\/\/radioinfinitagoya.com.ar\/v1\/2025\/06\/12\/la-inflacion-de-mayo-fue-de-15-la-mas-baja-de-los-ultimos-5-anos\/#primaryimage"},"thumbnailUrl":"https:\/\/radioinfinitagoya.com.ar\/v1\/wp-content\/uploads\/2025\/06\/GtQ-C_5XgAAscBC.jpg","articleSection":["NACIONALES"],"inLanguage":"es-AR"},{"@type":"WebPage","@id":"https:\/\/radioinfinitagoya.com.ar\/v1\/2025\/06\/12\/la-inflacion-de-mayo-fue-de-15-la-mas-baja-de-los-ultimos-5-anos\/","url":"https:\/\/radioinfinitagoya.com.ar\/v1\/2025\/06\/12\/la-inflacion-de-mayo-fue-de-15-la-mas-baja-de-los-ultimos-5-anos\/","name":"La inflaci\u00f3n de mayo fue de 1,5%, la m\u00e1s baja de los \u00faltimos 5 a\u00f1os - Radio Infinita Goya","isPartOf":{"@id":"https:\/\/radioinfinitagoya.com.ar\/v1\/#website"},"primaryImageOfPage":{"@id":"https:\/\/radioinfinitagoya.com.ar\/v1\/2025\/06\/12\/la-inflacion-de-mayo-fue-de-15-la-mas-baja-de-los-ultimos-5-anos\/#primaryimage"},"image":{"@id":"https:\/\/radioinfinitagoya.com.ar\/v1\/2025\/06\/12\/la-inflacion-de-mayo-fue-de-15-la-mas-baja-de-los-ultimos-5-anos\/#primaryimage"},"thumbnailUrl":"https:\/\/radioinfinitagoya.com.ar\/v1\/wp-content\/uploads\/2025\/06\/GtQ-C_5XgAAscBC.jpg","datePublished":"2025-06-12T20:13:27+00:00","description":"Los precios acumularon 43,5% interanual. El dato mensual coincidi\u00f3 con lo anticipado por varios relevamientos privados y mostr\u00f3 continuidad en la","breadcrumb":{"@id":"https:\/\/radioinfinitagoya.com.ar\/v1\/2025\/06\/12\/la-inflacion-de-mayo-fue-de-15-la-mas-baja-de-los-ultimos-5-anos\/#breadcrumb"},"inLanguage":"es-AR","potentialAction":[{"@type":"ReadAction","target":["https:\/\/radioinfinitagoya.com.ar\/v1\/2025\/06\/12\/la-inflacion-de-mayo-fue-de-15-la-mas-baja-de-los-ultimos-5-anos\/"]}]},{"@type":"ImageObject","inLanguage":"es-AR","@id":"https:\/\/radioinfinitagoya.com.ar\/v1\/2025\/06\/12\/la-inflacion-de-mayo-fue-de-15-la-mas-baja-de-los-ultimos-5-anos\/#primaryimage","url":"https:\/\/radioinfinitagoya.com.ar\/v1\/wp-content\/uploads\/2025\/06\/GtQ-C_5XgAAscBC.jpg","contentUrl":"https:\/\/radioinfinitagoya.com.ar\/v1\/wp-content\/uploads\/2025\/06\/GtQ-C_5XgAAscBC.jpg","width":680,"height":383},{"@type":"BreadcrumbList","@id":"https:\/\/radioinfinitagoya.com.ar\/v1\/2025\/06\/12\/la-inflacion-de-mayo-fue-de-15-la-mas-baja-de-los-ultimos-5-anos\/#breadcrumb","itemListElement":[{"@type":"ListItem","position":1,"name":"Inicio","item":"https:\/\/radioinfinitagoya.com.ar\/v1\/"},{"@type":"ListItem","position":2,"name":"La inflaci\u00f3n de mayo fue de 1,5%, la m\u00e1s baja de los \u00faltimos 5 a\u00f1os"}]},{"@type":"WebSite","@id":"https:\/\/radioinfinitagoya.com.ar\/v1\/#website","url":"https:\/\/radioinfinitagoya.com.ar\/v1\/","name":"radioinfinitagoya.com.ar","description":"Radio de noticias","publisher":{"@id":"https:\/\/radioinfinitagoya.com.ar\/v1\/#organization"},"potentialAction":[{"@type":"SearchAction","target":{"@type":"EntryPoint","urlTemplate":"https:\/\/radioinfinitagoya.com.ar\/v1\/?s={search_term_string}"},"query-input":{"@type":"PropertyValueSpecification","valueRequired":true,"valueName":"search_term_string"}}],"inLanguage":"es-AR"},{"@type":"Organization","@id":"https:\/\/radioinfinitagoya.com.ar\/v1\/#organization","name":"Radio Infinita Goya","url":"https:\/\/radioinfinitagoya.com.ar\/v1\/","logo":{"@type":"ImageObject","inLanguage":"es-AR","@id":"https:\/\/radioinfinitagoya.com.ar\/v1\/#\/schema\/logo\/image\/","url":"https:\/\/radioinfinitagoya.com.ar\/v1\/wp-content\/uploads\/2019\/11\/logo-pie-web.png","contentUrl":"https:\/\/radioinfinitagoya.com.ar\/v1\/wp-content\/uploads\/2019\/11\/logo-pie-web.png","width":635,"height":326,"caption":"Radio Infinita Goya"},"image":{"@id":"https:\/\/radioinfinitagoya.com.ar\/v1\/#\/schema\/logo\/image\/"},"sameAs":["https:\/\/www.facebook.com\/p\/Infinita-Goya-100063870918311\/"]},{"@type":"Person","@id":"https:\/\/radioinfinitagoya.com.ar\/v1\/#\/schema\/person\/d4cf9c413d4f6edb24aabdccab49ca4a","name":"Jorge Mi\u00f1o","image":{"@type":"ImageObject","inLanguage":"es-AR","@id":"https:\/\/secure.gravatar.com\/avatar\/910fcf6728fe95320e07a6643c1581fec1c7fc4bf8ae12e3d8f0d0373dc844be?s=96&d=mm&r=g","url":"https:\/\/secure.gravatar.com\/avatar\/910fcf6728fe95320e07a6643c1581fec1c7fc4bf8ae12e3d8f0d0373dc844be?s=96&d=mm&r=g","contentUrl":"https:\/\/secure.gravatar.com\/avatar\/910fcf6728fe95320e07a6643c1581fec1c7fc4bf8ae12e3d8f0d0373dc844be?s=96&d=mm&r=g","caption":"Jorge Mi\u00f1o"},"sameAs":["http:\/\/radioinfinitagoya.com.ar"]}]}},"_links":{"self":[{"href":"https:\/\/radioinfinitagoya.com.ar\/v1\/wp-json\/wp\/v2\/posts\/191360","targetHints":{"allow":["GET"]}}],"collection":[{"href":"https:\/\/radioinfinitagoya.com.ar\/v1\/wp-json\/wp\/v2\/posts"}],"about":[{"href":"https:\/\/radioinfinitagoya.com.ar\/v1\/wp-json\/wp\/v2\/types\/post"}],"author":[{"embeddable":true,"href":"https:\/\/radioinfinitagoya.com.ar\/v1\/wp-json\/wp\/v2\/users\/4"}],"replies":[{"embeddable":true,"href":"https:\/\/radioinfinitagoya.com.ar\/v1\/wp-json\/wp\/v2\/comments?post=191360"}],"version-history":[{"count":0,"href":"https:\/\/radioinfinitagoya.com.ar\/v1\/wp-json\/wp\/v2\/posts\/191360\/revisions"}],"wp:featuredmedia":[{"embeddable":true,"href":"https:\/\/radioinfinitagoya.com.ar\/v1\/wp-json\/wp\/v2\/media\/191361"}],"wp:attachment":[{"href":"https:\/\/radioinfinitagoya.com.ar\/v1\/wp-json\/wp\/v2\/media?parent=191360"}],"wp:term":[{"taxonomy":"category","embeddable":true,"href":"https:\/\/radioinfinitagoya.com.ar\/v1\/wp-json\/wp\/v2\/categories?post=191360"},{"taxonomy":"post_tag","embeddable":true,"href":"https:\/\/radioinfinitagoya.com.ar\/v1\/wp-json\/wp\/v2\/tags?post=191360"}],"curies":[{"name":"wp","href":"https:\/\/api.w.org\/{rel}","templated":true}]}}