{"id":191366,"date":"2025-06-12T17:25:11","date_gmt":"2025-06-12T20:25:11","guid":{"rendered":"https:\/\/radioinfinitagoya.com.ar\/v1\/?p=191366"},"modified":"2025-06-12T17:25:11","modified_gmt":"2025-06-12T20:25:11","slug":"la-formula-1-anuncio-que-colapinto-sera-parte-de-la-previa-al-gp-de-canada","status":"publish","type":"post","link":"https:\/\/radioinfinitagoya.com.ar\/v1\/2025\/06\/12\/la-formula-1-anuncio-que-colapinto-sera-parte-de-la-previa-al-gp-de-canada\/","title":{"rendered":"La F\u00f3rmula 1 anunci\u00f3 que Colapinto ser\u00e1 parte de la previa al GP de Canad\u00e1"},"content":{"rendered":"<p>El piloto argentina estar\u00e1 en la rueda de prensa junto a Lewis Hamilton (Ferrari) y Lance Stroll (Aston Martin).<\/p>\n<p>Atr\u00e1s qued\u00f3 la semana de receso en la F\u00f3rmula 1. El pr\u00f3ximo viernes, en Montreal, se dar\u00e1 por iniciado el Gran Premio de Canad\u00e1 a partir de las pr\u00e1cticas libres para luego concluir el domingo con la carrera principal. All\u00ed estar\u00e1 Franco Colapinto, que tendr\u00e1 un rol particular en la previa a la competencia.<\/p>\n<p>Tal como lo anunci\u00f3 la F1 a trav\u00e9s de la Federaci\u00f3n Internacional del Autom\u00f3vil (FIA), el piloto argentino estar\u00e1 presente en la primera rueda de prensa del evento junto a sus colegas Lewis Hamilton (Ferrari) y Lance Stroll (Aston Martin). En la sala de conferencias, los corredores responder\u00e1n diversas preguntas de los medios antes de salir a la pista. Ser\u00e1 a las 15.30 (hora argentina).<\/p>\n<p>No es la primera vez que Franco asiste a este tipo de procedimientos. Incluso, durante su estad\u00eda en Williams, el pilarense tambi\u00e9n comparti\u00f3 una conferencia con Lewis Hamilton y Lance Stroll en Brasil. Ahora, volver\u00e1n a estar juntos durante el Gran Premio de Canad\u00e1 ante la prensa especializada.<\/p>\n<p>Las primeras palabras de Colapinto antes de volver a correr fueron publicadas en el sitio web de Alpine, donde el argentino mostr\u00f3 confianza para enderezar el rumbo luego de un inicio irregular. \u201cTuvimos muchos altibajos como equipo durante la triple jornada. No obtuvimos los resultados que busc\u00e1bamos, pero podemos ver el potencial y el ritmo del coche cuando lo combinamos todo\u201d, dijo.<\/p>\n<p>Luego, complet\u00f3: \u201cTengo muchas ganas de que llegue el Gran Premio de Canad\u00e1 este fin de semana y estoy listo para volver a la pista. Nunca he corrido en el Circuito Gilles-Villeneuve, as\u00ed que ser\u00e1 clave para m\u00ed familiarizarme lo m\u00e1s r\u00e1pido posible para prepararnos bien para la clasificaci\u00f3n. El objetivo es completar un fin de semana s\u00f3lido y esperar sumar puntos en ambos lados del box&#8221;.<\/p>\n<p>Cronograma del GP de Canad\u00e1:<\/p>\n<p>Viernes 13 de junio<\/p>\n<p>Pr\u00e1ctica Libre 1: 14:30 \u2013 15:30<br \/>\nPr\u00e1ctica Libre 2: 18:00 \u2013 19:00<br \/>\nS\u00e1bado 14 de junio<\/p>\n<p>Pr\u00e1ctica Libre 3: 13:30 \u2013 14:30<br \/>\nClasificaci\u00f3n: 17:00 \u2013 18:00<br \/>\nDomingo 15 de junio<\/p>\n<p>Carrera: 15:00.<br \/>\n*Horarios de la Argentina.<\/p>\n<p>D\u00f3nde ver el Gran Premio de Canad\u00e1 de la F\u00f3rmula 1<\/p>\n<p>La carrera se podr\u00e1 ver por el canal de cable de Fox Sports, o con la suscripci\u00f3n a la plataforma Disney+ Premium.<\/p>\n","protected":false},"excerpt":{"rendered":"<p>El piloto argentina estar\u00e1 en la rueda de prensa junto a Lewis Hamilton (Ferrari) y Lance Stroll (Aston Martin). Atr\u00e1s qued\u00f3 la semana de receso en la F\u00f3rmula 1. El pr\u00f3ximo viernes, en Montreal, se dar\u00e1 por iniciado el Gran Premio de Canad\u00e1 a partir de las pr\u00e1cticas libres para luego concluir el domingo con [&hellip;]<\/p>\n","protected":false},"author":4,"featured_media":191367,"comment_status":"closed","ping_status":"closed","sticky":false,"template":"","format":"standard","meta":{"_joinchat":[],"footnotes":""},"categories":[28],"tags":[],"class_list":{"0":"post-191366","1":"post","2":"type-post","3":"status-publish","4":"format-standard","5":"has-post-thumbnail","7":"category-deportes"},"yoast_head":"<!-- This site is optimized with the Yoast SEO plugin v27.2 - https:\/\/yoast.com\/product\/yoast-seo-wordpress\/ -->\n<title>La F\u00f3rmula 1 anunci\u00f3 que Colapinto ser\u00e1 parte de la previa al GP de Canad\u00e1 - Radio Infinita Goya<\/title>\n<meta name=\"description\" content=\"El piloto argentina estar\u00e1 en la rueda de prensa junto a Lewis Hamilton (Ferrari) y Lance Stroll (Aston Martin). Atr\u00e1s qued\u00f3 la semana de receso en la\" \/>\n<meta name=\"robots\" content=\"index, follow, max-snippet:-1, max-image-preview:large, max-video-preview:-1\" \/>\n<link rel=\"canonical\" href=\"https:\/\/radioinfinitagoya.com.ar\/v1\/2025\/06\/12\/la-formula-1-anuncio-que-colapinto-sera-parte-de-la-previa-al-gp-de-canada\/\" \/>\n<meta property=\"og:locale\" content=\"es_ES\" \/>\n<meta property=\"og:type\" content=\"article\" \/>\n<meta property=\"og:title\" content=\"La F\u00f3rmula 1 anunci\u00f3 que Colapinto ser\u00e1 parte de la previa al GP de Canad\u00e1 - Radio Infinita Goya\" \/>\n<meta property=\"og:description\" content=\"El piloto argentina estar\u00e1 en la rueda de prensa junto a Lewis Hamilton (Ferrari) y Lance Stroll (Aston Martin). Atr\u00e1s qued\u00f3 la semana de receso en la\" \/>\n<meta property=\"og:url\" content=\"https:\/\/radioinfinitagoya.com.ar\/v1\/2025\/06\/12\/la-formula-1-anuncio-que-colapinto-sera-parte-de-la-previa-al-gp-de-canada\/\" \/>\n<meta property=\"og:site_name\" content=\"Radio Infinita Goya\" \/>\n<meta property=\"article:publisher\" content=\"https:\/\/www.facebook.com\/p\/Infinita-Goya-100063870918311\/\" \/>\n<meta property=\"article:published_time\" content=\"2025-06-12T20:25:11+00:00\" \/>\n<meta property=\"og:image\" content=\"https:\/\/radioinfinitagoya.com.ar\/v1\/wp-content\/uploads\/2025\/06\/1749739290401.png\" \/>\n\t<meta property=\"og:image:width\" content=\"807\" \/>\n\t<meta property=\"og:image:height\" content=\"538\" \/>\n\t<meta property=\"og:image:type\" content=\"image\/png\" \/>\n<meta name=\"author\" content=\"Jorge Mi\u00f1o\" \/>\n<meta name=\"twitter:card\" content=\"summary_large_image\" \/>\n<meta name=\"twitter:label1\" content=\"Escrito por\" \/>\n\t<meta name=\"twitter:data1\" content=\"Jorge Mi\u00f1o\" \/>\n\t<meta name=\"twitter:label2\" content=\"Tiempo de lectura\" \/>\n\t<meta name=\"twitter:data2\" content=\"2 minutos\" \/>\n<script type=\"application\/ld+json\" class=\"yoast-schema-graph\">{\"@context\":\"https:\/\/schema.org\",\"@graph\":[{\"@type\":\"Article\",\"@id\":\"https:\/\/radioinfinitagoya.com.ar\/v1\/2025\/06\/12\/la-formula-1-anuncio-que-colapinto-sera-parte-de-la-previa-al-gp-de-canada\/#article\",\"isPartOf\":{\"@id\":\"https:\/\/radioinfinitagoya.com.ar\/v1\/2025\/06\/12\/la-formula-1-anuncio-que-colapinto-sera-parte-de-la-previa-al-gp-de-canada\/\"},\"author\":{\"name\":\"Jorge Mi\u00f1o\",\"@id\":\"https:\/\/radioinfinitagoya.com.ar\/v1\/#\/schema\/person\/d4cf9c413d4f6edb24aabdccab49ca4a\"},\"headline\":\"La F\u00f3rmula 1 anunci\u00f3 que Colapinto ser\u00e1 parte de la previa al GP de Canad\u00e1\",\"datePublished\":\"2025-06-12T20:25:11+00:00\",\"mainEntityOfPage\":{\"@id\":\"https:\/\/radioinfinitagoya.com.ar\/v1\/2025\/06\/12\/la-formula-1-anuncio-que-colapinto-sera-parte-de-la-previa-al-gp-de-canada\/\"},\"wordCount\":410,\"publisher\":{\"@id\":\"https:\/\/radioinfinitagoya.com.ar\/v1\/#organization\"},\"image\":{\"@id\":\"https:\/\/radioinfinitagoya.com.ar\/v1\/2025\/06\/12\/la-formula-1-anuncio-que-colapinto-sera-parte-de-la-previa-al-gp-de-canada\/#primaryimage\"},\"thumbnailUrl\":\"https:\/\/radioinfinitagoya.com.ar\/v1\/wp-content\/uploads\/2025\/06\/1749739290401.png\",\"articleSection\":[\"DEPORTES\"],\"inLanguage\":\"es-AR\"},{\"@type\":\"WebPage\",\"@id\":\"https:\/\/radioinfinitagoya.com.ar\/v1\/2025\/06\/12\/la-formula-1-anuncio-que-colapinto-sera-parte-de-la-previa-al-gp-de-canada\/\",\"url\":\"https:\/\/radioinfinitagoya.com.ar\/v1\/2025\/06\/12\/la-formula-1-anuncio-que-colapinto-sera-parte-de-la-previa-al-gp-de-canada\/\",\"name\":\"La F\u00f3rmula 1 anunci\u00f3 que Colapinto ser\u00e1 parte de la previa al GP de Canad\u00e1 - Radio Infinita Goya\",\"isPartOf\":{\"@id\":\"https:\/\/radioinfinitagoya.com.ar\/v1\/#website\"},\"primaryImageOfPage\":{\"@id\":\"https:\/\/radioinfinitagoya.com.ar\/v1\/2025\/06\/12\/la-formula-1-anuncio-que-colapinto-sera-parte-de-la-previa-al-gp-de-canada\/#primaryimage\"},\"image\":{\"@id\":\"https:\/\/radioinfinitagoya.com.ar\/v1\/2025\/06\/12\/la-formula-1-anuncio-que-colapinto-sera-parte-de-la-previa-al-gp-de-canada\/#primaryimage\"},\"thumbnailUrl\":\"https:\/\/radioinfinitagoya.com.ar\/v1\/wp-content\/uploads\/2025\/06\/1749739290401.png\",\"datePublished\":\"2025-06-12T20:25:11+00:00\",\"description\":\"El piloto argentina estar\u00e1 en la rueda de prensa junto a Lewis Hamilton (Ferrari) y Lance Stroll (Aston Martin). Atr\u00e1s qued\u00f3 la semana de receso en la\",\"breadcrumb\":{\"@id\":\"https:\/\/radioinfinitagoya.com.ar\/v1\/2025\/06\/12\/la-formula-1-anuncio-que-colapinto-sera-parte-de-la-previa-al-gp-de-canada\/#breadcrumb\"},\"inLanguage\":\"es-AR\",\"potentialAction\":[{\"@type\":\"ReadAction\",\"target\":[\"https:\/\/radioinfinitagoya.com.ar\/v1\/2025\/06\/12\/la-formula-1-anuncio-que-colapinto-sera-parte-de-la-previa-al-gp-de-canada\/\"]}]},{\"@type\":\"ImageObject\",\"inLanguage\":\"es-AR\",\"@id\":\"https:\/\/radioinfinitagoya.com.ar\/v1\/2025\/06\/12\/la-formula-1-anuncio-que-colapinto-sera-parte-de-la-previa-al-gp-de-canada\/#primaryimage\",\"url\":\"https:\/\/radioinfinitagoya.com.ar\/v1\/wp-content\/uploads\/2025\/06\/1749739290401.png\",\"contentUrl\":\"https:\/\/radioinfinitagoya.com.ar\/v1\/wp-content\/uploads\/2025\/06\/1749739290401.png\",\"width\":807,\"height\":538},{\"@type\":\"BreadcrumbList\",\"@id\":\"https:\/\/radioinfinitagoya.com.ar\/v1\/2025\/06\/12\/la-formula-1-anuncio-que-colapinto-sera-parte-de-la-previa-al-gp-de-canada\/#breadcrumb\",\"itemListElement\":[{\"@type\":\"ListItem\",\"position\":1,\"name\":\"Inicio\",\"item\":\"https:\/\/radioinfinitagoya.com.ar\/v1\/\"},{\"@type\":\"ListItem\",\"position\":2,\"name\":\"La F\u00f3rmula 1 anunci\u00f3 que Colapinto ser\u00e1 parte de la previa al GP de Canad\u00e1\"}]},{\"@type\":\"WebSite\",\"@id\":\"https:\/\/radioinfinitagoya.com.ar\/v1\/#website\",\"url\":\"https:\/\/radioinfinitagoya.com.ar\/v1\/\",\"name\":\"radioinfinitagoya.com.ar\",\"description\":\"Radio de noticias\",\"publisher\":{\"@id\":\"https:\/\/radioinfinitagoya.com.ar\/v1\/#organization\"},\"potentialAction\":[{\"@type\":\"SearchAction\",\"target\":{\"@type\":\"EntryPoint\",\"urlTemplate\":\"https:\/\/radioinfinitagoya.com.ar\/v1\/?s={search_term_string}\"},\"query-input\":{\"@type\":\"PropertyValueSpecification\",\"valueRequired\":true,\"valueName\":\"search_term_string\"}}],\"inLanguage\":\"es-AR\"},{\"@type\":\"Organization\",\"@id\":\"https:\/\/radioinfinitagoya.com.ar\/v1\/#organization\",\"name\":\"Radio Infinita Goya\",\"url\":\"https:\/\/radioinfinitagoya.com.ar\/v1\/\",\"logo\":{\"@type\":\"ImageObject\",\"inLanguage\":\"es-AR\",\"@id\":\"https:\/\/radioinfinitagoya.com.ar\/v1\/#\/schema\/logo\/image\/\",\"url\":\"https:\/\/radioinfinitagoya.com.ar\/v1\/wp-content\/uploads\/2019\/11\/logo-pie-web.png\",\"contentUrl\":\"https:\/\/radioinfinitagoya.com.ar\/v1\/wp-content\/uploads\/2019\/11\/logo-pie-web.png\",\"width\":635,\"height\":326,\"caption\":\"Radio Infinita Goya\"},\"image\":{\"@id\":\"https:\/\/radioinfinitagoya.com.ar\/v1\/#\/schema\/logo\/image\/\"},\"sameAs\":[\"https:\/\/www.facebook.com\/p\/Infinita-Goya-100063870918311\/\"]},{\"@type\":\"Person\",\"@id\":\"https:\/\/radioinfinitagoya.com.ar\/v1\/#\/schema\/person\/d4cf9c413d4f6edb24aabdccab49ca4a\",\"name\":\"Jorge Mi\u00f1o\",\"image\":{\"@type\":\"ImageObject\",\"inLanguage\":\"es-AR\",\"@id\":\"https:\/\/secure.gravatar.com\/avatar\/910fcf6728fe95320e07a6643c1581fec1c7fc4bf8ae12e3d8f0d0373dc844be?s=96&d=mm&r=g\",\"url\":\"https:\/\/secure.gravatar.com\/avatar\/910fcf6728fe95320e07a6643c1581fec1c7fc4bf8ae12e3d8f0d0373dc844be?s=96&d=mm&r=g\",\"contentUrl\":\"https:\/\/secure.gravatar.com\/avatar\/910fcf6728fe95320e07a6643c1581fec1c7fc4bf8ae12e3d8f0d0373dc844be?s=96&d=mm&r=g\",\"caption\":\"Jorge Mi\u00f1o\"},\"sameAs\":[\"http:\/\/radioinfinitagoya.com.ar\"]}]}<\/script>\n<!-- \/ Yoast SEO plugin. -->","yoast_head_json":{"title":"La F\u00f3rmula 1 anunci\u00f3 que Colapinto ser\u00e1 parte de la previa al GP de Canad\u00e1 - Radio Infinita Goya","description":"El piloto argentina estar\u00e1 en la rueda de prensa junto a Lewis Hamilton (Ferrari) y Lance Stroll (Aston Martin). Atr\u00e1s qued\u00f3 la semana de receso en la","robots":{"index":"index","follow":"follow","max-snippet":"max-snippet:-1","max-image-preview":"max-image-preview:large","max-video-preview":"max-video-preview:-1"},"canonical":"https:\/\/radioinfinitagoya.com.ar\/v1\/2025\/06\/12\/la-formula-1-anuncio-que-colapinto-sera-parte-de-la-previa-al-gp-de-canada\/","og_locale":"es_ES","og_type":"article","og_title":"La F\u00f3rmula 1 anunci\u00f3 que Colapinto ser\u00e1 parte de la previa al GP de Canad\u00e1 - Radio Infinita Goya","og_description":"El piloto argentina estar\u00e1 en la rueda de prensa junto a Lewis Hamilton (Ferrari) y Lance Stroll (Aston Martin). Atr\u00e1s qued\u00f3 la semana de receso en la","og_url":"https:\/\/radioinfinitagoya.com.ar\/v1\/2025\/06\/12\/la-formula-1-anuncio-que-colapinto-sera-parte-de-la-previa-al-gp-de-canada\/","og_site_name":"Radio Infinita Goya","article_publisher":"https:\/\/www.facebook.com\/p\/Infinita-Goya-100063870918311\/","article_published_time":"2025-06-12T20:25:11+00:00","og_image":[{"width":807,"height":538,"url":"https:\/\/radioinfinitagoya.com.ar\/v1\/wp-content\/uploads\/2025\/06\/1749739290401.png","type":"image\/png"}],"author":"Jorge Mi\u00f1o","twitter_card":"summary_large_image","twitter_misc":{"Escrito por":"Jorge Mi\u00f1o","Tiempo de lectura":"2 minutos"},"schema":{"@context":"https:\/\/schema.org","@graph":[{"@type":"Article","@id":"https:\/\/radioinfinitagoya.com.ar\/v1\/2025\/06\/12\/la-formula-1-anuncio-que-colapinto-sera-parte-de-la-previa-al-gp-de-canada\/#article","isPartOf":{"@id":"https:\/\/radioinfinitagoya.com.ar\/v1\/2025\/06\/12\/la-formula-1-anuncio-que-colapinto-sera-parte-de-la-previa-al-gp-de-canada\/"},"author":{"name":"Jorge Mi\u00f1o","@id":"https:\/\/radioinfinitagoya.com.ar\/v1\/#\/schema\/person\/d4cf9c413d4f6edb24aabdccab49ca4a"},"headline":"La F\u00f3rmula 1 anunci\u00f3 que Colapinto ser\u00e1 parte de la previa al GP de Canad\u00e1","datePublished":"2025-06-12T20:25:11+00:00","mainEntityOfPage":{"@id":"https:\/\/radioinfinitagoya.com.ar\/v1\/2025\/06\/12\/la-formula-1-anuncio-que-colapinto-sera-parte-de-la-previa-al-gp-de-canada\/"},"wordCount":410,"publisher":{"@id":"https:\/\/radioinfinitagoya.com.ar\/v1\/#organization"},"image":{"@id":"https:\/\/radioinfinitagoya.com.ar\/v1\/2025\/06\/12\/la-formula-1-anuncio-que-colapinto-sera-parte-de-la-previa-al-gp-de-canada\/#primaryimage"},"thumbnailUrl":"https:\/\/radioinfinitagoya.com.ar\/v1\/wp-content\/uploads\/2025\/06\/1749739290401.png","articleSection":["DEPORTES"],"inLanguage":"es-AR"},{"@type":"WebPage","@id":"https:\/\/radioinfinitagoya.com.ar\/v1\/2025\/06\/12\/la-formula-1-anuncio-que-colapinto-sera-parte-de-la-previa-al-gp-de-canada\/","url":"https:\/\/radioinfinitagoya.com.ar\/v1\/2025\/06\/12\/la-formula-1-anuncio-que-colapinto-sera-parte-de-la-previa-al-gp-de-canada\/","name":"La F\u00f3rmula 1 anunci\u00f3 que Colapinto ser\u00e1 parte de la previa al GP de Canad\u00e1 - Radio Infinita Goya","isPartOf":{"@id":"https:\/\/radioinfinitagoya.com.ar\/v1\/#website"},"primaryImageOfPage":{"@id":"https:\/\/radioinfinitagoya.com.ar\/v1\/2025\/06\/12\/la-formula-1-anuncio-que-colapinto-sera-parte-de-la-previa-al-gp-de-canada\/#primaryimage"},"image":{"@id":"https:\/\/radioinfinitagoya.com.ar\/v1\/2025\/06\/12\/la-formula-1-anuncio-que-colapinto-sera-parte-de-la-previa-al-gp-de-canada\/#primaryimage"},"thumbnailUrl":"https:\/\/radioinfinitagoya.com.ar\/v1\/wp-content\/uploads\/2025\/06\/1749739290401.png","datePublished":"2025-06-12T20:25:11+00:00","description":"El piloto argentina estar\u00e1 en la rueda de prensa junto a Lewis Hamilton (Ferrari) y Lance Stroll (Aston Martin). Atr\u00e1s qued\u00f3 la semana de receso en la","breadcrumb":{"@id":"https:\/\/radioinfinitagoya.com.ar\/v1\/2025\/06\/12\/la-formula-1-anuncio-que-colapinto-sera-parte-de-la-previa-al-gp-de-canada\/#breadcrumb"},"inLanguage":"es-AR","potentialAction":[{"@type":"ReadAction","target":["https:\/\/radioinfinitagoya.com.ar\/v1\/2025\/06\/12\/la-formula-1-anuncio-que-colapinto-sera-parte-de-la-previa-al-gp-de-canada\/"]}]},{"@type":"ImageObject","inLanguage":"es-AR","@id":"https:\/\/radioinfinitagoya.com.ar\/v1\/2025\/06\/12\/la-formula-1-anuncio-que-colapinto-sera-parte-de-la-previa-al-gp-de-canada\/#primaryimage","url":"https:\/\/radioinfinitagoya.com.ar\/v1\/wp-content\/uploads\/2025\/06\/1749739290401.png","contentUrl":"https:\/\/radioinfinitagoya.com.ar\/v1\/wp-content\/uploads\/2025\/06\/1749739290401.png","width":807,"height":538},{"@type":"BreadcrumbList","@id":"https:\/\/radioinfinitagoya.com.ar\/v1\/2025\/06\/12\/la-formula-1-anuncio-que-colapinto-sera-parte-de-la-previa-al-gp-de-canada\/#breadcrumb","itemListElement":[{"@type":"ListItem","position":1,"name":"Inicio","item":"https:\/\/radioinfinitagoya.com.ar\/v1\/"},{"@type":"ListItem","position":2,"name":"La F\u00f3rmula 1 anunci\u00f3 que Colapinto ser\u00e1 parte de la previa al GP de Canad\u00e1"}]},{"@type":"WebSite","@id":"https:\/\/radioinfinitagoya.com.ar\/v1\/#website","url":"https:\/\/radioinfinitagoya.com.ar\/v1\/","name":"radioinfinitagoya.com.ar","description":"Radio de noticias","publisher":{"@id":"https:\/\/radioinfinitagoya.com.ar\/v1\/#organization"},"potentialAction":[{"@type":"SearchAction","target":{"@type":"EntryPoint","urlTemplate":"https:\/\/radioinfinitagoya.com.ar\/v1\/?s={search_term_string}"},"query-input":{"@type":"PropertyValueSpecification","valueRequired":true,"valueName":"search_term_string"}}],"inLanguage":"es-AR"},{"@type":"Organization","@id":"https:\/\/radioinfinitagoya.com.ar\/v1\/#organization","name":"Radio Infinita Goya","url":"https:\/\/radioinfinitagoya.com.ar\/v1\/","logo":{"@type":"ImageObject","inLanguage":"es-AR","@id":"https:\/\/radioinfinitagoya.com.ar\/v1\/#\/schema\/logo\/image\/","url":"https:\/\/radioinfinitagoya.com.ar\/v1\/wp-content\/uploads\/2019\/11\/logo-pie-web.png","contentUrl":"https:\/\/radioinfinitagoya.com.ar\/v1\/wp-content\/uploads\/2019\/11\/logo-pie-web.png","width":635,"height":326,"caption":"Radio Infinita Goya"},"image":{"@id":"https:\/\/radioinfinitagoya.com.ar\/v1\/#\/schema\/logo\/image\/"},"sameAs":["https:\/\/www.facebook.com\/p\/Infinita-Goya-100063870918311\/"]},{"@type":"Person","@id":"https:\/\/radioinfinitagoya.com.ar\/v1\/#\/schema\/person\/d4cf9c413d4f6edb24aabdccab49ca4a","name":"Jorge Mi\u00f1o","image":{"@type":"ImageObject","inLanguage":"es-AR","@id":"https:\/\/secure.gravatar.com\/avatar\/910fcf6728fe95320e07a6643c1581fec1c7fc4bf8ae12e3d8f0d0373dc844be?s=96&d=mm&r=g","url":"https:\/\/secure.gravatar.com\/avatar\/910fcf6728fe95320e07a6643c1581fec1c7fc4bf8ae12e3d8f0d0373dc844be?s=96&d=mm&r=g","contentUrl":"https:\/\/secure.gravatar.com\/avatar\/910fcf6728fe95320e07a6643c1581fec1c7fc4bf8ae12e3d8f0d0373dc844be?s=96&d=mm&r=g","caption":"Jorge Mi\u00f1o"},"sameAs":["http:\/\/radioinfinitagoya.com.ar"]}]}},"_links":{"self":[{"href":"https:\/\/radioinfinitagoya.com.ar\/v1\/wp-json\/wp\/v2\/posts\/191366","targetHints":{"allow":["GET"]}}],"collection":[{"href":"https:\/\/radioinfinitagoya.com.ar\/v1\/wp-json\/wp\/v2\/posts"}],"about":[{"href":"https:\/\/radioinfinitagoya.com.ar\/v1\/wp-json\/wp\/v2\/types\/post"}],"author":[{"embeddable":true,"href":"https:\/\/radioinfinitagoya.com.ar\/v1\/wp-json\/wp\/v2\/users\/4"}],"replies":[{"embeddable":true,"href":"https:\/\/radioinfinitagoya.com.ar\/v1\/wp-json\/wp\/v2\/comments?post=191366"}],"version-history":[{"count":0,"href":"https:\/\/radioinfinitagoya.com.ar\/v1\/wp-json\/wp\/v2\/posts\/191366\/revisions"}],"wp:featuredmedia":[{"embeddable":true,"href":"https:\/\/radioinfinitagoya.com.ar\/v1\/wp-json\/wp\/v2\/media\/191367"}],"wp:attachment":[{"href":"https:\/\/radioinfinitagoya.com.ar\/v1\/wp-json\/wp\/v2\/media?parent=191366"}],"wp:term":[{"taxonomy":"category","embeddable":true,"href":"https:\/\/radioinfinitagoya.com.ar\/v1\/wp-json\/wp\/v2\/categories?post=191366"},{"taxonomy":"post_tag","embeddable":true,"href":"https:\/\/radioinfinitagoya.com.ar\/v1\/wp-json\/wp\/v2\/tags?post=191366"}],"curies":[{"name":"wp","href":"https:\/\/api.w.org\/{rel}","templated":true}]}}