{"id":191369,"date":"2025-06-12T17:29:26","date_gmt":"2025-06-12T20:29:26","guid":{"rendered":"https:\/\/radioinfinitagoya.com.ar\/v1\/?p=191369"},"modified":"2025-06-12T17:29:26","modified_gmt":"2025-06-12T20:29:26","slug":"que-cambio-en-el-reglamento-se-implementara-en-el-mundial-de-clubes","status":"publish","type":"post","link":"https:\/\/radioinfinitagoya.com.ar\/v1\/2025\/06\/12\/que-cambio-en-el-reglamento-se-implementara-en-el-mundial-de-clubes\/","title":{"rendered":"Qu\u00e9 cambio en el reglamento se implementar\u00e1 en el Mundial de Clubes"},"content":{"rendered":"<p>El certamen internacional comenzar\u00e1 el s\u00e1bado con el partido inaugural del Inter Miami contra el Al Ahly de Egipto en el Hard Rock Stadium de Florida.<\/p>\n<p>La introducci\u00f3n del VAR en el f\u00fatbol gener\u00f3 opiniones a favor y en contra de una herramienta que est\u00e1 en continua evoluci\u00f3n por los avances tecnol\u00f3gicos. El Mundial de Clubes no ser\u00e1 la excepci\u00f3n porque se intentar\u00e1 frenar el famoso delay de bandera para evitar que las jugadas se prolonguen por m\u00e1s tiempo ante la existencia de un fuera de juego.<\/p>\n<p>La Fifa adelant\u00f3 la innovaci\u00f3n en su p\u00e1gina oficial, en la que se apunta que \u201ccon la ayuda de m\u00faltiples c\u00e1maras, un sensor en el interior del bal\u00f3n y la inteligencia artificial (IA)\u201d habr\u00e1 un sistema que rastrear\u00e1 \u201cla posici\u00f3n de los jugadores y del bal\u00f3n\u201d y se enviar\u00e1n \u201calertas automatizadas en tiempo real a los \u00e1rbitros en caso de fuera de juego claro\u201d.<\/p>\n<p>El diario brit\u00e1nico The Sun complementa esta informaci\u00f3n al se\u00f1alar que los jueces de l\u00ednea ser\u00e1n informados al instante si un atacante llega a tocar el bal\u00f3n despu\u00e9s de partir adelantado por m\u00e1s de 10 cent\u00edmetros. Esto se vigilar\u00e1 a trav\u00e9s de 16 c\u00e1maras de seguimiento, que est\u00e1n vinculadas a la IA y a algoritmos. \u201cHasta que no toquen el bal\u00f3n, incluso estando en posici\u00f3n de fuera (de juego), ese mensaje no se enviar\u00e1\u201d, aclar\u00f3 el jefe de los \u00e1rbitros de la casa madre del f\u00fatbol, Pierluigi Collina.<\/p>\n<p>Adem\u00e1s, Collina profundiz\u00f3 en las circunstancias en que se mandar\u00e1 el aviso: \u201cEl mensaje de audio, que ser\u00e1 \u2018fuera de juego, fuera de juego\u2019, solo llegar\u00e1 al \u00e1rbitro asistente cuando el jugador que el algoritmo ha detectado en posici\u00f3n de fuera toque el bal\u00f3n\u201d.<\/p>\n<p>\u201cSomos conscientes de que la decisi\u00f3n de no levantar la bandera formaba parte del funcionamiento del VAR, ya que no se quiere levantar la bandera en una situaci\u00f3n dudosa y acabar con la posibilidad de un gol. Los asistentes han estado haciendo lo que les hemos dicho que hagan, pero est\u00e1 claro que lo que se considera \u2018dudoso\u2019 se ha vuelto cada vez m\u00e1s y m\u00e1s grande\u201d, declar\u00f3.<\/p>\n<p>En este sentido, Pierluigi Collina les pidi\u00f3 un mayor grado de autoridad para hacer valer el ojo humano por encima del VAR en algunas jugadas: \u201cAl mismo tiempo, queremos que los asistentes sean un poco m\u00e1s valientes y audaces en estas situaciones. Si un jugador est\u00e1 2 metros fuera de juego, no puede ser una decisi\u00f3n ajustada\u201d.<\/p>\n<p>Esto se produce a casi un mes de la impactante lesi\u00f3n sufrida por la figura del Nottingham Forest, Taiwo Awoniyi, en una acci\u00f3n que debi\u00f3 ser anulada por un evidente offside, pero se esper\u00f3 al final debido al protocolo del VAR. El delantero se choc\u00f3 contra un palo y padeci\u00f3 una grave lesi\u00f3n abdominal, que oblig\u00f3 a una cirug\u00eda de urgencia y permaneci\u00f3 en coma inducido.<\/p>\n<p>D\u00edas m\u00e1s tarde, el club comunic\u00f3 que el jugador \u201cse est\u00e1 recuperando\u201d bien. \u201cLa gravedad de la lesi\u00f3n es un poderoso recuerdo de los riesgos f\u00edsicos de este deporte y por qu\u00e9 la salud de un jugador y su bienestar deben ser siempre la prioridad\u201d, escribieron en un comunicado.<\/p>\n<p>Esta implementaci\u00f3n para evitar la prolongaci\u00f3n de jugadas est\u00e9riles se suma a diversas iniciativas de la Fifa, como la decisi\u00f3n de que los \u00e1rbitros lleven c\u00e1maras corporales durante el Mundial de Clubes y las im\u00e1genes ser\u00e1n usadas por Dazn, la cadena que posee los derechos exclusivos del torneo en todo el mundo. Uno de los objetivos de esta medida es \u201ccomprobar si este nuevo \u00e1ngulo de c\u00e1mara, que muestra la perspectiva del \u00e1rbitro, mejora la experiencia de los telespectadores\u201c, se\u00f1al\u00f3 la entidad a cargo de Gianni Infantino.<\/p>\n<p>El certamen se desarrollar\u00e1 de manera \u00edntegra en los Estados Unidos y comenzar\u00e1 este s\u00e1bado desde las 21 (hora argentina) con el partido inaugural del Inter Miami de Lionel Messi contra el Al Ahly de Egipto en el Hard Rock Stadium de Florida.<\/p>\n<p>Boca Juniors disputar\u00e1 en ese escenario sus dos primeros partidos por el Grupo C ante Benfica y Bayern M\u00fanich, y luego deber\u00e1 viajar a Nashville para medirse a Auckland City. El Xeneize ser\u00e1 uno de los dos representantes argentinos junto a River Plate, que se estrenar\u00e1 ante Urawa Red Diamonds de Jap\u00f3n por el Grupo E y seguir\u00e1 su periplo contra Monterrey de M\u00e9xico e Inter de Italia.<\/p>\n<p>&nbsp;<\/p>\n","protected":false},"excerpt":{"rendered":"<p>El certamen internacional comenzar\u00e1 el s\u00e1bado con el partido inaugural del Inter Miami contra el Al Ahly de Egipto en el Hard Rock Stadium de Florida. La introducci\u00f3n del VAR en el f\u00fatbol gener\u00f3 opiniones a favor y en contra de una herramienta que est\u00e1 en continua evoluci\u00f3n por los avances tecnol\u00f3gicos. El Mundial de [&hellip;]<\/p>\n","protected":false},"author":4,"featured_media":191370,"comment_status":"closed","ping_status":"closed","sticky":false,"template":"","format":"standard","meta":{"_joinchat":[],"footnotes":""},"categories":[28],"tags":[],"class_list":{"0":"post-191369","1":"post","2":"type-post","3":"status-publish","4":"format-standard","5":"has-post-thumbnail","7":"category-deportes"},"yoast_head":"<!-- This site is optimized with the Yoast SEO plugin v27.2 - https:\/\/yoast.com\/product\/yoast-seo-wordpress\/ -->\n<title>Qu\u00e9 cambio en el reglamento se implementar\u00e1 en el Mundial de Clubes - Radio Infinita Goya<\/title>\n<meta name=\"description\" content=\"El certamen internacional comenzar\u00e1 el s\u00e1bado con el partido inaugural del Inter Miami contra el Al Ahly de Egipto en el Hard Rock Stadium de Florida. La\" \/>\n<meta name=\"robots\" content=\"index, follow, max-snippet:-1, max-image-preview:large, max-video-preview:-1\" \/>\n<link rel=\"canonical\" href=\"https:\/\/radioinfinitagoya.com.ar\/v1\/2025\/06\/12\/que-cambio-en-el-reglamento-se-implementara-en-el-mundial-de-clubes\/\" \/>\n<meta property=\"og:locale\" content=\"es_ES\" \/>\n<meta property=\"og:type\" content=\"article\" \/>\n<meta property=\"og:title\" content=\"Qu\u00e9 cambio en el reglamento se implementar\u00e1 en el Mundial de Clubes - Radio Infinita Goya\" \/>\n<meta property=\"og:description\" content=\"El certamen internacional comenzar\u00e1 el s\u00e1bado con el partido inaugural del Inter Miami contra el Al Ahly de Egipto en el Hard Rock Stadium de Florida. La\" \/>\n<meta property=\"og:url\" content=\"https:\/\/radioinfinitagoya.com.ar\/v1\/2025\/06\/12\/que-cambio-en-el-reglamento-se-implementara-en-el-mundial-de-clubes\/\" \/>\n<meta property=\"og:site_name\" content=\"Radio Infinita Goya\" \/>\n<meta property=\"article:publisher\" content=\"https:\/\/www.facebook.com\/p\/Infinita-Goya-100063870918311\/\" \/>\n<meta property=\"article:published_time\" content=\"2025-06-12T20:29:26+00:00\" \/>\n<meta property=\"og:image\" content=\"https:\/\/radioinfinitagoya.com.ar\/v1\/wp-content\/uploads\/2025\/06\/1749733008346.webp\" \/>\n\t<meta property=\"og:image:width\" content=\"1200\" \/>\n\t<meta property=\"og:image:height\" content=\"675\" \/>\n\t<meta property=\"og:image:type\" content=\"image\/webp\" \/>\n<meta name=\"author\" content=\"Jorge Mi\u00f1o\" \/>\n<meta name=\"twitter:card\" content=\"summary_large_image\" \/>\n<meta name=\"twitter:label1\" content=\"Escrito por\" \/>\n\t<meta name=\"twitter:data1\" content=\"Jorge Mi\u00f1o\" \/>\n\t<meta name=\"twitter:label2\" content=\"Tiempo de lectura\" \/>\n\t<meta name=\"twitter:data2\" content=\"4 minutos\" \/>\n<script type=\"application\/ld+json\" class=\"yoast-schema-graph\">{\"@context\":\"https:\/\/schema.org\",\"@graph\":[{\"@type\":\"Article\",\"@id\":\"https:\/\/radioinfinitagoya.com.ar\/v1\/2025\/06\/12\/que-cambio-en-el-reglamento-se-implementara-en-el-mundial-de-clubes\/#article\",\"isPartOf\":{\"@id\":\"https:\/\/radioinfinitagoya.com.ar\/v1\/2025\/06\/12\/que-cambio-en-el-reglamento-se-implementara-en-el-mundial-de-clubes\/\"},\"author\":{\"name\":\"Jorge Mi\u00f1o\",\"@id\":\"https:\/\/radioinfinitagoya.com.ar\/v1\/#\/schema\/person\/d4cf9c413d4f6edb24aabdccab49ca4a\"},\"headline\":\"Qu\u00e9 cambio en el reglamento se implementar\u00e1 en el Mundial de Clubes\",\"datePublished\":\"2025-06-12T20:29:26+00:00\",\"mainEntityOfPage\":{\"@id\":\"https:\/\/radioinfinitagoya.com.ar\/v1\/2025\/06\/12\/que-cambio-en-el-reglamento-se-implementara-en-el-mundial-de-clubes\/\"},\"wordCount\":790,\"publisher\":{\"@id\":\"https:\/\/radioinfinitagoya.com.ar\/v1\/#organization\"},\"image\":{\"@id\":\"https:\/\/radioinfinitagoya.com.ar\/v1\/2025\/06\/12\/que-cambio-en-el-reglamento-se-implementara-en-el-mundial-de-clubes\/#primaryimage\"},\"thumbnailUrl\":\"https:\/\/radioinfinitagoya.com.ar\/v1\/wp-content\/uploads\/2025\/06\/1749733008346.webp\",\"articleSection\":[\"DEPORTES\"],\"inLanguage\":\"es-AR\"},{\"@type\":\"WebPage\",\"@id\":\"https:\/\/radioinfinitagoya.com.ar\/v1\/2025\/06\/12\/que-cambio-en-el-reglamento-se-implementara-en-el-mundial-de-clubes\/\",\"url\":\"https:\/\/radioinfinitagoya.com.ar\/v1\/2025\/06\/12\/que-cambio-en-el-reglamento-se-implementara-en-el-mundial-de-clubes\/\",\"name\":\"Qu\u00e9 cambio en el reglamento se implementar\u00e1 en el Mundial de Clubes - Radio Infinita Goya\",\"isPartOf\":{\"@id\":\"https:\/\/radioinfinitagoya.com.ar\/v1\/#website\"},\"primaryImageOfPage\":{\"@id\":\"https:\/\/radioinfinitagoya.com.ar\/v1\/2025\/06\/12\/que-cambio-en-el-reglamento-se-implementara-en-el-mundial-de-clubes\/#primaryimage\"},\"image\":{\"@id\":\"https:\/\/radioinfinitagoya.com.ar\/v1\/2025\/06\/12\/que-cambio-en-el-reglamento-se-implementara-en-el-mundial-de-clubes\/#primaryimage\"},\"thumbnailUrl\":\"https:\/\/radioinfinitagoya.com.ar\/v1\/wp-content\/uploads\/2025\/06\/1749733008346.webp\",\"datePublished\":\"2025-06-12T20:29:26+00:00\",\"description\":\"El certamen internacional comenzar\u00e1 el s\u00e1bado con el partido inaugural del Inter Miami contra el Al Ahly de Egipto en el Hard Rock Stadium de Florida. La\",\"breadcrumb\":{\"@id\":\"https:\/\/radioinfinitagoya.com.ar\/v1\/2025\/06\/12\/que-cambio-en-el-reglamento-se-implementara-en-el-mundial-de-clubes\/#breadcrumb\"},\"inLanguage\":\"es-AR\",\"potentialAction\":[{\"@type\":\"ReadAction\",\"target\":[\"https:\/\/radioinfinitagoya.com.ar\/v1\/2025\/06\/12\/que-cambio-en-el-reglamento-se-implementara-en-el-mundial-de-clubes\/\"]}]},{\"@type\":\"ImageObject\",\"inLanguage\":\"es-AR\",\"@id\":\"https:\/\/radioinfinitagoya.com.ar\/v1\/2025\/06\/12\/que-cambio-en-el-reglamento-se-implementara-en-el-mundial-de-clubes\/#primaryimage\",\"url\":\"https:\/\/radioinfinitagoya.com.ar\/v1\/wp-content\/uploads\/2025\/06\/1749733008346.webp\",\"contentUrl\":\"https:\/\/radioinfinitagoya.com.ar\/v1\/wp-content\/uploads\/2025\/06\/1749733008346.webp\",\"width\":1200,\"height\":675},{\"@type\":\"BreadcrumbList\",\"@id\":\"https:\/\/radioinfinitagoya.com.ar\/v1\/2025\/06\/12\/que-cambio-en-el-reglamento-se-implementara-en-el-mundial-de-clubes\/#breadcrumb\",\"itemListElement\":[{\"@type\":\"ListItem\",\"position\":1,\"name\":\"Inicio\",\"item\":\"https:\/\/radioinfinitagoya.com.ar\/v1\/\"},{\"@type\":\"ListItem\",\"position\":2,\"name\":\"Qu\u00e9 cambio en el reglamento se implementar\u00e1 en el Mundial de Clubes\"}]},{\"@type\":\"WebSite\",\"@id\":\"https:\/\/radioinfinitagoya.com.ar\/v1\/#website\",\"url\":\"https:\/\/radioinfinitagoya.com.ar\/v1\/\",\"name\":\"radioinfinitagoya.com.ar\",\"description\":\"Radio de noticias\",\"publisher\":{\"@id\":\"https:\/\/radioinfinitagoya.com.ar\/v1\/#organization\"},\"potentialAction\":[{\"@type\":\"SearchAction\",\"target\":{\"@type\":\"EntryPoint\",\"urlTemplate\":\"https:\/\/radioinfinitagoya.com.ar\/v1\/?s={search_term_string}\"},\"query-input\":{\"@type\":\"PropertyValueSpecification\",\"valueRequired\":true,\"valueName\":\"search_term_string\"}}],\"inLanguage\":\"es-AR\"},{\"@type\":\"Organization\",\"@id\":\"https:\/\/radioinfinitagoya.com.ar\/v1\/#organization\",\"name\":\"Radio Infinita Goya\",\"url\":\"https:\/\/radioinfinitagoya.com.ar\/v1\/\",\"logo\":{\"@type\":\"ImageObject\",\"inLanguage\":\"es-AR\",\"@id\":\"https:\/\/radioinfinitagoya.com.ar\/v1\/#\/schema\/logo\/image\/\",\"url\":\"https:\/\/radioinfinitagoya.com.ar\/v1\/wp-content\/uploads\/2019\/11\/logo-pie-web.png\",\"contentUrl\":\"https:\/\/radioinfinitagoya.com.ar\/v1\/wp-content\/uploads\/2019\/11\/logo-pie-web.png\",\"width\":635,\"height\":326,\"caption\":\"Radio Infinita Goya\"},\"image\":{\"@id\":\"https:\/\/radioinfinitagoya.com.ar\/v1\/#\/schema\/logo\/image\/\"},\"sameAs\":[\"https:\/\/www.facebook.com\/p\/Infinita-Goya-100063870918311\/\"]},{\"@type\":\"Person\",\"@id\":\"https:\/\/radioinfinitagoya.com.ar\/v1\/#\/schema\/person\/d4cf9c413d4f6edb24aabdccab49ca4a\",\"name\":\"Jorge Mi\u00f1o\",\"image\":{\"@type\":\"ImageObject\",\"inLanguage\":\"es-AR\",\"@id\":\"https:\/\/secure.gravatar.com\/avatar\/910fcf6728fe95320e07a6643c1581fec1c7fc4bf8ae12e3d8f0d0373dc844be?s=96&d=mm&r=g\",\"url\":\"https:\/\/secure.gravatar.com\/avatar\/910fcf6728fe95320e07a6643c1581fec1c7fc4bf8ae12e3d8f0d0373dc844be?s=96&d=mm&r=g\",\"contentUrl\":\"https:\/\/secure.gravatar.com\/avatar\/910fcf6728fe95320e07a6643c1581fec1c7fc4bf8ae12e3d8f0d0373dc844be?s=96&d=mm&r=g\",\"caption\":\"Jorge Mi\u00f1o\"},\"sameAs\":[\"http:\/\/radioinfinitagoya.com.ar\"]}]}<\/script>\n<!-- \/ Yoast SEO plugin. -->","yoast_head_json":{"title":"Qu\u00e9 cambio en el reglamento se implementar\u00e1 en el Mundial de Clubes - Radio Infinita Goya","description":"El certamen internacional comenzar\u00e1 el s\u00e1bado con el partido inaugural del Inter Miami contra el Al Ahly de Egipto en el Hard Rock Stadium de Florida. La","robots":{"index":"index","follow":"follow","max-snippet":"max-snippet:-1","max-image-preview":"max-image-preview:large","max-video-preview":"max-video-preview:-1"},"canonical":"https:\/\/radioinfinitagoya.com.ar\/v1\/2025\/06\/12\/que-cambio-en-el-reglamento-se-implementara-en-el-mundial-de-clubes\/","og_locale":"es_ES","og_type":"article","og_title":"Qu\u00e9 cambio en el reglamento se implementar\u00e1 en el Mundial de Clubes - Radio Infinita Goya","og_description":"El certamen internacional comenzar\u00e1 el s\u00e1bado con el partido inaugural del Inter Miami contra el Al Ahly de Egipto en el Hard Rock Stadium de Florida. La","og_url":"https:\/\/radioinfinitagoya.com.ar\/v1\/2025\/06\/12\/que-cambio-en-el-reglamento-se-implementara-en-el-mundial-de-clubes\/","og_site_name":"Radio Infinita Goya","article_publisher":"https:\/\/www.facebook.com\/p\/Infinita-Goya-100063870918311\/","article_published_time":"2025-06-12T20:29:26+00:00","og_image":[{"width":1200,"height":675,"url":"https:\/\/radioinfinitagoya.com.ar\/v1\/wp-content\/uploads\/2025\/06\/1749733008346.webp","type":"image\/webp"}],"author":"Jorge Mi\u00f1o","twitter_card":"summary_large_image","twitter_misc":{"Escrito por":"Jorge Mi\u00f1o","Tiempo de lectura":"4 minutos"},"schema":{"@context":"https:\/\/schema.org","@graph":[{"@type":"Article","@id":"https:\/\/radioinfinitagoya.com.ar\/v1\/2025\/06\/12\/que-cambio-en-el-reglamento-se-implementara-en-el-mundial-de-clubes\/#article","isPartOf":{"@id":"https:\/\/radioinfinitagoya.com.ar\/v1\/2025\/06\/12\/que-cambio-en-el-reglamento-se-implementara-en-el-mundial-de-clubes\/"},"author":{"name":"Jorge Mi\u00f1o","@id":"https:\/\/radioinfinitagoya.com.ar\/v1\/#\/schema\/person\/d4cf9c413d4f6edb24aabdccab49ca4a"},"headline":"Qu\u00e9 cambio en el reglamento se implementar\u00e1 en el Mundial de Clubes","datePublished":"2025-06-12T20:29:26+00:00","mainEntityOfPage":{"@id":"https:\/\/radioinfinitagoya.com.ar\/v1\/2025\/06\/12\/que-cambio-en-el-reglamento-se-implementara-en-el-mundial-de-clubes\/"},"wordCount":790,"publisher":{"@id":"https:\/\/radioinfinitagoya.com.ar\/v1\/#organization"},"image":{"@id":"https:\/\/radioinfinitagoya.com.ar\/v1\/2025\/06\/12\/que-cambio-en-el-reglamento-se-implementara-en-el-mundial-de-clubes\/#primaryimage"},"thumbnailUrl":"https:\/\/radioinfinitagoya.com.ar\/v1\/wp-content\/uploads\/2025\/06\/1749733008346.webp","articleSection":["DEPORTES"],"inLanguage":"es-AR"},{"@type":"WebPage","@id":"https:\/\/radioinfinitagoya.com.ar\/v1\/2025\/06\/12\/que-cambio-en-el-reglamento-se-implementara-en-el-mundial-de-clubes\/","url":"https:\/\/radioinfinitagoya.com.ar\/v1\/2025\/06\/12\/que-cambio-en-el-reglamento-se-implementara-en-el-mundial-de-clubes\/","name":"Qu\u00e9 cambio en el reglamento se implementar\u00e1 en el Mundial de Clubes - Radio Infinita Goya","isPartOf":{"@id":"https:\/\/radioinfinitagoya.com.ar\/v1\/#website"},"primaryImageOfPage":{"@id":"https:\/\/radioinfinitagoya.com.ar\/v1\/2025\/06\/12\/que-cambio-en-el-reglamento-se-implementara-en-el-mundial-de-clubes\/#primaryimage"},"image":{"@id":"https:\/\/radioinfinitagoya.com.ar\/v1\/2025\/06\/12\/que-cambio-en-el-reglamento-se-implementara-en-el-mundial-de-clubes\/#primaryimage"},"thumbnailUrl":"https:\/\/radioinfinitagoya.com.ar\/v1\/wp-content\/uploads\/2025\/06\/1749733008346.webp","datePublished":"2025-06-12T20:29:26+00:00","description":"El certamen internacional comenzar\u00e1 el s\u00e1bado con el partido inaugural del Inter Miami contra el Al Ahly de Egipto en el Hard Rock Stadium de Florida. La","breadcrumb":{"@id":"https:\/\/radioinfinitagoya.com.ar\/v1\/2025\/06\/12\/que-cambio-en-el-reglamento-se-implementara-en-el-mundial-de-clubes\/#breadcrumb"},"inLanguage":"es-AR","potentialAction":[{"@type":"ReadAction","target":["https:\/\/radioinfinitagoya.com.ar\/v1\/2025\/06\/12\/que-cambio-en-el-reglamento-se-implementara-en-el-mundial-de-clubes\/"]}]},{"@type":"ImageObject","inLanguage":"es-AR","@id":"https:\/\/radioinfinitagoya.com.ar\/v1\/2025\/06\/12\/que-cambio-en-el-reglamento-se-implementara-en-el-mundial-de-clubes\/#primaryimage","url":"https:\/\/radioinfinitagoya.com.ar\/v1\/wp-content\/uploads\/2025\/06\/1749733008346.webp","contentUrl":"https:\/\/radioinfinitagoya.com.ar\/v1\/wp-content\/uploads\/2025\/06\/1749733008346.webp","width":1200,"height":675},{"@type":"BreadcrumbList","@id":"https:\/\/radioinfinitagoya.com.ar\/v1\/2025\/06\/12\/que-cambio-en-el-reglamento-se-implementara-en-el-mundial-de-clubes\/#breadcrumb","itemListElement":[{"@type":"ListItem","position":1,"name":"Inicio","item":"https:\/\/radioinfinitagoya.com.ar\/v1\/"},{"@type":"ListItem","position":2,"name":"Qu\u00e9 cambio en el reglamento se implementar\u00e1 en el Mundial de Clubes"}]},{"@type":"WebSite","@id":"https:\/\/radioinfinitagoya.com.ar\/v1\/#website","url":"https:\/\/radioinfinitagoya.com.ar\/v1\/","name":"radioinfinitagoya.com.ar","description":"Radio de noticias","publisher":{"@id":"https:\/\/radioinfinitagoya.com.ar\/v1\/#organization"},"potentialAction":[{"@type":"SearchAction","target":{"@type":"EntryPoint","urlTemplate":"https:\/\/radioinfinitagoya.com.ar\/v1\/?s={search_term_string}"},"query-input":{"@type":"PropertyValueSpecification","valueRequired":true,"valueName":"search_term_string"}}],"inLanguage":"es-AR"},{"@type":"Organization","@id":"https:\/\/radioinfinitagoya.com.ar\/v1\/#organization","name":"Radio Infinita Goya","url":"https:\/\/radioinfinitagoya.com.ar\/v1\/","logo":{"@type":"ImageObject","inLanguage":"es-AR","@id":"https:\/\/radioinfinitagoya.com.ar\/v1\/#\/schema\/logo\/image\/","url":"https:\/\/radioinfinitagoya.com.ar\/v1\/wp-content\/uploads\/2019\/11\/logo-pie-web.png","contentUrl":"https:\/\/radioinfinitagoya.com.ar\/v1\/wp-content\/uploads\/2019\/11\/logo-pie-web.png","width":635,"height":326,"caption":"Radio Infinita Goya"},"image":{"@id":"https:\/\/radioinfinitagoya.com.ar\/v1\/#\/schema\/logo\/image\/"},"sameAs":["https:\/\/www.facebook.com\/p\/Infinita-Goya-100063870918311\/"]},{"@type":"Person","@id":"https:\/\/radioinfinitagoya.com.ar\/v1\/#\/schema\/person\/d4cf9c413d4f6edb24aabdccab49ca4a","name":"Jorge Mi\u00f1o","image":{"@type":"ImageObject","inLanguage":"es-AR","@id":"https:\/\/secure.gravatar.com\/avatar\/910fcf6728fe95320e07a6643c1581fec1c7fc4bf8ae12e3d8f0d0373dc844be?s=96&d=mm&r=g","url":"https:\/\/secure.gravatar.com\/avatar\/910fcf6728fe95320e07a6643c1581fec1c7fc4bf8ae12e3d8f0d0373dc844be?s=96&d=mm&r=g","contentUrl":"https:\/\/secure.gravatar.com\/avatar\/910fcf6728fe95320e07a6643c1581fec1c7fc4bf8ae12e3d8f0d0373dc844be?s=96&d=mm&r=g","caption":"Jorge Mi\u00f1o"},"sameAs":["http:\/\/radioinfinitagoya.com.ar"]}]}},"_links":{"self":[{"href":"https:\/\/radioinfinitagoya.com.ar\/v1\/wp-json\/wp\/v2\/posts\/191369","targetHints":{"allow":["GET"]}}],"collection":[{"href":"https:\/\/radioinfinitagoya.com.ar\/v1\/wp-json\/wp\/v2\/posts"}],"about":[{"href":"https:\/\/radioinfinitagoya.com.ar\/v1\/wp-json\/wp\/v2\/types\/post"}],"author":[{"embeddable":true,"href":"https:\/\/radioinfinitagoya.com.ar\/v1\/wp-json\/wp\/v2\/users\/4"}],"replies":[{"embeddable":true,"href":"https:\/\/radioinfinitagoya.com.ar\/v1\/wp-json\/wp\/v2\/comments?post=191369"}],"version-history":[{"count":0,"href":"https:\/\/radioinfinitagoya.com.ar\/v1\/wp-json\/wp\/v2\/posts\/191369\/revisions"}],"wp:featuredmedia":[{"embeddable":true,"href":"https:\/\/radioinfinitagoya.com.ar\/v1\/wp-json\/wp\/v2\/media\/191370"}],"wp:attachment":[{"href":"https:\/\/radioinfinitagoya.com.ar\/v1\/wp-json\/wp\/v2\/media?parent=191369"}],"wp:term":[{"taxonomy":"category","embeddable":true,"href":"https:\/\/radioinfinitagoya.com.ar\/v1\/wp-json\/wp\/v2\/categories?post=191369"},{"taxonomy":"post_tag","embeddable":true,"href":"https:\/\/radioinfinitagoya.com.ar\/v1\/wp-json\/wp\/v2\/tags?post=191369"}],"curies":[{"name":"wp","href":"https:\/\/api.w.org\/{rel}","templated":true}]}}