{"id":191375,"date":"2025-06-12T17:37:38","date_gmt":"2025-06-12T20:37:38","guid":{"rendered":"https:\/\/radioinfinitagoya.com.ar\/v1\/?p=191375"},"modified":"2025-06-12T17:37:38","modified_gmt":"2025-06-12T20:37:38","slug":"reclamo-a-boudou-para-que-devuelva-mas-de-236-millones-de-su-jubilacion-de-privilegio","status":"publish","type":"post","link":"https:\/\/radioinfinitagoya.com.ar\/v1\/2025\/06\/12\/reclamo-a-boudou-para-que-devuelva-mas-de-236-millones-de-su-jubilacion-de-privilegio\/","title":{"rendered":"Reclamo a Boudou para que devuelva m\u00e1s de $236 millones de su jubilaci\u00f3n de privilegio"},"content":{"rendered":"<p>El ministerio de Capital Humano y la ANSES promovieron una demanda conjunta. Lo consideraron \u201cautor penalmente responsable de los delitos de cohecho pasivo y negociaciones incompatibles con la funci\u00f3n p\u00fablica\u201d.<\/p>\n<p>Luego de que la Corte Suprema de Justicia ratificara la condena a seis a\u00f1os de prisi\u00f3n contra la expresidenta Cristina Kirchner, el Gobierno le pidi\u00f3 a Amado Boudou que devuelva el monto que cobr\u00f3 por su jubilaci\u00f3n de privilegio.<\/p>\n<p>El Ministerio de Capital Humano y la Administraci\u00f3n Nacional de la Seguridad Social (ANSES) informaron que hicieron una demanda conjunta para que el exvicepresidente entregue &#8220;$236.066.031,25, m\u00e1s su pertinente actualizaci\u00f3n\u201c.<\/p>\n<p>En su presentaci\u00f3n, aseguraron que la asignaci\u00f3n fue revocada porque Boudou es considerado \u201cautor penalmente responsable de los delitos de cohecho pasivo y negociaciones incompatibles con la funci\u00f3n p\u00fablica\u201d.<\/p>\n","protected":false},"excerpt":{"rendered":"<p>El ministerio de Capital Humano y la ANSES promovieron una demanda conjunta. Lo consideraron \u201cautor penalmente responsable de los delitos de cohecho pasivo y negociaciones incompatibles con la funci\u00f3n p\u00fablica\u201d. Luego de que la Corte Suprema de Justicia ratificara la condena a seis a\u00f1os de prisi\u00f3n contra la expresidenta Cristina Kirchner, el Gobierno le pidi\u00f3 [&hellip;]<\/p>\n","protected":false},"author":4,"featured_media":191376,"comment_status":"closed","ping_status":"closed","sticky":false,"template":"","format":"standard","meta":{"_joinchat":[],"footnotes":""},"categories":[29],"tags":[],"class_list":{"0":"post-191375","1":"post","2":"type-post","3":"status-publish","4":"format-standard","5":"has-post-thumbnail","7":"category-nacionales"},"yoast_head":"<!-- This site is optimized with the Yoast SEO plugin v27.2 - https:\/\/yoast.com\/product\/yoast-seo-wordpress\/ -->\n<title>Reclamo a Boudou para que devuelva m\u00e1s de $236 millones de su jubilaci\u00f3n de privilegio - Radio Infinita Goya<\/title>\n<meta name=\"description\" content=\"El ministerio de Capital Humano y la ANSES promovieron una demanda conjunta. Lo consideraron \u201cautor penalmente responsable de los delitos de cohecho\" \/>\n<meta name=\"robots\" content=\"index, follow, max-snippet:-1, max-image-preview:large, max-video-preview:-1\" \/>\n<link rel=\"canonical\" href=\"https:\/\/radioinfinitagoya.com.ar\/v1\/2025\/06\/12\/reclamo-a-boudou-para-que-devuelva-mas-de-236-millones-de-su-jubilacion-de-privilegio\/\" \/>\n<meta property=\"og:locale\" content=\"es_ES\" \/>\n<meta property=\"og:type\" content=\"article\" \/>\n<meta property=\"og:title\" content=\"Reclamo a Boudou para que devuelva m\u00e1s de $236 millones de su jubilaci\u00f3n de privilegio - Radio Infinita Goya\" \/>\n<meta property=\"og:description\" content=\"El ministerio de Capital Humano y la ANSES promovieron una demanda conjunta. Lo consideraron \u201cautor penalmente responsable de los delitos de cohecho\" \/>\n<meta property=\"og:url\" content=\"https:\/\/radioinfinitagoya.com.ar\/v1\/2025\/06\/12\/reclamo-a-boudou-para-que-devuelva-mas-de-236-millones-de-su-jubilacion-de-privilegio\/\" \/>\n<meta property=\"og:site_name\" content=\"Radio Infinita Goya\" \/>\n<meta property=\"article:publisher\" content=\"https:\/\/www.facebook.com\/p\/Infinita-Goya-100063870918311\/\" \/>\n<meta property=\"article:published_time\" content=\"2025-06-12T20:37:38+00:00\" \/>\n<meta property=\"og:image\" content=\"https:\/\/radioinfinitagoya.com.ar\/v1\/wp-content\/uploads\/2025\/06\/1749677613107.webp\" \/>\n\t<meta property=\"og:image:width\" content=\"1200\" \/>\n\t<meta property=\"og:image:height\" content=\"675\" \/>\n\t<meta property=\"og:image:type\" content=\"image\/webp\" \/>\n<meta name=\"author\" content=\"Jorge Mi\u00f1o\" \/>\n<meta name=\"twitter:card\" content=\"summary_large_image\" \/>\n<meta name=\"twitter:label1\" content=\"Escrito por\" \/>\n\t<meta name=\"twitter:data1\" content=\"Jorge Mi\u00f1o\" \/>\n\t<meta name=\"twitter:label2\" content=\"Tiempo de lectura\" \/>\n\t<meta name=\"twitter:data2\" content=\"1 minuto\" \/>\n<script type=\"application\/ld+json\" class=\"yoast-schema-graph\">{\"@context\":\"https:\/\/schema.org\",\"@graph\":[{\"@type\":\"Article\",\"@id\":\"https:\/\/radioinfinitagoya.com.ar\/v1\/2025\/06\/12\/reclamo-a-boudou-para-que-devuelva-mas-de-236-millones-de-su-jubilacion-de-privilegio\/#article\",\"isPartOf\":{\"@id\":\"https:\/\/radioinfinitagoya.com.ar\/v1\/2025\/06\/12\/reclamo-a-boudou-para-que-devuelva-mas-de-236-millones-de-su-jubilacion-de-privilegio\/\"},\"author\":{\"name\":\"Jorge Mi\u00f1o\",\"@id\":\"https:\/\/radioinfinitagoya.com.ar\/v1\/#\/schema\/person\/d4cf9c413d4f6edb24aabdccab49ca4a\"},\"headline\":\"Reclamo a Boudou para que devuelva m\u00e1s de $236 millones de su jubilaci\u00f3n de privilegio\",\"datePublished\":\"2025-06-12T20:37:38+00:00\",\"mainEntityOfPage\":{\"@id\":\"https:\/\/radioinfinitagoya.com.ar\/v1\/2025\/06\/12\/reclamo-a-boudou-para-que-devuelva-mas-de-236-millones-de-su-jubilacion-de-privilegio\/\"},\"wordCount\":155,\"publisher\":{\"@id\":\"https:\/\/radioinfinitagoya.com.ar\/v1\/#organization\"},\"image\":{\"@id\":\"https:\/\/radioinfinitagoya.com.ar\/v1\/2025\/06\/12\/reclamo-a-boudou-para-que-devuelva-mas-de-236-millones-de-su-jubilacion-de-privilegio\/#primaryimage\"},\"thumbnailUrl\":\"https:\/\/radioinfinitagoya.com.ar\/v1\/wp-content\/uploads\/2025\/06\/1749677613107.webp\",\"articleSection\":[\"NACIONALES\"],\"inLanguage\":\"es-AR\"},{\"@type\":\"WebPage\",\"@id\":\"https:\/\/radioinfinitagoya.com.ar\/v1\/2025\/06\/12\/reclamo-a-boudou-para-que-devuelva-mas-de-236-millones-de-su-jubilacion-de-privilegio\/\",\"url\":\"https:\/\/radioinfinitagoya.com.ar\/v1\/2025\/06\/12\/reclamo-a-boudou-para-que-devuelva-mas-de-236-millones-de-su-jubilacion-de-privilegio\/\",\"name\":\"Reclamo a Boudou para que devuelva m\u00e1s de $236 millones de su jubilaci\u00f3n de privilegio - Radio Infinita Goya\",\"isPartOf\":{\"@id\":\"https:\/\/radioinfinitagoya.com.ar\/v1\/#website\"},\"primaryImageOfPage\":{\"@id\":\"https:\/\/radioinfinitagoya.com.ar\/v1\/2025\/06\/12\/reclamo-a-boudou-para-que-devuelva-mas-de-236-millones-de-su-jubilacion-de-privilegio\/#primaryimage\"},\"image\":{\"@id\":\"https:\/\/radioinfinitagoya.com.ar\/v1\/2025\/06\/12\/reclamo-a-boudou-para-que-devuelva-mas-de-236-millones-de-su-jubilacion-de-privilegio\/#primaryimage\"},\"thumbnailUrl\":\"https:\/\/radioinfinitagoya.com.ar\/v1\/wp-content\/uploads\/2025\/06\/1749677613107.webp\",\"datePublished\":\"2025-06-12T20:37:38+00:00\",\"description\":\"El ministerio de Capital Humano y la ANSES promovieron una demanda conjunta. Lo consideraron \u201cautor penalmente responsable de los delitos de cohecho\",\"breadcrumb\":{\"@id\":\"https:\/\/radioinfinitagoya.com.ar\/v1\/2025\/06\/12\/reclamo-a-boudou-para-que-devuelva-mas-de-236-millones-de-su-jubilacion-de-privilegio\/#breadcrumb\"},\"inLanguage\":\"es-AR\",\"potentialAction\":[{\"@type\":\"ReadAction\",\"target\":[\"https:\/\/radioinfinitagoya.com.ar\/v1\/2025\/06\/12\/reclamo-a-boudou-para-que-devuelva-mas-de-236-millones-de-su-jubilacion-de-privilegio\/\"]}]},{\"@type\":\"ImageObject\",\"inLanguage\":\"es-AR\",\"@id\":\"https:\/\/radioinfinitagoya.com.ar\/v1\/2025\/06\/12\/reclamo-a-boudou-para-que-devuelva-mas-de-236-millones-de-su-jubilacion-de-privilegio\/#primaryimage\",\"url\":\"https:\/\/radioinfinitagoya.com.ar\/v1\/wp-content\/uploads\/2025\/06\/1749677613107.webp\",\"contentUrl\":\"https:\/\/radioinfinitagoya.com.ar\/v1\/wp-content\/uploads\/2025\/06\/1749677613107.webp\",\"width\":1200,\"height\":675},{\"@type\":\"BreadcrumbList\",\"@id\":\"https:\/\/radioinfinitagoya.com.ar\/v1\/2025\/06\/12\/reclamo-a-boudou-para-que-devuelva-mas-de-236-millones-de-su-jubilacion-de-privilegio\/#breadcrumb\",\"itemListElement\":[{\"@type\":\"ListItem\",\"position\":1,\"name\":\"Inicio\",\"item\":\"https:\/\/radioinfinitagoya.com.ar\/v1\/\"},{\"@type\":\"ListItem\",\"position\":2,\"name\":\"Reclamo a Boudou para que devuelva m\u00e1s de $236 millones de su jubilaci\u00f3n de privilegio\"}]},{\"@type\":\"WebSite\",\"@id\":\"https:\/\/radioinfinitagoya.com.ar\/v1\/#website\",\"url\":\"https:\/\/radioinfinitagoya.com.ar\/v1\/\",\"name\":\"radioinfinitagoya.com.ar\",\"description\":\"Radio de noticias\",\"publisher\":{\"@id\":\"https:\/\/radioinfinitagoya.com.ar\/v1\/#organization\"},\"potentialAction\":[{\"@type\":\"SearchAction\",\"target\":{\"@type\":\"EntryPoint\",\"urlTemplate\":\"https:\/\/radioinfinitagoya.com.ar\/v1\/?s={search_term_string}\"},\"query-input\":{\"@type\":\"PropertyValueSpecification\",\"valueRequired\":true,\"valueName\":\"search_term_string\"}}],\"inLanguage\":\"es-AR\"},{\"@type\":\"Organization\",\"@id\":\"https:\/\/radioinfinitagoya.com.ar\/v1\/#organization\",\"name\":\"Radio Infinita Goya\",\"url\":\"https:\/\/radioinfinitagoya.com.ar\/v1\/\",\"logo\":{\"@type\":\"ImageObject\",\"inLanguage\":\"es-AR\",\"@id\":\"https:\/\/radioinfinitagoya.com.ar\/v1\/#\/schema\/logo\/image\/\",\"url\":\"https:\/\/radioinfinitagoya.com.ar\/v1\/wp-content\/uploads\/2019\/11\/logo-pie-web.png\",\"contentUrl\":\"https:\/\/radioinfinitagoya.com.ar\/v1\/wp-content\/uploads\/2019\/11\/logo-pie-web.png\",\"width\":635,\"height\":326,\"caption\":\"Radio Infinita Goya\"},\"image\":{\"@id\":\"https:\/\/radioinfinitagoya.com.ar\/v1\/#\/schema\/logo\/image\/\"},\"sameAs\":[\"https:\/\/www.facebook.com\/p\/Infinita-Goya-100063870918311\/\"]},{\"@type\":\"Person\",\"@id\":\"https:\/\/radioinfinitagoya.com.ar\/v1\/#\/schema\/person\/d4cf9c413d4f6edb24aabdccab49ca4a\",\"name\":\"Jorge Mi\u00f1o\",\"image\":{\"@type\":\"ImageObject\",\"inLanguage\":\"es-AR\",\"@id\":\"https:\/\/secure.gravatar.com\/avatar\/910fcf6728fe95320e07a6643c1581fec1c7fc4bf8ae12e3d8f0d0373dc844be?s=96&d=mm&r=g\",\"url\":\"https:\/\/secure.gravatar.com\/avatar\/910fcf6728fe95320e07a6643c1581fec1c7fc4bf8ae12e3d8f0d0373dc844be?s=96&d=mm&r=g\",\"contentUrl\":\"https:\/\/secure.gravatar.com\/avatar\/910fcf6728fe95320e07a6643c1581fec1c7fc4bf8ae12e3d8f0d0373dc844be?s=96&d=mm&r=g\",\"caption\":\"Jorge Mi\u00f1o\"},\"sameAs\":[\"http:\/\/radioinfinitagoya.com.ar\"]}]}<\/script>\n<!-- \/ Yoast SEO plugin. -->","yoast_head_json":{"title":"Reclamo a Boudou para que devuelva m\u00e1s de $236 millones de su jubilaci\u00f3n de privilegio - Radio Infinita Goya","description":"El ministerio de Capital Humano y la ANSES promovieron una demanda conjunta. Lo consideraron \u201cautor penalmente responsable de los delitos de cohecho","robots":{"index":"index","follow":"follow","max-snippet":"max-snippet:-1","max-image-preview":"max-image-preview:large","max-video-preview":"max-video-preview:-1"},"canonical":"https:\/\/radioinfinitagoya.com.ar\/v1\/2025\/06\/12\/reclamo-a-boudou-para-que-devuelva-mas-de-236-millones-de-su-jubilacion-de-privilegio\/","og_locale":"es_ES","og_type":"article","og_title":"Reclamo a Boudou para que devuelva m\u00e1s de $236 millones de su jubilaci\u00f3n de privilegio - Radio Infinita Goya","og_description":"El ministerio de Capital Humano y la ANSES promovieron una demanda conjunta. Lo consideraron \u201cautor penalmente responsable de los delitos de cohecho","og_url":"https:\/\/radioinfinitagoya.com.ar\/v1\/2025\/06\/12\/reclamo-a-boudou-para-que-devuelva-mas-de-236-millones-de-su-jubilacion-de-privilegio\/","og_site_name":"Radio Infinita Goya","article_publisher":"https:\/\/www.facebook.com\/p\/Infinita-Goya-100063870918311\/","article_published_time":"2025-06-12T20:37:38+00:00","og_image":[{"width":1200,"height":675,"url":"https:\/\/radioinfinitagoya.com.ar\/v1\/wp-content\/uploads\/2025\/06\/1749677613107.webp","type":"image\/webp"}],"author":"Jorge Mi\u00f1o","twitter_card":"summary_large_image","twitter_misc":{"Escrito por":"Jorge Mi\u00f1o","Tiempo de lectura":"1 minuto"},"schema":{"@context":"https:\/\/schema.org","@graph":[{"@type":"Article","@id":"https:\/\/radioinfinitagoya.com.ar\/v1\/2025\/06\/12\/reclamo-a-boudou-para-que-devuelva-mas-de-236-millones-de-su-jubilacion-de-privilegio\/#article","isPartOf":{"@id":"https:\/\/radioinfinitagoya.com.ar\/v1\/2025\/06\/12\/reclamo-a-boudou-para-que-devuelva-mas-de-236-millones-de-su-jubilacion-de-privilegio\/"},"author":{"name":"Jorge Mi\u00f1o","@id":"https:\/\/radioinfinitagoya.com.ar\/v1\/#\/schema\/person\/d4cf9c413d4f6edb24aabdccab49ca4a"},"headline":"Reclamo a Boudou para que devuelva m\u00e1s de $236 millones de su jubilaci\u00f3n de privilegio","datePublished":"2025-06-12T20:37:38+00:00","mainEntityOfPage":{"@id":"https:\/\/radioinfinitagoya.com.ar\/v1\/2025\/06\/12\/reclamo-a-boudou-para-que-devuelva-mas-de-236-millones-de-su-jubilacion-de-privilegio\/"},"wordCount":155,"publisher":{"@id":"https:\/\/radioinfinitagoya.com.ar\/v1\/#organization"},"image":{"@id":"https:\/\/radioinfinitagoya.com.ar\/v1\/2025\/06\/12\/reclamo-a-boudou-para-que-devuelva-mas-de-236-millones-de-su-jubilacion-de-privilegio\/#primaryimage"},"thumbnailUrl":"https:\/\/radioinfinitagoya.com.ar\/v1\/wp-content\/uploads\/2025\/06\/1749677613107.webp","articleSection":["NACIONALES"],"inLanguage":"es-AR"},{"@type":"WebPage","@id":"https:\/\/radioinfinitagoya.com.ar\/v1\/2025\/06\/12\/reclamo-a-boudou-para-que-devuelva-mas-de-236-millones-de-su-jubilacion-de-privilegio\/","url":"https:\/\/radioinfinitagoya.com.ar\/v1\/2025\/06\/12\/reclamo-a-boudou-para-que-devuelva-mas-de-236-millones-de-su-jubilacion-de-privilegio\/","name":"Reclamo a Boudou para que devuelva m\u00e1s de $236 millones de su jubilaci\u00f3n de privilegio - Radio Infinita Goya","isPartOf":{"@id":"https:\/\/radioinfinitagoya.com.ar\/v1\/#website"},"primaryImageOfPage":{"@id":"https:\/\/radioinfinitagoya.com.ar\/v1\/2025\/06\/12\/reclamo-a-boudou-para-que-devuelva-mas-de-236-millones-de-su-jubilacion-de-privilegio\/#primaryimage"},"image":{"@id":"https:\/\/radioinfinitagoya.com.ar\/v1\/2025\/06\/12\/reclamo-a-boudou-para-que-devuelva-mas-de-236-millones-de-su-jubilacion-de-privilegio\/#primaryimage"},"thumbnailUrl":"https:\/\/radioinfinitagoya.com.ar\/v1\/wp-content\/uploads\/2025\/06\/1749677613107.webp","datePublished":"2025-06-12T20:37:38+00:00","description":"El ministerio de Capital Humano y la ANSES promovieron una demanda conjunta. Lo consideraron \u201cautor penalmente responsable de los delitos de cohecho","breadcrumb":{"@id":"https:\/\/radioinfinitagoya.com.ar\/v1\/2025\/06\/12\/reclamo-a-boudou-para-que-devuelva-mas-de-236-millones-de-su-jubilacion-de-privilegio\/#breadcrumb"},"inLanguage":"es-AR","potentialAction":[{"@type":"ReadAction","target":["https:\/\/radioinfinitagoya.com.ar\/v1\/2025\/06\/12\/reclamo-a-boudou-para-que-devuelva-mas-de-236-millones-de-su-jubilacion-de-privilegio\/"]}]},{"@type":"ImageObject","inLanguage":"es-AR","@id":"https:\/\/radioinfinitagoya.com.ar\/v1\/2025\/06\/12\/reclamo-a-boudou-para-que-devuelva-mas-de-236-millones-de-su-jubilacion-de-privilegio\/#primaryimage","url":"https:\/\/radioinfinitagoya.com.ar\/v1\/wp-content\/uploads\/2025\/06\/1749677613107.webp","contentUrl":"https:\/\/radioinfinitagoya.com.ar\/v1\/wp-content\/uploads\/2025\/06\/1749677613107.webp","width":1200,"height":675},{"@type":"BreadcrumbList","@id":"https:\/\/radioinfinitagoya.com.ar\/v1\/2025\/06\/12\/reclamo-a-boudou-para-que-devuelva-mas-de-236-millones-de-su-jubilacion-de-privilegio\/#breadcrumb","itemListElement":[{"@type":"ListItem","position":1,"name":"Inicio","item":"https:\/\/radioinfinitagoya.com.ar\/v1\/"},{"@type":"ListItem","position":2,"name":"Reclamo a Boudou para que devuelva m\u00e1s de $236 millones de su jubilaci\u00f3n de privilegio"}]},{"@type":"WebSite","@id":"https:\/\/radioinfinitagoya.com.ar\/v1\/#website","url":"https:\/\/radioinfinitagoya.com.ar\/v1\/","name":"radioinfinitagoya.com.ar","description":"Radio de noticias","publisher":{"@id":"https:\/\/radioinfinitagoya.com.ar\/v1\/#organization"},"potentialAction":[{"@type":"SearchAction","target":{"@type":"EntryPoint","urlTemplate":"https:\/\/radioinfinitagoya.com.ar\/v1\/?s={search_term_string}"},"query-input":{"@type":"PropertyValueSpecification","valueRequired":true,"valueName":"search_term_string"}}],"inLanguage":"es-AR"},{"@type":"Organization","@id":"https:\/\/radioinfinitagoya.com.ar\/v1\/#organization","name":"Radio Infinita Goya","url":"https:\/\/radioinfinitagoya.com.ar\/v1\/","logo":{"@type":"ImageObject","inLanguage":"es-AR","@id":"https:\/\/radioinfinitagoya.com.ar\/v1\/#\/schema\/logo\/image\/","url":"https:\/\/radioinfinitagoya.com.ar\/v1\/wp-content\/uploads\/2019\/11\/logo-pie-web.png","contentUrl":"https:\/\/radioinfinitagoya.com.ar\/v1\/wp-content\/uploads\/2019\/11\/logo-pie-web.png","width":635,"height":326,"caption":"Radio Infinita Goya"},"image":{"@id":"https:\/\/radioinfinitagoya.com.ar\/v1\/#\/schema\/logo\/image\/"},"sameAs":["https:\/\/www.facebook.com\/p\/Infinita-Goya-100063870918311\/"]},{"@type":"Person","@id":"https:\/\/radioinfinitagoya.com.ar\/v1\/#\/schema\/person\/d4cf9c413d4f6edb24aabdccab49ca4a","name":"Jorge Mi\u00f1o","image":{"@type":"ImageObject","inLanguage":"es-AR","@id":"https:\/\/secure.gravatar.com\/avatar\/910fcf6728fe95320e07a6643c1581fec1c7fc4bf8ae12e3d8f0d0373dc844be?s=96&d=mm&r=g","url":"https:\/\/secure.gravatar.com\/avatar\/910fcf6728fe95320e07a6643c1581fec1c7fc4bf8ae12e3d8f0d0373dc844be?s=96&d=mm&r=g","contentUrl":"https:\/\/secure.gravatar.com\/avatar\/910fcf6728fe95320e07a6643c1581fec1c7fc4bf8ae12e3d8f0d0373dc844be?s=96&d=mm&r=g","caption":"Jorge Mi\u00f1o"},"sameAs":["http:\/\/radioinfinitagoya.com.ar"]}]}},"_links":{"self":[{"href":"https:\/\/radioinfinitagoya.com.ar\/v1\/wp-json\/wp\/v2\/posts\/191375","targetHints":{"allow":["GET"]}}],"collection":[{"href":"https:\/\/radioinfinitagoya.com.ar\/v1\/wp-json\/wp\/v2\/posts"}],"about":[{"href":"https:\/\/radioinfinitagoya.com.ar\/v1\/wp-json\/wp\/v2\/types\/post"}],"author":[{"embeddable":true,"href":"https:\/\/radioinfinitagoya.com.ar\/v1\/wp-json\/wp\/v2\/users\/4"}],"replies":[{"embeddable":true,"href":"https:\/\/radioinfinitagoya.com.ar\/v1\/wp-json\/wp\/v2\/comments?post=191375"}],"version-history":[{"count":0,"href":"https:\/\/radioinfinitagoya.com.ar\/v1\/wp-json\/wp\/v2\/posts\/191375\/revisions"}],"wp:featuredmedia":[{"embeddable":true,"href":"https:\/\/radioinfinitagoya.com.ar\/v1\/wp-json\/wp\/v2\/media\/191376"}],"wp:attachment":[{"href":"https:\/\/radioinfinitagoya.com.ar\/v1\/wp-json\/wp\/v2\/media?parent=191375"}],"wp:term":[{"taxonomy":"category","embeddable":true,"href":"https:\/\/radioinfinitagoya.com.ar\/v1\/wp-json\/wp\/v2\/categories?post=191375"},{"taxonomy":"post_tag","embeddable":true,"href":"https:\/\/radioinfinitagoya.com.ar\/v1\/wp-json\/wp\/v2\/tags?post=191375"}],"curies":[{"name":"wp","href":"https:\/\/api.w.org\/{rel}","templated":true}]}}