{"id":191378,"date":"2025-06-12T17:41:29","date_gmt":"2025-06-12T20:41:29","guid":{"rendered":"https:\/\/radioinfinitagoya.com.ar\/v1\/?p=191378"},"modified":"2025-06-12T17:41:29","modified_gmt":"2025-06-12T20:41:29","slug":"el-gobierno-echara-del-inti-a-uno-de-los-detenidos-por-los-destrozos-en-tn","status":"publish","type":"post","link":"https:\/\/radioinfinitagoya.com.ar\/v1\/2025\/06\/12\/el-gobierno-echara-del-inti-a-uno-de-los-detenidos-por-los-destrozos-en-tn\/","title":{"rendered":"El Gobierno echar\u00e1 del Inti a uno de los detenidos por los destrozos en TN"},"content":{"rendered":"<p>Se trata de Alberto Enrique Alejandro Grasso Rivaldi, que es empleado en el Instituto Nacional de Tecnolog\u00eda Industrial que depende del Ministerio de Econom\u00eda.<\/p>\n<p>El Gobierno echar\u00e1 del Instituto Nacional de Tecnolog\u00eda Industrial (Inti) a uno de los detenidos en los destrozos a TN y eltrece tras el fallo de la Corte Suprema contra Cristina Kirchner por la causa Vialidad. Se trata de Alberto Enrique Alejandro Grasso Rivaldi, que es empleado en el organismo descentralizado que depende del Ministerio de Econom\u00eda, que preside Luis Caputo.<\/p>\n<p>El Centro de Monitoreo de Urbano (CMU) lo identific\u00f3 a trav\u00e9s de las c\u00e1maras de seguridad de la Ciudad de Buenos Aires y fue detenido ayer a la 1:15 de la ma\u00f1ana en la esquina de las calles San Jos\u00e9 y Humberto Primo. La Unidad de Flagrancia Este -que preside la Dra. Florencia Pagilanitti- orden\u00f3 la detenci\u00f3n del imputado, que qued\u00f3 alojado en la Comisar\u00eda Vecinal 1\u00b0C.<\/p>\n<p>Rivaldi es apuntado como uno de los responsables del ataque al edificio de TN, en el que rompieron el frente, el hall y da\u00f1aron seis autos. Se trata de un hombre de 34 a\u00f1os, argentino, residente en la localidad bonaerense de Villa Ballester, en el partido de San Mart\u00edn. La vocera del Gobierno de la Ciudad de Buenos Aires, Laura Alonso, comunic\u00f3 que la polic\u00eda identific\u00f3 al hombre de 34 a\u00f1os \u201cpor sus caracter\u00edsticas f\u00edsicas y vestimenta\u201d.<\/p>\n","protected":false},"excerpt":{"rendered":"<p>Se trata de Alberto Enrique Alejandro Grasso Rivaldi, que es empleado en el Instituto Nacional de Tecnolog\u00eda Industrial que depende del Ministerio de Econom\u00eda. El Gobierno echar\u00e1 del Instituto Nacional de Tecnolog\u00eda Industrial (Inti) a uno de los detenidos en los destrozos a TN y eltrece tras el fallo de la Corte Suprema contra Cristina [&hellip;]<\/p>\n","protected":false},"author":4,"featured_media":191379,"comment_status":"closed","ping_status":"closed","sticky":false,"template":"","format":"standard","meta":{"_joinchat":[],"footnotes":""},"categories":[29],"tags":[],"class_list":{"0":"post-191378","1":"post","2":"type-post","3":"status-publish","4":"format-standard","5":"has-post-thumbnail","7":"category-nacionales"},"yoast_head":"<!-- This site is optimized with the Yoast SEO plugin v27.2 - https:\/\/yoast.com\/product\/yoast-seo-wordpress\/ -->\n<title>El Gobierno echar\u00e1 del Inti a uno de los detenidos por los destrozos en TN - Radio Infinita Goya<\/title>\n<meta name=\"description\" content=\"Se trata de Alberto Enrique Alejandro Grasso Rivaldi, que es empleado en el Instituto Nacional de Tecnolog\u00eda Industrial que depende del Ministerio de\" \/>\n<meta name=\"robots\" content=\"index, follow, max-snippet:-1, max-image-preview:large, max-video-preview:-1\" \/>\n<link rel=\"canonical\" href=\"https:\/\/radioinfinitagoya.com.ar\/v1\/2025\/06\/12\/el-gobierno-echara-del-inti-a-uno-de-los-detenidos-por-los-destrozos-en-tn\/\" \/>\n<meta property=\"og:locale\" content=\"es_ES\" \/>\n<meta property=\"og:type\" content=\"article\" \/>\n<meta property=\"og:title\" content=\"El Gobierno echar\u00e1 del Inti a uno de los detenidos por los destrozos en TN - Radio Infinita Goya\" \/>\n<meta property=\"og:description\" content=\"Se trata de Alberto Enrique Alejandro Grasso Rivaldi, que es empleado en el Instituto Nacional de Tecnolog\u00eda Industrial que depende del Ministerio de\" \/>\n<meta property=\"og:url\" content=\"https:\/\/radioinfinitagoya.com.ar\/v1\/2025\/06\/12\/el-gobierno-echara-del-inti-a-uno-de-los-detenidos-por-los-destrozos-en-tn\/\" \/>\n<meta property=\"og:site_name\" content=\"Radio Infinita Goya\" \/>\n<meta property=\"article:publisher\" content=\"https:\/\/www.facebook.com\/p\/Infinita-Goya-100063870918311\/\" \/>\n<meta property=\"article:published_time\" content=\"2025-06-12T20:41:29+00:00\" \/>\n<meta property=\"og:image\" content=\"https:\/\/radioinfinitagoya.com.ar\/v1\/wp-content\/uploads\/2025\/06\/GtH7EsUWoAAb-6e.png\" \/>\n\t<meta property=\"og:image:width\" content=\"658\" \/>\n\t<meta property=\"og:image:height\" content=\"369\" \/>\n\t<meta property=\"og:image:type\" content=\"image\/png\" \/>\n<meta name=\"author\" content=\"Jorge Mi\u00f1o\" \/>\n<meta name=\"twitter:card\" content=\"summary_large_image\" \/>\n<meta name=\"twitter:label1\" content=\"Escrito por\" \/>\n\t<meta name=\"twitter:data1\" content=\"Jorge Mi\u00f1o\" \/>\n\t<meta name=\"twitter:label2\" content=\"Tiempo de lectura\" \/>\n\t<meta name=\"twitter:data2\" content=\"2 minutos\" \/>\n<script type=\"application\/ld+json\" class=\"yoast-schema-graph\">{\"@context\":\"https:\/\/schema.org\",\"@graph\":[{\"@type\":\"Article\",\"@id\":\"https:\/\/radioinfinitagoya.com.ar\/v1\/2025\/06\/12\/el-gobierno-echara-del-inti-a-uno-de-los-detenidos-por-los-destrozos-en-tn\/#article\",\"isPartOf\":{\"@id\":\"https:\/\/radioinfinitagoya.com.ar\/v1\/2025\/06\/12\/el-gobierno-echara-del-inti-a-uno-de-los-detenidos-por-los-destrozos-en-tn\/\"},\"author\":{\"name\":\"Jorge Mi\u00f1o\",\"@id\":\"https:\/\/radioinfinitagoya.com.ar\/v1\/#\/schema\/person\/d4cf9c413d4f6edb24aabdccab49ca4a\"},\"headline\":\"El Gobierno echar\u00e1 del Inti a uno de los detenidos por los destrozos en TN\",\"datePublished\":\"2025-06-12T20:41:29+00:00\",\"mainEntityOfPage\":{\"@id\":\"https:\/\/radioinfinitagoya.com.ar\/v1\/2025\/06\/12\/el-gobierno-echara-del-inti-a-uno-de-los-detenidos-por-los-destrozos-en-tn\/\"},\"wordCount\":257,\"publisher\":{\"@id\":\"https:\/\/radioinfinitagoya.com.ar\/v1\/#organization\"},\"image\":{\"@id\":\"https:\/\/radioinfinitagoya.com.ar\/v1\/2025\/06\/12\/el-gobierno-echara-del-inti-a-uno-de-los-detenidos-por-los-destrozos-en-tn\/#primaryimage\"},\"thumbnailUrl\":\"https:\/\/radioinfinitagoya.com.ar\/v1\/wp-content\/uploads\/2025\/06\/GtH7EsUWoAAb-6e.png\",\"articleSection\":[\"NACIONALES\"],\"inLanguage\":\"es-AR\"},{\"@type\":\"WebPage\",\"@id\":\"https:\/\/radioinfinitagoya.com.ar\/v1\/2025\/06\/12\/el-gobierno-echara-del-inti-a-uno-de-los-detenidos-por-los-destrozos-en-tn\/\",\"url\":\"https:\/\/radioinfinitagoya.com.ar\/v1\/2025\/06\/12\/el-gobierno-echara-del-inti-a-uno-de-los-detenidos-por-los-destrozos-en-tn\/\",\"name\":\"El Gobierno echar\u00e1 del Inti a uno de los detenidos por los destrozos en TN - Radio Infinita Goya\",\"isPartOf\":{\"@id\":\"https:\/\/radioinfinitagoya.com.ar\/v1\/#website\"},\"primaryImageOfPage\":{\"@id\":\"https:\/\/radioinfinitagoya.com.ar\/v1\/2025\/06\/12\/el-gobierno-echara-del-inti-a-uno-de-los-detenidos-por-los-destrozos-en-tn\/#primaryimage\"},\"image\":{\"@id\":\"https:\/\/radioinfinitagoya.com.ar\/v1\/2025\/06\/12\/el-gobierno-echara-del-inti-a-uno-de-los-detenidos-por-los-destrozos-en-tn\/#primaryimage\"},\"thumbnailUrl\":\"https:\/\/radioinfinitagoya.com.ar\/v1\/wp-content\/uploads\/2025\/06\/GtH7EsUWoAAb-6e.png\",\"datePublished\":\"2025-06-12T20:41:29+00:00\",\"description\":\"Se trata de Alberto Enrique Alejandro Grasso Rivaldi, que es empleado en el Instituto Nacional de Tecnolog\u00eda Industrial que depende del Ministerio de\",\"breadcrumb\":{\"@id\":\"https:\/\/radioinfinitagoya.com.ar\/v1\/2025\/06\/12\/el-gobierno-echara-del-inti-a-uno-de-los-detenidos-por-los-destrozos-en-tn\/#breadcrumb\"},\"inLanguage\":\"es-AR\",\"potentialAction\":[{\"@type\":\"ReadAction\",\"target\":[\"https:\/\/radioinfinitagoya.com.ar\/v1\/2025\/06\/12\/el-gobierno-echara-del-inti-a-uno-de-los-detenidos-por-los-destrozos-en-tn\/\"]}]},{\"@type\":\"ImageObject\",\"inLanguage\":\"es-AR\",\"@id\":\"https:\/\/radioinfinitagoya.com.ar\/v1\/2025\/06\/12\/el-gobierno-echara-del-inti-a-uno-de-los-detenidos-por-los-destrozos-en-tn\/#primaryimage\",\"url\":\"https:\/\/radioinfinitagoya.com.ar\/v1\/wp-content\/uploads\/2025\/06\/GtH7EsUWoAAb-6e.png\",\"contentUrl\":\"https:\/\/radioinfinitagoya.com.ar\/v1\/wp-content\/uploads\/2025\/06\/GtH7EsUWoAAb-6e.png\",\"width\":658,\"height\":369},{\"@type\":\"BreadcrumbList\",\"@id\":\"https:\/\/radioinfinitagoya.com.ar\/v1\/2025\/06\/12\/el-gobierno-echara-del-inti-a-uno-de-los-detenidos-por-los-destrozos-en-tn\/#breadcrumb\",\"itemListElement\":[{\"@type\":\"ListItem\",\"position\":1,\"name\":\"Inicio\",\"item\":\"https:\/\/radioinfinitagoya.com.ar\/v1\/\"},{\"@type\":\"ListItem\",\"position\":2,\"name\":\"El Gobierno echar\u00e1 del Inti a uno de los detenidos por los destrozos en TN\"}]},{\"@type\":\"WebSite\",\"@id\":\"https:\/\/radioinfinitagoya.com.ar\/v1\/#website\",\"url\":\"https:\/\/radioinfinitagoya.com.ar\/v1\/\",\"name\":\"radioinfinitagoya.com.ar\",\"description\":\"Radio de noticias\",\"publisher\":{\"@id\":\"https:\/\/radioinfinitagoya.com.ar\/v1\/#organization\"},\"potentialAction\":[{\"@type\":\"SearchAction\",\"target\":{\"@type\":\"EntryPoint\",\"urlTemplate\":\"https:\/\/radioinfinitagoya.com.ar\/v1\/?s={search_term_string}\"},\"query-input\":{\"@type\":\"PropertyValueSpecification\",\"valueRequired\":true,\"valueName\":\"search_term_string\"}}],\"inLanguage\":\"es-AR\"},{\"@type\":\"Organization\",\"@id\":\"https:\/\/radioinfinitagoya.com.ar\/v1\/#organization\",\"name\":\"Radio Infinita Goya\",\"url\":\"https:\/\/radioinfinitagoya.com.ar\/v1\/\",\"logo\":{\"@type\":\"ImageObject\",\"inLanguage\":\"es-AR\",\"@id\":\"https:\/\/radioinfinitagoya.com.ar\/v1\/#\/schema\/logo\/image\/\",\"url\":\"https:\/\/radioinfinitagoya.com.ar\/v1\/wp-content\/uploads\/2019\/11\/logo-pie-web.png\",\"contentUrl\":\"https:\/\/radioinfinitagoya.com.ar\/v1\/wp-content\/uploads\/2019\/11\/logo-pie-web.png\",\"width\":635,\"height\":326,\"caption\":\"Radio Infinita Goya\"},\"image\":{\"@id\":\"https:\/\/radioinfinitagoya.com.ar\/v1\/#\/schema\/logo\/image\/\"},\"sameAs\":[\"https:\/\/www.facebook.com\/p\/Infinita-Goya-100063870918311\/\"]},{\"@type\":\"Person\",\"@id\":\"https:\/\/radioinfinitagoya.com.ar\/v1\/#\/schema\/person\/d4cf9c413d4f6edb24aabdccab49ca4a\",\"name\":\"Jorge Mi\u00f1o\",\"image\":{\"@type\":\"ImageObject\",\"inLanguage\":\"es-AR\",\"@id\":\"https:\/\/secure.gravatar.com\/avatar\/910fcf6728fe95320e07a6643c1581fec1c7fc4bf8ae12e3d8f0d0373dc844be?s=96&d=mm&r=g\",\"url\":\"https:\/\/secure.gravatar.com\/avatar\/910fcf6728fe95320e07a6643c1581fec1c7fc4bf8ae12e3d8f0d0373dc844be?s=96&d=mm&r=g\",\"contentUrl\":\"https:\/\/secure.gravatar.com\/avatar\/910fcf6728fe95320e07a6643c1581fec1c7fc4bf8ae12e3d8f0d0373dc844be?s=96&d=mm&r=g\",\"caption\":\"Jorge Mi\u00f1o\"},\"sameAs\":[\"http:\/\/radioinfinitagoya.com.ar\"]}]}<\/script>\n<!-- \/ Yoast SEO plugin. -->","yoast_head_json":{"title":"El Gobierno echar\u00e1 del Inti a uno de los detenidos por los destrozos en TN - Radio Infinita Goya","description":"Se trata de Alberto Enrique Alejandro Grasso Rivaldi, que es empleado en el Instituto Nacional de Tecnolog\u00eda Industrial que depende del Ministerio de","robots":{"index":"index","follow":"follow","max-snippet":"max-snippet:-1","max-image-preview":"max-image-preview:large","max-video-preview":"max-video-preview:-1"},"canonical":"https:\/\/radioinfinitagoya.com.ar\/v1\/2025\/06\/12\/el-gobierno-echara-del-inti-a-uno-de-los-detenidos-por-los-destrozos-en-tn\/","og_locale":"es_ES","og_type":"article","og_title":"El Gobierno echar\u00e1 del Inti a uno de los detenidos por los destrozos en TN - Radio Infinita Goya","og_description":"Se trata de Alberto Enrique Alejandro Grasso Rivaldi, que es empleado en el Instituto Nacional de Tecnolog\u00eda Industrial que depende del Ministerio de","og_url":"https:\/\/radioinfinitagoya.com.ar\/v1\/2025\/06\/12\/el-gobierno-echara-del-inti-a-uno-de-los-detenidos-por-los-destrozos-en-tn\/","og_site_name":"Radio Infinita Goya","article_publisher":"https:\/\/www.facebook.com\/p\/Infinita-Goya-100063870918311\/","article_published_time":"2025-06-12T20:41:29+00:00","og_image":[{"width":658,"height":369,"url":"https:\/\/radioinfinitagoya.com.ar\/v1\/wp-content\/uploads\/2025\/06\/GtH7EsUWoAAb-6e.png","type":"image\/png"}],"author":"Jorge Mi\u00f1o","twitter_card":"summary_large_image","twitter_misc":{"Escrito por":"Jorge Mi\u00f1o","Tiempo de lectura":"2 minutos"},"schema":{"@context":"https:\/\/schema.org","@graph":[{"@type":"Article","@id":"https:\/\/radioinfinitagoya.com.ar\/v1\/2025\/06\/12\/el-gobierno-echara-del-inti-a-uno-de-los-detenidos-por-los-destrozos-en-tn\/#article","isPartOf":{"@id":"https:\/\/radioinfinitagoya.com.ar\/v1\/2025\/06\/12\/el-gobierno-echara-del-inti-a-uno-de-los-detenidos-por-los-destrozos-en-tn\/"},"author":{"name":"Jorge Mi\u00f1o","@id":"https:\/\/radioinfinitagoya.com.ar\/v1\/#\/schema\/person\/d4cf9c413d4f6edb24aabdccab49ca4a"},"headline":"El Gobierno echar\u00e1 del Inti a uno de los detenidos por los destrozos en TN","datePublished":"2025-06-12T20:41:29+00:00","mainEntityOfPage":{"@id":"https:\/\/radioinfinitagoya.com.ar\/v1\/2025\/06\/12\/el-gobierno-echara-del-inti-a-uno-de-los-detenidos-por-los-destrozos-en-tn\/"},"wordCount":257,"publisher":{"@id":"https:\/\/radioinfinitagoya.com.ar\/v1\/#organization"},"image":{"@id":"https:\/\/radioinfinitagoya.com.ar\/v1\/2025\/06\/12\/el-gobierno-echara-del-inti-a-uno-de-los-detenidos-por-los-destrozos-en-tn\/#primaryimage"},"thumbnailUrl":"https:\/\/radioinfinitagoya.com.ar\/v1\/wp-content\/uploads\/2025\/06\/GtH7EsUWoAAb-6e.png","articleSection":["NACIONALES"],"inLanguage":"es-AR"},{"@type":"WebPage","@id":"https:\/\/radioinfinitagoya.com.ar\/v1\/2025\/06\/12\/el-gobierno-echara-del-inti-a-uno-de-los-detenidos-por-los-destrozos-en-tn\/","url":"https:\/\/radioinfinitagoya.com.ar\/v1\/2025\/06\/12\/el-gobierno-echara-del-inti-a-uno-de-los-detenidos-por-los-destrozos-en-tn\/","name":"El Gobierno echar\u00e1 del Inti a uno de los detenidos por los destrozos en TN - Radio Infinita Goya","isPartOf":{"@id":"https:\/\/radioinfinitagoya.com.ar\/v1\/#website"},"primaryImageOfPage":{"@id":"https:\/\/radioinfinitagoya.com.ar\/v1\/2025\/06\/12\/el-gobierno-echara-del-inti-a-uno-de-los-detenidos-por-los-destrozos-en-tn\/#primaryimage"},"image":{"@id":"https:\/\/radioinfinitagoya.com.ar\/v1\/2025\/06\/12\/el-gobierno-echara-del-inti-a-uno-de-los-detenidos-por-los-destrozos-en-tn\/#primaryimage"},"thumbnailUrl":"https:\/\/radioinfinitagoya.com.ar\/v1\/wp-content\/uploads\/2025\/06\/GtH7EsUWoAAb-6e.png","datePublished":"2025-06-12T20:41:29+00:00","description":"Se trata de Alberto Enrique Alejandro Grasso Rivaldi, que es empleado en el Instituto Nacional de Tecnolog\u00eda Industrial que depende del Ministerio de","breadcrumb":{"@id":"https:\/\/radioinfinitagoya.com.ar\/v1\/2025\/06\/12\/el-gobierno-echara-del-inti-a-uno-de-los-detenidos-por-los-destrozos-en-tn\/#breadcrumb"},"inLanguage":"es-AR","potentialAction":[{"@type":"ReadAction","target":["https:\/\/radioinfinitagoya.com.ar\/v1\/2025\/06\/12\/el-gobierno-echara-del-inti-a-uno-de-los-detenidos-por-los-destrozos-en-tn\/"]}]},{"@type":"ImageObject","inLanguage":"es-AR","@id":"https:\/\/radioinfinitagoya.com.ar\/v1\/2025\/06\/12\/el-gobierno-echara-del-inti-a-uno-de-los-detenidos-por-los-destrozos-en-tn\/#primaryimage","url":"https:\/\/radioinfinitagoya.com.ar\/v1\/wp-content\/uploads\/2025\/06\/GtH7EsUWoAAb-6e.png","contentUrl":"https:\/\/radioinfinitagoya.com.ar\/v1\/wp-content\/uploads\/2025\/06\/GtH7EsUWoAAb-6e.png","width":658,"height":369},{"@type":"BreadcrumbList","@id":"https:\/\/radioinfinitagoya.com.ar\/v1\/2025\/06\/12\/el-gobierno-echara-del-inti-a-uno-de-los-detenidos-por-los-destrozos-en-tn\/#breadcrumb","itemListElement":[{"@type":"ListItem","position":1,"name":"Inicio","item":"https:\/\/radioinfinitagoya.com.ar\/v1\/"},{"@type":"ListItem","position":2,"name":"El Gobierno echar\u00e1 del Inti a uno de los detenidos por los destrozos en TN"}]},{"@type":"WebSite","@id":"https:\/\/radioinfinitagoya.com.ar\/v1\/#website","url":"https:\/\/radioinfinitagoya.com.ar\/v1\/","name":"radioinfinitagoya.com.ar","description":"Radio de noticias","publisher":{"@id":"https:\/\/radioinfinitagoya.com.ar\/v1\/#organization"},"potentialAction":[{"@type":"SearchAction","target":{"@type":"EntryPoint","urlTemplate":"https:\/\/radioinfinitagoya.com.ar\/v1\/?s={search_term_string}"},"query-input":{"@type":"PropertyValueSpecification","valueRequired":true,"valueName":"search_term_string"}}],"inLanguage":"es-AR"},{"@type":"Organization","@id":"https:\/\/radioinfinitagoya.com.ar\/v1\/#organization","name":"Radio Infinita Goya","url":"https:\/\/radioinfinitagoya.com.ar\/v1\/","logo":{"@type":"ImageObject","inLanguage":"es-AR","@id":"https:\/\/radioinfinitagoya.com.ar\/v1\/#\/schema\/logo\/image\/","url":"https:\/\/radioinfinitagoya.com.ar\/v1\/wp-content\/uploads\/2019\/11\/logo-pie-web.png","contentUrl":"https:\/\/radioinfinitagoya.com.ar\/v1\/wp-content\/uploads\/2019\/11\/logo-pie-web.png","width":635,"height":326,"caption":"Radio Infinita Goya"},"image":{"@id":"https:\/\/radioinfinitagoya.com.ar\/v1\/#\/schema\/logo\/image\/"},"sameAs":["https:\/\/www.facebook.com\/p\/Infinita-Goya-100063870918311\/"]},{"@type":"Person","@id":"https:\/\/radioinfinitagoya.com.ar\/v1\/#\/schema\/person\/d4cf9c413d4f6edb24aabdccab49ca4a","name":"Jorge Mi\u00f1o","image":{"@type":"ImageObject","inLanguage":"es-AR","@id":"https:\/\/secure.gravatar.com\/avatar\/910fcf6728fe95320e07a6643c1581fec1c7fc4bf8ae12e3d8f0d0373dc844be?s=96&d=mm&r=g","url":"https:\/\/secure.gravatar.com\/avatar\/910fcf6728fe95320e07a6643c1581fec1c7fc4bf8ae12e3d8f0d0373dc844be?s=96&d=mm&r=g","contentUrl":"https:\/\/secure.gravatar.com\/avatar\/910fcf6728fe95320e07a6643c1581fec1c7fc4bf8ae12e3d8f0d0373dc844be?s=96&d=mm&r=g","caption":"Jorge Mi\u00f1o"},"sameAs":["http:\/\/radioinfinitagoya.com.ar"]}]}},"_links":{"self":[{"href":"https:\/\/radioinfinitagoya.com.ar\/v1\/wp-json\/wp\/v2\/posts\/191378","targetHints":{"allow":["GET"]}}],"collection":[{"href":"https:\/\/radioinfinitagoya.com.ar\/v1\/wp-json\/wp\/v2\/posts"}],"about":[{"href":"https:\/\/radioinfinitagoya.com.ar\/v1\/wp-json\/wp\/v2\/types\/post"}],"author":[{"embeddable":true,"href":"https:\/\/radioinfinitagoya.com.ar\/v1\/wp-json\/wp\/v2\/users\/4"}],"replies":[{"embeddable":true,"href":"https:\/\/radioinfinitagoya.com.ar\/v1\/wp-json\/wp\/v2\/comments?post=191378"}],"version-history":[{"count":0,"href":"https:\/\/radioinfinitagoya.com.ar\/v1\/wp-json\/wp\/v2\/posts\/191378\/revisions"}],"wp:featuredmedia":[{"embeddable":true,"href":"https:\/\/radioinfinitagoya.com.ar\/v1\/wp-json\/wp\/v2\/media\/191379"}],"wp:attachment":[{"href":"https:\/\/radioinfinitagoya.com.ar\/v1\/wp-json\/wp\/v2\/media?parent=191378"}],"wp:term":[{"taxonomy":"category","embeddable":true,"href":"https:\/\/radioinfinitagoya.com.ar\/v1\/wp-json\/wp\/v2\/categories?post=191378"},{"taxonomy":"post_tag","embeddable":true,"href":"https:\/\/radioinfinitagoya.com.ar\/v1\/wp-json\/wp\/v2\/tags?post=191378"}],"curies":[{"name":"wp","href":"https:\/\/api.w.org\/{rel}","templated":true}]}}