{"id":191399,"date":"2025-06-13T16:29:55","date_gmt":"2025-06-13T19:29:55","guid":{"rendered":"https:\/\/radioinfinitagoya.com.ar\/v1\/?p=191399"},"modified":"2025-06-13T16:29:55","modified_gmt":"2025-06-13T19:29:55","slug":"argentina-reforzo-la-seguridad-en-la-embajada-de-israel-y-la-amia","status":"publish","type":"post","link":"https:\/\/radioinfinitagoya.com.ar\/v1\/2025\/06\/13\/argentina-reforzo-la-seguridad-en-la-embajada-de-israel-y-la-amia\/","title":{"rendered":"Argentina reforz\u00f3 la seguridad en la embajada de Israel y la Amia"},"content":{"rendered":"<p>El ataque sobre instalaciones nucleares de Ir\u00e1n encendi\u00f3 las alarmas mundiales. El gobierno de Milei dispuso \u201calerta alta\u201d y monitorea la situaci\u00f3n minuto a minuto.<\/p>\n<p>El Gobierno decidi\u00f3 reforzar la seguridad en la embajada de Israel en Buenos Aires y en la AMIA, luego del \u201cataque preventivo\u201d que hizo Tel Aviv sobre instalaciones nucleares de Ir\u00e1n<\/p>\n<p>La medida se tom\u00f3 tras la escalada en el conflicto en Medio Oriente y de que el gobierno israel\u00ed se declarara en emergencia nacional y advirtiera a toda la poblaci\u00f3n de que espera fuertes represalias por parte de Ir\u00e1n.<\/p>\n<p>Este viernes, Israel orden\u00f3 el cierre de sus embajadas en todo el mundo, incluida la de la Argentina. \u201cLas misiones israel\u00edes en todo el mundo permanecer\u00e1n cerradas y no se prestar\u00e1n servicios consulares\u201d, anunci\u00f3 el Ministerio de Asuntos Exteriores israel\u00ed, seg\u00fan inform\u00f3 la agencia EFE.<\/p>\n<p>El gobierno israel\u00ed tambi\u00e9n le solicit\u00f3 a sus ciudadanos en el extranjero que informen su ubicaci\u00f3n y estado para facilitar respuestas r\u00e1pidas ante posibles emergencias.<\/p>\n<p>El mundo en vilo por la nueva escalada en Medio Oriente<\/p>\n<p>Israel lanz\u00f3 ataques contra un centenar de objetivos en Ir\u00e1n, entre ellos instalaciones nucleares y militares y Teher\u00e1n, la capital, en una operaci\u00f3n que la Rep\u00fablica Isl\u00e1mica considera \u201cuna declaraci\u00f3n de guerra\u201d.<\/p>\n<p>Ir\u00e1n confirm\u00f3 que los ataques se cobraron la vida del poderoso jefe de los Guardianes de la Revoluci\u00f3n, Hosein Salami, y el alto comandante de ese ej\u00e9rcito ideol\u00f3gico iran\u00ed, Gholam Ali Rashid, adem\u00e1s de seis cient\u00edficos nucleares. Tambi\u00e9n muri\u00f3 el jefe del Estado Mayor, Mohamed Bagheri, seg\u00fan la televisi\u00f3n estatal.<\/p>\n<p>El primer ministro israel\u00ed, Benjamin Netanyahu, dijo que estos ataques se realizaron \u201ccon \u00e9xito\u201d y que seguir\u00e1n \u201ctantos d\u00edas como sea necesario\u201d. Por su parte, el ej\u00e9rcito de Ir\u00e1n asegur\u00f3 que \u201cno tendr\u00e1 l\u00edmites\u201d en su respuesta a Israel y lanz\u00f3 decenas de drones en represalia.<\/p>\n<p>Por eso, los funcionarios de la gesti\u00f3n de Javier Milei monitorean las novedades que llegan de Medio Oriente para definir si elevan las medidas de protecci\u00f3n en instituciones israel\u00edes clave en el pa\u00eds y tambi\u00e9n si las extienden para otras sedes diplom\u00e1ticas en el mundo.<\/p>\n<p>Javier Milei ya se hab\u00eda ido de Israel al momento del ataque contra Ir\u00e1n<br \/>\nEl presidente estuvo de visita a Israel hasta horas antes del ataque israel\u00ed. Pero el mandatario argentino ya hab\u00eda tomado el Boeing 757 ARG-01 rumbo a Madrid, Espa\u00f1a, cuando el Ministerio de Defensa israel\u00ed anunci\u00f3 el inicio de la operaci\u00f3n \u201cLe\u00f3n Ascendente\u201d.<\/p>\n<p>Mientras, Canciller\u00eda difundi\u00f3 los siguientes contactos para ciudadanos argentinos que se encuentran en Israel, Ir\u00e1n, L\u00edbano, Palestina o Siria y requieran asistencia consular:<\/p>\n<p>Comunicarse al correo emergenciaorientemedio@mrecic.gov.ar<\/p>\n<p>Consulado General en Tel Aviv<\/p>\n<p>Celular de emergencia: 972 52 597 8359<\/p>\n<p>Email: cgtel@mrecic.gov.ar<\/p>\n<p>Secci\u00f3n Consular en Teher\u00e1n<\/p>\n<p>Celular de emergencia: 98 912 840 8434<\/p>\n<p>Email: eiran@mrecic.gov.ar<\/p>\n<p>Secci\u00f3n Consular en Beirut<\/p>\n<p>Celular de emergencia: 961 71897432<\/p>\n<p>Email: elbno@mrecic.gov.ar, libano@mrecic.gov.ar<\/p>\n<p>Oficina de Representaci\u00f3n en Ramala<\/p>\n<p>Celular de emergencia: 970 599987804<\/p>\n<p>Email: repal@mrecic.gov.ar<\/p>\n<p>Secci\u00f3n Consular en Damasco<\/p>\n<p>(concurrencia en Jordania)<\/p>\n<p>Celular de emergencia: 963 9 3388 4050<\/p>\n<p>Email: easir@mrecic.gov.ar, consular_easir@mrecic.gov.ar<\/p>\n","protected":false},"excerpt":{"rendered":"<p>El ataque sobre instalaciones nucleares de Ir\u00e1n encendi\u00f3 las alarmas mundiales. El gobierno de Milei dispuso \u201calerta alta\u201d y monitorea la situaci\u00f3n minuto a minuto. El Gobierno decidi\u00f3 reforzar la seguridad en la embajada de Israel en Buenos Aires y en la AMIA, luego del \u201cataque preventivo\u201d que hizo Tel Aviv sobre instalaciones nucleares de [&hellip;]<\/p>\n","protected":false},"author":4,"featured_media":191400,"comment_status":"closed","ping_status":"closed","sticky":false,"template":"","format":"standard","meta":{"_joinchat":[],"footnotes":""},"categories":[29],"tags":[],"class_list":{"0":"post-191399","1":"post","2":"type-post","3":"status-publish","4":"format-standard","5":"has-post-thumbnail","7":"category-nacionales"},"yoast_head":"<!-- This site is optimized with the Yoast SEO plugin v27.2 - https:\/\/yoast.com\/product\/yoast-seo-wordpress\/ -->\n<title>Argentina reforz\u00f3 la seguridad en la embajada de Israel y la Amia - Radio Infinita Goya<\/title>\n<meta name=\"description\" content=\"El ataque sobre instalaciones nucleares de Ir\u00e1n encendi\u00f3 las alarmas mundiales. El gobierno de Milei dispuso \u201calerta alta\u201d y monitorea la situaci\u00f3n minuto\" \/>\n<meta name=\"robots\" content=\"index, follow, max-snippet:-1, max-image-preview:large, max-video-preview:-1\" \/>\n<link rel=\"canonical\" href=\"https:\/\/radioinfinitagoya.com.ar\/v1\/2025\/06\/13\/argentina-reforzo-la-seguridad-en-la-embajada-de-israel-y-la-amia\/\" \/>\n<meta property=\"og:locale\" content=\"es_ES\" \/>\n<meta property=\"og:type\" content=\"article\" \/>\n<meta property=\"og:title\" content=\"Argentina reforz\u00f3 la seguridad en la embajada de Israel y la Amia - Radio Infinita Goya\" \/>\n<meta property=\"og:description\" content=\"El ataque sobre instalaciones nucleares de Ir\u00e1n encendi\u00f3 las alarmas mundiales. El gobierno de Milei dispuso \u201calerta alta\u201d y monitorea la situaci\u00f3n minuto\" \/>\n<meta property=\"og:url\" content=\"https:\/\/radioinfinitagoya.com.ar\/v1\/2025\/06\/13\/argentina-reforzo-la-seguridad-en-la-embajada-de-israel-y-la-amia\/\" \/>\n<meta property=\"og:site_name\" content=\"Radio Infinita Goya\" \/>\n<meta property=\"article:publisher\" content=\"https:\/\/www.facebook.com\/p\/Infinita-Goya-100063870918311\/\" \/>\n<meta property=\"article:published_time\" content=\"2025-06-13T19:29:55+00:00\" \/>\n<meta property=\"og:image\" content=\"https:\/\/radioinfinitagoya.com.ar\/v1\/wp-content\/uploads\/2025\/06\/1749818784452.webp\" \/>\n\t<meta property=\"og:image:width\" content=\"1200\" \/>\n\t<meta property=\"og:image:height\" content=\"675\" \/>\n\t<meta property=\"og:image:type\" content=\"image\/webp\" \/>\n<meta name=\"author\" content=\"Jorge Mi\u00f1o\" \/>\n<meta name=\"twitter:card\" content=\"summary_large_image\" \/>\n<meta name=\"twitter:label1\" content=\"Escrito por\" \/>\n\t<meta name=\"twitter:data1\" content=\"Jorge Mi\u00f1o\" \/>\n\t<meta name=\"twitter:label2\" content=\"Tiempo de lectura\" \/>\n\t<meta name=\"twitter:data2\" content=\"3 minutos\" \/>\n<script type=\"application\/ld+json\" class=\"yoast-schema-graph\">{\"@context\":\"https:\/\/schema.org\",\"@graph\":[{\"@type\":\"Article\",\"@id\":\"https:\/\/radioinfinitagoya.com.ar\/v1\/2025\/06\/13\/argentina-reforzo-la-seguridad-en-la-embajada-de-israel-y-la-amia\/#article\",\"isPartOf\":{\"@id\":\"https:\/\/radioinfinitagoya.com.ar\/v1\/2025\/06\/13\/argentina-reforzo-la-seguridad-en-la-embajada-de-israel-y-la-amia\/\"},\"author\":{\"name\":\"Jorge Mi\u00f1o\",\"@id\":\"https:\/\/radioinfinitagoya.com.ar\/v1\/#\/schema\/person\/d4cf9c413d4f6edb24aabdccab49ca4a\"},\"headline\":\"Argentina reforz\u00f3 la seguridad en la embajada de Israel y la Amia\",\"datePublished\":\"2025-06-13T19:29:55+00:00\",\"mainEntityOfPage\":{\"@id\":\"https:\/\/radioinfinitagoya.com.ar\/v1\/2025\/06\/13\/argentina-reforzo-la-seguridad-en-la-embajada-de-israel-y-la-amia\/\"},\"wordCount\":572,\"publisher\":{\"@id\":\"https:\/\/radioinfinitagoya.com.ar\/v1\/#organization\"},\"image\":{\"@id\":\"https:\/\/radioinfinitagoya.com.ar\/v1\/2025\/06\/13\/argentina-reforzo-la-seguridad-en-la-embajada-de-israel-y-la-amia\/#primaryimage\"},\"thumbnailUrl\":\"https:\/\/radioinfinitagoya.com.ar\/v1\/wp-content\/uploads\/2025\/06\/1749818784452.webp\",\"articleSection\":[\"NACIONALES\"],\"inLanguage\":\"es-AR\"},{\"@type\":\"WebPage\",\"@id\":\"https:\/\/radioinfinitagoya.com.ar\/v1\/2025\/06\/13\/argentina-reforzo-la-seguridad-en-la-embajada-de-israel-y-la-amia\/\",\"url\":\"https:\/\/radioinfinitagoya.com.ar\/v1\/2025\/06\/13\/argentina-reforzo-la-seguridad-en-la-embajada-de-israel-y-la-amia\/\",\"name\":\"Argentina reforz\u00f3 la seguridad en la embajada de Israel y la Amia - Radio Infinita Goya\",\"isPartOf\":{\"@id\":\"https:\/\/radioinfinitagoya.com.ar\/v1\/#website\"},\"primaryImageOfPage\":{\"@id\":\"https:\/\/radioinfinitagoya.com.ar\/v1\/2025\/06\/13\/argentina-reforzo-la-seguridad-en-la-embajada-de-israel-y-la-amia\/#primaryimage\"},\"image\":{\"@id\":\"https:\/\/radioinfinitagoya.com.ar\/v1\/2025\/06\/13\/argentina-reforzo-la-seguridad-en-la-embajada-de-israel-y-la-amia\/#primaryimage\"},\"thumbnailUrl\":\"https:\/\/radioinfinitagoya.com.ar\/v1\/wp-content\/uploads\/2025\/06\/1749818784452.webp\",\"datePublished\":\"2025-06-13T19:29:55+00:00\",\"description\":\"El ataque sobre instalaciones nucleares de Ir\u00e1n encendi\u00f3 las alarmas mundiales. El gobierno de Milei dispuso \u201calerta alta\u201d y monitorea la situaci\u00f3n minuto\",\"breadcrumb\":{\"@id\":\"https:\/\/radioinfinitagoya.com.ar\/v1\/2025\/06\/13\/argentina-reforzo-la-seguridad-en-la-embajada-de-israel-y-la-amia\/#breadcrumb\"},\"inLanguage\":\"es-AR\",\"potentialAction\":[{\"@type\":\"ReadAction\",\"target\":[\"https:\/\/radioinfinitagoya.com.ar\/v1\/2025\/06\/13\/argentina-reforzo-la-seguridad-en-la-embajada-de-israel-y-la-amia\/\"]}]},{\"@type\":\"ImageObject\",\"inLanguage\":\"es-AR\",\"@id\":\"https:\/\/radioinfinitagoya.com.ar\/v1\/2025\/06\/13\/argentina-reforzo-la-seguridad-en-la-embajada-de-israel-y-la-amia\/#primaryimage\",\"url\":\"https:\/\/radioinfinitagoya.com.ar\/v1\/wp-content\/uploads\/2025\/06\/1749818784452.webp\",\"contentUrl\":\"https:\/\/radioinfinitagoya.com.ar\/v1\/wp-content\/uploads\/2025\/06\/1749818784452.webp\",\"width\":1200,\"height\":675},{\"@type\":\"BreadcrumbList\",\"@id\":\"https:\/\/radioinfinitagoya.com.ar\/v1\/2025\/06\/13\/argentina-reforzo-la-seguridad-en-la-embajada-de-israel-y-la-amia\/#breadcrumb\",\"itemListElement\":[{\"@type\":\"ListItem\",\"position\":1,\"name\":\"Inicio\",\"item\":\"https:\/\/radioinfinitagoya.com.ar\/v1\/\"},{\"@type\":\"ListItem\",\"position\":2,\"name\":\"Argentina reforz\u00f3 la seguridad en la embajada de Israel y la Amia\"}]},{\"@type\":\"WebSite\",\"@id\":\"https:\/\/radioinfinitagoya.com.ar\/v1\/#website\",\"url\":\"https:\/\/radioinfinitagoya.com.ar\/v1\/\",\"name\":\"radioinfinitagoya.com.ar\",\"description\":\"Radio de noticias\",\"publisher\":{\"@id\":\"https:\/\/radioinfinitagoya.com.ar\/v1\/#organization\"},\"potentialAction\":[{\"@type\":\"SearchAction\",\"target\":{\"@type\":\"EntryPoint\",\"urlTemplate\":\"https:\/\/radioinfinitagoya.com.ar\/v1\/?s={search_term_string}\"},\"query-input\":{\"@type\":\"PropertyValueSpecification\",\"valueRequired\":true,\"valueName\":\"search_term_string\"}}],\"inLanguage\":\"es-AR\"},{\"@type\":\"Organization\",\"@id\":\"https:\/\/radioinfinitagoya.com.ar\/v1\/#organization\",\"name\":\"Radio Infinita Goya\",\"url\":\"https:\/\/radioinfinitagoya.com.ar\/v1\/\",\"logo\":{\"@type\":\"ImageObject\",\"inLanguage\":\"es-AR\",\"@id\":\"https:\/\/radioinfinitagoya.com.ar\/v1\/#\/schema\/logo\/image\/\",\"url\":\"https:\/\/radioinfinitagoya.com.ar\/v1\/wp-content\/uploads\/2019\/11\/logo-pie-web.png\",\"contentUrl\":\"https:\/\/radioinfinitagoya.com.ar\/v1\/wp-content\/uploads\/2019\/11\/logo-pie-web.png\",\"width\":635,\"height\":326,\"caption\":\"Radio Infinita Goya\"},\"image\":{\"@id\":\"https:\/\/radioinfinitagoya.com.ar\/v1\/#\/schema\/logo\/image\/\"},\"sameAs\":[\"https:\/\/www.facebook.com\/p\/Infinita-Goya-100063870918311\/\"]},{\"@type\":\"Person\",\"@id\":\"https:\/\/radioinfinitagoya.com.ar\/v1\/#\/schema\/person\/d4cf9c413d4f6edb24aabdccab49ca4a\",\"name\":\"Jorge Mi\u00f1o\",\"image\":{\"@type\":\"ImageObject\",\"inLanguage\":\"es-AR\",\"@id\":\"https:\/\/secure.gravatar.com\/avatar\/910fcf6728fe95320e07a6643c1581fec1c7fc4bf8ae12e3d8f0d0373dc844be?s=96&d=mm&r=g\",\"url\":\"https:\/\/secure.gravatar.com\/avatar\/910fcf6728fe95320e07a6643c1581fec1c7fc4bf8ae12e3d8f0d0373dc844be?s=96&d=mm&r=g\",\"contentUrl\":\"https:\/\/secure.gravatar.com\/avatar\/910fcf6728fe95320e07a6643c1581fec1c7fc4bf8ae12e3d8f0d0373dc844be?s=96&d=mm&r=g\",\"caption\":\"Jorge Mi\u00f1o\"},\"sameAs\":[\"http:\/\/radioinfinitagoya.com.ar\"]}]}<\/script>\n<!-- \/ Yoast SEO plugin. -->","yoast_head_json":{"title":"Argentina reforz\u00f3 la seguridad en la embajada de Israel y la Amia - Radio Infinita Goya","description":"El ataque sobre instalaciones nucleares de Ir\u00e1n encendi\u00f3 las alarmas mundiales. El gobierno de Milei dispuso \u201calerta alta\u201d y monitorea la situaci\u00f3n minuto","robots":{"index":"index","follow":"follow","max-snippet":"max-snippet:-1","max-image-preview":"max-image-preview:large","max-video-preview":"max-video-preview:-1"},"canonical":"https:\/\/radioinfinitagoya.com.ar\/v1\/2025\/06\/13\/argentina-reforzo-la-seguridad-en-la-embajada-de-israel-y-la-amia\/","og_locale":"es_ES","og_type":"article","og_title":"Argentina reforz\u00f3 la seguridad en la embajada de Israel y la Amia - Radio Infinita Goya","og_description":"El ataque sobre instalaciones nucleares de Ir\u00e1n encendi\u00f3 las alarmas mundiales. El gobierno de Milei dispuso \u201calerta alta\u201d y monitorea la situaci\u00f3n minuto","og_url":"https:\/\/radioinfinitagoya.com.ar\/v1\/2025\/06\/13\/argentina-reforzo-la-seguridad-en-la-embajada-de-israel-y-la-amia\/","og_site_name":"Radio Infinita Goya","article_publisher":"https:\/\/www.facebook.com\/p\/Infinita-Goya-100063870918311\/","article_published_time":"2025-06-13T19:29:55+00:00","og_image":[{"width":1200,"height":675,"url":"https:\/\/radioinfinitagoya.com.ar\/v1\/wp-content\/uploads\/2025\/06\/1749818784452.webp","type":"image\/webp"}],"author":"Jorge Mi\u00f1o","twitter_card":"summary_large_image","twitter_misc":{"Escrito por":"Jorge Mi\u00f1o","Tiempo de lectura":"3 minutos"},"schema":{"@context":"https:\/\/schema.org","@graph":[{"@type":"Article","@id":"https:\/\/radioinfinitagoya.com.ar\/v1\/2025\/06\/13\/argentina-reforzo-la-seguridad-en-la-embajada-de-israel-y-la-amia\/#article","isPartOf":{"@id":"https:\/\/radioinfinitagoya.com.ar\/v1\/2025\/06\/13\/argentina-reforzo-la-seguridad-en-la-embajada-de-israel-y-la-amia\/"},"author":{"name":"Jorge Mi\u00f1o","@id":"https:\/\/radioinfinitagoya.com.ar\/v1\/#\/schema\/person\/d4cf9c413d4f6edb24aabdccab49ca4a"},"headline":"Argentina reforz\u00f3 la seguridad en la embajada de Israel y la Amia","datePublished":"2025-06-13T19:29:55+00:00","mainEntityOfPage":{"@id":"https:\/\/radioinfinitagoya.com.ar\/v1\/2025\/06\/13\/argentina-reforzo-la-seguridad-en-la-embajada-de-israel-y-la-amia\/"},"wordCount":572,"publisher":{"@id":"https:\/\/radioinfinitagoya.com.ar\/v1\/#organization"},"image":{"@id":"https:\/\/radioinfinitagoya.com.ar\/v1\/2025\/06\/13\/argentina-reforzo-la-seguridad-en-la-embajada-de-israel-y-la-amia\/#primaryimage"},"thumbnailUrl":"https:\/\/radioinfinitagoya.com.ar\/v1\/wp-content\/uploads\/2025\/06\/1749818784452.webp","articleSection":["NACIONALES"],"inLanguage":"es-AR"},{"@type":"WebPage","@id":"https:\/\/radioinfinitagoya.com.ar\/v1\/2025\/06\/13\/argentina-reforzo-la-seguridad-en-la-embajada-de-israel-y-la-amia\/","url":"https:\/\/radioinfinitagoya.com.ar\/v1\/2025\/06\/13\/argentina-reforzo-la-seguridad-en-la-embajada-de-israel-y-la-amia\/","name":"Argentina reforz\u00f3 la seguridad en la embajada de Israel y la Amia - Radio Infinita Goya","isPartOf":{"@id":"https:\/\/radioinfinitagoya.com.ar\/v1\/#website"},"primaryImageOfPage":{"@id":"https:\/\/radioinfinitagoya.com.ar\/v1\/2025\/06\/13\/argentina-reforzo-la-seguridad-en-la-embajada-de-israel-y-la-amia\/#primaryimage"},"image":{"@id":"https:\/\/radioinfinitagoya.com.ar\/v1\/2025\/06\/13\/argentina-reforzo-la-seguridad-en-la-embajada-de-israel-y-la-amia\/#primaryimage"},"thumbnailUrl":"https:\/\/radioinfinitagoya.com.ar\/v1\/wp-content\/uploads\/2025\/06\/1749818784452.webp","datePublished":"2025-06-13T19:29:55+00:00","description":"El ataque sobre instalaciones nucleares de Ir\u00e1n encendi\u00f3 las alarmas mundiales. El gobierno de Milei dispuso \u201calerta alta\u201d y monitorea la situaci\u00f3n minuto","breadcrumb":{"@id":"https:\/\/radioinfinitagoya.com.ar\/v1\/2025\/06\/13\/argentina-reforzo-la-seguridad-en-la-embajada-de-israel-y-la-amia\/#breadcrumb"},"inLanguage":"es-AR","potentialAction":[{"@type":"ReadAction","target":["https:\/\/radioinfinitagoya.com.ar\/v1\/2025\/06\/13\/argentina-reforzo-la-seguridad-en-la-embajada-de-israel-y-la-amia\/"]}]},{"@type":"ImageObject","inLanguage":"es-AR","@id":"https:\/\/radioinfinitagoya.com.ar\/v1\/2025\/06\/13\/argentina-reforzo-la-seguridad-en-la-embajada-de-israel-y-la-amia\/#primaryimage","url":"https:\/\/radioinfinitagoya.com.ar\/v1\/wp-content\/uploads\/2025\/06\/1749818784452.webp","contentUrl":"https:\/\/radioinfinitagoya.com.ar\/v1\/wp-content\/uploads\/2025\/06\/1749818784452.webp","width":1200,"height":675},{"@type":"BreadcrumbList","@id":"https:\/\/radioinfinitagoya.com.ar\/v1\/2025\/06\/13\/argentina-reforzo-la-seguridad-en-la-embajada-de-israel-y-la-amia\/#breadcrumb","itemListElement":[{"@type":"ListItem","position":1,"name":"Inicio","item":"https:\/\/radioinfinitagoya.com.ar\/v1\/"},{"@type":"ListItem","position":2,"name":"Argentina reforz\u00f3 la seguridad en la embajada de Israel y la Amia"}]},{"@type":"WebSite","@id":"https:\/\/radioinfinitagoya.com.ar\/v1\/#website","url":"https:\/\/radioinfinitagoya.com.ar\/v1\/","name":"radioinfinitagoya.com.ar","description":"Radio de noticias","publisher":{"@id":"https:\/\/radioinfinitagoya.com.ar\/v1\/#organization"},"potentialAction":[{"@type":"SearchAction","target":{"@type":"EntryPoint","urlTemplate":"https:\/\/radioinfinitagoya.com.ar\/v1\/?s={search_term_string}"},"query-input":{"@type":"PropertyValueSpecification","valueRequired":true,"valueName":"search_term_string"}}],"inLanguage":"es-AR"},{"@type":"Organization","@id":"https:\/\/radioinfinitagoya.com.ar\/v1\/#organization","name":"Radio Infinita Goya","url":"https:\/\/radioinfinitagoya.com.ar\/v1\/","logo":{"@type":"ImageObject","inLanguage":"es-AR","@id":"https:\/\/radioinfinitagoya.com.ar\/v1\/#\/schema\/logo\/image\/","url":"https:\/\/radioinfinitagoya.com.ar\/v1\/wp-content\/uploads\/2019\/11\/logo-pie-web.png","contentUrl":"https:\/\/radioinfinitagoya.com.ar\/v1\/wp-content\/uploads\/2019\/11\/logo-pie-web.png","width":635,"height":326,"caption":"Radio Infinita Goya"},"image":{"@id":"https:\/\/radioinfinitagoya.com.ar\/v1\/#\/schema\/logo\/image\/"},"sameAs":["https:\/\/www.facebook.com\/p\/Infinita-Goya-100063870918311\/"]},{"@type":"Person","@id":"https:\/\/radioinfinitagoya.com.ar\/v1\/#\/schema\/person\/d4cf9c413d4f6edb24aabdccab49ca4a","name":"Jorge Mi\u00f1o","image":{"@type":"ImageObject","inLanguage":"es-AR","@id":"https:\/\/secure.gravatar.com\/avatar\/910fcf6728fe95320e07a6643c1581fec1c7fc4bf8ae12e3d8f0d0373dc844be?s=96&d=mm&r=g","url":"https:\/\/secure.gravatar.com\/avatar\/910fcf6728fe95320e07a6643c1581fec1c7fc4bf8ae12e3d8f0d0373dc844be?s=96&d=mm&r=g","contentUrl":"https:\/\/secure.gravatar.com\/avatar\/910fcf6728fe95320e07a6643c1581fec1c7fc4bf8ae12e3d8f0d0373dc844be?s=96&d=mm&r=g","caption":"Jorge Mi\u00f1o"},"sameAs":["http:\/\/radioinfinitagoya.com.ar"]}]}},"_links":{"self":[{"href":"https:\/\/radioinfinitagoya.com.ar\/v1\/wp-json\/wp\/v2\/posts\/191399","targetHints":{"allow":["GET"]}}],"collection":[{"href":"https:\/\/radioinfinitagoya.com.ar\/v1\/wp-json\/wp\/v2\/posts"}],"about":[{"href":"https:\/\/radioinfinitagoya.com.ar\/v1\/wp-json\/wp\/v2\/types\/post"}],"author":[{"embeddable":true,"href":"https:\/\/radioinfinitagoya.com.ar\/v1\/wp-json\/wp\/v2\/users\/4"}],"replies":[{"embeddable":true,"href":"https:\/\/radioinfinitagoya.com.ar\/v1\/wp-json\/wp\/v2\/comments?post=191399"}],"version-history":[{"count":0,"href":"https:\/\/radioinfinitagoya.com.ar\/v1\/wp-json\/wp\/v2\/posts\/191399\/revisions"}],"wp:featuredmedia":[{"embeddable":true,"href":"https:\/\/radioinfinitagoya.com.ar\/v1\/wp-json\/wp\/v2\/media\/191400"}],"wp:attachment":[{"href":"https:\/\/radioinfinitagoya.com.ar\/v1\/wp-json\/wp\/v2\/media?parent=191399"}],"wp:term":[{"taxonomy":"category","embeddable":true,"href":"https:\/\/radioinfinitagoya.com.ar\/v1\/wp-json\/wp\/v2\/categories?post=191399"},{"taxonomy":"post_tag","embeddable":true,"href":"https:\/\/radioinfinitagoya.com.ar\/v1\/wp-json\/wp\/v2\/tags?post=191399"}],"curies":[{"name":"wp","href":"https:\/\/api.w.org\/{rel}","templated":true}]}}