{"id":191408,"date":"2025-06-13T16:42:47","date_gmt":"2025-06-13T19:42:47","guid":{"rendered":"https:\/\/radioinfinitagoya.com.ar\/v1\/?p=191408"},"modified":"2025-06-13T16:42:47","modified_gmt":"2025-06-13T19:42:47","slug":"cavani-esta-en-duda-para-el-debut-en-el-mundial-de-clubes","status":"publish","type":"post","link":"https:\/\/radioinfinitagoya.com.ar\/v1\/2025\/06\/13\/cavani-esta-en-duda-para-el-debut-en-el-mundial-de-clubes\/","title":{"rendered":"Cavani est\u00e1 en duda para el debut en el Mundial de Clubes"},"content":{"rendered":"<p>El delantero se recuperaci\u00f3n de una lesi\u00f3n de gemelo.<\/p>\n<p>El uruguayo Edinson Cavani no est\u00e1 recuperado totalmente y no integrar\u00eda el equipo titular de Boca en el primer partido del conjunto xeneize del Mundial de Clubes ante Benfica el lunes 16.<\/p>\n<p>El delantero uruguayo no est\u00e1 recuperado completamente de la lesi\u00f3n en el gemelo derecho y, aunque existe una leve posibilidad de que ocupe un lugar en el banco de suplentes, el cuerpo t\u00e9cnico de Miguel \u00c1ngel Russo optar\u00eda por preservarlo para la segunda fecha.<\/p>\n<p>Durante la preparaci\u00f3n en el campus de Barry University, en Miami, Cavani continu\u00f3 trabajando de forma diferenciada. El jueves, con la amenaza de tormenta el\u00e9ctrica, la pr\u00e1ctica fue trasladada al gimnasio, donde el Matador volvi\u00f3 a realizar tareas espec\u00edficas de recuperaci\u00f3n.<\/p>\n<p>El entrenador Miguel \u00c1ngel Russo ratific\u00f3 que no lo arriesgar\u00eda: \u201cPreferimos esperar un d\u00eda m\u00e1s y no perderlo por veinte\u201d.<\/p>\n<p>La posible baja de Cavani obligar\u00e1 al entrenador a redefinir el esquema ofensivo, con el uruguayo Miguel Merentiel perfilado como titular, mientras que Milton Gim\u00e9nez es una alternativa considerada para acompa\u00f1arlo en un eventual doble nueve.<\/p>\n<p>En declaraciones previas al encuentro, Cavani remarc\u00f3 el objetivo colectivo: \u201cEl club tiene que pelear por el t\u00edtulo. Sabemos que ser\u00e1 dif\u00edcil, pero las expectativas son grandes\u201d. Sus palabras reflejaron el compromiso pese a su inactividad.<\/p>\n<p>Por otra parte, Boca recibi\u00f3 una noticia positiva: Luis Adv\u00edncula y Lucas Blondel, recientemente reincorporados tras la fecha FIFA, se sumaron a los entrenamientos. Ambos realizaron tareas regenerativas tras sus respectivos viajes desde Per\u00fa y Suiza.<\/p>\n<p>En tanto que Ayrton Costa no podr\u00e1 formar parte del plantel que disputar\u00e1 el Mundial de Clubes. El defensor zurdo no consigui\u00f3 la visa de ingreso al pa\u00eds norteamericano, debido a antecedentes judiciales que complican su situaci\u00f3n migratoria.<\/p>\n","protected":false},"excerpt":{"rendered":"<p>El delantero se recuperaci\u00f3n de una lesi\u00f3n de gemelo. El uruguayo Edinson Cavani no est\u00e1 recuperado totalmente y no integrar\u00eda el equipo titular de Boca en el primer partido del conjunto xeneize del Mundial de Clubes ante Benfica el lunes 16. El delantero uruguayo no est\u00e1 recuperado completamente de la lesi\u00f3n en el gemelo derecho [&hellip;]<\/p>\n","protected":false},"author":4,"featured_media":191409,"comment_status":"closed","ping_status":"closed","sticky":false,"template":"","format":"standard","meta":{"_joinchat":[],"footnotes":""},"categories":[28],"tags":[],"class_list":{"0":"post-191408","1":"post","2":"type-post","3":"status-publish","4":"format-standard","5":"has-post-thumbnail","7":"category-deportes"},"yoast_head":"<!-- This site is optimized with the Yoast SEO plugin v27.2 - https:\/\/yoast.com\/product\/yoast-seo-wordpress\/ -->\n<title>Cavani est\u00e1 en duda para el debut en el Mundial de Clubes - Radio Infinita Goya<\/title>\n<meta name=\"description\" content=\"El delantero se recuperaci\u00f3n de una lesi\u00f3n de gemelo. El uruguayo Edinson Cavani no est\u00e1 recuperado totalmente y no integrar\u00eda el equipo titular de Boca\" \/>\n<meta name=\"robots\" content=\"index, follow, max-snippet:-1, max-image-preview:large, max-video-preview:-1\" \/>\n<link rel=\"canonical\" href=\"https:\/\/radioinfinitagoya.com.ar\/v1\/2025\/06\/13\/cavani-esta-en-duda-para-el-debut-en-el-mundial-de-clubes\/\" \/>\n<meta property=\"og:locale\" content=\"es_ES\" \/>\n<meta property=\"og:type\" content=\"article\" \/>\n<meta property=\"og:title\" content=\"Cavani est\u00e1 en duda para el debut en el Mundial de Clubes - Radio Infinita Goya\" \/>\n<meta property=\"og:description\" content=\"El delantero se recuperaci\u00f3n de una lesi\u00f3n de gemelo. El uruguayo Edinson Cavani no est\u00e1 recuperado totalmente y no integrar\u00eda el equipo titular de Boca\" \/>\n<meta property=\"og:url\" content=\"https:\/\/radioinfinitagoya.com.ar\/v1\/2025\/06\/13\/cavani-esta-en-duda-para-el-debut-en-el-mundial-de-clubes\/\" \/>\n<meta property=\"og:site_name\" content=\"Radio Infinita Goya\" \/>\n<meta property=\"article:publisher\" content=\"https:\/\/www.facebook.com\/p\/Infinita-Goya-100063870918311\/\" \/>\n<meta property=\"article:published_time\" content=\"2025-06-13T19:42:47+00:00\" \/>\n<meta property=\"og:image\" content=\"https:\/\/radioinfinitagoya.com.ar\/v1\/wp-content\/uploads\/2025\/06\/GtPukCiWQAAxOq5.jpg\" \/>\n\t<meta property=\"og:image:width\" content=\"680\" \/>\n\t<meta property=\"og:image:height\" content=\"380\" \/>\n\t<meta property=\"og:image:type\" content=\"image\/jpeg\" \/>\n<meta name=\"author\" content=\"Jorge Mi\u00f1o\" \/>\n<meta name=\"twitter:card\" content=\"summary_large_image\" \/>\n<meta name=\"twitter:label1\" content=\"Escrito por\" \/>\n\t<meta name=\"twitter:data1\" content=\"Jorge Mi\u00f1o\" \/>\n\t<meta name=\"twitter:label2\" content=\"Tiempo de lectura\" \/>\n\t<meta name=\"twitter:data2\" content=\"2 minutos\" \/>\n<script type=\"application\/ld+json\" class=\"yoast-schema-graph\">{\"@context\":\"https:\/\/schema.org\",\"@graph\":[{\"@type\":\"Article\",\"@id\":\"https:\/\/radioinfinitagoya.com.ar\/v1\/2025\/06\/13\/cavani-esta-en-duda-para-el-debut-en-el-mundial-de-clubes\/#article\",\"isPartOf\":{\"@id\":\"https:\/\/radioinfinitagoya.com.ar\/v1\/2025\/06\/13\/cavani-esta-en-duda-para-el-debut-en-el-mundial-de-clubes\/\"},\"author\":{\"name\":\"Jorge Mi\u00f1o\",\"@id\":\"https:\/\/radioinfinitagoya.com.ar\/v1\/#\/schema\/person\/d4cf9c413d4f6edb24aabdccab49ca4a\"},\"headline\":\"Cavani est\u00e1 en duda para el debut en el Mundial de Clubes\",\"datePublished\":\"2025-06-13T19:42:47+00:00\",\"mainEntityOfPage\":{\"@id\":\"https:\/\/radioinfinitagoya.com.ar\/v1\/2025\/06\/13\/cavani-esta-en-duda-para-el-debut-en-el-mundial-de-clubes\/\"},\"wordCount\":324,\"publisher\":{\"@id\":\"https:\/\/radioinfinitagoya.com.ar\/v1\/#organization\"},\"image\":{\"@id\":\"https:\/\/radioinfinitagoya.com.ar\/v1\/2025\/06\/13\/cavani-esta-en-duda-para-el-debut-en-el-mundial-de-clubes\/#primaryimage\"},\"thumbnailUrl\":\"https:\/\/radioinfinitagoya.com.ar\/v1\/wp-content\/uploads\/2025\/06\/GtPukCiWQAAxOq5.jpg\",\"articleSection\":[\"DEPORTES\"],\"inLanguage\":\"es-AR\"},{\"@type\":\"WebPage\",\"@id\":\"https:\/\/radioinfinitagoya.com.ar\/v1\/2025\/06\/13\/cavani-esta-en-duda-para-el-debut-en-el-mundial-de-clubes\/\",\"url\":\"https:\/\/radioinfinitagoya.com.ar\/v1\/2025\/06\/13\/cavani-esta-en-duda-para-el-debut-en-el-mundial-de-clubes\/\",\"name\":\"Cavani est\u00e1 en duda para el debut en el Mundial de Clubes - Radio Infinita Goya\",\"isPartOf\":{\"@id\":\"https:\/\/radioinfinitagoya.com.ar\/v1\/#website\"},\"primaryImageOfPage\":{\"@id\":\"https:\/\/radioinfinitagoya.com.ar\/v1\/2025\/06\/13\/cavani-esta-en-duda-para-el-debut-en-el-mundial-de-clubes\/#primaryimage\"},\"image\":{\"@id\":\"https:\/\/radioinfinitagoya.com.ar\/v1\/2025\/06\/13\/cavani-esta-en-duda-para-el-debut-en-el-mundial-de-clubes\/#primaryimage\"},\"thumbnailUrl\":\"https:\/\/radioinfinitagoya.com.ar\/v1\/wp-content\/uploads\/2025\/06\/GtPukCiWQAAxOq5.jpg\",\"datePublished\":\"2025-06-13T19:42:47+00:00\",\"description\":\"El delantero se recuperaci\u00f3n de una lesi\u00f3n de gemelo. El uruguayo Edinson Cavani no est\u00e1 recuperado totalmente y no integrar\u00eda el equipo titular de Boca\",\"breadcrumb\":{\"@id\":\"https:\/\/radioinfinitagoya.com.ar\/v1\/2025\/06\/13\/cavani-esta-en-duda-para-el-debut-en-el-mundial-de-clubes\/#breadcrumb\"},\"inLanguage\":\"es-AR\",\"potentialAction\":[{\"@type\":\"ReadAction\",\"target\":[\"https:\/\/radioinfinitagoya.com.ar\/v1\/2025\/06\/13\/cavani-esta-en-duda-para-el-debut-en-el-mundial-de-clubes\/\"]}]},{\"@type\":\"ImageObject\",\"inLanguage\":\"es-AR\",\"@id\":\"https:\/\/radioinfinitagoya.com.ar\/v1\/2025\/06\/13\/cavani-esta-en-duda-para-el-debut-en-el-mundial-de-clubes\/#primaryimage\",\"url\":\"https:\/\/radioinfinitagoya.com.ar\/v1\/wp-content\/uploads\/2025\/06\/GtPukCiWQAAxOq5.jpg\",\"contentUrl\":\"https:\/\/radioinfinitagoya.com.ar\/v1\/wp-content\/uploads\/2025\/06\/GtPukCiWQAAxOq5.jpg\",\"width\":680,\"height\":380},{\"@type\":\"BreadcrumbList\",\"@id\":\"https:\/\/radioinfinitagoya.com.ar\/v1\/2025\/06\/13\/cavani-esta-en-duda-para-el-debut-en-el-mundial-de-clubes\/#breadcrumb\",\"itemListElement\":[{\"@type\":\"ListItem\",\"position\":1,\"name\":\"Inicio\",\"item\":\"https:\/\/radioinfinitagoya.com.ar\/v1\/\"},{\"@type\":\"ListItem\",\"position\":2,\"name\":\"Cavani est\u00e1 en duda para el debut en el Mundial de Clubes\"}]},{\"@type\":\"WebSite\",\"@id\":\"https:\/\/radioinfinitagoya.com.ar\/v1\/#website\",\"url\":\"https:\/\/radioinfinitagoya.com.ar\/v1\/\",\"name\":\"radioinfinitagoya.com.ar\",\"description\":\"Radio de noticias\",\"publisher\":{\"@id\":\"https:\/\/radioinfinitagoya.com.ar\/v1\/#organization\"},\"potentialAction\":[{\"@type\":\"SearchAction\",\"target\":{\"@type\":\"EntryPoint\",\"urlTemplate\":\"https:\/\/radioinfinitagoya.com.ar\/v1\/?s={search_term_string}\"},\"query-input\":{\"@type\":\"PropertyValueSpecification\",\"valueRequired\":true,\"valueName\":\"search_term_string\"}}],\"inLanguage\":\"es-AR\"},{\"@type\":\"Organization\",\"@id\":\"https:\/\/radioinfinitagoya.com.ar\/v1\/#organization\",\"name\":\"Radio Infinita Goya\",\"url\":\"https:\/\/radioinfinitagoya.com.ar\/v1\/\",\"logo\":{\"@type\":\"ImageObject\",\"inLanguage\":\"es-AR\",\"@id\":\"https:\/\/radioinfinitagoya.com.ar\/v1\/#\/schema\/logo\/image\/\",\"url\":\"https:\/\/radioinfinitagoya.com.ar\/v1\/wp-content\/uploads\/2019\/11\/logo-pie-web.png\",\"contentUrl\":\"https:\/\/radioinfinitagoya.com.ar\/v1\/wp-content\/uploads\/2019\/11\/logo-pie-web.png\",\"width\":635,\"height\":326,\"caption\":\"Radio Infinita Goya\"},\"image\":{\"@id\":\"https:\/\/radioinfinitagoya.com.ar\/v1\/#\/schema\/logo\/image\/\"},\"sameAs\":[\"https:\/\/www.facebook.com\/p\/Infinita-Goya-100063870918311\/\"]},{\"@type\":\"Person\",\"@id\":\"https:\/\/radioinfinitagoya.com.ar\/v1\/#\/schema\/person\/d4cf9c413d4f6edb24aabdccab49ca4a\",\"name\":\"Jorge Mi\u00f1o\",\"image\":{\"@type\":\"ImageObject\",\"inLanguage\":\"es-AR\",\"@id\":\"https:\/\/secure.gravatar.com\/avatar\/910fcf6728fe95320e07a6643c1581fec1c7fc4bf8ae12e3d8f0d0373dc844be?s=96&d=mm&r=g\",\"url\":\"https:\/\/secure.gravatar.com\/avatar\/910fcf6728fe95320e07a6643c1581fec1c7fc4bf8ae12e3d8f0d0373dc844be?s=96&d=mm&r=g\",\"contentUrl\":\"https:\/\/secure.gravatar.com\/avatar\/910fcf6728fe95320e07a6643c1581fec1c7fc4bf8ae12e3d8f0d0373dc844be?s=96&d=mm&r=g\",\"caption\":\"Jorge Mi\u00f1o\"},\"sameAs\":[\"http:\/\/radioinfinitagoya.com.ar\"]}]}<\/script>\n<!-- \/ Yoast SEO plugin. -->","yoast_head_json":{"title":"Cavani est\u00e1 en duda para el debut en el Mundial de Clubes - Radio Infinita Goya","description":"El delantero se recuperaci\u00f3n de una lesi\u00f3n de gemelo. El uruguayo Edinson Cavani no est\u00e1 recuperado totalmente y no integrar\u00eda el equipo titular de Boca","robots":{"index":"index","follow":"follow","max-snippet":"max-snippet:-1","max-image-preview":"max-image-preview:large","max-video-preview":"max-video-preview:-1"},"canonical":"https:\/\/radioinfinitagoya.com.ar\/v1\/2025\/06\/13\/cavani-esta-en-duda-para-el-debut-en-el-mundial-de-clubes\/","og_locale":"es_ES","og_type":"article","og_title":"Cavani est\u00e1 en duda para el debut en el Mundial de Clubes - Radio Infinita Goya","og_description":"El delantero se recuperaci\u00f3n de una lesi\u00f3n de gemelo. El uruguayo Edinson Cavani no est\u00e1 recuperado totalmente y no integrar\u00eda el equipo titular de Boca","og_url":"https:\/\/radioinfinitagoya.com.ar\/v1\/2025\/06\/13\/cavani-esta-en-duda-para-el-debut-en-el-mundial-de-clubes\/","og_site_name":"Radio Infinita Goya","article_publisher":"https:\/\/www.facebook.com\/p\/Infinita-Goya-100063870918311\/","article_published_time":"2025-06-13T19:42:47+00:00","og_image":[{"width":680,"height":380,"url":"https:\/\/radioinfinitagoya.com.ar\/v1\/wp-content\/uploads\/2025\/06\/GtPukCiWQAAxOq5.jpg","type":"image\/jpeg"}],"author":"Jorge Mi\u00f1o","twitter_card":"summary_large_image","twitter_misc":{"Escrito por":"Jorge Mi\u00f1o","Tiempo de lectura":"2 minutos"},"schema":{"@context":"https:\/\/schema.org","@graph":[{"@type":"Article","@id":"https:\/\/radioinfinitagoya.com.ar\/v1\/2025\/06\/13\/cavani-esta-en-duda-para-el-debut-en-el-mundial-de-clubes\/#article","isPartOf":{"@id":"https:\/\/radioinfinitagoya.com.ar\/v1\/2025\/06\/13\/cavani-esta-en-duda-para-el-debut-en-el-mundial-de-clubes\/"},"author":{"name":"Jorge Mi\u00f1o","@id":"https:\/\/radioinfinitagoya.com.ar\/v1\/#\/schema\/person\/d4cf9c413d4f6edb24aabdccab49ca4a"},"headline":"Cavani est\u00e1 en duda para el debut en el Mundial de Clubes","datePublished":"2025-06-13T19:42:47+00:00","mainEntityOfPage":{"@id":"https:\/\/radioinfinitagoya.com.ar\/v1\/2025\/06\/13\/cavani-esta-en-duda-para-el-debut-en-el-mundial-de-clubes\/"},"wordCount":324,"publisher":{"@id":"https:\/\/radioinfinitagoya.com.ar\/v1\/#organization"},"image":{"@id":"https:\/\/radioinfinitagoya.com.ar\/v1\/2025\/06\/13\/cavani-esta-en-duda-para-el-debut-en-el-mundial-de-clubes\/#primaryimage"},"thumbnailUrl":"https:\/\/radioinfinitagoya.com.ar\/v1\/wp-content\/uploads\/2025\/06\/GtPukCiWQAAxOq5.jpg","articleSection":["DEPORTES"],"inLanguage":"es-AR"},{"@type":"WebPage","@id":"https:\/\/radioinfinitagoya.com.ar\/v1\/2025\/06\/13\/cavani-esta-en-duda-para-el-debut-en-el-mundial-de-clubes\/","url":"https:\/\/radioinfinitagoya.com.ar\/v1\/2025\/06\/13\/cavani-esta-en-duda-para-el-debut-en-el-mundial-de-clubes\/","name":"Cavani est\u00e1 en duda para el debut en el Mundial de Clubes - Radio Infinita Goya","isPartOf":{"@id":"https:\/\/radioinfinitagoya.com.ar\/v1\/#website"},"primaryImageOfPage":{"@id":"https:\/\/radioinfinitagoya.com.ar\/v1\/2025\/06\/13\/cavani-esta-en-duda-para-el-debut-en-el-mundial-de-clubes\/#primaryimage"},"image":{"@id":"https:\/\/radioinfinitagoya.com.ar\/v1\/2025\/06\/13\/cavani-esta-en-duda-para-el-debut-en-el-mundial-de-clubes\/#primaryimage"},"thumbnailUrl":"https:\/\/radioinfinitagoya.com.ar\/v1\/wp-content\/uploads\/2025\/06\/GtPukCiWQAAxOq5.jpg","datePublished":"2025-06-13T19:42:47+00:00","description":"El delantero se recuperaci\u00f3n de una lesi\u00f3n de gemelo. El uruguayo Edinson Cavani no est\u00e1 recuperado totalmente y no integrar\u00eda el equipo titular de Boca","breadcrumb":{"@id":"https:\/\/radioinfinitagoya.com.ar\/v1\/2025\/06\/13\/cavani-esta-en-duda-para-el-debut-en-el-mundial-de-clubes\/#breadcrumb"},"inLanguage":"es-AR","potentialAction":[{"@type":"ReadAction","target":["https:\/\/radioinfinitagoya.com.ar\/v1\/2025\/06\/13\/cavani-esta-en-duda-para-el-debut-en-el-mundial-de-clubes\/"]}]},{"@type":"ImageObject","inLanguage":"es-AR","@id":"https:\/\/radioinfinitagoya.com.ar\/v1\/2025\/06\/13\/cavani-esta-en-duda-para-el-debut-en-el-mundial-de-clubes\/#primaryimage","url":"https:\/\/radioinfinitagoya.com.ar\/v1\/wp-content\/uploads\/2025\/06\/GtPukCiWQAAxOq5.jpg","contentUrl":"https:\/\/radioinfinitagoya.com.ar\/v1\/wp-content\/uploads\/2025\/06\/GtPukCiWQAAxOq5.jpg","width":680,"height":380},{"@type":"BreadcrumbList","@id":"https:\/\/radioinfinitagoya.com.ar\/v1\/2025\/06\/13\/cavani-esta-en-duda-para-el-debut-en-el-mundial-de-clubes\/#breadcrumb","itemListElement":[{"@type":"ListItem","position":1,"name":"Inicio","item":"https:\/\/radioinfinitagoya.com.ar\/v1\/"},{"@type":"ListItem","position":2,"name":"Cavani est\u00e1 en duda para el debut en el Mundial de Clubes"}]},{"@type":"WebSite","@id":"https:\/\/radioinfinitagoya.com.ar\/v1\/#website","url":"https:\/\/radioinfinitagoya.com.ar\/v1\/","name":"radioinfinitagoya.com.ar","description":"Radio de noticias","publisher":{"@id":"https:\/\/radioinfinitagoya.com.ar\/v1\/#organization"},"potentialAction":[{"@type":"SearchAction","target":{"@type":"EntryPoint","urlTemplate":"https:\/\/radioinfinitagoya.com.ar\/v1\/?s={search_term_string}"},"query-input":{"@type":"PropertyValueSpecification","valueRequired":true,"valueName":"search_term_string"}}],"inLanguage":"es-AR"},{"@type":"Organization","@id":"https:\/\/radioinfinitagoya.com.ar\/v1\/#organization","name":"Radio Infinita Goya","url":"https:\/\/radioinfinitagoya.com.ar\/v1\/","logo":{"@type":"ImageObject","inLanguage":"es-AR","@id":"https:\/\/radioinfinitagoya.com.ar\/v1\/#\/schema\/logo\/image\/","url":"https:\/\/radioinfinitagoya.com.ar\/v1\/wp-content\/uploads\/2019\/11\/logo-pie-web.png","contentUrl":"https:\/\/radioinfinitagoya.com.ar\/v1\/wp-content\/uploads\/2019\/11\/logo-pie-web.png","width":635,"height":326,"caption":"Radio Infinita Goya"},"image":{"@id":"https:\/\/radioinfinitagoya.com.ar\/v1\/#\/schema\/logo\/image\/"},"sameAs":["https:\/\/www.facebook.com\/p\/Infinita-Goya-100063870918311\/"]},{"@type":"Person","@id":"https:\/\/radioinfinitagoya.com.ar\/v1\/#\/schema\/person\/d4cf9c413d4f6edb24aabdccab49ca4a","name":"Jorge Mi\u00f1o","image":{"@type":"ImageObject","inLanguage":"es-AR","@id":"https:\/\/secure.gravatar.com\/avatar\/910fcf6728fe95320e07a6643c1581fec1c7fc4bf8ae12e3d8f0d0373dc844be?s=96&d=mm&r=g","url":"https:\/\/secure.gravatar.com\/avatar\/910fcf6728fe95320e07a6643c1581fec1c7fc4bf8ae12e3d8f0d0373dc844be?s=96&d=mm&r=g","contentUrl":"https:\/\/secure.gravatar.com\/avatar\/910fcf6728fe95320e07a6643c1581fec1c7fc4bf8ae12e3d8f0d0373dc844be?s=96&d=mm&r=g","caption":"Jorge Mi\u00f1o"},"sameAs":["http:\/\/radioinfinitagoya.com.ar"]}]}},"_links":{"self":[{"href":"https:\/\/radioinfinitagoya.com.ar\/v1\/wp-json\/wp\/v2\/posts\/191408","targetHints":{"allow":["GET"]}}],"collection":[{"href":"https:\/\/radioinfinitagoya.com.ar\/v1\/wp-json\/wp\/v2\/posts"}],"about":[{"href":"https:\/\/radioinfinitagoya.com.ar\/v1\/wp-json\/wp\/v2\/types\/post"}],"author":[{"embeddable":true,"href":"https:\/\/radioinfinitagoya.com.ar\/v1\/wp-json\/wp\/v2\/users\/4"}],"replies":[{"embeddable":true,"href":"https:\/\/radioinfinitagoya.com.ar\/v1\/wp-json\/wp\/v2\/comments?post=191408"}],"version-history":[{"count":0,"href":"https:\/\/radioinfinitagoya.com.ar\/v1\/wp-json\/wp\/v2\/posts\/191408\/revisions"}],"wp:featuredmedia":[{"embeddable":true,"href":"https:\/\/radioinfinitagoya.com.ar\/v1\/wp-json\/wp\/v2\/media\/191409"}],"wp:attachment":[{"href":"https:\/\/radioinfinitagoya.com.ar\/v1\/wp-json\/wp\/v2\/media?parent=191408"}],"wp:term":[{"taxonomy":"category","embeddable":true,"href":"https:\/\/radioinfinitagoya.com.ar\/v1\/wp-json\/wp\/v2\/categories?post=191408"},{"taxonomy":"post_tag","embeddable":true,"href":"https:\/\/radioinfinitagoya.com.ar\/v1\/wp-json\/wp\/v2\/tags?post=191408"}],"curies":[{"name":"wp","href":"https:\/\/api.w.org\/{rel}","templated":true}]}}