{"id":191411,"date":"2025-06-13T16:45:52","date_gmt":"2025-06-13T19:45:52","guid":{"rendered":"https:\/\/radioinfinitagoya.com.ar\/v1\/?p=191411"},"modified":"2025-06-13T16:45:52","modified_gmt":"2025-06-13T19:45:52","slug":"krujoski-viajo-a-viedma-para-la-cuarta-fecha-del-turismo-carretera-2000","status":"publish","type":"post","link":"https:\/\/radioinfinitagoya.com.ar\/v1\/2025\/06\/13\/krujoski-viajo-a-viedma-para-la-cuarta-fecha-del-turismo-carretera-2000\/","title":{"rendered":"Krujoski viaj\u00f3 a Viedma para la cuarta fecha del Turismo Carretera 2000"},"content":{"rendered":"<p>La categor\u00eda llega a R\u00edo Negro en medio de una pol\u00e9mica por las licencias.<\/p>\n<p>La novel categor\u00eda del automovilismo nacional, el Turismo Carretera 2000, vivir\u00e1 este fin de semana su cuarta fecha en el Aut\u00f3dromo Ciudad de Viedma.<\/p>\n<p>Hasta R\u00edo Negro se traslad\u00f3 el correntino Humberto Krujoski que viene de ganar las dos finales que se disputaron en La Plata.<\/p>\n<p>La actividad en el sur del pa\u00eds dar\u00e1 inicio este viernes con los entrenamientos, mientras que el s\u00e1bado ser\u00e1 el turno de la clasificaci\u00f3n y, desde las 17.10, la primera final del fin de semana pautada a 10 vueltas o 15 minutos de duraci\u00f3n. En tanto que el domingo 15, a partir de las 11,40, se disputar\u00e1 la segunda final que est\u00e1 pautada a 20 vueltas o 30 minutos de duraci\u00f3n.<\/p>\n<p>Krujoski, a bordo de un Renault Fluence que prepara el Axion energy Racing, comandado por Marcelo Ambrogio, gan\u00f3 las dos finales que se disputaron por la tercera fecha en el aut\u00f3dromo Roberto Mouras.<\/p>\n<p>Con la expectativa de concretar otro buen fin de semana, peleando los primeros puestos, el correntino viaj\u00f3 hasta Viedma.<\/p>\n<p>La llegada de la categor\u00eda al sur del pa\u00eds se concreta en medio de una pol\u00e9mica.<\/p>\n<p>La Asociaci\u00f3n Civil de Propietarios de Autom\u00f3viles de Competici\u00f3n (ACPAC), emiti\u00f3 un comunicado refrendada por su presidente, Roberto Valle, en donde expresa su \u201cprofunda preocupaci\u00f3n ante la decisi\u00f3n de la CDA del Autom\u00f3vil Club Argentino (ACA)\u201d sobre el retiro de las licencias a los pilotos que han optado por competir tambi\u00e9n en Turismo Carretera 2000, y que ello restringe \u201cla participaci\u00f3n de un deportista en competencias fuera del \u00e1mbito del ACA no contribuye al crecimiento del automovilismo\u201d.<br \/>\nEsta decisi\u00f3n pone en peligro la presencia de algunos pilotos en el Turismo Carretera 2000.<\/p>\n<p>&nbsp;<\/p>\n<p>&nbsp;<\/p>\n","protected":false},"excerpt":{"rendered":"<p>La categor\u00eda llega a R\u00edo Negro en medio de una pol\u00e9mica por las licencias. La novel categor\u00eda del automovilismo nacional, el Turismo Carretera 2000, vivir\u00e1 este fin de semana su cuarta fecha en el Aut\u00f3dromo Ciudad de Viedma. Hasta R\u00edo Negro se traslad\u00f3 el correntino Humberto Krujoski que viene de ganar las dos finales que [&hellip;]<\/p>\n","protected":false},"author":4,"featured_media":191412,"comment_status":"closed","ping_status":"closed","sticky":false,"template":"","format":"standard","meta":{"_joinchat":[],"footnotes":""},"categories":[28],"tags":[],"class_list":{"0":"post-191411","1":"post","2":"type-post","3":"status-publish","4":"format-standard","5":"has-post-thumbnail","7":"category-deportes"},"yoast_head":"<!-- This site is optimized with the Yoast SEO plugin v27.2 - https:\/\/yoast.com\/product\/yoast-seo-wordpress\/ -->\n<title>Krujoski viaj\u00f3 a Viedma para la cuarta fecha del Turismo Carretera 2000 - Radio Infinita Goya<\/title>\n<meta name=\"description\" content=\"La categor\u00eda llega a R\u00edo Negro en medio de una pol\u00e9mica por las licencias. La novel categor\u00eda del automovilismo nacional, el Turismo Carretera 2000,\" \/>\n<meta name=\"robots\" content=\"index, follow, max-snippet:-1, max-image-preview:large, max-video-preview:-1\" \/>\n<link rel=\"canonical\" href=\"https:\/\/radioinfinitagoya.com.ar\/v1\/2025\/06\/13\/krujoski-viajo-a-viedma-para-la-cuarta-fecha-del-turismo-carretera-2000\/\" \/>\n<meta property=\"og:locale\" content=\"es_ES\" \/>\n<meta property=\"og:type\" content=\"article\" \/>\n<meta property=\"og:title\" content=\"Krujoski viaj\u00f3 a Viedma para la cuarta fecha del Turismo Carretera 2000 - Radio Infinita Goya\" \/>\n<meta property=\"og:description\" content=\"La categor\u00eda llega a R\u00edo Negro en medio de una pol\u00e9mica por las licencias. La novel categor\u00eda del automovilismo nacional, el Turismo Carretera 2000,\" \/>\n<meta property=\"og:url\" content=\"https:\/\/radioinfinitagoya.com.ar\/v1\/2025\/06\/13\/krujoski-viajo-a-viedma-para-la-cuarta-fecha-del-turismo-carretera-2000\/\" \/>\n<meta property=\"og:site_name\" content=\"Radio Infinita Goya\" \/>\n<meta property=\"article:publisher\" content=\"https:\/\/www.facebook.com\/p\/Infinita-Goya-100063870918311\/\" \/>\n<meta property=\"article:published_time\" content=\"2025-06-13T19:45:52+00:00\" \/>\n<meta property=\"og:image\" content=\"https:\/\/radioinfinitagoya.com.ar\/v1\/wp-content\/uploads\/2025\/06\/1749762437962.webp\" \/>\n\t<meta property=\"og:image:width\" content=\"1200\" \/>\n\t<meta property=\"og:image:height\" content=\"675\" \/>\n\t<meta property=\"og:image:type\" content=\"image\/webp\" \/>\n<meta name=\"author\" content=\"Jorge Mi\u00f1o\" \/>\n<meta name=\"twitter:card\" content=\"summary_large_image\" \/>\n<meta name=\"twitter:label1\" content=\"Escrito por\" \/>\n\t<meta name=\"twitter:data1\" content=\"Jorge Mi\u00f1o\" \/>\n\t<meta name=\"twitter:label2\" content=\"Tiempo de lectura\" \/>\n\t<meta name=\"twitter:data2\" content=\"2 minutos\" \/>\n<script type=\"application\/ld+json\" class=\"yoast-schema-graph\">{\"@context\":\"https:\/\/schema.org\",\"@graph\":[{\"@type\":\"Article\",\"@id\":\"https:\/\/radioinfinitagoya.com.ar\/v1\/2025\/06\/13\/krujoski-viajo-a-viedma-para-la-cuarta-fecha-del-turismo-carretera-2000\/#article\",\"isPartOf\":{\"@id\":\"https:\/\/radioinfinitagoya.com.ar\/v1\/2025\/06\/13\/krujoski-viajo-a-viedma-para-la-cuarta-fecha-del-turismo-carretera-2000\/\"},\"author\":{\"name\":\"Jorge Mi\u00f1o\",\"@id\":\"https:\/\/radioinfinitagoya.com.ar\/v1\/#\/schema\/person\/d4cf9c413d4f6edb24aabdccab49ca4a\"},\"headline\":\"Krujoski viaj\u00f3 a Viedma para la cuarta fecha del Turismo Carretera 2000\",\"datePublished\":\"2025-06-13T19:45:52+00:00\",\"mainEntityOfPage\":{\"@id\":\"https:\/\/radioinfinitagoya.com.ar\/v1\/2025\/06\/13\/krujoski-viajo-a-viedma-para-la-cuarta-fecha-del-turismo-carretera-2000\/\"},\"wordCount\":318,\"publisher\":{\"@id\":\"https:\/\/radioinfinitagoya.com.ar\/v1\/#organization\"},\"image\":{\"@id\":\"https:\/\/radioinfinitagoya.com.ar\/v1\/2025\/06\/13\/krujoski-viajo-a-viedma-para-la-cuarta-fecha-del-turismo-carretera-2000\/#primaryimage\"},\"thumbnailUrl\":\"https:\/\/radioinfinitagoya.com.ar\/v1\/wp-content\/uploads\/2025\/06\/1749762437962.webp\",\"articleSection\":[\"DEPORTES\"],\"inLanguage\":\"es-AR\"},{\"@type\":\"WebPage\",\"@id\":\"https:\/\/radioinfinitagoya.com.ar\/v1\/2025\/06\/13\/krujoski-viajo-a-viedma-para-la-cuarta-fecha-del-turismo-carretera-2000\/\",\"url\":\"https:\/\/radioinfinitagoya.com.ar\/v1\/2025\/06\/13\/krujoski-viajo-a-viedma-para-la-cuarta-fecha-del-turismo-carretera-2000\/\",\"name\":\"Krujoski viaj\u00f3 a Viedma para la cuarta fecha del Turismo Carretera 2000 - Radio Infinita Goya\",\"isPartOf\":{\"@id\":\"https:\/\/radioinfinitagoya.com.ar\/v1\/#website\"},\"primaryImageOfPage\":{\"@id\":\"https:\/\/radioinfinitagoya.com.ar\/v1\/2025\/06\/13\/krujoski-viajo-a-viedma-para-la-cuarta-fecha-del-turismo-carretera-2000\/#primaryimage\"},\"image\":{\"@id\":\"https:\/\/radioinfinitagoya.com.ar\/v1\/2025\/06\/13\/krujoski-viajo-a-viedma-para-la-cuarta-fecha-del-turismo-carretera-2000\/#primaryimage\"},\"thumbnailUrl\":\"https:\/\/radioinfinitagoya.com.ar\/v1\/wp-content\/uploads\/2025\/06\/1749762437962.webp\",\"datePublished\":\"2025-06-13T19:45:52+00:00\",\"description\":\"La categor\u00eda llega a R\u00edo Negro en medio de una pol\u00e9mica por las licencias. La novel categor\u00eda del automovilismo nacional, el Turismo Carretera 2000,\",\"breadcrumb\":{\"@id\":\"https:\/\/radioinfinitagoya.com.ar\/v1\/2025\/06\/13\/krujoski-viajo-a-viedma-para-la-cuarta-fecha-del-turismo-carretera-2000\/#breadcrumb\"},\"inLanguage\":\"es-AR\",\"potentialAction\":[{\"@type\":\"ReadAction\",\"target\":[\"https:\/\/radioinfinitagoya.com.ar\/v1\/2025\/06\/13\/krujoski-viajo-a-viedma-para-la-cuarta-fecha-del-turismo-carretera-2000\/\"]}]},{\"@type\":\"ImageObject\",\"inLanguage\":\"es-AR\",\"@id\":\"https:\/\/radioinfinitagoya.com.ar\/v1\/2025\/06\/13\/krujoski-viajo-a-viedma-para-la-cuarta-fecha-del-turismo-carretera-2000\/#primaryimage\",\"url\":\"https:\/\/radioinfinitagoya.com.ar\/v1\/wp-content\/uploads\/2025\/06\/1749762437962.webp\",\"contentUrl\":\"https:\/\/radioinfinitagoya.com.ar\/v1\/wp-content\/uploads\/2025\/06\/1749762437962.webp\",\"width\":1200,\"height\":675},{\"@type\":\"BreadcrumbList\",\"@id\":\"https:\/\/radioinfinitagoya.com.ar\/v1\/2025\/06\/13\/krujoski-viajo-a-viedma-para-la-cuarta-fecha-del-turismo-carretera-2000\/#breadcrumb\",\"itemListElement\":[{\"@type\":\"ListItem\",\"position\":1,\"name\":\"Inicio\",\"item\":\"https:\/\/radioinfinitagoya.com.ar\/v1\/\"},{\"@type\":\"ListItem\",\"position\":2,\"name\":\"Krujoski viaj\u00f3 a Viedma para la cuarta fecha del Turismo Carretera 2000\"}]},{\"@type\":\"WebSite\",\"@id\":\"https:\/\/radioinfinitagoya.com.ar\/v1\/#website\",\"url\":\"https:\/\/radioinfinitagoya.com.ar\/v1\/\",\"name\":\"radioinfinitagoya.com.ar\",\"description\":\"Radio de noticias\",\"publisher\":{\"@id\":\"https:\/\/radioinfinitagoya.com.ar\/v1\/#organization\"},\"potentialAction\":[{\"@type\":\"SearchAction\",\"target\":{\"@type\":\"EntryPoint\",\"urlTemplate\":\"https:\/\/radioinfinitagoya.com.ar\/v1\/?s={search_term_string}\"},\"query-input\":{\"@type\":\"PropertyValueSpecification\",\"valueRequired\":true,\"valueName\":\"search_term_string\"}}],\"inLanguage\":\"es-AR\"},{\"@type\":\"Organization\",\"@id\":\"https:\/\/radioinfinitagoya.com.ar\/v1\/#organization\",\"name\":\"Radio Infinita Goya\",\"url\":\"https:\/\/radioinfinitagoya.com.ar\/v1\/\",\"logo\":{\"@type\":\"ImageObject\",\"inLanguage\":\"es-AR\",\"@id\":\"https:\/\/radioinfinitagoya.com.ar\/v1\/#\/schema\/logo\/image\/\",\"url\":\"https:\/\/radioinfinitagoya.com.ar\/v1\/wp-content\/uploads\/2019\/11\/logo-pie-web.png\",\"contentUrl\":\"https:\/\/radioinfinitagoya.com.ar\/v1\/wp-content\/uploads\/2019\/11\/logo-pie-web.png\",\"width\":635,\"height\":326,\"caption\":\"Radio Infinita Goya\"},\"image\":{\"@id\":\"https:\/\/radioinfinitagoya.com.ar\/v1\/#\/schema\/logo\/image\/\"},\"sameAs\":[\"https:\/\/www.facebook.com\/p\/Infinita-Goya-100063870918311\/\"]},{\"@type\":\"Person\",\"@id\":\"https:\/\/radioinfinitagoya.com.ar\/v1\/#\/schema\/person\/d4cf9c413d4f6edb24aabdccab49ca4a\",\"name\":\"Jorge Mi\u00f1o\",\"image\":{\"@type\":\"ImageObject\",\"inLanguage\":\"es-AR\",\"@id\":\"https:\/\/secure.gravatar.com\/avatar\/910fcf6728fe95320e07a6643c1581fec1c7fc4bf8ae12e3d8f0d0373dc844be?s=96&d=mm&r=g\",\"url\":\"https:\/\/secure.gravatar.com\/avatar\/910fcf6728fe95320e07a6643c1581fec1c7fc4bf8ae12e3d8f0d0373dc844be?s=96&d=mm&r=g\",\"contentUrl\":\"https:\/\/secure.gravatar.com\/avatar\/910fcf6728fe95320e07a6643c1581fec1c7fc4bf8ae12e3d8f0d0373dc844be?s=96&d=mm&r=g\",\"caption\":\"Jorge Mi\u00f1o\"},\"sameAs\":[\"http:\/\/radioinfinitagoya.com.ar\"]}]}<\/script>\n<!-- \/ Yoast SEO plugin. -->","yoast_head_json":{"title":"Krujoski viaj\u00f3 a Viedma para la cuarta fecha del Turismo Carretera 2000 - Radio Infinita Goya","description":"La categor\u00eda llega a R\u00edo Negro en medio de una pol\u00e9mica por las licencias. La novel categor\u00eda del automovilismo nacional, el Turismo Carretera 2000,","robots":{"index":"index","follow":"follow","max-snippet":"max-snippet:-1","max-image-preview":"max-image-preview:large","max-video-preview":"max-video-preview:-1"},"canonical":"https:\/\/radioinfinitagoya.com.ar\/v1\/2025\/06\/13\/krujoski-viajo-a-viedma-para-la-cuarta-fecha-del-turismo-carretera-2000\/","og_locale":"es_ES","og_type":"article","og_title":"Krujoski viaj\u00f3 a Viedma para la cuarta fecha del Turismo Carretera 2000 - Radio Infinita Goya","og_description":"La categor\u00eda llega a R\u00edo Negro en medio de una pol\u00e9mica por las licencias. La novel categor\u00eda del automovilismo nacional, el Turismo Carretera 2000,","og_url":"https:\/\/radioinfinitagoya.com.ar\/v1\/2025\/06\/13\/krujoski-viajo-a-viedma-para-la-cuarta-fecha-del-turismo-carretera-2000\/","og_site_name":"Radio Infinita Goya","article_publisher":"https:\/\/www.facebook.com\/p\/Infinita-Goya-100063870918311\/","article_published_time":"2025-06-13T19:45:52+00:00","og_image":[{"width":1200,"height":675,"url":"https:\/\/radioinfinitagoya.com.ar\/v1\/wp-content\/uploads\/2025\/06\/1749762437962.webp","type":"image\/webp"}],"author":"Jorge Mi\u00f1o","twitter_card":"summary_large_image","twitter_misc":{"Escrito por":"Jorge Mi\u00f1o","Tiempo de lectura":"2 minutos"},"schema":{"@context":"https:\/\/schema.org","@graph":[{"@type":"Article","@id":"https:\/\/radioinfinitagoya.com.ar\/v1\/2025\/06\/13\/krujoski-viajo-a-viedma-para-la-cuarta-fecha-del-turismo-carretera-2000\/#article","isPartOf":{"@id":"https:\/\/radioinfinitagoya.com.ar\/v1\/2025\/06\/13\/krujoski-viajo-a-viedma-para-la-cuarta-fecha-del-turismo-carretera-2000\/"},"author":{"name":"Jorge Mi\u00f1o","@id":"https:\/\/radioinfinitagoya.com.ar\/v1\/#\/schema\/person\/d4cf9c413d4f6edb24aabdccab49ca4a"},"headline":"Krujoski viaj\u00f3 a Viedma para la cuarta fecha del Turismo Carretera 2000","datePublished":"2025-06-13T19:45:52+00:00","mainEntityOfPage":{"@id":"https:\/\/radioinfinitagoya.com.ar\/v1\/2025\/06\/13\/krujoski-viajo-a-viedma-para-la-cuarta-fecha-del-turismo-carretera-2000\/"},"wordCount":318,"publisher":{"@id":"https:\/\/radioinfinitagoya.com.ar\/v1\/#organization"},"image":{"@id":"https:\/\/radioinfinitagoya.com.ar\/v1\/2025\/06\/13\/krujoski-viajo-a-viedma-para-la-cuarta-fecha-del-turismo-carretera-2000\/#primaryimage"},"thumbnailUrl":"https:\/\/radioinfinitagoya.com.ar\/v1\/wp-content\/uploads\/2025\/06\/1749762437962.webp","articleSection":["DEPORTES"],"inLanguage":"es-AR"},{"@type":"WebPage","@id":"https:\/\/radioinfinitagoya.com.ar\/v1\/2025\/06\/13\/krujoski-viajo-a-viedma-para-la-cuarta-fecha-del-turismo-carretera-2000\/","url":"https:\/\/radioinfinitagoya.com.ar\/v1\/2025\/06\/13\/krujoski-viajo-a-viedma-para-la-cuarta-fecha-del-turismo-carretera-2000\/","name":"Krujoski viaj\u00f3 a Viedma para la cuarta fecha del Turismo Carretera 2000 - Radio Infinita Goya","isPartOf":{"@id":"https:\/\/radioinfinitagoya.com.ar\/v1\/#website"},"primaryImageOfPage":{"@id":"https:\/\/radioinfinitagoya.com.ar\/v1\/2025\/06\/13\/krujoski-viajo-a-viedma-para-la-cuarta-fecha-del-turismo-carretera-2000\/#primaryimage"},"image":{"@id":"https:\/\/radioinfinitagoya.com.ar\/v1\/2025\/06\/13\/krujoski-viajo-a-viedma-para-la-cuarta-fecha-del-turismo-carretera-2000\/#primaryimage"},"thumbnailUrl":"https:\/\/radioinfinitagoya.com.ar\/v1\/wp-content\/uploads\/2025\/06\/1749762437962.webp","datePublished":"2025-06-13T19:45:52+00:00","description":"La categor\u00eda llega a R\u00edo Negro en medio de una pol\u00e9mica por las licencias. La novel categor\u00eda del automovilismo nacional, el Turismo Carretera 2000,","breadcrumb":{"@id":"https:\/\/radioinfinitagoya.com.ar\/v1\/2025\/06\/13\/krujoski-viajo-a-viedma-para-la-cuarta-fecha-del-turismo-carretera-2000\/#breadcrumb"},"inLanguage":"es-AR","potentialAction":[{"@type":"ReadAction","target":["https:\/\/radioinfinitagoya.com.ar\/v1\/2025\/06\/13\/krujoski-viajo-a-viedma-para-la-cuarta-fecha-del-turismo-carretera-2000\/"]}]},{"@type":"ImageObject","inLanguage":"es-AR","@id":"https:\/\/radioinfinitagoya.com.ar\/v1\/2025\/06\/13\/krujoski-viajo-a-viedma-para-la-cuarta-fecha-del-turismo-carretera-2000\/#primaryimage","url":"https:\/\/radioinfinitagoya.com.ar\/v1\/wp-content\/uploads\/2025\/06\/1749762437962.webp","contentUrl":"https:\/\/radioinfinitagoya.com.ar\/v1\/wp-content\/uploads\/2025\/06\/1749762437962.webp","width":1200,"height":675},{"@type":"BreadcrumbList","@id":"https:\/\/radioinfinitagoya.com.ar\/v1\/2025\/06\/13\/krujoski-viajo-a-viedma-para-la-cuarta-fecha-del-turismo-carretera-2000\/#breadcrumb","itemListElement":[{"@type":"ListItem","position":1,"name":"Inicio","item":"https:\/\/radioinfinitagoya.com.ar\/v1\/"},{"@type":"ListItem","position":2,"name":"Krujoski viaj\u00f3 a Viedma para la cuarta fecha del Turismo Carretera 2000"}]},{"@type":"WebSite","@id":"https:\/\/radioinfinitagoya.com.ar\/v1\/#website","url":"https:\/\/radioinfinitagoya.com.ar\/v1\/","name":"radioinfinitagoya.com.ar","description":"Radio de noticias","publisher":{"@id":"https:\/\/radioinfinitagoya.com.ar\/v1\/#organization"},"potentialAction":[{"@type":"SearchAction","target":{"@type":"EntryPoint","urlTemplate":"https:\/\/radioinfinitagoya.com.ar\/v1\/?s={search_term_string}"},"query-input":{"@type":"PropertyValueSpecification","valueRequired":true,"valueName":"search_term_string"}}],"inLanguage":"es-AR"},{"@type":"Organization","@id":"https:\/\/radioinfinitagoya.com.ar\/v1\/#organization","name":"Radio Infinita Goya","url":"https:\/\/radioinfinitagoya.com.ar\/v1\/","logo":{"@type":"ImageObject","inLanguage":"es-AR","@id":"https:\/\/radioinfinitagoya.com.ar\/v1\/#\/schema\/logo\/image\/","url":"https:\/\/radioinfinitagoya.com.ar\/v1\/wp-content\/uploads\/2019\/11\/logo-pie-web.png","contentUrl":"https:\/\/radioinfinitagoya.com.ar\/v1\/wp-content\/uploads\/2019\/11\/logo-pie-web.png","width":635,"height":326,"caption":"Radio Infinita Goya"},"image":{"@id":"https:\/\/radioinfinitagoya.com.ar\/v1\/#\/schema\/logo\/image\/"},"sameAs":["https:\/\/www.facebook.com\/p\/Infinita-Goya-100063870918311\/"]},{"@type":"Person","@id":"https:\/\/radioinfinitagoya.com.ar\/v1\/#\/schema\/person\/d4cf9c413d4f6edb24aabdccab49ca4a","name":"Jorge Mi\u00f1o","image":{"@type":"ImageObject","inLanguage":"es-AR","@id":"https:\/\/secure.gravatar.com\/avatar\/910fcf6728fe95320e07a6643c1581fec1c7fc4bf8ae12e3d8f0d0373dc844be?s=96&d=mm&r=g","url":"https:\/\/secure.gravatar.com\/avatar\/910fcf6728fe95320e07a6643c1581fec1c7fc4bf8ae12e3d8f0d0373dc844be?s=96&d=mm&r=g","contentUrl":"https:\/\/secure.gravatar.com\/avatar\/910fcf6728fe95320e07a6643c1581fec1c7fc4bf8ae12e3d8f0d0373dc844be?s=96&d=mm&r=g","caption":"Jorge Mi\u00f1o"},"sameAs":["http:\/\/radioinfinitagoya.com.ar"]}]}},"_links":{"self":[{"href":"https:\/\/radioinfinitagoya.com.ar\/v1\/wp-json\/wp\/v2\/posts\/191411","targetHints":{"allow":["GET"]}}],"collection":[{"href":"https:\/\/radioinfinitagoya.com.ar\/v1\/wp-json\/wp\/v2\/posts"}],"about":[{"href":"https:\/\/radioinfinitagoya.com.ar\/v1\/wp-json\/wp\/v2\/types\/post"}],"author":[{"embeddable":true,"href":"https:\/\/radioinfinitagoya.com.ar\/v1\/wp-json\/wp\/v2\/users\/4"}],"replies":[{"embeddable":true,"href":"https:\/\/radioinfinitagoya.com.ar\/v1\/wp-json\/wp\/v2\/comments?post=191411"}],"version-history":[{"count":0,"href":"https:\/\/radioinfinitagoya.com.ar\/v1\/wp-json\/wp\/v2\/posts\/191411\/revisions"}],"wp:featuredmedia":[{"embeddable":true,"href":"https:\/\/radioinfinitagoya.com.ar\/v1\/wp-json\/wp\/v2\/media\/191412"}],"wp:attachment":[{"href":"https:\/\/radioinfinitagoya.com.ar\/v1\/wp-json\/wp\/v2\/media?parent=191411"}],"wp:term":[{"taxonomy":"category","embeddable":true,"href":"https:\/\/radioinfinitagoya.com.ar\/v1\/wp-json\/wp\/v2\/categories?post=191411"},{"taxonomy":"post_tag","embeddable":true,"href":"https:\/\/radioinfinitagoya.com.ar\/v1\/wp-json\/wp\/v2\/tags?post=191411"}],"curies":[{"name":"wp","href":"https:\/\/api.w.org\/{rel}","templated":true}]}}