{"id":191414,"date":"2025-06-13T16:51:56","date_gmt":"2025-06-13T19:51:56","guid":{"rendered":"https:\/\/radioinfinitagoya.com.ar\/v1\/?p=191414"},"modified":"2025-06-13T16:51:56","modified_gmt":"2025-06-13T19:51:56","slug":"elisa-carrio-defendio-el-fallo-de-la-corte-y-expreso-su-compasion-por-cristina-kirchner","status":"publish","type":"post","link":"https:\/\/radioinfinitagoya.com.ar\/v1\/2025\/06\/13\/elisa-carrio-defendio-el-fallo-de-la-corte-y-expreso-su-compasion-por-cristina-kirchner\/","title":{"rendered":"Elisa Carri\u00f3 defendi\u00f3 el fallo de la Corte y expres\u00f3 su &#8220;compasi\u00f3n&#8221; por Cristina Kirchner"},"content":{"rendered":"<p>La l\u00edder de la Coalici\u00f3n C\u00edvica, Elisa Carri\u00f3, asegur\u00f3 que siempre tuvo la certeza de que iba a haber justicia, aunque pidi\u00f3 respeto por la &#8220;tragedia&#8221; que atraviesa la expresidenta. Tambi\u00e9n critic\u00f3 el modelo de &#8220;desaparici\u00f3n del Estado&#8221; del Gobierno.<\/p>\n<p>Elisa Carri\u00f3, referente de la Coalici\u00f3n C\u00edvica, se refiri\u00f3 a la ratificaci\u00f3n de la condena a Cristina Kirchner por la causa Vialidad y, si bien celebr\u00f3 el fallo de la Corte Suprema y remarc\u00f3 que \u201cla prueba es contundente\u201d, mostr\u00f3 su \u201ccompasi\u00f3n\u201d por la expresidenta y su familia. \u201cSiempre tuve la certeza de que iba a haber justicia\u201d, sostuvo.<\/p>\n<p>En un reportaje con Joaqu\u00edn Morales Sol\u00e1 en LN+, la dirigente remarc\u00f3 que fue una de las primeras denunciantes de las posibles v\u00edas de corrupci\u00f3n en la construcci\u00f3n de obra p\u00fablica en 2008. \u201cCumplimos con nuestro deber porque el deber de un legislador es controlar\u201d, dijo. Tambi\u00e9n se\u00f1al\u00f3 que la denuncia presentada por su fuerza por asociaci\u00f3n il\u00edcita incluye otras causas, como la llamada \u201cruta del dinero K\u201d.<\/p>\n<p>La l\u00edder de la Coalici\u00f3n C\u00edvica calific\u00f3 a la Corte como \u201cun tribunal independiente\u201d y destac\u00f3 su r\u00e1pida expedici\u00f3n de la confirmaci\u00f3n de la condena contra la expresidenta. Sin embargo, declar\u00f3: \u201cEn un pa\u00eds normal, ya tendr\u00eda que haber prisi\u00f3n preventiva hace mucho. Si los juzgados por corrupci\u00f3n no tienen prisi\u00f3n preventiva con doble conforme, no creo en absolutamente nada\u201d.<\/p>\n<p>Elisa Carri\u00f3 sobre Cristina Kirchner: &#8220;No hubiera querido que termine as\u00ed&#8221;<\/p>\n<p>Al mismo tiempo, Carri\u00f3 afirm\u00f3 que \u201cla verdad, la Justicia y la condena\u201d no impiden que sienta \u201ccompasi\u00f3n\u201d por Cristina y su familia. \u201cYo la he querido. No se si fui amiga, pero era con la \u00fanica con la que hablaba. No hubiera querido que termine as\u00ed. Pienso en su hija y su hijo\u201d, dijo, y llam\u00f3 a tener respeto y guardar silencio por \u201cla gente que la quiere y siente que no es culpable\u201d.<\/p>\n<p>Sobre la reacci\u00f3n de la expresidenta tras el fallo de la Corte, Lilita Carri\u00f3 asegur\u00f3 que la vio \u201cmuy nerviosa\u201d. \u201cD\u00e9jenla, porque ella todav\u00eda no call\u00f3. Hay que darle tiempo porque fue muy sorpresivo. No voy a hacer le\u00f1a del \u00e1rbol ca\u00eddo\u201d, agreg\u00f3.<\/p>\n<p>Carri\u00f3 tambi\u00e9n cuestion\u00f3 las declaraciones del presidente Javier Milei y otros funcionarios sobre la consolidaci\u00f3n de la rep\u00fablica a trav\u00e9s de la justicia, y asegur\u00f3 que \u201cno hay rep\u00fablica en la Argentina\u201d porque el Gobierno est\u00e1 \u201cingresando en la oscuridad de la rep\u00fablica\u201d.<\/p>\n<p>Elisa Carri\u00f3 contra el modelo de \u201cdesaparici\u00f3n del Estado\u201d de Milei<\/p>\n<p>En cuanto al gobierno libertario, la dirigente se mostr\u00f3 cr\u00edtica y declar\u00f3 que Milei \u201csiente placer interno por someter a los otros\u201d y teme ser condenado por la estafa de la criptomoneda $Libra porque \u201csi condenaron a Cristina, lo pueden condenar a \u00e9l\u201d. \u201cMilei se ve en ese espejo y va a querer manejar la justicia. \u00c9l desprecia la ley\u201d, indic\u00f3.<\/p>\n<p>Por otra parte, Carri\u00f3 se refiri\u00f3 al modelo de \u201cdesaparici\u00f3n del Estado\u201d y mostr\u00f3 su discrepancia con la gesti\u00f3n econ\u00f3mica del ministro de Econom\u00eda, Luis Caputo, y el presidente del Banco Central, Santiago Bausili: \u201cEs muy poco serio lo que est\u00e1n haciendo. Esto de acumular reservas largando bonos todos los meses ya lo escuch\u00e9. Est\u00e1n en plan electoralista y la econom\u00eda real de las pymes no es real\u201d.<\/p>\n<p>La dirigente de la Coalici\u00f3n C\u00edvica tambi\u00e9n cuestion\u00f3 la ideolog\u00eda del Gobierno sobre la libertad y afirm\u00f3 que existen \u201cprecondiciones para ser libre\u201d, como el derecho a la salud. \u201cHoy la gente se muere por falta de atenci\u00f3n sanitaria. Se ha abandonado el sistema de salud porque est\u00e1 saturado, privado y p\u00fablico\u201d, se\u00f1al\u00f3.<\/p>\n<p>En este sentido, Carri\u00f3 hizo referencia a la situaci\u00f3n del hospital Garrahan y denunci\u00f3 que los bajos salarios del personal m\u00e9dico provocan la expulsi\u00f3n \u201cel mejor capital humano en materia de alta complejidad infantil de Am\u00e9rica del Sur\u201d fuera del pa\u00eds.<\/p>\n<p>Elisa Carri\u00f3 y el entorno de MIlei: &#8220;Una secta tarotista&#8221;<\/p>\n<p>Hacia el final del reportaje, Carri\u00f3 se refiri\u00f3 al entorno de Milei como \u201cuna secta tarotista\u201d y fue contra la hermana del mandatario, en referencia a una posible alianza electoral entre el PRO y La Libertad Avanza.<\/p>\n<p>\u201cYo no nac\u00ed para tener de jefa a Karina Milei, antes de eso, me suicido en Mar Chiquita. Esto le pregunto a Macri: \u00bfcon qu\u00e9 vamos a terminar? \u00bfCon una chica que hace tortas, que habla con los perros y que le tira el tarot a quien la va a visitar?\u201d, concluy\u00f3.<\/p>\n","protected":false},"excerpt":{"rendered":"<p>La l\u00edder de la Coalici\u00f3n C\u00edvica, Elisa Carri\u00f3, asegur\u00f3 que siempre tuvo la certeza de que iba a haber justicia, aunque pidi\u00f3 respeto por la &#8220;tragedia&#8221; que atraviesa la expresidenta. Tambi\u00e9n critic\u00f3 el modelo de &#8220;desaparici\u00f3n del Estado&#8221; del Gobierno. Elisa Carri\u00f3, referente de la Coalici\u00f3n C\u00edvica, se refiri\u00f3 a la ratificaci\u00f3n de la condena [&hellip;]<\/p>\n","protected":false},"author":4,"featured_media":191415,"comment_status":"closed","ping_status":"closed","sticky":false,"template":"","format":"standard","meta":{"_joinchat":[],"footnotes":""},"categories":[29],"tags":[],"class_list":{"0":"post-191414","1":"post","2":"type-post","3":"status-publish","4":"format-standard","5":"has-post-thumbnail","7":"category-nacionales"},"yoast_head":"<!-- This site is optimized with the Yoast SEO plugin v27.2 - https:\/\/yoast.com\/product\/yoast-seo-wordpress\/ -->\n<title>Elisa Carri\u00f3 defendi\u00f3 el fallo de la Corte y expres\u00f3 su &quot;compasi\u00f3n&quot; por Cristina Kirchner - Radio Infinita Goya<\/title>\n<meta name=\"description\" content=\"La l\u00edder de la Coalici\u00f3n C\u00edvica, Elisa Carri\u00f3, asegur\u00f3 que siempre tuvo la certeza de que iba a haber justicia, aunque pidi\u00f3 respeto por la &quot;tragedia&quot; que\" \/>\n<meta name=\"robots\" content=\"index, follow, max-snippet:-1, max-image-preview:large, max-video-preview:-1\" \/>\n<link rel=\"canonical\" href=\"https:\/\/radioinfinitagoya.com.ar\/v1\/2025\/06\/13\/elisa-carrio-defendio-el-fallo-de-la-corte-y-expreso-su-compasion-por-cristina-kirchner\/\" \/>\n<meta property=\"og:locale\" content=\"es_ES\" \/>\n<meta property=\"og:type\" content=\"article\" \/>\n<meta property=\"og:title\" content=\"Elisa Carri\u00f3 defendi\u00f3 el fallo de la Corte y expres\u00f3 su &quot;compasi\u00f3n&quot; por Cristina Kirchner - Radio Infinita Goya\" \/>\n<meta property=\"og:description\" content=\"La l\u00edder de la Coalici\u00f3n C\u00edvica, Elisa Carri\u00f3, asegur\u00f3 que siempre tuvo la certeza de que iba a haber justicia, aunque pidi\u00f3 respeto por la &quot;tragedia&quot; que\" \/>\n<meta property=\"og:url\" content=\"https:\/\/radioinfinitagoya.com.ar\/v1\/2025\/06\/13\/elisa-carrio-defendio-el-fallo-de-la-corte-y-expreso-su-compasion-por-cristina-kirchner\/\" \/>\n<meta property=\"og:site_name\" content=\"Radio Infinita Goya\" \/>\n<meta property=\"article:publisher\" content=\"https:\/\/www.facebook.com\/p\/Infinita-Goya-100063870918311\/\" \/>\n<meta property=\"article:published_time\" content=\"2025-06-13T19:51:56+00:00\" \/>\n<meta property=\"og:image\" content=\"https:\/\/radioinfinitagoya.com.ar\/v1\/wp-content\/uploads\/2025\/06\/1749782639730.webp\" \/>\n\t<meta property=\"og:image:width\" content=\"1200\" \/>\n\t<meta property=\"og:image:height\" content=\"675\" \/>\n\t<meta property=\"og:image:type\" content=\"image\/webp\" \/>\n<meta name=\"author\" content=\"Jorge Mi\u00f1o\" \/>\n<meta name=\"twitter:card\" content=\"summary_large_image\" \/>\n<meta name=\"twitter:label1\" content=\"Escrito por\" \/>\n\t<meta name=\"twitter:data1\" content=\"Jorge Mi\u00f1o\" \/>\n\t<meta name=\"twitter:label2\" content=\"Tiempo de lectura\" \/>\n\t<meta name=\"twitter:data2\" content=\"4 minutos\" \/>\n<script type=\"application\/ld+json\" class=\"yoast-schema-graph\">{\"@context\":\"https:\/\/schema.org\",\"@graph\":[{\"@type\":\"Article\",\"@id\":\"https:\/\/radioinfinitagoya.com.ar\/v1\/2025\/06\/13\/elisa-carrio-defendio-el-fallo-de-la-corte-y-expreso-su-compasion-por-cristina-kirchner\/#article\",\"isPartOf\":{\"@id\":\"https:\/\/radioinfinitagoya.com.ar\/v1\/2025\/06\/13\/elisa-carrio-defendio-el-fallo-de-la-corte-y-expreso-su-compasion-por-cristina-kirchner\/\"},\"author\":{\"name\":\"Jorge Mi\u00f1o\",\"@id\":\"https:\/\/radioinfinitagoya.com.ar\/v1\/#\/schema\/person\/d4cf9c413d4f6edb24aabdccab49ca4a\"},\"headline\":\"Elisa Carri\u00f3 defendi\u00f3 el fallo de la Corte y expres\u00f3 su &#8220;compasi\u00f3n&#8221; por Cristina Kirchner\",\"datePublished\":\"2025-06-13T19:51:56+00:00\",\"mainEntityOfPage\":{\"@id\":\"https:\/\/radioinfinitagoya.com.ar\/v1\/2025\/06\/13\/elisa-carrio-defendio-el-fallo-de-la-corte-y-expreso-su-compasion-por-cristina-kirchner\/\"},\"wordCount\":809,\"publisher\":{\"@id\":\"https:\/\/radioinfinitagoya.com.ar\/v1\/#organization\"},\"image\":{\"@id\":\"https:\/\/radioinfinitagoya.com.ar\/v1\/2025\/06\/13\/elisa-carrio-defendio-el-fallo-de-la-corte-y-expreso-su-compasion-por-cristina-kirchner\/#primaryimage\"},\"thumbnailUrl\":\"https:\/\/radioinfinitagoya.com.ar\/v1\/wp-content\/uploads\/2025\/06\/1749782639730.webp\",\"articleSection\":[\"NACIONALES\"],\"inLanguage\":\"es-AR\"},{\"@type\":\"WebPage\",\"@id\":\"https:\/\/radioinfinitagoya.com.ar\/v1\/2025\/06\/13\/elisa-carrio-defendio-el-fallo-de-la-corte-y-expreso-su-compasion-por-cristina-kirchner\/\",\"url\":\"https:\/\/radioinfinitagoya.com.ar\/v1\/2025\/06\/13\/elisa-carrio-defendio-el-fallo-de-la-corte-y-expreso-su-compasion-por-cristina-kirchner\/\",\"name\":\"Elisa Carri\u00f3 defendi\u00f3 el fallo de la Corte y expres\u00f3 su \\\"compasi\u00f3n\\\" por Cristina Kirchner - Radio Infinita Goya\",\"isPartOf\":{\"@id\":\"https:\/\/radioinfinitagoya.com.ar\/v1\/#website\"},\"primaryImageOfPage\":{\"@id\":\"https:\/\/radioinfinitagoya.com.ar\/v1\/2025\/06\/13\/elisa-carrio-defendio-el-fallo-de-la-corte-y-expreso-su-compasion-por-cristina-kirchner\/#primaryimage\"},\"image\":{\"@id\":\"https:\/\/radioinfinitagoya.com.ar\/v1\/2025\/06\/13\/elisa-carrio-defendio-el-fallo-de-la-corte-y-expreso-su-compasion-por-cristina-kirchner\/#primaryimage\"},\"thumbnailUrl\":\"https:\/\/radioinfinitagoya.com.ar\/v1\/wp-content\/uploads\/2025\/06\/1749782639730.webp\",\"datePublished\":\"2025-06-13T19:51:56+00:00\",\"description\":\"La l\u00edder de la Coalici\u00f3n C\u00edvica, Elisa Carri\u00f3, asegur\u00f3 que siempre tuvo la certeza de que iba a haber justicia, aunque pidi\u00f3 respeto por la \\\"tragedia\\\" que\",\"breadcrumb\":{\"@id\":\"https:\/\/radioinfinitagoya.com.ar\/v1\/2025\/06\/13\/elisa-carrio-defendio-el-fallo-de-la-corte-y-expreso-su-compasion-por-cristina-kirchner\/#breadcrumb\"},\"inLanguage\":\"es-AR\",\"potentialAction\":[{\"@type\":\"ReadAction\",\"target\":[\"https:\/\/radioinfinitagoya.com.ar\/v1\/2025\/06\/13\/elisa-carrio-defendio-el-fallo-de-la-corte-y-expreso-su-compasion-por-cristina-kirchner\/\"]}]},{\"@type\":\"ImageObject\",\"inLanguage\":\"es-AR\",\"@id\":\"https:\/\/radioinfinitagoya.com.ar\/v1\/2025\/06\/13\/elisa-carrio-defendio-el-fallo-de-la-corte-y-expreso-su-compasion-por-cristina-kirchner\/#primaryimage\",\"url\":\"https:\/\/radioinfinitagoya.com.ar\/v1\/wp-content\/uploads\/2025\/06\/1749782639730.webp\",\"contentUrl\":\"https:\/\/radioinfinitagoya.com.ar\/v1\/wp-content\/uploads\/2025\/06\/1749782639730.webp\",\"width\":1200,\"height\":675},{\"@type\":\"BreadcrumbList\",\"@id\":\"https:\/\/radioinfinitagoya.com.ar\/v1\/2025\/06\/13\/elisa-carrio-defendio-el-fallo-de-la-corte-y-expreso-su-compasion-por-cristina-kirchner\/#breadcrumb\",\"itemListElement\":[{\"@type\":\"ListItem\",\"position\":1,\"name\":\"Inicio\",\"item\":\"https:\/\/radioinfinitagoya.com.ar\/v1\/\"},{\"@type\":\"ListItem\",\"position\":2,\"name\":\"Elisa Carri\u00f3 defendi\u00f3 el fallo de la Corte y expres\u00f3 su &#8220;compasi\u00f3n&#8221; por Cristina Kirchner\"}]},{\"@type\":\"WebSite\",\"@id\":\"https:\/\/radioinfinitagoya.com.ar\/v1\/#website\",\"url\":\"https:\/\/radioinfinitagoya.com.ar\/v1\/\",\"name\":\"radioinfinitagoya.com.ar\",\"description\":\"Radio de noticias\",\"publisher\":{\"@id\":\"https:\/\/radioinfinitagoya.com.ar\/v1\/#organization\"},\"potentialAction\":[{\"@type\":\"SearchAction\",\"target\":{\"@type\":\"EntryPoint\",\"urlTemplate\":\"https:\/\/radioinfinitagoya.com.ar\/v1\/?s={search_term_string}\"},\"query-input\":{\"@type\":\"PropertyValueSpecification\",\"valueRequired\":true,\"valueName\":\"search_term_string\"}}],\"inLanguage\":\"es-AR\"},{\"@type\":\"Organization\",\"@id\":\"https:\/\/radioinfinitagoya.com.ar\/v1\/#organization\",\"name\":\"Radio Infinita Goya\",\"url\":\"https:\/\/radioinfinitagoya.com.ar\/v1\/\",\"logo\":{\"@type\":\"ImageObject\",\"inLanguage\":\"es-AR\",\"@id\":\"https:\/\/radioinfinitagoya.com.ar\/v1\/#\/schema\/logo\/image\/\",\"url\":\"https:\/\/radioinfinitagoya.com.ar\/v1\/wp-content\/uploads\/2019\/11\/logo-pie-web.png\",\"contentUrl\":\"https:\/\/radioinfinitagoya.com.ar\/v1\/wp-content\/uploads\/2019\/11\/logo-pie-web.png\",\"width\":635,\"height\":326,\"caption\":\"Radio Infinita Goya\"},\"image\":{\"@id\":\"https:\/\/radioinfinitagoya.com.ar\/v1\/#\/schema\/logo\/image\/\"},\"sameAs\":[\"https:\/\/www.facebook.com\/p\/Infinita-Goya-100063870918311\/\"]},{\"@type\":\"Person\",\"@id\":\"https:\/\/radioinfinitagoya.com.ar\/v1\/#\/schema\/person\/d4cf9c413d4f6edb24aabdccab49ca4a\",\"name\":\"Jorge Mi\u00f1o\",\"image\":{\"@type\":\"ImageObject\",\"inLanguage\":\"es-AR\",\"@id\":\"https:\/\/secure.gravatar.com\/avatar\/910fcf6728fe95320e07a6643c1581fec1c7fc4bf8ae12e3d8f0d0373dc844be?s=96&d=mm&r=g\",\"url\":\"https:\/\/secure.gravatar.com\/avatar\/910fcf6728fe95320e07a6643c1581fec1c7fc4bf8ae12e3d8f0d0373dc844be?s=96&d=mm&r=g\",\"contentUrl\":\"https:\/\/secure.gravatar.com\/avatar\/910fcf6728fe95320e07a6643c1581fec1c7fc4bf8ae12e3d8f0d0373dc844be?s=96&d=mm&r=g\",\"caption\":\"Jorge Mi\u00f1o\"},\"sameAs\":[\"http:\/\/radioinfinitagoya.com.ar\"]}]}<\/script>\n<!-- \/ Yoast SEO plugin. -->","yoast_head_json":{"title":"Elisa Carri\u00f3 defendi\u00f3 el fallo de la Corte y expres\u00f3 su \"compasi\u00f3n\" por Cristina Kirchner - Radio Infinita Goya","description":"La l\u00edder de la Coalici\u00f3n C\u00edvica, Elisa Carri\u00f3, asegur\u00f3 que siempre tuvo la certeza de que iba a haber justicia, aunque pidi\u00f3 respeto por la \"tragedia\" que","robots":{"index":"index","follow":"follow","max-snippet":"max-snippet:-1","max-image-preview":"max-image-preview:large","max-video-preview":"max-video-preview:-1"},"canonical":"https:\/\/radioinfinitagoya.com.ar\/v1\/2025\/06\/13\/elisa-carrio-defendio-el-fallo-de-la-corte-y-expreso-su-compasion-por-cristina-kirchner\/","og_locale":"es_ES","og_type":"article","og_title":"Elisa Carri\u00f3 defendi\u00f3 el fallo de la Corte y expres\u00f3 su \"compasi\u00f3n\" por Cristina Kirchner - Radio Infinita Goya","og_description":"La l\u00edder de la Coalici\u00f3n C\u00edvica, Elisa Carri\u00f3, asegur\u00f3 que siempre tuvo la certeza de que iba a haber justicia, aunque pidi\u00f3 respeto por la \"tragedia\" que","og_url":"https:\/\/radioinfinitagoya.com.ar\/v1\/2025\/06\/13\/elisa-carrio-defendio-el-fallo-de-la-corte-y-expreso-su-compasion-por-cristina-kirchner\/","og_site_name":"Radio Infinita Goya","article_publisher":"https:\/\/www.facebook.com\/p\/Infinita-Goya-100063870918311\/","article_published_time":"2025-06-13T19:51:56+00:00","og_image":[{"width":1200,"height":675,"url":"https:\/\/radioinfinitagoya.com.ar\/v1\/wp-content\/uploads\/2025\/06\/1749782639730.webp","type":"image\/webp"}],"author":"Jorge Mi\u00f1o","twitter_card":"summary_large_image","twitter_misc":{"Escrito por":"Jorge Mi\u00f1o","Tiempo de lectura":"4 minutos"},"schema":{"@context":"https:\/\/schema.org","@graph":[{"@type":"Article","@id":"https:\/\/radioinfinitagoya.com.ar\/v1\/2025\/06\/13\/elisa-carrio-defendio-el-fallo-de-la-corte-y-expreso-su-compasion-por-cristina-kirchner\/#article","isPartOf":{"@id":"https:\/\/radioinfinitagoya.com.ar\/v1\/2025\/06\/13\/elisa-carrio-defendio-el-fallo-de-la-corte-y-expreso-su-compasion-por-cristina-kirchner\/"},"author":{"name":"Jorge Mi\u00f1o","@id":"https:\/\/radioinfinitagoya.com.ar\/v1\/#\/schema\/person\/d4cf9c413d4f6edb24aabdccab49ca4a"},"headline":"Elisa Carri\u00f3 defendi\u00f3 el fallo de la Corte y expres\u00f3 su &#8220;compasi\u00f3n&#8221; por Cristina Kirchner","datePublished":"2025-06-13T19:51:56+00:00","mainEntityOfPage":{"@id":"https:\/\/radioinfinitagoya.com.ar\/v1\/2025\/06\/13\/elisa-carrio-defendio-el-fallo-de-la-corte-y-expreso-su-compasion-por-cristina-kirchner\/"},"wordCount":809,"publisher":{"@id":"https:\/\/radioinfinitagoya.com.ar\/v1\/#organization"},"image":{"@id":"https:\/\/radioinfinitagoya.com.ar\/v1\/2025\/06\/13\/elisa-carrio-defendio-el-fallo-de-la-corte-y-expreso-su-compasion-por-cristina-kirchner\/#primaryimage"},"thumbnailUrl":"https:\/\/radioinfinitagoya.com.ar\/v1\/wp-content\/uploads\/2025\/06\/1749782639730.webp","articleSection":["NACIONALES"],"inLanguage":"es-AR"},{"@type":"WebPage","@id":"https:\/\/radioinfinitagoya.com.ar\/v1\/2025\/06\/13\/elisa-carrio-defendio-el-fallo-de-la-corte-y-expreso-su-compasion-por-cristina-kirchner\/","url":"https:\/\/radioinfinitagoya.com.ar\/v1\/2025\/06\/13\/elisa-carrio-defendio-el-fallo-de-la-corte-y-expreso-su-compasion-por-cristina-kirchner\/","name":"Elisa Carri\u00f3 defendi\u00f3 el fallo de la Corte y expres\u00f3 su \"compasi\u00f3n\" por Cristina Kirchner - Radio Infinita Goya","isPartOf":{"@id":"https:\/\/radioinfinitagoya.com.ar\/v1\/#website"},"primaryImageOfPage":{"@id":"https:\/\/radioinfinitagoya.com.ar\/v1\/2025\/06\/13\/elisa-carrio-defendio-el-fallo-de-la-corte-y-expreso-su-compasion-por-cristina-kirchner\/#primaryimage"},"image":{"@id":"https:\/\/radioinfinitagoya.com.ar\/v1\/2025\/06\/13\/elisa-carrio-defendio-el-fallo-de-la-corte-y-expreso-su-compasion-por-cristina-kirchner\/#primaryimage"},"thumbnailUrl":"https:\/\/radioinfinitagoya.com.ar\/v1\/wp-content\/uploads\/2025\/06\/1749782639730.webp","datePublished":"2025-06-13T19:51:56+00:00","description":"La l\u00edder de la Coalici\u00f3n C\u00edvica, Elisa Carri\u00f3, asegur\u00f3 que siempre tuvo la certeza de que iba a haber justicia, aunque pidi\u00f3 respeto por la \"tragedia\" que","breadcrumb":{"@id":"https:\/\/radioinfinitagoya.com.ar\/v1\/2025\/06\/13\/elisa-carrio-defendio-el-fallo-de-la-corte-y-expreso-su-compasion-por-cristina-kirchner\/#breadcrumb"},"inLanguage":"es-AR","potentialAction":[{"@type":"ReadAction","target":["https:\/\/radioinfinitagoya.com.ar\/v1\/2025\/06\/13\/elisa-carrio-defendio-el-fallo-de-la-corte-y-expreso-su-compasion-por-cristina-kirchner\/"]}]},{"@type":"ImageObject","inLanguage":"es-AR","@id":"https:\/\/radioinfinitagoya.com.ar\/v1\/2025\/06\/13\/elisa-carrio-defendio-el-fallo-de-la-corte-y-expreso-su-compasion-por-cristina-kirchner\/#primaryimage","url":"https:\/\/radioinfinitagoya.com.ar\/v1\/wp-content\/uploads\/2025\/06\/1749782639730.webp","contentUrl":"https:\/\/radioinfinitagoya.com.ar\/v1\/wp-content\/uploads\/2025\/06\/1749782639730.webp","width":1200,"height":675},{"@type":"BreadcrumbList","@id":"https:\/\/radioinfinitagoya.com.ar\/v1\/2025\/06\/13\/elisa-carrio-defendio-el-fallo-de-la-corte-y-expreso-su-compasion-por-cristina-kirchner\/#breadcrumb","itemListElement":[{"@type":"ListItem","position":1,"name":"Inicio","item":"https:\/\/radioinfinitagoya.com.ar\/v1\/"},{"@type":"ListItem","position":2,"name":"Elisa Carri\u00f3 defendi\u00f3 el fallo de la Corte y expres\u00f3 su &#8220;compasi\u00f3n&#8221; por Cristina Kirchner"}]},{"@type":"WebSite","@id":"https:\/\/radioinfinitagoya.com.ar\/v1\/#website","url":"https:\/\/radioinfinitagoya.com.ar\/v1\/","name":"radioinfinitagoya.com.ar","description":"Radio de noticias","publisher":{"@id":"https:\/\/radioinfinitagoya.com.ar\/v1\/#organization"},"potentialAction":[{"@type":"SearchAction","target":{"@type":"EntryPoint","urlTemplate":"https:\/\/radioinfinitagoya.com.ar\/v1\/?s={search_term_string}"},"query-input":{"@type":"PropertyValueSpecification","valueRequired":true,"valueName":"search_term_string"}}],"inLanguage":"es-AR"},{"@type":"Organization","@id":"https:\/\/radioinfinitagoya.com.ar\/v1\/#organization","name":"Radio Infinita Goya","url":"https:\/\/radioinfinitagoya.com.ar\/v1\/","logo":{"@type":"ImageObject","inLanguage":"es-AR","@id":"https:\/\/radioinfinitagoya.com.ar\/v1\/#\/schema\/logo\/image\/","url":"https:\/\/radioinfinitagoya.com.ar\/v1\/wp-content\/uploads\/2019\/11\/logo-pie-web.png","contentUrl":"https:\/\/radioinfinitagoya.com.ar\/v1\/wp-content\/uploads\/2019\/11\/logo-pie-web.png","width":635,"height":326,"caption":"Radio Infinita Goya"},"image":{"@id":"https:\/\/radioinfinitagoya.com.ar\/v1\/#\/schema\/logo\/image\/"},"sameAs":["https:\/\/www.facebook.com\/p\/Infinita-Goya-100063870918311\/"]},{"@type":"Person","@id":"https:\/\/radioinfinitagoya.com.ar\/v1\/#\/schema\/person\/d4cf9c413d4f6edb24aabdccab49ca4a","name":"Jorge Mi\u00f1o","image":{"@type":"ImageObject","inLanguage":"es-AR","@id":"https:\/\/secure.gravatar.com\/avatar\/910fcf6728fe95320e07a6643c1581fec1c7fc4bf8ae12e3d8f0d0373dc844be?s=96&d=mm&r=g","url":"https:\/\/secure.gravatar.com\/avatar\/910fcf6728fe95320e07a6643c1581fec1c7fc4bf8ae12e3d8f0d0373dc844be?s=96&d=mm&r=g","contentUrl":"https:\/\/secure.gravatar.com\/avatar\/910fcf6728fe95320e07a6643c1581fec1c7fc4bf8ae12e3d8f0d0373dc844be?s=96&d=mm&r=g","caption":"Jorge Mi\u00f1o"},"sameAs":["http:\/\/radioinfinitagoya.com.ar"]}]}},"_links":{"self":[{"href":"https:\/\/radioinfinitagoya.com.ar\/v1\/wp-json\/wp\/v2\/posts\/191414","targetHints":{"allow":["GET"]}}],"collection":[{"href":"https:\/\/radioinfinitagoya.com.ar\/v1\/wp-json\/wp\/v2\/posts"}],"about":[{"href":"https:\/\/radioinfinitagoya.com.ar\/v1\/wp-json\/wp\/v2\/types\/post"}],"author":[{"embeddable":true,"href":"https:\/\/radioinfinitagoya.com.ar\/v1\/wp-json\/wp\/v2\/users\/4"}],"replies":[{"embeddable":true,"href":"https:\/\/radioinfinitagoya.com.ar\/v1\/wp-json\/wp\/v2\/comments?post=191414"}],"version-history":[{"count":0,"href":"https:\/\/radioinfinitagoya.com.ar\/v1\/wp-json\/wp\/v2\/posts\/191414\/revisions"}],"wp:featuredmedia":[{"embeddable":true,"href":"https:\/\/radioinfinitagoya.com.ar\/v1\/wp-json\/wp\/v2\/media\/191415"}],"wp:attachment":[{"href":"https:\/\/radioinfinitagoya.com.ar\/v1\/wp-json\/wp\/v2\/media?parent=191414"}],"wp:term":[{"taxonomy":"category","embeddable":true,"href":"https:\/\/radioinfinitagoya.com.ar\/v1\/wp-json\/wp\/v2\/categories?post=191414"},{"taxonomy":"post_tag","embeddable":true,"href":"https:\/\/radioinfinitagoya.com.ar\/v1\/wp-json\/wp\/v2\/tags?post=191414"}],"curies":[{"name":"wp","href":"https:\/\/api.w.org\/{rel}","templated":true}]}}