{"id":191420,"date":"2025-06-13T17:10:42","date_gmt":"2025-06-13T20:10:42","guid":{"rendered":"https:\/\/radioinfinitagoya.com.ar\/v1\/?p=191420"},"modified":"2025-06-13T17:10:42","modified_gmt":"2025-06-13T20:10:42","slug":"mariano-hormaechea-encuentro-con-vecinalistas-de-zona-sur","status":"publish","type":"post","link":"https:\/\/radioinfinitagoya.com.ar\/v1\/2025\/06\/13\/mariano-hormaechea-encuentro-con-vecinalistas-de-zona-sur\/","title":{"rendered":"Mariano Hormaechea encuentro con Vecinalistas de Zona Sur"},"content":{"rendered":"<p>El intendente Mariano Hormaechea acompa\u00f1\u00f3 junto a funcionarios y concejales el encuentro con vecinalistas de la zona sur. En el marco de las reuniones zonales de<br \/>\nlos barrios, para interiorizarse de la situaci\u00f3n vecinal en cada barrio, este jueves se llev\u00f3 a cabo la respectiva reuni\u00f3n peri\u00f3dica en sede del barrio Pando, para los presidentes y representantes de la zona Sur.<\/p>\n<p>Este viernes el director de Consejos Vecinales, Jos\u00e9 Casco analiz\u00f3 la reuni\u00f3n y la catalog\u00f3 de altamente positiva.<\/p>\n<p>\u201cAyer (jueves) se cumpliment\u00f3 una reuni\u00f3n que se hab\u00eda reprogramado de la zona Sur. Estas reuniones son muy valoradas por los consejos vecinales (comisiones), donde en cada encuentro se intercambian requerimientos con los funcionarios presentes, analizando cada situaci\u00f3n puntual. Estos encuentros se suman a las gestiones que cada comisi\u00f3n realiza, las reuniones zonales fortalecen la articulaci\u00f3n entre vecinos y municipio. Estos encuentros permiten adem\u00e1s verificar el trabajo de las distintas \u00e1reas en los barrios y los resultados de la gesti\u00f3n municipal en el d\u00eda a d\u00eda\u201d, dijo.<\/p>\n<p>Adem\u00e1s, se revisan expedientes, trabajos que est\u00e1n en camino o solicitudes, \u201ces escuchar las inquietudes del vecino\u201d, enfatiz\u00f3.<\/p>\n<p>\u201cEstas reuniones son el espacio donde los presidentes de los Consejos pueden tener contacto directo con el jefe comunal y funcionarios para buscar formas de mejorar la situaci\u00f3n en los barrios y abordar las obras que a\u00fan est\u00e1n pendientes\u201d.<\/p>\n<p>Son claves para resolver problemas que afectan a la comunidad, permite a los barrios ser escuchados de manera directa, sin intermediarios y abordar problemas.<\/p>\n<p>Cabe se\u00f1alar que de estas reuniones zonales tambi\u00e9n participan concejales de las distintas bancadas, para la creaci\u00f3n de proyectos de ordenanzas que contribuyan con mejoras en los barrios. Tambi\u00e9n los presidentes de los consejos vecinales cuentan con el seguimiento de sus expedientes y presentan las inquietudes, analizando cada situaci\u00f3n en particular.<\/p>\n<p>RELANZAMIENTO DEL PROGRAMA MITA Y MITA<\/p>\n<p>Casco refrend\u00f3 el anuncio hecho por el intendente Mariano Hormaechea d\u00edas atr\u00e1s, en cuanto al inicio de la tercera etapa del \u201cPrograma Mita y Mita\u201d con la novedad de incorporar el arreglo de las veredas. El anuncio oficial ser\u00e1 el mi\u00e9rcoles 18 de junio, confirmando que antes de fin de a\u00f1o se cumplir\u00e1 con 75 cuadras pavimentadas, en esta segunda etapa, en poco m\u00e1s de tres a\u00f1os de gesti\u00f3n.<br \/>\nAgradeci\u00f3 a la Comisi\u00f3n del Barrio Pando por recibir a presidentes y funcionarios en su sede, y a los Amigos Peregrinos \u201cpor las riqu\u00edsimas tortas fritas que ofrecier\u00f3n\u201d.<br \/>\nDe esta manera, Consejos Vecinales y el Plenario contin\u00faan fortaleciendo este espacio de di\u00e1logo entre los barrios y las autoridades locales, continuando con un trabajo en equipo.<\/p>\n<p>PRESENTES<\/p>\n<p>Durante la charla se destac\u00f3 la presencia de los secretarios: de Gobierno, Pablo Fern\u00e1ndez; de Desarrollo Humano, Julio Canteros, de Producci\u00f3n, Valerio Ram\u00edrez; de Obras P\u00fablicas, Guillermo Peluffo; Subsecretario de APS Emilio Mart\u00ednez; administrador del PRODEGO, Gustavo Gabiassi; el jefe de Luminotecnia, Hugo Lorenzini; directores: de Promoci\u00f3n Social, Mercedes Pintos; de Tr\u00e1nsito, Alejandro Stortti; de Juventud, Gast\u00f3n Espinosa; de Deportes, Alejandro Lago; Victoria Gonz\u00e1lez, directora de Acci\u00f3n Social; de Servicios, Pedro Zarantonelli.<\/p>\n<p>Asimismo, se destac\u00f3 la presencia de los ediles, Susana Quiroz y Viv\u00edan Merlo, del Delegado de Desarrollo Social en Goya, Juan de la Cruz M\u00e1rquez. Dichas reuniones son convocadas en forma peri\u00f3dica por gestiones del Director de Consejos Vecinales, Jos\u00e9 Casco y Coordinador del Plenario, Carlos V\u00e1zquez.<\/p>\n<p>&nbsp;<\/p>\n<p>&nbsp;<\/p>\n","protected":false},"excerpt":{"rendered":"<p>El intendente Mariano Hormaechea acompa\u00f1\u00f3 junto a funcionarios y concejales el encuentro con vecinalistas de la zona sur. En el marco de las reuniones zonales de los barrios, para interiorizarse de la situaci\u00f3n vecinal en cada barrio, este jueves se llev\u00f3 a cabo la respectiva reuni\u00f3n peri\u00f3dica en sede del barrio Pando, para los presidentes [&hellip;]<\/p>\n","protected":false},"author":4,"featured_media":191421,"comment_status":"closed","ping_status":"closed","sticky":false,"template":"","format":"standard","meta":{"_joinchat":[],"footnotes":""},"categories":[27],"tags":[],"class_list":{"0":"post-191420","1":"post","2":"type-post","3":"status-publish","4":"format-standard","5":"has-post-thumbnail","7":"category-locales"},"yoast_head":"<!-- This site is optimized with the Yoast SEO plugin v27.2 - https:\/\/yoast.com\/product\/yoast-seo-wordpress\/ -->\n<title>Mariano Hormaechea encuentro con Vecinalistas de Zona Sur - Radio Infinita Goya<\/title>\n<meta name=\"description\" content=\"El intendente Mariano Hormaechea acompa\u00f1\u00f3 junto a funcionarios y concejales el encuentro con vecinalistas de la zona sur. En el marco de las reuniones\" \/>\n<meta name=\"robots\" content=\"index, follow, max-snippet:-1, max-image-preview:large, max-video-preview:-1\" \/>\n<link rel=\"canonical\" href=\"https:\/\/radioinfinitagoya.com.ar\/v1\/2025\/06\/13\/mariano-hormaechea-encuentro-con-vecinalistas-de-zona-sur\/\" \/>\n<meta property=\"og:locale\" content=\"es_ES\" \/>\n<meta property=\"og:type\" content=\"article\" \/>\n<meta property=\"og:title\" content=\"Mariano Hormaechea encuentro con Vecinalistas de Zona Sur - Radio Infinita Goya\" \/>\n<meta property=\"og:description\" content=\"El intendente Mariano Hormaechea acompa\u00f1\u00f3 junto a funcionarios y concejales el encuentro con vecinalistas de la zona sur. En el marco de las reuniones\" \/>\n<meta property=\"og:url\" content=\"https:\/\/radioinfinitagoya.com.ar\/v1\/2025\/06\/13\/mariano-hormaechea-encuentro-con-vecinalistas-de-zona-sur\/\" \/>\n<meta property=\"og:site_name\" content=\"Radio Infinita Goya\" \/>\n<meta property=\"article:publisher\" content=\"https:\/\/www.facebook.com\/p\/Infinita-Goya-100063870918311\/\" \/>\n<meta property=\"article:published_time\" content=\"2025-06-13T20:10:42+00:00\" \/>\n<meta property=\"og:image\" content=\"https:\/\/radioinfinitagoya.com.ar\/v1\/wp-content\/uploads\/2025\/06\/reunion_de_vecinalistas_de_barrios_del_sur_y_funcionarios_en_goy.jpg\" \/>\n\t<meta property=\"og:image:width\" content=\"848\" \/>\n\t<meta property=\"og:image:height\" content=\"477\" \/>\n\t<meta property=\"og:image:type\" content=\"image\/jpeg\" \/>\n<meta name=\"author\" content=\"Jorge Mi\u00f1o\" \/>\n<meta name=\"twitter:card\" content=\"summary_large_image\" \/>\n<meta name=\"twitter:label1\" content=\"Escrito por\" \/>\n\t<meta name=\"twitter:data1\" content=\"Jorge Mi\u00f1o\" \/>\n\t<meta name=\"twitter:label2\" content=\"Tiempo de lectura\" \/>\n\t<meta name=\"twitter:data2\" content=\"3 minutos\" \/>\n<script type=\"application\/ld+json\" class=\"yoast-schema-graph\">{\"@context\":\"https:\/\/schema.org\",\"@graph\":[{\"@type\":\"Article\",\"@id\":\"https:\/\/radioinfinitagoya.com.ar\/v1\/2025\/06\/13\/mariano-hormaechea-encuentro-con-vecinalistas-de-zona-sur\/#article\",\"isPartOf\":{\"@id\":\"https:\/\/radioinfinitagoya.com.ar\/v1\/2025\/06\/13\/mariano-hormaechea-encuentro-con-vecinalistas-de-zona-sur\/\"},\"author\":{\"name\":\"Jorge Mi\u00f1o\",\"@id\":\"https:\/\/radioinfinitagoya.com.ar\/v1\/#\/schema\/person\/d4cf9c413d4f6edb24aabdccab49ca4a\"},\"headline\":\"Mariano Hormaechea encuentro con Vecinalistas de Zona Sur\",\"datePublished\":\"2025-06-13T20:10:42+00:00\",\"mainEntityOfPage\":{\"@id\":\"https:\/\/radioinfinitagoya.com.ar\/v1\/2025\/06\/13\/mariano-hormaechea-encuentro-con-vecinalistas-de-zona-sur\/\"},\"wordCount\":605,\"publisher\":{\"@id\":\"https:\/\/radioinfinitagoya.com.ar\/v1\/#organization\"},\"image\":{\"@id\":\"https:\/\/radioinfinitagoya.com.ar\/v1\/2025\/06\/13\/mariano-hormaechea-encuentro-con-vecinalistas-de-zona-sur\/#primaryimage\"},\"thumbnailUrl\":\"https:\/\/radioinfinitagoya.com.ar\/v1\/wp-content\/uploads\/2025\/06\/reunion_de_vecinalistas_de_barrios_del_sur_y_funcionarios_en_goy.jpg\",\"articleSection\":[\"LOCALES\"],\"inLanguage\":\"es-AR\"},{\"@type\":\"WebPage\",\"@id\":\"https:\/\/radioinfinitagoya.com.ar\/v1\/2025\/06\/13\/mariano-hormaechea-encuentro-con-vecinalistas-de-zona-sur\/\",\"url\":\"https:\/\/radioinfinitagoya.com.ar\/v1\/2025\/06\/13\/mariano-hormaechea-encuentro-con-vecinalistas-de-zona-sur\/\",\"name\":\"Mariano Hormaechea encuentro con Vecinalistas de Zona Sur - Radio Infinita Goya\",\"isPartOf\":{\"@id\":\"https:\/\/radioinfinitagoya.com.ar\/v1\/#website\"},\"primaryImageOfPage\":{\"@id\":\"https:\/\/radioinfinitagoya.com.ar\/v1\/2025\/06\/13\/mariano-hormaechea-encuentro-con-vecinalistas-de-zona-sur\/#primaryimage\"},\"image\":{\"@id\":\"https:\/\/radioinfinitagoya.com.ar\/v1\/2025\/06\/13\/mariano-hormaechea-encuentro-con-vecinalistas-de-zona-sur\/#primaryimage\"},\"thumbnailUrl\":\"https:\/\/radioinfinitagoya.com.ar\/v1\/wp-content\/uploads\/2025\/06\/reunion_de_vecinalistas_de_barrios_del_sur_y_funcionarios_en_goy.jpg\",\"datePublished\":\"2025-06-13T20:10:42+00:00\",\"description\":\"El intendente Mariano Hormaechea acompa\u00f1\u00f3 junto a funcionarios y concejales el encuentro con vecinalistas de la zona sur. En el marco de las reuniones\",\"breadcrumb\":{\"@id\":\"https:\/\/radioinfinitagoya.com.ar\/v1\/2025\/06\/13\/mariano-hormaechea-encuentro-con-vecinalistas-de-zona-sur\/#breadcrumb\"},\"inLanguage\":\"es-AR\",\"potentialAction\":[{\"@type\":\"ReadAction\",\"target\":[\"https:\/\/radioinfinitagoya.com.ar\/v1\/2025\/06\/13\/mariano-hormaechea-encuentro-con-vecinalistas-de-zona-sur\/\"]}]},{\"@type\":\"ImageObject\",\"inLanguage\":\"es-AR\",\"@id\":\"https:\/\/radioinfinitagoya.com.ar\/v1\/2025\/06\/13\/mariano-hormaechea-encuentro-con-vecinalistas-de-zona-sur\/#primaryimage\",\"url\":\"https:\/\/radioinfinitagoya.com.ar\/v1\/wp-content\/uploads\/2025\/06\/reunion_de_vecinalistas_de_barrios_del_sur_y_funcionarios_en_goy.jpg\",\"contentUrl\":\"https:\/\/radioinfinitagoya.com.ar\/v1\/wp-content\/uploads\/2025\/06\/reunion_de_vecinalistas_de_barrios_del_sur_y_funcionarios_en_goy.jpg\",\"width\":848,\"height\":477},{\"@type\":\"BreadcrumbList\",\"@id\":\"https:\/\/radioinfinitagoya.com.ar\/v1\/2025\/06\/13\/mariano-hormaechea-encuentro-con-vecinalistas-de-zona-sur\/#breadcrumb\",\"itemListElement\":[{\"@type\":\"ListItem\",\"position\":1,\"name\":\"Inicio\",\"item\":\"https:\/\/radioinfinitagoya.com.ar\/v1\/\"},{\"@type\":\"ListItem\",\"position\":2,\"name\":\"Mariano Hormaechea encuentro con Vecinalistas de Zona Sur\"}]},{\"@type\":\"WebSite\",\"@id\":\"https:\/\/radioinfinitagoya.com.ar\/v1\/#website\",\"url\":\"https:\/\/radioinfinitagoya.com.ar\/v1\/\",\"name\":\"radioinfinitagoya.com.ar\",\"description\":\"Radio de noticias\",\"publisher\":{\"@id\":\"https:\/\/radioinfinitagoya.com.ar\/v1\/#organization\"},\"potentialAction\":[{\"@type\":\"SearchAction\",\"target\":{\"@type\":\"EntryPoint\",\"urlTemplate\":\"https:\/\/radioinfinitagoya.com.ar\/v1\/?s={search_term_string}\"},\"query-input\":{\"@type\":\"PropertyValueSpecification\",\"valueRequired\":true,\"valueName\":\"search_term_string\"}}],\"inLanguage\":\"es-AR\"},{\"@type\":\"Organization\",\"@id\":\"https:\/\/radioinfinitagoya.com.ar\/v1\/#organization\",\"name\":\"Radio Infinita Goya\",\"url\":\"https:\/\/radioinfinitagoya.com.ar\/v1\/\",\"logo\":{\"@type\":\"ImageObject\",\"inLanguage\":\"es-AR\",\"@id\":\"https:\/\/radioinfinitagoya.com.ar\/v1\/#\/schema\/logo\/image\/\",\"url\":\"https:\/\/radioinfinitagoya.com.ar\/v1\/wp-content\/uploads\/2019\/11\/logo-pie-web.png\",\"contentUrl\":\"https:\/\/radioinfinitagoya.com.ar\/v1\/wp-content\/uploads\/2019\/11\/logo-pie-web.png\",\"width\":635,\"height\":326,\"caption\":\"Radio Infinita Goya\"},\"image\":{\"@id\":\"https:\/\/radioinfinitagoya.com.ar\/v1\/#\/schema\/logo\/image\/\"},\"sameAs\":[\"https:\/\/www.facebook.com\/p\/Infinita-Goya-100063870918311\/\"]},{\"@type\":\"Person\",\"@id\":\"https:\/\/radioinfinitagoya.com.ar\/v1\/#\/schema\/person\/d4cf9c413d4f6edb24aabdccab49ca4a\",\"name\":\"Jorge Mi\u00f1o\",\"image\":{\"@type\":\"ImageObject\",\"inLanguage\":\"es-AR\",\"@id\":\"https:\/\/secure.gravatar.com\/avatar\/910fcf6728fe95320e07a6643c1581fec1c7fc4bf8ae12e3d8f0d0373dc844be?s=96&d=mm&r=g\",\"url\":\"https:\/\/secure.gravatar.com\/avatar\/910fcf6728fe95320e07a6643c1581fec1c7fc4bf8ae12e3d8f0d0373dc844be?s=96&d=mm&r=g\",\"contentUrl\":\"https:\/\/secure.gravatar.com\/avatar\/910fcf6728fe95320e07a6643c1581fec1c7fc4bf8ae12e3d8f0d0373dc844be?s=96&d=mm&r=g\",\"caption\":\"Jorge Mi\u00f1o\"},\"sameAs\":[\"http:\/\/radioinfinitagoya.com.ar\"]}]}<\/script>\n<!-- \/ Yoast SEO plugin. -->","yoast_head_json":{"title":"Mariano Hormaechea encuentro con Vecinalistas de Zona Sur - Radio Infinita Goya","description":"El intendente Mariano Hormaechea acompa\u00f1\u00f3 junto a funcionarios y concejales el encuentro con vecinalistas de la zona sur. En el marco de las reuniones","robots":{"index":"index","follow":"follow","max-snippet":"max-snippet:-1","max-image-preview":"max-image-preview:large","max-video-preview":"max-video-preview:-1"},"canonical":"https:\/\/radioinfinitagoya.com.ar\/v1\/2025\/06\/13\/mariano-hormaechea-encuentro-con-vecinalistas-de-zona-sur\/","og_locale":"es_ES","og_type":"article","og_title":"Mariano Hormaechea encuentro con Vecinalistas de Zona Sur - Radio Infinita Goya","og_description":"El intendente Mariano Hormaechea acompa\u00f1\u00f3 junto a funcionarios y concejales el encuentro con vecinalistas de la zona sur. En el marco de las reuniones","og_url":"https:\/\/radioinfinitagoya.com.ar\/v1\/2025\/06\/13\/mariano-hormaechea-encuentro-con-vecinalistas-de-zona-sur\/","og_site_name":"Radio Infinita Goya","article_publisher":"https:\/\/www.facebook.com\/p\/Infinita-Goya-100063870918311\/","article_published_time":"2025-06-13T20:10:42+00:00","og_image":[{"width":848,"height":477,"url":"https:\/\/radioinfinitagoya.com.ar\/v1\/wp-content\/uploads\/2025\/06\/reunion_de_vecinalistas_de_barrios_del_sur_y_funcionarios_en_goy.jpg","type":"image\/jpeg"}],"author":"Jorge Mi\u00f1o","twitter_card":"summary_large_image","twitter_misc":{"Escrito por":"Jorge Mi\u00f1o","Tiempo de lectura":"3 minutos"},"schema":{"@context":"https:\/\/schema.org","@graph":[{"@type":"Article","@id":"https:\/\/radioinfinitagoya.com.ar\/v1\/2025\/06\/13\/mariano-hormaechea-encuentro-con-vecinalistas-de-zona-sur\/#article","isPartOf":{"@id":"https:\/\/radioinfinitagoya.com.ar\/v1\/2025\/06\/13\/mariano-hormaechea-encuentro-con-vecinalistas-de-zona-sur\/"},"author":{"name":"Jorge Mi\u00f1o","@id":"https:\/\/radioinfinitagoya.com.ar\/v1\/#\/schema\/person\/d4cf9c413d4f6edb24aabdccab49ca4a"},"headline":"Mariano Hormaechea encuentro con Vecinalistas de Zona Sur","datePublished":"2025-06-13T20:10:42+00:00","mainEntityOfPage":{"@id":"https:\/\/radioinfinitagoya.com.ar\/v1\/2025\/06\/13\/mariano-hormaechea-encuentro-con-vecinalistas-de-zona-sur\/"},"wordCount":605,"publisher":{"@id":"https:\/\/radioinfinitagoya.com.ar\/v1\/#organization"},"image":{"@id":"https:\/\/radioinfinitagoya.com.ar\/v1\/2025\/06\/13\/mariano-hormaechea-encuentro-con-vecinalistas-de-zona-sur\/#primaryimage"},"thumbnailUrl":"https:\/\/radioinfinitagoya.com.ar\/v1\/wp-content\/uploads\/2025\/06\/reunion_de_vecinalistas_de_barrios_del_sur_y_funcionarios_en_goy.jpg","articleSection":["LOCALES"],"inLanguage":"es-AR"},{"@type":"WebPage","@id":"https:\/\/radioinfinitagoya.com.ar\/v1\/2025\/06\/13\/mariano-hormaechea-encuentro-con-vecinalistas-de-zona-sur\/","url":"https:\/\/radioinfinitagoya.com.ar\/v1\/2025\/06\/13\/mariano-hormaechea-encuentro-con-vecinalistas-de-zona-sur\/","name":"Mariano Hormaechea encuentro con Vecinalistas de Zona Sur - Radio Infinita Goya","isPartOf":{"@id":"https:\/\/radioinfinitagoya.com.ar\/v1\/#website"},"primaryImageOfPage":{"@id":"https:\/\/radioinfinitagoya.com.ar\/v1\/2025\/06\/13\/mariano-hormaechea-encuentro-con-vecinalistas-de-zona-sur\/#primaryimage"},"image":{"@id":"https:\/\/radioinfinitagoya.com.ar\/v1\/2025\/06\/13\/mariano-hormaechea-encuentro-con-vecinalistas-de-zona-sur\/#primaryimage"},"thumbnailUrl":"https:\/\/radioinfinitagoya.com.ar\/v1\/wp-content\/uploads\/2025\/06\/reunion_de_vecinalistas_de_barrios_del_sur_y_funcionarios_en_goy.jpg","datePublished":"2025-06-13T20:10:42+00:00","description":"El intendente Mariano Hormaechea acompa\u00f1\u00f3 junto a funcionarios y concejales el encuentro con vecinalistas de la zona sur. En el marco de las reuniones","breadcrumb":{"@id":"https:\/\/radioinfinitagoya.com.ar\/v1\/2025\/06\/13\/mariano-hormaechea-encuentro-con-vecinalistas-de-zona-sur\/#breadcrumb"},"inLanguage":"es-AR","potentialAction":[{"@type":"ReadAction","target":["https:\/\/radioinfinitagoya.com.ar\/v1\/2025\/06\/13\/mariano-hormaechea-encuentro-con-vecinalistas-de-zona-sur\/"]}]},{"@type":"ImageObject","inLanguage":"es-AR","@id":"https:\/\/radioinfinitagoya.com.ar\/v1\/2025\/06\/13\/mariano-hormaechea-encuentro-con-vecinalistas-de-zona-sur\/#primaryimage","url":"https:\/\/radioinfinitagoya.com.ar\/v1\/wp-content\/uploads\/2025\/06\/reunion_de_vecinalistas_de_barrios_del_sur_y_funcionarios_en_goy.jpg","contentUrl":"https:\/\/radioinfinitagoya.com.ar\/v1\/wp-content\/uploads\/2025\/06\/reunion_de_vecinalistas_de_barrios_del_sur_y_funcionarios_en_goy.jpg","width":848,"height":477},{"@type":"BreadcrumbList","@id":"https:\/\/radioinfinitagoya.com.ar\/v1\/2025\/06\/13\/mariano-hormaechea-encuentro-con-vecinalistas-de-zona-sur\/#breadcrumb","itemListElement":[{"@type":"ListItem","position":1,"name":"Inicio","item":"https:\/\/radioinfinitagoya.com.ar\/v1\/"},{"@type":"ListItem","position":2,"name":"Mariano Hormaechea encuentro con Vecinalistas de Zona Sur"}]},{"@type":"WebSite","@id":"https:\/\/radioinfinitagoya.com.ar\/v1\/#website","url":"https:\/\/radioinfinitagoya.com.ar\/v1\/","name":"radioinfinitagoya.com.ar","description":"Radio de noticias","publisher":{"@id":"https:\/\/radioinfinitagoya.com.ar\/v1\/#organization"},"potentialAction":[{"@type":"SearchAction","target":{"@type":"EntryPoint","urlTemplate":"https:\/\/radioinfinitagoya.com.ar\/v1\/?s={search_term_string}"},"query-input":{"@type":"PropertyValueSpecification","valueRequired":true,"valueName":"search_term_string"}}],"inLanguage":"es-AR"},{"@type":"Organization","@id":"https:\/\/radioinfinitagoya.com.ar\/v1\/#organization","name":"Radio Infinita Goya","url":"https:\/\/radioinfinitagoya.com.ar\/v1\/","logo":{"@type":"ImageObject","inLanguage":"es-AR","@id":"https:\/\/radioinfinitagoya.com.ar\/v1\/#\/schema\/logo\/image\/","url":"https:\/\/radioinfinitagoya.com.ar\/v1\/wp-content\/uploads\/2019\/11\/logo-pie-web.png","contentUrl":"https:\/\/radioinfinitagoya.com.ar\/v1\/wp-content\/uploads\/2019\/11\/logo-pie-web.png","width":635,"height":326,"caption":"Radio Infinita Goya"},"image":{"@id":"https:\/\/radioinfinitagoya.com.ar\/v1\/#\/schema\/logo\/image\/"},"sameAs":["https:\/\/www.facebook.com\/p\/Infinita-Goya-100063870918311\/"]},{"@type":"Person","@id":"https:\/\/radioinfinitagoya.com.ar\/v1\/#\/schema\/person\/d4cf9c413d4f6edb24aabdccab49ca4a","name":"Jorge Mi\u00f1o","image":{"@type":"ImageObject","inLanguage":"es-AR","@id":"https:\/\/secure.gravatar.com\/avatar\/910fcf6728fe95320e07a6643c1581fec1c7fc4bf8ae12e3d8f0d0373dc844be?s=96&d=mm&r=g","url":"https:\/\/secure.gravatar.com\/avatar\/910fcf6728fe95320e07a6643c1581fec1c7fc4bf8ae12e3d8f0d0373dc844be?s=96&d=mm&r=g","contentUrl":"https:\/\/secure.gravatar.com\/avatar\/910fcf6728fe95320e07a6643c1581fec1c7fc4bf8ae12e3d8f0d0373dc844be?s=96&d=mm&r=g","caption":"Jorge Mi\u00f1o"},"sameAs":["http:\/\/radioinfinitagoya.com.ar"]}]}},"_links":{"self":[{"href":"https:\/\/radioinfinitagoya.com.ar\/v1\/wp-json\/wp\/v2\/posts\/191420","targetHints":{"allow":["GET"]}}],"collection":[{"href":"https:\/\/radioinfinitagoya.com.ar\/v1\/wp-json\/wp\/v2\/posts"}],"about":[{"href":"https:\/\/radioinfinitagoya.com.ar\/v1\/wp-json\/wp\/v2\/types\/post"}],"author":[{"embeddable":true,"href":"https:\/\/radioinfinitagoya.com.ar\/v1\/wp-json\/wp\/v2\/users\/4"}],"replies":[{"embeddable":true,"href":"https:\/\/radioinfinitagoya.com.ar\/v1\/wp-json\/wp\/v2\/comments?post=191420"}],"version-history":[{"count":0,"href":"https:\/\/radioinfinitagoya.com.ar\/v1\/wp-json\/wp\/v2\/posts\/191420\/revisions"}],"wp:featuredmedia":[{"embeddable":true,"href":"https:\/\/radioinfinitagoya.com.ar\/v1\/wp-json\/wp\/v2\/media\/191421"}],"wp:attachment":[{"href":"https:\/\/radioinfinitagoya.com.ar\/v1\/wp-json\/wp\/v2\/media?parent=191420"}],"wp:term":[{"taxonomy":"category","embeddable":true,"href":"https:\/\/radioinfinitagoya.com.ar\/v1\/wp-json\/wp\/v2\/categories?post=191420"},{"taxonomy":"post_tag","embeddable":true,"href":"https:\/\/radioinfinitagoya.com.ar\/v1\/wp-json\/wp\/v2\/tags?post=191420"}],"curies":[{"name":"wp","href":"https:\/\/api.w.org\/{rel}","templated":true}]}}