{"id":191423,"date":"2025-06-13T17:14:56","date_gmt":"2025-06-13T20:14:56","guid":{"rendered":"https:\/\/radioinfinitagoya.com.ar\/v1\/?p=191423"},"modified":"2025-06-13T17:14:56","modified_gmt":"2025-06-13T20:14:56","slug":"resolucion-n-984-prohibese-estacionamiento-en-calle-alemania","status":"publish","type":"post","link":"https:\/\/radioinfinitagoya.com.ar\/v1\/2025\/06\/13\/resolucion-n-984-prohibese-estacionamiento-en-calle-alemania\/","title":{"rendered":"RESOLUCI\u00d3N N\u00b0 984: Prohibese estacionamiento en calle Alemania"},"content":{"rendered":"<p>Desde avenida Per\u00f3n hasta avenida Sarmiento en todo su mergen de nuestra Ciudad<\/p>\n<p>VISTO Y CONSIDERANDO:<\/p>\n<p>Que, la Calle Alemania desde Avenida Per\u00f3n hasta Avenida Sarmiento de doble circulaci\u00f3n, es nexo obligado de nuestra ciudad, constituy\u00e9ndose en una de las principales arterias de descongestionamiento r\u00e1pido de la zona Sur.<\/p>\n<p>Que, en la zona impera la necesidad de optimizar la transitabilidad a fin de evitar circunstancias que tomen riesgosas la seguridad de quienes circulan en ella dadas las caracter\u00edsticas estructurales de esta zona y la gran congesti\u00f3n vehicular de la misma, que producen puntos cr\u00edticos de transitabilidad en la mencionada arteria, haciendo que el tr\u00e1nsito en este lugar de la ciudad, se convierta en uno de los lugares de mayor concurrencia durante todos los d\u00edas del a\u00f1o.<\/p>\n<p>Por otro lado, el espacio reducido y\/o casi inexistente para el estacionamiento, producen diversos inconvenientes para el tr\u00e1nsito vehicular. Por ello toma imperiosa la necesidad de reglamentar el tr\u00e1nsito y limitar el estacionamiento en el sector.<\/p>\n<p>Que, con dicha reglamentaci\u00f3n se busca salvaguardar el bienestar de vecinos del lugar, que en reiteradas oportunidades se manifestaron en reclamo de esta situaci\u00f3n.<\/p>\n<p>Que, el Municipio debe prevenir y bregar por la seguridad y protecci\u00f3n de todos los ciudadanos.<\/p>\n<p>Que esta medida se trata de una clara demostraci\u00f3n del compromiso de distintos sectores, para que los ciudadanos est\u00e9n m\u00e1s seguros todos los d\u00edas.<\/p>\n<p>Que, para brindar mayor fluidez y seguridad al tr\u00e1nsito vehicular por calle Alemania ser\u00e1 necesario prohibir el estacionamiento vehicular de automotores en toda extensi\u00f3n y de ambos m\u00e1rgenes, debiendo dejarse y preverse espacios para el estacionamiento de motos y bicicletas.<\/p>\n<p>Por todo ello, la presente Resoluci\u00f3n se dicta en uso de las facultades concedidas por el Art. 98 inc. 17; 18; 34 y 35 de la Carta Org\u00e1nica Municipal y en la Ordenanza N\u00b0 2186, siendo complementaria a las dem\u00e1s medidas de car\u00e1cter municipal, provincial y\/o nacional y su implementaci\u00f3n no implica derogar, modificar o alterar ninguna de las normas o programas vigentes en nuestra ciudad, dado su car\u00e1cter transitorio.<\/p>\n<p>Por ello,;<\/p>\n<p>EL INTENDENTE MUNICIPAL<\/p>\n<p>RESUELVE:<\/p>\n<p>ART\u00cdCULO 1\u00b0: PROH\u00cdBESE ESTACIONAMIENTO Y DETENCI\u00d3N DE VEH\u00cdCULOS sobre calle ALEMANIA en todo su margen de nuestra ciudad, desde Avenida PERON hasta Avenida SARMIENTO, para todo tipo de veh\u00edculos y\/o rodados. &#8211;<\/p>\n<p>ARTICULO 2\u00b0: LA violaci\u00f3n a lo dispuesto dar\u00e1 lugar a la aplicaci\u00f3n de las sanciones correspondientes previstas en el Reglamento General de Tr\u00e1nsito.<\/p>\n<p>ART\u00cdCULO 3\u00b0; FACULTAR a la Direcci\u00f3n de Tr\u00e1nsito a implementar el modo m\u00e1s adecuado para la se\u00f1alizaci\u00f3n correspondiente de &#8220;Prohibido Estacionar y Detenerse&#8217; en la zona establecida en el Art\u00edculo 1\u00b0.<\/p>\n<p>ARTICULO 4\u00b0: COMUN\u00cdQUESE, publ\u00edquese, d\u00e9se al R.M., s\u00e1quese copia para corresponda oportunamente ARCHIVESE. .<\/p>\n<p>Direcci\u00f3n de Prensa \u2013 Municipalidad de Goya.<\/p>\n","protected":false},"excerpt":{"rendered":"<p>Desde avenida Per\u00f3n hasta avenida Sarmiento en todo su mergen de nuestra Ciudad VISTO Y CONSIDERANDO: Que, la Calle Alemania desde Avenida Per\u00f3n hasta Avenida Sarmiento de doble circulaci\u00f3n, es nexo obligado de nuestra ciudad, constituy\u00e9ndose en una de las principales arterias de descongestionamiento r\u00e1pido de la zona Sur. Que, en la zona impera la [&hellip;]<\/p>\n","protected":false},"author":4,"featured_media":191424,"comment_status":"closed","ping_status":"closed","sticky":false,"template":"","format":"standard","meta":{"_joinchat":[],"footnotes":""},"categories":[27],"tags":[],"class_list":{"0":"post-191423","1":"post","2":"type-post","3":"status-publish","4":"format-standard","5":"has-post-thumbnail","7":"category-locales"},"yoast_head":"<!-- This site is optimized with the Yoast SEO plugin v27.2 - https:\/\/yoast.com\/product\/yoast-seo-wordpress\/ -->\n<title>RESOLUCI\u00d3N N\u00b0 984: Prohibese estacionamiento en calle Alemania - Radio Infinita Goya<\/title>\n<meta name=\"description\" content=\"Desde avenida Per\u00f3n hasta avenida Sarmiento en todo su mergen de nuestra Ciudad VISTO Y CONSIDERANDO: Que, la Calle Alemania desde Avenida Per\u00f3n hasta\" \/>\n<meta name=\"robots\" content=\"index, follow, max-snippet:-1, max-image-preview:large, max-video-preview:-1\" \/>\n<link rel=\"canonical\" href=\"https:\/\/radioinfinitagoya.com.ar\/v1\/2025\/06\/13\/resolucion-n-984-prohibese-estacionamiento-en-calle-alemania\/\" \/>\n<meta property=\"og:locale\" content=\"es_ES\" \/>\n<meta property=\"og:type\" content=\"article\" \/>\n<meta property=\"og:title\" content=\"RESOLUCI\u00d3N N\u00b0 984: Prohibese estacionamiento en calle Alemania - Radio Infinita Goya\" \/>\n<meta property=\"og:description\" content=\"Desde avenida Per\u00f3n hasta avenida Sarmiento en todo su mergen de nuestra Ciudad VISTO Y CONSIDERANDO: Que, la Calle Alemania desde Avenida Per\u00f3n hasta\" \/>\n<meta property=\"og:url\" content=\"https:\/\/radioinfinitagoya.com.ar\/v1\/2025\/06\/13\/resolucion-n-984-prohibese-estacionamiento-en-calle-alemania\/\" \/>\n<meta property=\"og:site_name\" content=\"Radio Infinita Goya\" \/>\n<meta property=\"article:publisher\" content=\"https:\/\/www.facebook.com\/p\/Infinita-Goya-100063870918311\/\" \/>\n<meta property=\"article:published_time\" content=\"2025-06-13T20:14:56+00:00\" \/>\n<meta property=\"og:image\" content=\"https:\/\/radioinfinitagoya.com.ar\/v1\/wp-content\/uploads\/2025\/06\/prohibese_estacionamiento_calle_alemani.jpg\" \/>\n\t<meta property=\"og:image:width\" content=\"848\" \/>\n\t<meta property=\"og:image:height\" content=\"477\" \/>\n\t<meta property=\"og:image:type\" content=\"image\/jpeg\" \/>\n<meta name=\"author\" content=\"Jorge Mi\u00f1o\" \/>\n<meta name=\"twitter:card\" content=\"summary_large_image\" \/>\n<meta name=\"twitter:label1\" content=\"Escrito por\" \/>\n\t<meta name=\"twitter:data1\" content=\"Jorge Mi\u00f1o\" \/>\n\t<meta name=\"twitter:label2\" content=\"Tiempo de lectura\" \/>\n\t<meta name=\"twitter:data2\" content=\"3 minutos\" \/>\n<script type=\"application\/ld+json\" class=\"yoast-schema-graph\">{\"@context\":\"https:\/\/schema.org\",\"@graph\":[{\"@type\":\"Article\",\"@id\":\"https:\/\/radioinfinitagoya.com.ar\/v1\/2025\/06\/13\/resolucion-n-984-prohibese-estacionamiento-en-calle-alemania\/#article\",\"isPartOf\":{\"@id\":\"https:\/\/radioinfinitagoya.com.ar\/v1\/2025\/06\/13\/resolucion-n-984-prohibese-estacionamiento-en-calle-alemania\/\"},\"author\":{\"name\":\"Jorge Mi\u00f1o\",\"@id\":\"https:\/\/radioinfinitagoya.com.ar\/v1\/#\/schema\/person\/d4cf9c413d4f6edb24aabdccab49ca4a\"},\"headline\":\"RESOLUCI\u00d3N N\u00b0 984: Prohibese estacionamiento en calle Alemania\",\"datePublished\":\"2025-06-13T20:14:56+00:00\",\"mainEntityOfPage\":{\"@id\":\"https:\/\/radioinfinitagoya.com.ar\/v1\/2025\/06\/13\/resolucion-n-984-prohibese-estacionamiento-en-calle-alemania\/\"},\"wordCount\":497,\"publisher\":{\"@id\":\"https:\/\/radioinfinitagoya.com.ar\/v1\/#organization\"},\"image\":{\"@id\":\"https:\/\/radioinfinitagoya.com.ar\/v1\/2025\/06\/13\/resolucion-n-984-prohibese-estacionamiento-en-calle-alemania\/#primaryimage\"},\"thumbnailUrl\":\"https:\/\/radioinfinitagoya.com.ar\/v1\/wp-content\/uploads\/2025\/06\/prohibese_estacionamiento_calle_alemani.jpg\",\"articleSection\":[\"LOCALES\"],\"inLanguage\":\"es-AR\"},{\"@type\":\"WebPage\",\"@id\":\"https:\/\/radioinfinitagoya.com.ar\/v1\/2025\/06\/13\/resolucion-n-984-prohibese-estacionamiento-en-calle-alemania\/\",\"url\":\"https:\/\/radioinfinitagoya.com.ar\/v1\/2025\/06\/13\/resolucion-n-984-prohibese-estacionamiento-en-calle-alemania\/\",\"name\":\"RESOLUCI\u00d3N N\u00b0 984: Prohibese estacionamiento en calle Alemania - Radio Infinita Goya\",\"isPartOf\":{\"@id\":\"https:\/\/radioinfinitagoya.com.ar\/v1\/#website\"},\"primaryImageOfPage\":{\"@id\":\"https:\/\/radioinfinitagoya.com.ar\/v1\/2025\/06\/13\/resolucion-n-984-prohibese-estacionamiento-en-calle-alemania\/#primaryimage\"},\"image\":{\"@id\":\"https:\/\/radioinfinitagoya.com.ar\/v1\/2025\/06\/13\/resolucion-n-984-prohibese-estacionamiento-en-calle-alemania\/#primaryimage\"},\"thumbnailUrl\":\"https:\/\/radioinfinitagoya.com.ar\/v1\/wp-content\/uploads\/2025\/06\/prohibese_estacionamiento_calle_alemani.jpg\",\"datePublished\":\"2025-06-13T20:14:56+00:00\",\"description\":\"Desde avenida Per\u00f3n hasta avenida Sarmiento en todo su mergen de nuestra Ciudad VISTO Y CONSIDERANDO: Que, la Calle Alemania desde Avenida Per\u00f3n hasta\",\"breadcrumb\":{\"@id\":\"https:\/\/radioinfinitagoya.com.ar\/v1\/2025\/06\/13\/resolucion-n-984-prohibese-estacionamiento-en-calle-alemania\/#breadcrumb\"},\"inLanguage\":\"es-AR\",\"potentialAction\":[{\"@type\":\"ReadAction\",\"target\":[\"https:\/\/radioinfinitagoya.com.ar\/v1\/2025\/06\/13\/resolucion-n-984-prohibese-estacionamiento-en-calle-alemania\/\"]}]},{\"@type\":\"ImageObject\",\"inLanguage\":\"es-AR\",\"@id\":\"https:\/\/radioinfinitagoya.com.ar\/v1\/2025\/06\/13\/resolucion-n-984-prohibese-estacionamiento-en-calle-alemania\/#primaryimage\",\"url\":\"https:\/\/radioinfinitagoya.com.ar\/v1\/wp-content\/uploads\/2025\/06\/prohibese_estacionamiento_calle_alemani.jpg\",\"contentUrl\":\"https:\/\/radioinfinitagoya.com.ar\/v1\/wp-content\/uploads\/2025\/06\/prohibese_estacionamiento_calle_alemani.jpg\",\"width\":848,\"height\":477},{\"@type\":\"BreadcrumbList\",\"@id\":\"https:\/\/radioinfinitagoya.com.ar\/v1\/2025\/06\/13\/resolucion-n-984-prohibese-estacionamiento-en-calle-alemania\/#breadcrumb\",\"itemListElement\":[{\"@type\":\"ListItem\",\"position\":1,\"name\":\"Inicio\",\"item\":\"https:\/\/radioinfinitagoya.com.ar\/v1\/\"},{\"@type\":\"ListItem\",\"position\":2,\"name\":\"RESOLUCI\u00d3N N\u00b0 984: Prohibese estacionamiento en calle Alemania\"}]},{\"@type\":\"WebSite\",\"@id\":\"https:\/\/radioinfinitagoya.com.ar\/v1\/#website\",\"url\":\"https:\/\/radioinfinitagoya.com.ar\/v1\/\",\"name\":\"radioinfinitagoya.com.ar\",\"description\":\"Radio de noticias\",\"publisher\":{\"@id\":\"https:\/\/radioinfinitagoya.com.ar\/v1\/#organization\"},\"potentialAction\":[{\"@type\":\"SearchAction\",\"target\":{\"@type\":\"EntryPoint\",\"urlTemplate\":\"https:\/\/radioinfinitagoya.com.ar\/v1\/?s={search_term_string}\"},\"query-input\":{\"@type\":\"PropertyValueSpecification\",\"valueRequired\":true,\"valueName\":\"search_term_string\"}}],\"inLanguage\":\"es-AR\"},{\"@type\":\"Organization\",\"@id\":\"https:\/\/radioinfinitagoya.com.ar\/v1\/#organization\",\"name\":\"Radio Infinita Goya\",\"url\":\"https:\/\/radioinfinitagoya.com.ar\/v1\/\",\"logo\":{\"@type\":\"ImageObject\",\"inLanguage\":\"es-AR\",\"@id\":\"https:\/\/radioinfinitagoya.com.ar\/v1\/#\/schema\/logo\/image\/\",\"url\":\"https:\/\/radioinfinitagoya.com.ar\/v1\/wp-content\/uploads\/2019\/11\/logo-pie-web.png\",\"contentUrl\":\"https:\/\/radioinfinitagoya.com.ar\/v1\/wp-content\/uploads\/2019\/11\/logo-pie-web.png\",\"width\":635,\"height\":326,\"caption\":\"Radio Infinita Goya\"},\"image\":{\"@id\":\"https:\/\/radioinfinitagoya.com.ar\/v1\/#\/schema\/logo\/image\/\"},\"sameAs\":[\"https:\/\/www.facebook.com\/p\/Infinita-Goya-100063870918311\/\"]},{\"@type\":\"Person\",\"@id\":\"https:\/\/radioinfinitagoya.com.ar\/v1\/#\/schema\/person\/d4cf9c413d4f6edb24aabdccab49ca4a\",\"name\":\"Jorge Mi\u00f1o\",\"image\":{\"@type\":\"ImageObject\",\"inLanguage\":\"es-AR\",\"@id\":\"https:\/\/secure.gravatar.com\/avatar\/910fcf6728fe95320e07a6643c1581fec1c7fc4bf8ae12e3d8f0d0373dc844be?s=96&d=mm&r=g\",\"url\":\"https:\/\/secure.gravatar.com\/avatar\/910fcf6728fe95320e07a6643c1581fec1c7fc4bf8ae12e3d8f0d0373dc844be?s=96&d=mm&r=g\",\"contentUrl\":\"https:\/\/secure.gravatar.com\/avatar\/910fcf6728fe95320e07a6643c1581fec1c7fc4bf8ae12e3d8f0d0373dc844be?s=96&d=mm&r=g\",\"caption\":\"Jorge Mi\u00f1o\"},\"sameAs\":[\"http:\/\/radioinfinitagoya.com.ar\"]}]}<\/script>\n<!-- \/ Yoast SEO plugin. -->","yoast_head_json":{"title":"RESOLUCI\u00d3N N\u00b0 984: Prohibese estacionamiento en calle Alemania - Radio Infinita Goya","description":"Desde avenida Per\u00f3n hasta avenida Sarmiento en todo su mergen de nuestra Ciudad VISTO Y CONSIDERANDO: Que, la Calle Alemania desde Avenida Per\u00f3n hasta","robots":{"index":"index","follow":"follow","max-snippet":"max-snippet:-1","max-image-preview":"max-image-preview:large","max-video-preview":"max-video-preview:-1"},"canonical":"https:\/\/radioinfinitagoya.com.ar\/v1\/2025\/06\/13\/resolucion-n-984-prohibese-estacionamiento-en-calle-alemania\/","og_locale":"es_ES","og_type":"article","og_title":"RESOLUCI\u00d3N N\u00b0 984: Prohibese estacionamiento en calle Alemania - Radio Infinita Goya","og_description":"Desde avenida Per\u00f3n hasta avenida Sarmiento en todo su mergen de nuestra Ciudad VISTO Y CONSIDERANDO: Que, la Calle Alemania desde Avenida Per\u00f3n hasta","og_url":"https:\/\/radioinfinitagoya.com.ar\/v1\/2025\/06\/13\/resolucion-n-984-prohibese-estacionamiento-en-calle-alemania\/","og_site_name":"Radio Infinita Goya","article_publisher":"https:\/\/www.facebook.com\/p\/Infinita-Goya-100063870918311\/","article_published_time":"2025-06-13T20:14:56+00:00","og_image":[{"width":848,"height":477,"url":"https:\/\/radioinfinitagoya.com.ar\/v1\/wp-content\/uploads\/2025\/06\/prohibese_estacionamiento_calle_alemani.jpg","type":"image\/jpeg"}],"author":"Jorge Mi\u00f1o","twitter_card":"summary_large_image","twitter_misc":{"Escrito por":"Jorge Mi\u00f1o","Tiempo de lectura":"3 minutos"},"schema":{"@context":"https:\/\/schema.org","@graph":[{"@type":"Article","@id":"https:\/\/radioinfinitagoya.com.ar\/v1\/2025\/06\/13\/resolucion-n-984-prohibese-estacionamiento-en-calle-alemania\/#article","isPartOf":{"@id":"https:\/\/radioinfinitagoya.com.ar\/v1\/2025\/06\/13\/resolucion-n-984-prohibese-estacionamiento-en-calle-alemania\/"},"author":{"name":"Jorge Mi\u00f1o","@id":"https:\/\/radioinfinitagoya.com.ar\/v1\/#\/schema\/person\/d4cf9c413d4f6edb24aabdccab49ca4a"},"headline":"RESOLUCI\u00d3N N\u00b0 984: Prohibese estacionamiento en calle Alemania","datePublished":"2025-06-13T20:14:56+00:00","mainEntityOfPage":{"@id":"https:\/\/radioinfinitagoya.com.ar\/v1\/2025\/06\/13\/resolucion-n-984-prohibese-estacionamiento-en-calle-alemania\/"},"wordCount":497,"publisher":{"@id":"https:\/\/radioinfinitagoya.com.ar\/v1\/#organization"},"image":{"@id":"https:\/\/radioinfinitagoya.com.ar\/v1\/2025\/06\/13\/resolucion-n-984-prohibese-estacionamiento-en-calle-alemania\/#primaryimage"},"thumbnailUrl":"https:\/\/radioinfinitagoya.com.ar\/v1\/wp-content\/uploads\/2025\/06\/prohibese_estacionamiento_calle_alemani.jpg","articleSection":["LOCALES"],"inLanguage":"es-AR"},{"@type":"WebPage","@id":"https:\/\/radioinfinitagoya.com.ar\/v1\/2025\/06\/13\/resolucion-n-984-prohibese-estacionamiento-en-calle-alemania\/","url":"https:\/\/radioinfinitagoya.com.ar\/v1\/2025\/06\/13\/resolucion-n-984-prohibese-estacionamiento-en-calle-alemania\/","name":"RESOLUCI\u00d3N N\u00b0 984: Prohibese estacionamiento en calle Alemania - Radio Infinita Goya","isPartOf":{"@id":"https:\/\/radioinfinitagoya.com.ar\/v1\/#website"},"primaryImageOfPage":{"@id":"https:\/\/radioinfinitagoya.com.ar\/v1\/2025\/06\/13\/resolucion-n-984-prohibese-estacionamiento-en-calle-alemania\/#primaryimage"},"image":{"@id":"https:\/\/radioinfinitagoya.com.ar\/v1\/2025\/06\/13\/resolucion-n-984-prohibese-estacionamiento-en-calle-alemania\/#primaryimage"},"thumbnailUrl":"https:\/\/radioinfinitagoya.com.ar\/v1\/wp-content\/uploads\/2025\/06\/prohibese_estacionamiento_calle_alemani.jpg","datePublished":"2025-06-13T20:14:56+00:00","description":"Desde avenida Per\u00f3n hasta avenida Sarmiento en todo su mergen de nuestra Ciudad VISTO Y CONSIDERANDO: Que, la Calle Alemania desde Avenida Per\u00f3n hasta","breadcrumb":{"@id":"https:\/\/radioinfinitagoya.com.ar\/v1\/2025\/06\/13\/resolucion-n-984-prohibese-estacionamiento-en-calle-alemania\/#breadcrumb"},"inLanguage":"es-AR","potentialAction":[{"@type":"ReadAction","target":["https:\/\/radioinfinitagoya.com.ar\/v1\/2025\/06\/13\/resolucion-n-984-prohibese-estacionamiento-en-calle-alemania\/"]}]},{"@type":"ImageObject","inLanguage":"es-AR","@id":"https:\/\/radioinfinitagoya.com.ar\/v1\/2025\/06\/13\/resolucion-n-984-prohibese-estacionamiento-en-calle-alemania\/#primaryimage","url":"https:\/\/radioinfinitagoya.com.ar\/v1\/wp-content\/uploads\/2025\/06\/prohibese_estacionamiento_calle_alemani.jpg","contentUrl":"https:\/\/radioinfinitagoya.com.ar\/v1\/wp-content\/uploads\/2025\/06\/prohibese_estacionamiento_calle_alemani.jpg","width":848,"height":477},{"@type":"BreadcrumbList","@id":"https:\/\/radioinfinitagoya.com.ar\/v1\/2025\/06\/13\/resolucion-n-984-prohibese-estacionamiento-en-calle-alemania\/#breadcrumb","itemListElement":[{"@type":"ListItem","position":1,"name":"Inicio","item":"https:\/\/radioinfinitagoya.com.ar\/v1\/"},{"@type":"ListItem","position":2,"name":"RESOLUCI\u00d3N N\u00b0 984: Prohibese estacionamiento en calle Alemania"}]},{"@type":"WebSite","@id":"https:\/\/radioinfinitagoya.com.ar\/v1\/#website","url":"https:\/\/radioinfinitagoya.com.ar\/v1\/","name":"radioinfinitagoya.com.ar","description":"Radio de noticias","publisher":{"@id":"https:\/\/radioinfinitagoya.com.ar\/v1\/#organization"},"potentialAction":[{"@type":"SearchAction","target":{"@type":"EntryPoint","urlTemplate":"https:\/\/radioinfinitagoya.com.ar\/v1\/?s={search_term_string}"},"query-input":{"@type":"PropertyValueSpecification","valueRequired":true,"valueName":"search_term_string"}}],"inLanguage":"es-AR"},{"@type":"Organization","@id":"https:\/\/radioinfinitagoya.com.ar\/v1\/#organization","name":"Radio Infinita Goya","url":"https:\/\/radioinfinitagoya.com.ar\/v1\/","logo":{"@type":"ImageObject","inLanguage":"es-AR","@id":"https:\/\/radioinfinitagoya.com.ar\/v1\/#\/schema\/logo\/image\/","url":"https:\/\/radioinfinitagoya.com.ar\/v1\/wp-content\/uploads\/2019\/11\/logo-pie-web.png","contentUrl":"https:\/\/radioinfinitagoya.com.ar\/v1\/wp-content\/uploads\/2019\/11\/logo-pie-web.png","width":635,"height":326,"caption":"Radio Infinita Goya"},"image":{"@id":"https:\/\/radioinfinitagoya.com.ar\/v1\/#\/schema\/logo\/image\/"},"sameAs":["https:\/\/www.facebook.com\/p\/Infinita-Goya-100063870918311\/"]},{"@type":"Person","@id":"https:\/\/radioinfinitagoya.com.ar\/v1\/#\/schema\/person\/d4cf9c413d4f6edb24aabdccab49ca4a","name":"Jorge Mi\u00f1o","image":{"@type":"ImageObject","inLanguage":"es-AR","@id":"https:\/\/secure.gravatar.com\/avatar\/910fcf6728fe95320e07a6643c1581fec1c7fc4bf8ae12e3d8f0d0373dc844be?s=96&d=mm&r=g","url":"https:\/\/secure.gravatar.com\/avatar\/910fcf6728fe95320e07a6643c1581fec1c7fc4bf8ae12e3d8f0d0373dc844be?s=96&d=mm&r=g","contentUrl":"https:\/\/secure.gravatar.com\/avatar\/910fcf6728fe95320e07a6643c1581fec1c7fc4bf8ae12e3d8f0d0373dc844be?s=96&d=mm&r=g","caption":"Jorge Mi\u00f1o"},"sameAs":["http:\/\/radioinfinitagoya.com.ar"]}]}},"_links":{"self":[{"href":"https:\/\/radioinfinitagoya.com.ar\/v1\/wp-json\/wp\/v2\/posts\/191423","targetHints":{"allow":["GET"]}}],"collection":[{"href":"https:\/\/radioinfinitagoya.com.ar\/v1\/wp-json\/wp\/v2\/posts"}],"about":[{"href":"https:\/\/radioinfinitagoya.com.ar\/v1\/wp-json\/wp\/v2\/types\/post"}],"author":[{"embeddable":true,"href":"https:\/\/radioinfinitagoya.com.ar\/v1\/wp-json\/wp\/v2\/users\/4"}],"replies":[{"embeddable":true,"href":"https:\/\/radioinfinitagoya.com.ar\/v1\/wp-json\/wp\/v2\/comments?post=191423"}],"version-history":[{"count":0,"href":"https:\/\/radioinfinitagoya.com.ar\/v1\/wp-json\/wp\/v2\/posts\/191423\/revisions"}],"wp:featuredmedia":[{"embeddable":true,"href":"https:\/\/radioinfinitagoya.com.ar\/v1\/wp-json\/wp\/v2\/media\/191424"}],"wp:attachment":[{"href":"https:\/\/radioinfinitagoya.com.ar\/v1\/wp-json\/wp\/v2\/media?parent=191423"}],"wp:term":[{"taxonomy":"category","embeddable":true,"href":"https:\/\/radioinfinitagoya.com.ar\/v1\/wp-json\/wp\/v2\/categories?post=191423"},{"taxonomy":"post_tag","embeddable":true,"href":"https:\/\/radioinfinitagoya.com.ar\/v1\/wp-json\/wp\/v2\/tags?post=191423"}],"curies":[{"name":"wp","href":"https:\/\/api.w.org\/{rel}","templated":true}]}}