{"id":191435,"date":"2025-06-15T18:28:24","date_gmt":"2025-06-15T21:28:24","guid":{"rendered":"https:\/\/radioinfinitagoya.com.ar\/v1\/?p=191435"},"modified":"2025-06-15T18:28:24","modified_gmt":"2025-06-15T21:28:24","slug":"el-gobierno-condeno-el-ataque-de-iran-a-israel-y-apunto-contra-la-designacion-de-vahidi","status":"publish","type":"post","link":"https:\/\/radioinfinitagoya.com.ar\/v1\/2025\/06\/15\/el-gobierno-condeno-el-ataque-de-iran-a-israel-y-apunto-contra-la-designacion-de-vahidi\/","title":{"rendered":"El Gobierno conden\u00f3 el ataque de Ir\u00e1n a Israel y apunt\u00f3 contra la designaci\u00f3n de Vahidi"},"content":{"rendered":"<p>Mientras escala la violencia en Medio Oriente, el Gobierno public\u00f3 un comunicado en el que repudia el ataque de Ir\u00e1n a Israel.<\/p>\n<p>&#8220;La Oficina del Presidente condena el vil ataque perpetrado por la Rep\u00fablica Isl\u00e1mica de Ir\u00e1n contra el Estado de Israel, mediante el lanzamiento masivo de misiles y drones dirigidos contra poblaci\u00f3n civil, y repudia la reciente designaci\u00f3n de Ahmad Vahidi, uno de los principales imputados por el atentado a la AMIA que provoc\u00f3 la muerte de 85 personas, como Comandante de la Guardia Revolucionaria Isl\u00e1mica&#8221;, se lee en el escrito.<\/p>\n<p>Luego, apunta contra Vahidi: &#8220;Un militar con trayectoria vinculada a operaciones terroristas, tiene pedido de captura internacional y pesa sobre \u00e9l, desde 2007, una alerta roja de Interpol por su presunta responsabilidad como autor intelectual del atentado a la Asociaci\u00f3n Mutual Israelita Argentina&#8221;.<\/p>\n<p>&#8220;Seg\u00fan la investigaci\u00f3n llevada adelante por el fiscal Alberto Nisman, Vahidi encabez\u00f3 la mesa de decisiones que evalu\u00f3 y aprob\u00f3 la propuesta de atacar en suelo argentino en 1994, con el objetivo de enviar un mensaje pol\u00edtico al mundo. Recientemente, la Unidad Fiscal AMIA solicit\u00f3 la instrumentaci\u00f3n del juicio en ausencia para que la Justicia argentina pueda avanzar en la investigaci\u00f3n y el juzgamiento de Vahidi y otros responsables del atentado terrorista m\u00e1s letal de la historia del pa\u00eds&#8221;, agrega el comunicado.<\/p>\n<p>Y concluye: &#8220;La memoria de nuestros 85 asesinados exige que los responsables rindan cuentas, sin privilegios ni amparos internacionales. La designaci\u00f3n de Vahidi constituye una provocaci\u00f3n inaceptable de la Rep\u00fablica Isl\u00e1mica de Ir\u00e1n hacia nuestro pa\u00eds y hacia todos los pueblos libres que defienden la vida y condenan el terrorismo&#8221;.<\/p>\n","protected":false},"excerpt":{"rendered":"<p>Mientras escala la violencia en Medio Oriente, el Gobierno public\u00f3 un comunicado en el que repudia el ataque de Ir\u00e1n a Israel. &#8220;La Oficina del Presidente condena el vil ataque perpetrado por la Rep\u00fablica Isl\u00e1mica de Ir\u00e1n contra el Estado de Israel, mediante el lanzamiento masivo de misiles y drones dirigidos contra poblaci\u00f3n civil, y [&hellip;]<\/p>\n","protected":false},"author":4,"featured_media":191436,"comment_status":"closed","ping_status":"closed","sticky":false,"template":"","format":"standard","meta":{"_joinchat":[],"footnotes":""},"categories":[29],"tags":[],"class_list":{"0":"post-191435","1":"post","2":"type-post","3":"status-publish","4":"format-standard","5":"has-post-thumbnail","7":"category-nacionales"},"yoast_head":"<!-- This site is optimized with the Yoast SEO plugin v27.2 - https:\/\/yoast.com\/product\/yoast-seo-wordpress\/ -->\n<title>El Gobierno conden\u00f3 el ataque de Ir\u00e1n a Israel y apunt\u00f3 contra la designaci\u00f3n de Vahidi - Radio Infinita Goya<\/title>\n<meta name=\"description\" content=\"Mientras escala la violencia en Medio Oriente, el Gobierno public\u00f3 un comunicado en el que repudia el ataque de Ir\u00e1n a Israel. &quot;La Oficina del Presidente\" \/>\n<meta name=\"robots\" content=\"index, follow, max-snippet:-1, max-image-preview:large, max-video-preview:-1\" \/>\n<link rel=\"canonical\" href=\"https:\/\/radioinfinitagoya.com.ar\/v1\/2025\/06\/15\/el-gobierno-condeno-el-ataque-de-iran-a-israel-y-apunto-contra-la-designacion-de-vahidi\/\" \/>\n<meta property=\"og:locale\" content=\"es_ES\" \/>\n<meta property=\"og:type\" content=\"article\" \/>\n<meta property=\"og:title\" content=\"El Gobierno conden\u00f3 el ataque de Ir\u00e1n a Israel y apunt\u00f3 contra la designaci\u00f3n de Vahidi - Radio Infinita Goya\" \/>\n<meta property=\"og:description\" content=\"Mientras escala la violencia en Medio Oriente, el Gobierno public\u00f3 un comunicado en el que repudia el ataque de Ir\u00e1n a Israel. &quot;La Oficina del Presidente\" \/>\n<meta property=\"og:url\" content=\"https:\/\/radioinfinitagoya.com.ar\/v1\/2025\/06\/15\/el-gobierno-condeno-el-ataque-de-iran-a-israel-y-apunto-contra-la-designacion-de-vahidi\/\" \/>\n<meta property=\"og:site_name\" content=\"Radio Infinita Goya\" \/>\n<meta property=\"article:publisher\" content=\"https:\/\/www.facebook.com\/p\/Infinita-Goya-100063870918311\/\" \/>\n<meta property=\"article:published_time\" content=\"2025-06-15T21:28:24+00:00\" \/>\n<meta property=\"og:image\" content=\"https:\/\/radioinfinitagoya.com.ar\/v1\/wp-content\/uploads\/2025\/06\/1750017428861.webp\" \/>\n\t<meta property=\"og:image:width\" content=\"1200\" \/>\n\t<meta property=\"og:image:height\" content=\"675\" \/>\n\t<meta property=\"og:image:type\" content=\"image\/webp\" \/>\n<meta name=\"author\" content=\"Jorge Mi\u00f1o\" \/>\n<meta name=\"twitter:card\" content=\"summary_large_image\" \/>\n<meta name=\"twitter:label1\" content=\"Escrito por\" \/>\n\t<meta name=\"twitter:data1\" content=\"Jorge Mi\u00f1o\" \/>\n\t<meta name=\"twitter:label2\" content=\"Tiempo de lectura\" \/>\n\t<meta name=\"twitter:data2\" content=\"2 minutos\" \/>\n<script type=\"application\/ld+json\" class=\"yoast-schema-graph\">{\"@context\":\"https:\/\/schema.org\",\"@graph\":[{\"@type\":\"Article\",\"@id\":\"https:\/\/radioinfinitagoya.com.ar\/v1\/2025\/06\/15\/el-gobierno-condeno-el-ataque-de-iran-a-israel-y-apunto-contra-la-designacion-de-vahidi\/#article\",\"isPartOf\":{\"@id\":\"https:\/\/radioinfinitagoya.com.ar\/v1\/2025\/06\/15\/el-gobierno-condeno-el-ataque-de-iran-a-israel-y-apunto-contra-la-designacion-de-vahidi\/\"},\"author\":{\"name\":\"Jorge Mi\u00f1o\",\"@id\":\"https:\/\/radioinfinitagoya.com.ar\/v1\/#\/schema\/person\/d4cf9c413d4f6edb24aabdccab49ca4a\"},\"headline\":\"El Gobierno conden\u00f3 el ataque de Ir\u00e1n a Israel y apunt\u00f3 contra la designaci\u00f3n de Vahidi\",\"datePublished\":\"2025-06-15T21:28:24+00:00\",\"mainEntityOfPage\":{\"@id\":\"https:\/\/radioinfinitagoya.com.ar\/v1\/2025\/06\/15\/el-gobierno-condeno-el-ataque-de-iran-a-israel-y-apunto-contra-la-designacion-de-vahidi\/\"},\"wordCount\":302,\"publisher\":{\"@id\":\"https:\/\/radioinfinitagoya.com.ar\/v1\/#organization\"},\"image\":{\"@id\":\"https:\/\/radioinfinitagoya.com.ar\/v1\/2025\/06\/15\/el-gobierno-condeno-el-ataque-de-iran-a-israel-y-apunto-contra-la-designacion-de-vahidi\/#primaryimage\"},\"thumbnailUrl\":\"https:\/\/radioinfinitagoya.com.ar\/v1\/wp-content\/uploads\/2025\/06\/1750017428861.webp\",\"articleSection\":[\"NACIONALES\"],\"inLanguage\":\"es-AR\"},{\"@type\":\"WebPage\",\"@id\":\"https:\/\/radioinfinitagoya.com.ar\/v1\/2025\/06\/15\/el-gobierno-condeno-el-ataque-de-iran-a-israel-y-apunto-contra-la-designacion-de-vahidi\/\",\"url\":\"https:\/\/radioinfinitagoya.com.ar\/v1\/2025\/06\/15\/el-gobierno-condeno-el-ataque-de-iran-a-israel-y-apunto-contra-la-designacion-de-vahidi\/\",\"name\":\"El Gobierno conden\u00f3 el ataque de Ir\u00e1n a Israel y apunt\u00f3 contra la designaci\u00f3n de Vahidi - Radio Infinita Goya\",\"isPartOf\":{\"@id\":\"https:\/\/radioinfinitagoya.com.ar\/v1\/#website\"},\"primaryImageOfPage\":{\"@id\":\"https:\/\/radioinfinitagoya.com.ar\/v1\/2025\/06\/15\/el-gobierno-condeno-el-ataque-de-iran-a-israel-y-apunto-contra-la-designacion-de-vahidi\/#primaryimage\"},\"image\":{\"@id\":\"https:\/\/radioinfinitagoya.com.ar\/v1\/2025\/06\/15\/el-gobierno-condeno-el-ataque-de-iran-a-israel-y-apunto-contra-la-designacion-de-vahidi\/#primaryimage\"},\"thumbnailUrl\":\"https:\/\/radioinfinitagoya.com.ar\/v1\/wp-content\/uploads\/2025\/06\/1750017428861.webp\",\"datePublished\":\"2025-06-15T21:28:24+00:00\",\"description\":\"Mientras escala la violencia en Medio Oriente, el Gobierno public\u00f3 un comunicado en el que repudia el ataque de Ir\u00e1n a Israel. \\\"La Oficina del Presidente\",\"breadcrumb\":{\"@id\":\"https:\/\/radioinfinitagoya.com.ar\/v1\/2025\/06\/15\/el-gobierno-condeno-el-ataque-de-iran-a-israel-y-apunto-contra-la-designacion-de-vahidi\/#breadcrumb\"},\"inLanguage\":\"es-AR\",\"potentialAction\":[{\"@type\":\"ReadAction\",\"target\":[\"https:\/\/radioinfinitagoya.com.ar\/v1\/2025\/06\/15\/el-gobierno-condeno-el-ataque-de-iran-a-israel-y-apunto-contra-la-designacion-de-vahidi\/\"]}]},{\"@type\":\"ImageObject\",\"inLanguage\":\"es-AR\",\"@id\":\"https:\/\/radioinfinitagoya.com.ar\/v1\/2025\/06\/15\/el-gobierno-condeno-el-ataque-de-iran-a-israel-y-apunto-contra-la-designacion-de-vahidi\/#primaryimage\",\"url\":\"https:\/\/radioinfinitagoya.com.ar\/v1\/wp-content\/uploads\/2025\/06\/1750017428861.webp\",\"contentUrl\":\"https:\/\/radioinfinitagoya.com.ar\/v1\/wp-content\/uploads\/2025\/06\/1750017428861.webp\",\"width\":1200,\"height\":675},{\"@type\":\"BreadcrumbList\",\"@id\":\"https:\/\/radioinfinitagoya.com.ar\/v1\/2025\/06\/15\/el-gobierno-condeno-el-ataque-de-iran-a-israel-y-apunto-contra-la-designacion-de-vahidi\/#breadcrumb\",\"itemListElement\":[{\"@type\":\"ListItem\",\"position\":1,\"name\":\"Inicio\",\"item\":\"https:\/\/radioinfinitagoya.com.ar\/v1\/\"},{\"@type\":\"ListItem\",\"position\":2,\"name\":\"El Gobierno conden\u00f3 el ataque de Ir\u00e1n a Israel y apunt\u00f3 contra la designaci\u00f3n de Vahidi\"}]},{\"@type\":\"WebSite\",\"@id\":\"https:\/\/radioinfinitagoya.com.ar\/v1\/#website\",\"url\":\"https:\/\/radioinfinitagoya.com.ar\/v1\/\",\"name\":\"radioinfinitagoya.com.ar\",\"description\":\"Radio de noticias\",\"publisher\":{\"@id\":\"https:\/\/radioinfinitagoya.com.ar\/v1\/#organization\"},\"potentialAction\":[{\"@type\":\"SearchAction\",\"target\":{\"@type\":\"EntryPoint\",\"urlTemplate\":\"https:\/\/radioinfinitagoya.com.ar\/v1\/?s={search_term_string}\"},\"query-input\":{\"@type\":\"PropertyValueSpecification\",\"valueRequired\":true,\"valueName\":\"search_term_string\"}}],\"inLanguage\":\"es-AR\"},{\"@type\":\"Organization\",\"@id\":\"https:\/\/radioinfinitagoya.com.ar\/v1\/#organization\",\"name\":\"Radio Infinita Goya\",\"url\":\"https:\/\/radioinfinitagoya.com.ar\/v1\/\",\"logo\":{\"@type\":\"ImageObject\",\"inLanguage\":\"es-AR\",\"@id\":\"https:\/\/radioinfinitagoya.com.ar\/v1\/#\/schema\/logo\/image\/\",\"url\":\"https:\/\/radioinfinitagoya.com.ar\/v1\/wp-content\/uploads\/2019\/11\/logo-pie-web.png\",\"contentUrl\":\"https:\/\/radioinfinitagoya.com.ar\/v1\/wp-content\/uploads\/2019\/11\/logo-pie-web.png\",\"width\":635,\"height\":326,\"caption\":\"Radio Infinita Goya\"},\"image\":{\"@id\":\"https:\/\/radioinfinitagoya.com.ar\/v1\/#\/schema\/logo\/image\/\"},\"sameAs\":[\"https:\/\/www.facebook.com\/p\/Infinita-Goya-100063870918311\/\"]},{\"@type\":\"Person\",\"@id\":\"https:\/\/radioinfinitagoya.com.ar\/v1\/#\/schema\/person\/d4cf9c413d4f6edb24aabdccab49ca4a\",\"name\":\"Jorge Mi\u00f1o\",\"image\":{\"@type\":\"ImageObject\",\"inLanguage\":\"es-AR\",\"@id\":\"https:\/\/secure.gravatar.com\/avatar\/910fcf6728fe95320e07a6643c1581fec1c7fc4bf8ae12e3d8f0d0373dc844be?s=96&d=mm&r=g\",\"url\":\"https:\/\/secure.gravatar.com\/avatar\/910fcf6728fe95320e07a6643c1581fec1c7fc4bf8ae12e3d8f0d0373dc844be?s=96&d=mm&r=g\",\"contentUrl\":\"https:\/\/secure.gravatar.com\/avatar\/910fcf6728fe95320e07a6643c1581fec1c7fc4bf8ae12e3d8f0d0373dc844be?s=96&d=mm&r=g\",\"caption\":\"Jorge Mi\u00f1o\"},\"sameAs\":[\"http:\/\/radioinfinitagoya.com.ar\"]}]}<\/script>\n<!-- \/ Yoast SEO plugin. -->","yoast_head_json":{"title":"El Gobierno conden\u00f3 el ataque de Ir\u00e1n a Israel y apunt\u00f3 contra la designaci\u00f3n de Vahidi - Radio Infinita Goya","description":"Mientras escala la violencia en Medio Oriente, el Gobierno public\u00f3 un comunicado en el que repudia el ataque de Ir\u00e1n a Israel. \"La Oficina del Presidente","robots":{"index":"index","follow":"follow","max-snippet":"max-snippet:-1","max-image-preview":"max-image-preview:large","max-video-preview":"max-video-preview:-1"},"canonical":"https:\/\/radioinfinitagoya.com.ar\/v1\/2025\/06\/15\/el-gobierno-condeno-el-ataque-de-iran-a-israel-y-apunto-contra-la-designacion-de-vahidi\/","og_locale":"es_ES","og_type":"article","og_title":"El Gobierno conden\u00f3 el ataque de Ir\u00e1n a Israel y apunt\u00f3 contra la designaci\u00f3n de Vahidi - Radio Infinita Goya","og_description":"Mientras escala la violencia en Medio Oriente, el Gobierno public\u00f3 un comunicado en el que repudia el ataque de Ir\u00e1n a Israel. \"La Oficina del Presidente","og_url":"https:\/\/radioinfinitagoya.com.ar\/v1\/2025\/06\/15\/el-gobierno-condeno-el-ataque-de-iran-a-israel-y-apunto-contra-la-designacion-de-vahidi\/","og_site_name":"Radio Infinita Goya","article_publisher":"https:\/\/www.facebook.com\/p\/Infinita-Goya-100063870918311\/","article_published_time":"2025-06-15T21:28:24+00:00","og_image":[{"width":1200,"height":675,"url":"https:\/\/radioinfinitagoya.com.ar\/v1\/wp-content\/uploads\/2025\/06\/1750017428861.webp","type":"image\/webp"}],"author":"Jorge Mi\u00f1o","twitter_card":"summary_large_image","twitter_misc":{"Escrito por":"Jorge Mi\u00f1o","Tiempo de lectura":"2 minutos"},"schema":{"@context":"https:\/\/schema.org","@graph":[{"@type":"Article","@id":"https:\/\/radioinfinitagoya.com.ar\/v1\/2025\/06\/15\/el-gobierno-condeno-el-ataque-de-iran-a-israel-y-apunto-contra-la-designacion-de-vahidi\/#article","isPartOf":{"@id":"https:\/\/radioinfinitagoya.com.ar\/v1\/2025\/06\/15\/el-gobierno-condeno-el-ataque-de-iran-a-israel-y-apunto-contra-la-designacion-de-vahidi\/"},"author":{"name":"Jorge Mi\u00f1o","@id":"https:\/\/radioinfinitagoya.com.ar\/v1\/#\/schema\/person\/d4cf9c413d4f6edb24aabdccab49ca4a"},"headline":"El Gobierno conden\u00f3 el ataque de Ir\u00e1n a Israel y apunt\u00f3 contra la designaci\u00f3n de Vahidi","datePublished":"2025-06-15T21:28:24+00:00","mainEntityOfPage":{"@id":"https:\/\/radioinfinitagoya.com.ar\/v1\/2025\/06\/15\/el-gobierno-condeno-el-ataque-de-iran-a-israel-y-apunto-contra-la-designacion-de-vahidi\/"},"wordCount":302,"publisher":{"@id":"https:\/\/radioinfinitagoya.com.ar\/v1\/#organization"},"image":{"@id":"https:\/\/radioinfinitagoya.com.ar\/v1\/2025\/06\/15\/el-gobierno-condeno-el-ataque-de-iran-a-israel-y-apunto-contra-la-designacion-de-vahidi\/#primaryimage"},"thumbnailUrl":"https:\/\/radioinfinitagoya.com.ar\/v1\/wp-content\/uploads\/2025\/06\/1750017428861.webp","articleSection":["NACIONALES"],"inLanguage":"es-AR"},{"@type":"WebPage","@id":"https:\/\/radioinfinitagoya.com.ar\/v1\/2025\/06\/15\/el-gobierno-condeno-el-ataque-de-iran-a-israel-y-apunto-contra-la-designacion-de-vahidi\/","url":"https:\/\/radioinfinitagoya.com.ar\/v1\/2025\/06\/15\/el-gobierno-condeno-el-ataque-de-iran-a-israel-y-apunto-contra-la-designacion-de-vahidi\/","name":"El Gobierno conden\u00f3 el ataque de Ir\u00e1n a Israel y apunt\u00f3 contra la designaci\u00f3n de Vahidi - Radio Infinita Goya","isPartOf":{"@id":"https:\/\/radioinfinitagoya.com.ar\/v1\/#website"},"primaryImageOfPage":{"@id":"https:\/\/radioinfinitagoya.com.ar\/v1\/2025\/06\/15\/el-gobierno-condeno-el-ataque-de-iran-a-israel-y-apunto-contra-la-designacion-de-vahidi\/#primaryimage"},"image":{"@id":"https:\/\/radioinfinitagoya.com.ar\/v1\/2025\/06\/15\/el-gobierno-condeno-el-ataque-de-iran-a-israel-y-apunto-contra-la-designacion-de-vahidi\/#primaryimage"},"thumbnailUrl":"https:\/\/radioinfinitagoya.com.ar\/v1\/wp-content\/uploads\/2025\/06\/1750017428861.webp","datePublished":"2025-06-15T21:28:24+00:00","description":"Mientras escala la violencia en Medio Oriente, el Gobierno public\u00f3 un comunicado en el que repudia el ataque de Ir\u00e1n a Israel. \"La Oficina del Presidente","breadcrumb":{"@id":"https:\/\/radioinfinitagoya.com.ar\/v1\/2025\/06\/15\/el-gobierno-condeno-el-ataque-de-iran-a-israel-y-apunto-contra-la-designacion-de-vahidi\/#breadcrumb"},"inLanguage":"es-AR","potentialAction":[{"@type":"ReadAction","target":["https:\/\/radioinfinitagoya.com.ar\/v1\/2025\/06\/15\/el-gobierno-condeno-el-ataque-de-iran-a-israel-y-apunto-contra-la-designacion-de-vahidi\/"]}]},{"@type":"ImageObject","inLanguage":"es-AR","@id":"https:\/\/radioinfinitagoya.com.ar\/v1\/2025\/06\/15\/el-gobierno-condeno-el-ataque-de-iran-a-israel-y-apunto-contra-la-designacion-de-vahidi\/#primaryimage","url":"https:\/\/radioinfinitagoya.com.ar\/v1\/wp-content\/uploads\/2025\/06\/1750017428861.webp","contentUrl":"https:\/\/radioinfinitagoya.com.ar\/v1\/wp-content\/uploads\/2025\/06\/1750017428861.webp","width":1200,"height":675},{"@type":"BreadcrumbList","@id":"https:\/\/radioinfinitagoya.com.ar\/v1\/2025\/06\/15\/el-gobierno-condeno-el-ataque-de-iran-a-israel-y-apunto-contra-la-designacion-de-vahidi\/#breadcrumb","itemListElement":[{"@type":"ListItem","position":1,"name":"Inicio","item":"https:\/\/radioinfinitagoya.com.ar\/v1\/"},{"@type":"ListItem","position":2,"name":"El Gobierno conden\u00f3 el ataque de Ir\u00e1n a Israel y apunt\u00f3 contra la designaci\u00f3n de Vahidi"}]},{"@type":"WebSite","@id":"https:\/\/radioinfinitagoya.com.ar\/v1\/#website","url":"https:\/\/radioinfinitagoya.com.ar\/v1\/","name":"radioinfinitagoya.com.ar","description":"Radio de noticias","publisher":{"@id":"https:\/\/radioinfinitagoya.com.ar\/v1\/#organization"},"potentialAction":[{"@type":"SearchAction","target":{"@type":"EntryPoint","urlTemplate":"https:\/\/radioinfinitagoya.com.ar\/v1\/?s={search_term_string}"},"query-input":{"@type":"PropertyValueSpecification","valueRequired":true,"valueName":"search_term_string"}}],"inLanguage":"es-AR"},{"@type":"Organization","@id":"https:\/\/radioinfinitagoya.com.ar\/v1\/#organization","name":"Radio Infinita Goya","url":"https:\/\/radioinfinitagoya.com.ar\/v1\/","logo":{"@type":"ImageObject","inLanguage":"es-AR","@id":"https:\/\/radioinfinitagoya.com.ar\/v1\/#\/schema\/logo\/image\/","url":"https:\/\/radioinfinitagoya.com.ar\/v1\/wp-content\/uploads\/2019\/11\/logo-pie-web.png","contentUrl":"https:\/\/radioinfinitagoya.com.ar\/v1\/wp-content\/uploads\/2019\/11\/logo-pie-web.png","width":635,"height":326,"caption":"Radio Infinita Goya"},"image":{"@id":"https:\/\/radioinfinitagoya.com.ar\/v1\/#\/schema\/logo\/image\/"},"sameAs":["https:\/\/www.facebook.com\/p\/Infinita-Goya-100063870918311\/"]},{"@type":"Person","@id":"https:\/\/radioinfinitagoya.com.ar\/v1\/#\/schema\/person\/d4cf9c413d4f6edb24aabdccab49ca4a","name":"Jorge Mi\u00f1o","image":{"@type":"ImageObject","inLanguage":"es-AR","@id":"https:\/\/secure.gravatar.com\/avatar\/910fcf6728fe95320e07a6643c1581fec1c7fc4bf8ae12e3d8f0d0373dc844be?s=96&d=mm&r=g","url":"https:\/\/secure.gravatar.com\/avatar\/910fcf6728fe95320e07a6643c1581fec1c7fc4bf8ae12e3d8f0d0373dc844be?s=96&d=mm&r=g","contentUrl":"https:\/\/secure.gravatar.com\/avatar\/910fcf6728fe95320e07a6643c1581fec1c7fc4bf8ae12e3d8f0d0373dc844be?s=96&d=mm&r=g","caption":"Jorge Mi\u00f1o"},"sameAs":["http:\/\/radioinfinitagoya.com.ar"]}]}},"_links":{"self":[{"href":"https:\/\/radioinfinitagoya.com.ar\/v1\/wp-json\/wp\/v2\/posts\/191435","targetHints":{"allow":["GET"]}}],"collection":[{"href":"https:\/\/radioinfinitagoya.com.ar\/v1\/wp-json\/wp\/v2\/posts"}],"about":[{"href":"https:\/\/radioinfinitagoya.com.ar\/v1\/wp-json\/wp\/v2\/types\/post"}],"author":[{"embeddable":true,"href":"https:\/\/radioinfinitagoya.com.ar\/v1\/wp-json\/wp\/v2\/users\/4"}],"replies":[{"embeddable":true,"href":"https:\/\/radioinfinitagoya.com.ar\/v1\/wp-json\/wp\/v2\/comments?post=191435"}],"version-history":[{"count":0,"href":"https:\/\/radioinfinitagoya.com.ar\/v1\/wp-json\/wp\/v2\/posts\/191435\/revisions"}],"wp:featuredmedia":[{"embeddable":true,"href":"https:\/\/radioinfinitagoya.com.ar\/v1\/wp-json\/wp\/v2\/media\/191436"}],"wp:attachment":[{"href":"https:\/\/radioinfinitagoya.com.ar\/v1\/wp-json\/wp\/v2\/media?parent=191435"}],"wp:term":[{"taxonomy":"category","embeddable":true,"href":"https:\/\/radioinfinitagoya.com.ar\/v1\/wp-json\/wp\/v2\/categories?post=191435"},{"taxonomy":"post_tag","embeddable":true,"href":"https:\/\/radioinfinitagoya.com.ar\/v1\/wp-json\/wp\/v2\/tags?post=191435"}],"curies":[{"name":"wp","href":"https:\/\/api.w.org\/{rel}","templated":true}]}}