{"id":191438,"date":"2025-06-15T18:33:18","date_gmt":"2025-06-15T21:33:18","guid":{"rendered":"https:\/\/radioinfinitagoya.com.ar\/v1\/?p=191438"},"modified":"2025-06-15T18:33:18","modified_gmt":"2025-06-15T21:33:18","slug":"el-mensaje-del-incucai-a-los-padres-del-nino-baleado","status":"publish","type":"post","link":"https:\/\/radioinfinitagoya.com.ar\/v1\/2025\/06\/15\/el-mensaje-del-incucai-a-los-padres-del-nino-baleado\/","title":{"rendered":"El mensaje del Incucai a los padres del ni\u00f1o baleado"},"content":{"rendered":"<p>&#8220;Thiago salv\u00f3 cuatro vidas&#8221;<\/p>\n<p>La familia de Thiago Correa, el ni\u00f1o de 7 a\u00f1os baleado por un polic\u00eda de civil, tom\u00f3 la decisi\u00f3n de donar sus \u00f3rganos luego de su muerte<\/p>\n<p>La familia de Thiago Correa, el ni\u00f1o de 7 a\u00f1os asesinado de un tiro a la cabeza por un polic\u00eda de civil en la localidad de Ciudad Evita, en La Matanza, salv\u00f3 cuatro vidas gracias a la decisi\u00f3n de donar sus \u00f3rganos luego de la declaraci\u00f3n de su muerte cerebral, diagnosticada el 6 de junio.<\/p>\n<p>Seg\u00fan le inform\u00f3 el Instituto Nacional Central \u00danico Coordinador de Ablaci\u00f3n e Implante (Incucai) a la familia del ni\u00f1o, el coraz\u00f3n, el h\u00edgado y los dos ri\u00f1ones fueron transplantados a otras personas, trat\u00e1ndose en su mayor\u00eda de menores de edad.<\/p>\n<p>El ente nacional que se dedica a la donaci\u00f3n de \u00f3rganos le especific\u00f3 a Daira Medina, la madre de Thiago, el destino de cada uno. &#8220;El coraz\u00f3n lo recibi\u00f3 un nene de 4 a\u00f1os; el ri\u00f1\u00f3n izquierdo, un nene de 5; el h\u00edgado se implant\u00f3 en una nena de 13 a\u00f1os; y el ri\u00f1\u00f3n derecho, en una mujer de 46 a\u00f1os&#8221;, le dijeron en un mensaje.<\/p>\n<p>El mismo texto cerraba agradeci\u00e9ndoles que &#8220;Thiago salv\u00f3 cuatro vidas&#8221; por el &#8220;enorme gesto de amor tuyo y de Fabi\u00e1n&#8221;. Adem\u00e1s, les afirmaron a los padres del ni\u00f1o que las personas beneficiadas por su decisi\u00f3n &#8220;recuperaron su calidad de vida&#8221;.<\/p>\n<p>Una decisi\u00f3n solidaria<\/p>\n<p>Fabi\u00e1n Correa coment\u00f3 el dif\u00edcil contexto en el que decidieron habilitar que los \u00f3rganos de su hijo sean donados. &#8220;El viernes, cuando el Incucai nos comunica que tuvo muerte cerebral, con la madre tomamos la decisi\u00f3n muy dif\u00edcil de donar sus \u00f3rganos&#8221;, algo que consider\u00f3 &#8220;la mejor elecci\u00f3n&#8221;.<\/p>\n<p>Adem\u00e1s, el hombre destac\u00f3 que el mensaje sobre los receptores les dio a \u00e9l y a su pareja &#8220;un poco de tranquilidad dentro de tanto dolor&#8221;. &#8220;Creo que Thiago va a estar en los corazones de todos. El d\u00eda de ma\u00f1ana, cuando estemos en la plaza viendo chicos jugar, vamos a sentir que \u00e9l est\u00e1 ah\u00ed entre nosotros&#8221;, agreg\u00f3. Por \u00faltimo, el padre de Thiago reconoci\u00f3 que la noticia &#8220;trajo tranquilidad, fuerzas y un poco de alegr\u00eda&#8221;.<\/p>\n<p>La tragedia y el caso judicial<\/p>\n<p>El mi\u00e9rcoles 4 de junio, minutos antes de la medianoche, Thiago esperaba un colectivo junto a su padre en la localidad de Ciudad Evita, en La Matanza, cuando fue herido de muerte por un disparo efectuado por el agente de la Polic\u00eda Federal, Facundo Aguilar Fajardo, quien estaba de civil cuando reaccion\u00f3 intempestivamente con su arma reglamentaria frente a un presunto intento de robo.<\/p>\n<p>El efectivo de 21 a\u00f1os se encuentra con prisi\u00f3n preventiva por decisi\u00f3n del juez de Garant\u00edas N\u00ba 3 de La Matanza, Rub\u00e9n Ochipinti, quien tambi\u00e9n le neg\u00f3 el pedido de excarcelaci\u00f3n. El juez actu\u00f3 en sinton\u00eda con el fiscal de Homicidios de La Matanza, Diego Rulli, quien observ\u00f3 en las c\u00e1maras de seguridad que los ladrones huyeron sin disparar pero que el polic\u00eda los persigui\u00f3 a los tiros. El polic\u00eda de la fuerza federal le dijo al fiscal que \u201cen ning\u00fan momento se me pas\u00f3 por la cabeza que a 200 metros iba a estar un nene\u201d y le pidi\u00f3 una reconstrucci\u00f3n de los hechos.<\/p>\n<p>Aguilar Fajardo qued\u00f3 imputado por homicidio agravado por el uso de arma de fuego, lesiones graves reiteradas y lesiones grav\u00edsimas culposas, todo en concurso ideal y bajo la figura de exceso en la leg\u00edtima defensa, ya que les dispar\u00f3 once veces a quienes quisieron robarle. El joven de 21 a\u00f1os podr\u00eda enfrentarse a una pena de entre 8 y 25 a\u00f1os de prisi\u00f3n.<\/p>\n<p>Respecto de los delincuentes, el polic\u00eda mat\u00f3 a Brandon Corpus Antelo, de 18 a\u00f1os, e hiri\u00f3 a otros dos, Uriel Emanuel Leiva y Uriel Alexis Montenovo, que fueron detenidos esa misma noche por el delito de robo doblemente agravado con participaci\u00f3n de un menor y utilizaci\u00f3n de un arma de utiler\u00eda.<\/p>\n<p>El cuarto atacante, Zacar\u00edas Joaqu\u00edn L\u00f3pez, se hab\u00eda dado a la fuga en las primeras horas posteriores a los hechos, pero fue detenido d\u00edas m\u00e1s tarde bajo los mismos cargos que los dem\u00e1s.<\/p>\n","protected":false},"excerpt":{"rendered":"<p>&#8220;Thiago salv\u00f3 cuatro vidas&#8221; La familia de Thiago Correa, el ni\u00f1o de 7 a\u00f1os baleado por un polic\u00eda de civil, tom\u00f3 la decisi\u00f3n de donar sus \u00f3rganos luego de su muerte La familia de Thiago Correa, el ni\u00f1o de 7 a\u00f1os asesinado de un tiro a la cabeza por un polic\u00eda de civil en la [&hellip;]<\/p>\n","protected":false},"author":4,"featured_media":191439,"comment_status":"closed","ping_status":"closed","sticky":false,"template":"","format":"standard","meta":{"_joinchat":[],"footnotes":""},"categories":[29],"tags":[],"class_list":{"0":"post-191438","1":"post","2":"type-post","3":"status-publish","4":"format-standard","5":"has-post-thumbnail","7":"category-nacionales"},"yoast_head":"<!-- This site is optimized with the Yoast SEO plugin v27.2 - https:\/\/yoast.com\/product\/yoast-seo-wordpress\/ -->\n<title>El mensaje del Incucai a los padres del ni\u00f1o baleado - Radio Infinita Goya<\/title>\n<meta name=\"description\" content=\"&quot;Thiago salv\u00f3 cuatro vidas&quot; La familia de Thiago Correa, el ni\u00f1o de 7 a\u00f1os baleado por un polic\u00eda de civil, tom\u00f3 la decisi\u00f3n de donar sus \u00f3rganos luego de\" \/>\n<meta name=\"robots\" content=\"index, follow, max-snippet:-1, max-image-preview:large, max-video-preview:-1\" \/>\n<link rel=\"canonical\" href=\"https:\/\/radioinfinitagoya.com.ar\/v1\/2025\/06\/15\/el-mensaje-del-incucai-a-los-padres-del-nino-baleado\/\" \/>\n<meta property=\"og:locale\" content=\"es_ES\" \/>\n<meta property=\"og:type\" content=\"article\" \/>\n<meta property=\"og:title\" content=\"El mensaje del Incucai a los padres del ni\u00f1o baleado - Radio Infinita Goya\" \/>\n<meta property=\"og:description\" content=\"&quot;Thiago salv\u00f3 cuatro vidas&quot; La familia de Thiago Correa, el ni\u00f1o de 7 a\u00f1os baleado por un polic\u00eda de civil, tom\u00f3 la decisi\u00f3n de donar sus \u00f3rganos luego de\" \/>\n<meta property=\"og:url\" content=\"https:\/\/radioinfinitagoya.com.ar\/v1\/2025\/06\/15\/el-mensaje-del-incucai-a-los-padres-del-nino-baleado\/\" \/>\n<meta property=\"og:site_name\" content=\"Radio Infinita Goya\" \/>\n<meta property=\"article:publisher\" content=\"https:\/\/www.facebook.com\/p\/Infinita-Goya-100063870918311\/\" \/>\n<meta property=\"article:published_time\" content=\"2025-06-15T21:33:18+00:00\" \/>\n<meta property=\"og:image\" content=\"https:\/\/radioinfinitagoya.com.ar\/v1\/wp-content\/uploads\/2025\/06\/GtgdUv6WQAAWHcI.jpg\" \/>\n\t<meta property=\"og:image:width\" content=\"480\" \/>\n\t<meta property=\"og:image:height\" content=\"300\" \/>\n\t<meta property=\"og:image:type\" content=\"image\/jpeg\" \/>\n<meta name=\"author\" content=\"Jorge Mi\u00f1o\" \/>\n<meta name=\"twitter:card\" content=\"summary_large_image\" \/>\n<meta name=\"twitter:label1\" content=\"Escrito por\" \/>\n\t<meta name=\"twitter:data1\" content=\"Jorge Mi\u00f1o\" \/>\n\t<meta name=\"twitter:label2\" content=\"Tiempo de lectura\" \/>\n\t<meta name=\"twitter:data2\" content=\"4 minutos\" \/>\n<script type=\"application\/ld+json\" class=\"yoast-schema-graph\">{\"@context\":\"https:\/\/schema.org\",\"@graph\":[{\"@type\":\"Article\",\"@id\":\"https:\/\/radioinfinitagoya.com.ar\/v1\/2025\/06\/15\/el-mensaje-del-incucai-a-los-padres-del-nino-baleado\/#article\",\"isPartOf\":{\"@id\":\"https:\/\/radioinfinitagoya.com.ar\/v1\/2025\/06\/15\/el-mensaje-del-incucai-a-los-padres-del-nino-baleado\/\"},\"author\":{\"name\":\"Jorge Mi\u00f1o\",\"@id\":\"https:\/\/radioinfinitagoya.com.ar\/v1\/#\/schema\/person\/d4cf9c413d4f6edb24aabdccab49ca4a\"},\"headline\":\"El mensaje del Incucai a los padres del ni\u00f1o baleado\",\"datePublished\":\"2025-06-15T21:33:18+00:00\",\"mainEntityOfPage\":{\"@id\":\"https:\/\/radioinfinitagoya.com.ar\/v1\/2025\/06\/15\/el-mensaje-del-incucai-a-los-padres-del-nino-baleado\/\"},\"wordCount\":751,\"publisher\":{\"@id\":\"https:\/\/radioinfinitagoya.com.ar\/v1\/#organization\"},\"image\":{\"@id\":\"https:\/\/radioinfinitagoya.com.ar\/v1\/2025\/06\/15\/el-mensaje-del-incucai-a-los-padres-del-nino-baleado\/#primaryimage\"},\"thumbnailUrl\":\"https:\/\/radioinfinitagoya.com.ar\/v1\/wp-content\/uploads\/2025\/06\/GtgdUv6WQAAWHcI.jpg\",\"articleSection\":[\"NACIONALES\"],\"inLanguage\":\"es-AR\"},{\"@type\":\"WebPage\",\"@id\":\"https:\/\/radioinfinitagoya.com.ar\/v1\/2025\/06\/15\/el-mensaje-del-incucai-a-los-padres-del-nino-baleado\/\",\"url\":\"https:\/\/radioinfinitagoya.com.ar\/v1\/2025\/06\/15\/el-mensaje-del-incucai-a-los-padres-del-nino-baleado\/\",\"name\":\"El mensaje del Incucai a los padres del ni\u00f1o baleado - Radio Infinita Goya\",\"isPartOf\":{\"@id\":\"https:\/\/radioinfinitagoya.com.ar\/v1\/#website\"},\"primaryImageOfPage\":{\"@id\":\"https:\/\/radioinfinitagoya.com.ar\/v1\/2025\/06\/15\/el-mensaje-del-incucai-a-los-padres-del-nino-baleado\/#primaryimage\"},\"image\":{\"@id\":\"https:\/\/radioinfinitagoya.com.ar\/v1\/2025\/06\/15\/el-mensaje-del-incucai-a-los-padres-del-nino-baleado\/#primaryimage\"},\"thumbnailUrl\":\"https:\/\/radioinfinitagoya.com.ar\/v1\/wp-content\/uploads\/2025\/06\/GtgdUv6WQAAWHcI.jpg\",\"datePublished\":\"2025-06-15T21:33:18+00:00\",\"description\":\"\\\"Thiago salv\u00f3 cuatro vidas\\\" La familia de Thiago Correa, el ni\u00f1o de 7 a\u00f1os baleado por un polic\u00eda de civil, tom\u00f3 la decisi\u00f3n de donar sus \u00f3rganos luego de\",\"breadcrumb\":{\"@id\":\"https:\/\/radioinfinitagoya.com.ar\/v1\/2025\/06\/15\/el-mensaje-del-incucai-a-los-padres-del-nino-baleado\/#breadcrumb\"},\"inLanguage\":\"es-AR\",\"potentialAction\":[{\"@type\":\"ReadAction\",\"target\":[\"https:\/\/radioinfinitagoya.com.ar\/v1\/2025\/06\/15\/el-mensaje-del-incucai-a-los-padres-del-nino-baleado\/\"]}]},{\"@type\":\"ImageObject\",\"inLanguage\":\"es-AR\",\"@id\":\"https:\/\/radioinfinitagoya.com.ar\/v1\/2025\/06\/15\/el-mensaje-del-incucai-a-los-padres-del-nino-baleado\/#primaryimage\",\"url\":\"https:\/\/radioinfinitagoya.com.ar\/v1\/wp-content\/uploads\/2025\/06\/GtgdUv6WQAAWHcI.jpg\",\"contentUrl\":\"https:\/\/radioinfinitagoya.com.ar\/v1\/wp-content\/uploads\/2025\/06\/GtgdUv6WQAAWHcI.jpg\",\"width\":480,\"height\":300},{\"@type\":\"BreadcrumbList\",\"@id\":\"https:\/\/radioinfinitagoya.com.ar\/v1\/2025\/06\/15\/el-mensaje-del-incucai-a-los-padres-del-nino-baleado\/#breadcrumb\",\"itemListElement\":[{\"@type\":\"ListItem\",\"position\":1,\"name\":\"Inicio\",\"item\":\"https:\/\/radioinfinitagoya.com.ar\/v1\/\"},{\"@type\":\"ListItem\",\"position\":2,\"name\":\"El mensaje del Incucai a los padres del ni\u00f1o baleado\"}]},{\"@type\":\"WebSite\",\"@id\":\"https:\/\/radioinfinitagoya.com.ar\/v1\/#website\",\"url\":\"https:\/\/radioinfinitagoya.com.ar\/v1\/\",\"name\":\"radioinfinitagoya.com.ar\",\"description\":\"Radio de noticias\",\"publisher\":{\"@id\":\"https:\/\/radioinfinitagoya.com.ar\/v1\/#organization\"},\"potentialAction\":[{\"@type\":\"SearchAction\",\"target\":{\"@type\":\"EntryPoint\",\"urlTemplate\":\"https:\/\/radioinfinitagoya.com.ar\/v1\/?s={search_term_string}\"},\"query-input\":{\"@type\":\"PropertyValueSpecification\",\"valueRequired\":true,\"valueName\":\"search_term_string\"}}],\"inLanguage\":\"es-AR\"},{\"@type\":\"Organization\",\"@id\":\"https:\/\/radioinfinitagoya.com.ar\/v1\/#organization\",\"name\":\"Radio Infinita Goya\",\"url\":\"https:\/\/radioinfinitagoya.com.ar\/v1\/\",\"logo\":{\"@type\":\"ImageObject\",\"inLanguage\":\"es-AR\",\"@id\":\"https:\/\/radioinfinitagoya.com.ar\/v1\/#\/schema\/logo\/image\/\",\"url\":\"https:\/\/radioinfinitagoya.com.ar\/v1\/wp-content\/uploads\/2019\/11\/logo-pie-web.png\",\"contentUrl\":\"https:\/\/radioinfinitagoya.com.ar\/v1\/wp-content\/uploads\/2019\/11\/logo-pie-web.png\",\"width\":635,\"height\":326,\"caption\":\"Radio Infinita Goya\"},\"image\":{\"@id\":\"https:\/\/radioinfinitagoya.com.ar\/v1\/#\/schema\/logo\/image\/\"},\"sameAs\":[\"https:\/\/www.facebook.com\/p\/Infinita-Goya-100063870918311\/\"]},{\"@type\":\"Person\",\"@id\":\"https:\/\/radioinfinitagoya.com.ar\/v1\/#\/schema\/person\/d4cf9c413d4f6edb24aabdccab49ca4a\",\"name\":\"Jorge Mi\u00f1o\",\"image\":{\"@type\":\"ImageObject\",\"inLanguage\":\"es-AR\",\"@id\":\"https:\/\/secure.gravatar.com\/avatar\/910fcf6728fe95320e07a6643c1581fec1c7fc4bf8ae12e3d8f0d0373dc844be?s=96&d=mm&r=g\",\"url\":\"https:\/\/secure.gravatar.com\/avatar\/910fcf6728fe95320e07a6643c1581fec1c7fc4bf8ae12e3d8f0d0373dc844be?s=96&d=mm&r=g\",\"contentUrl\":\"https:\/\/secure.gravatar.com\/avatar\/910fcf6728fe95320e07a6643c1581fec1c7fc4bf8ae12e3d8f0d0373dc844be?s=96&d=mm&r=g\",\"caption\":\"Jorge Mi\u00f1o\"},\"sameAs\":[\"http:\/\/radioinfinitagoya.com.ar\"]}]}<\/script>\n<!-- \/ Yoast SEO plugin. -->","yoast_head_json":{"title":"El mensaje del Incucai a los padres del ni\u00f1o baleado - Radio Infinita Goya","description":"\"Thiago salv\u00f3 cuatro vidas\" La familia de Thiago Correa, el ni\u00f1o de 7 a\u00f1os baleado por un polic\u00eda de civil, tom\u00f3 la decisi\u00f3n de donar sus \u00f3rganos luego de","robots":{"index":"index","follow":"follow","max-snippet":"max-snippet:-1","max-image-preview":"max-image-preview:large","max-video-preview":"max-video-preview:-1"},"canonical":"https:\/\/radioinfinitagoya.com.ar\/v1\/2025\/06\/15\/el-mensaje-del-incucai-a-los-padres-del-nino-baleado\/","og_locale":"es_ES","og_type":"article","og_title":"El mensaje del Incucai a los padres del ni\u00f1o baleado - Radio Infinita Goya","og_description":"\"Thiago salv\u00f3 cuatro vidas\" La familia de Thiago Correa, el ni\u00f1o de 7 a\u00f1os baleado por un polic\u00eda de civil, tom\u00f3 la decisi\u00f3n de donar sus \u00f3rganos luego de","og_url":"https:\/\/radioinfinitagoya.com.ar\/v1\/2025\/06\/15\/el-mensaje-del-incucai-a-los-padres-del-nino-baleado\/","og_site_name":"Radio Infinita Goya","article_publisher":"https:\/\/www.facebook.com\/p\/Infinita-Goya-100063870918311\/","article_published_time":"2025-06-15T21:33:18+00:00","og_image":[{"width":480,"height":300,"url":"https:\/\/radioinfinitagoya.com.ar\/v1\/wp-content\/uploads\/2025\/06\/GtgdUv6WQAAWHcI.jpg","type":"image\/jpeg"}],"author":"Jorge Mi\u00f1o","twitter_card":"summary_large_image","twitter_misc":{"Escrito por":"Jorge Mi\u00f1o","Tiempo de lectura":"4 minutos"},"schema":{"@context":"https:\/\/schema.org","@graph":[{"@type":"Article","@id":"https:\/\/radioinfinitagoya.com.ar\/v1\/2025\/06\/15\/el-mensaje-del-incucai-a-los-padres-del-nino-baleado\/#article","isPartOf":{"@id":"https:\/\/radioinfinitagoya.com.ar\/v1\/2025\/06\/15\/el-mensaje-del-incucai-a-los-padres-del-nino-baleado\/"},"author":{"name":"Jorge Mi\u00f1o","@id":"https:\/\/radioinfinitagoya.com.ar\/v1\/#\/schema\/person\/d4cf9c413d4f6edb24aabdccab49ca4a"},"headline":"El mensaje del Incucai a los padres del ni\u00f1o baleado","datePublished":"2025-06-15T21:33:18+00:00","mainEntityOfPage":{"@id":"https:\/\/radioinfinitagoya.com.ar\/v1\/2025\/06\/15\/el-mensaje-del-incucai-a-los-padres-del-nino-baleado\/"},"wordCount":751,"publisher":{"@id":"https:\/\/radioinfinitagoya.com.ar\/v1\/#organization"},"image":{"@id":"https:\/\/radioinfinitagoya.com.ar\/v1\/2025\/06\/15\/el-mensaje-del-incucai-a-los-padres-del-nino-baleado\/#primaryimage"},"thumbnailUrl":"https:\/\/radioinfinitagoya.com.ar\/v1\/wp-content\/uploads\/2025\/06\/GtgdUv6WQAAWHcI.jpg","articleSection":["NACIONALES"],"inLanguage":"es-AR"},{"@type":"WebPage","@id":"https:\/\/radioinfinitagoya.com.ar\/v1\/2025\/06\/15\/el-mensaje-del-incucai-a-los-padres-del-nino-baleado\/","url":"https:\/\/radioinfinitagoya.com.ar\/v1\/2025\/06\/15\/el-mensaje-del-incucai-a-los-padres-del-nino-baleado\/","name":"El mensaje del Incucai a los padres del ni\u00f1o baleado - Radio Infinita Goya","isPartOf":{"@id":"https:\/\/radioinfinitagoya.com.ar\/v1\/#website"},"primaryImageOfPage":{"@id":"https:\/\/radioinfinitagoya.com.ar\/v1\/2025\/06\/15\/el-mensaje-del-incucai-a-los-padres-del-nino-baleado\/#primaryimage"},"image":{"@id":"https:\/\/radioinfinitagoya.com.ar\/v1\/2025\/06\/15\/el-mensaje-del-incucai-a-los-padres-del-nino-baleado\/#primaryimage"},"thumbnailUrl":"https:\/\/radioinfinitagoya.com.ar\/v1\/wp-content\/uploads\/2025\/06\/GtgdUv6WQAAWHcI.jpg","datePublished":"2025-06-15T21:33:18+00:00","description":"\"Thiago salv\u00f3 cuatro vidas\" La familia de Thiago Correa, el ni\u00f1o de 7 a\u00f1os baleado por un polic\u00eda de civil, tom\u00f3 la decisi\u00f3n de donar sus \u00f3rganos luego de","breadcrumb":{"@id":"https:\/\/radioinfinitagoya.com.ar\/v1\/2025\/06\/15\/el-mensaje-del-incucai-a-los-padres-del-nino-baleado\/#breadcrumb"},"inLanguage":"es-AR","potentialAction":[{"@type":"ReadAction","target":["https:\/\/radioinfinitagoya.com.ar\/v1\/2025\/06\/15\/el-mensaje-del-incucai-a-los-padres-del-nino-baleado\/"]}]},{"@type":"ImageObject","inLanguage":"es-AR","@id":"https:\/\/radioinfinitagoya.com.ar\/v1\/2025\/06\/15\/el-mensaje-del-incucai-a-los-padres-del-nino-baleado\/#primaryimage","url":"https:\/\/radioinfinitagoya.com.ar\/v1\/wp-content\/uploads\/2025\/06\/GtgdUv6WQAAWHcI.jpg","contentUrl":"https:\/\/radioinfinitagoya.com.ar\/v1\/wp-content\/uploads\/2025\/06\/GtgdUv6WQAAWHcI.jpg","width":480,"height":300},{"@type":"BreadcrumbList","@id":"https:\/\/radioinfinitagoya.com.ar\/v1\/2025\/06\/15\/el-mensaje-del-incucai-a-los-padres-del-nino-baleado\/#breadcrumb","itemListElement":[{"@type":"ListItem","position":1,"name":"Inicio","item":"https:\/\/radioinfinitagoya.com.ar\/v1\/"},{"@type":"ListItem","position":2,"name":"El mensaje del Incucai a los padres del ni\u00f1o baleado"}]},{"@type":"WebSite","@id":"https:\/\/radioinfinitagoya.com.ar\/v1\/#website","url":"https:\/\/radioinfinitagoya.com.ar\/v1\/","name":"radioinfinitagoya.com.ar","description":"Radio de noticias","publisher":{"@id":"https:\/\/radioinfinitagoya.com.ar\/v1\/#organization"},"potentialAction":[{"@type":"SearchAction","target":{"@type":"EntryPoint","urlTemplate":"https:\/\/radioinfinitagoya.com.ar\/v1\/?s={search_term_string}"},"query-input":{"@type":"PropertyValueSpecification","valueRequired":true,"valueName":"search_term_string"}}],"inLanguage":"es-AR"},{"@type":"Organization","@id":"https:\/\/radioinfinitagoya.com.ar\/v1\/#organization","name":"Radio Infinita Goya","url":"https:\/\/radioinfinitagoya.com.ar\/v1\/","logo":{"@type":"ImageObject","inLanguage":"es-AR","@id":"https:\/\/radioinfinitagoya.com.ar\/v1\/#\/schema\/logo\/image\/","url":"https:\/\/radioinfinitagoya.com.ar\/v1\/wp-content\/uploads\/2019\/11\/logo-pie-web.png","contentUrl":"https:\/\/radioinfinitagoya.com.ar\/v1\/wp-content\/uploads\/2019\/11\/logo-pie-web.png","width":635,"height":326,"caption":"Radio Infinita Goya"},"image":{"@id":"https:\/\/radioinfinitagoya.com.ar\/v1\/#\/schema\/logo\/image\/"},"sameAs":["https:\/\/www.facebook.com\/p\/Infinita-Goya-100063870918311\/"]},{"@type":"Person","@id":"https:\/\/radioinfinitagoya.com.ar\/v1\/#\/schema\/person\/d4cf9c413d4f6edb24aabdccab49ca4a","name":"Jorge Mi\u00f1o","image":{"@type":"ImageObject","inLanguage":"es-AR","@id":"https:\/\/secure.gravatar.com\/avatar\/910fcf6728fe95320e07a6643c1581fec1c7fc4bf8ae12e3d8f0d0373dc844be?s=96&d=mm&r=g","url":"https:\/\/secure.gravatar.com\/avatar\/910fcf6728fe95320e07a6643c1581fec1c7fc4bf8ae12e3d8f0d0373dc844be?s=96&d=mm&r=g","contentUrl":"https:\/\/secure.gravatar.com\/avatar\/910fcf6728fe95320e07a6643c1581fec1c7fc4bf8ae12e3d8f0d0373dc844be?s=96&d=mm&r=g","caption":"Jorge Mi\u00f1o"},"sameAs":["http:\/\/radioinfinitagoya.com.ar"]}]}},"_links":{"self":[{"href":"https:\/\/radioinfinitagoya.com.ar\/v1\/wp-json\/wp\/v2\/posts\/191438","targetHints":{"allow":["GET"]}}],"collection":[{"href":"https:\/\/radioinfinitagoya.com.ar\/v1\/wp-json\/wp\/v2\/posts"}],"about":[{"href":"https:\/\/radioinfinitagoya.com.ar\/v1\/wp-json\/wp\/v2\/types\/post"}],"author":[{"embeddable":true,"href":"https:\/\/radioinfinitagoya.com.ar\/v1\/wp-json\/wp\/v2\/users\/4"}],"replies":[{"embeddable":true,"href":"https:\/\/radioinfinitagoya.com.ar\/v1\/wp-json\/wp\/v2\/comments?post=191438"}],"version-history":[{"count":0,"href":"https:\/\/radioinfinitagoya.com.ar\/v1\/wp-json\/wp\/v2\/posts\/191438\/revisions"}],"wp:featuredmedia":[{"embeddable":true,"href":"https:\/\/radioinfinitagoya.com.ar\/v1\/wp-json\/wp\/v2\/media\/191439"}],"wp:attachment":[{"href":"https:\/\/radioinfinitagoya.com.ar\/v1\/wp-json\/wp\/v2\/media?parent=191438"}],"wp:term":[{"taxonomy":"category","embeddable":true,"href":"https:\/\/radioinfinitagoya.com.ar\/v1\/wp-json\/wp\/v2\/categories?post=191438"},{"taxonomy":"post_tag","embeddable":true,"href":"https:\/\/radioinfinitagoya.com.ar\/v1\/wp-json\/wp\/v2\/tags?post=191438"}],"curies":[{"name":"wp","href":"https:\/\/api.w.org\/{rel}","templated":true}]}}