{"id":191441,"date":"2025-06-15T18:37:48","date_gmt":"2025-06-15T21:37:48","guid":{"rendered":"https:\/\/radioinfinitagoya.com.ar\/v1\/?p=191441"},"modified":"2025-06-15T18:37:48","modified_gmt":"2025-06-15T21:37:48","slug":"la-daia-reforzara-la-seguridad-en-instituciones-judias-por-el-conflicto-en-medio-oriente","status":"publish","type":"post","link":"https:\/\/radioinfinitagoya.com.ar\/v1\/2025\/06\/15\/la-daia-reforzara-la-seguridad-en-instituciones-judias-por-el-conflicto-en-medio-oriente\/","title":{"rendered":"La Daia reforzar\u00e1 la seguridad en instituciones jud\u00edas por el conflicto en Medio Oriente"},"content":{"rendered":"<p>En todo el pa\u00eds se trabaja en el tema, mientras hay preocupaci\u00f3n por los argentinos que se encuentran en Israel.<\/p>\n<p>En medio de los ataques de Ir\u00e1n a Israel, la Delegaci\u00f3n de Asociaciones Israelitas Argentinas (Daia) confirm\u00f3 que se reforzar\u00e1n las medidas de seguridad en las instituciones jud\u00edas, con el fin de incrementar la protecci\u00f3n de la comunidad local. \u201cLa DAIA expresa su respaldo al Estado de Israel en su objetivo de resguardar la vida de su pueblo ante una amenaza global&#8221;, afirmaron.<\/p>\n<p>Por medio de un comunicado publicado en la red social X (antes Twitter), la asociaci\u00f3n anunci\u00f3 que el Departamento de Asistencia Comunitaria (DAC) comenz\u00f3 a trabajar de forma coordinada con los ministerios y las fuerzas de seguridad nacionales y locales, para poner delimitar un plan de acci\u00f3n ante la amenaza representada por el r\u00e9gimen iran\u00ed.<\/p>\n<p>A trav\u00e9s del trabajo conjunto, las autoridades buscar\u00e1n definir medidas preventivas \u201cen caso de que sea necesario, se incremente la protecci\u00f3n de las instituciones jud\u00edas\u201c, remarcaron en la publicaci\u00f3n. Por este motivo, solicitaron a la comunidad \u201destar pendientes de futuras comunicaciones tendientes a optimizar la seguridad comunitaria&#8221;.<\/p>\n<p>Luego de haber reiterado su apoyo al Estado de Israel, la DAIA destacaron que otro de los focos de preocupaci\u00f3n ser\u00eda la presencia de los argentinos que hab\u00edan viajado para participar en programas organizados en el territorio israel\u00ed.<\/p>\n<p>\u201cSe est\u00e1n realizando gestiones con diferentes organismos gubernamentales, para que los grupos de argentinos que se encuentran participando de distintos programas en el Estado de Israel puedan regresar, por diferentes v\u00edas, a la Rep\u00fablica Argentina\u201c, anticiparon a modo de concluir el comunicado.<\/p>\n<p>As\u00ed fueron los ataques con misiles enviados desde Ir\u00e1n hac\u00eda varias regiones israelitas<\/p>\n<p>A lo largo del s\u00e1bado, Ir\u00e1n lanz\u00f3 una ofensiva contra el norte de Israel, dirigida a la zona de Haifa. El ataque se concentr\u00f3 en barrios residenciales y dej\u00f3 al menos ocho muertos y m\u00e1s de 150 heridos tras el derrumbe de un edificio de cuatro plantas.<\/p>\n<p>En respuesta, las Fuerzas de Defensa de Israel (FDI) confirmaron la detecci\u00f3n de amenazas e instaron a los ciudadanos a buscar refugio. Asimismo, indicaron que el sistema de defensa antia\u00e9reo, incluido el escudo C\u00fapula de Hierro, intercept\u00f3 parte de los proyectiles, pero que algunos lograron infiltrarse e impactar en las inmediaciones.<\/p>\n<p>Los vecinos de Haifa registraron en video las trayectorias de los misiles y el despliegue del sistema de defensa. En paralelo, los servicios de emergencia acudieron al edificio colapsado para rescatar a los residentes afectados.<\/p>\n<p>El ataque iran\u00ed se dio en respuesta al plan preventivo de Israel, el cual const\u00f3 de una operaci\u00f3n militar que tuvo como objetivo varias instalaciones asociadas a su programa militar y nuclear. En Teher\u00e1n, la Fuerza A\u00e9rea israel\u00ed impact\u00f3 el Ministerio de Defensa, donde se reportaron da\u00f1os leves, y dos dep\u00f3sitos de combustible, ubicados en Shahran \u2014al noroeste de la capital\u2014 y en el sur de la ciudad.<\/p>\n<p>Por la ma\u00f1ana, Israel inform\u00f3 la destrucci\u00f3n de una instalaci\u00f3n militar subterr\u00e1nea en el oeste de Ir\u00e1n, un punto considerado estrat\u00e9gico y conocido internacionalmente por su funci\u00f3n en el almacenamiento y lanzamiento de misiles.<\/p>\n<p>Las operaciones israel\u00edes se extendieron tambi\u00e9n al sur de Ir\u00e1n, donde las FDI aseguraron haber alcanzado el yacimiento de gas South Pars, la refiner\u00eda Fajr Jam y el puerto de GNL de Kangan, todos en la provincia de Bushehr. Incluso, medios iran\u00edes confirmaron que un dron israel\u00ed impact\u00f3 en una de las refiner\u00edas del yacimiento South Pars, provocando una explosi\u00f3n e incendio que paraliz\u00f3 las operaciones.<\/p>\n<p>El primer ministro de Israel, Benjamin Netanyahu, anticip\u00f3 la escalada del conflicto y advirti\u00f3: \u201cMuy pronto ver\u00e1n aviones de la Fuerza A\u00e9rea israel\u00ed sobre los cielos de Teher\u00e1n. Atacaremos todos los objetivos del r\u00e9gimen de los ayatol\u00e1s\u201d.<\/p>\n<p>Por su parte, el ministro de Defensa israel\u00ed, Israel Katz, amenaz\u00f3 con una represalia m\u00e1xima: \u201cTeher\u00e1n arder\u00e1 si contin\u00faan los ataques. El pueblo iran\u00ed pagar\u00e1 un alto precio por poner en peligro a los ciudadanos israel\u00edes\u201d y, tras la incursi\u00f3n, reforz\u00f3: \u201cArde Teher\u00e1n\u201d.<\/p>\n","protected":false},"excerpt":{"rendered":"<p>En todo el pa\u00eds se trabaja en el tema, mientras hay preocupaci\u00f3n por los argentinos que se encuentran en Israel. En medio de los ataques de Ir\u00e1n a Israel, la Delegaci\u00f3n de Asociaciones Israelitas Argentinas (Daia) confirm\u00f3 que se reforzar\u00e1n las medidas de seguridad en las instituciones jud\u00edas, con el fin de incrementar la protecci\u00f3n [&hellip;]<\/p>\n","protected":false},"author":4,"featured_media":191442,"comment_status":"closed","ping_status":"closed","sticky":false,"template":"","format":"standard","meta":{"_joinchat":[],"footnotes":""},"categories":[29],"tags":[],"class_list":{"0":"post-191441","1":"post","2":"type-post","3":"status-publish","4":"format-standard","5":"has-post-thumbnail","7":"category-nacionales"},"yoast_head":"<!-- This site is optimized with the Yoast SEO plugin v27.2 - https:\/\/yoast.com\/product\/yoast-seo-wordpress\/ -->\n<title>La Daia reforzar\u00e1 la seguridad en instituciones jud\u00edas por el conflicto en Medio Oriente - Radio Infinita Goya<\/title>\n<meta name=\"description\" content=\"En todo el pa\u00eds se trabaja en el tema, mientras hay preocupaci\u00f3n por los argentinos que se encuentran en Israel. En medio de los ataques de Ir\u00e1n a Israel,\" \/>\n<meta name=\"robots\" content=\"index, follow, max-snippet:-1, max-image-preview:large, max-video-preview:-1\" \/>\n<link rel=\"canonical\" href=\"https:\/\/radioinfinitagoya.com.ar\/v1\/2025\/06\/15\/la-daia-reforzara-la-seguridad-en-instituciones-judias-por-el-conflicto-en-medio-oriente\/\" \/>\n<meta property=\"og:locale\" content=\"es_ES\" \/>\n<meta property=\"og:type\" content=\"article\" \/>\n<meta property=\"og:title\" content=\"La Daia reforzar\u00e1 la seguridad en instituciones jud\u00edas por el conflicto en Medio Oriente - Radio Infinita Goya\" \/>\n<meta property=\"og:description\" content=\"En todo el pa\u00eds se trabaja en el tema, mientras hay preocupaci\u00f3n por los argentinos que se encuentran en Israel. En medio de los ataques de Ir\u00e1n a Israel,\" \/>\n<meta property=\"og:url\" content=\"https:\/\/radioinfinitagoya.com.ar\/v1\/2025\/06\/15\/la-daia-reforzara-la-seguridad-en-instituciones-judias-por-el-conflicto-en-medio-oriente\/\" \/>\n<meta property=\"og:site_name\" content=\"Radio Infinita Goya\" \/>\n<meta property=\"article:publisher\" content=\"https:\/\/www.facebook.com\/p\/Infinita-Goya-100063870918311\/\" \/>\n<meta property=\"article:published_time\" content=\"2025-06-15T21:37:48+00:00\" \/>\n<meta property=\"og:image\" content=\"https:\/\/radioinfinitagoya.com.ar\/v1\/wp-content\/uploads\/2025\/06\/1749989923149.webp\" \/>\n\t<meta property=\"og:image:width\" content=\"1200\" \/>\n\t<meta property=\"og:image:height\" content=\"675\" \/>\n\t<meta property=\"og:image:type\" content=\"image\/webp\" \/>\n<meta name=\"author\" content=\"Jorge Mi\u00f1o\" \/>\n<meta name=\"twitter:card\" content=\"summary_large_image\" \/>\n<meta name=\"twitter:label1\" content=\"Escrito por\" \/>\n\t<meta name=\"twitter:data1\" content=\"Jorge Mi\u00f1o\" \/>\n\t<meta name=\"twitter:label2\" content=\"Tiempo de lectura\" \/>\n\t<meta name=\"twitter:data2\" content=\"4 minutos\" \/>\n<script type=\"application\/ld+json\" class=\"yoast-schema-graph\">{\"@context\":\"https:\/\/schema.org\",\"@graph\":[{\"@type\":\"Article\",\"@id\":\"https:\/\/radioinfinitagoya.com.ar\/v1\/2025\/06\/15\/la-daia-reforzara-la-seguridad-en-instituciones-judias-por-el-conflicto-en-medio-oriente\/#article\",\"isPartOf\":{\"@id\":\"https:\/\/radioinfinitagoya.com.ar\/v1\/2025\/06\/15\/la-daia-reforzara-la-seguridad-en-instituciones-judias-por-el-conflicto-en-medio-oriente\/\"},\"author\":{\"name\":\"Jorge Mi\u00f1o\",\"@id\":\"https:\/\/radioinfinitagoya.com.ar\/v1\/#\/schema\/person\/d4cf9c413d4f6edb24aabdccab49ca4a\"},\"headline\":\"La Daia reforzar\u00e1 la seguridad en instituciones jud\u00edas por el conflicto en Medio Oriente\",\"datePublished\":\"2025-06-15T21:37:48+00:00\",\"mainEntityOfPage\":{\"@id\":\"https:\/\/radioinfinitagoya.com.ar\/v1\/2025\/06\/15\/la-daia-reforzara-la-seguridad-en-instituciones-judias-por-el-conflicto-en-medio-oriente\/\"},\"wordCount\":732,\"publisher\":{\"@id\":\"https:\/\/radioinfinitagoya.com.ar\/v1\/#organization\"},\"image\":{\"@id\":\"https:\/\/radioinfinitagoya.com.ar\/v1\/2025\/06\/15\/la-daia-reforzara-la-seguridad-en-instituciones-judias-por-el-conflicto-en-medio-oriente\/#primaryimage\"},\"thumbnailUrl\":\"https:\/\/radioinfinitagoya.com.ar\/v1\/wp-content\/uploads\/2025\/06\/1749989923149.webp\",\"articleSection\":[\"NACIONALES\"],\"inLanguage\":\"es-AR\"},{\"@type\":\"WebPage\",\"@id\":\"https:\/\/radioinfinitagoya.com.ar\/v1\/2025\/06\/15\/la-daia-reforzara-la-seguridad-en-instituciones-judias-por-el-conflicto-en-medio-oriente\/\",\"url\":\"https:\/\/radioinfinitagoya.com.ar\/v1\/2025\/06\/15\/la-daia-reforzara-la-seguridad-en-instituciones-judias-por-el-conflicto-en-medio-oriente\/\",\"name\":\"La Daia reforzar\u00e1 la seguridad en instituciones jud\u00edas por el conflicto en Medio Oriente - Radio Infinita Goya\",\"isPartOf\":{\"@id\":\"https:\/\/radioinfinitagoya.com.ar\/v1\/#website\"},\"primaryImageOfPage\":{\"@id\":\"https:\/\/radioinfinitagoya.com.ar\/v1\/2025\/06\/15\/la-daia-reforzara-la-seguridad-en-instituciones-judias-por-el-conflicto-en-medio-oriente\/#primaryimage\"},\"image\":{\"@id\":\"https:\/\/radioinfinitagoya.com.ar\/v1\/2025\/06\/15\/la-daia-reforzara-la-seguridad-en-instituciones-judias-por-el-conflicto-en-medio-oriente\/#primaryimage\"},\"thumbnailUrl\":\"https:\/\/radioinfinitagoya.com.ar\/v1\/wp-content\/uploads\/2025\/06\/1749989923149.webp\",\"datePublished\":\"2025-06-15T21:37:48+00:00\",\"description\":\"En todo el pa\u00eds se trabaja en el tema, mientras hay preocupaci\u00f3n por los argentinos que se encuentran en Israel. En medio de los ataques de Ir\u00e1n a Israel,\",\"breadcrumb\":{\"@id\":\"https:\/\/radioinfinitagoya.com.ar\/v1\/2025\/06\/15\/la-daia-reforzara-la-seguridad-en-instituciones-judias-por-el-conflicto-en-medio-oriente\/#breadcrumb\"},\"inLanguage\":\"es-AR\",\"potentialAction\":[{\"@type\":\"ReadAction\",\"target\":[\"https:\/\/radioinfinitagoya.com.ar\/v1\/2025\/06\/15\/la-daia-reforzara-la-seguridad-en-instituciones-judias-por-el-conflicto-en-medio-oriente\/\"]}]},{\"@type\":\"ImageObject\",\"inLanguage\":\"es-AR\",\"@id\":\"https:\/\/radioinfinitagoya.com.ar\/v1\/2025\/06\/15\/la-daia-reforzara-la-seguridad-en-instituciones-judias-por-el-conflicto-en-medio-oriente\/#primaryimage\",\"url\":\"https:\/\/radioinfinitagoya.com.ar\/v1\/wp-content\/uploads\/2025\/06\/1749989923149.webp\",\"contentUrl\":\"https:\/\/radioinfinitagoya.com.ar\/v1\/wp-content\/uploads\/2025\/06\/1749989923149.webp\",\"width\":1200,\"height\":675},{\"@type\":\"BreadcrumbList\",\"@id\":\"https:\/\/radioinfinitagoya.com.ar\/v1\/2025\/06\/15\/la-daia-reforzara-la-seguridad-en-instituciones-judias-por-el-conflicto-en-medio-oriente\/#breadcrumb\",\"itemListElement\":[{\"@type\":\"ListItem\",\"position\":1,\"name\":\"Inicio\",\"item\":\"https:\/\/radioinfinitagoya.com.ar\/v1\/\"},{\"@type\":\"ListItem\",\"position\":2,\"name\":\"La Daia reforzar\u00e1 la seguridad en instituciones jud\u00edas por el conflicto en Medio Oriente\"}]},{\"@type\":\"WebSite\",\"@id\":\"https:\/\/radioinfinitagoya.com.ar\/v1\/#website\",\"url\":\"https:\/\/radioinfinitagoya.com.ar\/v1\/\",\"name\":\"radioinfinitagoya.com.ar\",\"description\":\"Radio de noticias\",\"publisher\":{\"@id\":\"https:\/\/radioinfinitagoya.com.ar\/v1\/#organization\"},\"potentialAction\":[{\"@type\":\"SearchAction\",\"target\":{\"@type\":\"EntryPoint\",\"urlTemplate\":\"https:\/\/radioinfinitagoya.com.ar\/v1\/?s={search_term_string}\"},\"query-input\":{\"@type\":\"PropertyValueSpecification\",\"valueRequired\":true,\"valueName\":\"search_term_string\"}}],\"inLanguage\":\"es-AR\"},{\"@type\":\"Organization\",\"@id\":\"https:\/\/radioinfinitagoya.com.ar\/v1\/#organization\",\"name\":\"Radio Infinita Goya\",\"url\":\"https:\/\/radioinfinitagoya.com.ar\/v1\/\",\"logo\":{\"@type\":\"ImageObject\",\"inLanguage\":\"es-AR\",\"@id\":\"https:\/\/radioinfinitagoya.com.ar\/v1\/#\/schema\/logo\/image\/\",\"url\":\"https:\/\/radioinfinitagoya.com.ar\/v1\/wp-content\/uploads\/2019\/11\/logo-pie-web.png\",\"contentUrl\":\"https:\/\/radioinfinitagoya.com.ar\/v1\/wp-content\/uploads\/2019\/11\/logo-pie-web.png\",\"width\":635,\"height\":326,\"caption\":\"Radio Infinita Goya\"},\"image\":{\"@id\":\"https:\/\/radioinfinitagoya.com.ar\/v1\/#\/schema\/logo\/image\/\"},\"sameAs\":[\"https:\/\/www.facebook.com\/p\/Infinita-Goya-100063870918311\/\"]},{\"@type\":\"Person\",\"@id\":\"https:\/\/radioinfinitagoya.com.ar\/v1\/#\/schema\/person\/d4cf9c413d4f6edb24aabdccab49ca4a\",\"name\":\"Jorge Mi\u00f1o\",\"image\":{\"@type\":\"ImageObject\",\"inLanguage\":\"es-AR\",\"@id\":\"https:\/\/secure.gravatar.com\/avatar\/910fcf6728fe95320e07a6643c1581fec1c7fc4bf8ae12e3d8f0d0373dc844be?s=96&d=mm&r=g\",\"url\":\"https:\/\/secure.gravatar.com\/avatar\/910fcf6728fe95320e07a6643c1581fec1c7fc4bf8ae12e3d8f0d0373dc844be?s=96&d=mm&r=g\",\"contentUrl\":\"https:\/\/secure.gravatar.com\/avatar\/910fcf6728fe95320e07a6643c1581fec1c7fc4bf8ae12e3d8f0d0373dc844be?s=96&d=mm&r=g\",\"caption\":\"Jorge Mi\u00f1o\"},\"sameAs\":[\"http:\/\/radioinfinitagoya.com.ar\"]}]}<\/script>\n<!-- \/ Yoast SEO plugin. -->","yoast_head_json":{"title":"La Daia reforzar\u00e1 la seguridad en instituciones jud\u00edas por el conflicto en Medio Oriente - Radio Infinita Goya","description":"En todo el pa\u00eds se trabaja en el tema, mientras hay preocupaci\u00f3n por los argentinos que se encuentran en Israel. En medio de los ataques de Ir\u00e1n a Israel,","robots":{"index":"index","follow":"follow","max-snippet":"max-snippet:-1","max-image-preview":"max-image-preview:large","max-video-preview":"max-video-preview:-1"},"canonical":"https:\/\/radioinfinitagoya.com.ar\/v1\/2025\/06\/15\/la-daia-reforzara-la-seguridad-en-instituciones-judias-por-el-conflicto-en-medio-oriente\/","og_locale":"es_ES","og_type":"article","og_title":"La Daia reforzar\u00e1 la seguridad en instituciones jud\u00edas por el conflicto en Medio Oriente - Radio Infinita Goya","og_description":"En todo el pa\u00eds se trabaja en el tema, mientras hay preocupaci\u00f3n por los argentinos que se encuentran en Israel. En medio de los ataques de Ir\u00e1n a Israel,","og_url":"https:\/\/radioinfinitagoya.com.ar\/v1\/2025\/06\/15\/la-daia-reforzara-la-seguridad-en-instituciones-judias-por-el-conflicto-en-medio-oriente\/","og_site_name":"Radio Infinita Goya","article_publisher":"https:\/\/www.facebook.com\/p\/Infinita-Goya-100063870918311\/","article_published_time":"2025-06-15T21:37:48+00:00","og_image":[{"width":1200,"height":675,"url":"https:\/\/radioinfinitagoya.com.ar\/v1\/wp-content\/uploads\/2025\/06\/1749989923149.webp","type":"image\/webp"}],"author":"Jorge Mi\u00f1o","twitter_card":"summary_large_image","twitter_misc":{"Escrito por":"Jorge Mi\u00f1o","Tiempo de lectura":"4 minutos"},"schema":{"@context":"https:\/\/schema.org","@graph":[{"@type":"Article","@id":"https:\/\/radioinfinitagoya.com.ar\/v1\/2025\/06\/15\/la-daia-reforzara-la-seguridad-en-instituciones-judias-por-el-conflicto-en-medio-oriente\/#article","isPartOf":{"@id":"https:\/\/radioinfinitagoya.com.ar\/v1\/2025\/06\/15\/la-daia-reforzara-la-seguridad-en-instituciones-judias-por-el-conflicto-en-medio-oriente\/"},"author":{"name":"Jorge Mi\u00f1o","@id":"https:\/\/radioinfinitagoya.com.ar\/v1\/#\/schema\/person\/d4cf9c413d4f6edb24aabdccab49ca4a"},"headline":"La Daia reforzar\u00e1 la seguridad en instituciones jud\u00edas por el conflicto en Medio Oriente","datePublished":"2025-06-15T21:37:48+00:00","mainEntityOfPage":{"@id":"https:\/\/radioinfinitagoya.com.ar\/v1\/2025\/06\/15\/la-daia-reforzara-la-seguridad-en-instituciones-judias-por-el-conflicto-en-medio-oriente\/"},"wordCount":732,"publisher":{"@id":"https:\/\/radioinfinitagoya.com.ar\/v1\/#organization"},"image":{"@id":"https:\/\/radioinfinitagoya.com.ar\/v1\/2025\/06\/15\/la-daia-reforzara-la-seguridad-en-instituciones-judias-por-el-conflicto-en-medio-oriente\/#primaryimage"},"thumbnailUrl":"https:\/\/radioinfinitagoya.com.ar\/v1\/wp-content\/uploads\/2025\/06\/1749989923149.webp","articleSection":["NACIONALES"],"inLanguage":"es-AR"},{"@type":"WebPage","@id":"https:\/\/radioinfinitagoya.com.ar\/v1\/2025\/06\/15\/la-daia-reforzara-la-seguridad-en-instituciones-judias-por-el-conflicto-en-medio-oriente\/","url":"https:\/\/radioinfinitagoya.com.ar\/v1\/2025\/06\/15\/la-daia-reforzara-la-seguridad-en-instituciones-judias-por-el-conflicto-en-medio-oriente\/","name":"La Daia reforzar\u00e1 la seguridad en instituciones jud\u00edas por el conflicto en Medio Oriente - Radio Infinita Goya","isPartOf":{"@id":"https:\/\/radioinfinitagoya.com.ar\/v1\/#website"},"primaryImageOfPage":{"@id":"https:\/\/radioinfinitagoya.com.ar\/v1\/2025\/06\/15\/la-daia-reforzara-la-seguridad-en-instituciones-judias-por-el-conflicto-en-medio-oriente\/#primaryimage"},"image":{"@id":"https:\/\/radioinfinitagoya.com.ar\/v1\/2025\/06\/15\/la-daia-reforzara-la-seguridad-en-instituciones-judias-por-el-conflicto-en-medio-oriente\/#primaryimage"},"thumbnailUrl":"https:\/\/radioinfinitagoya.com.ar\/v1\/wp-content\/uploads\/2025\/06\/1749989923149.webp","datePublished":"2025-06-15T21:37:48+00:00","description":"En todo el pa\u00eds se trabaja en el tema, mientras hay preocupaci\u00f3n por los argentinos que se encuentran en Israel. En medio de los ataques de Ir\u00e1n a Israel,","breadcrumb":{"@id":"https:\/\/radioinfinitagoya.com.ar\/v1\/2025\/06\/15\/la-daia-reforzara-la-seguridad-en-instituciones-judias-por-el-conflicto-en-medio-oriente\/#breadcrumb"},"inLanguage":"es-AR","potentialAction":[{"@type":"ReadAction","target":["https:\/\/radioinfinitagoya.com.ar\/v1\/2025\/06\/15\/la-daia-reforzara-la-seguridad-en-instituciones-judias-por-el-conflicto-en-medio-oriente\/"]}]},{"@type":"ImageObject","inLanguage":"es-AR","@id":"https:\/\/radioinfinitagoya.com.ar\/v1\/2025\/06\/15\/la-daia-reforzara-la-seguridad-en-instituciones-judias-por-el-conflicto-en-medio-oriente\/#primaryimage","url":"https:\/\/radioinfinitagoya.com.ar\/v1\/wp-content\/uploads\/2025\/06\/1749989923149.webp","contentUrl":"https:\/\/radioinfinitagoya.com.ar\/v1\/wp-content\/uploads\/2025\/06\/1749989923149.webp","width":1200,"height":675},{"@type":"BreadcrumbList","@id":"https:\/\/radioinfinitagoya.com.ar\/v1\/2025\/06\/15\/la-daia-reforzara-la-seguridad-en-instituciones-judias-por-el-conflicto-en-medio-oriente\/#breadcrumb","itemListElement":[{"@type":"ListItem","position":1,"name":"Inicio","item":"https:\/\/radioinfinitagoya.com.ar\/v1\/"},{"@type":"ListItem","position":2,"name":"La Daia reforzar\u00e1 la seguridad en instituciones jud\u00edas por el conflicto en Medio Oriente"}]},{"@type":"WebSite","@id":"https:\/\/radioinfinitagoya.com.ar\/v1\/#website","url":"https:\/\/radioinfinitagoya.com.ar\/v1\/","name":"radioinfinitagoya.com.ar","description":"Radio de noticias","publisher":{"@id":"https:\/\/radioinfinitagoya.com.ar\/v1\/#organization"},"potentialAction":[{"@type":"SearchAction","target":{"@type":"EntryPoint","urlTemplate":"https:\/\/radioinfinitagoya.com.ar\/v1\/?s={search_term_string}"},"query-input":{"@type":"PropertyValueSpecification","valueRequired":true,"valueName":"search_term_string"}}],"inLanguage":"es-AR"},{"@type":"Organization","@id":"https:\/\/radioinfinitagoya.com.ar\/v1\/#organization","name":"Radio Infinita Goya","url":"https:\/\/radioinfinitagoya.com.ar\/v1\/","logo":{"@type":"ImageObject","inLanguage":"es-AR","@id":"https:\/\/radioinfinitagoya.com.ar\/v1\/#\/schema\/logo\/image\/","url":"https:\/\/radioinfinitagoya.com.ar\/v1\/wp-content\/uploads\/2019\/11\/logo-pie-web.png","contentUrl":"https:\/\/radioinfinitagoya.com.ar\/v1\/wp-content\/uploads\/2019\/11\/logo-pie-web.png","width":635,"height":326,"caption":"Radio Infinita Goya"},"image":{"@id":"https:\/\/radioinfinitagoya.com.ar\/v1\/#\/schema\/logo\/image\/"},"sameAs":["https:\/\/www.facebook.com\/p\/Infinita-Goya-100063870918311\/"]},{"@type":"Person","@id":"https:\/\/radioinfinitagoya.com.ar\/v1\/#\/schema\/person\/d4cf9c413d4f6edb24aabdccab49ca4a","name":"Jorge Mi\u00f1o","image":{"@type":"ImageObject","inLanguage":"es-AR","@id":"https:\/\/secure.gravatar.com\/avatar\/910fcf6728fe95320e07a6643c1581fec1c7fc4bf8ae12e3d8f0d0373dc844be?s=96&d=mm&r=g","url":"https:\/\/secure.gravatar.com\/avatar\/910fcf6728fe95320e07a6643c1581fec1c7fc4bf8ae12e3d8f0d0373dc844be?s=96&d=mm&r=g","contentUrl":"https:\/\/secure.gravatar.com\/avatar\/910fcf6728fe95320e07a6643c1581fec1c7fc4bf8ae12e3d8f0d0373dc844be?s=96&d=mm&r=g","caption":"Jorge Mi\u00f1o"},"sameAs":["http:\/\/radioinfinitagoya.com.ar"]}]}},"_links":{"self":[{"href":"https:\/\/radioinfinitagoya.com.ar\/v1\/wp-json\/wp\/v2\/posts\/191441","targetHints":{"allow":["GET"]}}],"collection":[{"href":"https:\/\/radioinfinitagoya.com.ar\/v1\/wp-json\/wp\/v2\/posts"}],"about":[{"href":"https:\/\/radioinfinitagoya.com.ar\/v1\/wp-json\/wp\/v2\/types\/post"}],"author":[{"embeddable":true,"href":"https:\/\/radioinfinitagoya.com.ar\/v1\/wp-json\/wp\/v2\/users\/4"}],"replies":[{"embeddable":true,"href":"https:\/\/radioinfinitagoya.com.ar\/v1\/wp-json\/wp\/v2\/comments?post=191441"}],"version-history":[{"count":0,"href":"https:\/\/radioinfinitagoya.com.ar\/v1\/wp-json\/wp\/v2\/posts\/191441\/revisions"}],"wp:featuredmedia":[{"embeddable":true,"href":"https:\/\/radioinfinitagoya.com.ar\/v1\/wp-json\/wp\/v2\/media\/191442"}],"wp:attachment":[{"href":"https:\/\/radioinfinitagoya.com.ar\/v1\/wp-json\/wp\/v2\/media?parent=191441"}],"wp:term":[{"taxonomy":"category","embeddable":true,"href":"https:\/\/radioinfinitagoya.com.ar\/v1\/wp-json\/wp\/v2\/categories?post=191441"},{"taxonomy":"post_tag","embeddable":true,"href":"https:\/\/radioinfinitagoya.com.ar\/v1\/wp-json\/wp\/v2\/tags?post=191441"}],"curies":[{"name":"wp","href":"https:\/\/api.w.org\/{rel}","templated":true}]}}