{"id":191444,"date":"2025-06-15T18:42:34","date_gmt":"2025-06-15T21:42:34","guid":{"rendered":"https:\/\/radioinfinitagoya.com.ar\/v1\/?p=191444"},"modified":"2025-06-15T18:42:34","modified_gmt":"2025-06-15T21:42:34","slug":"corrientes-la-uta-amenaza-con-un-paro","status":"publish","type":"post","link":"https:\/\/radioinfinitagoya.com.ar\/v1\/2025\/06\/15\/corrientes-la-uta-amenaza-con-un-paro\/","title":{"rendered":"Corrientes: la UTA amenaza con un paro"},"content":{"rendered":"<p>Y las empresas piden una conciliaci\u00f3n<\/p>\n<p>Ante la falta de fondos para afrontar el \u00faltimo acuerdo salarial, las empresas de transporte urbano de Corrientes pidieron una audiencia urgente con la UTA.<\/p>\n<p>La C\u00e1mara de Empresas de Transporte Urbano de Corrientes (CETUC) y la firma Miramar Estrella UT emitieron un comunicado donde solicitan a la Secretar\u00eda de Trabajo provincial la convocatoria a una audiencia de conciliaci\u00f3n con la Uni\u00f3n Tranviarios Automotor (UTA) seccional Corrientes.<\/p>\n<p>La solicitud empresarial se enmarca en la imposibilidad de cumplir con el acuerdo firmado el pasado 22 de mayo entre la UTA nacional y la Federaci\u00f3n Argentina de Transportadores por Automotor de Pasajeros (FATAP), que eleva el sueldo b\u00e1sico de los choferes a casi $1,3 millones, sin incluir adicionales como vi\u00e1ticos o antig\u00fcedad.<\/p>\n<p>Seg\u00fan argumentaron las empresas, no cuentan con los recursos necesarios, ni por tarifa ni por subsidios para afrontar los montos establecidos.<\/p>\n<p>Adem\u00e1s, recordaron que el acuerdo local con la UTA, firmado el 19 de marzo, ya se encuentra en revisi\u00f3n a partir de lo estipulado en la cl\u00e1usula quinta del convenio, la cual permite contemplar las dificultades econ\u00f3micas espec\u00edficas de cada jurisdicci\u00f3n.<\/p>\n<p>Por eso, tanto CETUC como Miramar Estrella solicitaron a las autoridades laborales de la provincia que se active esa cl\u00e1usula y se convoque a una instancia de conciliaci\u00f3n con car\u00e1cter urgente, ante el riesgo de una nueva escalada del conflicto.<\/p>\n<p>Por su parte, desde la UTA Corrientes advirtieron que esperan el cumplimiento total del acuerdo salarial nacional antes del 17 de junio. De no concretarse los pagos correspondientes antes de esa fecha, el gremio anticip\u00f3 que podr\u00eda activar medidas de fuerza a partir del 18. Entre las posibilidades se eval\u00faa un paro de actividades.<\/p>\n<p>\u201cEl acuerdo firmado fija un plazo para que se realicen las actualizaciones salariales. Si no se cumplen, el 18 de junio podr\u00edamos iniciar una medida de fuerza\u201d, advirti\u00f3 Jos\u00e9 Sabao, secretario general del gremio local.<\/p>\n<p>Pese a este escenario de tensi\u00f3n, Sabao se mostr\u00f3 abierto al di\u00e1logo y subray\u00f3 que est\u00e1n a la espera de una convocatoria que permita destrabar el conflicto. Sin embargo, remarc\u00f3 la gravedad de la situaci\u00f3n financiera del sistema de transporte urbano. \u201cNo solo los empresarios tienen responsabilidad. El Estado provincial y el Municipio tambi\u00e9n deben intervenir, porque esto es un servicio p\u00fablico\u201d, expres\u00f3.<\/p>\n<p>Finalmente, el dirigente hizo hincapi\u00e9 en que el problema del financiamiento del transporte \u201cno es nuevo\u201d, pero que se agrav\u00f3 notablemente en el \u00faltimo tiempo debido a la quita de subsidios nacionales. \u201cLa situaci\u00f3n ha empeorado en estos a\u00f1os con las decisiones del Gobierno nacional\u201d, concluy\u00f3.<\/p>\n","protected":false},"excerpt":{"rendered":"<p>Y las empresas piden una conciliaci\u00f3n Ante la falta de fondos para afrontar el \u00faltimo acuerdo salarial, las empresas de transporte urbano de Corrientes pidieron una audiencia urgente con la UTA. La C\u00e1mara de Empresas de Transporte Urbano de Corrientes (CETUC) y la firma Miramar Estrella UT emitieron un comunicado donde solicitan a la Secretar\u00eda [&hellip;]<\/p>\n","protected":false},"author":4,"featured_media":191445,"comment_status":"closed","ping_status":"closed","sticky":false,"template":"","format":"standard","meta":{"_joinchat":[],"footnotes":""},"categories":[26],"tags":[],"class_list":{"0":"post-191444","1":"post","2":"type-post","3":"status-publish","4":"format-standard","5":"has-post-thumbnail","7":"category-provinciales"},"yoast_head":"<!-- This site is optimized with the Yoast SEO plugin v27.2 - https:\/\/yoast.com\/product\/yoast-seo-wordpress\/ -->\n<title>Corrientes: la UTA amenaza con un paro - Radio Infinita Goya<\/title>\n<meta name=\"description\" content=\"Y las empresas piden una conciliaci\u00f3n Ante la falta de fondos para afrontar el \u00faltimo acuerdo salarial, las empresas de transporte urbano de Corrientes\" \/>\n<meta name=\"robots\" content=\"index, follow, max-snippet:-1, max-image-preview:large, max-video-preview:-1\" \/>\n<link rel=\"canonical\" href=\"https:\/\/radioinfinitagoya.com.ar\/v1\/2025\/06\/15\/corrientes-la-uta-amenaza-con-un-paro\/\" \/>\n<meta property=\"og:locale\" content=\"es_ES\" \/>\n<meta property=\"og:type\" content=\"article\" \/>\n<meta property=\"og:title\" content=\"Corrientes: la UTA amenaza con un paro - Radio Infinita Goya\" \/>\n<meta property=\"og:description\" content=\"Y las empresas piden una conciliaci\u00f3n Ante la falta de fondos para afrontar el \u00faltimo acuerdo salarial, las empresas de transporte urbano de Corrientes\" \/>\n<meta property=\"og:url\" content=\"https:\/\/radioinfinitagoya.com.ar\/v1\/2025\/06\/15\/corrientes-la-uta-amenaza-con-un-paro\/\" \/>\n<meta property=\"og:site_name\" content=\"Radio Infinita Goya\" \/>\n<meta property=\"article:publisher\" content=\"https:\/\/www.facebook.com\/p\/Infinita-Goya-100063870918311\/\" \/>\n<meta property=\"article:published_time\" content=\"2025-06-15T21:42:34+00:00\" \/>\n<meta property=\"og:image\" content=\"https:\/\/radioinfinitagoya.com.ar\/v1\/wp-content\/uploads\/2025\/06\/Ga_oo6DWIAABSt6.jpg\" \/>\n\t<meta property=\"og:image:width\" content=\"680\" \/>\n\t<meta property=\"og:image:height\" content=\"383\" \/>\n\t<meta property=\"og:image:type\" content=\"image\/jpeg\" \/>\n<meta name=\"author\" content=\"Jorge Mi\u00f1o\" \/>\n<meta name=\"twitter:card\" content=\"summary_large_image\" \/>\n<meta name=\"twitter:label1\" content=\"Escrito por\" \/>\n\t<meta name=\"twitter:data1\" content=\"Jorge Mi\u00f1o\" \/>\n\t<meta name=\"twitter:label2\" content=\"Tiempo de lectura\" \/>\n\t<meta name=\"twitter:data2\" content=\"3 minutos\" \/>\n<script type=\"application\/ld+json\" class=\"yoast-schema-graph\">{\"@context\":\"https:\/\/schema.org\",\"@graph\":[{\"@type\":\"Article\",\"@id\":\"https:\/\/radioinfinitagoya.com.ar\/v1\/2025\/06\/15\/corrientes-la-uta-amenaza-con-un-paro\/#article\",\"isPartOf\":{\"@id\":\"https:\/\/radioinfinitagoya.com.ar\/v1\/2025\/06\/15\/corrientes-la-uta-amenaza-con-un-paro\/\"},\"author\":{\"name\":\"Jorge Mi\u00f1o\",\"@id\":\"https:\/\/radioinfinitagoya.com.ar\/v1\/#\/schema\/person\/d4cf9c413d4f6edb24aabdccab49ca4a\"},\"headline\":\"Corrientes: la UTA amenaza con un paro\",\"datePublished\":\"2025-06-15T21:42:34+00:00\",\"mainEntityOfPage\":{\"@id\":\"https:\/\/radioinfinitagoya.com.ar\/v1\/2025\/06\/15\/corrientes-la-uta-amenaza-con-un-paro\/\"},\"wordCount\":457,\"publisher\":{\"@id\":\"https:\/\/radioinfinitagoya.com.ar\/v1\/#organization\"},\"image\":{\"@id\":\"https:\/\/radioinfinitagoya.com.ar\/v1\/2025\/06\/15\/corrientes-la-uta-amenaza-con-un-paro\/#primaryimage\"},\"thumbnailUrl\":\"https:\/\/radioinfinitagoya.com.ar\/v1\/wp-content\/uploads\/2025\/06\/Ga_oo6DWIAABSt6.jpg\",\"articleSection\":[\"PROVINCIALES\"],\"inLanguage\":\"es-AR\"},{\"@type\":\"WebPage\",\"@id\":\"https:\/\/radioinfinitagoya.com.ar\/v1\/2025\/06\/15\/corrientes-la-uta-amenaza-con-un-paro\/\",\"url\":\"https:\/\/radioinfinitagoya.com.ar\/v1\/2025\/06\/15\/corrientes-la-uta-amenaza-con-un-paro\/\",\"name\":\"Corrientes: la UTA amenaza con un paro - Radio Infinita Goya\",\"isPartOf\":{\"@id\":\"https:\/\/radioinfinitagoya.com.ar\/v1\/#website\"},\"primaryImageOfPage\":{\"@id\":\"https:\/\/radioinfinitagoya.com.ar\/v1\/2025\/06\/15\/corrientes-la-uta-amenaza-con-un-paro\/#primaryimage\"},\"image\":{\"@id\":\"https:\/\/radioinfinitagoya.com.ar\/v1\/2025\/06\/15\/corrientes-la-uta-amenaza-con-un-paro\/#primaryimage\"},\"thumbnailUrl\":\"https:\/\/radioinfinitagoya.com.ar\/v1\/wp-content\/uploads\/2025\/06\/Ga_oo6DWIAABSt6.jpg\",\"datePublished\":\"2025-06-15T21:42:34+00:00\",\"description\":\"Y las empresas piden una conciliaci\u00f3n Ante la falta de fondos para afrontar el \u00faltimo acuerdo salarial, las empresas de transporte urbano de Corrientes\",\"breadcrumb\":{\"@id\":\"https:\/\/radioinfinitagoya.com.ar\/v1\/2025\/06\/15\/corrientes-la-uta-amenaza-con-un-paro\/#breadcrumb\"},\"inLanguage\":\"es-AR\",\"potentialAction\":[{\"@type\":\"ReadAction\",\"target\":[\"https:\/\/radioinfinitagoya.com.ar\/v1\/2025\/06\/15\/corrientes-la-uta-amenaza-con-un-paro\/\"]}]},{\"@type\":\"ImageObject\",\"inLanguage\":\"es-AR\",\"@id\":\"https:\/\/radioinfinitagoya.com.ar\/v1\/2025\/06\/15\/corrientes-la-uta-amenaza-con-un-paro\/#primaryimage\",\"url\":\"https:\/\/radioinfinitagoya.com.ar\/v1\/wp-content\/uploads\/2025\/06\/Ga_oo6DWIAABSt6.jpg\",\"contentUrl\":\"https:\/\/radioinfinitagoya.com.ar\/v1\/wp-content\/uploads\/2025\/06\/Ga_oo6DWIAABSt6.jpg\",\"width\":680,\"height\":383},{\"@type\":\"BreadcrumbList\",\"@id\":\"https:\/\/radioinfinitagoya.com.ar\/v1\/2025\/06\/15\/corrientes-la-uta-amenaza-con-un-paro\/#breadcrumb\",\"itemListElement\":[{\"@type\":\"ListItem\",\"position\":1,\"name\":\"Inicio\",\"item\":\"https:\/\/radioinfinitagoya.com.ar\/v1\/\"},{\"@type\":\"ListItem\",\"position\":2,\"name\":\"Corrientes: la UTA amenaza con un paro\"}]},{\"@type\":\"WebSite\",\"@id\":\"https:\/\/radioinfinitagoya.com.ar\/v1\/#website\",\"url\":\"https:\/\/radioinfinitagoya.com.ar\/v1\/\",\"name\":\"radioinfinitagoya.com.ar\",\"description\":\"Radio de noticias\",\"publisher\":{\"@id\":\"https:\/\/radioinfinitagoya.com.ar\/v1\/#organization\"},\"potentialAction\":[{\"@type\":\"SearchAction\",\"target\":{\"@type\":\"EntryPoint\",\"urlTemplate\":\"https:\/\/radioinfinitagoya.com.ar\/v1\/?s={search_term_string}\"},\"query-input\":{\"@type\":\"PropertyValueSpecification\",\"valueRequired\":true,\"valueName\":\"search_term_string\"}}],\"inLanguage\":\"es-AR\"},{\"@type\":\"Organization\",\"@id\":\"https:\/\/radioinfinitagoya.com.ar\/v1\/#organization\",\"name\":\"Radio Infinita Goya\",\"url\":\"https:\/\/radioinfinitagoya.com.ar\/v1\/\",\"logo\":{\"@type\":\"ImageObject\",\"inLanguage\":\"es-AR\",\"@id\":\"https:\/\/radioinfinitagoya.com.ar\/v1\/#\/schema\/logo\/image\/\",\"url\":\"https:\/\/radioinfinitagoya.com.ar\/v1\/wp-content\/uploads\/2019\/11\/logo-pie-web.png\",\"contentUrl\":\"https:\/\/radioinfinitagoya.com.ar\/v1\/wp-content\/uploads\/2019\/11\/logo-pie-web.png\",\"width\":635,\"height\":326,\"caption\":\"Radio Infinita Goya\"},\"image\":{\"@id\":\"https:\/\/radioinfinitagoya.com.ar\/v1\/#\/schema\/logo\/image\/\"},\"sameAs\":[\"https:\/\/www.facebook.com\/p\/Infinita-Goya-100063870918311\/\"]},{\"@type\":\"Person\",\"@id\":\"https:\/\/radioinfinitagoya.com.ar\/v1\/#\/schema\/person\/d4cf9c413d4f6edb24aabdccab49ca4a\",\"name\":\"Jorge Mi\u00f1o\",\"image\":{\"@type\":\"ImageObject\",\"inLanguage\":\"es-AR\",\"@id\":\"https:\/\/secure.gravatar.com\/avatar\/910fcf6728fe95320e07a6643c1581fec1c7fc4bf8ae12e3d8f0d0373dc844be?s=96&d=mm&r=g\",\"url\":\"https:\/\/secure.gravatar.com\/avatar\/910fcf6728fe95320e07a6643c1581fec1c7fc4bf8ae12e3d8f0d0373dc844be?s=96&d=mm&r=g\",\"contentUrl\":\"https:\/\/secure.gravatar.com\/avatar\/910fcf6728fe95320e07a6643c1581fec1c7fc4bf8ae12e3d8f0d0373dc844be?s=96&d=mm&r=g\",\"caption\":\"Jorge Mi\u00f1o\"},\"sameAs\":[\"http:\/\/radioinfinitagoya.com.ar\"]}]}<\/script>\n<!-- \/ Yoast SEO plugin. -->","yoast_head_json":{"title":"Corrientes: la UTA amenaza con un paro - Radio Infinita Goya","description":"Y las empresas piden una conciliaci\u00f3n Ante la falta de fondos para afrontar el \u00faltimo acuerdo salarial, las empresas de transporte urbano de Corrientes","robots":{"index":"index","follow":"follow","max-snippet":"max-snippet:-1","max-image-preview":"max-image-preview:large","max-video-preview":"max-video-preview:-1"},"canonical":"https:\/\/radioinfinitagoya.com.ar\/v1\/2025\/06\/15\/corrientes-la-uta-amenaza-con-un-paro\/","og_locale":"es_ES","og_type":"article","og_title":"Corrientes: la UTA amenaza con un paro - Radio Infinita Goya","og_description":"Y las empresas piden una conciliaci\u00f3n Ante la falta de fondos para afrontar el \u00faltimo acuerdo salarial, las empresas de transporte urbano de Corrientes","og_url":"https:\/\/radioinfinitagoya.com.ar\/v1\/2025\/06\/15\/corrientes-la-uta-amenaza-con-un-paro\/","og_site_name":"Radio Infinita Goya","article_publisher":"https:\/\/www.facebook.com\/p\/Infinita-Goya-100063870918311\/","article_published_time":"2025-06-15T21:42:34+00:00","og_image":[{"width":680,"height":383,"url":"https:\/\/radioinfinitagoya.com.ar\/v1\/wp-content\/uploads\/2025\/06\/Ga_oo6DWIAABSt6.jpg","type":"image\/jpeg"}],"author":"Jorge Mi\u00f1o","twitter_card":"summary_large_image","twitter_misc":{"Escrito por":"Jorge Mi\u00f1o","Tiempo de lectura":"3 minutos"},"schema":{"@context":"https:\/\/schema.org","@graph":[{"@type":"Article","@id":"https:\/\/radioinfinitagoya.com.ar\/v1\/2025\/06\/15\/corrientes-la-uta-amenaza-con-un-paro\/#article","isPartOf":{"@id":"https:\/\/radioinfinitagoya.com.ar\/v1\/2025\/06\/15\/corrientes-la-uta-amenaza-con-un-paro\/"},"author":{"name":"Jorge Mi\u00f1o","@id":"https:\/\/radioinfinitagoya.com.ar\/v1\/#\/schema\/person\/d4cf9c413d4f6edb24aabdccab49ca4a"},"headline":"Corrientes: la UTA amenaza con un paro","datePublished":"2025-06-15T21:42:34+00:00","mainEntityOfPage":{"@id":"https:\/\/radioinfinitagoya.com.ar\/v1\/2025\/06\/15\/corrientes-la-uta-amenaza-con-un-paro\/"},"wordCount":457,"publisher":{"@id":"https:\/\/radioinfinitagoya.com.ar\/v1\/#organization"},"image":{"@id":"https:\/\/radioinfinitagoya.com.ar\/v1\/2025\/06\/15\/corrientes-la-uta-amenaza-con-un-paro\/#primaryimage"},"thumbnailUrl":"https:\/\/radioinfinitagoya.com.ar\/v1\/wp-content\/uploads\/2025\/06\/Ga_oo6DWIAABSt6.jpg","articleSection":["PROVINCIALES"],"inLanguage":"es-AR"},{"@type":"WebPage","@id":"https:\/\/radioinfinitagoya.com.ar\/v1\/2025\/06\/15\/corrientes-la-uta-amenaza-con-un-paro\/","url":"https:\/\/radioinfinitagoya.com.ar\/v1\/2025\/06\/15\/corrientes-la-uta-amenaza-con-un-paro\/","name":"Corrientes: la UTA amenaza con un paro - Radio Infinita Goya","isPartOf":{"@id":"https:\/\/radioinfinitagoya.com.ar\/v1\/#website"},"primaryImageOfPage":{"@id":"https:\/\/radioinfinitagoya.com.ar\/v1\/2025\/06\/15\/corrientes-la-uta-amenaza-con-un-paro\/#primaryimage"},"image":{"@id":"https:\/\/radioinfinitagoya.com.ar\/v1\/2025\/06\/15\/corrientes-la-uta-amenaza-con-un-paro\/#primaryimage"},"thumbnailUrl":"https:\/\/radioinfinitagoya.com.ar\/v1\/wp-content\/uploads\/2025\/06\/Ga_oo6DWIAABSt6.jpg","datePublished":"2025-06-15T21:42:34+00:00","description":"Y las empresas piden una conciliaci\u00f3n Ante la falta de fondos para afrontar el \u00faltimo acuerdo salarial, las empresas de transporte urbano de Corrientes","breadcrumb":{"@id":"https:\/\/radioinfinitagoya.com.ar\/v1\/2025\/06\/15\/corrientes-la-uta-amenaza-con-un-paro\/#breadcrumb"},"inLanguage":"es-AR","potentialAction":[{"@type":"ReadAction","target":["https:\/\/radioinfinitagoya.com.ar\/v1\/2025\/06\/15\/corrientes-la-uta-amenaza-con-un-paro\/"]}]},{"@type":"ImageObject","inLanguage":"es-AR","@id":"https:\/\/radioinfinitagoya.com.ar\/v1\/2025\/06\/15\/corrientes-la-uta-amenaza-con-un-paro\/#primaryimage","url":"https:\/\/radioinfinitagoya.com.ar\/v1\/wp-content\/uploads\/2025\/06\/Ga_oo6DWIAABSt6.jpg","contentUrl":"https:\/\/radioinfinitagoya.com.ar\/v1\/wp-content\/uploads\/2025\/06\/Ga_oo6DWIAABSt6.jpg","width":680,"height":383},{"@type":"BreadcrumbList","@id":"https:\/\/radioinfinitagoya.com.ar\/v1\/2025\/06\/15\/corrientes-la-uta-amenaza-con-un-paro\/#breadcrumb","itemListElement":[{"@type":"ListItem","position":1,"name":"Inicio","item":"https:\/\/radioinfinitagoya.com.ar\/v1\/"},{"@type":"ListItem","position":2,"name":"Corrientes: la UTA amenaza con un paro"}]},{"@type":"WebSite","@id":"https:\/\/radioinfinitagoya.com.ar\/v1\/#website","url":"https:\/\/radioinfinitagoya.com.ar\/v1\/","name":"radioinfinitagoya.com.ar","description":"Radio de noticias","publisher":{"@id":"https:\/\/radioinfinitagoya.com.ar\/v1\/#organization"},"potentialAction":[{"@type":"SearchAction","target":{"@type":"EntryPoint","urlTemplate":"https:\/\/radioinfinitagoya.com.ar\/v1\/?s={search_term_string}"},"query-input":{"@type":"PropertyValueSpecification","valueRequired":true,"valueName":"search_term_string"}}],"inLanguage":"es-AR"},{"@type":"Organization","@id":"https:\/\/radioinfinitagoya.com.ar\/v1\/#organization","name":"Radio Infinita Goya","url":"https:\/\/radioinfinitagoya.com.ar\/v1\/","logo":{"@type":"ImageObject","inLanguage":"es-AR","@id":"https:\/\/radioinfinitagoya.com.ar\/v1\/#\/schema\/logo\/image\/","url":"https:\/\/radioinfinitagoya.com.ar\/v1\/wp-content\/uploads\/2019\/11\/logo-pie-web.png","contentUrl":"https:\/\/radioinfinitagoya.com.ar\/v1\/wp-content\/uploads\/2019\/11\/logo-pie-web.png","width":635,"height":326,"caption":"Radio Infinita Goya"},"image":{"@id":"https:\/\/radioinfinitagoya.com.ar\/v1\/#\/schema\/logo\/image\/"},"sameAs":["https:\/\/www.facebook.com\/p\/Infinita-Goya-100063870918311\/"]},{"@type":"Person","@id":"https:\/\/radioinfinitagoya.com.ar\/v1\/#\/schema\/person\/d4cf9c413d4f6edb24aabdccab49ca4a","name":"Jorge Mi\u00f1o","image":{"@type":"ImageObject","inLanguage":"es-AR","@id":"https:\/\/secure.gravatar.com\/avatar\/910fcf6728fe95320e07a6643c1581fec1c7fc4bf8ae12e3d8f0d0373dc844be?s=96&d=mm&r=g","url":"https:\/\/secure.gravatar.com\/avatar\/910fcf6728fe95320e07a6643c1581fec1c7fc4bf8ae12e3d8f0d0373dc844be?s=96&d=mm&r=g","contentUrl":"https:\/\/secure.gravatar.com\/avatar\/910fcf6728fe95320e07a6643c1581fec1c7fc4bf8ae12e3d8f0d0373dc844be?s=96&d=mm&r=g","caption":"Jorge Mi\u00f1o"},"sameAs":["http:\/\/radioinfinitagoya.com.ar"]}]}},"_links":{"self":[{"href":"https:\/\/radioinfinitagoya.com.ar\/v1\/wp-json\/wp\/v2\/posts\/191444","targetHints":{"allow":["GET"]}}],"collection":[{"href":"https:\/\/radioinfinitagoya.com.ar\/v1\/wp-json\/wp\/v2\/posts"}],"about":[{"href":"https:\/\/radioinfinitagoya.com.ar\/v1\/wp-json\/wp\/v2\/types\/post"}],"author":[{"embeddable":true,"href":"https:\/\/radioinfinitagoya.com.ar\/v1\/wp-json\/wp\/v2\/users\/4"}],"replies":[{"embeddable":true,"href":"https:\/\/radioinfinitagoya.com.ar\/v1\/wp-json\/wp\/v2\/comments?post=191444"}],"version-history":[{"count":0,"href":"https:\/\/radioinfinitagoya.com.ar\/v1\/wp-json\/wp\/v2\/posts\/191444\/revisions"}],"wp:featuredmedia":[{"embeddable":true,"href":"https:\/\/radioinfinitagoya.com.ar\/v1\/wp-json\/wp\/v2\/media\/191445"}],"wp:attachment":[{"href":"https:\/\/radioinfinitagoya.com.ar\/v1\/wp-json\/wp\/v2\/media?parent=191444"}],"wp:term":[{"taxonomy":"category","embeddable":true,"href":"https:\/\/radioinfinitagoya.com.ar\/v1\/wp-json\/wp\/v2\/categories?post=191444"},{"taxonomy":"post_tag","embeddable":true,"href":"https:\/\/radioinfinitagoya.com.ar\/v1\/wp-json\/wp\/v2\/tags?post=191444"}],"curies":[{"name":"wp","href":"https:\/\/api.w.org\/{rel}","templated":true}]}}