{"id":191447,"date":"2025-06-15T18:46:26","date_gmt":"2025-06-15T21:46:26","guid":{"rendered":"https:\/\/radioinfinitagoya.com.ar\/v1\/?p=191447"},"modified":"2025-06-15T18:46:26","modified_gmt":"2025-06-15T21:46:26","slug":"krujoski-abandono-en-la-segunda-final-del-turismo-carretera-2000-en-viedma","status":"publish","type":"post","link":"https:\/\/radioinfinitagoya.com.ar\/v1\/2025\/06\/15\/krujoski-abandono-en-la-segunda-final-del-turismo-carretera-2000-en-viedma\/","title":{"rendered":"Krujoski abandon\u00f3 en la segunda final del Turismo Carretera 2000 en Viedma"},"content":{"rendered":"<p>El correntino qued\u00f3 al margen de la carrera en los primeros metros y se cort\u00f3 su racha de tres triunfos consecutivos.<\/p>\n<p>El fin de semana en Viedma, R\u00edo Negro, termin\u00f3 con un abandono para Humberto Krujoski en el Turismo Carretera 2000. La segunda final de la cuarta fecha dur\u00f3 muy poco para el piloto correntino que larg\u00f3 en punta.<\/p>\n<p>La carrera qued\u00f3 en poder de Braian Quevedo (Honda Civic). El piloto del Coiro Competici\u00f3n obtuvo as\u00ed su 1\u00aa victoria en la flamante categor\u00eda, que tambi\u00e9n fue el bautismo triunfal para el equipo de la familia Jakos, y se convirti\u00f3 en el 5\u00ba ganador distinto en 8 competencias realizadas en lo que va del a\u00f1o.<\/p>\n<p>El bahiense de 20 a\u00f1os captur\u00f3 el liderazgo tras un \u00e1spera largada con Krujoski, el \u201cpoleman\u201d, quien producto de esa disputa perdi\u00f3 el control de su Renault Fluence, cruz\u00f3 la pista y choc\u00f3 fuertemente a Mario Valle, quien no pudo evitar el impacto pese a tirar su Citro\u00ebn C4 Lounge al pasto. Ambos abandonaron aunque el chubutense debi\u00f3 pasar por el centro m\u00e9dico por un golpe en las costillas del lado izquierdo, inform\u00f3 el portal especializado Campeones.<\/p>\n<p>Apesar de transitar varios metros por el pasto en esa complicada maniobra con Krujoski, Quevedo volvi\u00f3 a la pista como l\u00edder, justo por delante de Andr\u00e9s Jakos (Honda Civic). Agust\u00edn Canapino (Renault Fluence), que hab\u00eda largado 6\u00ba, super\u00f3 a \u201cAndy\u201d en esa 1\u00aa vuelta y qued\u00f3 como escolta, pero nunca pudo inquietar a Quevedo, que ya ten\u00eda un par de triunfos en la Clase 3 del Turismo Pista (Termas de R\u00edo Hondo 2023 y La Plata 2024).<\/p>\n<p>Canapino, que lleg\u00f3 2\u00ba a 1s017 del ganador, sum\u00f3 su 7\u00ba podio en 8 carreras y volvi\u00f3 a extender su ventaja en el campeonato. Ahora la diferencia es 41 puntos, aunque su escolta ya no es Facundo Ardusso (Honda Civic), que arrib\u00f3 4\u00ba, sino Bernardo Llaver (Honda Civic), su compa\u00f1ero en el RV Racing, que culmin\u00f3 3\u00ba y cosech\u00f3 su tercer \u201ctop 3\u201d de la temporada.<\/p>\n<p>Krujoski hab\u00eda ganado la primera final del fin de semana, disputada el s\u00e1bado, para sumar su tercera victoria consecutiva en la temporada. Ten\u00eda la ilusi\u00f3n de ser nuevamente protagonista pero la falla en la largada lo priv\u00f3 de sumar puntos importantes para el campeonato.<\/p>\n<p>El Turismo Carretera 2000 disputar\u00e1 su 5\u00aa fecha en el aut\u00f3dromo de La Plata, del 27 al 29 de junio, junto al TC Pick Up y el TC Mouras.<\/p>\n","protected":false},"excerpt":{"rendered":"<p>El correntino qued\u00f3 al margen de la carrera en los primeros metros y se cort\u00f3 su racha de tres triunfos consecutivos. El fin de semana en Viedma, R\u00edo Negro, termin\u00f3 con un abandono para Humberto Krujoski en el Turismo Carretera 2000. La segunda final de la cuarta fecha dur\u00f3 muy poco para el piloto correntino [&hellip;]<\/p>\n","protected":false},"author":4,"featured_media":191448,"comment_status":"closed","ping_status":"closed","sticky":false,"template":"","format":"standard","meta":{"_joinchat":[],"footnotes":""},"categories":[28],"tags":[],"class_list":{"0":"post-191447","1":"post","2":"type-post","3":"status-publish","4":"format-standard","5":"has-post-thumbnail","7":"category-deportes"},"yoast_head":"<!-- This site is optimized with the Yoast SEO plugin v27.2 - https:\/\/yoast.com\/product\/yoast-seo-wordpress\/ -->\n<title>Krujoski abandon\u00f3 en la segunda final del Turismo Carretera 2000 en Viedma - Radio Infinita Goya<\/title>\n<meta name=\"description\" content=\"El correntino qued\u00f3 al margen de la carrera en los primeros metros y se cort\u00f3 su racha de tres triunfos consecutivos. El fin de semana en Viedma, R\u00edo\" \/>\n<meta name=\"robots\" content=\"index, follow, max-snippet:-1, max-image-preview:large, max-video-preview:-1\" \/>\n<link rel=\"canonical\" href=\"https:\/\/radioinfinitagoya.com.ar\/v1\/2025\/06\/15\/krujoski-abandono-en-la-segunda-final-del-turismo-carretera-2000-en-viedma\/\" \/>\n<meta property=\"og:locale\" content=\"es_ES\" \/>\n<meta property=\"og:type\" content=\"article\" \/>\n<meta property=\"og:title\" content=\"Krujoski abandon\u00f3 en la segunda final del Turismo Carretera 2000 en Viedma - Radio Infinita Goya\" \/>\n<meta property=\"og:description\" content=\"El correntino qued\u00f3 al margen de la carrera en los primeros metros y se cort\u00f3 su racha de tres triunfos consecutivos. El fin de semana en Viedma, R\u00edo\" \/>\n<meta property=\"og:url\" content=\"https:\/\/radioinfinitagoya.com.ar\/v1\/2025\/06\/15\/krujoski-abandono-en-la-segunda-final-del-turismo-carretera-2000-en-viedma\/\" \/>\n<meta property=\"og:site_name\" content=\"Radio Infinita Goya\" \/>\n<meta property=\"article:publisher\" content=\"https:\/\/www.facebook.com\/p\/Infinita-Goya-100063870918311\/\" \/>\n<meta property=\"article:published_time\" content=\"2025-06-15T21:46:26+00:00\" \/>\n<meta property=\"og:image\" content=\"https:\/\/radioinfinitagoya.com.ar\/v1\/wp-content\/uploads\/2025\/06\/1750012304484.webp\" \/>\n\t<meta property=\"og:image:width\" content=\"1200\" \/>\n\t<meta property=\"og:image:height\" content=\"675\" \/>\n\t<meta property=\"og:image:type\" content=\"image\/webp\" \/>\n<meta name=\"author\" content=\"Jorge Mi\u00f1o\" \/>\n<meta name=\"twitter:card\" content=\"summary_large_image\" \/>\n<meta name=\"twitter:label1\" content=\"Escrito por\" \/>\n\t<meta name=\"twitter:data1\" content=\"Jorge Mi\u00f1o\" \/>\n\t<meta name=\"twitter:label2\" content=\"Tiempo de lectura\" \/>\n\t<meta name=\"twitter:data2\" content=\"3 minutos\" \/>\n<script type=\"application\/ld+json\" class=\"yoast-schema-graph\">{\"@context\":\"https:\/\/schema.org\",\"@graph\":[{\"@type\":\"Article\",\"@id\":\"https:\/\/radioinfinitagoya.com.ar\/v1\/2025\/06\/15\/krujoski-abandono-en-la-segunda-final-del-turismo-carretera-2000-en-viedma\/#article\",\"isPartOf\":{\"@id\":\"https:\/\/radioinfinitagoya.com.ar\/v1\/2025\/06\/15\/krujoski-abandono-en-la-segunda-final-del-turismo-carretera-2000-en-viedma\/\"},\"author\":{\"name\":\"Jorge Mi\u00f1o\",\"@id\":\"https:\/\/radioinfinitagoya.com.ar\/v1\/#\/schema\/person\/d4cf9c413d4f6edb24aabdccab49ca4a\"},\"headline\":\"Krujoski abandon\u00f3 en la segunda final del Turismo Carretera 2000 en Viedma\",\"datePublished\":\"2025-06-15T21:46:26+00:00\",\"mainEntityOfPage\":{\"@id\":\"https:\/\/radioinfinitagoya.com.ar\/v1\/2025\/06\/15\/krujoski-abandono-en-la-segunda-final-del-turismo-carretera-2000-en-viedma\/\"},\"wordCount\":417,\"publisher\":{\"@id\":\"https:\/\/radioinfinitagoya.com.ar\/v1\/#organization\"},\"image\":{\"@id\":\"https:\/\/radioinfinitagoya.com.ar\/v1\/2025\/06\/15\/krujoski-abandono-en-la-segunda-final-del-turismo-carretera-2000-en-viedma\/#primaryimage\"},\"thumbnailUrl\":\"https:\/\/radioinfinitagoya.com.ar\/v1\/wp-content\/uploads\/2025\/06\/1750012304484.webp\",\"articleSection\":[\"DEPORTES\"],\"inLanguage\":\"es-AR\"},{\"@type\":\"WebPage\",\"@id\":\"https:\/\/radioinfinitagoya.com.ar\/v1\/2025\/06\/15\/krujoski-abandono-en-la-segunda-final-del-turismo-carretera-2000-en-viedma\/\",\"url\":\"https:\/\/radioinfinitagoya.com.ar\/v1\/2025\/06\/15\/krujoski-abandono-en-la-segunda-final-del-turismo-carretera-2000-en-viedma\/\",\"name\":\"Krujoski abandon\u00f3 en la segunda final del Turismo Carretera 2000 en Viedma - Radio Infinita Goya\",\"isPartOf\":{\"@id\":\"https:\/\/radioinfinitagoya.com.ar\/v1\/#website\"},\"primaryImageOfPage\":{\"@id\":\"https:\/\/radioinfinitagoya.com.ar\/v1\/2025\/06\/15\/krujoski-abandono-en-la-segunda-final-del-turismo-carretera-2000-en-viedma\/#primaryimage\"},\"image\":{\"@id\":\"https:\/\/radioinfinitagoya.com.ar\/v1\/2025\/06\/15\/krujoski-abandono-en-la-segunda-final-del-turismo-carretera-2000-en-viedma\/#primaryimage\"},\"thumbnailUrl\":\"https:\/\/radioinfinitagoya.com.ar\/v1\/wp-content\/uploads\/2025\/06\/1750012304484.webp\",\"datePublished\":\"2025-06-15T21:46:26+00:00\",\"description\":\"El correntino qued\u00f3 al margen de la carrera en los primeros metros y se cort\u00f3 su racha de tres triunfos consecutivos. El fin de semana en Viedma, R\u00edo\",\"breadcrumb\":{\"@id\":\"https:\/\/radioinfinitagoya.com.ar\/v1\/2025\/06\/15\/krujoski-abandono-en-la-segunda-final-del-turismo-carretera-2000-en-viedma\/#breadcrumb\"},\"inLanguage\":\"es-AR\",\"potentialAction\":[{\"@type\":\"ReadAction\",\"target\":[\"https:\/\/radioinfinitagoya.com.ar\/v1\/2025\/06\/15\/krujoski-abandono-en-la-segunda-final-del-turismo-carretera-2000-en-viedma\/\"]}]},{\"@type\":\"ImageObject\",\"inLanguage\":\"es-AR\",\"@id\":\"https:\/\/radioinfinitagoya.com.ar\/v1\/2025\/06\/15\/krujoski-abandono-en-la-segunda-final-del-turismo-carretera-2000-en-viedma\/#primaryimage\",\"url\":\"https:\/\/radioinfinitagoya.com.ar\/v1\/wp-content\/uploads\/2025\/06\/1750012304484.webp\",\"contentUrl\":\"https:\/\/radioinfinitagoya.com.ar\/v1\/wp-content\/uploads\/2025\/06\/1750012304484.webp\",\"width\":1200,\"height\":675},{\"@type\":\"BreadcrumbList\",\"@id\":\"https:\/\/radioinfinitagoya.com.ar\/v1\/2025\/06\/15\/krujoski-abandono-en-la-segunda-final-del-turismo-carretera-2000-en-viedma\/#breadcrumb\",\"itemListElement\":[{\"@type\":\"ListItem\",\"position\":1,\"name\":\"Inicio\",\"item\":\"https:\/\/radioinfinitagoya.com.ar\/v1\/\"},{\"@type\":\"ListItem\",\"position\":2,\"name\":\"Krujoski abandon\u00f3 en la segunda final del Turismo Carretera 2000 en Viedma\"}]},{\"@type\":\"WebSite\",\"@id\":\"https:\/\/radioinfinitagoya.com.ar\/v1\/#website\",\"url\":\"https:\/\/radioinfinitagoya.com.ar\/v1\/\",\"name\":\"radioinfinitagoya.com.ar\",\"description\":\"Radio de noticias\",\"publisher\":{\"@id\":\"https:\/\/radioinfinitagoya.com.ar\/v1\/#organization\"},\"potentialAction\":[{\"@type\":\"SearchAction\",\"target\":{\"@type\":\"EntryPoint\",\"urlTemplate\":\"https:\/\/radioinfinitagoya.com.ar\/v1\/?s={search_term_string}\"},\"query-input\":{\"@type\":\"PropertyValueSpecification\",\"valueRequired\":true,\"valueName\":\"search_term_string\"}}],\"inLanguage\":\"es-AR\"},{\"@type\":\"Organization\",\"@id\":\"https:\/\/radioinfinitagoya.com.ar\/v1\/#organization\",\"name\":\"Radio Infinita Goya\",\"url\":\"https:\/\/radioinfinitagoya.com.ar\/v1\/\",\"logo\":{\"@type\":\"ImageObject\",\"inLanguage\":\"es-AR\",\"@id\":\"https:\/\/radioinfinitagoya.com.ar\/v1\/#\/schema\/logo\/image\/\",\"url\":\"https:\/\/radioinfinitagoya.com.ar\/v1\/wp-content\/uploads\/2019\/11\/logo-pie-web.png\",\"contentUrl\":\"https:\/\/radioinfinitagoya.com.ar\/v1\/wp-content\/uploads\/2019\/11\/logo-pie-web.png\",\"width\":635,\"height\":326,\"caption\":\"Radio Infinita Goya\"},\"image\":{\"@id\":\"https:\/\/radioinfinitagoya.com.ar\/v1\/#\/schema\/logo\/image\/\"},\"sameAs\":[\"https:\/\/www.facebook.com\/p\/Infinita-Goya-100063870918311\/\"]},{\"@type\":\"Person\",\"@id\":\"https:\/\/radioinfinitagoya.com.ar\/v1\/#\/schema\/person\/d4cf9c413d4f6edb24aabdccab49ca4a\",\"name\":\"Jorge Mi\u00f1o\",\"image\":{\"@type\":\"ImageObject\",\"inLanguage\":\"es-AR\",\"@id\":\"https:\/\/secure.gravatar.com\/avatar\/910fcf6728fe95320e07a6643c1581fec1c7fc4bf8ae12e3d8f0d0373dc844be?s=96&d=mm&r=g\",\"url\":\"https:\/\/secure.gravatar.com\/avatar\/910fcf6728fe95320e07a6643c1581fec1c7fc4bf8ae12e3d8f0d0373dc844be?s=96&d=mm&r=g\",\"contentUrl\":\"https:\/\/secure.gravatar.com\/avatar\/910fcf6728fe95320e07a6643c1581fec1c7fc4bf8ae12e3d8f0d0373dc844be?s=96&d=mm&r=g\",\"caption\":\"Jorge Mi\u00f1o\"},\"sameAs\":[\"http:\/\/radioinfinitagoya.com.ar\"]}]}<\/script>\n<!-- \/ Yoast SEO plugin. -->","yoast_head_json":{"title":"Krujoski abandon\u00f3 en la segunda final del Turismo Carretera 2000 en Viedma - Radio Infinita Goya","description":"El correntino qued\u00f3 al margen de la carrera en los primeros metros y se cort\u00f3 su racha de tres triunfos consecutivos. El fin de semana en Viedma, R\u00edo","robots":{"index":"index","follow":"follow","max-snippet":"max-snippet:-1","max-image-preview":"max-image-preview:large","max-video-preview":"max-video-preview:-1"},"canonical":"https:\/\/radioinfinitagoya.com.ar\/v1\/2025\/06\/15\/krujoski-abandono-en-la-segunda-final-del-turismo-carretera-2000-en-viedma\/","og_locale":"es_ES","og_type":"article","og_title":"Krujoski abandon\u00f3 en la segunda final del Turismo Carretera 2000 en Viedma - Radio Infinita Goya","og_description":"El correntino qued\u00f3 al margen de la carrera en los primeros metros y se cort\u00f3 su racha de tres triunfos consecutivos. El fin de semana en Viedma, R\u00edo","og_url":"https:\/\/radioinfinitagoya.com.ar\/v1\/2025\/06\/15\/krujoski-abandono-en-la-segunda-final-del-turismo-carretera-2000-en-viedma\/","og_site_name":"Radio Infinita Goya","article_publisher":"https:\/\/www.facebook.com\/p\/Infinita-Goya-100063870918311\/","article_published_time":"2025-06-15T21:46:26+00:00","og_image":[{"width":1200,"height":675,"url":"https:\/\/radioinfinitagoya.com.ar\/v1\/wp-content\/uploads\/2025\/06\/1750012304484.webp","type":"image\/webp"}],"author":"Jorge Mi\u00f1o","twitter_card":"summary_large_image","twitter_misc":{"Escrito por":"Jorge Mi\u00f1o","Tiempo de lectura":"3 minutos"},"schema":{"@context":"https:\/\/schema.org","@graph":[{"@type":"Article","@id":"https:\/\/radioinfinitagoya.com.ar\/v1\/2025\/06\/15\/krujoski-abandono-en-la-segunda-final-del-turismo-carretera-2000-en-viedma\/#article","isPartOf":{"@id":"https:\/\/radioinfinitagoya.com.ar\/v1\/2025\/06\/15\/krujoski-abandono-en-la-segunda-final-del-turismo-carretera-2000-en-viedma\/"},"author":{"name":"Jorge Mi\u00f1o","@id":"https:\/\/radioinfinitagoya.com.ar\/v1\/#\/schema\/person\/d4cf9c413d4f6edb24aabdccab49ca4a"},"headline":"Krujoski abandon\u00f3 en la segunda final del Turismo Carretera 2000 en Viedma","datePublished":"2025-06-15T21:46:26+00:00","mainEntityOfPage":{"@id":"https:\/\/radioinfinitagoya.com.ar\/v1\/2025\/06\/15\/krujoski-abandono-en-la-segunda-final-del-turismo-carretera-2000-en-viedma\/"},"wordCount":417,"publisher":{"@id":"https:\/\/radioinfinitagoya.com.ar\/v1\/#organization"},"image":{"@id":"https:\/\/radioinfinitagoya.com.ar\/v1\/2025\/06\/15\/krujoski-abandono-en-la-segunda-final-del-turismo-carretera-2000-en-viedma\/#primaryimage"},"thumbnailUrl":"https:\/\/radioinfinitagoya.com.ar\/v1\/wp-content\/uploads\/2025\/06\/1750012304484.webp","articleSection":["DEPORTES"],"inLanguage":"es-AR"},{"@type":"WebPage","@id":"https:\/\/radioinfinitagoya.com.ar\/v1\/2025\/06\/15\/krujoski-abandono-en-la-segunda-final-del-turismo-carretera-2000-en-viedma\/","url":"https:\/\/radioinfinitagoya.com.ar\/v1\/2025\/06\/15\/krujoski-abandono-en-la-segunda-final-del-turismo-carretera-2000-en-viedma\/","name":"Krujoski abandon\u00f3 en la segunda final del Turismo Carretera 2000 en Viedma - Radio Infinita Goya","isPartOf":{"@id":"https:\/\/radioinfinitagoya.com.ar\/v1\/#website"},"primaryImageOfPage":{"@id":"https:\/\/radioinfinitagoya.com.ar\/v1\/2025\/06\/15\/krujoski-abandono-en-la-segunda-final-del-turismo-carretera-2000-en-viedma\/#primaryimage"},"image":{"@id":"https:\/\/radioinfinitagoya.com.ar\/v1\/2025\/06\/15\/krujoski-abandono-en-la-segunda-final-del-turismo-carretera-2000-en-viedma\/#primaryimage"},"thumbnailUrl":"https:\/\/radioinfinitagoya.com.ar\/v1\/wp-content\/uploads\/2025\/06\/1750012304484.webp","datePublished":"2025-06-15T21:46:26+00:00","description":"El correntino qued\u00f3 al margen de la carrera en los primeros metros y se cort\u00f3 su racha de tres triunfos consecutivos. El fin de semana en Viedma, R\u00edo","breadcrumb":{"@id":"https:\/\/radioinfinitagoya.com.ar\/v1\/2025\/06\/15\/krujoski-abandono-en-la-segunda-final-del-turismo-carretera-2000-en-viedma\/#breadcrumb"},"inLanguage":"es-AR","potentialAction":[{"@type":"ReadAction","target":["https:\/\/radioinfinitagoya.com.ar\/v1\/2025\/06\/15\/krujoski-abandono-en-la-segunda-final-del-turismo-carretera-2000-en-viedma\/"]}]},{"@type":"ImageObject","inLanguage":"es-AR","@id":"https:\/\/radioinfinitagoya.com.ar\/v1\/2025\/06\/15\/krujoski-abandono-en-la-segunda-final-del-turismo-carretera-2000-en-viedma\/#primaryimage","url":"https:\/\/radioinfinitagoya.com.ar\/v1\/wp-content\/uploads\/2025\/06\/1750012304484.webp","contentUrl":"https:\/\/radioinfinitagoya.com.ar\/v1\/wp-content\/uploads\/2025\/06\/1750012304484.webp","width":1200,"height":675},{"@type":"BreadcrumbList","@id":"https:\/\/radioinfinitagoya.com.ar\/v1\/2025\/06\/15\/krujoski-abandono-en-la-segunda-final-del-turismo-carretera-2000-en-viedma\/#breadcrumb","itemListElement":[{"@type":"ListItem","position":1,"name":"Inicio","item":"https:\/\/radioinfinitagoya.com.ar\/v1\/"},{"@type":"ListItem","position":2,"name":"Krujoski abandon\u00f3 en la segunda final del Turismo Carretera 2000 en Viedma"}]},{"@type":"WebSite","@id":"https:\/\/radioinfinitagoya.com.ar\/v1\/#website","url":"https:\/\/radioinfinitagoya.com.ar\/v1\/","name":"radioinfinitagoya.com.ar","description":"Radio de noticias","publisher":{"@id":"https:\/\/radioinfinitagoya.com.ar\/v1\/#organization"},"potentialAction":[{"@type":"SearchAction","target":{"@type":"EntryPoint","urlTemplate":"https:\/\/radioinfinitagoya.com.ar\/v1\/?s={search_term_string}"},"query-input":{"@type":"PropertyValueSpecification","valueRequired":true,"valueName":"search_term_string"}}],"inLanguage":"es-AR"},{"@type":"Organization","@id":"https:\/\/radioinfinitagoya.com.ar\/v1\/#organization","name":"Radio Infinita Goya","url":"https:\/\/radioinfinitagoya.com.ar\/v1\/","logo":{"@type":"ImageObject","inLanguage":"es-AR","@id":"https:\/\/radioinfinitagoya.com.ar\/v1\/#\/schema\/logo\/image\/","url":"https:\/\/radioinfinitagoya.com.ar\/v1\/wp-content\/uploads\/2019\/11\/logo-pie-web.png","contentUrl":"https:\/\/radioinfinitagoya.com.ar\/v1\/wp-content\/uploads\/2019\/11\/logo-pie-web.png","width":635,"height":326,"caption":"Radio Infinita Goya"},"image":{"@id":"https:\/\/radioinfinitagoya.com.ar\/v1\/#\/schema\/logo\/image\/"},"sameAs":["https:\/\/www.facebook.com\/p\/Infinita-Goya-100063870918311\/"]},{"@type":"Person","@id":"https:\/\/radioinfinitagoya.com.ar\/v1\/#\/schema\/person\/d4cf9c413d4f6edb24aabdccab49ca4a","name":"Jorge Mi\u00f1o","image":{"@type":"ImageObject","inLanguage":"es-AR","@id":"https:\/\/secure.gravatar.com\/avatar\/910fcf6728fe95320e07a6643c1581fec1c7fc4bf8ae12e3d8f0d0373dc844be?s=96&d=mm&r=g","url":"https:\/\/secure.gravatar.com\/avatar\/910fcf6728fe95320e07a6643c1581fec1c7fc4bf8ae12e3d8f0d0373dc844be?s=96&d=mm&r=g","contentUrl":"https:\/\/secure.gravatar.com\/avatar\/910fcf6728fe95320e07a6643c1581fec1c7fc4bf8ae12e3d8f0d0373dc844be?s=96&d=mm&r=g","caption":"Jorge Mi\u00f1o"},"sameAs":["http:\/\/radioinfinitagoya.com.ar"]}]}},"_links":{"self":[{"href":"https:\/\/radioinfinitagoya.com.ar\/v1\/wp-json\/wp\/v2\/posts\/191447","targetHints":{"allow":["GET"]}}],"collection":[{"href":"https:\/\/radioinfinitagoya.com.ar\/v1\/wp-json\/wp\/v2\/posts"}],"about":[{"href":"https:\/\/radioinfinitagoya.com.ar\/v1\/wp-json\/wp\/v2\/types\/post"}],"author":[{"embeddable":true,"href":"https:\/\/radioinfinitagoya.com.ar\/v1\/wp-json\/wp\/v2\/users\/4"}],"replies":[{"embeddable":true,"href":"https:\/\/radioinfinitagoya.com.ar\/v1\/wp-json\/wp\/v2\/comments?post=191447"}],"version-history":[{"count":0,"href":"https:\/\/radioinfinitagoya.com.ar\/v1\/wp-json\/wp\/v2\/posts\/191447\/revisions"}],"wp:featuredmedia":[{"embeddable":true,"href":"https:\/\/radioinfinitagoya.com.ar\/v1\/wp-json\/wp\/v2\/media\/191448"}],"wp:attachment":[{"href":"https:\/\/radioinfinitagoya.com.ar\/v1\/wp-json\/wp\/v2\/media?parent=191447"}],"wp:term":[{"taxonomy":"category","embeddable":true,"href":"https:\/\/radioinfinitagoya.com.ar\/v1\/wp-json\/wp\/v2\/categories?post=191447"},{"taxonomy":"post_tag","embeddable":true,"href":"https:\/\/radioinfinitagoya.com.ar\/v1\/wp-json\/wp\/v2\/tags?post=191447"}],"curies":[{"name":"wp","href":"https:\/\/api.w.org\/{rel}","templated":true}]}}