{"id":191450,"date":"2025-06-15T18:49:23","date_gmt":"2025-06-15T21:49:23","guid":{"rendered":"https:\/\/radioinfinitagoya.com.ar\/v1\/?p=191450"},"modified":"2025-06-15T18:49:24","modified_gmt":"2025-06-15T21:49:24","slug":"midon-no-tuvo-chances-en-la-final-del-challenger-de-santa-fe","status":"publish","type":"post","link":"https:\/\/radioinfinitagoya.com.ar\/v1\/2025\/06\/15\/midon-no-tuvo-chances-en-la-final-del-challenger-de-santa-fe\/","title":{"rendered":"Mid\u00f3n no tuvo chances en la final del Challenger de Santa Fe"},"content":{"rendered":"<p>El correntino perdi\u00f3 con el brasile\u00f1o Joao Reis Da Silva en dos sets y desde este lunes alcanzar\u00e1 su mejor r\u00e1nking hist\u00f3rico.<\/p>\n<p>Termin\u00f3 el cuarto cap\u00edtulo del AAT Challenger Santander edici\u00f3n Santa Fe y el campe\u00f3n fue el brasile\u00f1o Joao Reis Da Silva, quien venci\u00f3 al correntino Lautaro Mid\u00f3n por 6-4 y 6-3 y se consagr\u00f3 por primera vez en el Challenger Tour, logrando el mayor t\u00edtulo de su carrera en el quinto torneo del circuito en 2025 en Argentina, cuarto organizado por la AAT.<\/p>\n<p>El brasile\u00f1o de 25 a\u00f1os necesit\u00f3 de 1:25 horas de partido para llevarse el trofeo a casa y de esta manera escalar hasta el puesto 263\u00b0 del ranking mundial, al borde de su m\u00e1ximo hist\u00f3rico (259\u00b0).<\/p>\n<p>El nacido en Recife jug\u00f3 un gran tenis desde el principio del partido para estar siempre arriba en el score. De ese modo, con el marcador para el tenista verdeamarelo, a Mid\u00f3n se le hizo cuesta arriba durante toda la final. Fue un gran torneo para el entrenado por Jo\u00e3o Zwetsch, que estuvo acompa\u00f1ado en Santa Fe por Carlos Costa, y en la semana se impuso a Igor Gimenez (BRA), Mariano Kestelboim (ARG), Gonzalo Bueno (PER), Andrea Collarini (ARG) y Lautaro Mid\u00f3n (ARG).<\/p>\n<p>Pese a que el resultado no fue el esperado por Mid\u00f3n, el balance de la semana para el correntino de 21 a\u00f1os es m\u00e1s que positivo. \u201cFue una semana muy buena a pesar de no haber podido ganar hoy. No tengo muchas cosas para reprocharme hoy porque \u00e9l jug\u00f3 todo el partido muy bien\u201d, analiz\u00f3 quien amanecer\u00e1 este lunes con el mejor ranking de su carrera (285\u00b0), en la primera vez que supera el top 300. \u201cTratamos de seguir mejorando en el d\u00eda a d\u00eda m\u00e1s all\u00e1 de si los resultados se dan o no. Es un lindo obsequio poder estar dentro de los 300 mejores por primera vez\u201d, agreg\u00f3.<\/p>\n","protected":false},"excerpt":{"rendered":"<p>El correntino perdi\u00f3 con el brasile\u00f1o Joao Reis Da Silva en dos sets y desde este lunes alcanzar\u00e1 su mejor r\u00e1nking hist\u00f3rico. Termin\u00f3 el cuarto cap\u00edtulo del AAT Challenger Santander edici\u00f3n Santa Fe y el campe\u00f3n fue el brasile\u00f1o Joao Reis Da Silva, quien venci\u00f3 al correntino Lautaro Mid\u00f3n por 6-4 y 6-3 y se [&hellip;]<\/p>\n","protected":false},"author":4,"featured_media":191451,"comment_status":"closed","ping_status":"closed","sticky":false,"template":"","format":"standard","meta":{"_joinchat":[],"footnotes":""},"categories":[28],"tags":[],"class_list":{"0":"post-191450","1":"post","2":"type-post","3":"status-publish","4":"format-standard","5":"has-post-thumbnail","7":"category-deportes"},"yoast_head":"<!-- This site is optimized with the Yoast SEO plugin v27.2 - https:\/\/yoast.com\/product\/yoast-seo-wordpress\/ -->\n<title>Mid\u00f3n no tuvo chances en la final del Challenger de Santa Fe - Radio Infinita Goya<\/title>\n<meta name=\"description\" content=\"El correntino perdi\u00f3 con el brasile\u00f1o Joao Reis Da Silva en dos sets y desde este lunes alcanzar\u00e1 su mejor r\u00e1nking hist\u00f3rico. Termin\u00f3 el cuarto cap\u00edtulo\" \/>\n<meta name=\"robots\" content=\"index, follow, max-snippet:-1, max-image-preview:large, max-video-preview:-1\" \/>\n<link rel=\"canonical\" href=\"https:\/\/radioinfinitagoya.com.ar\/v1\/2025\/06\/15\/midon-no-tuvo-chances-en-la-final-del-challenger-de-santa-fe\/\" \/>\n<meta property=\"og:locale\" content=\"es_ES\" \/>\n<meta property=\"og:type\" content=\"article\" \/>\n<meta property=\"og:title\" content=\"Mid\u00f3n no tuvo chances en la final del Challenger de Santa Fe - Radio Infinita Goya\" \/>\n<meta property=\"og:description\" content=\"El correntino perdi\u00f3 con el brasile\u00f1o Joao Reis Da Silva en dos sets y desde este lunes alcanzar\u00e1 su mejor r\u00e1nking hist\u00f3rico. Termin\u00f3 el cuarto cap\u00edtulo\" \/>\n<meta property=\"og:url\" content=\"https:\/\/radioinfinitagoya.com.ar\/v1\/2025\/06\/15\/midon-no-tuvo-chances-en-la-final-del-challenger-de-santa-fe\/\" \/>\n<meta property=\"og:site_name\" content=\"Radio Infinita Goya\" \/>\n<meta property=\"article:publisher\" content=\"https:\/\/www.facebook.com\/p\/Infinita-Goya-100063870918311\/\" \/>\n<meta property=\"article:published_time\" content=\"2025-06-15T21:49:23+00:00\" \/>\n<meta property=\"article:modified_time\" content=\"2025-06-15T21:49:24+00:00\" \/>\n<meta property=\"og:image\" content=\"https:\/\/radioinfinitagoya.com.ar\/v1\/wp-content\/uploads\/2025\/06\/1750013150967.webp\" \/>\n\t<meta property=\"og:image:width\" content=\"1200\" \/>\n\t<meta property=\"og:image:height\" content=\"675\" \/>\n\t<meta property=\"og:image:type\" content=\"image\/webp\" \/>\n<meta name=\"author\" content=\"Jorge Mi\u00f1o\" \/>\n<meta name=\"twitter:card\" content=\"summary_large_image\" \/>\n<meta name=\"twitter:label1\" content=\"Escrito por\" \/>\n\t<meta name=\"twitter:data1\" content=\"Jorge Mi\u00f1o\" \/>\n\t<meta name=\"twitter:label2\" content=\"Tiempo de lectura\" \/>\n\t<meta name=\"twitter:data2\" content=\"2 minutos\" \/>\n<script type=\"application\/ld+json\" class=\"yoast-schema-graph\">{\"@context\":\"https:\/\/schema.org\",\"@graph\":[{\"@type\":\"Article\",\"@id\":\"https:\/\/radioinfinitagoya.com.ar\/v1\/2025\/06\/15\/midon-no-tuvo-chances-en-la-final-del-challenger-de-santa-fe\/#article\",\"isPartOf\":{\"@id\":\"https:\/\/radioinfinitagoya.com.ar\/v1\/2025\/06\/15\/midon-no-tuvo-chances-en-la-final-del-challenger-de-santa-fe\/\"},\"author\":{\"name\":\"Jorge Mi\u00f1o\",\"@id\":\"https:\/\/radioinfinitagoya.com.ar\/v1\/#\/schema\/person\/d4cf9c413d4f6edb24aabdccab49ca4a\"},\"headline\":\"Mid\u00f3n no tuvo chances en la final del Challenger de Santa Fe\",\"datePublished\":\"2025-06-15T21:49:23+00:00\",\"dateModified\":\"2025-06-15T21:49:24+00:00\",\"mainEntityOfPage\":{\"@id\":\"https:\/\/radioinfinitagoya.com.ar\/v1\/2025\/06\/15\/midon-no-tuvo-chances-en-la-final-del-challenger-de-santa-fe\/\"},\"wordCount\":341,\"publisher\":{\"@id\":\"https:\/\/radioinfinitagoya.com.ar\/v1\/#organization\"},\"image\":{\"@id\":\"https:\/\/radioinfinitagoya.com.ar\/v1\/2025\/06\/15\/midon-no-tuvo-chances-en-la-final-del-challenger-de-santa-fe\/#primaryimage\"},\"thumbnailUrl\":\"https:\/\/radioinfinitagoya.com.ar\/v1\/wp-content\/uploads\/2025\/06\/1750013150967.webp\",\"articleSection\":[\"DEPORTES\"],\"inLanguage\":\"es-AR\"},{\"@type\":\"WebPage\",\"@id\":\"https:\/\/radioinfinitagoya.com.ar\/v1\/2025\/06\/15\/midon-no-tuvo-chances-en-la-final-del-challenger-de-santa-fe\/\",\"url\":\"https:\/\/radioinfinitagoya.com.ar\/v1\/2025\/06\/15\/midon-no-tuvo-chances-en-la-final-del-challenger-de-santa-fe\/\",\"name\":\"Mid\u00f3n no tuvo chances en la final del Challenger de Santa Fe - Radio Infinita Goya\",\"isPartOf\":{\"@id\":\"https:\/\/radioinfinitagoya.com.ar\/v1\/#website\"},\"primaryImageOfPage\":{\"@id\":\"https:\/\/radioinfinitagoya.com.ar\/v1\/2025\/06\/15\/midon-no-tuvo-chances-en-la-final-del-challenger-de-santa-fe\/#primaryimage\"},\"image\":{\"@id\":\"https:\/\/radioinfinitagoya.com.ar\/v1\/2025\/06\/15\/midon-no-tuvo-chances-en-la-final-del-challenger-de-santa-fe\/#primaryimage\"},\"thumbnailUrl\":\"https:\/\/radioinfinitagoya.com.ar\/v1\/wp-content\/uploads\/2025\/06\/1750013150967.webp\",\"datePublished\":\"2025-06-15T21:49:23+00:00\",\"dateModified\":\"2025-06-15T21:49:24+00:00\",\"description\":\"El correntino perdi\u00f3 con el brasile\u00f1o Joao Reis Da Silva en dos sets y desde este lunes alcanzar\u00e1 su mejor r\u00e1nking hist\u00f3rico. Termin\u00f3 el cuarto cap\u00edtulo\",\"breadcrumb\":{\"@id\":\"https:\/\/radioinfinitagoya.com.ar\/v1\/2025\/06\/15\/midon-no-tuvo-chances-en-la-final-del-challenger-de-santa-fe\/#breadcrumb\"},\"inLanguage\":\"es-AR\",\"potentialAction\":[{\"@type\":\"ReadAction\",\"target\":[\"https:\/\/radioinfinitagoya.com.ar\/v1\/2025\/06\/15\/midon-no-tuvo-chances-en-la-final-del-challenger-de-santa-fe\/\"]}]},{\"@type\":\"ImageObject\",\"inLanguage\":\"es-AR\",\"@id\":\"https:\/\/radioinfinitagoya.com.ar\/v1\/2025\/06\/15\/midon-no-tuvo-chances-en-la-final-del-challenger-de-santa-fe\/#primaryimage\",\"url\":\"https:\/\/radioinfinitagoya.com.ar\/v1\/wp-content\/uploads\/2025\/06\/1750013150967.webp\",\"contentUrl\":\"https:\/\/radioinfinitagoya.com.ar\/v1\/wp-content\/uploads\/2025\/06\/1750013150967.webp\",\"width\":1200,\"height\":675},{\"@type\":\"BreadcrumbList\",\"@id\":\"https:\/\/radioinfinitagoya.com.ar\/v1\/2025\/06\/15\/midon-no-tuvo-chances-en-la-final-del-challenger-de-santa-fe\/#breadcrumb\",\"itemListElement\":[{\"@type\":\"ListItem\",\"position\":1,\"name\":\"Inicio\",\"item\":\"https:\/\/radioinfinitagoya.com.ar\/v1\/\"},{\"@type\":\"ListItem\",\"position\":2,\"name\":\"Mid\u00f3n no tuvo chances en la final del Challenger de Santa Fe\"}]},{\"@type\":\"WebSite\",\"@id\":\"https:\/\/radioinfinitagoya.com.ar\/v1\/#website\",\"url\":\"https:\/\/radioinfinitagoya.com.ar\/v1\/\",\"name\":\"radioinfinitagoya.com.ar\",\"description\":\"Radio de noticias\",\"publisher\":{\"@id\":\"https:\/\/radioinfinitagoya.com.ar\/v1\/#organization\"},\"potentialAction\":[{\"@type\":\"SearchAction\",\"target\":{\"@type\":\"EntryPoint\",\"urlTemplate\":\"https:\/\/radioinfinitagoya.com.ar\/v1\/?s={search_term_string}\"},\"query-input\":{\"@type\":\"PropertyValueSpecification\",\"valueRequired\":true,\"valueName\":\"search_term_string\"}}],\"inLanguage\":\"es-AR\"},{\"@type\":\"Organization\",\"@id\":\"https:\/\/radioinfinitagoya.com.ar\/v1\/#organization\",\"name\":\"Radio Infinita Goya\",\"url\":\"https:\/\/radioinfinitagoya.com.ar\/v1\/\",\"logo\":{\"@type\":\"ImageObject\",\"inLanguage\":\"es-AR\",\"@id\":\"https:\/\/radioinfinitagoya.com.ar\/v1\/#\/schema\/logo\/image\/\",\"url\":\"https:\/\/radioinfinitagoya.com.ar\/v1\/wp-content\/uploads\/2019\/11\/logo-pie-web.png\",\"contentUrl\":\"https:\/\/radioinfinitagoya.com.ar\/v1\/wp-content\/uploads\/2019\/11\/logo-pie-web.png\",\"width\":635,\"height\":326,\"caption\":\"Radio Infinita Goya\"},\"image\":{\"@id\":\"https:\/\/radioinfinitagoya.com.ar\/v1\/#\/schema\/logo\/image\/\"},\"sameAs\":[\"https:\/\/www.facebook.com\/p\/Infinita-Goya-100063870918311\/\"]},{\"@type\":\"Person\",\"@id\":\"https:\/\/radioinfinitagoya.com.ar\/v1\/#\/schema\/person\/d4cf9c413d4f6edb24aabdccab49ca4a\",\"name\":\"Jorge Mi\u00f1o\",\"image\":{\"@type\":\"ImageObject\",\"inLanguage\":\"es-AR\",\"@id\":\"https:\/\/secure.gravatar.com\/avatar\/910fcf6728fe95320e07a6643c1581fec1c7fc4bf8ae12e3d8f0d0373dc844be?s=96&d=mm&r=g\",\"url\":\"https:\/\/secure.gravatar.com\/avatar\/910fcf6728fe95320e07a6643c1581fec1c7fc4bf8ae12e3d8f0d0373dc844be?s=96&d=mm&r=g\",\"contentUrl\":\"https:\/\/secure.gravatar.com\/avatar\/910fcf6728fe95320e07a6643c1581fec1c7fc4bf8ae12e3d8f0d0373dc844be?s=96&d=mm&r=g\",\"caption\":\"Jorge Mi\u00f1o\"},\"sameAs\":[\"http:\/\/radioinfinitagoya.com.ar\"]}]}<\/script>\n<!-- \/ Yoast SEO plugin. -->","yoast_head_json":{"title":"Mid\u00f3n no tuvo chances en la final del Challenger de Santa Fe - Radio Infinita Goya","description":"El correntino perdi\u00f3 con el brasile\u00f1o Joao Reis Da Silva en dos sets y desde este lunes alcanzar\u00e1 su mejor r\u00e1nking hist\u00f3rico. Termin\u00f3 el cuarto cap\u00edtulo","robots":{"index":"index","follow":"follow","max-snippet":"max-snippet:-1","max-image-preview":"max-image-preview:large","max-video-preview":"max-video-preview:-1"},"canonical":"https:\/\/radioinfinitagoya.com.ar\/v1\/2025\/06\/15\/midon-no-tuvo-chances-en-la-final-del-challenger-de-santa-fe\/","og_locale":"es_ES","og_type":"article","og_title":"Mid\u00f3n no tuvo chances en la final del Challenger de Santa Fe - Radio Infinita Goya","og_description":"El correntino perdi\u00f3 con el brasile\u00f1o Joao Reis Da Silva en dos sets y desde este lunes alcanzar\u00e1 su mejor r\u00e1nking hist\u00f3rico. Termin\u00f3 el cuarto cap\u00edtulo","og_url":"https:\/\/radioinfinitagoya.com.ar\/v1\/2025\/06\/15\/midon-no-tuvo-chances-en-la-final-del-challenger-de-santa-fe\/","og_site_name":"Radio Infinita Goya","article_publisher":"https:\/\/www.facebook.com\/p\/Infinita-Goya-100063870918311\/","article_published_time":"2025-06-15T21:49:23+00:00","article_modified_time":"2025-06-15T21:49:24+00:00","og_image":[{"width":1200,"height":675,"url":"https:\/\/radioinfinitagoya.com.ar\/v1\/wp-content\/uploads\/2025\/06\/1750013150967.webp","type":"image\/webp"}],"author":"Jorge Mi\u00f1o","twitter_card":"summary_large_image","twitter_misc":{"Escrito por":"Jorge Mi\u00f1o","Tiempo de lectura":"2 minutos"},"schema":{"@context":"https:\/\/schema.org","@graph":[{"@type":"Article","@id":"https:\/\/radioinfinitagoya.com.ar\/v1\/2025\/06\/15\/midon-no-tuvo-chances-en-la-final-del-challenger-de-santa-fe\/#article","isPartOf":{"@id":"https:\/\/radioinfinitagoya.com.ar\/v1\/2025\/06\/15\/midon-no-tuvo-chances-en-la-final-del-challenger-de-santa-fe\/"},"author":{"name":"Jorge Mi\u00f1o","@id":"https:\/\/radioinfinitagoya.com.ar\/v1\/#\/schema\/person\/d4cf9c413d4f6edb24aabdccab49ca4a"},"headline":"Mid\u00f3n no tuvo chances en la final del Challenger de Santa Fe","datePublished":"2025-06-15T21:49:23+00:00","dateModified":"2025-06-15T21:49:24+00:00","mainEntityOfPage":{"@id":"https:\/\/radioinfinitagoya.com.ar\/v1\/2025\/06\/15\/midon-no-tuvo-chances-en-la-final-del-challenger-de-santa-fe\/"},"wordCount":341,"publisher":{"@id":"https:\/\/radioinfinitagoya.com.ar\/v1\/#organization"},"image":{"@id":"https:\/\/radioinfinitagoya.com.ar\/v1\/2025\/06\/15\/midon-no-tuvo-chances-en-la-final-del-challenger-de-santa-fe\/#primaryimage"},"thumbnailUrl":"https:\/\/radioinfinitagoya.com.ar\/v1\/wp-content\/uploads\/2025\/06\/1750013150967.webp","articleSection":["DEPORTES"],"inLanguage":"es-AR"},{"@type":"WebPage","@id":"https:\/\/radioinfinitagoya.com.ar\/v1\/2025\/06\/15\/midon-no-tuvo-chances-en-la-final-del-challenger-de-santa-fe\/","url":"https:\/\/radioinfinitagoya.com.ar\/v1\/2025\/06\/15\/midon-no-tuvo-chances-en-la-final-del-challenger-de-santa-fe\/","name":"Mid\u00f3n no tuvo chances en la final del Challenger de Santa Fe - Radio Infinita Goya","isPartOf":{"@id":"https:\/\/radioinfinitagoya.com.ar\/v1\/#website"},"primaryImageOfPage":{"@id":"https:\/\/radioinfinitagoya.com.ar\/v1\/2025\/06\/15\/midon-no-tuvo-chances-en-la-final-del-challenger-de-santa-fe\/#primaryimage"},"image":{"@id":"https:\/\/radioinfinitagoya.com.ar\/v1\/2025\/06\/15\/midon-no-tuvo-chances-en-la-final-del-challenger-de-santa-fe\/#primaryimage"},"thumbnailUrl":"https:\/\/radioinfinitagoya.com.ar\/v1\/wp-content\/uploads\/2025\/06\/1750013150967.webp","datePublished":"2025-06-15T21:49:23+00:00","dateModified":"2025-06-15T21:49:24+00:00","description":"El correntino perdi\u00f3 con el brasile\u00f1o Joao Reis Da Silva en dos sets y desde este lunes alcanzar\u00e1 su mejor r\u00e1nking hist\u00f3rico. Termin\u00f3 el cuarto cap\u00edtulo","breadcrumb":{"@id":"https:\/\/radioinfinitagoya.com.ar\/v1\/2025\/06\/15\/midon-no-tuvo-chances-en-la-final-del-challenger-de-santa-fe\/#breadcrumb"},"inLanguage":"es-AR","potentialAction":[{"@type":"ReadAction","target":["https:\/\/radioinfinitagoya.com.ar\/v1\/2025\/06\/15\/midon-no-tuvo-chances-en-la-final-del-challenger-de-santa-fe\/"]}]},{"@type":"ImageObject","inLanguage":"es-AR","@id":"https:\/\/radioinfinitagoya.com.ar\/v1\/2025\/06\/15\/midon-no-tuvo-chances-en-la-final-del-challenger-de-santa-fe\/#primaryimage","url":"https:\/\/radioinfinitagoya.com.ar\/v1\/wp-content\/uploads\/2025\/06\/1750013150967.webp","contentUrl":"https:\/\/radioinfinitagoya.com.ar\/v1\/wp-content\/uploads\/2025\/06\/1750013150967.webp","width":1200,"height":675},{"@type":"BreadcrumbList","@id":"https:\/\/radioinfinitagoya.com.ar\/v1\/2025\/06\/15\/midon-no-tuvo-chances-en-la-final-del-challenger-de-santa-fe\/#breadcrumb","itemListElement":[{"@type":"ListItem","position":1,"name":"Inicio","item":"https:\/\/radioinfinitagoya.com.ar\/v1\/"},{"@type":"ListItem","position":2,"name":"Mid\u00f3n no tuvo chances en la final del Challenger de Santa Fe"}]},{"@type":"WebSite","@id":"https:\/\/radioinfinitagoya.com.ar\/v1\/#website","url":"https:\/\/radioinfinitagoya.com.ar\/v1\/","name":"radioinfinitagoya.com.ar","description":"Radio de noticias","publisher":{"@id":"https:\/\/radioinfinitagoya.com.ar\/v1\/#organization"},"potentialAction":[{"@type":"SearchAction","target":{"@type":"EntryPoint","urlTemplate":"https:\/\/radioinfinitagoya.com.ar\/v1\/?s={search_term_string}"},"query-input":{"@type":"PropertyValueSpecification","valueRequired":true,"valueName":"search_term_string"}}],"inLanguage":"es-AR"},{"@type":"Organization","@id":"https:\/\/radioinfinitagoya.com.ar\/v1\/#organization","name":"Radio Infinita Goya","url":"https:\/\/radioinfinitagoya.com.ar\/v1\/","logo":{"@type":"ImageObject","inLanguage":"es-AR","@id":"https:\/\/radioinfinitagoya.com.ar\/v1\/#\/schema\/logo\/image\/","url":"https:\/\/radioinfinitagoya.com.ar\/v1\/wp-content\/uploads\/2019\/11\/logo-pie-web.png","contentUrl":"https:\/\/radioinfinitagoya.com.ar\/v1\/wp-content\/uploads\/2019\/11\/logo-pie-web.png","width":635,"height":326,"caption":"Radio Infinita Goya"},"image":{"@id":"https:\/\/radioinfinitagoya.com.ar\/v1\/#\/schema\/logo\/image\/"},"sameAs":["https:\/\/www.facebook.com\/p\/Infinita-Goya-100063870918311\/"]},{"@type":"Person","@id":"https:\/\/radioinfinitagoya.com.ar\/v1\/#\/schema\/person\/d4cf9c413d4f6edb24aabdccab49ca4a","name":"Jorge Mi\u00f1o","image":{"@type":"ImageObject","inLanguage":"es-AR","@id":"https:\/\/secure.gravatar.com\/avatar\/910fcf6728fe95320e07a6643c1581fec1c7fc4bf8ae12e3d8f0d0373dc844be?s=96&d=mm&r=g","url":"https:\/\/secure.gravatar.com\/avatar\/910fcf6728fe95320e07a6643c1581fec1c7fc4bf8ae12e3d8f0d0373dc844be?s=96&d=mm&r=g","contentUrl":"https:\/\/secure.gravatar.com\/avatar\/910fcf6728fe95320e07a6643c1581fec1c7fc4bf8ae12e3d8f0d0373dc844be?s=96&d=mm&r=g","caption":"Jorge Mi\u00f1o"},"sameAs":["http:\/\/radioinfinitagoya.com.ar"]}]}},"_links":{"self":[{"href":"https:\/\/radioinfinitagoya.com.ar\/v1\/wp-json\/wp\/v2\/posts\/191450","targetHints":{"allow":["GET"]}}],"collection":[{"href":"https:\/\/radioinfinitagoya.com.ar\/v1\/wp-json\/wp\/v2\/posts"}],"about":[{"href":"https:\/\/radioinfinitagoya.com.ar\/v1\/wp-json\/wp\/v2\/types\/post"}],"author":[{"embeddable":true,"href":"https:\/\/radioinfinitagoya.com.ar\/v1\/wp-json\/wp\/v2\/users\/4"}],"replies":[{"embeddable":true,"href":"https:\/\/radioinfinitagoya.com.ar\/v1\/wp-json\/wp\/v2\/comments?post=191450"}],"version-history":[{"count":0,"href":"https:\/\/radioinfinitagoya.com.ar\/v1\/wp-json\/wp\/v2\/posts\/191450\/revisions"}],"wp:featuredmedia":[{"embeddable":true,"href":"https:\/\/radioinfinitagoya.com.ar\/v1\/wp-json\/wp\/v2\/media\/191451"}],"wp:attachment":[{"href":"https:\/\/radioinfinitagoya.com.ar\/v1\/wp-json\/wp\/v2\/media?parent=191450"}],"wp:term":[{"taxonomy":"category","embeddable":true,"href":"https:\/\/radioinfinitagoya.com.ar\/v1\/wp-json\/wp\/v2\/categories?post=191450"},{"taxonomy":"post_tag","embeddable":true,"href":"https:\/\/radioinfinitagoya.com.ar\/v1\/wp-json\/wp\/v2\/tags?post=191450"}],"curies":[{"name":"wp","href":"https:\/\/api.w.org\/{rel}","templated":true}]}}