{"id":191459,"date":"2025-06-15T19:01:18","date_gmt":"2025-06-15T22:01:18","guid":{"rendered":"https:\/\/radioinfinitagoya.com.ar\/v1\/?p=191459"},"modified":"2025-06-15T19:01:18","modified_gmt":"2025-06-15T22:01:18","slug":"el-papa-leon-xiv-clamo-por-la-paz-mundial","status":"publish","type":"post","link":"https:\/\/radioinfinitagoya.com.ar\/v1\/2025\/06\/15\/el-papa-leon-xiv-clamo-por-la-paz-mundial\/","title":{"rendered":"El papa Le\u00f3n XIV clam\u00f3 por la paz mundial"},"content":{"rendered":"<p>Y pidi\u00f3 di\u00e1logo en m\u00faltiples conflictos<\/p>\n<p>Durante el rezo del \u00c1ngelus en la Plaza de San Pedro, el Sumo Pont\u00edfice puso especial \u00e9nfasis en Oriente Medio y Ucrania, entre otras regiones.<\/p>\n<p>El papa Le\u00f3n XIV, durante el rezo del \u00c1ngelus en la Plaza de San Pedro, hizo un en\u00e9rgico llamado a la paz mundial, con especial \u00e9nfasis en Oriente Medio, Ucrania y otras regiones azotadas por conflictos.<\/p>\n<p>Ante miles de fieles reunidos a pesar del calor estival, el Pont\u00edfice destac\u00f3 la necesidad de construir caminos hacia la paz, se\u00f1alando al deporte como una &#8220;escuela de respeto y lealtad que hace crecer la cultura del encuentro y de la fraternidad&#8221;, y un estilo de vida que debe oponerse a &#8220;toda forma de violencia y opresi\u00f3n&#8221;.<\/p>\n<p>En su alocuci\u00f3n, el Santo Padre expres\u00f3 su preocupaci\u00f3n por la situaci\u00f3n en Myanmar, donde a pesar del alto el fuego, persisten los combates que han afectado incluso infraestructuras civiles. &#8220;Hago un llamamiento a todas las partes para que emprendan el camino del di\u00e1logo inclusivo, el \u00fanico que puede conducir a una soluci\u00f3n pac\u00edfica y estable&#8221;, afirm\u00f3 el Papa.<\/p>\n<p>Asimismo, Le\u00f3n XIV se refiri\u00f3 a la &#8220;terrible masacre&#8221; ocurrida en Nigeria en la noche del 13 al 14 de junio, en la localidad de Yelwata, en el Estado de Benue. Record\u00f3 que unas 200 personas fueron asesinadas &#8220;con extrema crueldad&#8221;, la mayor\u00eda de ellas desplazados internos acogidos por la misi\u00f3n cat\u00f3lica local. &#8220;Rezo para que la seguridad, la justicia y la paz prevalezcan en Nigeria, un pa\u00eds amado y tan afectado por diversas formas de violencia. Y rezo de manera especial por las comunidades cristianas rurales del Estado de Benue, que han sido incesantemente v\u00edctimas de la violencia&#8221;, manifest\u00f3.<\/p>\n<p>El Pont\u00edfice tambi\u00e9n dirigi\u00f3 su pensamiento a la Rep\u00fablica de Sud\u00e1n, &#8220;devastada por la violencia desde hace m\u00e1s de dos a\u00f1os&#8221;, y lament\u00f3 la muerte del P. Luke Jumu, p\u00e1rroco de El Fasher, v\u00edctima de un bombardeo. &#8220;Al tiempo que aseguro mis oraciones por \u00e9l y por todas las v\u00edctimas, renuevo mi llamamiento a los combatientes para que se detengan, protejan a los civiles y entablen un di\u00e1logo por la paz&#8221;, enfatiz\u00f3.<\/p>\n<p>Adem\u00e1s, inst\u00f3 a la comunidad internacional a &#8220;intensificar sus esfuerzos para proporcionar al menos la asistencia esencial a la poblaci\u00f3n, gravemente afectada por la grave crisis humanitaria&#8221;. Concluy\u00f3 esta parte de su mensaje con un llamado global: &#8220;Sigamos rezando por la paz en Oriente Medio, en Ucrania y en todo el mundo&#8221;.<\/p>\n<p>Finalmente, el papa Le\u00f3n XIV record\u00f3 la beatificaci\u00f3n de Floribert Bwana Chui, joven m\u00e1rtir congole\u00f1o, que se llevar\u00eda a cabo esa misma tarde en la bas\u00edlica de San Pablo Extramuros. &#8220;Fue asesinado a los veintis\u00e9is a\u00f1os porque, como cristiano, se opon\u00eda a la injusticia y defend\u00eda a los peque\u00f1os y a los pobres. Que su testimonio d\u00e9 valor y esperanza a los j\u00f3venes de la Rep\u00fablica Democr\u00e1tica del Congo y de toda \u00c1frica&#8221;, destac\u00f3.<\/p>\n<p>Cerr\u00f3 su mensaje con una invitaci\u00f3n a los j\u00f3venes, record\u00e1ndoles el Jubileo que se celebrar\u00e1 dentro de mes y medio, y solicitando la intercesi\u00f3n de la Virgen Mar\u00eda, Reina de la Paz.<\/p>\n<p>&nbsp;<\/p>\n<p>&nbsp;<\/p>\n","protected":false},"excerpt":{"rendered":"<p>Y pidi\u00f3 di\u00e1logo en m\u00faltiples conflictos Durante el rezo del \u00c1ngelus en la Plaza de San Pedro, el Sumo Pont\u00edfice puso especial \u00e9nfasis en Oriente Medio y Ucrania, entre otras regiones. El papa Le\u00f3n XIV, durante el rezo del \u00c1ngelus en la Plaza de San Pedro, hizo un en\u00e9rgico llamado a la paz mundial, con [&hellip;]<\/p>\n","protected":false},"author":4,"featured_media":191460,"comment_status":"closed","ping_status":"closed","sticky":false,"template":"","format":"standard","meta":{"_joinchat":[],"footnotes":""},"categories":[25],"tags":[],"class_list":{"0":"post-191459","1":"post","2":"type-post","3":"status-publish","4":"format-standard","5":"has-post-thumbnail","7":"category-destacados"},"yoast_head":"<!-- This site is optimized with the Yoast SEO plugin v27.2 - https:\/\/yoast.com\/product\/yoast-seo-wordpress\/ -->\n<title>El papa Le\u00f3n XIV clam\u00f3 por la paz mundial - Radio Infinita Goya<\/title>\n<meta name=\"description\" content=\"Y pidi\u00f3 di\u00e1logo en m\u00faltiples conflictos Durante el rezo del \u00c1ngelus en la Plaza de San Pedro, el Sumo Pont\u00edfice puso especial \u00e9nfasis en Oriente Medio y\" \/>\n<meta name=\"robots\" content=\"index, follow, max-snippet:-1, max-image-preview:large, max-video-preview:-1\" \/>\n<link rel=\"canonical\" href=\"https:\/\/radioinfinitagoya.com.ar\/v1\/2025\/06\/15\/el-papa-leon-xiv-clamo-por-la-paz-mundial\/\" \/>\n<meta property=\"og:locale\" content=\"es_ES\" \/>\n<meta property=\"og:type\" content=\"article\" \/>\n<meta property=\"og:title\" content=\"El papa Le\u00f3n XIV clam\u00f3 por la paz mundial - Radio Infinita Goya\" \/>\n<meta property=\"og:description\" content=\"Y pidi\u00f3 di\u00e1logo en m\u00faltiples conflictos Durante el rezo del \u00c1ngelus en la Plaza de San Pedro, el Sumo Pont\u00edfice puso especial \u00e9nfasis en Oriente Medio y\" \/>\n<meta property=\"og:url\" content=\"https:\/\/radioinfinitagoya.com.ar\/v1\/2025\/06\/15\/el-papa-leon-xiv-clamo-por-la-paz-mundial\/\" \/>\n<meta property=\"og:site_name\" content=\"Radio Infinita Goya\" \/>\n<meta property=\"article:publisher\" content=\"https:\/\/www.facebook.com\/p\/Infinita-Goya-100063870918311\/\" \/>\n<meta property=\"article:published_time\" content=\"2025-06-15T22:01:18+00:00\" \/>\n<meta property=\"og:image\" content=\"https:\/\/radioinfinitagoya.com.ar\/v1\/wp-content\/uploads\/2025\/06\/Gqc7PCZaIAAkE9F.png\" \/>\n\t<meta property=\"og:image:width\" content=\"356\" \/>\n\t<meta property=\"og:image:height\" content=\"360\" \/>\n\t<meta property=\"og:image:type\" content=\"image\/png\" \/>\n<meta name=\"author\" content=\"Jorge Mi\u00f1o\" \/>\n<meta name=\"twitter:card\" content=\"summary_large_image\" \/>\n<meta name=\"twitter:label1\" content=\"Escrito por\" \/>\n\t<meta name=\"twitter:data1\" content=\"Jorge Mi\u00f1o\" \/>\n\t<meta name=\"twitter:label2\" content=\"Tiempo de lectura\" \/>\n\t<meta name=\"twitter:data2\" content=\"3 minutos\" \/>\n<script type=\"application\/ld+json\" class=\"yoast-schema-graph\">{\"@context\":\"https:\/\/schema.org\",\"@graph\":[{\"@type\":\"Article\",\"@id\":\"https:\/\/radioinfinitagoya.com.ar\/v1\/2025\/06\/15\/el-papa-leon-xiv-clamo-por-la-paz-mundial\/#article\",\"isPartOf\":{\"@id\":\"https:\/\/radioinfinitagoya.com.ar\/v1\/2025\/06\/15\/el-papa-leon-xiv-clamo-por-la-paz-mundial\/\"},\"author\":{\"name\":\"Jorge Mi\u00f1o\",\"@id\":\"https:\/\/radioinfinitagoya.com.ar\/v1\/#\/schema\/person\/d4cf9c413d4f6edb24aabdccab49ca4a\"},\"headline\":\"El papa Le\u00f3n XIV clam\u00f3 por la paz mundial\",\"datePublished\":\"2025-06-15T22:01:18+00:00\",\"mainEntityOfPage\":{\"@id\":\"https:\/\/radioinfinitagoya.com.ar\/v1\/2025\/06\/15\/el-papa-leon-xiv-clamo-por-la-paz-mundial\/\"},\"wordCount\":573,\"publisher\":{\"@id\":\"https:\/\/radioinfinitagoya.com.ar\/v1\/#organization\"},\"image\":{\"@id\":\"https:\/\/radioinfinitagoya.com.ar\/v1\/2025\/06\/15\/el-papa-leon-xiv-clamo-por-la-paz-mundial\/#primaryimage\"},\"thumbnailUrl\":\"https:\/\/radioinfinitagoya.com.ar\/v1\/wp-content\/uploads\/2025\/06\/Gqc7PCZaIAAkE9F.png\",\"articleSection\":[\"DESTACADOS\"],\"inLanguage\":\"es-AR\"},{\"@type\":\"WebPage\",\"@id\":\"https:\/\/radioinfinitagoya.com.ar\/v1\/2025\/06\/15\/el-papa-leon-xiv-clamo-por-la-paz-mundial\/\",\"url\":\"https:\/\/radioinfinitagoya.com.ar\/v1\/2025\/06\/15\/el-papa-leon-xiv-clamo-por-la-paz-mundial\/\",\"name\":\"El papa Le\u00f3n XIV clam\u00f3 por la paz mundial - Radio Infinita Goya\",\"isPartOf\":{\"@id\":\"https:\/\/radioinfinitagoya.com.ar\/v1\/#website\"},\"primaryImageOfPage\":{\"@id\":\"https:\/\/radioinfinitagoya.com.ar\/v1\/2025\/06\/15\/el-papa-leon-xiv-clamo-por-la-paz-mundial\/#primaryimage\"},\"image\":{\"@id\":\"https:\/\/radioinfinitagoya.com.ar\/v1\/2025\/06\/15\/el-papa-leon-xiv-clamo-por-la-paz-mundial\/#primaryimage\"},\"thumbnailUrl\":\"https:\/\/radioinfinitagoya.com.ar\/v1\/wp-content\/uploads\/2025\/06\/Gqc7PCZaIAAkE9F.png\",\"datePublished\":\"2025-06-15T22:01:18+00:00\",\"description\":\"Y pidi\u00f3 di\u00e1logo en m\u00faltiples conflictos Durante el rezo del \u00c1ngelus en la Plaza de San Pedro, el Sumo Pont\u00edfice puso especial \u00e9nfasis en Oriente Medio y\",\"breadcrumb\":{\"@id\":\"https:\/\/radioinfinitagoya.com.ar\/v1\/2025\/06\/15\/el-papa-leon-xiv-clamo-por-la-paz-mundial\/#breadcrumb\"},\"inLanguage\":\"es-AR\",\"potentialAction\":[{\"@type\":\"ReadAction\",\"target\":[\"https:\/\/radioinfinitagoya.com.ar\/v1\/2025\/06\/15\/el-papa-leon-xiv-clamo-por-la-paz-mundial\/\"]}]},{\"@type\":\"ImageObject\",\"inLanguage\":\"es-AR\",\"@id\":\"https:\/\/radioinfinitagoya.com.ar\/v1\/2025\/06\/15\/el-papa-leon-xiv-clamo-por-la-paz-mundial\/#primaryimage\",\"url\":\"https:\/\/radioinfinitagoya.com.ar\/v1\/wp-content\/uploads\/2025\/06\/Gqc7PCZaIAAkE9F.png\",\"contentUrl\":\"https:\/\/radioinfinitagoya.com.ar\/v1\/wp-content\/uploads\/2025\/06\/Gqc7PCZaIAAkE9F.png\",\"width\":356,\"height\":360},{\"@type\":\"BreadcrumbList\",\"@id\":\"https:\/\/radioinfinitagoya.com.ar\/v1\/2025\/06\/15\/el-papa-leon-xiv-clamo-por-la-paz-mundial\/#breadcrumb\",\"itemListElement\":[{\"@type\":\"ListItem\",\"position\":1,\"name\":\"Inicio\",\"item\":\"https:\/\/radioinfinitagoya.com.ar\/v1\/\"},{\"@type\":\"ListItem\",\"position\":2,\"name\":\"El papa Le\u00f3n XIV clam\u00f3 por la paz mundial\"}]},{\"@type\":\"WebSite\",\"@id\":\"https:\/\/radioinfinitagoya.com.ar\/v1\/#website\",\"url\":\"https:\/\/radioinfinitagoya.com.ar\/v1\/\",\"name\":\"radioinfinitagoya.com.ar\",\"description\":\"Radio de noticias\",\"publisher\":{\"@id\":\"https:\/\/radioinfinitagoya.com.ar\/v1\/#organization\"},\"potentialAction\":[{\"@type\":\"SearchAction\",\"target\":{\"@type\":\"EntryPoint\",\"urlTemplate\":\"https:\/\/radioinfinitagoya.com.ar\/v1\/?s={search_term_string}\"},\"query-input\":{\"@type\":\"PropertyValueSpecification\",\"valueRequired\":true,\"valueName\":\"search_term_string\"}}],\"inLanguage\":\"es-AR\"},{\"@type\":\"Organization\",\"@id\":\"https:\/\/radioinfinitagoya.com.ar\/v1\/#organization\",\"name\":\"Radio Infinita Goya\",\"url\":\"https:\/\/radioinfinitagoya.com.ar\/v1\/\",\"logo\":{\"@type\":\"ImageObject\",\"inLanguage\":\"es-AR\",\"@id\":\"https:\/\/radioinfinitagoya.com.ar\/v1\/#\/schema\/logo\/image\/\",\"url\":\"https:\/\/radioinfinitagoya.com.ar\/v1\/wp-content\/uploads\/2019\/11\/logo-pie-web.png\",\"contentUrl\":\"https:\/\/radioinfinitagoya.com.ar\/v1\/wp-content\/uploads\/2019\/11\/logo-pie-web.png\",\"width\":635,\"height\":326,\"caption\":\"Radio Infinita Goya\"},\"image\":{\"@id\":\"https:\/\/radioinfinitagoya.com.ar\/v1\/#\/schema\/logo\/image\/\"},\"sameAs\":[\"https:\/\/www.facebook.com\/p\/Infinita-Goya-100063870918311\/\"]},{\"@type\":\"Person\",\"@id\":\"https:\/\/radioinfinitagoya.com.ar\/v1\/#\/schema\/person\/d4cf9c413d4f6edb24aabdccab49ca4a\",\"name\":\"Jorge Mi\u00f1o\",\"image\":{\"@type\":\"ImageObject\",\"inLanguage\":\"es-AR\",\"@id\":\"https:\/\/secure.gravatar.com\/avatar\/910fcf6728fe95320e07a6643c1581fec1c7fc4bf8ae12e3d8f0d0373dc844be?s=96&d=mm&r=g\",\"url\":\"https:\/\/secure.gravatar.com\/avatar\/910fcf6728fe95320e07a6643c1581fec1c7fc4bf8ae12e3d8f0d0373dc844be?s=96&d=mm&r=g\",\"contentUrl\":\"https:\/\/secure.gravatar.com\/avatar\/910fcf6728fe95320e07a6643c1581fec1c7fc4bf8ae12e3d8f0d0373dc844be?s=96&d=mm&r=g\",\"caption\":\"Jorge Mi\u00f1o\"},\"sameAs\":[\"http:\/\/radioinfinitagoya.com.ar\"]}]}<\/script>\n<!-- \/ Yoast SEO plugin. -->","yoast_head_json":{"title":"El papa Le\u00f3n XIV clam\u00f3 por la paz mundial - Radio Infinita Goya","description":"Y pidi\u00f3 di\u00e1logo en m\u00faltiples conflictos Durante el rezo del \u00c1ngelus en la Plaza de San Pedro, el Sumo Pont\u00edfice puso especial \u00e9nfasis en Oriente Medio y","robots":{"index":"index","follow":"follow","max-snippet":"max-snippet:-1","max-image-preview":"max-image-preview:large","max-video-preview":"max-video-preview:-1"},"canonical":"https:\/\/radioinfinitagoya.com.ar\/v1\/2025\/06\/15\/el-papa-leon-xiv-clamo-por-la-paz-mundial\/","og_locale":"es_ES","og_type":"article","og_title":"El papa Le\u00f3n XIV clam\u00f3 por la paz mundial - Radio Infinita Goya","og_description":"Y pidi\u00f3 di\u00e1logo en m\u00faltiples conflictos Durante el rezo del \u00c1ngelus en la Plaza de San Pedro, el Sumo Pont\u00edfice puso especial \u00e9nfasis en Oriente Medio y","og_url":"https:\/\/radioinfinitagoya.com.ar\/v1\/2025\/06\/15\/el-papa-leon-xiv-clamo-por-la-paz-mundial\/","og_site_name":"Radio Infinita Goya","article_publisher":"https:\/\/www.facebook.com\/p\/Infinita-Goya-100063870918311\/","article_published_time":"2025-06-15T22:01:18+00:00","og_image":[{"width":356,"height":360,"url":"https:\/\/radioinfinitagoya.com.ar\/v1\/wp-content\/uploads\/2025\/06\/Gqc7PCZaIAAkE9F.png","type":"image\/png"}],"author":"Jorge Mi\u00f1o","twitter_card":"summary_large_image","twitter_misc":{"Escrito por":"Jorge Mi\u00f1o","Tiempo de lectura":"3 minutos"},"schema":{"@context":"https:\/\/schema.org","@graph":[{"@type":"Article","@id":"https:\/\/radioinfinitagoya.com.ar\/v1\/2025\/06\/15\/el-papa-leon-xiv-clamo-por-la-paz-mundial\/#article","isPartOf":{"@id":"https:\/\/radioinfinitagoya.com.ar\/v1\/2025\/06\/15\/el-papa-leon-xiv-clamo-por-la-paz-mundial\/"},"author":{"name":"Jorge Mi\u00f1o","@id":"https:\/\/radioinfinitagoya.com.ar\/v1\/#\/schema\/person\/d4cf9c413d4f6edb24aabdccab49ca4a"},"headline":"El papa Le\u00f3n XIV clam\u00f3 por la paz mundial","datePublished":"2025-06-15T22:01:18+00:00","mainEntityOfPage":{"@id":"https:\/\/radioinfinitagoya.com.ar\/v1\/2025\/06\/15\/el-papa-leon-xiv-clamo-por-la-paz-mundial\/"},"wordCount":573,"publisher":{"@id":"https:\/\/radioinfinitagoya.com.ar\/v1\/#organization"},"image":{"@id":"https:\/\/radioinfinitagoya.com.ar\/v1\/2025\/06\/15\/el-papa-leon-xiv-clamo-por-la-paz-mundial\/#primaryimage"},"thumbnailUrl":"https:\/\/radioinfinitagoya.com.ar\/v1\/wp-content\/uploads\/2025\/06\/Gqc7PCZaIAAkE9F.png","articleSection":["DESTACADOS"],"inLanguage":"es-AR"},{"@type":"WebPage","@id":"https:\/\/radioinfinitagoya.com.ar\/v1\/2025\/06\/15\/el-papa-leon-xiv-clamo-por-la-paz-mundial\/","url":"https:\/\/radioinfinitagoya.com.ar\/v1\/2025\/06\/15\/el-papa-leon-xiv-clamo-por-la-paz-mundial\/","name":"El papa Le\u00f3n XIV clam\u00f3 por la paz mundial - Radio Infinita Goya","isPartOf":{"@id":"https:\/\/radioinfinitagoya.com.ar\/v1\/#website"},"primaryImageOfPage":{"@id":"https:\/\/radioinfinitagoya.com.ar\/v1\/2025\/06\/15\/el-papa-leon-xiv-clamo-por-la-paz-mundial\/#primaryimage"},"image":{"@id":"https:\/\/radioinfinitagoya.com.ar\/v1\/2025\/06\/15\/el-papa-leon-xiv-clamo-por-la-paz-mundial\/#primaryimage"},"thumbnailUrl":"https:\/\/radioinfinitagoya.com.ar\/v1\/wp-content\/uploads\/2025\/06\/Gqc7PCZaIAAkE9F.png","datePublished":"2025-06-15T22:01:18+00:00","description":"Y pidi\u00f3 di\u00e1logo en m\u00faltiples conflictos Durante el rezo del \u00c1ngelus en la Plaza de San Pedro, el Sumo Pont\u00edfice puso especial \u00e9nfasis en Oriente Medio y","breadcrumb":{"@id":"https:\/\/radioinfinitagoya.com.ar\/v1\/2025\/06\/15\/el-papa-leon-xiv-clamo-por-la-paz-mundial\/#breadcrumb"},"inLanguage":"es-AR","potentialAction":[{"@type":"ReadAction","target":["https:\/\/radioinfinitagoya.com.ar\/v1\/2025\/06\/15\/el-papa-leon-xiv-clamo-por-la-paz-mundial\/"]}]},{"@type":"ImageObject","inLanguage":"es-AR","@id":"https:\/\/radioinfinitagoya.com.ar\/v1\/2025\/06\/15\/el-papa-leon-xiv-clamo-por-la-paz-mundial\/#primaryimage","url":"https:\/\/radioinfinitagoya.com.ar\/v1\/wp-content\/uploads\/2025\/06\/Gqc7PCZaIAAkE9F.png","contentUrl":"https:\/\/radioinfinitagoya.com.ar\/v1\/wp-content\/uploads\/2025\/06\/Gqc7PCZaIAAkE9F.png","width":356,"height":360},{"@type":"BreadcrumbList","@id":"https:\/\/radioinfinitagoya.com.ar\/v1\/2025\/06\/15\/el-papa-leon-xiv-clamo-por-la-paz-mundial\/#breadcrumb","itemListElement":[{"@type":"ListItem","position":1,"name":"Inicio","item":"https:\/\/radioinfinitagoya.com.ar\/v1\/"},{"@type":"ListItem","position":2,"name":"El papa Le\u00f3n XIV clam\u00f3 por la paz mundial"}]},{"@type":"WebSite","@id":"https:\/\/radioinfinitagoya.com.ar\/v1\/#website","url":"https:\/\/radioinfinitagoya.com.ar\/v1\/","name":"radioinfinitagoya.com.ar","description":"Radio de noticias","publisher":{"@id":"https:\/\/radioinfinitagoya.com.ar\/v1\/#organization"},"potentialAction":[{"@type":"SearchAction","target":{"@type":"EntryPoint","urlTemplate":"https:\/\/radioinfinitagoya.com.ar\/v1\/?s={search_term_string}"},"query-input":{"@type":"PropertyValueSpecification","valueRequired":true,"valueName":"search_term_string"}}],"inLanguage":"es-AR"},{"@type":"Organization","@id":"https:\/\/radioinfinitagoya.com.ar\/v1\/#organization","name":"Radio Infinita Goya","url":"https:\/\/radioinfinitagoya.com.ar\/v1\/","logo":{"@type":"ImageObject","inLanguage":"es-AR","@id":"https:\/\/radioinfinitagoya.com.ar\/v1\/#\/schema\/logo\/image\/","url":"https:\/\/radioinfinitagoya.com.ar\/v1\/wp-content\/uploads\/2019\/11\/logo-pie-web.png","contentUrl":"https:\/\/radioinfinitagoya.com.ar\/v1\/wp-content\/uploads\/2019\/11\/logo-pie-web.png","width":635,"height":326,"caption":"Radio Infinita Goya"},"image":{"@id":"https:\/\/radioinfinitagoya.com.ar\/v1\/#\/schema\/logo\/image\/"},"sameAs":["https:\/\/www.facebook.com\/p\/Infinita-Goya-100063870918311\/"]},{"@type":"Person","@id":"https:\/\/radioinfinitagoya.com.ar\/v1\/#\/schema\/person\/d4cf9c413d4f6edb24aabdccab49ca4a","name":"Jorge Mi\u00f1o","image":{"@type":"ImageObject","inLanguage":"es-AR","@id":"https:\/\/secure.gravatar.com\/avatar\/910fcf6728fe95320e07a6643c1581fec1c7fc4bf8ae12e3d8f0d0373dc844be?s=96&d=mm&r=g","url":"https:\/\/secure.gravatar.com\/avatar\/910fcf6728fe95320e07a6643c1581fec1c7fc4bf8ae12e3d8f0d0373dc844be?s=96&d=mm&r=g","contentUrl":"https:\/\/secure.gravatar.com\/avatar\/910fcf6728fe95320e07a6643c1581fec1c7fc4bf8ae12e3d8f0d0373dc844be?s=96&d=mm&r=g","caption":"Jorge Mi\u00f1o"},"sameAs":["http:\/\/radioinfinitagoya.com.ar"]}]}},"_links":{"self":[{"href":"https:\/\/radioinfinitagoya.com.ar\/v1\/wp-json\/wp\/v2\/posts\/191459","targetHints":{"allow":["GET"]}}],"collection":[{"href":"https:\/\/radioinfinitagoya.com.ar\/v1\/wp-json\/wp\/v2\/posts"}],"about":[{"href":"https:\/\/radioinfinitagoya.com.ar\/v1\/wp-json\/wp\/v2\/types\/post"}],"author":[{"embeddable":true,"href":"https:\/\/radioinfinitagoya.com.ar\/v1\/wp-json\/wp\/v2\/users\/4"}],"replies":[{"embeddable":true,"href":"https:\/\/radioinfinitagoya.com.ar\/v1\/wp-json\/wp\/v2\/comments?post=191459"}],"version-history":[{"count":0,"href":"https:\/\/radioinfinitagoya.com.ar\/v1\/wp-json\/wp\/v2\/posts\/191459\/revisions"}],"wp:featuredmedia":[{"embeddable":true,"href":"https:\/\/radioinfinitagoya.com.ar\/v1\/wp-json\/wp\/v2\/media\/191460"}],"wp:attachment":[{"href":"https:\/\/radioinfinitagoya.com.ar\/v1\/wp-json\/wp\/v2\/media?parent=191459"}],"wp:term":[{"taxonomy":"category","embeddable":true,"href":"https:\/\/radioinfinitagoya.com.ar\/v1\/wp-json\/wp\/v2\/categories?post=191459"},{"taxonomy":"post_tag","embeddable":true,"href":"https:\/\/radioinfinitagoya.com.ar\/v1\/wp-json\/wp\/v2\/tags?post=191459"}],"curies":[{"name":"wp","href":"https:\/\/api.w.org\/{rel}","templated":true}]}}