{"id":191462,"date":"2025-06-15T19:12:04","date_gmt":"2025-06-15T22:12:04","guid":{"rendered":"https:\/\/radioinfinitagoya.com.ar\/v1\/?p=191462"},"modified":"2025-06-15T19:12:04","modified_gmt":"2025-06-15T22:12:04","slug":"con-inversion-estatal-corrientes-cerro-el-anillo-principal-de-fibra-optica","status":"publish","type":"post","link":"https:\/\/radioinfinitagoya.com.ar\/v1\/2025\/06\/15\/con-inversion-estatal-corrientes-cerro-el-anillo-principal-de-fibra-optica\/","title":{"rendered":"Con inversi\u00f3n estatal, Corrientes cerr\u00f3 el anillo principal de fibra \u00f3ptica"},"content":{"rendered":"<p>&#8220;Si no tenemos soberan\u00eda digital vamos a pagar el costo de no tener desarrollo tecnol\u00f3gico&#8221;, expres\u00f3 el gobernador Gustavo Vald\u00e9s sobre las obras de la empresa estatal que posibilit\u00f3 el transporte de datos a edificios p\u00fablicos y al interior.<\/p>\n<p>El Gobierno de Corrientes present\u00f3 ayer el cierre del anillo principal de la red de la fibra \u00f3ptica, ejecutada por la SAPEM TelCo. El financiamiento de la obra y de otras dos l\u00edneas secundarias demand\u00f3 aproximadamente 11 millones d\u00f3lares, lo que permiti\u00f3 cubrir el 93% de superficie de la provincia con la red de fibra \u00f3ptica.<\/p>\n<p><img loading=\"lazy\" decoding=\"async\" class=\"alignnone size-full wp-image-191465\" src=\"https:\/\/radioinfinitagoya.com.ar\/v1\/wp-content\/uploads\/2025\/06\/Gsmo-3PXYAAvIzr.jpg\" alt=\"\" width=\"288\" height=\"360\" \/> <img loading=\"lazy\" decoding=\"async\" class=\"alignnone size-medium wp-image-191466\" src=\"https:\/\/radioinfinitagoya.com.ar\/v1\/wp-content\/uploads\/2025\/06\/Gsmo-SxXsAA97Bu.jpg\" alt=\"\" width=\"288\" height=\"360\" \/><\/p>\n<p>&#8220;Estamos trabajando en el anillo sur. Hoy tenemos 1.778 kil\u00f3metros iluminados y funcionando en toda la provincia. Para este a\u00f1o tenemos previsto 2.200 kil\u00f3metros, incluyendo el cierre del anillo sur&#8221;, expres\u00f3 a \u00e9poca el presidente de TelCo, Manuel Vald\u00e9s.<\/p>\n<p>Tras la creaci\u00f3n por ley de la Sociedad An\u00f3nima con Participaci\u00f3n Mayoritariamente Estatal (SAPEM), en 2020 la Provincia comenz\u00f3 con la ejecuci\u00f3n de trabajos en la ciudad de Corrientes. &#8220;Cuando quisimos conectar c\u00e1maras de seguridad en la Capital nos quisieron cobrar 32 millones de euros para conectar 500 c\u00e1maras&#8221;, coment\u00f3 el gobernador Gustavo Vald\u00e9s sobre el surgimiento de la iniciativa.<\/p>\n<p>Una vez instalada la red metropolitana, en 2021 se expandi\u00f3 hacia el interior con 249 kil\u00f3metros de fibra \u00f3ptica, abarcando Paso de la Patria, It\u00e1 Ibat\u00e9, Villa Olivari, Ituzaing\u00f3 y Ca\u00e1 Cat\u00ed. En 2022 se sumaron otras diez localidades: San Miguel, Santa Rosa, Concepci\u00f3n, Tabay, Virasoro, San Lorenzo, Bella Vista, Goya, Mercedes, comprendiendo unos 623 kil\u00f3metros de fibra \u00f3ptica en este tramo.<\/p>\n<p>En 2023 se cerr\u00f3 el anillo del humedal y se agregaron siete localidades, sumando 303 kil\u00f3metros de red para totalizar 1.208 kil\u00f3metros. Para 2024 se agregaron 14 ciudades, incorporando 380 kil\u00f3metros de fibra \u00f3ptica. De este modo, se alcanzaron un total de 1.778 kil\u00f3metros de la red provincial.<\/p>\n<p>De este modo se cerr\u00f3 el anillo principal de transporte de datos que ser\u00e1 el coraz\u00f3n de la red provincial y que une Corrientes, Ituzaing\u00f3, Gobernador Virasoro, Paso de los Libres, Mercedes, Goya y Corrientes. En total, 37 ciudades est\u00e1n iluminadas. En total, se ejecutaron 53 nodos.<\/p>\n<p>&#8220;No tener acceso al conocimiento implica pagar car\u00edsimo&#8221;, expres\u00f3 el Gobernador en conferencia en el Sal\u00f3n Amarillo de Casa de Gobierno. &#8220;Ponemos recursos de vez en cuando, pero termina saliendo de las facturas que paga el Estado al TelCo por el consumo de sus datos, logrando una buena prestaci\u00f3n de servicios&#8221;, indic\u00f3 el titular del Ejecutivo provincial. La empresa no comercializa internet como los proveedores domiciliarios, sino que est\u00e1 a cargo de la ejecuci\u00f3n de obras y en transporte de datos al Estado y a proveedores en el interior.<\/p>\n<p>As\u00ed, se conectaron 1.458 escuelas que pueden acceder a servicio de banda ancha. &#8220;Si no tenemos transporte de datos es imposible tener pasos hacia la digitalizaci\u00f3n acorde a nuestros tiempos&#8221;, asegur\u00f3 el jefe del Gobierno Provincial. Los servicios tambi\u00e9n se brindan a la Polic\u00eda de Corrientes y a los hospitales p\u00fablicos, entre otros organismos estatales. En el caso de las fuerzas de seguridad no solo se dota para las c\u00e1maras de seguridad, sino tambi\u00e9n para la aplicaci\u00f3n de Inteligencia Artificial (IA) en la prevenci\u00f3n del delito.<\/p>\n<p>&#8220;Creamos una startup del siglo XXI&#8221;, asever\u00f3 el Mandatario, y destac\u00f3 que la SAPEM es autosustentable, lo que comprende el pago de la n\u00f3mina. Expuso que la importancia del cierre del anillo principal es similar a la ejecuci\u00f3n de obras durante el gobierno desarrollista de Piragine Niveyro.<\/p>\n<p>&#8220;La lucha fue dif\u00edcil. La Naci\u00f3n no firmaba aportes no reintegrables del BID porque dec\u00edan que nos har\u00edan la red de fibra \u00f3ptica. Todav\u00eda esperamos la obra nacional&#8221;, sostuvo el Mandatario provincial.<\/p>\n<p>La ejecuci\u00f3n de estas obras implicaron mejorar la velocidad de 10 megas a 100 megas y abaratar los costos. Antes de TelCo, por ejemplo en Gobernador Virasoro, el costo de Internet para los proveedores era de 17 d\u00f3lares. Con la llegada de la SAPEM al sistema local, se baj\u00f3 a 6 d\u00f3lares y los dem\u00e1s proveedores, disminuyeron a 5 d\u00f3lares. &#8220;Las grandes empresas de telecomunicaciones cuando llegan a lugares donde no hay con competencia se equiparan a los lugares donde deben competir demasiado&#8221;, indic\u00f3 Manuel Vald\u00e9s.<\/p>\n<p>Esto tambi\u00e9n posibilit\u00f3 la creaci\u00f3n de nuevos proveedores que operan en el interior. As\u00ed, las peque\u00f1as empresas que brindaban servicio de televisi\u00f3n por cable, tambi\u00e9n ofrecen de Internet, seg\u00fan indic\u00f3 el presidente de TelCo a este diario.<\/p>\n<p>&#8220;Le da a la provincia soberan\u00eda digital&#8221;<\/p>\n<p>En di\u00e1logo con \u00e9poca, el presidente de TelCo, Manuel Vald\u00e9s, destac\u00f3 la ejecuci\u00f3n de obras que permitieron dotar de un troncal de transporte de datos a gran parte de la geograf\u00eda provincial.<\/p>\n<p>&#8220;Esto le da a la provincia soberan\u00eda digital, pudiendo disponer de una red propia que tiene bajo costo, garant\u00eda y seguridad de los datos&#8221;, expres\u00f3 el titular de la SAPEM.<\/p>\n<p>&#8220;Las grandes redes de fibra que se hacen hoy en d\u00eda significan lo que eran antes las autopistas. Todo se trabaja con informaci\u00f3n que ingresa de forma exponencial. Si no ten\u00e9s soportes, ten\u00e9s que pagar cada vez a m\u00e1s proveedores. Si ten\u00e9s tu propia red, lo \u00fanico que se necesita es ampliar el ancho de red&#8221;, sostuvo Vald\u00e9s.<\/p>\n<p>De este modo, se proyecta que las obras permitir\u00e1n dotar de servicios por m\u00e1s de 30 a\u00f1os, al menos hasta tanto se requiera de otra tecnolog\u00eda. &#8220;Si no tenemos soberan\u00eda digital vamos a pagar el costo de no tener desarrollo tecnol\u00f3gico&#8221;, dijo por su parte el gobernador Gustavo Vald\u00e9s durante la conferencia de prensa.<\/p>\n<p>Crece la conectividad en el NEA<\/p>\n<p>En el primer trimestre de 2025 se registraron, en promedio, 8.244.620 accesos a internet fijos en el pa\u00eds. Esto signific\u00f3 un aumento de 0,9% respecto al primer trimestre de 2024. Por otro lado, los accesos fijos residenciales crecieron 0,8%, lo que suma un total de 7.805.579; y los accesos fijos de organizaciones totalizaron 439.041, con una suba de 3,1%.<\/p>\n<p>En cuanto a los accesos a internet m\u00f3viles, en el trimestre bajo an\u00e1lisis se contabilizaron en promedio 39.275.582 accesos, lo que implic\u00f3 una suba de 3,5% respecto al mismo trimestre del a\u00f1o anterior. Los accesos m\u00f3viles residenciales tuvieron una variaci\u00f3n positiva de 3,2% y alcanzaron los 35.216.100; y los correspondientes a organizaciones sumaron 4.059.482 y aumentaron de 6,8%.<\/p>\n<p>En el Nordeste, entre enero y marzo \u00faltimo, las provincias presentaron este nivel de accesos a internet. Corrientes 1.067.905 conexiones, de las cuales 126.466 corresponden son fijas y 941.439 m\u00f3viles, mostrando un crecimiento promedio interanual del 3,5%. Chaco cont\u00f3 con 1.064.466 conexiones (+4% interanual), Misiones con 1.140.748 (+3,7%), siendo la de mayor cantidad de accesos en esta regi\u00f3n y cierra Formosa con 519.173 accesos (+4,3).<\/p>\n<p>Un informe de la C\u00e1mara Argentina de Internet (CABASE) indica que el 47% de las conexiones a Internet en hogares argentinos supera los 50 Mbps.<\/p>\n<p>&nbsp;<\/p>\n","protected":false},"excerpt":{"rendered":"<p>&#8220;Si no tenemos soberan\u00eda digital vamos a pagar el costo de no tener desarrollo tecnol\u00f3gico&#8221;, expres\u00f3 el gobernador Gustavo Vald\u00e9s sobre las obras de la empresa estatal que posibilit\u00f3 el transporte de datos a edificios p\u00fablicos y al interior. El Gobierno de Corrientes present\u00f3 ayer el cierre del anillo principal de la red de la [&hellip;]<\/p>\n","protected":false},"author":4,"featured_media":191464,"comment_status":"closed","ping_status":"closed","sticky":false,"template":"","format":"standard","meta":{"_joinchat":[],"footnotes":""},"categories":[34],"tags":[],"class_list":{"0":"post-191462","1":"post","2":"type-post","3":"status-publish","4":"format-standard","5":"has-post-thumbnail","7":"category-principal"},"yoast_head":"<!-- This site is optimized with the Yoast SEO plugin v27.2 - https:\/\/yoast.com\/product\/yoast-seo-wordpress\/ -->\n<title>Con inversi\u00f3n estatal, Corrientes cerr\u00f3 el anillo principal de fibra \u00f3ptica - Radio Infinita Goya<\/title>\n<meta name=\"description\" content=\"&quot;Si no tenemos soberan\u00eda digital vamos a pagar el costo de no tener desarrollo tecnol\u00f3gico&quot;, expres\u00f3 el gobernador Gustavo Vald\u00e9s sobre las obras de la\" \/>\n<meta name=\"robots\" content=\"index, follow, max-snippet:-1, max-image-preview:large, max-video-preview:-1\" \/>\n<link rel=\"canonical\" href=\"https:\/\/radioinfinitagoya.com.ar\/v1\/2025\/06\/15\/con-inversion-estatal-corrientes-cerro-el-anillo-principal-de-fibra-optica\/\" \/>\n<meta property=\"og:locale\" content=\"es_ES\" \/>\n<meta property=\"og:type\" content=\"article\" \/>\n<meta property=\"og:title\" content=\"Con inversi\u00f3n estatal, Corrientes cerr\u00f3 el anillo principal de fibra \u00f3ptica - Radio Infinita Goya\" \/>\n<meta property=\"og:description\" content=\"&quot;Si no tenemos soberan\u00eda digital vamos a pagar el costo de no tener desarrollo tecnol\u00f3gico&quot;, expres\u00f3 el gobernador Gustavo Vald\u00e9s sobre las obras de la\" \/>\n<meta property=\"og:url\" content=\"https:\/\/radioinfinitagoya.com.ar\/v1\/2025\/06\/15\/con-inversion-estatal-corrientes-cerro-el-anillo-principal-de-fibra-optica\/\" \/>\n<meta property=\"og:site_name\" content=\"Radio Infinita Goya\" \/>\n<meta property=\"article:publisher\" content=\"https:\/\/www.facebook.com\/p\/Infinita-Goya-100063870918311\/\" \/>\n<meta property=\"article:published_time\" content=\"2025-06-15T22:12:04+00:00\" \/>\n<meta property=\"og:image\" content=\"https:\/\/radioinfinitagoya.com.ar\/v1\/wp-content\/uploads\/2025\/06\/GtL3m6rXEAAoMUm.jpg\" \/>\n\t<meta property=\"og:image:width\" content=\"680\" \/>\n\t<meta property=\"og:image:height\" content=\"454\" \/>\n\t<meta property=\"og:image:type\" content=\"image\/jpeg\" \/>\n<meta name=\"author\" content=\"Jorge Mi\u00f1o\" \/>\n<meta name=\"twitter:card\" content=\"summary_large_image\" \/>\n<meta name=\"twitter:label1\" content=\"Escrito por\" \/>\n\t<meta name=\"twitter:data1\" content=\"Jorge Mi\u00f1o\" \/>\n\t<meta name=\"twitter:label2\" content=\"Tiempo de lectura\" \/>\n\t<meta name=\"twitter:data2\" content=\"6 minutos\" \/>\n<script type=\"application\/ld+json\" class=\"yoast-schema-graph\">{\"@context\":\"https:\/\/schema.org\",\"@graph\":[{\"@type\":\"Article\",\"@id\":\"https:\/\/radioinfinitagoya.com.ar\/v1\/2025\/06\/15\/con-inversion-estatal-corrientes-cerro-el-anillo-principal-de-fibra-optica\/#article\",\"isPartOf\":{\"@id\":\"https:\/\/radioinfinitagoya.com.ar\/v1\/2025\/06\/15\/con-inversion-estatal-corrientes-cerro-el-anillo-principal-de-fibra-optica\/\"},\"author\":{\"name\":\"Jorge Mi\u00f1o\",\"@id\":\"https:\/\/radioinfinitagoya.com.ar\/v1\/#\/schema\/person\/d4cf9c413d4f6edb24aabdccab49ca4a\"},\"headline\":\"Con inversi\u00f3n estatal, Corrientes cerr\u00f3 el anillo principal de fibra \u00f3ptica\",\"datePublished\":\"2025-06-15T22:12:04+00:00\",\"mainEntityOfPage\":{\"@id\":\"https:\/\/radioinfinitagoya.com.ar\/v1\/2025\/06\/15\/con-inversion-estatal-corrientes-cerro-el-anillo-principal-de-fibra-optica\/\"},\"wordCount\":1169,\"publisher\":{\"@id\":\"https:\/\/radioinfinitagoya.com.ar\/v1\/#organization\"},\"image\":{\"@id\":\"https:\/\/radioinfinitagoya.com.ar\/v1\/2025\/06\/15\/con-inversion-estatal-corrientes-cerro-el-anillo-principal-de-fibra-optica\/#primaryimage\"},\"thumbnailUrl\":\"https:\/\/radioinfinitagoya.com.ar\/v1\/wp-content\/uploads\/2025\/06\/GtL3m6rXEAAoMUm.jpg\",\"articleSection\":[\"PRINCIPAL\"],\"inLanguage\":\"es-AR\"},{\"@type\":\"WebPage\",\"@id\":\"https:\/\/radioinfinitagoya.com.ar\/v1\/2025\/06\/15\/con-inversion-estatal-corrientes-cerro-el-anillo-principal-de-fibra-optica\/\",\"url\":\"https:\/\/radioinfinitagoya.com.ar\/v1\/2025\/06\/15\/con-inversion-estatal-corrientes-cerro-el-anillo-principal-de-fibra-optica\/\",\"name\":\"Con inversi\u00f3n estatal, Corrientes cerr\u00f3 el anillo principal de fibra \u00f3ptica - Radio Infinita Goya\",\"isPartOf\":{\"@id\":\"https:\/\/radioinfinitagoya.com.ar\/v1\/#website\"},\"primaryImageOfPage\":{\"@id\":\"https:\/\/radioinfinitagoya.com.ar\/v1\/2025\/06\/15\/con-inversion-estatal-corrientes-cerro-el-anillo-principal-de-fibra-optica\/#primaryimage\"},\"image\":{\"@id\":\"https:\/\/radioinfinitagoya.com.ar\/v1\/2025\/06\/15\/con-inversion-estatal-corrientes-cerro-el-anillo-principal-de-fibra-optica\/#primaryimage\"},\"thumbnailUrl\":\"https:\/\/radioinfinitagoya.com.ar\/v1\/wp-content\/uploads\/2025\/06\/GtL3m6rXEAAoMUm.jpg\",\"datePublished\":\"2025-06-15T22:12:04+00:00\",\"description\":\"\\\"Si no tenemos soberan\u00eda digital vamos a pagar el costo de no tener desarrollo tecnol\u00f3gico\\\", expres\u00f3 el gobernador Gustavo Vald\u00e9s sobre las obras de la\",\"breadcrumb\":{\"@id\":\"https:\/\/radioinfinitagoya.com.ar\/v1\/2025\/06\/15\/con-inversion-estatal-corrientes-cerro-el-anillo-principal-de-fibra-optica\/#breadcrumb\"},\"inLanguage\":\"es-AR\",\"potentialAction\":[{\"@type\":\"ReadAction\",\"target\":[\"https:\/\/radioinfinitagoya.com.ar\/v1\/2025\/06\/15\/con-inversion-estatal-corrientes-cerro-el-anillo-principal-de-fibra-optica\/\"]}]},{\"@type\":\"ImageObject\",\"inLanguage\":\"es-AR\",\"@id\":\"https:\/\/radioinfinitagoya.com.ar\/v1\/2025\/06\/15\/con-inversion-estatal-corrientes-cerro-el-anillo-principal-de-fibra-optica\/#primaryimage\",\"url\":\"https:\/\/radioinfinitagoya.com.ar\/v1\/wp-content\/uploads\/2025\/06\/GtL3m6rXEAAoMUm.jpg\",\"contentUrl\":\"https:\/\/radioinfinitagoya.com.ar\/v1\/wp-content\/uploads\/2025\/06\/GtL3m6rXEAAoMUm.jpg\",\"width\":680,\"height\":454},{\"@type\":\"BreadcrumbList\",\"@id\":\"https:\/\/radioinfinitagoya.com.ar\/v1\/2025\/06\/15\/con-inversion-estatal-corrientes-cerro-el-anillo-principal-de-fibra-optica\/#breadcrumb\",\"itemListElement\":[{\"@type\":\"ListItem\",\"position\":1,\"name\":\"Inicio\",\"item\":\"https:\/\/radioinfinitagoya.com.ar\/v1\/\"},{\"@type\":\"ListItem\",\"position\":2,\"name\":\"Con inversi\u00f3n estatal, Corrientes cerr\u00f3 el anillo principal de fibra \u00f3ptica\"}]},{\"@type\":\"WebSite\",\"@id\":\"https:\/\/radioinfinitagoya.com.ar\/v1\/#website\",\"url\":\"https:\/\/radioinfinitagoya.com.ar\/v1\/\",\"name\":\"radioinfinitagoya.com.ar\",\"description\":\"Radio de noticias\",\"publisher\":{\"@id\":\"https:\/\/radioinfinitagoya.com.ar\/v1\/#organization\"},\"potentialAction\":[{\"@type\":\"SearchAction\",\"target\":{\"@type\":\"EntryPoint\",\"urlTemplate\":\"https:\/\/radioinfinitagoya.com.ar\/v1\/?s={search_term_string}\"},\"query-input\":{\"@type\":\"PropertyValueSpecification\",\"valueRequired\":true,\"valueName\":\"search_term_string\"}}],\"inLanguage\":\"es-AR\"},{\"@type\":\"Organization\",\"@id\":\"https:\/\/radioinfinitagoya.com.ar\/v1\/#organization\",\"name\":\"Radio Infinita Goya\",\"url\":\"https:\/\/radioinfinitagoya.com.ar\/v1\/\",\"logo\":{\"@type\":\"ImageObject\",\"inLanguage\":\"es-AR\",\"@id\":\"https:\/\/radioinfinitagoya.com.ar\/v1\/#\/schema\/logo\/image\/\",\"url\":\"https:\/\/radioinfinitagoya.com.ar\/v1\/wp-content\/uploads\/2019\/11\/logo-pie-web.png\",\"contentUrl\":\"https:\/\/radioinfinitagoya.com.ar\/v1\/wp-content\/uploads\/2019\/11\/logo-pie-web.png\",\"width\":635,\"height\":326,\"caption\":\"Radio Infinita Goya\"},\"image\":{\"@id\":\"https:\/\/radioinfinitagoya.com.ar\/v1\/#\/schema\/logo\/image\/\"},\"sameAs\":[\"https:\/\/www.facebook.com\/p\/Infinita-Goya-100063870918311\/\"]},{\"@type\":\"Person\",\"@id\":\"https:\/\/radioinfinitagoya.com.ar\/v1\/#\/schema\/person\/d4cf9c413d4f6edb24aabdccab49ca4a\",\"name\":\"Jorge Mi\u00f1o\",\"image\":{\"@type\":\"ImageObject\",\"inLanguage\":\"es-AR\",\"@id\":\"https:\/\/secure.gravatar.com\/avatar\/910fcf6728fe95320e07a6643c1581fec1c7fc4bf8ae12e3d8f0d0373dc844be?s=96&d=mm&r=g\",\"url\":\"https:\/\/secure.gravatar.com\/avatar\/910fcf6728fe95320e07a6643c1581fec1c7fc4bf8ae12e3d8f0d0373dc844be?s=96&d=mm&r=g\",\"contentUrl\":\"https:\/\/secure.gravatar.com\/avatar\/910fcf6728fe95320e07a6643c1581fec1c7fc4bf8ae12e3d8f0d0373dc844be?s=96&d=mm&r=g\",\"caption\":\"Jorge Mi\u00f1o\"},\"sameAs\":[\"http:\/\/radioinfinitagoya.com.ar\"]}]}<\/script>\n<!-- \/ Yoast SEO plugin. -->","yoast_head_json":{"title":"Con inversi\u00f3n estatal, Corrientes cerr\u00f3 el anillo principal de fibra \u00f3ptica - Radio Infinita Goya","description":"\"Si no tenemos soberan\u00eda digital vamos a pagar el costo de no tener desarrollo tecnol\u00f3gico\", expres\u00f3 el gobernador Gustavo Vald\u00e9s sobre las obras de la","robots":{"index":"index","follow":"follow","max-snippet":"max-snippet:-1","max-image-preview":"max-image-preview:large","max-video-preview":"max-video-preview:-1"},"canonical":"https:\/\/radioinfinitagoya.com.ar\/v1\/2025\/06\/15\/con-inversion-estatal-corrientes-cerro-el-anillo-principal-de-fibra-optica\/","og_locale":"es_ES","og_type":"article","og_title":"Con inversi\u00f3n estatal, Corrientes cerr\u00f3 el anillo principal de fibra \u00f3ptica - Radio Infinita Goya","og_description":"\"Si no tenemos soberan\u00eda digital vamos a pagar el costo de no tener desarrollo tecnol\u00f3gico\", expres\u00f3 el gobernador Gustavo Vald\u00e9s sobre las obras de la","og_url":"https:\/\/radioinfinitagoya.com.ar\/v1\/2025\/06\/15\/con-inversion-estatal-corrientes-cerro-el-anillo-principal-de-fibra-optica\/","og_site_name":"Radio Infinita Goya","article_publisher":"https:\/\/www.facebook.com\/p\/Infinita-Goya-100063870918311\/","article_published_time":"2025-06-15T22:12:04+00:00","og_image":[{"width":680,"height":454,"url":"https:\/\/radioinfinitagoya.com.ar\/v1\/wp-content\/uploads\/2025\/06\/GtL3m6rXEAAoMUm.jpg","type":"image\/jpeg"}],"author":"Jorge Mi\u00f1o","twitter_card":"summary_large_image","twitter_misc":{"Escrito por":"Jorge Mi\u00f1o","Tiempo de lectura":"6 minutos"},"schema":{"@context":"https:\/\/schema.org","@graph":[{"@type":"Article","@id":"https:\/\/radioinfinitagoya.com.ar\/v1\/2025\/06\/15\/con-inversion-estatal-corrientes-cerro-el-anillo-principal-de-fibra-optica\/#article","isPartOf":{"@id":"https:\/\/radioinfinitagoya.com.ar\/v1\/2025\/06\/15\/con-inversion-estatal-corrientes-cerro-el-anillo-principal-de-fibra-optica\/"},"author":{"name":"Jorge Mi\u00f1o","@id":"https:\/\/radioinfinitagoya.com.ar\/v1\/#\/schema\/person\/d4cf9c413d4f6edb24aabdccab49ca4a"},"headline":"Con inversi\u00f3n estatal, Corrientes cerr\u00f3 el anillo principal de fibra \u00f3ptica","datePublished":"2025-06-15T22:12:04+00:00","mainEntityOfPage":{"@id":"https:\/\/radioinfinitagoya.com.ar\/v1\/2025\/06\/15\/con-inversion-estatal-corrientes-cerro-el-anillo-principal-de-fibra-optica\/"},"wordCount":1169,"publisher":{"@id":"https:\/\/radioinfinitagoya.com.ar\/v1\/#organization"},"image":{"@id":"https:\/\/radioinfinitagoya.com.ar\/v1\/2025\/06\/15\/con-inversion-estatal-corrientes-cerro-el-anillo-principal-de-fibra-optica\/#primaryimage"},"thumbnailUrl":"https:\/\/radioinfinitagoya.com.ar\/v1\/wp-content\/uploads\/2025\/06\/GtL3m6rXEAAoMUm.jpg","articleSection":["PRINCIPAL"],"inLanguage":"es-AR"},{"@type":"WebPage","@id":"https:\/\/radioinfinitagoya.com.ar\/v1\/2025\/06\/15\/con-inversion-estatal-corrientes-cerro-el-anillo-principal-de-fibra-optica\/","url":"https:\/\/radioinfinitagoya.com.ar\/v1\/2025\/06\/15\/con-inversion-estatal-corrientes-cerro-el-anillo-principal-de-fibra-optica\/","name":"Con inversi\u00f3n estatal, Corrientes cerr\u00f3 el anillo principal de fibra \u00f3ptica - Radio Infinita Goya","isPartOf":{"@id":"https:\/\/radioinfinitagoya.com.ar\/v1\/#website"},"primaryImageOfPage":{"@id":"https:\/\/radioinfinitagoya.com.ar\/v1\/2025\/06\/15\/con-inversion-estatal-corrientes-cerro-el-anillo-principal-de-fibra-optica\/#primaryimage"},"image":{"@id":"https:\/\/radioinfinitagoya.com.ar\/v1\/2025\/06\/15\/con-inversion-estatal-corrientes-cerro-el-anillo-principal-de-fibra-optica\/#primaryimage"},"thumbnailUrl":"https:\/\/radioinfinitagoya.com.ar\/v1\/wp-content\/uploads\/2025\/06\/GtL3m6rXEAAoMUm.jpg","datePublished":"2025-06-15T22:12:04+00:00","description":"\"Si no tenemos soberan\u00eda digital vamos a pagar el costo de no tener desarrollo tecnol\u00f3gico\", expres\u00f3 el gobernador Gustavo Vald\u00e9s sobre las obras de la","breadcrumb":{"@id":"https:\/\/radioinfinitagoya.com.ar\/v1\/2025\/06\/15\/con-inversion-estatal-corrientes-cerro-el-anillo-principal-de-fibra-optica\/#breadcrumb"},"inLanguage":"es-AR","potentialAction":[{"@type":"ReadAction","target":["https:\/\/radioinfinitagoya.com.ar\/v1\/2025\/06\/15\/con-inversion-estatal-corrientes-cerro-el-anillo-principal-de-fibra-optica\/"]}]},{"@type":"ImageObject","inLanguage":"es-AR","@id":"https:\/\/radioinfinitagoya.com.ar\/v1\/2025\/06\/15\/con-inversion-estatal-corrientes-cerro-el-anillo-principal-de-fibra-optica\/#primaryimage","url":"https:\/\/radioinfinitagoya.com.ar\/v1\/wp-content\/uploads\/2025\/06\/GtL3m6rXEAAoMUm.jpg","contentUrl":"https:\/\/radioinfinitagoya.com.ar\/v1\/wp-content\/uploads\/2025\/06\/GtL3m6rXEAAoMUm.jpg","width":680,"height":454},{"@type":"BreadcrumbList","@id":"https:\/\/radioinfinitagoya.com.ar\/v1\/2025\/06\/15\/con-inversion-estatal-corrientes-cerro-el-anillo-principal-de-fibra-optica\/#breadcrumb","itemListElement":[{"@type":"ListItem","position":1,"name":"Inicio","item":"https:\/\/radioinfinitagoya.com.ar\/v1\/"},{"@type":"ListItem","position":2,"name":"Con inversi\u00f3n estatal, Corrientes cerr\u00f3 el anillo principal de fibra \u00f3ptica"}]},{"@type":"WebSite","@id":"https:\/\/radioinfinitagoya.com.ar\/v1\/#website","url":"https:\/\/radioinfinitagoya.com.ar\/v1\/","name":"radioinfinitagoya.com.ar","description":"Radio de noticias","publisher":{"@id":"https:\/\/radioinfinitagoya.com.ar\/v1\/#organization"},"potentialAction":[{"@type":"SearchAction","target":{"@type":"EntryPoint","urlTemplate":"https:\/\/radioinfinitagoya.com.ar\/v1\/?s={search_term_string}"},"query-input":{"@type":"PropertyValueSpecification","valueRequired":true,"valueName":"search_term_string"}}],"inLanguage":"es-AR"},{"@type":"Organization","@id":"https:\/\/radioinfinitagoya.com.ar\/v1\/#organization","name":"Radio Infinita Goya","url":"https:\/\/radioinfinitagoya.com.ar\/v1\/","logo":{"@type":"ImageObject","inLanguage":"es-AR","@id":"https:\/\/radioinfinitagoya.com.ar\/v1\/#\/schema\/logo\/image\/","url":"https:\/\/radioinfinitagoya.com.ar\/v1\/wp-content\/uploads\/2019\/11\/logo-pie-web.png","contentUrl":"https:\/\/radioinfinitagoya.com.ar\/v1\/wp-content\/uploads\/2019\/11\/logo-pie-web.png","width":635,"height":326,"caption":"Radio Infinita Goya"},"image":{"@id":"https:\/\/radioinfinitagoya.com.ar\/v1\/#\/schema\/logo\/image\/"},"sameAs":["https:\/\/www.facebook.com\/p\/Infinita-Goya-100063870918311\/"]},{"@type":"Person","@id":"https:\/\/radioinfinitagoya.com.ar\/v1\/#\/schema\/person\/d4cf9c413d4f6edb24aabdccab49ca4a","name":"Jorge Mi\u00f1o","image":{"@type":"ImageObject","inLanguage":"es-AR","@id":"https:\/\/secure.gravatar.com\/avatar\/910fcf6728fe95320e07a6643c1581fec1c7fc4bf8ae12e3d8f0d0373dc844be?s=96&d=mm&r=g","url":"https:\/\/secure.gravatar.com\/avatar\/910fcf6728fe95320e07a6643c1581fec1c7fc4bf8ae12e3d8f0d0373dc844be?s=96&d=mm&r=g","contentUrl":"https:\/\/secure.gravatar.com\/avatar\/910fcf6728fe95320e07a6643c1581fec1c7fc4bf8ae12e3d8f0d0373dc844be?s=96&d=mm&r=g","caption":"Jorge Mi\u00f1o"},"sameAs":["http:\/\/radioinfinitagoya.com.ar"]}]}},"_links":{"self":[{"href":"https:\/\/radioinfinitagoya.com.ar\/v1\/wp-json\/wp\/v2\/posts\/191462","targetHints":{"allow":["GET"]}}],"collection":[{"href":"https:\/\/radioinfinitagoya.com.ar\/v1\/wp-json\/wp\/v2\/posts"}],"about":[{"href":"https:\/\/radioinfinitagoya.com.ar\/v1\/wp-json\/wp\/v2\/types\/post"}],"author":[{"embeddable":true,"href":"https:\/\/radioinfinitagoya.com.ar\/v1\/wp-json\/wp\/v2\/users\/4"}],"replies":[{"embeddable":true,"href":"https:\/\/radioinfinitagoya.com.ar\/v1\/wp-json\/wp\/v2\/comments?post=191462"}],"version-history":[{"count":0,"href":"https:\/\/radioinfinitagoya.com.ar\/v1\/wp-json\/wp\/v2\/posts\/191462\/revisions"}],"wp:featuredmedia":[{"embeddable":true,"href":"https:\/\/radioinfinitagoya.com.ar\/v1\/wp-json\/wp\/v2\/media\/191464"}],"wp:attachment":[{"href":"https:\/\/radioinfinitagoya.com.ar\/v1\/wp-json\/wp\/v2\/media?parent=191462"}],"wp:term":[{"taxonomy":"category","embeddable":true,"href":"https:\/\/radioinfinitagoya.com.ar\/v1\/wp-json\/wp\/v2\/categories?post=191462"},{"taxonomy":"post_tag","embeddable":true,"href":"https:\/\/radioinfinitagoya.com.ar\/v1\/wp-json\/wp\/v2\/tags?post=191462"}],"curies":[{"name":"wp","href":"https:\/\/api.w.org\/{rel}","templated":true}]}}