{"id":191471,"date":"2025-06-15T19:17:50","date_gmt":"2025-06-15T22:17:50","guid":{"rendered":"https:\/\/radioinfinitagoya.com.ar\/v1\/?p=191471"},"modified":"2025-06-15T19:17:50","modified_gmt":"2025-06-15T22:17:50","slug":"inspeccion-general-de-personas-juridicas","status":"publish","type":"post","link":"https:\/\/radioinfinitagoya.com.ar\/v1\/2025\/06\/15\/inspeccion-general-de-personas-juridicas\/","title":{"rendered":"Inspecci\u00f3n General de Personas Jur\u00eddicas"},"content":{"rendered":"<p>Entreg\u00f3 tr\u00e1mites varios a Entidades de la Ciudad<\/p>\n<p>El encuentro en Uni\u00f3n sirvi\u00f3 para la entrega de tr\u00e1mites a los asistentes que cuentan con gestiones en curso en la inspecci\u00f3n, tanto de bien p\u00fablico como de sociedades comerciales.<\/p>\n<p>Se destaca en esos tr\u00e1mites, la obtenci\u00f3n de la Personer\u00eda Jur\u00eddica de \u201cBrilla Mujer\u201d; Comparsa Tropical y La Pesca Variada Goya<\/p>\n<p>Entidades beneficiarias que recibieron sus respectivos tr\u00e1mites:<\/p>\n<p>COOPERADORA ESCUELA PROFESIONAL VALENT\u00cdN VIRASORO (Asamblea Ordinaria)<\/p>\n<p>CLUB DE LEONES DE GOYA (Asamblea Ordinaria)<\/p>\n<p>MEZA CRISTIAN FEDERICO (Reserva de Nombre)<\/p>\n<p>CENTRO SOCIAL Y DEPORTIVO JUVENTUD UNIDA (Asamblea Ordinaria)<\/p>\n<p>ASOCIACI\u00d3N CIVIL BELGRANIANA DE GOYA (Asamblea Ordinaria)<\/p>\n<p>CONGREGACI\u00d3N CRISTIANA DE GOYA (Asamblea Ordinaria)<\/p>\n<p>INSTITUTO DE LENGUAS MODERNAS SAINT PAUL (Asamblea Ordinaria)<\/p>\n<p>FUNDACI\u00d3N BRILLA MUJER GOYA (Personer\u00eda Jur\u00eddica)<\/p>\n<p>ASOCIACI\u00d3N CIVIL DE PESCA VARIADA GOYA (Personer\u00eda Jur\u00eddica)<\/p>\n<p>NAVARRO PEDRO (Reserva de Nombre)<\/p>\n<p>ASOCIACI\u00d3N CIVIL COMPARSA TROPICAL (Personer\u00eda Jur\u00eddica)<\/p>\n<p>ASOCIACI\u00d3N CIVIL SOCIEDAD ARGENTINA DE ESCRITORES GOYA (R\u00fabrica)<\/p>\n<p>CLUB SOCIAL Y DEPORTIVO MUNICIPAL (R\u00fabrica)<\/p>\n<p>Direcci\u00f3n de Prensa-Municipalidad de Goya<\/p>\n","protected":false},"excerpt":{"rendered":"<p>Entreg\u00f3 tr\u00e1mites varios a Entidades de la Ciudad El encuentro en Uni\u00f3n sirvi\u00f3 para la entrega de tr\u00e1mites a los asistentes que cuentan con gestiones en curso en la inspecci\u00f3n, tanto de bien p\u00fablico como de sociedades comerciales. Se destaca en esos tr\u00e1mites, la obtenci\u00f3n de la Personer\u00eda Jur\u00eddica de \u201cBrilla Mujer\u201d; Comparsa Tropical y [&hellip;]<\/p>\n","protected":false},"author":4,"featured_media":191472,"comment_status":"closed","ping_status":"closed","sticky":false,"template":"","format":"standard","meta":{"_joinchat":[],"footnotes":""},"categories":[27],"tags":[],"class_list":{"0":"post-191471","1":"post","2":"type-post","3":"status-publish","4":"format-standard","5":"has-post-thumbnail","7":"category-locales"},"yoast_head":"<!-- This site is optimized with the Yoast SEO plugin v27.2 - https:\/\/yoast.com\/product\/yoast-seo-wordpress\/ -->\n<title>Inspecci\u00f3n General de Personas Jur\u00eddicas - Radio Infinita Goya<\/title>\n<meta name=\"description\" content=\"Entreg\u00f3 tr\u00e1mites varios a Entidades de la Ciudad El encuentro en Uni\u00f3n sirvi\u00f3 para la entrega de tr\u00e1mites a los asistentes que cuentan con gestiones en\" \/>\n<meta name=\"robots\" content=\"index, follow, max-snippet:-1, max-image-preview:large, max-video-preview:-1\" \/>\n<link rel=\"canonical\" href=\"https:\/\/radioinfinitagoya.com.ar\/v1\/2025\/06\/15\/inspeccion-general-de-personas-juridicas\/\" \/>\n<meta property=\"og:locale\" content=\"es_ES\" \/>\n<meta property=\"og:type\" content=\"article\" \/>\n<meta property=\"og:title\" content=\"Inspecci\u00f3n General de Personas Jur\u00eddicas - Radio Infinita Goya\" \/>\n<meta property=\"og:description\" content=\"Entreg\u00f3 tr\u00e1mites varios a Entidades de la Ciudad El encuentro en Uni\u00f3n sirvi\u00f3 para la entrega de tr\u00e1mites a los asistentes que cuentan con gestiones en\" \/>\n<meta property=\"og:url\" content=\"https:\/\/radioinfinitagoya.com.ar\/v1\/2025\/06\/15\/inspeccion-general-de-personas-juridicas\/\" \/>\n<meta property=\"og:site_name\" content=\"Radio Infinita Goya\" \/>\n<meta property=\"article:publisher\" content=\"https:\/\/www.facebook.com\/p\/Infinita-Goya-100063870918311\/\" \/>\n<meta property=\"article:published_time\" content=\"2025-06-15T22:17:50+00:00\" \/>\n<meta property=\"og:image\" content=\"https:\/\/radioinfinitagoya.com.ar\/v1\/wp-content\/uploads\/2025\/06\/personeria_juridica_capacitacion_en_goya_1.jpg\" \/>\n\t<meta property=\"og:image:width\" content=\"848\" \/>\n\t<meta property=\"og:image:height\" content=\"477\" \/>\n\t<meta property=\"og:image:type\" content=\"image\/jpeg\" \/>\n<meta name=\"author\" content=\"Jorge Mi\u00f1o\" \/>\n<meta name=\"twitter:card\" content=\"summary_large_image\" \/>\n<meta name=\"twitter:label1\" content=\"Escrito por\" \/>\n\t<meta name=\"twitter:data1\" content=\"Jorge Mi\u00f1o\" \/>\n\t<meta name=\"twitter:label2\" content=\"Tiempo de lectura\" \/>\n\t<meta name=\"twitter:data2\" content=\"1 minuto\" \/>\n<script type=\"application\/ld+json\" class=\"yoast-schema-graph\">{\"@context\":\"https:\/\/schema.org\",\"@graph\":[{\"@type\":\"Article\",\"@id\":\"https:\/\/radioinfinitagoya.com.ar\/v1\/2025\/06\/15\/inspeccion-general-de-personas-juridicas\/#article\",\"isPartOf\":{\"@id\":\"https:\/\/radioinfinitagoya.com.ar\/v1\/2025\/06\/15\/inspeccion-general-de-personas-juridicas\/\"},\"author\":{\"name\":\"Jorge Mi\u00f1o\",\"@id\":\"https:\/\/radioinfinitagoya.com.ar\/v1\/#\/schema\/person\/d4cf9c413d4f6edb24aabdccab49ca4a\"},\"headline\":\"Inspecci\u00f3n General de Personas Jur\u00eddicas\",\"datePublished\":\"2025-06-15T22:17:50+00:00\",\"mainEntityOfPage\":{\"@id\":\"https:\/\/radioinfinitagoya.com.ar\/v1\/2025\/06\/15\/inspeccion-general-de-personas-juridicas\/\"},\"wordCount\":192,\"publisher\":{\"@id\":\"https:\/\/radioinfinitagoya.com.ar\/v1\/#organization\"},\"image\":{\"@id\":\"https:\/\/radioinfinitagoya.com.ar\/v1\/2025\/06\/15\/inspeccion-general-de-personas-juridicas\/#primaryimage\"},\"thumbnailUrl\":\"https:\/\/radioinfinitagoya.com.ar\/v1\/wp-content\/uploads\/2025\/06\/personeria_juridica_capacitacion_en_goya_1.jpg\",\"articleSection\":[\"LOCALES\"],\"inLanguage\":\"es-AR\"},{\"@type\":\"WebPage\",\"@id\":\"https:\/\/radioinfinitagoya.com.ar\/v1\/2025\/06\/15\/inspeccion-general-de-personas-juridicas\/\",\"url\":\"https:\/\/radioinfinitagoya.com.ar\/v1\/2025\/06\/15\/inspeccion-general-de-personas-juridicas\/\",\"name\":\"Inspecci\u00f3n General de Personas Jur\u00eddicas - Radio Infinita Goya\",\"isPartOf\":{\"@id\":\"https:\/\/radioinfinitagoya.com.ar\/v1\/#website\"},\"primaryImageOfPage\":{\"@id\":\"https:\/\/radioinfinitagoya.com.ar\/v1\/2025\/06\/15\/inspeccion-general-de-personas-juridicas\/#primaryimage\"},\"image\":{\"@id\":\"https:\/\/radioinfinitagoya.com.ar\/v1\/2025\/06\/15\/inspeccion-general-de-personas-juridicas\/#primaryimage\"},\"thumbnailUrl\":\"https:\/\/radioinfinitagoya.com.ar\/v1\/wp-content\/uploads\/2025\/06\/personeria_juridica_capacitacion_en_goya_1.jpg\",\"datePublished\":\"2025-06-15T22:17:50+00:00\",\"description\":\"Entreg\u00f3 tr\u00e1mites varios a Entidades de la Ciudad El encuentro en Uni\u00f3n sirvi\u00f3 para la entrega de tr\u00e1mites a los asistentes que cuentan con gestiones en\",\"breadcrumb\":{\"@id\":\"https:\/\/radioinfinitagoya.com.ar\/v1\/2025\/06\/15\/inspeccion-general-de-personas-juridicas\/#breadcrumb\"},\"inLanguage\":\"es-AR\",\"potentialAction\":[{\"@type\":\"ReadAction\",\"target\":[\"https:\/\/radioinfinitagoya.com.ar\/v1\/2025\/06\/15\/inspeccion-general-de-personas-juridicas\/\"]}]},{\"@type\":\"ImageObject\",\"inLanguage\":\"es-AR\",\"@id\":\"https:\/\/radioinfinitagoya.com.ar\/v1\/2025\/06\/15\/inspeccion-general-de-personas-juridicas\/#primaryimage\",\"url\":\"https:\/\/radioinfinitagoya.com.ar\/v1\/wp-content\/uploads\/2025\/06\/personeria_juridica_capacitacion_en_goya_1.jpg\",\"contentUrl\":\"https:\/\/radioinfinitagoya.com.ar\/v1\/wp-content\/uploads\/2025\/06\/personeria_juridica_capacitacion_en_goya_1.jpg\",\"width\":848,\"height\":477},{\"@type\":\"BreadcrumbList\",\"@id\":\"https:\/\/radioinfinitagoya.com.ar\/v1\/2025\/06\/15\/inspeccion-general-de-personas-juridicas\/#breadcrumb\",\"itemListElement\":[{\"@type\":\"ListItem\",\"position\":1,\"name\":\"Inicio\",\"item\":\"https:\/\/radioinfinitagoya.com.ar\/v1\/\"},{\"@type\":\"ListItem\",\"position\":2,\"name\":\"Inspecci\u00f3n General de Personas Jur\u00eddicas\"}]},{\"@type\":\"WebSite\",\"@id\":\"https:\/\/radioinfinitagoya.com.ar\/v1\/#website\",\"url\":\"https:\/\/radioinfinitagoya.com.ar\/v1\/\",\"name\":\"radioinfinitagoya.com.ar\",\"description\":\"Radio de noticias\",\"publisher\":{\"@id\":\"https:\/\/radioinfinitagoya.com.ar\/v1\/#organization\"},\"potentialAction\":[{\"@type\":\"SearchAction\",\"target\":{\"@type\":\"EntryPoint\",\"urlTemplate\":\"https:\/\/radioinfinitagoya.com.ar\/v1\/?s={search_term_string}\"},\"query-input\":{\"@type\":\"PropertyValueSpecification\",\"valueRequired\":true,\"valueName\":\"search_term_string\"}}],\"inLanguage\":\"es-AR\"},{\"@type\":\"Organization\",\"@id\":\"https:\/\/radioinfinitagoya.com.ar\/v1\/#organization\",\"name\":\"Radio Infinita Goya\",\"url\":\"https:\/\/radioinfinitagoya.com.ar\/v1\/\",\"logo\":{\"@type\":\"ImageObject\",\"inLanguage\":\"es-AR\",\"@id\":\"https:\/\/radioinfinitagoya.com.ar\/v1\/#\/schema\/logo\/image\/\",\"url\":\"https:\/\/radioinfinitagoya.com.ar\/v1\/wp-content\/uploads\/2019\/11\/logo-pie-web.png\",\"contentUrl\":\"https:\/\/radioinfinitagoya.com.ar\/v1\/wp-content\/uploads\/2019\/11\/logo-pie-web.png\",\"width\":635,\"height\":326,\"caption\":\"Radio Infinita Goya\"},\"image\":{\"@id\":\"https:\/\/radioinfinitagoya.com.ar\/v1\/#\/schema\/logo\/image\/\"},\"sameAs\":[\"https:\/\/www.facebook.com\/p\/Infinita-Goya-100063870918311\/\"]},{\"@type\":\"Person\",\"@id\":\"https:\/\/radioinfinitagoya.com.ar\/v1\/#\/schema\/person\/d4cf9c413d4f6edb24aabdccab49ca4a\",\"name\":\"Jorge Mi\u00f1o\",\"image\":{\"@type\":\"ImageObject\",\"inLanguage\":\"es-AR\",\"@id\":\"https:\/\/secure.gravatar.com\/avatar\/910fcf6728fe95320e07a6643c1581fec1c7fc4bf8ae12e3d8f0d0373dc844be?s=96&d=mm&r=g\",\"url\":\"https:\/\/secure.gravatar.com\/avatar\/910fcf6728fe95320e07a6643c1581fec1c7fc4bf8ae12e3d8f0d0373dc844be?s=96&d=mm&r=g\",\"contentUrl\":\"https:\/\/secure.gravatar.com\/avatar\/910fcf6728fe95320e07a6643c1581fec1c7fc4bf8ae12e3d8f0d0373dc844be?s=96&d=mm&r=g\",\"caption\":\"Jorge Mi\u00f1o\"},\"sameAs\":[\"http:\/\/radioinfinitagoya.com.ar\"]}]}<\/script>\n<!-- \/ Yoast SEO plugin. -->","yoast_head_json":{"title":"Inspecci\u00f3n General de Personas Jur\u00eddicas - Radio Infinita Goya","description":"Entreg\u00f3 tr\u00e1mites varios a Entidades de la Ciudad El encuentro en Uni\u00f3n sirvi\u00f3 para la entrega de tr\u00e1mites a los asistentes que cuentan con gestiones en","robots":{"index":"index","follow":"follow","max-snippet":"max-snippet:-1","max-image-preview":"max-image-preview:large","max-video-preview":"max-video-preview:-1"},"canonical":"https:\/\/radioinfinitagoya.com.ar\/v1\/2025\/06\/15\/inspeccion-general-de-personas-juridicas\/","og_locale":"es_ES","og_type":"article","og_title":"Inspecci\u00f3n General de Personas Jur\u00eddicas - Radio Infinita Goya","og_description":"Entreg\u00f3 tr\u00e1mites varios a Entidades de la Ciudad El encuentro en Uni\u00f3n sirvi\u00f3 para la entrega de tr\u00e1mites a los asistentes que cuentan con gestiones en","og_url":"https:\/\/radioinfinitagoya.com.ar\/v1\/2025\/06\/15\/inspeccion-general-de-personas-juridicas\/","og_site_name":"Radio Infinita Goya","article_publisher":"https:\/\/www.facebook.com\/p\/Infinita-Goya-100063870918311\/","article_published_time":"2025-06-15T22:17:50+00:00","og_image":[{"width":848,"height":477,"url":"https:\/\/radioinfinitagoya.com.ar\/v1\/wp-content\/uploads\/2025\/06\/personeria_juridica_capacitacion_en_goya_1.jpg","type":"image\/jpeg"}],"author":"Jorge Mi\u00f1o","twitter_card":"summary_large_image","twitter_misc":{"Escrito por":"Jorge Mi\u00f1o","Tiempo de lectura":"1 minuto"},"schema":{"@context":"https:\/\/schema.org","@graph":[{"@type":"Article","@id":"https:\/\/radioinfinitagoya.com.ar\/v1\/2025\/06\/15\/inspeccion-general-de-personas-juridicas\/#article","isPartOf":{"@id":"https:\/\/radioinfinitagoya.com.ar\/v1\/2025\/06\/15\/inspeccion-general-de-personas-juridicas\/"},"author":{"name":"Jorge Mi\u00f1o","@id":"https:\/\/radioinfinitagoya.com.ar\/v1\/#\/schema\/person\/d4cf9c413d4f6edb24aabdccab49ca4a"},"headline":"Inspecci\u00f3n General de Personas Jur\u00eddicas","datePublished":"2025-06-15T22:17:50+00:00","mainEntityOfPage":{"@id":"https:\/\/radioinfinitagoya.com.ar\/v1\/2025\/06\/15\/inspeccion-general-de-personas-juridicas\/"},"wordCount":192,"publisher":{"@id":"https:\/\/radioinfinitagoya.com.ar\/v1\/#organization"},"image":{"@id":"https:\/\/radioinfinitagoya.com.ar\/v1\/2025\/06\/15\/inspeccion-general-de-personas-juridicas\/#primaryimage"},"thumbnailUrl":"https:\/\/radioinfinitagoya.com.ar\/v1\/wp-content\/uploads\/2025\/06\/personeria_juridica_capacitacion_en_goya_1.jpg","articleSection":["LOCALES"],"inLanguage":"es-AR"},{"@type":"WebPage","@id":"https:\/\/radioinfinitagoya.com.ar\/v1\/2025\/06\/15\/inspeccion-general-de-personas-juridicas\/","url":"https:\/\/radioinfinitagoya.com.ar\/v1\/2025\/06\/15\/inspeccion-general-de-personas-juridicas\/","name":"Inspecci\u00f3n General de Personas Jur\u00eddicas - Radio Infinita Goya","isPartOf":{"@id":"https:\/\/radioinfinitagoya.com.ar\/v1\/#website"},"primaryImageOfPage":{"@id":"https:\/\/radioinfinitagoya.com.ar\/v1\/2025\/06\/15\/inspeccion-general-de-personas-juridicas\/#primaryimage"},"image":{"@id":"https:\/\/radioinfinitagoya.com.ar\/v1\/2025\/06\/15\/inspeccion-general-de-personas-juridicas\/#primaryimage"},"thumbnailUrl":"https:\/\/radioinfinitagoya.com.ar\/v1\/wp-content\/uploads\/2025\/06\/personeria_juridica_capacitacion_en_goya_1.jpg","datePublished":"2025-06-15T22:17:50+00:00","description":"Entreg\u00f3 tr\u00e1mites varios a Entidades de la Ciudad El encuentro en Uni\u00f3n sirvi\u00f3 para la entrega de tr\u00e1mites a los asistentes que cuentan con gestiones en","breadcrumb":{"@id":"https:\/\/radioinfinitagoya.com.ar\/v1\/2025\/06\/15\/inspeccion-general-de-personas-juridicas\/#breadcrumb"},"inLanguage":"es-AR","potentialAction":[{"@type":"ReadAction","target":["https:\/\/radioinfinitagoya.com.ar\/v1\/2025\/06\/15\/inspeccion-general-de-personas-juridicas\/"]}]},{"@type":"ImageObject","inLanguage":"es-AR","@id":"https:\/\/radioinfinitagoya.com.ar\/v1\/2025\/06\/15\/inspeccion-general-de-personas-juridicas\/#primaryimage","url":"https:\/\/radioinfinitagoya.com.ar\/v1\/wp-content\/uploads\/2025\/06\/personeria_juridica_capacitacion_en_goya_1.jpg","contentUrl":"https:\/\/radioinfinitagoya.com.ar\/v1\/wp-content\/uploads\/2025\/06\/personeria_juridica_capacitacion_en_goya_1.jpg","width":848,"height":477},{"@type":"BreadcrumbList","@id":"https:\/\/radioinfinitagoya.com.ar\/v1\/2025\/06\/15\/inspeccion-general-de-personas-juridicas\/#breadcrumb","itemListElement":[{"@type":"ListItem","position":1,"name":"Inicio","item":"https:\/\/radioinfinitagoya.com.ar\/v1\/"},{"@type":"ListItem","position":2,"name":"Inspecci\u00f3n General de Personas Jur\u00eddicas"}]},{"@type":"WebSite","@id":"https:\/\/radioinfinitagoya.com.ar\/v1\/#website","url":"https:\/\/radioinfinitagoya.com.ar\/v1\/","name":"radioinfinitagoya.com.ar","description":"Radio de noticias","publisher":{"@id":"https:\/\/radioinfinitagoya.com.ar\/v1\/#organization"},"potentialAction":[{"@type":"SearchAction","target":{"@type":"EntryPoint","urlTemplate":"https:\/\/radioinfinitagoya.com.ar\/v1\/?s={search_term_string}"},"query-input":{"@type":"PropertyValueSpecification","valueRequired":true,"valueName":"search_term_string"}}],"inLanguage":"es-AR"},{"@type":"Organization","@id":"https:\/\/radioinfinitagoya.com.ar\/v1\/#organization","name":"Radio Infinita Goya","url":"https:\/\/radioinfinitagoya.com.ar\/v1\/","logo":{"@type":"ImageObject","inLanguage":"es-AR","@id":"https:\/\/radioinfinitagoya.com.ar\/v1\/#\/schema\/logo\/image\/","url":"https:\/\/radioinfinitagoya.com.ar\/v1\/wp-content\/uploads\/2019\/11\/logo-pie-web.png","contentUrl":"https:\/\/radioinfinitagoya.com.ar\/v1\/wp-content\/uploads\/2019\/11\/logo-pie-web.png","width":635,"height":326,"caption":"Radio Infinita Goya"},"image":{"@id":"https:\/\/radioinfinitagoya.com.ar\/v1\/#\/schema\/logo\/image\/"},"sameAs":["https:\/\/www.facebook.com\/p\/Infinita-Goya-100063870918311\/"]},{"@type":"Person","@id":"https:\/\/radioinfinitagoya.com.ar\/v1\/#\/schema\/person\/d4cf9c413d4f6edb24aabdccab49ca4a","name":"Jorge Mi\u00f1o","image":{"@type":"ImageObject","inLanguage":"es-AR","@id":"https:\/\/secure.gravatar.com\/avatar\/910fcf6728fe95320e07a6643c1581fec1c7fc4bf8ae12e3d8f0d0373dc844be?s=96&d=mm&r=g","url":"https:\/\/secure.gravatar.com\/avatar\/910fcf6728fe95320e07a6643c1581fec1c7fc4bf8ae12e3d8f0d0373dc844be?s=96&d=mm&r=g","contentUrl":"https:\/\/secure.gravatar.com\/avatar\/910fcf6728fe95320e07a6643c1581fec1c7fc4bf8ae12e3d8f0d0373dc844be?s=96&d=mm&r=g","caption":"Jorge Mi\u00f1o"},"sameAs":["http:\/\/radioinfinitagoya.com.ar"]}]}},"_links":{"self":[{"href":"https:\/\/radioinfinitagoya.com.ar\/v1\/wp-json\/wp\/v2\/posts\/191471","targetHints":{"allow":["GET"]}}],"collection":[{"href":"https:\/\/radioinfinitagoya.com.ar\/v1\/wp-json\/wp\/v2\/posts"}],"about":[{"href":"https:\/\/radioinfinitagoya.com.ar\/v1\/wp-json\/wp\/v2\/types\/post"}],"author":[{"embeddable":true,"href":"https:\/\/radioinfinitagoya.com.ar\/v1\/wp-json\/wp\/v2\/users\/4"}],"replies":[{"embeddable":true,"href":"https:\/\/radioinfinitagoya.com.ar\/v1\/wp-json\/wp\/v2\/comments?post=191471"}],"version-history":[{"count":0,"href":"https:\/\/radioinfinitagoya.com.ar\/v1\/wp-json\/wp\/v2\/posts\/191471\/revisions"}],"wp:featuredmedia":[{"embeddable":true,"href":"https:\/\/radioinfinitagoya.com.ar\/v1\/wp-json\/wp\/v2\/media\/191472"}],"wp:attachment":[{"href":"https:\/\/radioinfinitagoya.com.ar\/v1\/wp-json\/wp\/v2\/media?parent=191471"}],"wp:term":[{"taxonomy":"category","embeddable":true,"href":"https:\/\/radioinfinitagoya.com.ar\/v1\/wp-json\/wp\/v2\/categories?post=191471"},{"taxonomy":"post_tag","embeddable":true,"href":"https:\/\/radioinfinitagoya.com.ar\/v1\/wp-json\/wp\/v2\/tags?post=191471"}],"curies":[{"name":"wp","href":"https:\/\/api.w.org\/{rel}","templated":true}]}}