{"id":191479,"date":"2025-06-16T17:01:17","date_gmt":"2025-06-16T20:01:17","guid":{"rendered":"https:\/\/radioinfinitagoya.com.ar\/v1\/?p=191479"},"modified":"2025-06-16T17:01:17","modified_gmt":"2025-06-16T20:01:17","slug":"goya-fue-sede-de-una-competencia-nacional-de-ciclismo-luego-de-11-anos","status":"publish","type":"post","link":"https:\/\/radioinfinitagoya.com.ar\/v1\/2025\/06\/16\/goya-fue-sede-de-una-competencia-nacional-de-ciclismo-luego-de-11-anos\/","title":{"rendered":"Goya fue sede de una competencia nacional de ciclismo luego de 11 a\u00f1os"},"content":{"rendered":"<p>Se trata del Certamen Nacional en la categor\u00eda Infanto Juvenil, donde se presentaron delegaciones de diferentes provincias del pa\u00eds.<\/p>\n<p>La ciudad de Goya vivi\u00f3 el domingo una jornada nacional de ciclismo en el Vel\u00f3dromo Municipal \u201cLucho L\u00f3pez\u201d despu\u00e9s de 11 a\u00f1os.<\/p>\n<p>Atrav\u00e9s de la Direcci\u00f3n de Deportes de la ciudad, junto a la Comisi\u00f3n Nacional Infanto Juvenil, el domingo se realiz\u00f3 la segunda fecha del Certamen Nacional en la categor\u00eda Infanto Juvenil de ciclismo.<\/p>\n<p>Las actividades arrancaron a las 8.30 con cada una de las categor\u00edas programadas, donde estuvieron presentes las escuelas municipales de ciclismo de General Rodr\u00edguez de la provincia de Buenos Aires, de San Juan, La Rioja y Formosa. Adem\u00e1s, se presentaron equipos provenientes de Tucum\u00e1n, Chaco, Misiones y Corrientes. En total se super\u00f3 los 80 competidores que fueron protagonistas de esta fecha.<\/p>\n<p><img loading=\"lazy\" decoding=\"async\" class=\"alignnone size-full wp-image-191480\" src=\"https:\/\/radioinfinitagoya.com.ar\/v1\/wp-content\/uploads\/2025\/06\/1750077783801.jpg\" alt=\"\" width=\"807\" height=\"537\" srcset=\"https:\/\/radioinfinitagoya.com.ar\/v1\/wp-content\/uploads\/2025\/06\/1750077783801.jpg 807w, https:\/\/radioinfinitagoya.com.ar\/v1\/wp-content\/uploads\/2025\/06\/1750077783801-696x463.jpg 696w, https:\/\/radioinfinitagoya.com.ar\/v1\/wp-content\/uploads\/2025\/06\/1750077783801-631x420.jpg 631w\" sizes=\"auto, (max-width: 807px) 100vw, 807px\" \/><\/p>\n<p>Una vez terminadas las competencias de las categor\u00edas del Infanto Juvenil, con la premiaci\u00f3n correspondiente, se continu\u00f3 con las categor\u00edas Master y Elite, tras lo cual se procedi\u00f3 con la premiaci\u00f3n final.<\/p>\n<p><img loading=\"lazy\" decoding=\"async\" class=\"alignnone size-full wp-image-191481\" src=\"https:\/\/radioinfinitagoya.com.ar\/v1\/wp-content\/uploads\/2025\/06\/1750077786709.jpg\" alt=\"\" width=\"807\" height=\"537\" srcset=\"https:\/\/radioinfinitagoya.com.ar\/v1\/wp-content\/uploads\/2025\/06\/1750077786709.jpg 807w, https:\/\/radioinfinitagoya.com.ar\/v1\/wp-content\/uploads\/2025\/06\/1750077786709-696x463.jpg 696w, https:\/\/radioinfinitagoya.com.ar\/v1\/wp-content\/uploads\/2025\/06\/1750077786709-631x420.jpg 631w\" sizes=\"auto, (max-width: 807px) 100vw, 807px\" \/><\/p>\n<p>&nbsp;<\/p>\n","protected":false},"excerpt":{"rendered":"<p>Se trata del Certamen Nacional en la categor\u00eda Infanto Juvenil, donde se presentaron delegaciones de diferentes provincias del pa\u00eds. La ciudad de Goya vivi\u00f3 el domingo una jornada nacional de ciclismo en el Vel\u00f3dromo Municipal \u201cLucho L\u00f3pez\u201d despu\u00e9s de 11 a\u00f1os. Atrav\u00e9s de la Direcci\u00f3n de Deportes de la ciudad, junto a la Comisi\u00f3n Nacional [&hellip;]<\/p>\n","protected":false},"author":4,"featured_media":191482,"comment_status":"closed","ping_status":"closed","sticky":false,"template":"","format":"standard","meta":{"_joinchat":[],"footnotes":""},"categories":[28],"tags":[],"class_list":{"0":"post-191479","1":"post","2":"type-post","3":"status-publish","4":"format-standard","5":"has-post-thumbnail","7":"category-deportes"},"yoast_head":"<!-- This site is optimized with the Yoast SEO plugin v27.2 - https:\/\/yoast.com\/product\/yoast-seo-wordpress\/ -->\n<title>Goya fue sede de una competencia nacional de ciclismo luego de 11 a\u00f1os - Radio Infinita Goya<\/title>\n<meta name=\"description\" content=\"Se trata del Certamen Nacional en la categor\u00eda Infanto Juvenil, donde se presentaron delegaciones de diferentes provincias del pa\u00eds. La ciudad de Goya\" \/>\n<meta name=\"robots\" content=\"index, follow, max-snippet:-1, max-image-preview:large, max-video-preview:-1\" \/>\n<link rel=\"canonical\" href=\"https:\/\/radioinfinitagoya.com.ar\/v1\/2025\/06\/16\/goya-fue-sede-de-una-competencia-nacional-de-ciclismo-luego-de-11-anos\/\" \/>\n<meta property=\"og:locale\" content=\"es_ES\" \/>\n<meta property=\"og:type\" content=\"article\" \/>\n<meta property=\"og:title\" content=\"Goya fue sede de una competencia nacional de ciclismo luego de 11 a\u00f1os - Radio Infinita Goya\" \/>\n<meta property=\"og:description\" content=\"Se trata del Certamen Nacional en la categor\u00eda Infanto Juvenil, donde se presentaron delegaciones de diferentes provincias del pa\u00eds. La ciudad de Goya\" \/>\n<meta property=\"og:url\" content=\"https:\/\/radioinfinitagoya.com.ar\/v1\/2025\/06\/16\/goya-fue-sede-de-una-competencia-nacional-de-ciclismo-luego-de-11-anos\/\" \/>\n<meta property=\"og:site_name\" content=\"Radio Infinita Goya\" \/>\n<meta property=\"article:publisher\" content=\"https:\/\/www.facebook.com\/p\/Infinita-Goya-100063870918311\/\" \/>\n<meta property=\"article:published_time\" content=\"2025-06-16T20:01:17+00:00\" \/>\n<meta property=\"og:image\" content=\"https:\/\/radioinfinitagoya.com.ar\/v1\/wp-content\/uploads\/2025\/06\/1750077788529.jpg\" \/>\n\t<meta property=\"og:image:width\" content=\"807\" \/>\n\t<meta property=\"og:image:height\" content=\"537\" \/>\n\t<meta property=\"og:image:type\" content=\"image\/jpeg\" \/>\n<meta name=\"author\" content=\"Jorge Mi\u00f1o\" \/>\n<meta name=\"twitter:card\" content=\"summary_large_image\" \/>\n<meta name=\"twitter:label1\" content=\"Escrito por\" \/>\n\t<meta name=\"twitter:data1\" content=\"Jorge Mi\u00f1o\" \/>\n\t<meta name=\"twitter:label2\" content=\"Tiempo de lectura\" \/>\n\t<meta name=\"twitter:data2\" content=\"2 minutos\" \/>\n<script type=\"application\/ld+json\" class=\"yoast-schema-graph\">{\"@context\":\"https:\/\/schema.org\",\"@graph\":[{\"@type\":\"Article\",\"@id\":\"https:\/\/radioinfinitagoya.com.ar\/v1\/2025\/06\/16\/goya-fue-sede-de-una-competencia-nacional-de-ciclismo-luego-de-11-anos\/#article\",\"isPartOf\":{\"@id\":\"https:\/\/radioinfinitagoya.com.ar\/v1\/2025\/06\/16\/goya-fue-sede-de-una-competencia-nacional-de-ciclismo-luego-de-11-anos\/\"},\"author\":{\"name\":\"Jorge Mi\u00f1o\",\"@id\":\"https:\/\/radioinfinitagoya.com.ar\/v1\/#\/schema\/person\/d4cf9c413d4f6edb24aabdccab49ca4a\"},\"headline\":\"Goya fue sede de una competencia nacional de ciclismo luego de 11 a\u00f1os\",\"datePublished\":\"2025-06-16T20:01:17+00:00\",\"mainEntityOfPage\":{\"@id\":\"https:\/\/radioinfinitagoya.com.ar\/v1\/2025\/06\/16\/goya-fue-sede-de-una-competencia-nacional-de-ciclismo-luego-de-11-anos\/\"},\"wordCount\":196,\"publisher\":{\"@id\":\"https:\/\/radioinfinitagoya.com.ar\/v1\/#organization\"},\"image\":{\"@id\":\"https:\/\/radioinfinitagoya.com.ar\/v1\/2025\/06\/16\/goya-fue-sede-de-una-competencia-nacional-de-ciclismo-luego-de-11-anos\/#primaryimage\"},\"thumbnailUrl\":\"https:\/\/radioinfinitagoya.com.ar\/v1\/wp-content\/uploads\/2025\/06\/1750077788529.jpg\",\"articleSection\":[\"DEPORTES\"],\"inLanguage\":\"es-AR\"},{\"@type\":\"WebPage\",\"@id\":\"https:\/\/radioinfinitagoya.com.ar\/v1\/2025\/06\/16\/goya-fue-sede-de-una-competencia-nacional-de-ciclismo-luego-de-11-anos\/\",\"url\":\"https:\/\/radioinfinitagoya.com.ar\/v1\/2025\/06\/16\/goya-fue-sede-de-una-competencia-nacional-de-ciclismo-luego-de-11-anos\/\",\"name\":\"Goya fue sede de una competencia nacional de ciclismo luego de 11 a\u00f1os - Radio Infinita Goya\",\"isPartOf\":{\"@id\":\"https:\/\/radioinfinitagoya.com.ar\/v1\/#website\"},\"primaryImageOfPage\":{\"@id\":\"https:\/\/radioinfinitagoya.com.ar\/v1\/2025\/06\/16\/goya-fue-sede-de-una-competencia-nacional-de-ciclismo-luego-de-11-anos\/#primaryimage\"},\"image\":{\"@id\":\"https:\/\/radioinfinitagoya.com.ar\/v1\/2025\/06\/16\/goya-fue-sede-de-una-competencia-nacional-de-ciclismo-luego-de-11-anos\/#primaryimage\"},\"thumbnailUrl\":\"https:\/\/radioinfinitagoya.com.ar\/v1\/wp-content\/uploads\/2025\/06\/1750077788529.jpg\",\"datePublished\":\"2025-06-16T20:01:17+00:00\",\"description\":\"Se trata del Certamen Nacional en la categor\u00eda Infanto Juvenil, donde se presentaron delegaciones de diferentes provincias del pa\u00eds. La ciudad de Goya\",\"breadcrumb\":{\"@id\":\"https:\/\/radioinfinitagoya.com.ar\/v1\/2025\/06\/16\/goya-fue-sede-de-una-competencia-nacional-de-ciclismo-luego-de-11-anos\/#breadcrumb\"},\"inLanguage\":\"es-AR\",\"potentialAction\":[{\"@type\":\"ReadAction\",\"target\":[\"https:\/\/radioinfinitagoya.com.ar\/v1\/2025\/06\/16\/goya-fue-sede-de-una-competencia-nacional-de-ciclismo-luego-de-11-anos\/\"]}]},{\"@type\":\"ImageObject\",\"inLanguage\":\"es-AR\",\"@id\":\"https:\/\/radioinfinitagoya.com.ar\/v1\/2025\/06\/16\/goya-fue-sede-de-una-competencia-nacional-de-ciclismo-luego-de-11-anos\/#primaryimage\",\"url\":\"https:\/\/radioinfinitagoya.com.ar\/v1\/wp-content\/uploads\/2025\/06\/1750077788529.jpg\",\"contentUrl\":\"https:\/\/radioinfinitagoya.com.ar\/v1\/wp-content\/uploads\/2025\/06\/1750077788529.jpg\",\"width\":807,\"height\":537},{\"@type\":\"BreadcrumbList\",\"@id\":\"https:\/\/radioinfinitagoya.com.ar\/v1\/2025\/06\/16\/goya-fue-sede-de-una-competencia-nacional-de-ciclismo-luego-de-11-anos\/#breadcrumb\",\"itemListElement\":[{\"@type\":\"ListItem\",\"position\":1,\"name\":\"Inicio\",\"item\":\"https:\/\/radioinfinitagoya.com.ar\/v1\/\"},{\"@type\":\"ListItem\",\"position\":2,\"name\":\"Goya fue sede de una competencia nacional de ciclismo luego de 11 a\u00f1os\"}]},{\"@type\":\"WebSite\",\"@id\":\"https:\/\/radioinfinitagoya.com.ar\/v1\/#website\",\"url\":\"https:\/\/radioinfinitagoya.com.ar\/v1\/\",\"name\":\"radioinfinitagoya.com.ar\",\"description\":\"Radio de noticias\",\"publisher\":{\"@id\":\"https:\/\/radioinfinitagoya.com.ar\/v1\/#organization\"},\"potentialAction\":[{\"@type\":\"SearchAction\",\"target\":{\"@type\":\"EntryPoint\",\"urlTemplate\":\"https:\/\/radioinfinitagoya.com.ar\/v1\/?s={search_term_string}\"},\"query-input\":{\"@type\":\"PropertyValueSpecification\",\"valueRequired\":true,\"valueName\":\"search_term_string\"}}],\"inLanguage\":\"es-AR\"},{\"@type\":\"Organization\",\"@id\":\"https:\/\/radioinfinitagoya.com.ar\/v1\/#organization\",\"name\":\"Radio Infinita Goya\",\"url\":\"https:\/\/radioinfinitagoya.com.ar\/v1\/\",\"logo\":{\"@type\":\"ImageObject\",\"inLanguage\":\"es-AR\",\"@id\":\"https:\/\/radioinfinitagoya.com.ar\/v1\/#\/schema\/logo\/image\/\",\"url\":\"https:\/\/radioinfinitagoya.com.ar\/v1\/wp-content\/uploads\/2019\/11\/logo-pie-web.png\",\"contentUrl\":\"https:\/\/radioinfinitagoya.com.ar\/v1\/wp-content\/uploads\/2019\/11\/logo-pie-web.png\",\"width\":635,\"height\":326,\"caption\":\"Radio Infinita Goya\"},\"image\":{\"@id\":\"https:\/\/radioinfinitagoya.com.ar\/v1\/#\/schema\/logo\/image\/\"},\"sameAs\":[\"https:\/\/www.facebook.com\/p\/Infinita-Goya-100063870918311\/\"]},{\"@type\":\"Person\",\"@id\":\"https:\/\/radioinfinitagoya.com.ar\/v1\/#\/schema\/person\/d4cf9c413d4f6edb24aabdccab49ca4a\",\"name\":\"Jorge Mi\u00f1o\",\"image\":{\"@type\":\"ImageObject\",\"inLanguage\":\"es-AR\",\"@id\":\"https:\/\/secure.gravatar.com\/avatar\/910fcf6728fe95320e07a6643c1581fec1c7fc4bf8ae12e3d8f0d0373dc844be?s=96&d=mm&r=g\",\"url\":\"https:\/\/secure.gravatar.com\/avatar\/910fcf6728fe95320e07a6643c1581fec1c7fc4bf8ae12e3d8f0d0373dc844be?s=96&d=mm&r=g\",\"contentUrl\":\"https:\/\/secure.gravatar.com\/avatar\/910fcf6728fe95320e07a6643c1581fec1c7fc4bf8ae12e3d8f0d0373dc844be?s=96&d=mm&r=g\",\"caption\":\"Jorge Mi\u00f1o\"},\"sameAs\":[\"http:\/\/radioinfinitagoya.com.ar\"]}]}<\/script>\n<!-- \/ Yoast SEO plugin. -->","yoast_head_json":{"title":"Goya fue sede de una competencia nacional de ciclismo luego de 11 a\u00f1os - Radio Infinita Goya","description":"Se trata del Certamen Nacional en la categor\u00eda Infanto Juvenil, donde se presentaron delegaciones de diferentes provincias del pa\u00eds. La ciudad de Goya","robots":{"index":"index","follow":"follow","max-snippet":"max-snippet:-1","max-image-preview":"max-image-preview:large","max-video-preview":"max-video-preview:-1"},"canonical":"https:\/\/radioinfinitagoya.com.ar\/v1\/2025\/06\/16\/goya-fue-sede-de-una-competencia-nacional-de-ciclismo-luego-de-11-anos\/","og_locale":"es_ES","og_type":"article","og_title":"Goya fue sede de una competencia nacional de ciclismo luego de 11 a\u00f1os - Radio Infinita Goya","og_description":"Se trata del Certamen Nacional en la categor\u00eda Infanto Juvenil, donde se presentaron delegaciones de diferentes provincias del pa\u00eds. La ciudad de Goya","og_url":"https:\/\/radioinfinitagoya.com.ar\/v1\/2025\/06\/16\/goya-fue-sede-de-una-competencia-nacional-de-ciclismo-luego-de-11-anos\/","og_site_name":"Radio Infinita Goya","article_publisher":"https:\/\/www.facebook.com\/p\/Infinita-Goya-100063870918311\/","article_published_time":"2025-06-16T20:01:17+00:00","og_image":[{"width":807,"height":537,"url":"https:\/\/radioinfinitagoya.com.ar\/v1\/wp-content\/uploads\/2025\/06\/1750077788529.jpg","type":"image\/jpeg"}],"author":"Jorge Mi\u00f1o","twitter_card":"summary_large_image","twitter_misc":{"Escrito por":"Jorge Mi\u00f1o","Tiempo de lectura":"2 minutos"},"schema":{"@context":"https:\/\/schema.org","@graph":[{"@type":"Article","@id":"https:\/\/radioinfinitagoya.com.ar\/v1\/2025\/06\/16\/goya-fue-sede-de-una-competencia-nacional-de-ciclismo-luego-de-11-anos\/#article","isPartOf":{"@id":"https:\/\/radioinfinitagoya.com.ar\/v1\/2025\/06\/16\/goya-fue-sede-de-una-competencia-nacional-de-ciclismo-luego-de-11-anos\/"},"author":{"name":"Jorge Mi\u00f1o","@id":"https:\/\/radioinfinitagoya.com.ar\/v1\/#\/schema\/person\/d4cf9c413d4f6edb24aabdccab49ca4a"},"headline":"Goya fue sede de una competencia nacional de ciclismo luego de 11 a\u00f1os","datePublished":"2025-06-16T20:01:17+00:00","mainEntityOfPage":{"@id":"https:\/\/radioinfinitagoya.com.ar\/v1\/2025\/06\/16\/goya-fue-sede-de-una-competencia-nacional-de-ciclismo-luego-de-11-anos\/"},"wordCount":196,"publisher":{"@id":"https:\/\/radioinfinitagoya.com.ar\/v1\/#organization"},"image":{"@id":"https:\/\/radioinfinitagoya.com.ar\/v1\/2025\/06\/16\/goya-fue-sede-de-una-competencia-nacional-de-ciclismo-luego-de-11-anos\/#primaryimage"},"thumbnailUrl":"https:\/\/radioinfinitagoya.com.ar\/v1\/wp-content\/uploads\/2025\/06\/1750077788529.jpg","articleSection":["DEPORTES"],"inLanguage":"es-AR"},{"@type":"WebPage","@id":"https:\/\/radioinfinitagoya.com.ar\/v1\/2025\/06\/16\/goya-fue-sede-de-una-competencia-nacional-de-ciclismo-luego-de-11-anos\/","url":"https:\/\/radioinfinitagoya.com.ar\/v1\/2025\/06\/16\/goya-fue-sede-de-una-competencia-nacional-de-ciclismo-luego-de-11-anos\/","name":"Goya fue sede de una competencia nacional de ciclismo luego de 11 a\u00f1os - Radio Infinita Goya","isPartOf":{"@id":"https:\/\/radioinfinitagoya.com.ar\/v1\/#website"},"primaryImageOfPage":{"@id":"https:\/\/radioinfinitagoya.com.ar\/v1\/2025\/06\/16\/goya-fue-sede-de-una-competencia-nacional-de-ciclismo-luego-de-11-anos\/#primaryimage"},"image":{"@id":"https:\/\/radioinfinitagoya.com.ar\/v1\/2025\/06\/16\/goya-fue-sede-de-una-competencia-nacional-de-ciclismo-luego-de-11-anos\/#primaryimage"},"thumbnailUrl":"https:\/\/radioinfinitagoya.com.ar\/v1\/wp-content\/uploads\/2025\/06\/1750077788529.jpg","datePublished":"2025-06-16T20:01:17+00:00","description":"Se trata del Certamen Nacional en la categor\u00eda Infanto Juvenil, donde se presentaron delegaciones de diferentes provincias del pa\u00eds. La ciudad de Goya","breadcrumb":{"@id":"https:\/\/radioinfinitagoya.com.ar\/v1\/2025\/06\/16\/goya-fue-sede-de-una-competencia-nacional-de-ciclismo-luego-de-11-anos\/#breadcrumb"},"inLanguage":"es-AR","potentialAction":[{"@type":"ReadAction","target":["https:\/\/radioinfinitagoya.com.ar\/v1\/2025\/06\/16\/goya-fue-sede-de-una-competencia-nacional-de-ciclismo-luego-de-11-anos\/"]}]},{"@type":"ImageObject","inLanguage":"es-AR","@id":"https:\/\/radioinfinitagoya.com.ar\/v1\/2025\/06\/16\/goya-fue-sede-de-una-competencia-nacional-de-ciclismo-luego-de-11-anos\/#primaryimage","url":"https:\/\/radioinfinitagoya.com.ar\/v1\/wp-content\/uploads\/2025\/06\/1750077788529.jpg","contentUrl":"https:\/\/radioinfinitagoya.com.ar\/v1\/wp-content\/uploads\/2025\/06\/1750077788529.jpg","width":807,"height":537},{"@type":"BreadcrumbList","@id":"https:\/\/radioinfinitagoya.com.ar\/v1\/2025\/06\/16\/goya-fue-sede-de-una-competencia-nacional-de-ciclismo-luego-de-11-anos\/#breadcrumb","itemListElement":[{"@type":"ListItem","position":1,"name":"Inicio","item":"https:\/\/radioinfinitagoya.com.ar\/v1\/"},{"@type":"ListItem","position":2,"name":"Goya fue sede de una competencia nacional de ciclismo luego de 11 a\u00f1os"}]},{"@type":"WebSite","@id":"https:\/\/radioinfinitagoya.com.ar\/v1\/#website","url":"https:\/\/radioinfinitagoya.com.ar\/v1\/","name":"radioinfinitagoya.com.ar","description":"Radio de noticias","publisher":{"@id":"https:\/\/radioinfinitagoya.com.ar\/v1\/#organization"},"potentialAction":[{"@type":"SearchAction","target":{"@type":"EntryPoint","urlTemplate":"https:\/\/radioinfinitagoya.com.ar\/v1\/?s={search_term_string}"},"query-input":{"@type":"PropertyValueSpecification","valueRequired":true,"valueName":"search_term_string"}}],"inLanguage":"es-AR"},{"@type":"Organization","@id":"https:\/\/radioinfinitagoya.com.ar\/v1\/#organization","name":"Radio Infinita Goya","url":"https:\/\/radioinfinitagoya.com.ar\/v1\/","logo":{"@type":"ImageObject","inLanguage":"es-AR","@id":"https:\/\/radioinfinitagoya.com.ar\/v1\/#\/schema\/logo\/image\/","url":"https:\/\/radioinfinitagoya.com.ar\/v1\/wp-content\/uploads\/2019\/11\/logo-pie-web.png","contentUrl":"https:\/\/radioinfinitagoya.com.ar\/v1\/wp-content\/uploads\/2019\/11\/logo-pie-web.png","width":635,"height":326,"caption":"Radio Infinita Goya"},"image":{"@id":"https:\/\/radioinfinitagoya.com.ar\/v1\/#\/schema\/logo\/image\/"},"sameAs":["https:\/\/www.facebook.com\/p\/Infinita-Goya-100063870918311\/"]},{"@type":"Person","@id":"https:\/\/radioinfinitagoya.com.ar\/v1\/#\/schema\/person\/d4cf9c413d4f6edb24aabdccab49ca4a","name":"Jorge Mi\u00f1o","image":{"@type":"ImageObject","inLanguage":"es-AR","@id":"https:\/\/secure.gravatar.com\/avatar\/910fcf6728fe95320e07a6643c1581fec1c7fc4bf8ae12e3d8f0d0373dc844be?s=96&d=mm&r=g","url":"https:\/\/secure.gravatar.com\/avatar\/910fcf6728fe95320e07a6643c1581fec1c7fc4bf8ae12e3d8f0d0373dc844be?s=96&d=mm&r=g","contentUrl":"https:\/\/secure.gravatar.com\/avatar\/910fcf6728fe95320e07a6643c1581fec1c7fc4bf8ae12e3d8f0d0373dc844be?s=96&d=mm&r=g","caption":"Jorge Mi\u00f1o"},"sameAs":["http:\/\/radioinfinitagoya.com.ar"]}]}},"_links":{"self":[{"href":"https:\/\/radioinfinitagoya.com.ar\/v1\/wp-json\/wp\/v2\/posts\/191479","targetHints":{"allow":["GET"]}}],"collection":[{"href":"https:\/\/radioinfinitagoya.com.ar\/v1\/wp-json\/wp\/v2\/posts"}],"about":[{"href":"https:\/\/radioinfinitagoya.com.ar\/v1\/wp-json\/wp\/v2\/types\/post"}],"author":[{"embeddable":true,"href":"https:\/\/radioinfinitagoya.com.ar\/v1\/wp-json\/wp\/v2\/users\/4"}],"replies":[{"embeddable":true,"href":"https:\/\/radioinfinitagoya.com.ar\/v1\/wp-json\/wp\/v2\/comments?post=191479"}],"version-history":[{"count":0,"href":"https:\/\/radioinfinitagoya.com.ar\/v1\/wp-json\/wp\/v2\/posts\/191479\/revisions"}],"wp:featuredmedia":[{"embeddable":true,"href":"https:\/\/radioinfinitagoya.com.ar\/v1\/wp-json\/wp\/v2\/media\/191482"}],"wp:attachment":[{"href":"https:\/\/radioinfinitagoya.com.ar\/v1\/wp-json\/wp\/v2\/media?parent=191479"}],"wp:term":[{"taxonomy":"category","embeddable":true,"href":"https:\/\/radioinfinitagoya.com.ar\/v1\/wp-json\/wp\/v2\/categories?post=191479"},{"taxonomy":"post_tag","embeddable":true,"href":"https:\/\/radioinfinitagoya.com.ar\/v1\/wp-json\/wp\/v2\/tags?post=191479"}],"curies":[{"name":"wp","href":"https:\/\/api.w.org\/{rel}","templated":true}]}}