{"id":191962,"date":"2025-06-26T16:59:49","date_gmt":"2025-06-26T19:59:49","guid":{"rendered":"https:\/\/radioinfinitagoya.com.ar\/v1\/?p=191962"},"modified":"2025-06-26T16:59:49","modified_gmt":"2025-06-26T19:59:49","slug":"en-casa-del-bicentenario-dio-comienzo-el-taller-arte-en-macetas","status":"publish","type":"post","link":"https:\/\/radioinfinitagoya.com.ar\/v1\/2025\/06\/26\/en-casa-del-bicentenario-dio-comienzo-el-taller-arte-en-macetas\/","title":{"rendered":"En Casa del Bicentenario dio comienzo el taller \u201cArte en Macetas\u201d"},"content":{"rendered":"<p>En el marco de los espacios de capacitaci\u00f3n en diferentes oficios, dio inicio al taller organizado por la Direcci\u00f3n de Empleo y Capacitaci\u00f3n junto a la Secretar\u00eda de Industria de la Municipalidad para ense\u00f1ar la confecci\u00f3n de macetas y otros elementos que pueden dise\u00f1arse y elaborar, usando como material base el cemento.<\/p>\n<p>Este programa es dictado por los propios artesanos, de all\u00ed la denominaci\u00f3n del taller \u201cArtesano por Artesanos\u201d. En el caso del arte en macetas, la capacitaci\u00f3n est\u00e1 a cargo de Carlos G\u00f3mez.<\/p>\n<p>CURSOS DE AUXILIAR MAQUINISTAS<\/p>\n<p>Se informa que a\u00fan quedan lugares para completar el cupo establecido en los cursos que se dictan mediante el convenio firmado entre la Municipalidad y el Ej\u00e9rcito. Los mismos son: Auxiliar Conductor Motorista y Auxiliar Conductor M\u00e1quinas Viales; en ambos casos los requisitos son:<\/p>\n<p>Tener de 21 a 40 a\u00f1os de edad (inclusive).<\/p>\n<p>Copia de DNI.<\/p>\n<p>T\u00edtulo Primario &#8211; Secundario (Copia).<\/p>\n<p>Licencia de Conducir (1 a\u00f1o de antig\u00fcedad).<\/p>\n<p>Certificado de Buena Conducta.<\/p>\n<p>Valor del curso: 5.000 pesos.<\/p>\n<p>Para mayor informaci\u00f3n y\/o registrar la inscripci\u00f3n: Direcci\u00f3n de Empleo, avenida Neustadt 110.<\/p>\n<p><img loading=\"lazy\" decoding=\"async\" class=\"alignnone size-full wp-image-191964\" src=\"https:\/\/radioinfinitagoya.com.ar\/v1\/wp-content\/uploads\/2025\/06\/512372841_1033426662233202_7486669110067795896_n.jpg\" alt=\"\" width=\"596\" height=\"747\" srcset=\"https:\/\/radioinfinitagoya.com.ar\/v1\/wp-content\/uploads\/2025\/06\/512372841_1033426662233202_7486669110067795896_n.jpg 596w, https:\/\/radioinfinitagoya.com.ar\/v1\/wp-content\/uploads\/2025\/06\/512372841_1033426662233202_7486669110067795896_n-335x420.jpg 335w\" sizes=\"auto, (max-width: 596px) 100vw, 596px\" \/><\/p>\n<p>Direcci\u00f3n de Prensa-Municipalidad de Goya<\/p>\n<p>&nbsp;<\/p>\n<p>&nbsp;<\/p>\n","protected":false},"excerpt":{"rendered":"<p>En el marco de los espacios de capacitaci\u00f3n en diferentes oficios, dio inicio al taller organizado por la Direcci\u00f3n de Empleo y Capacitaci\u00f3n junto a la Secretar\u00eda de Industria de la Municipalidad para ense\u00f1ar la confecci\u00f3n de macetas y otros elementos que pueden dise\u00f1arse y elaborar, usando como material base el cemento. Este programa es [&hellip;]<\/p>\n","protected":false},"author":4,"featured_media":191963,"comment_status":"closed","ping_status":"closed","sticky":false,"template":"","format":"standard","meta":{"_joinchat":[],"footnotes":""},"categories":[27],"tags":[],"class_list":{"0":"post-191962","1":"post","2":"type-post","3":"status-publish","4":"format-standard","5":"has-post-thumbnail","7":"category-locales"},"yoast_head":"<!-- This site is optimized with the Yoast SEO plugin v27.2 - https:\/\/yoast.com\/product\/yoast-seo-wordpress\/ -->\n<title>En Casa del Bicentenario dio comienzo el taller \u201cArte en Macetas\u201d - Radio Infinita Goya<\/title>\n<meta name=\"description\" content=\"En el marco de los espacios de capacitaci\u00f3n en diferentes oficios, dio inicio al taller organizado por la Direcci\u00f3n de Empleo y Capacitaci\u00f3n junto a la\" \/>\n<meta name=\"robots\" content=\"index, follow, max-snippet:-1, max-image-preview:large, max-video-preview:-1\" \/>\n<link rel=\"canonical\" href=\"https:\/\/radioinfinitagoya.com.ar\/v1\/2025\/06\/26\/en-casa-del-bicentenario-dio-comienzo-el-taller-arte-en-macetas\/\" \/>\n<meta property=\"og:locale\" content=\"es_ES\" \/>\n<meta property=\"og:type\" content=\"article\" \/>\n<meta property=\"og:title\" content=\"En Casa del Bicentenario dio comienzo el taller \u201cArte en Macetas\u201d - Radio Infinita Goya\" \/>\n<meta property=\"og:description\" content=\"En el marco de los espacios de capacitaci\u00f3n en diferentes oficios, dio inicio al taller organizado por la Direcci\u00f3n de Empleo y Capacitaci\u00f3n junto a la\" \/>\n<meta property=\"og:url\" content=\"https:\/\/radioinfinitagoya.com.ar\/v1\/2025\/06\/26\/en-casa-del-bicentenario-dio-comienzo-el-taller-arte-en-macetas\/\" \/>\n<meta property=\"og:site_name\" content=\"Radio Infinita Goya\" \/>\n<meta property=\"article:publisher\" content=\"https:\/\/www.facebook.com\/p\/Infinita-Goya-100063870918311\/\" \/>\n<meta property=\"article:published_time\" content=\"2025-06-26T19:59:49+00:00\" \/>\n<meta property=\"og:image\" content=\"https:\/\/radioinfinitagoya.com.ar\/v1\/wp-content\/uploads\/2025\/06\/513086910_1033426728899862_5777520576432863735_n.jpg\" \/>\n\t<meta property=\"og:image:width\" content=\"594\" \/>\n\t<meta property=\"og:image:height\" content=\"743\" \/>\n\t<meta property=\"og:image:type\" content=\"image\/jpeg\" \/>\n<meta name=\"author\" content=\"Jorge Mi\u00f1o\" \/>\n<meta name=\"twitter:card\" content=\"summary_large_image\" \/>\n<meta name=\"twitter:label1\" content=\"Escrito por\" \/>\n\t<meta name=\"twitter:data1\" content=\"Jorge Mi\u00f1o\" \/>\n\t<meta name=\"twitter:label2\" content=\"Tiempo de lectura\" \/>\n\t<meta name=\"twitter:data2\" content=\"2 minutos\" \/>\n<script type=\"application\/ld+json\" class=\"yoast-schema-graph\">{\"@context\":\"https:\/\/schema.org\",\"@graph\":[{\"@type\":\"Article\",\"@id\":\"https:\/\/radioinfinitagoya.com.ar\/v1\/2025\/06\/26\/en-casa-del-bicentenario-dio-comienzo-el-taller-arte-en-macetas\/#article\",\"isPartOf\":{\"@id\":\"https:\/\/radioinfinitagoya.com.ar\/v1\/2025\/06\/26\/en-casa-del-bicentenario-dio-comienzo-el-taller-arte-en-macetas\/\"},\"author\":{\"name\":\"Jorge Mi\u00f1o\",\"@id\":\"https:\/\/radioinfinitagoya.com.ar\/v1\/#\/schema\/person\/d4cf9c413d4f6edb24aabdccab49ca4a\"},\"headline\":\"En Casa del Bicentenario dio comienzo el taller \u201cArte en Macetas\u201d\",\"datePublished\":\"2025-06-26T19:59:49+00:00\",\"mainEntityOfPage\":{\"@id\":\"https:\/\/radioinfinitagoya.com.ar\/v1\/2025\/06\/26\/en-casa-del-bicentenario-dio-comienzo-el-taller-arte-en-macetas\/\"},\"wordCount\":213,\"publisher\":{\"@id\":\"https:\/\/radioinfinitagoya.com.ar\/v1\/#organization\"},\"image\":{\"@id\":\"https:\/\/radioinfinitagoya.com.ar\/v1\/2025\/06\/26\/en-casa-del-bicentenario-dio-comienzo-el-taller-arte-en-macetas\/#primaryimage\"},\"thumbnailUrl\":\"https:\/\/radioinfinitagoya.com.ar\/v1\/wp-content\/uploads\/2025\/06\/513086910_1033426728899862_5777520576432863735_n.jpg\",\"articleSection\":[\"LOCALES\"],\"inLanguage\":\"es-AR\"},{\"@type\":\"WebPage\",\"@id\":\"https:\/\/radioinfinitagoya.com.ar\/v1\/2025\/06\/26\/en-casa-del-bicentenario-dio-comienzo-el-taller-arte-en-macetas\/\",\"url\":\"https:\/\/radioinfinitagoya.com.ar\/v1\/2025\/06\/26\/en-casa-del-bicentenario-dio-comienzo-el-taller-arte-en-macetas\/\",\"name\":\"En Casa del Bicentenario dio comienzo el taller \u201cArte en Macetas\u201d - Radio Infinita Goya\",\"isPartOf\":{\"@id\":\"https:\/\/radioinfinitagoya.com.ar\/v1\/#website\"},\"primaryImageOfPage\":{\"@id\":\"https:\/\/radioinfinitagoya.com.ar\/v1\/2025\/06\/26\/en-casa-del-bicentenario-dio-comienzo-el-taller-arte-en-macetas\/#primaryimage\"},\"image\":{\"@id\":\"https:\/\/radioinfinitagoya.com.ar\/v1\/2025\/06\/26\/en-casa-del-bicentenario-dio-comienzo-el-taller-arte-en-macetas\/#primaryimage\"},\"thumbnailUrl\":\"https:\/\/radioinfinitagoya.com.ar\/v1\/wp-content\/uploads\/2025\/06\/513086910_1033426728899862_5777520576432863735_n.jpg\",\"datePublished\":\"2025-06-26T19:59:49+00:00\",\"description\":\"En el marco de los espacios de capacitaci\u00f3n en diferentes oficios, dio inicio al taller organizado por la Direcci\u00f3n de Empleo y Capacitaci\u00f3n junto a la\",\"breadcrumb\":{\"@id\":\"https:\/\/radioinfinitagoya.com.ar\/v1\/2025\/06\/26\/en-casa-del-bicentenario-dio-comienzo-el-taller-arte-en-macetas\/#breadcrumb\"},\"inLanguage\":\"es-AR\",\"potentialAction\":[{\"@type\":\"ReadAction\",\"target\":[\"https:\/\/radioinfinitagoya.com.ar\/v1\/2025\/06\/26\/en-casa-del-bicentenario-dio-comienzo-el-taller-arte-en-macetas\/\"]}]},{\"@type\":\"ImageObject\",\"inLanguage\":\"es-AR\",\"@id\":\"https:\/\/radioinfinitagoya.com.ar\/v1\/2025\/06\/26\/en-casa-del-bicentenario-dio-comienzo-el-taller-arte-en-macetas\/#primaryimage\",\"url\":\"https:\/\/radioinfinitagoya.com.ar\/v1\/wp-content\/uploads\/2025\/06\/513086910_1033426728899862_5777520576432863735_n.jpg\",\"contentUrl\":\"https:\/\/radioinfinitagoya.com.ar\/v1\/wp-content\/uploads\/2025\/06\/513086910_1033426728899862_5777520576432863735_n.jpg\",\"width\":594,\"height\":743},{\"@type\":\"BreadcrumbList\",\"@id\":\"https:\/\/radioinfinitagoya.com.ar\/v1\/2025\/06\/26\/en-casa-del-bicentenario-dio-comienzo-el-taller-arte-en-macetas\/#breadcrumb\",\"itemListElement\":[{\"@type\":\"ListItem\",\"position\":1,\"name\":\"Inicio\",\"item\":\"https:\/\/radioinfinitagoya.com.ar\/v1\/\"},{\"@type\":\"ListItem\",\"position\":2,\"name\":\"En Casa del Bicentenario dio comienzo el taller \u201cArte en Macetas\u201d\"}]},{\"@type\":\"WebSite\",\"@id\":\"https:\/\/radioinfinitagoya.com.ar\/v1\/#website\",\"url\":\"https:\/\/radioinfinitagoya.com.ar\/v1\/\",\"name\":\"radioinfinitagoya.com.ar\",\"description\":\"Radio de noticias\",\"publisher\":{\"@id\":\"https:\/\/radioinfinitagoya.com.ar\/v1\/#organization\"},\"potentialAction\":[{\"@type\":\"SearchAction\",\"target\":{\"@type\":\"EntryPoint\",\"urlTemplate\":\"https:\/\/radioinfinitagoya.com.ar\/v1\/?s={search_term_string}\"},\"query-input\":{\"@type\":\"PropertyValueSpecification\",\"valueRequired\":true,\"valueName\":\"search_term_string\"}}],\"inLanguage\":\"es-AR\"},{\"@type\":\"Organization\",\"@id\":\"https:\/\/radioinfinitagoya.com.ar\/v1\/#organization\",\"name\":\"Radio Infinita Goya\",\"url\":\"https:\/\/radioinfinitagoya.com.ar\/v1\/\",\"logo\":{\"@type\":\"ImageObject\",\"inLanguage\":\"es-AR\",\"@id\":\"https:\/\/radioinfinitagoya.com.ar\/v1\/#\/schema\/logo\/image\/\",\"url\":\"https:\/\/radioinfinitagoya.com.ar\/v1\/wp-content\/uploads\/2019\/11\/logo-pie-web.png\",\"contentUrl\":\"https:\/\/radioinfinitagoya.com.ar\/v1\/wp-content\/uploads\/2019\/11\/logo-pie-web.png\",\"width\":635,\"height\":326,\"caption\":\"Radio Infinita Goya\"},\"image\":{\"@id\":\"https:\/\/radioinfinitagoya.com.ar\/v1\/#\/schema\/logo\/image\/\"},\"sameAs\":[\"https:\/\/www.facebook.com\/p\/Infinita-Goya-100063870918311\/\"]},{\"@type\":\"Person\",\"@id\":\"https:\/\/radioinfinitagoya.com.ar\/v1\/#\/schema\/person\/d4cf9c413d4f6edb24aabdccab49ca4a\",\"name\":\"Jorge Mi\u00f1o\",\"image\":{\"@type\":\"ImageObject\",\"inLanguage\":\"es-AR\",\"@id\":\"https:\/\/secure.gravatar.com\/avatar\/910fcf6728fe95320e07a6643c1581fec1c7fc4bf8ae12e3d8f0d0373dc844be?s=96&d=mm&r=g\",\"url\":\"https:\/\/secure.gravatar.com\/avatar\/910fcf6728fe95320e07a6643c1581fec1c7fc4bf8ae12e3d8f0d0373dc844be?s=96&d=mm&r=g\",\"contentUrl\":\"https:\/\/secure.gravatar.com\/avatar\/910fcf6728fe95320e07a6643c1581fec1c7fc4bf8ae12e3d8f0d0373dc844be?s=96&d=mm&r=g\",\"caption\":\"Jorge Mi\u00f1o\"},\"sameAs\":[\"http:\/\/radioinfinitagoya.com.ar\"]}]}<\/script>\n<!-- \/ Yoast SEO plugin. -->","yoast_head_json":{"title":"En Casa del Bicentenario dio comienzo el taller \u201cArte en Macetas\u201d - Radio Infinita Goya","description":"En el marco de los espacios de capacitaci\u00f3n en diferentes oficios, dio inicio al taller organizado por la Direcci\u00f3n de Empleo y Capacitaci\u00f3n junto a la","robots":{"index":"index","follow":"follow","max-snippet":"max-snippet:-1","max-image-preview":"max-image-preview:large","max-video-preview":"max-video-preview:-1"},"canonical":"https:\/\/radioinfinitagoya.com.ar\/v1\/2025\/06\/26\/en-casa-del-bicentenario-dio-comienzo-el-taller-arte-en-macetas\/","og_locale":"es_ES","og_type":"article","og_title":"En Casa del Bicentenario dio comienzo el taller \u201cArte en Macetas\u201d - Radio Infinita Goya","og_description":"En el marco de los espacios de capacitaci\u00f3n en diferentes oficios, dio inicio al taller organizado por la Direcci\u00f3n de Empleo y Capacitaci\u00f3n junto a la","og_url":"https:\/\/radioinfinitagoya.com.ar\/v1\/2025\/06\/26\/en-casa-del-bicentenario-dio-comienzo-el-taller-arte-en-macetas\/","og_site_name":"Radio Infinita Goya","article_publisher":"https:\/\/www.facebook.com\/p\/Infinita-Goya-100063870918311\/","article_published_time":"2025-06-26T19:59:49+00:00","og_image":[{"width":594,"height":743,"url":"https:\/\/radioinfinitagoya.com.ar\/v1\/wp-content\/uploads\/2025\/06\/513086910_1033426728899862_5777520576432863735_n.jpg","type":"image\/jpeg"}],"author":"Jorge Mi\u00f1o","twitter_card":"summary_large_image","twitter_misc":{"Escrito por":"Jorge Mi\u00f1o","Tiempo de lectura":"2 minutos"},"schema":{"@context":"https:\/\/schema.org","@graph":[{"@type":"Article","@id":"https:\/\/radioinfinitagoya.com.ar\/v1\/2025\/06\/26\/en-casa-del-bicentenario-dio-comienzo-el-taller-arte-en-macetas\/#article","isPartOf":{"@id":"https:\/\/radioinfinitagoya.com.ar\/v1\/2025\/06\/26\/en-casa-del-bicentenario-dio-comienzo-el-taller-arte-en-macetas\/"},"author":{"name":"Jorge Mi\u00f1o","@id":"https:\/\/radioinfinitagoya.com.ar\/v1\/#\/schema\/person\/d4cf9c413d4f6edb24aabdccab49ca4a"},"headline":"En Casa del Bicentenario dio comienzo el taller \u201cArte en Macetas\u201d","datePublished":"2025-06-26T19:59:49+00:00","mainEntityOfPage":{"@id":"https:\/\/radioinfinitagoya.com.ar\/v1\/2025\/06\/26\/en-casa-del-bicentenario-dio-comienzo-el-taller-arte-en-macetas\/"},"wordCount":213,"publisher":{"@id":"https:\/\/radioinfinitagoya.com.ar\/v1\/#organization"},"image":{"@id":"https:\/\/radioinfinitagoya.com.ar\/v1\/2025\/06\/26\/en-casa-del-bicentenario-dio-comienzo-el-taller-arte-en-macetas\/#primaryimage"},"thumbnailUrl":"https:\/\/radioinfinitagoya.com.ar\/v1\/wp-content\/uploads\/2025\/06\/513086910_1033426728899862_5777520576432863735_n.jpg","articleSection":["LOCALES"],"inLanguage":"es-AR"},{"@type":"WebPage","@id":"https:\/\/radioinfinitagoya.com.ar\/v1\/2025\/06\/26\/en-casa-del-bicentenario-dio-comienzo-el-taller-arte-en-macetas\/","url":"https:\/\/radioinfinitagoya.com.ar\/v1\/2025\/06\/26\/en-casa-del-bicentenario-dio-comienzo-el-taller-arte-en-macetas\/","name":"En Casa del Bicentenario dio comienzo el taller \u201cArte en Macetas\u201d - Radio Infinita Goya","isPartOf":{"@id":"https:\/\/radioinfinitagoya.com.ar\/v1\/#website"},"primaryImageOfPage":{"@id":"https:\/\/radioinfinitagoya.com.ar\/v1\/2025\/06\/26\/en-casa-del-bicentenario-dio-comienzo-el-taller-arte-en-macetas\/#primaryimage"},"image":{"@id":"https:\/\/radioinfinitagoya.com.ar\/v1\/2025\/06\/26\/en-casa-del-bicentenario-dio-comienzo-el-taller-arte-en-macetas\/#primaryimage"},"thumbnailUrl":"https:\/\/radioinfinitagoya.com.ar\/v1\/wp-content\/uploads\/2025\/06\/513086910_1033426728899862_5777520576432863735_n.jpg","datePublished":"2025-06-26T19:59:49+00:00","description":"En el marco de los espacios de capacitaci\u00f3n en diferentes oficios, dio inicio al taller organizado por la Direcci\u00f3n de Empleo y Capacitaci\u00f3n junto a la","breadcrumb":{"@id":"https:\/\/radioinfinitagoya.com.ar\/v1\/2025\/06\/26\/en-casa-del-bicentenario-dio-comienzo-el-taller-arte-en-macetas\/#breadcrumb"},"inLanguage":"es-AR","potentialAction":[{"@type":"ReadAction","target":["https:\/\/radioinfinitagoya.com.ar\/v1\/2025\/06\/26\/en-casa-del-bicentenario-dio-comienzo-el-taller-arte-en-macetas\/"]}]},{"@type":"ImageObject","inLanguage":"es-AR","@id":"https:\/\/radioinfinitagoya.com.ar\/v1\/2025\/06\/26\/en-casa-del-bicentenario-dio-comienzo-el-taller-arte-en-macetas\/#primaryimage","url":"https:\/\/radioinfinitagoya.com.ar\/v1\/wp-content\/uploads\/2025\/06\/513086910_1033426728899862_5777520576432863735_n.jpg","contentUrl":"https:\/\/radioinfinitagoya.com.ar\/v1\/wp-content\/uploads\/2025\/06\/513086910_1033426728899862_5777520576432863735_n.jpg","width":594,"height":743},{"@type":"BreadcrumbList","@id":"https:\/\/radioinfinitagoya.com.ar\/v1\/2025\/06\/26\/en-casa-del-bicentenario-dio-comienzo-el-taller-arte-en-macetas\/#breadcrumb","itemListElement":[{"@type":"ListItem","position":1,"name":"Inicio","item":"https:\/\/radioinfinitagoya.com.ar\/v1\/"},{"@type":"ListItem","position":2,"name":"En Casa del Bicentenario dio comienzo el taller \u201cArte en Macetas\u201d"}]},{"@type":"WebSite","@id":"https:\/\/radioinfinitagoya.com.ar\/v1\/#website","url":"https:\/\/radioinfinitagoya.com.ar\/v1\/","name":"radioinfinitagoya.com.ar","description":"Radio de noticias","publisher":{"@id":"https:\/\/radioinfinitagoya.com.ar\/v1\/#organization"},"potentialAction":[{"@type":"SearchAction","target":{"@type":"EntryPoint","urlTemplate":"https:\/\/radioinfinitagoya.com.ar\/v1\/?s={search_term_string}"},"query-input":{"@type":"PropertyValueSpecification","valueRequired":true,"valueName":"search_term_string"}}],"inLanguage":"es-AR"},{"@type":"Organization","@id":"https:\/\/radioinfinitagoya.com.ar\/v1\/#organization","name":"Radio Infinita Goya","url":"https:\/\/radioinfinitagoya.com.ar\/v1\/","logo":{"@type":"ImageObject","inLanguage":"es-AR","@id":"https:\/\/radioinfinitagoya.com.ar\/v1\/#\/schema\/logo\/image\/","url":"https:\/\/radioinfinitagoya.com.ar\/v1\/wp-content\/uploads\/2019\/11\/logo-pie-web.png","contentUrl":"https:\/\/radioinfinitagoya.com.ar\/v1\/wp-content\/uploads\/2019\/11\/logo-pie-web.png","width":635,"height":326,"caption":"Radio Infinita Goya"},"image":{"@id":"https:\/\/radioinfinitagoya.com.ar\/v1\/#\/schema\/logo\/image\/"},"sameAs":["https:\/\/www.facebook.com\/p\/Infinita-Goya-100063870918311\/"]},{"@type":"Person","@id":"https:\/\/radioinfinitagoya.com.ar\/v1\/#\/schema\/person\/d4cf9c413d4f6edb24aabdccab49ca4a","name":"Jorge Mi\u00f1o","image":{"@type":"ImageObject","inLanguage":"es-AR","@id":"https:\/\/secure.gravatar.com\/avatar\/910fcf6728fe95320e07a6643c1581fec1c7fc4bf8ae12e3d8f0d0373dc844be?s=96&d=mm&r=g","url":"https:\/\/secure.gravatar.com\/avatar\/910fcf6728fe95320e07a6643c1581fec1c7fc4bf8ae12e3d8f0d0373dc844be?s=96&d=mm&r=g","contentUrl":"https:\/\/secure.gravatar.com\/avatar\/910fcf6728fe95320e07a6643c1581fec1c7fc4bf8ae12e3d8f0d0373dc844be?s=96&d=mm&r=g","caption":"Jorge Mi\u00f1o"},"sameAs":["http:\/\/radioinfinitagoya.com.ar"]}]}},"_links":{"self":[{"href":"https:\/\/radioinfinitagoya.com.ar\/v1\/wp-json\/wp\/v2\/posts\/191962","targetHints":{"allow":["GET"]}}],"collection":[{"href":"https:\/\/radioinfinitagoya.com.ar\/v1\/wp-json\/wp\/v2\/posts"}],"about":[{"href":"https:\/\/radioinfinitagoya.com.ar\/v1\/wp-json\/wp\/v2\/types\/post"}],"author":[{"embeddable":true,"href":"https:\/\/radioinfinitagoya.com.ar\/v1\/wp-json\/wp\/v2\/users\/4"}],"replies":[{"embeddable":true,"href":"https:\/\/radioinfinitagoya.com.ar\/v1\/wp-json\/wp\/v2\/comments?post=191962"}],"version-history":[{"count":0,"href":"https:\/\/radioinfinitagoya.com.ar\/v1\/wp-json\/wp\/v2\/posts\/191962\/revisions"}],"wp:featuredmedia":[{"embeddable":true,"href":"https:\/\/radioinfinitagoya.com.ar\/v1\/wp-json\/wp\/v2\/media\/191963"}],"wp:attachment":[{"href":"https:\/\/radioinfinitagoya.com.ar\/v1\/wp-json\/wp\/v2\/media?parent=191962"}],"wp:term":[{"taxonomy":"category","embeddable":true,"href":"https:\/\/radioinfinitagoya.com.ar\/v1\/wp-json\/wp\/v2\/categories?post=191962"},{"taxonomy":"post_tag","embeddable":true,"href":"https:\/\/radioinfinitagoya.com.ar\/v1\/wp-json\/wp\/v2\/tags?post=191962"}],"curies":[{"name":"wp","href":"https:\/\/api.w.org\/{rel}","templated":true}]}}