{"id":191990,"date":"2025-06-27T16:26:11","date_gmt":"2025-06-27T19:26:11","guid":{"rendered":"https:\/\/radioinfinitagoya.com.ar\/v1\/?p=191990"},"modified":"2025-06-27T16:26:11","modified_gmt":"2025-06-27T19:26:11","slug":"milei-descargo-insultos-contra-kicillof-y-dijo-que-el-conurbano-es-un-infierno","status":"publish","type":"post","link":"https:\/\/radioinfinitagoya.com.ar\/v1\/2025\/06\/27\/milei-descargo-insultos-contra-kicillof-y-dijo-que-el-conurbano-es-un-infierno\/","title":{"rendered":"Milei descarg\u00f3 insultos contra Kicillof y dijo que el conurbano es \u201cun infierno\u201d"},"content":{"rendered":"<p>Le reproch\u00f3 la inseguridad; lo calific\u00f3 de \u201cpelotudo\u201d, \u201cburro\u201d y \u201climitado\u201d.<\/p>\n<p>El presidente Javier Milei inici\u00f3 ayer la campa\u00f1a electoral en la provincia de Buenos Aires con un acto que tuvo como blanco de sus cr\u00edticas al gobernador Axel Kicillof, a quien dedic\u00f3 una serie de insultos y descalificaciones, al tildarlo de \u201cpelotudo\u201d, \u201climitado\u201d, \u201cburro eunuco\u201d y responsable de que el conurbano sea \u201cun infierno\u201d por el flagelo de la inseguridad.<\/p>\n<p>\u201cDe persistir en este rumbo la provincia de Buenos Aires ser\u00e1 una villa miseria gigante. Un modelo de violencia y analfabetismo. Un estado de naturaleza donde no hay imperio de la ley, donde demasiados compatriotas viven condenados a existencias brutales y breves&#8221;, describi\u00f3 Milei al cerrar un congreso de La Libertad Avanza en La Plata.<\/p>\n<p>El Presidente sum\u00f3: \u201cEllos a\u00fan tienen el control del territorio. Queremos traer el modelo que ya aplicamos en Naci\u00f3n a la provincia. Ac\u00e1 es donde huyeron todas las ratas cuando se hundi\u00f3 el barco. Hay que hacer limpieza y eso es lo que haremos en septiembre y en octubre\u201d. Y lanz\u00f3 otra frase subida de tono: \u201cVamos a terminar con todos estos par\u00e1sitos mentales\u201d.<\/p>\n<p>Antes habl\u00f3 la ministra de Seguridad, Patricia Bullrich: \u201cSomos el contraproyecto de Kicillof. Nosotros respaldamos a las v\u00edctimas. Ellos a los victimarios. Nosotros respaldamos a las fuerzas de seguridad. Ellos le dan la dan espalda. Los pol\u00edticos hacen de la Polic\u00eda de la provincia una herramienta propia\u201d.<\/p>\n<p>\u201cLes quiero decir a todos los que van a representar a la Libertad Avanza en la provincia de Buenos Aires, que tienen una batalla: no es una batalla imposible. Al rev\u00e9s. Es la m\u00e1s posible de las batallas. Es devolverle la libertad a los ciudadanos apresados por el populismo. Vamos con Sebasti\u00e1n, con Karina. Vamos con Mart\u00edn. Vamos con el Presidente. Vamos a ganar la provincia de Buenos Aires y demostrar que puede ser una tierra liberada\u201d, dijo Bullrich.<\/p>\n<p>Por su parte Jos\u00e9 Luis Espert, que suena como candidato a diputado nacional por este territorio, afirm\u00f3: \u201cLa provincia de Buenos Aires est\u00e1 detonada. Es un ba\u00f1o de sangre por culpa del maldito kircherismo. Y eso lo vamos a terminar los liberales. La provincia de Buenos Aires es una verdadera covacha de in\u00fatiles, corruptos y delincuentes, como el caso chocolate\u201d.<\/p>\n<p>\u201cEn la provincia de Buenos Aires la gente est\u00e1 muerta de miedo porque Kicillof entreg\u00f3 la provincia a los delincuentes. Se va a terminar\u201d, prometi\u00f3 Espert.<\/p>\n<p>En tanto el organizador del evento, Sebasti\u00e1n Pareja, fue contundente en t\u00e9rminos pol\u00edticos: \u201cQueremos llegar a gobernar en 2027 con un plan de gobierno. Les puedo asegurar que la provincia de Buenos Aires se pinta de violeta. Vamos a gobernar en 2027 la provincia de Buenos Aires\u201d.<\/p>\n<p>Hasta el ministro de Econom\u00eda, Luis Caputo, lleg\u00f3 a la capital bonaerense en modo campa\u00f1a: \u201cNecesitamos un Congreso af\u00edn. La oposici\u00f3n no quiere que al pa\u00eds le vaya bien. El kirchnerismo quiere que al pa\u00eds le vaya mal para volver a manejar el negocio. Quieren volver para seguir manejando el negocio.<\/p>\n<p>Gobernaron 16 a\u00f1os y ya sabemos que no funciona. Buenos Aires es el ejemplo m\u00e1s contundente: es un ba\u00f1o de sangre y necesitamos que cambie\u201d.<\/p>\n<p>&nbsp;<\/p>\n","protected":false},"excerpt":{"rendered":"<p>Le reproch\u00f3 la inseguridad; lo calific\u00f3 de \u201cpelotudo\u201d, \u201cburro\u201d y \u201climitado\u201d. El presidente Javier Milei inici\u00f3 ayer la campa\u00f1a electoral en la provincia de Buenos Aires con un acto que tuvo como blanco de sus cr\u00edticas al gobernador Axel Kicillof, a quien dedic\u00f3 una serie de insultos y descalificaciones, al tildarlo de \u201cpelotudo\u201d, \u201climitado\u201d, \u201cburro [&hellip;]<\/p>\n","protected":false},"author":4,"featured_media":191991,"comment_status":"closed","ping_status":"closed","sticky":false,"template":"","format":"standard","meta":{"_joinchat":[],"footnotes":""},"categories":[29],"tags":[],"class_list":{"0":"post-191990","1":"post","2":"type-post","3":"status-publish","4":"format-standard","5":"has-post-thumbnail","7":"category-nacionales"},"yoast_head":"<!-- This site is optimized with the Yoast SEO plugin v27.2 - https:\/\/yoast.com\/product\/yoast-seo-wordpress\/ -->\n<title>Milei descarg\u00f3 insultos contra Kicillof y dijo que el conurbano es \u201cun infierno\u201d - Radio Infinita Goya<\/title>\n<meta name=\"description\" content=\"Le reproch\u00f3 la inseguridad; lo calific\u00f3 de \u201cpelotudo\u201d, \u201cburro\u201d y \u201climitado\u201d. El presidente Javier Milei inici\u00f3 ayer la campa\u00f1a electoral en la provincia\" \/>\n<meta name=\"robots\" content=\"index, follow, max-snippet:-1, max-image-preview:large, max-video-preview:-1\" \/>\n<link rel=\"canonical\" href=\"https:\/\/radioinfinitagoya.com.ar\/v1\/2025\/06\/27\/milei-descargo-insultos-contra-kicillof-y-dijo-que-el-conurbano-es-un-infierno\/\" \/>\n<meta property=\"og:locale\" content=\"es_ES\" \/>\n<meta property=\"og:type\" content=\"article\" \/>\n<meta property=\"og:title\" content=\"Milei descarg\u00f3 insultos contra Kicillof y dijo que el conurbano es \u201cun infierno\u201d - Radio Infinita Goya\" \/>\n<meta property=\"og:description\" content=\"Le reproch\u00f3 la inseguridad; lo calific\u00f3 de \u201cpelotudo\u201d, \u201cburro\u201d y \u201climitado\u201d. El presidente Javier Milei inici\u00f3 ayer la campa\u00f1a electoral en la provincia\" \/>\n<meta property=\"og:url\" content=\"https:\/\/radioinfinitagoya.com.ar\/v1\/2025\/06\/27\/milei-descargo-insultos-contra-kicillof-y-dijo-que-el-conurbano-es-un-infierno\/\" \/>\n<meta property=\"og:site_name\" content=\"Radio Infinita Goya\" \/>\n<meta property=\"article:publisher\" content=\"https:\/\/www.facebook.com\/p\/Infinita-Goya-100063870918311\/\" \/>\n<meta property=\"article:published_time\" content=\"2025-06-27T19:26:11+00:00\" \/>\n<meta property=\"og:image\" content=\"https:\/\/radioinfinitagoya.com.ar\/v1\/wp-content\/uploads\/2025\/06\/1750996336800.webp\" \/>\n\t<meta property=\"og:image:width\" content=\"1200\" \/>\n\t<meta property=\"og:image:height\" content=\"675\" \/>\n\t<meta property=\"og:image:type\" content=\"image\/webp\" \/>\n<meta name=\"author\" content=\"Jorge Mi\u00f1o\" \/>\n<meta name=\"twitter:card\" content=\"summary_large_image\" \/>\n<meta name=\"twitter:label1\" content=\"Escrito por\" \/>\n\t<meta name=\"twitter:data1\" content=\"Jorge Mi\u00f1o\" \/>\n\t<meta name=\"twitter:label2\" content=\"Tiempo de lectura\" \/>\n\t<meta name=\"twitter:data2\" content=\"3 minutos\" \/>\n<script type=\"application\/ld+json\" class=\"yoast-schema-graph\">{\"@context\":\"https:\/\/schema.org\",\"@graph\":[{\"@type\":\"Article\",\"@id\":\"https:\/\/radioinfinitagoya.com.ar\/v1\/2025\/06\/27\/milei-descargo-insultos-contra-kicillof-y-dijo-que-el-conurbano-es-un-infierno\/#article\",\"isPartOf\":{\"@id\":\"https:\/\/radioinfinitagoya.com.ar\/v1\/2025\/06\/27\/milei-descargo-insultos-contra-kicillof-y-dijo-que-el-conurbano-es-un-infierno\/\"},\"author\":{\"name\":\"Jorge Mi\u00f1o\",\"@id\":\"https:\/\/radioinfinitagoya.com.ar\/v1\/#\/schema\/person\/d4cf9c413d4f6edb24aabdccab49ca4a\"},\"headline\":\"Milei descarg\u00f3 insultos contra Kicillof y dijo que el conurbano es \u201cun infierno\u201d\",\"datePublished\":\"2025-06-27T19:26:11+00:00\",\"mainEntityOfPage\":{\"@id\":\"https:\/\/radioinfinitagoya.com.ar\/v1\/2025\/06\/27\/milei-descargo-insultos-contra-kicillof-y-dijo-que-el-conurbano-es-un-infierno\/\"},\"wordCount\":562,\"publisher\":{\"@id\":\"https:\/\/radioinfinitagoya.com.ar\/v1\/#organization\"},\"image\":{\"@id\":\"https:\/\/radioinfinitagoya.com.ar\/v1\/2025\/06\/27\/milei-descargo-insultos-contra-kicillof-y-dijo-que-el-conurbano-es-un-infierno\/#primaryimage\"},\"thumbnailUrl\":\"https:\/\/radioinfinitagoya.com.ar\/v1\/wp-content\/uploads\/2025\/06\/1750996336800.webp\",\"articleSection\":[\"NACIONALES\"],\"inLanguage\":\"es-AR\"},{\"@type\":\"WebPage\",\"@id\":\"https:\/\/radioinfinitagoya.com.ar\/v1\/2025\/06\/27\/milei-descargo-insultos-contra-kicillof-y-dijo-que-el-conurbano-es-un-infierno\/\",\"url\":\"https:\/\/radioinfinitagoya.com.ar\/v1\/2025\/06\/27\/milei-descargo-insultos-contra-kicillof-y-dijo-que-el-conurbano-es-un-infierno\/\",\"name\":\"Milei descarg\u00f3 insultos contra Kicillof y dijo que el conurbano es \u201cun infierno\u201d - Radio Infinita Goya\",\"isPartOf\":{\"@id\":\"https:\/\/radioinfinitagoya.com.ar\/v1\/#website\"},\"primaryImageOfPage\":{\"@id\":\"https:\/\/radioinfinitagoya.com.ar\/v1\/2025\/06\/27\/milei-descargo-insultos-contra-kicillof-y-dijo-que-el-conurbano-es-un-infierno\/#primaryimage\"},\"image\":{\"@id\":\"https:\/\/radioinfinitagoya.com.ar\/v1\/2025\/06\/27\/milei-descargo-insultos-contra-kicillof-y-dijo-que-el-conurbano-es-un-infierno\/#primaryimage\"},\"thumbnailUrl\":\"https:\/\/radioinfinitagoya.com.ar\/v1\/wp-content\/uploads\/2025\/06\/1750996336800.webp\",\"datePublished\":\"2025-06-27T19:26:11+00:00\",\"description\":\"Le reproch\u00f3 la inseguridad; lo calific\u00f3 de \u201cpelotudo\u201d, \u201cburro\u201d y \u201climitado\u201d. El presidente Javier Milei inici\u00f3 ayer la campa\u00f1a electoral en la provincia\",\"breadcrumb\":{\"@id\":\"https:\/\/radioinfinitagoya.com.ar\/v1\/2025\/06\/27\/milei-descargo-insultos-contra-kicillof-y-dijo-que-el-conurbano-es-un-infierno\/#breadcrumb\"},\"inLanguage\":\"es-AR\",\"potentialAction\":[{\"@type\":\"ReadAction\",\"target\":[\"https:\/\/radioinfinitagoya.com.ar\/v1\/2025\/06\/27\/milei-descargo-insultos-contra-kicillof-y-dijo-que-el-conurbano-es-un-infierno\/\"]}]},{\"@type\":\"ImageObject\",\"inLanguage\":\"es-AR\",\"@id\":\"https:\/\/radioinfinitagoya.com.ar\/v1\/2025\/06\/27\/milei-descargo-insultos-contra-kicillof-y-dijo-que-el-conurbano-es-un-infierno\/#primaryimage\",\"url\":\"https:\/\/radioinfinitagoya.com.ar\/v1\/wp-content\/uploads\/2025\/06\/1750996336800.webp\",\"contentUrl\":\"https:\/\/radioinfinitagoya.com.ar\/v1\/wp-content\/uploads\/2025\/06\/1750996336800.webp\",\"width\":1200,\"height\":675},{\"@type\":\"BreadcrumbList\",\"@id\":\"https:\/\/radioinfinitagoya.com.ar\/v1\/2025\/06\/27\/milei-descargo-insultos-contra-kicillof-y-dijo-que-el-conurbano-es-un-infierno\/#breadcrumb\",\"itemListElement\":[{\"@type\":\"ListItem\",\"position\":1,\"name\":\"Inicio\",\"item\":\"https:\/\/radioinfinitagoya.com.ar\/v1\/\"},{\"@type\":\"ListItem\",\"position\":2,\"name\":\"Milei descarg\u00f3 insultos contra Kicillof y dijo que el conurbano es \u201cun infierno\u201d\"}]},{\"@type\":\"WebSite\",\"@id\":\"https:\/\/radioinfinitagoya.com.ar\/v1\/#website\",\"url\":\"https:\/\/radioinfinitagoya.com.ar\/v1\/\",\"name\":\"radioinfinitagoya.com.ar\",\"description\":\"Radio de noticias\",\"publisher\":{\"@id\":\"https:\/\/radioinfinitagoya.com.ar\/v1\/#organization\"},\"potentialAction\":[{\"@type\":\"SearchAction\",\"target\":{\"@type\":\"EntryPoint\",\"urlTemplate\":\"https:\/\/radioinfinitagoya.com.ar\/v1\/?s={search_term_string}\"},\"query-input\":{\"@type\":\"PropertyValueSpecification\",\"valueRequired\":true,\"valueName\":\"search_term_string\"}}],\"inLanguage\":\"es-AR\"},{\"@type\":\"Organization\",\"@id\":\"https:\/\/radioinfinitagoya.com.ar\/v1\/#organization\",\"name\":\"Radio Infinita Goya\",\"url\":\"https:\/\/radioinfinitagoya.com.ar\/v1\/\",\"logo\":{\"@type\":\"ImageObject\",\"inLanguage\":\"es-AR\",\"@id\":\"https:\/\/radioinfinitagoya.com.ar\/v1\/#\/schema\/logo\/image\/\",\"url\":\"https:\/\/radioinfinitagoya.com.ar\/v1\/wp-content\/uploads\/2019\/11\/logo-pie-web.png\",\"contentUrl\":\"https:\/\/radioinfinitagoya.com.ar\/v1\/wp-content\/uploads\/2019\/11\/logo-pie-web.png\",\"width\":635,\"height\":326,\"caption\":\"Radio Infinita Goya\"},\"image\":{\"@id\":\"https:\/\/radioinfinitagoya.com.ar\/v1\/#\/schema\/logo\/image\/\"},\"sameAs\":[\"https:\/\/www.facebook.com\/p\/Infinita-Goya-100063870918311\/\"]},{\"@type\":\"Person\",\"@id\":\"https:\/\/radioinfinitagoya.com.ar\/v1\/#\/schema\/person\/d4cf9c413d4f6edb24aabdccab49ca4a\",\"name\":\"Jorge Mi\u00f1o\",\"image\":{\"@type\":\"ImageObject\",\"inLanguage\":\"es-AR\",\"@id\":\"https:\/\/secure.gravatar.com\/avatar\/910fcf6728fe95320e07a6643c1581fec1c7fc4bf8ae12e3d8f0d0373dc844be?s=96&d=mm&r=g\",\"url\":\"https:\/\/secure.gravatar.com\/avatar\/910fcf6728fe95320e07a6643c1581fec1c7fc4bf8ae12e3d8f0d0373dc844be?s=96&d=mm&r=g\",\"contentUrl\":\"https:\/\/secure.gravatar.com\/avatar\/910fcf6728fe95320e07a6643c1581fec1c7fc4bf8ae12e3d8f0d0373dc844be?s=96&d=mm&r=g\",\"caption\":\"Jorge Mi\u00f1o\"},\"sameAs\":[\"http:\/\/radioinfinitagoya.com.ar\"]}]}<\/script>\n<!-- \/ Yoast SEO plugin. -->","yoast_head_json":{"title":"Milei descarg\u00f3 insultos contra Kicillof y dijo que el conurbano es \u201cun infierno\u201d - Radio Infinita Goya","description":"Le reproch\u00f3 la inseguridad; lo calific\u00f3 de \u201cpelotudo\u201d, \u201cburro\u201d y \u201climitado\u201d. El presidente Javier Milei inici\u00f3 ayer la campa\u00f1a electoral en la provincia","robots":{"index":"index","follow":"follow","max-snippet":"max-snippet:-1","max-image-preview":"max-image-preview:large","max-video-preview":"max-video-preview:-1"},"canonical":"https:\/\/radioinfinitagoya.com.ar\/v1\/2025\/06\/27\/milei-descargo-insultos-contra-kicillof-y-dijo-que-el-conurbano-es-un-infierno\/","og_locale":"es_ES","og_type":"article","og_title":"Milei descarg\u00f3 insultos contra Kicillof y dijo que el conurbano es \u201cun infierno\u201d - Radio Infinita Goya","og_description":"Le reproch\u00f3 la inseguridad; lo calific\u00f3 de \u201cpelotudo\u201d, \u201cburro\u201d y \u201climitado\u201d. El presidente Javier Milei inici\u00f3 ayer la campa\u00f1a electoral en la provincia","og_url":"https:\/\/radioinfinitagoya.com.ar\/v1\/2025\/06\/27\/milei-descargo-insultos-contra-kicillof-y-dijo-que-el-conurbano-es-un-infierno\/","og_site_name":"Radio Infinita Goya","article_publisher":"https:\/\/www.facebook.com\/p\/Infinita-Goya-100063870918311\/","article_published_time":"2025-06-27T19:26:11+00:00","og_image":[{"width":1200,"height":675,"url":"https:\/\/radioinfinitagoya.com.ar\/v1\/wp-content\/uploads\/2025\/06\/1750996336800.webp","type":"image\/webp"}],"author":"Jorge Mi\u00f1o","twitter_card":"summary_large_image","twitter_misc":{"Escrito por":"Jorge Mi\u00f1o","Tiempo de lectura":"3 minutos"},"schema":{"@context":"https:\/\/schema.org","@graph":[{"@type":"Article","@id":"https:\/\/radioinfinitagoya.com.ar\/v1\/2025\/06\/27\/milei-descargo-insultos-contra-kicillof-y-dijo-que-el-conurbano-es-un-infierno\/#article","isPartOf":{"@id":"https:\/\/radioinfinitagoya.com.ar\/v1\/2025\/06\/27\/milei-descargo-insultos-contra-kicillof-y-dijo-que-el-conurbano-es-un-infierno\/"},"author":{"name":"Jorge Mi\u00f1o","@id":"https:\/\/radioinfinitagoya.com.ar\/v1\/#\/schema\/person\/d4cf9c413d4f6edb24aabdccab49ca4a"},"headline":"Milei descarg\u00f3 insultos contra Kicillof y dijo que el conurbano es \u201cun infierno\u201d","datePublished":"2025-06-27T19:26:11+00:00","mainEntityOfPage":{"@id":"https:\/\/radioinfinitagoya.com.ar\/v1\/2025\/06\/27\/milei-descargo-insultos-contra-kicillof-y-dijo-que-el-conurbano-es-un-infierno\/"},"wordCount":562,"publisher":{"@id":"https:\/\/radioinfinitagoya.com.ar\/v1\/#organization"},"image":{"@id":"https:\/\/radioinfinitagoya.com.ar\/v1\/2025\/06\/27\/milei-descargo-insultos-contra-kicillof-y-dijo-que-el-conurbano-es-un-infierno\/#primaryimage"},"thumbnailUrl":"https:\/\/radioinfinitagoya.com.ar\/v1\/wp-content\/uploads\/2025\/06\/1750996336800.webp","articleSection":["NACIONALES"],"inLanguage":"es-AR"},{"@type":"WebPage","@id":"https:\/\/radioinfinitagoya.com.ar\/v1\/2025\/06\/27\/milei-descargo-insultos-contra-kicillof-y-dijo-que-el-conurbano-es-un-infierno\/","url":"https:\/\/radioinfinitagoya.com.ar\/v1\/2025\/06\/27\/milei-descargo-insultos-contra-kicillof-y-dijo-que-el-conurbano-es-un-infierno\/","name":"Milei descarg\u00f3 insultos contra Kicillof y dijo que el conurbano es \u201cun infierno\u201d - Radio Infinita Goya","isPartOf":{"@id":"https:\/\/radioinfinitagoya.com.ar\/v1\/#website"},"primaryImageOfPage":{"@id":"https:\/\/radioinfinitagoya.com.ar\/v1\/2025\/06\/27\/milei-descargo-insultos-contra-kicillof-y-dijo-que-el-conurbano-es-un-infierno\/#primaryimage"},"image":{"@id":"https:\/\/radioinfinitagoya.com.ar\/v1\/2025\/06\/27\/milei-descargo-insultos-contra-kicillof-y-dijo-que-el-conurbano-es-un-infierno\/#primaryimage"},"thumbnailUrl":"https:\/\/radioinfinitagoya.com.ar\/v1\/wp-content\/uploads\/2025\/06\/1750996336800.webp","datePublished":"2025-06-27T19:26:11+00:00","description":"Le reproch\u00f3 la inseguridad; lo calific\u00f3 de \u201cpelotudo\u201d, \u201cburro\u201d y \u201climitado\u201d. El presidente Javier Milei inici\u00f3 ayer la campa\u00f1a electoral en la provincia","breadcrumb":{"@id":"https:\/\/radioinfinitagoya.com.ar\/v1\/2025\/06\/27\/milei-descargo-insultos-contra-kicillof-y-dijo-que-el-conurbano-es-un-infierno\/#breadcrumb"},"inLanguage":"es-AR","potentialAction":[{"@type":"ReadAction","target":["https:\/\/radioinfinitagoya.com.ar\/v1\/2025\/06\/27\/milei-descargo-insultos-contra-kicillof-y-dijo-que-el-conurbano-es-un-infierno\/"]}]},{"@type":"ImageObject","inLanguage":"es-AR","@id":"https:\/\/radioinfinitagoya.com.ar\/v1\/2025\/06\/27\/milei-descargo-insultos-contra-kicillof-y-dijo-que-el-conurbano-es-un-infierno\/#primaryimage","url":"https:\/\/radioinfinitagoya.com.ar\/v1\/wp-content\/uploads\/2025\/06\/1750996336800.webp","contentUrl":"https:\/\/radioinfinitagoya.com.ar\/v1\/wp-content\/uploads\/2025\/06\/1750996336800.webp","width":1200,"height":675},{"@type":"BreadcrumbList","@id":"https:\/\/radioinfinitagoya.com.ar\/v1\/2025\/06\/27\/milei-descargo-insultos-contra-kicillof-y-dijo-que-el-conurbano-es-un-infierno\/#breadcrumb","itemListElement":[{"@type":"ListItem","position":1,"name":"Inicio","item":"https:\/\/radioinfinitagoya.com.ar\/v1\/"},{"@type":"ListItem","position":2,"name":"Milei descarg\u00f3 insultos contra Kicillof y dijo que el conurbano es \u201cun infierno\u201d"}]},{"@type":"WebSite","@id":"https:\/\/radioinfinitagoya.com.ar\/v1\/#website","url":"https:\/\/radioinfinitagoya.com.ar\/v1\/","name":"radioinfinitagoya.com.ar","description":"Radio de noticias","publisher":{"@id":"https:\/\/radioinfinitagoya.com.ar\/v1\/#organization"},"potentialAction":[{"@type":"SearchAction","target":{"@type":"EntryPoint","urlTemplate":"https:\/\/radioinfinitagoya.com.ar\/v1\/?s={search_term_string}"},"query-input":{"@type":"PropertyValueSpecification","valueRequired":true,"valueName":"search_term_string"}}],"inLanguage":"es-AR"},{"@type":"Organization","@id":"https:\/\/radioinfinitagoya.com.ar\/v1\/#organization","name":"Radio Infinita Goya","url":"https:\/\/radioinfinitagoya.com.ar\/v1\/","logo":{"@type":"ImageObject","inLanguage":"es-AR","@id":"https:\/\/radioinfinitagoya.com.ar\/v1\/#\/schema\/logo\/image\/","url":"https:\/\/radioinfinitagoya.com.ar\/v1\/wp-content\/uploads\/2019\/11\/logo-pie-web.png","contentUrl":"https:\/\/radioinfinitagoya.com.ar\/v1\/wp-content\/uploads\/2019\/11\/logo-pie-web.png","width":635,"height":326,"caption":"Radio Infinita Goya"},"image":{"@id":"https:\/\/radioinfinitagoya.com.ar\/v1\/#\/schema\/logo\/image\/"},"sameAs":["https:\/\/www.facebook.com\/p\/Infinita-Goya-100063870918311\/"]},{"@type":"Person","@id":"https:\/\/radioinfinitagoya.com.ar\/v1\/#\/schema\/person\/d4cf9c413d4f6edb24aabdccab49ca4a","name":"Jorge Mi\u00f1o","image":{"@type":"ImageObject","inLanguage":"es-AR","@id":"https:\/\/secure.gravatar.com\/avatar\/910fcf6728fe95320e07a6643c1581fec1c7fc4bf8ae12e3d8f0d0373dc844be?s=96&d=mm&r=g","url":"https:\/\/secure.gravatar.com\/avatar\/910fcf6728fe95320e07a6643c1581fec1c7fc4bf8ae12e3d8f0d0373dc844be?s=96&d=mm&r=g","contentUrl":"https:\/\/secure.gravatar.com\/avatar\/910fcf6728fe95320e07a6643c1581fec1c7fc4bf8ae12e3d8f0d0373dc844be?s=96&d=mm&r=g","caption":"Jorge Mi\u00f1o"},"sameAs":["http:\/\/radioinfinitagoya.com.ar"]}]}},"_links":{"self":[{"href":"https:\/\/radioinfinitagoya.com.ar\/v1\/wp-json\/wp\/v2\/posts\/191990","targetHints":{"allow":["GET"]}}],"collection":[{"href":"https:\/\/radioinfinitagoya.com.ar\/v1\/wp-json\/wp\/v2\/posts"}],"about":[{"href":"https:\/\/radioinfinitagoya.com.ar\/v1\/wp-json\/wp\/v2\/types\/post"}],"author":[{"embeddable":true,"href":"https:\/\/radioinfinitagoya.com.ar\/v1\/wp-json\/wp\/v2\/users\/4"}],"replies":[{"embeddable":true,"href":"https:\/\/radioinfinitagoya.com.ar\/v1\/wp-json\/wp\/v2\/comments?post=191990"}],"version-history":[{"count":0,"href":"https:\/\/radioinfinitagoya.com.ar\/v1\/wp-json\/wp\/v2\/posts\/191990\/revisions"}],"wp:featuredmedia":[{"embeddable":true,"href":"https:\/\/radioinfinitagoya.com.ar\/v1\/wp-json\/wp\/v2\/media\/191991"}],"wp:attachment":[{"href":"https:\/\/radioinfinitagoya.com.ar\/v1\/wp-json\/wp\/v2\/media?parent=191990"}],"wp:term":[{"taxonomy":"category","embeddable":true,"href":"https:\/\/radioinfinitagoya.com.ar\/v1\/wp-json\/wp\/v2\/categories?post=191990"},{"taxonomy":"post_tag","embeddable":true,"href":"https:\/\/radioinfinitagoya.com.ar\/v1\/wp-json\/wp\/v2\/tags?post=191990"}],"curies":[{"name":"wp","href":"https:\/\/api.w.org\/{rel}","templated":true}]}}