{"id":192121,"date":"2025-06-30T16:09:20","date_gmt":"2025-06-30T19:09:20","guid":{"rendered":"https:\/\/radioinfinitagoya.com.ar\/v1\/?p=192121"},"modified":"2025-06-30T16:09:20","modified_gmt":"2025-06-30T19:09:20","slug":"elecciones-en-santa-fe-pullaro-gano-en-la-capital","status":"publish","type":"post","link":"https:\/\/radioinfinitagoya.com.ar\/v1\/2025\/06\/30\/elecciones-en-santa-fe-pullaro-gano-en-la-capital\/","title":{"rendered":"Elecciones en Santa Fe: Pullaro gan\u00f3 en la capital"},"content":{"rendered":"<p>&#8220;Y el peronismo se impuso en Rosario&#8221;<\/p>\n<p>El gobernador celebr\u00f3 el triunfo, pero advirti\u00f3: \u201cEs la elecci\u00f3n con menor participaci\u00f3n en 42 a\u00f1os de democracia y eso debe ser motivo de reflexi\u00f3n\u201d. C\u00f3mo sali\u00f3 La Libertad Avanza.<\/p>\n<p>El domingo 29 de junio, Santa Fe celebr\u00f3 elecciones para renovar 65 concejales y 19 intendentes. Con el 50% de participaci\u00f3n, el Frente Unidos por Santa Fe, que dirige el gobernador Maximiliano Pullaro, gan\u00f3 en la capital de la provincia con el 32%. El otro triunfo se lo llev\u00f3 el peronismo, ya que Juan Monteverde (del frente M\u00e1s Para Santa Fe), sac\u00f3 el 30,58% de los votos en Rosario.<\/p>\n<p>Seg\u00fan fuentes oficiales, el oficialismo provincial gan\u00f3 &#8220;en el 80% de la Provincia\u201d. Pullaro festej\u00f3 en redes sociales: &#8220;Unidos conducir\u00e1 145 localidades sin oposici\u00f3n\u201c.<\/p>\n<p>Luego, en la sede del espacio, agreg\u00f3: \u201cSobre 304 localidades computadas, 247 las gan\u00f3 el frente Unidos para Cambiar Santa Fe, 42 M\u00e1s para Santa Fe y 4 para La Libertad Avanza. Sobre las 19 ciudades que estaban en disputa (intendencias), 17 las gan\u00f3 Unidos para Cambiar Santa Fe\u201d.<\/p>\n<p>En referencia a la baja participaci\u00f3n que tuvieron estos comicios, el gobernador reflexion\u00f3 y atribuy\u00f3 la situaci\u00f3n al hecho de que en 146 localidades ya estaba definido el resultado por la ausencia de competencia. \u201cDe todos modos, esto nos tiene que interpelar a todos los partidos. Es la elecci\u00f3n con menor participaci\u00f3n en 42 a\u00f1os de democracia&#8221;, se\u00f1al\u00f3.<\/p>\n<p>El detalle de la elecci\u00f3n<\/p>\n<p>En la capital de la provincia, Unidos Para Cambiar Santa Fe sac\u00f3 el primer lugar para el Concejo Deliberante, con Mar\u00eda del Carmen Luengo. En segundo lugar, qued\u00f3 el peronista Pedro Medei, con el 24,96%. El tercer puesto fue para Ana Cantiani, la candidata \u201coutsider\u201d de La Libertad Avanza, que solo obtuvo el 23,35%.<\/p>\n<p>En Rosario, detr\u00e1s de Monteverde, qued\u00f3 Juan Pedro Aleart (LLA) con el 28,79%. El Frente de Pullaro -que se present\u00f3 con Carolina Labayru-, qued\u00f3 tercero con el 25,63%.<\/p>\n<p>Aunque La Libertad Avanza no obtuvo primeros lugares en localidades fuertes, referentes del espacio se mostraron contentos con el resultado. \u201cExcelente elecci\u00f3n de LLA en Santa Fe. Ganamos 30 concejales, ayer ten\u00edamos cero. Viva la libertad carajo\u201d, escribi\u00f3 Eugenia Rol\u00f3n, la joven libertaria que fue electa como convencional constituyente en San Lorenzo, el pasado abril.<\/p>\n<p>Con estos resultados, Santa Fe repiti\u00f3 lo que ocurri\u00f3 en otras provincias durante este a\u00f1o. Los oficialismos provinciales se quedan con la mayor cantidad de votos. Sin embargo, esta elecci\u00f3n demostr\u00f3 que -a diferencia de otras ciudades- La Libertad Avanza no gana siempre en las grandes urbes.<\/p>\n<p>Adem\u00e1s, el peronismo logr\u00f3 triunfar en Rosario despu\u00e9s de 52 a\u00f1os. Tambi\u00e9n sali\u00f3 primero en cuatro de las cinco localidades con mayor cantidad de electores.<\/p>\n","protected":false},"excerpt":{"rendered":"<p>&#8220;Y el peronismo se impuso en Rosario&#8221; El gobernador celebr\u00f3 el triunfo, pero advirti\u00f3: \u201cEs la elecci\u00f3n con menor participaci\u00f3n en 42 a\u00f1os de democracia y eso debe ser motivo de reflexi\u00f3n\u201d. C\u00f3mo sali\u00f3 La Libertad Avanza. El domingo 29 de junio, Santa Fe celebr\u00f3 elecciones para renovar 65 concejales y 19 intendentes. Con el [&hellip;]<\/p>\n","protected":false},"author":4,"featured_media":192122,"comment_status":"closed","ping_status":"closed","sticky":false,"template":"","format":"standard","meta":{"_joinchat":[],"footnotes":""},"categories":[29],"tags":[],"class_list":{"0":"post-192121","1":"post","2":"type-post","3":"status-publish","4":"format-standard","5":"has-post-thumbnail","7":"category-nacionales"},"yoast_head":"<!-- This site is optimized with the Yoast SEO plugin v27.2 - https:\/\/yoast.com\/product\/yoast-seo-wordpress\/ -->\n<title>Elecciones en Santa Fe: Pullaro gan\u00f3 en la capital - Radio Infinita Goya<\/title>\n<meta name=\"description\" content=\"&quot;Y el peronismo se impuso en Rosario&quot; El gobernador celebr\u00f3 el triunfo, pero advirti\u00f3: \u201cEs la elecci\u00f3n con menor participaci\u00f3n en 42 a\u00f1os de democracia y\" \/>\n<meta name=\"robots\" content=\"index, follow, max-snippet:-1, max-image-preview:large, max-video-preview:-1\" \/>\n<link rel=\"canonical\" href=\"https:\/\/radioinfinitagoya.com.ar\/v1\/2025\/06\/30\/elecciones-en-santa-fe-pullaro-gano-en-la-capital\/\" \/>\n<meta property=\"og:locale\" content=\"es_ES\" \/>\n<meta property=\"og:type\" content=\"article\" \/>\n<meta property=\"og:title\" content=\"Elecciones en Santa Fe: Pullaro gan\u00f3 en la capital - Radio Infinita Goya\" \/>\n<meta property=\"og:description\" content=\"&quot;Y el peronismo se impuso en Rosario&quot; El gobernador celebr\u00f3 el triunfo, pero advirti\u00f3: \u201cEs la elecci\u00f3n con menor participaci\u00f3n en 42 a\u00f1os de democracia y\" \/>\n<meta property=\"og:url\" content=\"https:\/\/radioinfinitagoya.com.ar\/v1\/2025\/06\/30\/elecciones-en-santa-fe-pullaro-gano-en-la-capital\/\" \/>\n<meta property=\"og:site_name\" content=\"Radio Infinita Goya\" \/>\n<meta property=\"article:publisher\" content=\"https:\/\/www.facebook.com\/p\/Infinita-Goya-100063870918311\/\" \/>\n<meta property=\"article:published_time\" content=\"2025-06-30T19:09:20+00:00\" \/>\n<meta property=\"og:image\" content=\"https:\/\/radioinfinitagoya.com.ar\/v1\/wp-content\/uploads\/2025\/06\/GupVjp5XYAAy6g1.jpg\" \/>\n\t<meta property=\"og:image:width\" content=\"680\" \/>\n\t<meta property=\"og:image:height\" content=\"454\" \/>\n\t<meta property=\"og:image:type\" content=\"image\/jpeg\" \/>\n<meta name=\"author\" content=\"Jorge Mi\u00f1o\" \/>\n<meta name=\"twitter:card\" content=\"summary_large_image\" \/>\n<meta name=\"twitter:label1\" content=\"Escrito por\" \/>\n\t<meta name=\"twitter:data1\" content=\"Jorge Mi\u00f1o\" \/>\n\t<meta name=\"twitter:label2\" content=\"Tiempo de lectura\" \/>\n\t<meta name=\"twitter:data2\" content=\"3 minutos\" \/>\n<script type=\"application\/ld+json\" class=\"yoast-schema-graph\">{\"@context\":\"https:\/\/schema.org\",\"@graph\":[{\"@type\":\"Article\",\"@id\":\"https:\/\/radioinfinitagoya.com.ar\/v1\/2025\/06\/30\/elecciones-en-santa-fe-pullaro-gano-en-la-capital\/#article\",\"isPartOf\":{\"@id\":\"https:\/\/radioinfinitagoya.com.ar\/v1\/2025\/06\/30\/elecciones-en-santa-fe-pullaro-gano-en-la-capital\/\"},\"author\":{\"name\":\"Jorge Mi\u00f1o\",\"@id\":\"https:\/\/radioinfinitagoya.com.ar\/v1\/#\/schema\/person\/d4cf9c413d4f6edb24aabdccab49ca4a\"},\"headline\":\"Elecciones en Santa Fe: Pullaro gan\u00f3 en la capital\",\"datePublished\":\"2025-06-30T19:09:20+00:00\",\"mainEntityOfPage\":{\"@id\":\"https:\/\/radioinfinitagoya.com.ar\/v1\/2025\/06\/30\/elecciones-en-santa-fe-pullaro-gano-en-la-capital\/\"},\"wordCount\":465,\"publisher\":{\"@id\":\"https:\/\/radioinfinitagoya.com.ar\/v1\/#organization\"},\"image\":{\"@id\":\"https:\/\/radioinfinitagoya.com.ar\/v1\/2025\/06\/30\/elecciones-en-santa-fe-pullaro-gano-en-la-capital\/#primaryimage\"},\"thumbnailUrl\":\"https:\/\/radioinfinitagoya.com.ar\/v1\/wp-content\/uploads\/2025\/06\/GupVjp5XYAAy6g1.jpg\",\"articleSection\":[\"NACIONALES\"],\"inLanguage\":\"es-AR\"},{\"@type\":\"WebPage\",\"@id\":\"https:\/\/radioinfinitagoya.com.ar\/v1\/2025\/06\/30\/elecciones-en-santa-fe-pullaro-gano-en-la-capital\/\",\"url\":\"https:\/\/radioinfinitagoya.com.ar\/v1\/2025\/06\/30\/elecciones-en-santa-fe-pullaro-gano-en-la-capital\/\",\"name\":\"Elecciones en Santa Fe: Pullaro gan\u00f3 en la capital - Radio Infinita Goya\",\"isPartOf\":{\"@id\":\"https:\/\/radioinfinitagoya.com.ar\/v1\/#website\"},\"primaryImageOfPage\":{\"@id\":\"https:\/\/radioinfinitagoya.com.ar\/v1\/2025\/06\/30\/elecciones-en-santa-fe-pullaro-gano-en-la-capital\/#primaryimage\"},\"image\":{\"@id\":\"https:\/\/radioinfinitagoya.com.ar\/v1\/2025\/06\/30\/elecciones-en-santa-fe-pullaro-gano-en-la-capital\/#primaryimage\"},\"thumbnailUrl\":\"https:\/\/radioinfinitagoya.com.ar\/v1\/wp-content\/uploads\/2025\/06\/GupVjp5XYAAy6g1.jpg\",\"datePublished\":\"2025-06-30T19:09:20+00:00\",\"description\":\"\\\"Y el peronismo se impuso en Rosario\\\" El gobernador celebr\u00f3 el triunfo, pero advirti\u00f3: \u201cEs la elecci\u00f3n con menor participaci\u00f3n en 42 a\u00f1os de democracia y\",\"breadcrumb\":{\"@id\":\"https:\/\/radioinfinitagoya.com.ar\/v1\/2025\/06\/30\/elecciones-en-santa-fe-pullaro-gano-en-la-capital\/#breadcrumb\"},\"inLanguage\":\"es-AR\",\"potentialAction\":[{\"@type\":\"ReadAction\",\"target\":[\"https:\/\/radioinfinitagoya.com.ar\/v1\/2025\/06\/30\/elecciones-en-santa-fe-pullaro-gano-en-la-capital\/\"]}]},{\"@type\":\"ImageObject\",\"inLanguage\":\"es-AR\",\"@id\":\"https:\/\/radioinfinitagoya.com.ar\/v1\/2025\/06\/30\/elecciones-en-santa-fe-pullaro-gano-en-la-capital\/#primaryimage\",\"url\":\"https:\/\/radioinfinitagoya.com.ar\/v1\/wp-content\/uploads\/2025\/06\/GupVjp5XYAAy6g1.jpg\",\"contentUrl\":\"https:\/\/radioinfinitagoya.com.ar\/v1\/wp-content\/uploads\/2025\/06\/GupVjp5XYAAy6g1.jpg\",\"width\":680,\"height\":454},{\"@type\":\"BreadcrumbList\",\"@id\":\"https:\/\/radioinfinitagoya.com.ar\/v1\/2025\/06\/30\/elecciones-en-santa-fe-pullaro-gano-en-la-capital\/#breadcrumb\",\"itemListElement\":[{\"@type\":\"ListItem\",\"position\":1,\"name\":\"Inicio\",\"item\":\"https:\/\/radioinfinitagoya.com.ar\/v1\/\"},{\"@type\":\"ListItem\",\"position\":2,\"name\":\"Elecciones en Santa Fe: Pullaro gan\u00f3 en la capital\"}]},{\"@type\":\"WebSite\",\"@id\":\"https:\/\/radioinfinitagoya.com.ar\/v1\/#website\",\"url\":\"https:\/\/radioinfinitagoya.com.ar\/v1\/\",\"name\":\"radioinfinitagoya.com.ar\",\"description\":\"Radio de noticias\",\"publisher\":{\"@id\":\"https:\/\/radioinfinitagoya.com.ar\/v1\/#organization\"},\"potentialAction\":[{\"@type\":\"SearchAction\",\"target\":{\"@type\":\"EntryPoint\",\"urlTemplate\":\"https:\/\/radioinfinitagoya.com.ar\/v1\/?s={search_term_string}\"},\"query-input\":{\"@type\":\"PropertyValueSpecification\",\"valueRequired\":true,\"valueName\":\"search_term_string\"}}],\"inLanguage\":\"es-AR\"},{\"@type\":\"Organization\",\"@id\":\"https:\/\/radioinfinitagoya.com.ar\/v1\/#organization\",\"name\":\"Radio Infinita Goya\",\"url\":\"https:\/\/radioinfinitagoya.com.ar\/v1\/\",\"logo\":{\"@type\":\"ImageObject\",\"inLanguage\":\"es-AR\",\"@id\":\"https:\/\/radioinfinitagoya.com.ar\/v1\/#\/schema\/logo\/image\/\",\"url\":\"https:\/\/radioinfinitagoya.com.ar\/v1\/wp-content\/uploads\/2019\/11\/logo-pie-web.png\",\"contentUrl\":\"https:\/\/radioinfinitagoya.com.ar\/v1\/wp-content\/uploads\/2019\/11\/logo-pie-web.png\",\"width\":635,\"height\":326,\"caption\":\"Radio Infinita Goya\"},\"image\":{\"@id\":\"https:\/\/radioinfinitagoya.com.ar\/v1\/#\/schema\/logo\/image\/\"},\"sameAs\":[\"https:\/\/www.facebook.com\/p\/Infinita-Goya-100063870918311\/\"]},{\"@type\":\"Person\",\"@id\":\"https:\/\/radioinfinitagoya.com.ar\/v1\/#\/schema\/person\/d4cf9c413d4f6edb24aabdccab49ca4a\",\"name\":\"Jorge Mi\u00f1o\",\"image\":{\"@type\":\"ImageObject\",\"inLanguage\":\"es-AR\",\"@id\":\"https:\/\/secure.gravatar.com\/avatar\/910fcf6728fe95320e07a6643c1581fec1c7fc4bf8ae12e3d8f0d0373dc844be?s=96&d=mm&r=g\",\"url\":\"https:\/\/secure.gravatar.com\/avatar\/910fcf6728fe95320e07a6643c1581fec1c7fc4bf8ae12e3d8f0d0373dc844be?s=96&d=mm&r=g\",\"contentUrl\":\"https:\/\/secure.gravatar.com\/avatar\/910fcf6728fe95320e07a6643c1581fec1c7fc4bf8ae12e3d8f0d0373dc844be?s=96&d=mm&r=g\",\"caption\":\"Jorge Mi\u00f1o\"},\"sameAs\":[\"http:\/\/radioinfinitagoya.com.ar\"]}]}<\/script>\n<!-- \/ Yoast SEO plugin. -->","yoast_head_json":{"title":"Elecciones en Santa Fe: Pullaro gan\u00f3 en la capital - Radio Infinita Goya","description":"\"Y el peronismo se impuso en Rosario\" El gobernador celebr\u00f3 el triunfo, pero advirti\u00f3: \u201cEs la elecci\u00f3n con menor participaci\u00f3n en 42 a\u00f1os de democracia y","robots":{"index":"index","follow":"follow","max-snippet":"max-snippet:-1","max-image-preview":"max-image-preview:large","max-video-preview":"max-video-preview:-1"},"canonical":"https:\/\/radioinfinitagoya.com.ar\/v1\/2025\/06\/30\/elecciones-en-santa-fe-pullaro-gano-en-la-capital\/","og_locale":"es_ES","og_type":"article","og_title":"Elecciones en Santa Fe: Pullaro gan\u00f3 en la capital - Radio Infinita Goya","og_description":"\"Y el peronismo se impuso en Rosario\" El gobernador celebr\u00f3 el triunfo, pero advirti\u00f3: \u201cEs la elecci\u00f3n con menor participaci\u00f3n en 42 a\u00f1os de democracia y","og_url":"https:\/\/radioinfinitagoya.com.ar\/v1\/2025\/06\/30\/elecciones-en-santa-fe-pullaro-gano-en-la-capital\/","og_site_name":"Radio Infinita Goya","article_publisher":"https:\/\/www.facebook.com\/p\/Infinita-Goya-100063870918311\/","article_published_time":"2025-06-30T19:09:20+00:00","og_image":[{"width":680,"height":454,"url":"https:\/\/radioinfinitagoya.com.ar\/v1\/wp-content\/uploads\/2025\/06\/GupVjp5XYAAy6g1.jpg","type":"image\/jpeg"}],"author":"Jorge Mi\u00f1o","twitter_card":"summary_large_image","twitter_misc":{"Escrito por":"Jorge Mi\u00f1o","Tiempo de lectura":"3 minutos"},"schema":{"@context":"https:\/\/schema.org","@graph":[{"@type":"Article","@id":"https:\/\/radioinfinitagoya.com.ar\/v1\/2025\/06\/30\/elecciones-en-santa-fe-pullaro-gano-en-la-capital\/#article","isPartOf":{"@id":"https:\/\/radioinfinitagoya.com.ar\/v1\/2025\/06\/30\/elecciones-en-santa-fe-pullaro-gano-en-la-capital\/"},"author":{"name":"Jorge Mi\u00f1o","@id":"https:\/\/radioinfinitagoya.com.ar\/v1\/#\/schema\/person\/d4cf9c413d4f6edb24aabdccab49ca4a"},"headline":"Elecciones en Santa Fe: Pullaro gan\u00f3 en la capital","datePublished":"2025-06-30T19:09:20+00:00","mainEntityOfPage":{"@id":"https:\/\/radioinfinitagoya.com.ar\/v1\/2025\/06\/30\/elecciones-en-santa-fe-pullaro-gano-en-la-capital\/"},"wordCount":465,"publisher":{"@id":"https:\/\/radioinfinitagoya.com.ar\/v1\/#organization"},"image":{"@id":"https:\/\/radioinfinitagoya.com.ar\/v1\/2025\/06\/30\/elecciones-en-santa-fe-pullaro-gano-en-la-capital\/#primaryimage"},"thumbnailUrl":"https:\/\/radioinfinitagoya.com.ar\/v1\/wp-content\/uploads\/2025\/06\/GupVjp5XYAAy6g1.jpg","articleSection":["NACIONALES"],"inLanguage":"es-AR"},{"@type":"WebPage","@id":"https:\/\/radioinfinitagoya.com.ar\/v1\/2025\/06\/30\/elecciones-en-santa-fe-pullaro-gano-en-la-capital\/","url":"https:\/\/radioinfinitagoya.com.ar\/v1\/2025\/06\/30\/elecciones-en-santa-fe-pullaro-gano-en-la-capital\/","name":"Elecciones en Santa Fe: Pullaro gan\u00f3 en la capital - Radio Infinita Goya","isPartOf":{"@id":"https:\/\/radioinfinitagoya.com.ar\/v1\/#website"},"primaryImageOfPage":{"@id":"https:\/\/radioinfinitagoya.com.ar\/v1\/2025\/06\/30\/elecciones-en-santa-fe-pullaro-gano-en-la-capital\/#primaryimage"},"image":{"@id":"https:\/\/radioinfinitagoya.com.ar\/v1\/2025\/06\/30\/elecciones-en-santa-fe-pullaro-gano-en-la-capital\/#primaryimage"},"thumbnailUrl":"https:\/\/radioinfinitagoya.com.ar\/v1\/wp-content\/uploads\/2025\/06\/GupVjp5XYAAy6g1.jpg","datePublished":"2025-06-30T19:09:20+00:00","description":"\"Y el peronismo se impuso en Rosario\" El gobernador celebr\u00f3 el triunfo, pero advirti\u00f3: \u201cEs la elecci\u00f3n con menor participaci\u00f3n en 42 a\u00f1os de democracia y","breadcrumb":{"@id":"https:\/\/radioinfinitagoya.com.ar\/v1\/2025\/06\/30\/elecciones-en-santa-fe-pullaro-gano-en-la-capital\/#breadcrumb"},"inLanguage":"es-AR","potentialAction":[{"@type":"ReadAction","target":["https:\/\/radioinfinitagoya.com.ar\/v1\/2025\/06\/30\/elecciones-en-santa-fe-pullaro-gano-en-la-capital\/"]}]},{"@type":"ImageObject","inLanguage":"es-AR","@id":"https:\/\/radioinfinitagoya.com.ar\/v1\/2025\/06\/30\/elecciones-en-santa-fe-pullaro-gano-en-la-capital\/#primaryimage","url":"https:\/\/radioinfinitagoya.com.ar\/v1\/wp-content\/uploads\/2025\/06\/GupVjp5XYAAy6g1.jpg","contentUrl":"https:\/\/radioinfinitagoya.com.ar\/v1\/wp-content\/uploads\/2025\/06\/GupVjp5XYAAy6g1.jpg","width":680,"height":454},{"@type":"BreadcrumbList","@id":"https:\/\/radioinfinitagoya.com.ar\/v1\/2025\/06\/30\/elecciones-en-santa-fe-pullaro-gano-en-la-capital\/#breadcrumb","itemListElement":[{"@type":"ListItem","position":1,"name":"Inicio","item":"https:\/\/radioinfinitagoya.com.ar\/v1\/"},{"@type":"ListItem","position":2,"name":"Elecciones en Santa Fe: Pullaro gan\u00f3 en la capital"}]},{"@type":"WebSite","@id":"https:\/\/radioinfinitagoya.com.ar\/v1\/#website","url":"https:\/\/radioinfinitagoya.com.ar\/v1\/","name":"radioinfinitagoya.com.ar","description":"Radio de noticias","publisher":{"@id":"https:\/\/radioinfinitagoya.com.ar\/v1\/#organization"},"potentialAction":[{"@type":"SearchAction","target":{"@type":"EntryPoint","urlTemplate":"https:\/\/radioinfinitagoya.com.ar\/v1\/?s={search_term_string}"},"query-input":{"@type":"PropertyValueSpecification","valueRequired":true,"valueName":"search_term_string"}}],"inLanguage":"es-AR"},{"@type":"Organization","@id":"https:\/\/radioinfinitagoya.com.ar\/v1\/#organization","name":"Radio Infinita Goya","url":"https:\/\/radioinfinitagoya.com.ar\/v1\/","logo":{"@type":"ImageObject","inLanguage":"es-AR","@id":"https:\/\/radioinfinitagoya.com.ar\/v1\/#\/schema\/logo\/image\/","url":"https:\/\/radioinfinitagoya.com.ar\/v1\/wp-content\/uploads\/2019\/11\/logo-pie-web.png","contentUrl":"https:\/\/radioinfinitagoya.com.ar\/v1\/wp-content\/uploads\/2019\/11\/logo-pie-web.png","width":635,"height":326,"caption":"Radio Infinita Goya"},"image":{"@id":"https:\/\/radioinfinitagoya.com.ar\/v1\/#\/schema\/logo\/image\/"},"sameAs":["https:\/\/www.facebook.com\/p\/Infinita-Goya-100063870918311\/"]},{"@type":"Person","@id":"https:\/\/radioinfinitagoya.com.ar\/v1\/#\/schema\/person\/d4cf9c413d4f6edb24aabdccab49ca4a","name":"Jorge Mi\u00f1o","image":{"@type":"ImageObject","inLanguage":"es-AR","@id":"https:\/\/secure.gravatar.com\/avatar\/910fcf6728fe95320e07a6643c1581fec1c7fc4bf8ae12e3d8f0d0373dc844be?s=96&d=mm&r=g","url":"https:\/\/secure.gravatar.com\/avatar\/910fcf6728fe95320e07a6643c1581fec1c7fc4bf8ae12e3d8f0d0373dc844be?s=96&d=mm&r=g","contentUrl":"https:\/\/secure.gravatar.com\/avatar\/910fcf6728fe95320e07a6643c1581fec1c7fc4bf8ae12e3d8f0d0373dc844be?s=96&d=mm&r=g","caption":"Jorge Mi\u00f1o"},"sameAs":["http:\/\/radioinfinitagoya.com.ar"]}]}},"_links":{"self":[{"href":"https:\/\/radioinfinitagoya.com.ar\/v1\/wp-json\/wp\/v2\/posts\/192121","targetHints":{"allow":["GET"]}}],"collection":[{"href":"https:\/\/radioinfinitagoya.com.ar\/v1\/wp-json\/wp\/v2\/posts"}],"about":[{"href":"https:\/\/radioinfinitagoya.com.ar\/v1\/wp-json\/wp\/v2\/types\/post"}],"author":[{"embeddable":true,"href":"https:\/\/radioinfinitagoya.com.ar\/v1\/wp-json\/wp\/v2\/users\/4"}],"replies":[{"embeddable":true,"href":"https:\/\/radioinfinitagoya.com.ar\/v1\/wp-json\/wp\/v2\/comments?post=192121"}],"version-history":[{"count":0,"href":"https:\/\/radioinfinitagoya.com.ar\/v1\/wp-json\/wp\/v2\/posts\/192121\/revisions"}],"wp:featuredmedia":[{"embeddable":true,"href":"https:\/\/radioinfinitagoya.com.ar\/v1\/wp-json\/wp\/v2\/media\/192122"}],"wp:attachment":[{"href":"https:\/\/radioinfinitagoya.com.ar\/v1\/wp-json\/wp\/v2\/media?parent=192121"}],"wp:term":[{"taxonomy":"category","embeddable":true,"href":"https:\/\/radioinfinitagoya.com.ar\/v1\/wp-json\/wp\/v2\/categories?post=192121"},{"taxonomy":"post_tag","embeddable":true,"href":"https:\/\/radioinfinitagoya.com.ar\/v1\/wp-json\/wp\/v2\/tags?post=192121"}],"curies":[{"name":"wp","href":"https:\/\/api.w.org\/{rel}","templated":true}]}}