{"id":192249,"date":"2025-07-02T16:43:33","date_gmt":"2025-07-02T19:43:33","guid":{"rendered":"https:\/\/radioinfinitagoya.com.ar\/v1\/?p=192249"},"modified":"2025-07-02T16:43:33","modified_gmt":"2025-07-02T19:43:33","slug":"el-vocero-de-javier-milei-ya-se-candidatea-para-presidente","status":"publish","type":"post","link":"https:\/\/radioinfinitagoya.com.ar\/v1\/2025\/07\/02\/el-vocero-de-javier-milei-ya-se-candidatea-para-presidente\/","title":{"rendered":"El vocero de Javier Milei ya se candidatea para presidente"},"content":{"rendered":"<p>El vocero presidencial revel\u00f3 que ocupar\u00e1 el lugar que Javier Milei le pida y habl\u00f3 de la posibilidad de sucederlo en el cargo.<\/p>\n<p>El vocero presidencial y legislador porte\u00f1o, Manuel Adorni, dej\u00f3 abierta la posibilidad a protagonizar una potencial candidatura presidencial en el futuro al sostener que \u201cno se puede cerrar ninguna puerta\u201d.<\/p>\n<p>&#8220;No podr\u00eda cerrar la puerta porque la historia del \u00faltimo a\u00f1o y medio me marca que no se puede cerrar ninguna puerta&#8221;, sostuvo en declaraciones a DNEWS, la se\u00f1al de noticias de Latinoam\u00e9rica para la regi\u00f3n, y aclar\u00f3: \u201cHoy voy a estar donde el Presidente me pida que est\u00e9\u201d.<\/p>\n<p>Pese a sus intenciones, el funcionario aclar\u00f3 que la decisi\u00f3n la tomar\u00e1 el mandatario junto a las autoridades de La Libertad Avanza, aunque se encarg\u00f3 de aclarar que no configura un desaf\u00edo personal. &#8220;Si eso ocurre, en alg\u00fan momento, seguramente qui\u00e9n me lo pida sea tambi\u00e9n el Presidente actual, precis\u00f3.<\/p>\n<p>&#8220;A priori la respuesta es no, pero no hay que olvidarse que fui a hacerle una nota al presidente electo y sal\u00ed de la nota siendo vocero&#8221;, record\u00f3, y sum\u00f3: &#8220;Entonces hacer futurolog\u00eda en este plano es muy complejo porque yo me sum\u00e9 a un proyecto, no me sum\u00e9 a un cargo\u201d.<\/p>\n<p>El flamante legislador electo por la fuerza libertaria deber\u00e1 asumir el pr\u00f3ximo 10 de diciembre luego de haberse impuesto en los comicios porte\u00f1os con el 30,13% de los votos (487.909). En segundo lugar qued\u00f3 el candidato peronista Leandro Santoro, con el 27,35% de las voluntades (442.802) y en tercer lugar la diputada Silvia Lospennato (PRO), con el 15,93% de los votos (257.861).<\/p>\n<p>&#8220;\u00bfQu\u00e9 voy a hacer yo dentro de dos meses, un a\u00f1o, diez a\u00f1os? No lo s\u00e9&#8221;, confes\u00f3, y ampli\u00f3: &#8220;Si la historia me pone en alg\u00fan otro lugar, lo voy a hacer bajo la misma l\u00ednea de siempre. En 20 a\u00f1os quiero vivir en un pa\u00eds normal, con futuro, donde mis hijos sean felices y quienes me rodean tengan expectativa en el futuro\u201d.<\/p>\n<p>Asimismo, aclar\u00f3: \u201cNosotros no nos sumamos a una estructura de poder, nos sumamos a una idea de libertad que estamos aplicando cada uno desde su rinconcito y desde su escritorio\u201d.<\/p>\n<p>&#8220;Eso va a ser as\u00ed, siempre, y el d\u00eda que no queramos hacerlo m\u00e1s o nos cansemos, o pensemos que no podemos aportar m\u00e1s nada, nos vamos a ir a nuestras casas\u201d, insisti\u00f3.<\/p>\n<p>Por \u00faltimo, el voceo revel\u00f3 que cuando el mandatario le pida que d\u00e9 un paso al costado, retomar\u00e1 su trabajo en los medios de comunicaci\u00f3n. \u201cCuando el Presidente me diga: \u00b4Manuel, hoy no pod\u00e9s aportar m\u00e1s nada al camino que estamos haciendo\u2019, me voy a ir feliz a mi casa y volver\u00e9 a hacer la radio que amo y volver\u00e9 a mis programas de streaming y a tener otra vida en otro \u00e1mbito\u201d, concluy\u00f3.<\/p>\n","protected":false},"excerpt":{"rendered":"<p>El vocero presidencial revel\u00f3 que ocupar\u00e1 el lugar que Javier Milei le pida y habl\u00f3 de la posibilidad de sucederlo en el cargo. El vocero presidencial y legislador porte\u00f1o, Manuel Adorni, dej\u00f3 abierta la posibilidad a protagonizar una potencial candidatura presidencial en el futuro al sostener que \u201cno se puede cerrar ninguna puerta\u201d. &#8220;No podr\u00eda [&hellip;]<\/p>\n","protected":false},"author":4,"featured_media":192250,"comment_status":"closed","ping_status":"closed","sticky":false,"template":"","format":"standard","meta":{"_joinchat":[],"footnotes":""},"categories":[29],"tags":[],"class_list":{"0":"post-192249","1":"post","2":"type-post","3":"status-publish","4":"format-standard","5":"has-post-thumbnail","7":"category-nacionales"},"yoast_head":"<!-- This site is optimized with the Yoast SEO plugin v27.2 - https:\/\/yoast.com\/product\/yoast-seo-wordpress\/ -->\n<title>El vocero de Javier Milei ya se candidatea para presidente - Radio Infinita Goya<\/title>\n<meta name=\"description\" content=\"El vocero presidencial revel\u00f3 que ocupar\u00e1 el lugar que Javier Milei le pida y habl\u00f3 de la posibilidad de sucederlo en el cargo. El vocero presidencial y\" \/>\n<meta name=\"robots\" content=\"index, follow, max-snippet:-1, max-image-preview:large, max-video-preview:-1\" \/>\n<link rel=\"canonical\" href=\"https:\/\/radioinfinitagoya.com.ar\/v1\/2025\/07\/02\/el-vocero-de-javier-milei-ya-se-candidatea-para-presidente\/\" \/>\n<meta property=\"og:locale\" content=\"es_ES\" \/>\n<meta property=\"og:type\" content=\"article\" \/>\n<meta property=\"og:title\" content=\"El vocero de Javier Milei ya se candidatea para presidente - Radio Infinita Goya\" \/>\n<meta property=\"og:description\" content=\"El vocero presidencial revel\u00f3 que ocupar\u00e1 el lugar que Javier Milei le pida y habl\u00f3 de la posibilidad de sucederlo en el cargo. El vocero presidencial y\" \/>\n<meta property=\"og:url\" content=\"https:\/\/radioinfinitagoya.com.ar\/v1\/2025\/07\/02\/el-vocero-de-javier-milei-ya-se-candidatea-para-presidente\/\" \/>\n<meta property=\"og:site_name\" content=\"Radio Infinita Goya\" \/>\n<meta property=\"article:publisher\" content=\"https:\/\/www.facebook.com\/p\/Infinita-Goya-100063870918311\/\" \/>\n<meta property=\"article:published_time\" content=\"2025-07-02T19:43:33+00:00\" \/>\n<meta property=\"og:image\" content=\"https:\/\/radioinfinitagoya.com.ar\/v1\/wp-content\/uploads\/2025\/07\/GrGxoUsWwAABn0z.jpg\" \/>\n\t<meta property=\"og:image:width\" content=\"680\" \/>\n\t<meta property=\"og:image:height\" content=\"383\" \/>\n\t<meta property=\"og:image:type\" content=\"image\/jpeg\" \/>\n<meta name=\"author\" content=\"Jorge Mi\u00f1o\" \/>\n<meta name=\"twitter:card\" content=\"summary_large_image\" \/>\n<meta name=\"twitter:label1\" content=\"Escrito por\" \/>\n\t<meta name=\"twitter:data1\" content=\"Jorge Mi\u00f1o\" \/>\n\t<meta name=\"twitter:label2\" content=\"Tiempo de lectura\" \/>\n\t<meta name=\"twitter:data2\" content=\"3 minutos\" \/>\n<script type=\"application\/ld+json\" class=\"yoast-schema-graph\">{\"@context\":\"https:\/\/schema.org\",\"@graph\":[{\"@type\":\"Article\",\"@id\":\"https:\/\/radioinfinitagoya.com.ar\/v1\/2025\/07\/02\/el-vocero-de-javier-milei-ya-se-candidatea-para-presidente\/#article\",\"isPartOf\":{\"@id\":\"https:\/\/radioinfinitagoya.com.ar\/v1\/2025\/07\/02\/el-vocero-de-javier-milei-ya-se-candidatea-para-presidente\/\"},\"author\":{\"name\":\"Jorge Mi\u00f1o\",\"@id\":\"https:\/\/radioinfinitagoya.com.ar\/v1\/#\/schema\/person\/d4cf9c413d4f6edb24aabdccab49ca4a\"},\"headline\":\"El vocero de Javier Milei ya se candidatea para presidente\",\"datePublished\":\"2025-07-02T19:43:33+00:00\",\"mainEntityOfPage\":{\"@id\":\"https:\/\/radioinfinitagoya.com.ar\/v1\/2025\/07\/02\/el-vocero-de-javier-milei-ya-se-candidatea-para-presidente\/\"},\"wordCount\":494,\"publisher\":{\"@id\":\"https:\/\/radioinfinitagoya.com.ar\/v1\/#organization\"},\"image\":{\"@id\":\"https:\/\/radioinfinitagoya.com.ar\/v1\/2025\/07\/02\/el-vocero-de-javier-milei-ya-se-candidatea-para-presidente\/#primaryimage\"},\"thumbnailUrl\":\"https:\/\/radioinfinitagoya.com.ar\/v1\/wp-content\/uploads\/2025\/07\/GrGxoUsWwAABn0z.jpg\",\"articleSection\":[\"NACIONALES\"],\"inLanguage\":\"es-AR\"},{\"@type\":\"WebPage\",\"@id\":\"https:\/\/radioinfinitagoya.com.ar\/v1\/2025\/07\/02\/el-vocero-de-javier-milei-ya-se-candidatea-para-presidente\/\",\"url\":\"https:\/\/radioinfinitagoya.com.ar\/v1\/2025\/07\/02\/el-vocero-de-javier-milei-ya-se-candidatea-para-presidente\/\",\"name\":\"El vocero de Javier Milei ya se candidatea para presidente - Radio Infinita Goya\",\"isPartOf\":{\"@id\":\"https:\/\/radioinfinitagoya.com.ar\/v1\/#website\"},\"primaryImageOfPage\":{\"@id\":\"https:\/\/radioinfinitagoya.com.ar\/v1\/2025\/07\/02\/el-vocero-de-javier-milei-ya-se-candidatea-para-presidente\/#primaryimage\"},\"image\":{\"@id\":\"https:\/\/radioinfinitagoya.com.ar\/v1\/2025\/07\/02\/el-vocero-de-javier-milei-ya-se-candidatea-para-presidente\/#primaryimage\"},\"thumbnailUrl\":\"https:\/\/radioinfinitagoya.com.ar\/v1\/wp-content\/uploads\/2025\/07\/GrGxoUsWwAABn0z.jpg\",\"datePublished\":\"2025-07-02T19:43:33+00:00\",\"description\":\"El vocero presidencial revel\u00f3 que ocupar\u00e1 el lugar que Javier Milei le pida y habl\u00f3 de la posibilidad de sucederlo en el cargo. El vocero presidencial y\",\"breadcrumb\":{\"@id\":\"https:\/\/radioinfinitagoya.com.ar\/v1\/2025\/07\/02\/el-vocero-de-javier-milei-ya-se-candidatea-para-presidente\/#breadcrumb\"},\"inLanguage\":\"es-AR\",\"potentialAction\":[{\"@type\":\"ReadAction\",\"target\":[\"https:\/\/radioinfinitagoya.com.ar\/v1\/2025\/07\/02\/el-vocero-de-javier-milei-ya-se-candidatea-para-presidente\/\"]}]},{\"@type\":\"ImageObject\",\"inLanguage\":\"es-AR\",\"@id\":\"https:\/\/radioinfinitagoya.com.ar\/v1\/2025\/07\/02\/el-vocero-de-javier-milei-ya-se-candidatea-para-presidente\/#primaryimage\",\"url\":\"https:\/\/radioinfinitagoya.com.ar\/v1\/wp-content\/uploads\/2025\/07\/GrGxoUsWwAABn0z.jpg\",\"contentUrl\":\"https:\/\/radioinfinitagoya.com.ar\/v1\/wp-content\/uploads\/2025\/07\/GrGxoUsWwAABn0z.jpg\",\"width\":680,\"height\":383},{\"@type\":\"BreadcrumbList\",\"@id\":\"https:\/\/radioinfinitagoya.com.ar\/v1\/2025\/07\/02\/el-vocero-de-javier-milei-ya-se-candidatea-para-presidente\/#breadcrumb\",\"itemListElement\":[{\"@type\":\"ListItem\",\"position\":1,\"name\":\"Inicio\",\"item\":\"https:\/\/radioinfinitagoya.com.ar\/v1\/\"},{\"@type\":\"ListItem\",\"position\":2,\"name\":\"El vocero de Javier Milei ya se candidatea para presidente\"}]},{\"@type\":\"WebSite\",\"@id\":\"https:\/\/radioinfinitagoya.com.ar\/v1\/#website\",\"url\":\"https:\/\/radioinfinitagoya.com.ar\/v1\/\",\"name\":\"radioinfinitagoya.com.ar\",\"description\":\"Radio de noticias\",\"publisher\":{\"@id\":\"https:\/\/radioinfinitagoya.com.ar\/v1\/#organization\"},\"potentialAction\":[{\"@type\":\"SearchAction\",\"target\":{\"@type\":\"EntryPoint\",\"urlTemplate\":\"https:\/\/radioinfinitagoya.com.ar\/v1\/?s={search_term_string}\"},\"query-input\":{\"@type\":\"PropertyValueSpecification\",\"valueRequired\":true,\"valueName\":\"search_term_string\"}}],\"inLanguage\":\"es-AR\"},{\"@type\":\"Organization\",\"@id\":\"https:\/\/radioinfinitagoya.com.ar\/v1\/#organization\",\"name\":\"Radio Infinita Goya\",\"url\":\"https:\/\/radioinfinitagoya.com.ar\/v1\/\",\"logo\":{\"@type\":\"ImageObject\",\"inLanguage\":\"es-AR\",\"@id\":\"https:\/\/radioinfinitagoya.com.ar\/v1\/#\/schema\/logo\/image\/\",\"url\":\"https:\/\/radioinfinitagoya.com.ar\/v1\/wp-content\/uploads\/2019\/11\/logo-pie-web.png\",\"contentUrl\":\"https:\/\/radioinfinitagoya.com.ar\/v1\/wp-content\/uploads\/2019\/11\/logo-pie-web.png\",\"width\":635,\"height\":326,\"caption\":\"Radio Infinita Goya\"},\"image\":{\"@id\":\"https:\/\/radioinfinitagoya.com.ar\/v1\/#\/schema\/logo\/image\/\"},\"sameAs\":[\"https:\/\/www.facebook.com\/p\/Infinita-Goya-100063870918311\/\"]},{\"@type\":\"Person\",\"@id\":\"https:\/\/radioinfinitagoya.com.ar\/v1\/#\/schema\/person\/d4cf9c413d4f6edb24aabdccab49ca4a\",\"name\":\"Jorge Mi\u00f1o\",\"image\":{\"@type\":\"ImageObject\",\"inLanguage\":\"es-AR\",\"@id\":\"https:\/\/secure.gravatar.com\/avatar\/910fcf6728fe95320e07a6643c1581fec1c7fc4bf8ae12e3d8f0d0373dc844be?s=96&d=mm&r=g\",\"url\":\"https:\/\/secure.gravatar.com\/avatar\/910fcf6728fe95320e07a6643c1581fec1c7fc4bf8ae12e3d8f0d0373dc844be?s=96&d=mm&r=g\",\"contentUrl\":\"https:\/\/secure.gravatar.com\/avatar\/910fcf6728fe95320e07a6643c1581fec1c7fc4bf8ae12e3d8f0d0373dc844be?s=96&d=mm&r=g\",\"caption\":\"Jorge Mi\u00f1o\"},\"sameAs\":[\"http:\/\/radioinfinitagoya.com.ar\"]}]}<\/script>\n<!-- \/ Yoast SEO plugin. -->","yoast_head_json":{"title":"El vocero de Javier Milei ya se candidatea para presidente - Radio Infinita Goya","description":"El vocero presidencial revel\u00f3 que ocupar\u00e1 el lugar que Javier Milei le pida y habl\u00f3 de la posibilidad de sucederlo en el cargo. El vocero presidencial y","robots":{"index":"index","follow":"follow","max-snippet":"max-snippet:-1","max-image-preview":"max-image-preview:large","max-video-preview":"max-video-preview:-1"},"canonical":"https:\/\/radioinfinitagoya.com.ar\/v1\/2025\/07\/02\/el-vocero-de-javier-milei-ya-se-candidatea-para-presidente\/","og_locale":"es_ES","og_type":"article","og_title":"El vocero de Javier Milei ya se candidatea para presidente - Radio Infinita Goya","og_description":"El vocero presidencial revel\u00f3 que ocupar\u00e1 el lugar que Javier Milei le pida y habl\u00f3 de la posibilidad de sucederlo en el cargo. El vocero presidencial y","og_url":"https:\/\/radioinfinitagoya.com.ar\/v1\/2025\/07\/02\/el-vocero-de-javier-milei-ya-se-candidatea-para-presidente\/","og_site_name":"Radio Infinita Goya","article_publisher":"https:\/\/www.facebook.com\/p\/Infinita-Goya-100063870918311\/","article_published_time":"2025-07-02T19:43:33+00:00","og_image":[{"width":680,"height":383,"url":"https:\/\/radioinfinitagoya.com.ar\/v1\/wp-content\/uploads\/2025\/07\/GrGxoUsWwAABn0z.jpg","type":"image\/jpeg"}],"author":"Jorge Mi\u00f1o","twitter_card":"summary_large_image","twitter_misc":{"Escrito por":"Jorge Mi\u00f1o","Tiempo de lectura":"3 minutos"},"schema":{"@context":"https:\/\/schema.org","@graph":[{"@type":"Article","@id":"https:\/\/radioinfinitagoya.com.ar\/v1\/2025\/07\/02\/el-vocero-de-javier-milei-ya-se-candidatea-para-presidente\/#article","isPartOf":{"@id":"https:\/\/radioinfinitagoya.com.ar\/v1\/2025\/07\/02\/el-vocero-de-javier-milei-ya-se-candidatea-para-presidente\/"},"author":{"name":"Jorge Mi\u00f1o","@id":"https:\/\/radioinfinitagoya.com.ar\/v1\/#\/schema\/person\/d4cf9c413d4f6edb24aabdccab49ca4a"},"headline":"El vocero de Javier Milei ya se candidatea para presidente","datePublished":"2025-07-02T19:43:33+00:00","mainEntityOfPage":{"@id":"https:\/\/radioinfinitagoya.com.ar\/v1\/2025\/07\/02\/el-vocero-de-javier-milei-ya-se-candidatea-para-presidente\/"},"wordCount":494,"publisher":{"@id":"https:\/\/radioinfinitagoya.com.ar\/v1\/#organization"},"image":{"@id":"https:\/\/radioinfinitagoya.com.ar\/v1\/2025\/07\/02\/el-vocero-de-javier-milei-ya-se-candidatea-para-presidente\/#primaryimage"},"thumbnailUrl":"https:\/\/radioinfinitagoya.com.ar\/v1\/wp-content\/uploads\/2025\/07\/GrGxoUsWwAABn0z.jpg","articleSection":["NACIONALES"],"inLanguage":"es-AR"},{"@type":"WebPage","@id":"https:\/\/radioinfinitagoya.com.ar\/v1\/2025\/07\/02\/el-vocero-de-javier-milei-ya-se-candidatea-para-presidente\/","url":"https:\/\/radioinfinitagoya.com.ar\/v1\/2025\/07\/02\/el-vocero-de-javier-milei-ya-se-candidatea-para-presidente\/","name":"El vocero de Javier Milei ya se candidatea para presidente - Radio Infinita Goya","isPartOf":{"@id":"https:\/\/radioinfinitagoya.com.ar\/v1\/#website"},"primaryImageOfPage":{"@id":"https:\/\/radioinfinitagoya.com.ar\/v1\/2025\/07\/02\/el-vocero-de-javier-milei-ya-se-candidatea-para-presidente\/#primaryimage"},"image":{"@id":"https:\/\/radioinfinitagoya.com.ar\/v1\/2025\/07\/02\/el-vocero-de-javier-milei-ya-se-candidatea-para-presidente\/#primaryimage"},"thumbnailUrl":"https:\/\/radioinfinitagoya.com.ar\/v1\/wp-content\/uploads\/2025\/07\/GrGxoUsWwAABn0z.jpg","datePublished":"2025-07-02T19:43:33+00:00","description":"El vocero presidencial revel\u00f3 que ocupar\u00e1 el lugar que Javier Milei le pida y habl\u00f3 de la posibilidad de sucederlo en el cargo. El vocero presidencial y","breadcrumb":{"@id":"https:\/\/radioinfinitagoya.com.ar\/v1\/2025\/07\/02\/el-vocero-de-javier-milei-ya-se-candidatea-para-presidente\/#breadcrumb"},"inLanguage":"es-AR","potentialAction":[{"@type":"ReadAction","target":["https:\/\/radioinfinitagoya.com.ar\/v1\/2025\/07\/02\/el-vocero-de-javier-milei-ya-se-candidatea-para-presidente\/"]}]},{"@type":"ImageObject","inLanguage":"es-AR","@id":"https:\/\/radioinfinitagoya.com.ar\/v1\/2025\/07\/02\/el-vocero-de-javier-milei-ya-se-candidatea-para-presidente\/#primaryimage","url":"https:\/\/radioinfinitagoya.com.ar\/v1\/wp-content\/uploads\/2025\/07\/GrGxoUsWwAABn0z.jpg","contentUrl":"https:\/\/radioinfinitagoya.com.ar\/v1\/wp-content\/uploads\/2025\/07\/GrGxoUsWwAABn0z.jpg","width":680,"height":383},{"@type":"BreadcrumbList","@id":"https:\/\/radioinfinitagoya.com.ar\/v1\/2025\/07\/02\/el-vocero-de-javier-milei-ya-se-candidatea-para-presidente\/#breadcrumb","itemListElement":[{"@type":"ListItem","position":1,"name":"Inicio","item":"https:\/\/radioinfinitagoya.com.ar\/v1\/"},{"@type":"ListItem","position":2,"name":"El vocero de Javier Milei ya se candidatea para presidente"}]},{"@type":"WebSite","@id":"https:\/\/radioinfinitagoya.com.ar\/v1\/#website","url":"https:\/\/radioinfinitagoya.com.ar\/v1\/","name":"radioinfinitagoya.com.ar","description":"Radio de noticias","publisher":{"@id":"https:\/\/radioinfinitagoya.com.ar\/v1\/#organization"},"potentialAction":[{"@type":"SearchAction","target":{"@type":"EntryPoint","urlTemplate":"https:\/\/radioinfinitagoya.com.ar\/v1\/?s={search_term_string}"},"query-input":{"@type":"PropertyValueSpecification","valueRequired":true,"valueName":"search_term_string"}}],"inLanguage":"es-AR"},{"@type":"Organization","@id":"https:\/\/radioinfinitagoya.com.ar\/v1\/#organization","name":"Radio Infinita Goya","url":"https:\/\/radioinfinitagoya.com.ar\/v1\/","logo":{"@type":"ImageObject","inLanguage":"es-AR","@id":"https:\/\/radioinfinitagoya.com.ar\/v1\/#\/schema\/logo\/image\/","url":"https:\/\/radioinfinitagoya.com.ar\/v1\/wp-content\/uploads\/2019\/11\/logo-pie-web.png","contentUrl":"https:\/\/radioinfinitagoya.com.ar\/v1\/wp-content\/uploads\/2019\/11\/logo-pie-web.png","width":635,"height":326,"caption":"Radio Infinita Goya"},"image":{"@id":"https:\/\/radioinfinitagoya.com.ar\/v1\/#\/schema\/logo\/image\/"},"sameAs":["https:\/\/www.facebook.com\/p\/Infinita-Goya-100063870918311\/"]},{"@type":"Person","@id":"https:\/\/radioinfinitagoya.com.ar\/v1\/#\/schema\/person\/d4cf9c413d4f6edb24aabdccab49ca4a","name":"Jorge Mi\u00f1o","image":{"@type":"ImageObject","inLanguage":"es-AR","@id":"https:\/\/secure.gravatar.com\/avatar\/910fcf6728fe95320e07a6643c1581fec1c7fc4bf8ae12e3d8f0d0373dc844be?s=96&d=mm&r=g","url":"https:\/\/secure.gravatar.com\/avatar\/910fcf6728fe95320e07a6643c1581fec1c7fc4bf8ae12e3d8f0d0373dc844be?s=96&d=mm&r=g","contentUrl":"https:\/\/secure.gravatar.com\/avatar\/910fcf6728fe95320e07a6643c1581fec1c7fc4bf8ae12e3d8f0d0373dc844be?s=96&d=mm&r=g","caption":"Jorge Mi\u00f1o"},"sameAs":["http:\/\/radioinfinitagoya.com.ar"]}]}},"_links":{"self":[{"href":"https:\/\/radioinfinitagoya.com.ar\/v1\/wp-json\/wp\/v2\/posts\/192249","targetHints":{"allow":["GET"]}}],"collection":[{"href":"https:\/\/radioinfinitagoya.com.ar\/v1\/wp-json\/wp\/v2\/posts"}],"about":[{"href":"https:\/\/radioinfinitagoya.com.ar\/v1\/wp-json\/wp\/v2\/types\/post"}],"author":[{"embeddable":true,"href":"https:\/\/radioinfinitagoya.com.ar\/v1\/wp-json\/wp\/v2\/users\/4"}],"replies":[{"embeddable":true,"href":"https:\/\/radioinfinitagoya.com.ar\/v1\/wp-json\/wp\/v2\/comments?post=192249"}],"version-history":[{"count":0,"href":"https:\/\/radioinfinitagoya.com.ar\/v1\/wp-json\/wp\/v2\/posts\/192249\/revisions"}],"wp:featuredmedia":[{"embeddable":true,"href":"https:\/\/radioinfinitagoya.com.ar\/v1\/wp-json\/wp\/v2\/media\/192250"}],"wp:attachment":[{"href":"https:\/\/radioinfinitagoya.com.ar\/v1\/wp-json\/wp\/v2\/media?parent=192249"}],"wp:term":[{"taxonomy":"category","embeddable":true,"href":"https:\/\/radioinfinitagoya.com.ar\/v1\/wp-json\/wp\/v2\/categories?post=192249"},{"taxonomy":"post_tag","embeddable":true,"href":"https:\/\/radioinfinitagoya.com.ar\/v1\/wp-json\/wp\/v2\/tags?post=192249"}],"curies":[{"name":"wp","href":"https:\/\/api.w.org\/{rel}","templated":true}]}}