{"id":192273,"date":"2025-07-03T16:06:41","date_gmt":"2025-07-03T19:06:41","guid":{"rendered":"https:\/\/radioinfinitagoya.com.ar\/v1\/?p=192273"},"modified":"2025-07-03T16:45:15","modified_gmt":"2025-07-03T19:45:15","slug":"los-salarios-en-corrientes-estan-un-18-por-encima-del-crecimiento-de-la-inflacion","status":"publish","type":"post","link":"https:\/\/radioinfinitagoya.com.ar\/v1\/2025\/07\/03\/los-salarios-en-corrientes-estan-un-18-por-encima-del-crecimiento-de-la-inflacion\/","title":{"rendered":"Los salarios en Corrientes est\u00e1n &#8220;un 18% por encima del crecimiento de la inflaci\u00f3n&#8221;"},"content":{"rendered":"<p>As\u00ed lo confirm\u00f3 el Ministro de Hacienda de la Provincia, Marcelo Rivas Piacentini, tras el anuncio del incremento de un 100 % del plus.<\/p>\n<p>El Ministerio de Hacienda y Finanzas de Corrientes realiz\u00f3 este jueves una conferencia de prensa para abordar el incremento en el plus, anunciado por el gobernador Gustavo Vald\u00e9s.<\/p>\n<p>El ministro Marcelo Rivas Piacentini dijo que \u201cel plus corresponde y es parte del ingreso salarial mensual\u201d y agreg\u00f3 que se &#8220;calcula para los jubilados, calcula para otros complementos como el Sueldo Anual Complementario\u201d.<\/p>\n<p>\u201cEste plus unificado que actualmente es de 55 mil pesos, va a pasar a ser de 110 mil pesos, es decir, un incremento del 100%, y el plus de refuerzo que era de 50 mil pesos, a partir del mes de julio va a pasar a ser de 100 mil pesos\u201d, dijo el funcionario y redonde\u00f3 diciendo que \u201cla sumatoria de los dos plus llegar\u00eda a 210 mil pesos en el ingreso mensual a partir del mes de julio\u201d.<\/p>\n<p>Rivas Piacentini dijo que \u201csomos una de las pocas provincias que a esta fecha ya tiene canceladas ambas partes, tanto el sueldo mes de junio, como tambi\u00e9n el medio aguinaldo\u201d.<\/p>\n<p>Adem\u00e1s, el funcionario destac\u00f3 que esta decisi\u00f3n del gobierno provincial significa una mejora de \u201cun incremento del 27% en el mes de julio\u201d. Precis\u00f3 que esto se calcula \u201ccon referencia al Cargo Testigo que es el sueldo de bolsillo, que es lo que recibe un trabajador que reci\u00e9n inicia en el sector p\u00fablico sin tener en cuenta la antig\u00fcedad y el salario familiar\u201d.<\/p>\n<p>El ministro recalc\u00f3 que con esto \u201cvamos aproximadamente en el orden de un 18%, por encima del crecimiento de la inflaci\u00f3n de este a\u00f1o 2025 hasta el mes de julio\u201d. \u201cVamos a seguir trabajando en mantener el equilibrio presupuestario\u201d, y agreg\u00f3 que \u201ctenemos una provincia solvente, s\u00f3lida, no tenemos deudas. Esto es un punto muy favorable si uno compara con el resto de las provincias, nosotros estamos entre las provincias menos endeudadas del pa\u00eds\u201d.<\/p>\n<p>El funcionario aclar\u00f3 que \u201cla caracter\u00edstica de este plus es de car\u00e1cter remunerativo, esto hace que compute tanto para activos como para jubilados y pensionados\u201d, \u201cesto -el plus- tiene aportes y contribuciones\u201d.<\/p>\n","protected":false},"excerpt":{"rendered":"<p>As\u00ed lo confirm\u00f3 el Ministro de Hacienda de la Provincia, Marcelo Rivas Piacentini, tras el anuncio del incremento de un 100 % del plus. El Ministerio de Hacienda y Finanzas de Corrientes realiz\u00f3 este jueves una conferencia de prensa para abordar el incremento en el plus, anunciado por el gobernador Gustavo Vald\u00e9s. El ministro Marcelo [&hellip;]<\/p>\n","protected":false},"author":4,"featured_media":192306,"comment_status":"closed","ping_status":"closed","sticky":false,"template":"","format":"standard","meta":{"_joinchat":[],"footnotes":""},"categories":[26],"tags":[],"class_list":{"0":"post-192273","1":"post","2":"type-post","3":"status-publish","4":"format-standard","5":"has-post-thumbnail","7":"category-provinciales"},"yoast_head":"<!-- This site is optimized with the Yoast SEO plugin v27.2 - https:\/\/yoast.com\/product\/yoast-seo-wordpress\/ -->\n<title>Los salarios en Corrientes est\u00e1n &quot;un 18% por encima del crecimiento de la inflaci\u00f3n&quot; - Radio Infinita Goya<\/title>\n<meta name=\"description\" content=\"As\u00ed lo confirm\u00f3 el Ministro de Hacienda de la Provincia, Marcelo Rivas Piacentini, tras el anuncio del incremento de un 100 % del plus. El Ministerio de\" \/>\n<meta name=\"robots\" content=\"index, follow, max-snippet:-1, max-image-preview:large, max-video-preview:-1\" \/>\n<link rel=\"canonical\" href=\"https:\/\/radioinfinitagoya.com.ar\/v1\/2025\/07\/03\/los-salarios-en-corrientes-estan-un-18-por-encima-del-crecimiento-de-la-inflacion\/\" \/>\n<meta property=\"og:locale\" content=\"es_ES\" \/>\n<meta property=\"og:type\" content=\"article\" \/>\n<meta property=\"og:title\" content=\"Los salarios en Corrientes est\u00e1n &quot;un 18% por encima del crecimiento de la inflaci\u00f3n&quot; - Radio Infinita Goya\" \/>\n<meta property=\"og:description\" content=\"As\u00ed lo confirm\u00f3 el Ministro de Hacienda de la Provincia, Marcelo Rivas Piacentini, tras el anuncio del incremento de un 100 % del plus. El Ministerio de\" \/>\n<meta property=\"og:url\" content=\"https:\/\/radioinfinitagoya.com.ar\/v1\/2025\/07\/03\/los-salarios-en-corrientes-estan-un-18-por-encima-del-crecimiento-de-la-inflacion\/\" \/>\n<meta property=\"og:site_name\" content=\"Radio Infinita Goya\" \/>\n<meta property=\"article:publisher\" content=\"https:\/\/www.facebook.com\/p\/Infinita-Goya-100063870918311\/\" \/>\n<meta property=\"article:published_time\" content=\"2025-07-03T19:06:41+00:00\" \/>\n<meta property=\"article:modified_time\" content=\"2025-07-03T19:45:15+00:00\" \/>\n<meta property=\"og:image\" content=\"https:\/\/radioinfinitagoya.com.ar\/v1\/wp-content\/uploads\/2025\/07\/Gu8LaOpWgAA15K7.jpg\" \/>\n\t<meta property=\"og:image:width\" content=\"2888\" \/>\n\t<meta property=\"og:image:height\" content=\"1928\" \/>\n\t<meta property=\"og:image:type\" content=\"image\/jpeg\" \/>\n<meta name=\"author\" content=\"Jorge Mi\u00f1o\" \/>\n<meta name=\"twitter:card\" content=\"summary_large_image\" \/>\n<meta name=\"twitter:label1\" content=\"Escrito por\" \/>\n\t<meta name=\"twitter:data1\" content=\"Jorge Mi\u00f1o\" \/>\n\t<meta name=\"twitter:label2\" content=\"Tiempo de lectura\" \/>\n\t<meta name=\"twitter:data2\" content=\"2 minutos\" \/>\n<script type=\"application\/ld+json\" class=\"yoast-schema-graph\">{\"@context\":\"https:\/\/schema.org\",\"@graph\":[{\"@type\":\"Article\",\"@id\":\"https:\/\/radioinfinitagoya.com.ar\/v1\/2025\/07\/03\/los-salarios-en-corrientes-estan-un-18-por-encima-del-crecimiento-de-la-inflacion\/#article\",\"isPartOf\":{\"@id\":\"https:\/\/radioinfinitagoya.com.ar\/v1\/2025\/07\/03\/los-salarios-en-corrientes-estan-un-18-por-encima-del-crecimiento-de-la-inflacion\/\"},\"author\":{\"name\":\"Jorge Mi\u00f1o\",\"@id\":\"https:\/\/radioinfinitagoya.com.ar\/v1\/#\/schema\/person\/d4cf9c413d4f6edb24aabdccab49ca4a\"},\"headline\":\"Los salarios en Corrientes est\u00e1n &#8220;un 18% por encima del crecimiento de la inflaci\u00f3n&#8221;\",\"datePublished\":\"2025-07-03T19:06:41+00:00\",\"dateModified\":\"2025-07-03T19:45:15+00:00\",\"mainEntityOfPage\":{\"@id\":\"https:\/\/radioinfinitagoya.com.ar\/v1\/2025\/07\/03\/los-salarios-en-corrientes-estan-un-18-por-encima-del-crecimiento-de-la-inflacion\/\"},\"wordCount\":382,\"publisher\":{\"@id\":\"https:\/\/radioinfinitagoya.com.ar\/v1\/#organization\"},\"image\":{\"@id\":\"https:\/\/radioinfinitagoya.com.ar\/v1\/2025\/07\/03\/los-salarios-en-corrientes-estan-un-18-por-encima-del-crecimiento-de-la-inflacion\/#primaryimage\"},\"thumbnailUrl\":\"https:\/\/radioinfinitagoya.com.ar\/v1\/wp-content\/uploads\/2025\/07\/Gu8LaOpWgAA15K7.jpg\",\"articleSection\":[\"PROVINCIALES\"],\"inLanguage\":\"es-AR\"},{\"@type\":\"WebPage\",\"@id\":\"https:\/\/radioinfinitagoya.com.ar\/v1\/2025\/07\/03\/los-salarios-en-corrientes-estan-un-18-por-encima-del-crecimiento-de-la-inflacion\/\",\"url\":\"https:\/\/radioinfinitagoya.com.ar\/v1\/2025\/07\/03\/los-salarios-en-corrientes-estan-un-18-por-encima-del-crecimiento-de-la-inflacion\/\",\"name\":\"Los salarios en Corrientes est\u00e1n \\\"un 18% por encima del crecimiento de la inflaci\u00f3n\\\" - Radio Infinita Goya\",\"isPartOf\":{\"@id\":\"https:\/\/radioinfinitagoya.com.ar\/v1\/#website\"},\"primaryImageOfPage\":{\"@id\":\"https:\/\/radioinfinitagoya.com.ar\/v1\/2025\/07\/03\/los-salarios-en-corrientes-estan-un-18-por-encima-del-crecimiento-de-la-inflacion\/#primaryimage\"},\"image\":{\"@id\":\"https:\/\/radioinfinitagoya.com.ar\/v1\/2025\/07\/03\/los-salarios-en-corrientes-estan-un-18-por-encima-del-crecimiento-de-la-inflacion\/#primaryimage\"},\"thumbnailUrl\":\"https:\/\/radioinfinitagoya.com.ar\/v1\/wp-content\/uploads\/2025\/07\/Gu8LaOpWgAA15K7.jpg\",\"datePublished\":\"2025-07-03T19:06:41+00:00\",\"dateModified\":\"2025-07-03T19:45:15+00:00\",\"description\":\"As\u00ed lo confirm\u00f3 el Ministro de Hacienda de la Provincia, Marcelo Rivas Piacentini, tras el anuncio del incremento de un 100 % del plus. El Ministerio de\",\"breadcrumb\":{\"@id\":\"https:\/\/radioinfinitagoya.com.ar\/v1\/2025\/07\/03\/los-salarios-en-corrientes-estan-un-18-por-encima-del-crecimiento-de-la-inflacion\/#breadcrumb\"},\"inLanguage\":\"es-AR\",\"potentialAction\":[{\"@type\":\"ReadAction\",\"target\":[\"https:\/\/radioinfinitagoya.com.ar\/v1\/2025\/07\/03\/los-salarios-en-corrientes-estan-un-18-por-encima-del-crecimiento-de-la-inflacion\/\"]}]},{\"@type\":\"ImageObject\",\"inLanguage\":\"es-AR\",\"@id\":\"https:\/\/radioinfinitagoya.com.ar\/v1\/2025\/07\/03\/los-salarios-en-corrientes-estan-un-18-por-encima-del-crecimiento-de-la-inflacion\/#primaryimage\",\"url\":\"https:\/\/radioinfinitagoya.com.ar\/v1\/wp-content\/uploads\/2025\/07\/Gu8LaOpWgAA15K7.jpg\",\"contentUrl\":\"https:\/\/radioinfinitagoya.com.ar\/v1\/wp-content\/uploads\/2025\/07\/Gu8LaOpWgAA15K7.jpg\",\"width\":2888,\"height\":1928},{\"@type\":\"BreadcrumbList\",\"@id\":\"https:\/\/radioinfinitagoya.com.ar\/v1\/2025\/07\/03\/los-salarios-en-corrientes-estan-un-18-por-encima-del-crecimiento-de-la-inflacion\/#breadcrumb\",\"itemListElement\":[{\"@type\":\"ListItem\",\"position\":1,\"name\":\"Inicio\",\"item\":\"https:\/\/radioinfinitagoya.com.ar\/v1\/\"},{\"@type\":\"ListItem\",\"position\":2,\"name\":\"Los salarios en Corrientes est\u00e1n &#8220;un 18% por encima del crecimiento de la inflaci\u00f3n&#8221;\"}]},{\"@type\":\"WebSite\",\"@id\":\"https:\/\/radioinfinitagoya.com.ar\/v1\/#website\",\"url\":\"https:\/\/radioinfinitagoya.com.ar\/v1\/\",\"name\":\"radioinfinitagoya.com.ar\",\"description\":\"Radio de noticias\",\"publisher\":{\"@id\":\"https:\/\/radioinfinitagoya.com.ar\/v1\/#organization\"},\"potentialAction\":[{\"@type\":\"SearchAction\",\"target\":{\"@type\":\"EntryPoint\",\"urlTemplate\":\"https:\/\/radioinfinitagoya.com.ar\/v1\/?s={search_term_string}\"},\"query-input\":{\"@type\":\"PropertyValueSpecification\",\"valueRequired\":true,\"valueName\":\"search_term_string\"}}],\"inLanguage\":\"es-AR\"},{\"@type\":\"Organization\",\"@id\":\"https:\/\/radioinfinitagoya.com.ar\/v1\/#organization\",\"name\":\"Radio Infinita Goya\",\"url\":\"https:\/\/radioinfinitagoya.com.ar\/v1\/\",\"logo\":{\"@type\":\"ImageObject\",\"inLanguage\":\"es-AR\",\"@id\":\"https:\/\/radioinfinitagoya.com.ar\/v1\/#\/schema\/logo\/image\/\",\"url\":\"https:\/\/radioinfinitagoya.com.ar\/v1\/wp-content\/uploads\/2019\/11\/logo-pie-web.png\",\"contentUrl\":\"https:\/\/radioinfinitagoya.com.ar\/v1\/wp-content\/uploads\/2019\/11\/logo-pie-web.png\",\"width\":635,\"height\":326,\"caption\":\"Radio Infinita Goya\"},\"image\":{\"@id\":\"https:\/\/radioinfinitagoya.com.ar\/v1\/#\/schema\/logo\/image\/\"},\"sameAs\":[\"https:\/\/www.facebook.com\/p\/Infinita-Goya-100063870918311\/\"]},{\"@type\":\"Person\",\"@id\":\"https:\/\/radioinfinitagoya.com.ar\/v1\/#\/schema\/person\/d4cf9c413d4f6edb24aabdccab49ca4a\",\"name\":\"Jorge Mi\u00f1o\",\"image\":{\"@type\":\"ImageObject\",\"inLanguage\":\"es-AR\",\"@id\":\"https:\/\/secure.gravatar.com\/avatar\/910fcf6728fe95320e07a6643c1581fec1c7fc4bf8ae12e3d8f0d0373dc844be?s=96&d=mm&r=g\",\"url\":\"https:\/\/secure.gravatar.com\/avatar\/910fcf6728fe95320e07a6643c1581fec1c7fc4bf8ae12e3d8f0d0373dc844be?s=96&d=mm&r=g\",\"contentUrl\":\"https:\/\/secure.gravatar.com\/avatar\/910fcf6728fe95320e07a6643c1581fec1c7fc4bf8ae12e3d8f0d0373dc844be?s=96&d=mm&r=g\",\"caption\":\"Jorge Mi\u00f1o\"},\"sameAs\":[\"http:\/\/radioinfinitagoya.com.ar\"]}]}<\/script>\n<!-- \/ Yoast SEO plugin. -->","yoast_head_json":{"title":"Los salarios en Corrientes est\u00e1n \"un 18% por encima del crecimiento de la inflaci\u00f3n\" - Radio Infinita Goya","description":"As\u00ed lo confirm\u00f3 el Ministro de Hacienda de la Provincia, Marcelo Rivas Piacentini, tras el anuncio del incremento de un 100 % del plus. El Ministerio de","robots":{"index":"index","follow":"follow","max-snippet":"max-snippet:-1","max-image-preview":"max-image-preview:large","max-video-preview":"max-video-preview:-1"},"canonical":"https:\/\/radioinfinitagoya.com.ar\/v1\/2025\/07\/03\/los-salarios-en-corrientes-estan-un-18-por-encima-del-crecimiento-de-la-inflacion\/","og_locale":"es_ES","og_type":"article","og_title":"Los salarios en Corrientes est\u00e1n \"un 18% por encima del crecimiento de la inflaci\u00f3n\" - Radio Infinita Goya","og_description":"As\u00ed lo confirm\u00f3 el Ministro de Hacienda de la Provincia, Marcelo Rivas Piacentini, tras el anuncio del incremento de un 100 % del plus. El Ministerio de","og_url":"https:\/\/radioinfinitagoya.com.ar\/v1\/2025\/07\/03\/los-salarios-en-corrientes-estan-un-18-por-encima-del-crecimiento-de-la-inflacion\/","og_site_name":"Radio Infinita Goya","article_publisher":"https:\/\/www.facebook.com\/p\/Infinita-Goya-100063870918311\/","article_published_time":"2025-07-03T19:06:41+00:00","article_modified_time":"2025-07-03T19:45:15+00:00","og_image":[{"url":"https:\/\/radioinfinitagoya.com.ar\/v1\/wp-content\/uploads\/2025\/07\/Gu8LaOpWgAA15K7.jpg","width":2888,"height":1928,"type":"image\/jpeg"}],"author":"Jorge Mi\u00f1o","twitter_card":"summary_large_image","twitter_misc":{"Escrito por":"Jorge Mi\u00f1o","Tiempo de lectura":"2 minutos"},"schema":{"@context":"https:\/\/schema.org","@graph":[{"@type":"Article","@id":"https:\/\/radioinfinitagoya.com.ar\/v1\/2025\/07\/03\/los-salarios-en-corrientes-estan-un-18-por-encima-del-crecimiento-de-la-inflacion\/#article","isPartOf":{"@id":"https:\/\/radioinfinitagoya.com.ar\/v1\/2025\/07\/03\/los-salarios-en-corrientes-estan-un-18-por-encima-del-crecimiento-de-la-inflacion\/"},"author":{"name":"Jorge Mi\u00f1o","@id":"https:\/\/radioinfinitagoya.com.ar\/v1\/#\/schema\/person\/d4cf9c413d4f6edb24aabdccab49ca4a"},"headline":"Los salarios en Corrientes est\u00e1n &#8220;un 18% por encima del crecimiento de la inflaci\u00f3n&#8221;","datePublished":"2025-07-03T19:06:41+00:00","dateModified":"2025-07-03T19:45:15+00:00","mainEntityOfPage":{"@id":"https:\/\/radioinfinitagoya.com.ar\/v1\/2025\/07\/03\/los-salarios-en-corrientes-estan-un-18-por-encima-del-crecimiento-de-la-inflacion\/"},"wordCount":382,"publisher":{"@id":"https:\/\/radioinfinitagoya.com.ar\/v1\/#organization"},"image":{"@id":"https:\/\/radioinfinitagoya.com.ar\/v1\/2025\/07\/03\/los-salarios-en-corrientes-estan-un-18-por-encima-del-crecimiento-de-la-inflacion\/#primaryimage"},"thumbnailUrl":"https:\/\/radioinfinitagoya.com.ar\/v1\/wp-content\/uploads\/2025\/07\/Gu8LaOpWgAA15K7.jpg","articleSection":["PROVINCIALES"],"inLanguage":"es-AR"},{"@type":"WebPage","@id":"https:\/\/radioinfinitagoya.com.ar\/v1\/2025\/07\/03\/los-salarios-en-corrientes-estan-un-18-por-encima-del-crecimiento-de-la-inflacion\/","url":"https:\/\/radioinfinitagoya.com.ar\/v1\/2025\/07\/03\/los-salarios-en-corrientes-estan-un-18-por-encima-del-crecimiento-de-la-inflacion\/","name":"Los salarios en Corrientes est\u00e1n \"un 18% por encima del crecimiento de la inflaci\u00f3n\" - Radio Infinita Goya","isPartOf":{"@id":"https:\/\/radioinfinitagoya.com.ar\/v1\/#website"},"primaryImageOfPage":{"@id":"https:\/\/radioinfinitagoya.com.ar\/v1\/2025\/07\/03\/los-salarios-en-corrientes-estan-un-18-por-encima-del-crecimiento-de-la-inflacion\/#primaryimage"},"image":{"@id":"https:\/\/radioinfinitagoya.com.ar\/v1\/2025\/07\/03\/los-salarios-en-corrientes-estan-un-18-por-encima-del-crecimiento-de-la-inflacion\/#primaryimage"},"thumbnailUrl":"https:\/\/radioinfinitagoya.com.ar\/v1\/wp-content\/uploads\/2025\/07\/Gu8LaOpWgAA15K7.jpg","datePublished":"2025-07-03T19:06:41+00:00","dateModified":"2025-07-03T19:45:15+00:00","description":"As\u00ed lo confirm\u00f3 el Ministro de Hacienda de la Provincia, Marcelo Rivas Piacentini, tras el anuncio del incremento de un 100 % del plus. El Ministerio de","breadcrumb":{"@id":"https:\/\/radioinfinitagoya.com.ar\/v1\/2025\/07\/03\/los-salarios-en-corrientes-estan-un-18-por-encima-del-crecimiento-de-la-inflacion\/#breadcrumb"},"inLanguage":"es-AR","potentialAction":[{"@type":"ReadAction","target":["https:\/\/radioinfinitagoya.com.ar\/v1\/2025\/07\/03\/los-salarios-en-corrientes-estan-un-18-por-encima-del-crecimiento-de-la-inflacion\/"]}]},{"@type":"ImageObject","inLanguage":"es-AR","@id":"https:\/\/radioinfinitagoya.com.ar\/v1\/2025\/07\/03\/los-salarios-en-corrientes-estan-un-18-por-encima-del-crecimiento-de-la-inflacion\/#primaryimage","url":"https:\/\/radioinfinitagoya.com.ar\/v1\/wp-content\/uploads\/2025\/07\/Gu8LaOpWgAA15K7.jpg","contentUrl":"https:\/\/radioinfinitagoya.com.ar\/v1\/wp-content\/uploads\/2025\/07\/Gu8LaOpWgAA15K7.jpg","width":2888,"height":1928},{"@type":"BreadcrumbList","@id":"https:\/\/radioinfinitagoya.com.ar\/v1\/2025\/07\/03\/los-salarios-en-corrientes-estan-un-18-por-encima-del-crecimiento-de-la-inflacion\/#breadcrumb","itemListElement":[{"@type":"ListItem","position":1,"name":"Inicio","item":"https:\/\/radioinfinitagoya.com.ar\/v1\/"},{"@type":"ListItem","position":2,"name":"Los salarios en Corrientes est\u00e1n &#8220;un 18% por encima del crecimiento de la inflaci\u00f3n&#8221;"}]},{"@type":"WebSite","@id":"https:\/\/radioinfinitagoya.com.ar\/v1\/#website","url":"https:\/\/radioinfinitagoya.com.ar\/v1\/","name":"radioinfinitagoya.com.ar","description":"Radio de noticias","publisher":{"@id":"https:\/\/radioinfinitagoya.com.ar\/v1\/#organization"},"potentialAction":[{"@type":"SearchAction","target":{"@type":"EntryPoint","urlTemplate":"https:\/\/radioinfinitagoya.com.ar\/v1\/?s={search_term_string}"},"query-input":{"@type":"PropertyValueSpecification","valueRequired":true,"valueName":"search_term_string"}}],"inLanguage":"es-AR"},{"@type":"Organization","@id":"https:\/\/radioinfinitagoya.com.ar\/v1\/#organization","name":"Radio Infinita Goya","url":"https:\/\/radioinfinitagoya.com.ar\/v1\/","logo":{"@type":"ImageObject","inLanguage":"es-AR","@id":"https:\/\/radioinfinitagoya.com.ar\/v1\/#\/schema\/logo\/image\/","url":"https:\/\/radioinfinitagoya.com.ar\/v1\/wp-content\/uploads\/2019\/11\/logo-pie-web.png","contentUrl":"https:\/\/radioinfinitagoya.com.ar\/v1\/wp-content\/uploads\/2019\/11\/logo-pie-web.png","width":635,"height":326,"caption":"Radio Infinita Goya"},"image":{"@id":"https:\/\/radioinfinitagoya.com.ar\/v1\/#\/schema\/logo\/image\/"},"sameAs":["https:\/\/www.facebook.com\/p\/Infinita-Goya-100063870918311\/"]},{"@type":"Person","@id":"https:\/\/radioinfinitagoya.com.ar\/v1\/#\/schema\/person\/d4cf9c413d4f6edb24aabdccab49ca4a","name":"Jorge Mi\u00f1o","image":{"@type":"ImageObject","inLanguage":"es-AR","@id":"https:\/\/secure.gravatar.com\/avatar\/910fcf6728fe95320e07a6643c1581fec1c7fc4bf8ae12e3d8f0d0373dc844be?s=96&d=mm&r=g","url":"https:\/\/secure.gravatar.com\/avatar\/910fcf6728fe95320e07a6643c1581fec1c7fc4bf8ae12e3d8f0d0373dc844be?s=96&d=mm&r=g","contentUrl":"https:\/\/secure.gravatar.com\/avatar\/910fcf6728fe95320e07a6643c1581fec1c7fc4bf8ae12e3d8f0d0373dc844be?s=96&d=mm&r=g","caption":"Jorge Mi\u00f1o"},"sameAs":["http:\/\/radioinfinitagoya.com.ar"]}]}},"_links":{"self":[{"href":"https:\/\/radioinfinitagoya.com.ar\/v1\/wp-json\/wp\/v2\/posts\/192273","targetHints":{"allow":["GET"]}}],"collection":[{"href":"https:\/\/radioinfinitagoya.com.ar\/v1\/wp-json\/wp\/v2\/posts"}],"about":[{"href":"https:\/\/radioinfinitagoya.com.ar\/v1\/wp-json\/wp\/v2\/types\/post"}],"author":[{"embeddable":true,"href":"https:\/\/radioinfinitagoya.com.ar\/v1\/wp-json\/wp\/v2\/users\/4"}],"replies":[{"embeddable":true,"href":"https:\/\/radioinfinitagoya.com.ar\/v1\/wp-json\/wp\/v2\/comments?post=192273"}],"version-history":[{"count":0,"href":"https:\/\/radioinfinitagoya.com.ar\/v1\/wp-json\/wp\/v2\/posts\/192273\/revisions"}],"wp:featuredmedia":[{"embeddable":true,"href":"https:\/\/radioinfinitagoya.com.ar\/v1\/wp-json\/wp\/v2\/media\/192306"}],"wp:attachment":[{"href":"https:\/\/radioinfinitagoya.com.ar\/v1\/wp-json\/wp\/v2\/media?parent=192273"}],"wp:term":[{"taxonomy":"category","embeddable":true,"href":"https:\/\/radioinfinitagoya.com.ar\/v1\/wp-json\/wp\/v2\/categories?post=192273"},{"taxonomy":"post_tag","embeddable":true,"href":"https:\/\/radioinfinitagoya.com.ar\/v1\/wp-json\/wp\/v2\/tags?post=192273"}],"curies":[{"name":"wp","href":"https:\/\/api.w.org\/{rel}","templated":true}]}}