{"id":192462,"date":"2025-07-07T16:04:31","date_gmt":"2025-07-07T19:04:31","guid":{"rendered":"https:\/\/radioinfinitagoya.com.ar\/v1\/?p=192462"},"modified":"2025-07-07T16:04:31","modified_gmt":"2025-07-07T19:04:31","slug":"con-un-teatro-juan-de-vera-renovado-confirman-la-creacion-de-un-museo-en-el-edificio","status":"publish","type":"post","link":"https:\/\/radioinfinitagoya.com.ar\/v1\/2025\/07\/07\/con-un-teatro-juan-de-vera-renovado-confirman-la-creacion-de-un-museo-en-el-edificio\/","title":{"rendered":"Con un Teatro Juan de Vera renovado, confirman la creaci\u00f3n de un museo en el edificio"},"content":{"rendered":"<p>Confirman la creaci\u00f3n de un museo en el edificio<\/p>\n<p>La directora T\u00e9cnica del coliseo, Mar\u00eda Marta Vizca\u00edno, adelant\u00f3 esta nueva obra que revalorizar\u00e1 la historia del edificio.<\/p>\n<p><img loading=\"lazy\" decoding=\"async\" class=\"alignnone size-full wp-image-192465\" src=\"https:\/\/radioinfinitagoya.com.ar\/v1\/wp-content\/uploads\/2025\/07\/1751895911689.jpeg\" alt=\"\" width=\"446\" height=\"793\" srcset=\"https:\/\/radioinfinitagoya.com.ar\/v1\/wp-content\/uploads\/2025\/07\/1751895911689.jpeg 446w, https:\/\/radioinfinitagoya.com.ar\/v1\/wp-content\/uploads\/2025\/07\/1751895911689-236x420.jpeg 236w\" sizes=\"auto, (max-width: 446px) 100vw, 446px\" \/><\/p>\n<p>El Teatro Juan de Vera se prepara para su reapertura el martes 8, durante la vigilia del D\u00eda de la Independencia. La directora T\u00e9cnica, Mar\u00eda Marta Vizca\u00edno, adelant\u00f3 la creaci\u00f3n de un museo que mostrar\u00e1 la historia del edificio.<\/p>\n<p>Sobre los trabajos de renovaci\u00f3n, la arquitecta que lidera la Direcci\u00f3n T\u00e9cnica del teatro destac\u00f3 que &#8220;se haya decidido a invertir en obras que no cortan cinta\u201d, entre las que enumer\u00f3 \u201csonido, iluminaci\u00f3n, instalaciones el\u00e9ctricas, sanitarias, motorizaci\u00f3n, salas de ensayo a nuevo\u201d, y agreg\u00f3 que \u201ceso no es visible para el p\u00fablico, lo va a disfrutar el artista\u201d.<\/p>\n<p>Como adelanto, Vizca\u00edno asegur\u00f3 que \u201cse est\u00e1n recolectando piezas y fotograf\u00edas para la creaci\u00f3n de un museo del teatro\u201d. \u201cEsto es pensando a futuro, todav\u00eda tenemos que planificar muchas cosas\u201d, dijo en una recorrida por el coliseo.<\/p>\n<p>Pero s\u00ed asegur\u00f3 que \u201cen la planta baja est\u00e1 pensado abrir un museo digital\u201d, el cual tendr\u00e1 pantallas que mostrar\u00e1n la historia del edificio.<\/p>\n<p>En el primer piso, en la entrada a los palcos, se exponen dos proyectores antiguos que estaban en el \u00faltimo nivel del edificio y eran utilizados para las funciones de cine. Vizca\u00edno aclar\u00f3 que esas piezas formar\u00e1n parte del futuro museo, as\u00ed como otras que est\u00e1n recuperando durante las refacciones.<\/p>\n<p><img loading=\"lazy\" decoding=\"async\" class=\"alignnone size-full wp-image-192466\" src=\"https:\/\/radioinfinitagoya.com.ar\/v1\/wp-content\/uploads\/2025\/07\/1751896203079.jpeg\" alt=\"\" width=\"446\" height=\"665\" srcset=\"https:\/\/radioinfinitagoya.com.ar\/v1\/wp-content\/uploads\/2025\/07\/1751896203079.jpeg 446w, https:\/\/radioinfinitagoya.com.ar\/v1\/wp-content\/uploads\/2025\/07\/1751896203079-282x420.jpeg 282w\" sizes=\"auto, (max-width: 446px) 100vw, 446px\" \/><\/p>\n<p>Sobre el efecto inmediato de estas obras, Vizca\u00edno dijo que \u201cla escenot\u00e9cnica est\u00e1 totalmente renovada\u201d, y recalc\u00f3 que esto \u201clleva a que el empleado escenot\u00e9cnico tenga una labor m\u00e1s segura y sean m\u00e1s productivas las horas de trabajo\u201d. Adem\u00e1s, record\u00f3 que \u201cantes nos insum\u00eda d\u00edas planificar una obra, ahora estamos automatizados con todos estos artefactos que se programan\u201d.<\/p>\n<p>La arquitecta coment\u00f3 que estas renovaciones \u201ctuvieron una primera etapa hace m\u00e1s de cuatro a\u00f1os y un impulso importante que lleva m\u00e1s de un a\u00f1o, en esta \u00faltima\u201d.<\/p>\n","protected":false},"excerpt":{"rendered":"<p>Confirman la creaci\u00f3n de un museo en el edificio La directora T\u00e9cnica del coliseo, Mar\u00eda Marta Vizca\u00edno, adelant\u00f3 esta nueva obra que revalorizar\u00e1 la historia del edificio. El Teatro Juan de Vera se prepara para su reapertura el martes 8, durante la vigilia del D\u00eda de la Independencia. La directora T\u00e9cnica, Mar\u00eda Marta Vizca\u00edno, adelant\u00f3 [&hellip;]<\/p>\n","protected":false},"author":4,"featured_media":192464,"comment_status":"closed","ping_status":"closed","sticky":false,"template":"","format":"standard","meta":{"_joinchat":[],"footnotes":""},"categories":[26,1],"tags":[],"class_list":{"0":"post-192462","1":"post","2":"type-post","3":"status-publish","4":"format-standard","5":"has-post-thumbnail","7":"category-provinciales","8":"category-sin-categoria"},"yoast_head":"<!-- This site is optimized with the Yoast SEO plugin v27.2 - https:\/\/yoast.com\/product\/yoast-seo-wordpress\/ -->\n<title>Con un Teatro Juan de Vera renovado, confirman la creaci\u00f3n de un museo en el edificio - Radio Infinita Goya<\/title>\n<meta name=\"description\" content=\"Confirman la creaci\u00f3n de un museo en el edificio La directora T\u00e9cnica del coliseo, Mar\u00eda Marta Vizca\u00edno, adelant\u00f3 esta nueva obra que revalorizar\u00e1 la\" \/>\n<meta name=\"robots\" content=\"index, follow, max-snippet:-1, max-image-preview:large, max-video-preview:-1\" \/>\n<link rel=\"canonical\" href=\"https:\/\/radioinfinitagoya.com.ar\/v1\/2025\/07\/07\/con-un-teatro-juan-de-vera-renovado-confirman-la-creacion-de-un-museo-en-el-edificio\/\" \/>\n<meta property=\"og:locale\" content=\"es_ES\" \/>\n<meta property=\"og:type\" content=\"article\" \/>\n<meta property=\"og:title\" content=\"Con un Teatro Juan de Vera renovado, confirman la creaci\u00f3n de un museo en el edificio - Radio Infinita Goya\" \/>\n<meta property=\"og:description\" content=\"Confirman la creaci\u00f3n de un museo en el edificio La directora T\u00e9cnica del coliseo, Mar\u00eda Marta Vizca\u00edno, adelant\u00f3 esta nueva obra que revalorizar\u00e1 la\" \/>\n<meta property=\"og:url\" content=\"https:\/\/radioinfinitagoya.com.ar\/v1\/2025\/07\/07\/con-un-teatro-juan-de-vera-renovado-confirman-la-creacion-de-un-museo-en-el-edificio\/\" \/>\n<meta property=\"og:site_name\" content=\"Radio Infinita Goya\" \/>\n<meta property=\"article:publisher\" content=\"https:\/\/www.facebook.com\/p\/Infinita-Goya-100063870918311\/\" \/>\n<meta property=\"article:published_time\" content=\"2025-07-07T19:04:31+00:00\" \/>\n<meta property=\"og:image\" content=\"https:\/\/radioinfinitagoya.com.ar\/v1\/wp-content\/uploads\/2025\/07\/1751896444055.webp\" \/>\n\t<meta property=\"og:image:width\" content=\"1200\" \/>\n\t<meta property=\"og:image:height\" content=\"675\" \/>\n\t<meta property=\"og:image:type\" content=\"image\/webp\" \/>\n<meta name=\"author\" content=\"Jorge Mi\u00f1o\" \/>\n<meta name=\"twitter:card\" content=\"summary_large_image\" \/>\n<meta name=\"twitter:label1\" content=\"Escrito por\" \/>\n\t<meta name=\"twitter:data1\" content=\"Jorge Mi\u00f1o\" \/>\n\t<meta name=\"twitter:label2\" content=\"Tiempo de lectura\" \/>\n\t<meta name=\"twitter:data2\" content=\"3 minutos\" \/>\n<script type=\"application\/ld+json\" class=\"yoast-schema-graph\">{\"@context\":\"https:\/\/schema.org\",\"@graph\":[{\"@type\":\"Article\",\"@id\":\"https:\/\/radioinfinitagoya.com.ar\/v1\/2025\/07\/07\/con-un-teatro-juan-de-vera-renovado-confirman-la-creacion-de-un-museo-en-el-edificio\/#article\",\"isPartOf\":{\"@id\":\"https:\/\/radioinfinitagoya.com.ar\/v1\/2025\/07\/07\/con-un-teatro-juan-de-vera-renovado-confirman-la-creacion-de-un-museo-en-el-edificio\/\"},\"author\":{\"name\":\"Jorge Mi\u00f1o\",\"@id\":\"https:\/\/radioinfinitagoya.com.ar\/v1\/#\/schema\/person\/d4cf9c413d4f6edb24aabdccab49ca4a\"},\"headline\":\"Con un Teatro Juan de Vera renovado, confirman la creaci\u00f3n de un museo en el edificio\",\"datePublished\":\"2025-07-07T19:04:31+00:00\",\"mainEntityOfPage\":{\"@id\":\"https:\/\/radioinfinitagoya.com.ar\/v1\/2025\/07\/07\/con-un-teatro-juan-de-vera-renovado-confirman-la-creacion-de-un-museo-en-el-edificio\/\"},\"wordCount\":374,\"publisher\":{\"@id\":\"https:\/\/radioinfinitagoya.com.ar\/v1\/#organization\"},\"image\":{\"@id\":\"https:\/\/radioinfinitagoya.com.ar\/v1\/2025\/07\/07\/con-un-teatro-juan-de-vera-renovado-confirman-la-creacion-de-un-museo-en-el-edificio\/#primaryimage\"},\"thumbnailUrl\":\"https:\/\/radioinfinitagoya.com.ar\/v1\/wp-content\/uploads\/2025\/07\/1751896444055.webp\",\"articleSection\":[\"PROVINCIALES\"],\"inLanguage\":\"es-AR\"},{\"@type\":\"WebPage\",\"@id\":\"https:\/\/radioinfinitagoya.com.ar\/v1\/2025\/07\/07\/con-un-teatro-juan-de-vera-renovado-confirman-la-creacion-de-un-museo-en-el-edificio\/\",\"url\":\"https:\/\/radioinfinitagoya.com.ar\/v1\/2025\/07\/07\/con-un-teatro-juan-de-vera-renovado-confirman-la-creacion-de-un-museo-en-el-edificio\/\",\"name\":\"Con un Teatro Juan de Vera renovado, confirman la creaci\u00f3n de un museo en el edificio - Radio Infinita Goya\",\"isPartOf\":{\"@id\":\"https:\/\/radioinfinitagoya.com.ar\/v1\/#website\"},\"primaryImageOfPage\":{\"@id\":\"https:\/\/radioinfinitagoya.com.ar\/v1\/2025\/07\/07\/con-un-teatro-juan-de-vera-renovado-confirman-la-creacion-de-un-museo-en-el-edificio\/#primaryimage\"},\"image\":{\"@id\":\"https:\/\/radioinfinitagoya.com.ar\/v1\/2025\/07\/07\/con-un-teatro-juan-de-vera-renovado-confirman-la-creacion-de-un-museo-en-el-edificio\/#primaryimage\"},\"thumbnailUrl\":\"https:\/\/radioinfinitagoya.com.ar\/v1\/wp-content\/uploads\/2025\/07\/1751896444055.webp\",\"datePublished\":\"2025-07-07T19:04:31+00:00\",\"description\":\"Confirman la creaci\u00f3n de un museo en el edificio La directora T\u00e9cnica del coliseo, Mar\u00eda Marta Vizca\u00edno, adelant\u00f3 esta nueva obra que revalorizar\u00e1 la\",\"breadcrumb\":{\"@id\":\"https:\/\/radioinfinitagoya.com.ar\/v1\/2025\/07\/07\/con-un-teatro-juan-de-vera-renovado-confirman-la-creacion-de-un-museo-en-el-edificio\/#breadcrumb\"},\"inLanguage\":\"es-AR\",\"potentialAction\":[{\"@type\":\"ReadAction\",\"target\":[\"https:\/\/radioinfinitagoya.com.ar\/v1\/2025\/07\/07\/con-un-teatro-juan-de-vera-renovado-confirman-la-creacion-de-un-museo-en-el-edificio\/\"]}]},{\"@type\":\"ImageObject\",\"inLanguage\":\"es-AR\",\"@id\":\"https:\/\/radioinfinitagoya.com.ar\/v1\/2025\/07\/07\/con-un-teatro-juan-de-vera-renovado-confirman-la-creacion-de-un-museo-en-el-edificio\/#primaryimage\",\"url\":\"https:\/\/radioinfinitagoya.com.ar\/v1\/wp-content\/uploads\/2025\/07\/1751896444055.webp\",\"contentUrl\":\"https:\/\/radioinfinitagoya.com.ar\/v1\/wp-content\/uploads\/2025\/07\/1751896444055.webp\",\"width\":1200,\"height\":675},{\"@type\":\"BreadcrumbList\",\"@id\":\"https:\/\/radioinfinitagoya.com.ar\/v1\/2025\/07\/07\/con-un-teatro-juan-de-vera-renovado-confirman-la-creacion-de-un-museo-en-el-edificio\/#breadcrumb\",\"itemListElement\":[{\"@type\":\"ListItem\",\"position\":1,\"name\":\"Inicio\",\"item\":\"https:\/\/radioinfinitagoya.com.ar\/v1\/\"},{\"@type\":\"ListItem\",\"position\":2,\"name\":\"Con un Teatro Juan de Vera renovado, confirman la creaci\u00f3n de un museo en el edificio\"}]},{\"@type\":\"WebSite\",\"@id\":\"https:\/\/radioinfinitagoya.com.ar\/v1\/#website\",\"url\":\"https:\/\/radioinfinitagoya.com.ar\/v1\/\",\"name\":\"radioinfinitagoya.com.ar\",\"description\":\"Radio de noticias\",\"publisher\":{\"@id\":\"https:\/\/radioinfinitagoya.com.ar\/v1\/#organization\"},\"potentialAction\":[{\"@type\":\"SearchAction\",\"target\":{\"@type\":\"EntryPoint\",\"urlTemplate\":\"https:\/\/radioinfinitagoya.com.ar\/v1\/?s={search_term_string}\"},\"query-input\":{\"@type\":\"PropertyValueSpecification\",\"valueRequired\":true,\"valueName\":\"search_term_string\"}}],\"inLanguage\":\"es-AR\"},{\"@type\":\"Organization\",\"@id\":\"https:\/\/radioinfinitagoya.com.ar\/v1\/#organization\",\"name\":\"Radio Infinita Goya\",\"url\":\"https:\/\/radioinfinitagoya.com.ar\/v1\/\",\"logo\":{\"@type\":\"ImageObject\",\"inLanguage\":\"es-AR\",\"@id\":\"https:\/\/radioinfinitagoya.com.ar\/v1\/#\/schema\/logo\/image\/\",\"url\":\"https:\/\/radioinfinitagoya.com.ar\/v1\/wp-content\/uploads\/2019\/11\/logo-pie-web.png\",\"contentUrl\":\"https:\/\/radioinfinitagoya.com.ar\/v1\/wp-content\/uploads\/2019\/11\/logo-pie-web.png\",\"width\":635,\"height\":326,\"caption\":\"Radio Infinita Goya\"},\"image\":{\"@id\":\"https:\/\/radioinfinitagoya.com.ar\/v1\/#\/schema\/logo\/image\/\"},\"sameAs\":[\"https:\/\/www.facebook.com\/p\/Infinita-Goya-100063870918311\/\"]},{\"@type\":\"Person\",\"@id\":\"https:\/\/radioinfinitagoya.com.ar\/v1\/#\/schema\/person\/d4cf9c413d4f6edb24aabdccab49ca4a\",\"name\":\"Jorge Mi\u00f1o\",\"image\":{\"@type\":\"ImageObject\",\"inLanguage\":\"es-AR\",\"@id\":\"https:\/\/secure.gravatar.com\/avatar\/910fcf6728fe95320e07a6643c1581fec1c7fc4bf8ae12e3d8f0d0373dc844be?s=96&d=mm&r=g\",\"url\":\"https:\/\/secure.gravatar.com\/avatar\/910fcf6728fe95320e07a6643c1581fec1c7fc4bf8ae12e3d8f0d0373dc844be?s=96&d=mm&r=g\",\"contentUrl\":\"https:\/\/secure.gravatar.com\/avatar\/910fcf6728fe95320e07a6643c1581fec1c7fc4bf8ae12e3d8f0d0373dc844be?s=96&d=mm&r=g\",\"caption\":\"Jorge Mi\u00f1o\"},\"sameAs\":[\"http:\/\/radioinfinitagoya.com.ar\"]}]}<\/script>\n<!-- \/ Yoast SEO plugin. -->","yoast_head_json":{"title":"Con un Teatro Juan de Vera renovado, confirman la creaci\u00f3n de un museo en el edificio - Radio Infinita Goya","description":"Confirman la creaci\u00f3n de un museo en el edificio La directora T\u00e9cnica del coliseo, Mar\u00eda Marta Vizca\u00edno, adelant\u00f3 esta nueva obra que revalorizar\u00e1 la","robots":{"index":"index","follow":"follow","max-snippet":"max-snippet:-1","max-image-preview":"max-image-preview:large","max-video-preview":"max-video-preview:-1"},"canonical":"https:\/\/radioinfinitagoya.com.ar\/v1\/2025\/07\/07\/con-un-teatro-juan-de-vera-renovado-confirman-la-creacion-de-un-museo-en-el-edificio\/","og_locale":"es_ES","og_type":"article","og_title":"Con un Teatro Juan de Vera renovado, confirman la creaci\u00f3n de un museo en el edificio - Radio Infinita Goya","og_description":"Confirman la creaci\u00f3n de un museo en el edificio La directora T\u00e9cnica del coliseo, Mar\u00eda Marta Vizca\u00edno, adelant\u00f3 esta nueva obra que revalorizar\u00e1 la","og_url":"https:\/\/radioinfinitagoya.com.ar\/v1\/2025\/07\/07\/con-un-teatro-juan-de-vera-renovado-confirman-la-creacion-de-un-museo-en-el-edificio\/","og_site_name":"Radio Infinita Goya","article_publisher":"https:\/\/www.facebook.com\/p\/Infinita-Goya-100063870918311\/","article_published_time":"2025-07-07T19:04:31+00:00","og_image":[{"width":1200,"height":675,"url":"https:\/\/radioinfinitagoya.com.ar\/v1\/wp-content\/uploads\/2025\/07\/1751896444055.webp","type":"image\/webp"}],"author":"Jorge Mi\u00f1o","twitter_card":"summary_large_image","twitter_misc":{"Escrito por":"Jorge Mi\u00f1o","Tiempo de lectura":"3 minutos"},"schema":{"@context":"https:\/\/schema.org","@graph":[{"@type":"Article","@id":"https:\/\/radioinfinitagoya.com.ar\/v1\/2025\/07\/07\/con-un-teatro-juan-de-vera-renovado-confirman-la-creacion-de-un-museo-en-el-edificio\/#article","isPartOf":{"@id":"https:\/\/radioinfinitagoya.com.ar\/v1\/2025\/07\/07\/con-un-teatro-juan-de-vera-renovado-confirman-la-creacion-de-un-museo-en-el-edificio\/"},"author":{"name":"Jorge Mi\u00f1o","@id":"https:\/\/radioinfinitagoya.com.ar\/v1\/#\/schema\/person\/d4cf9c413d4f6edb24aabdccab49ca4a"},"headline":"Con un Teatro Juan de Vera renovado, confirman la creaci\u00f3n de un museo en el edificio","datePublished":"2025-07-07T19:04:31+00:00","mainEntityOfPage":{"@id":"https:\/\/radioinfinitagoya.com.ar\/v1\/2025\/07\/07\/con-un-teatro-juan-de-vera-renovado-confirman-la-creacion-de-un-museo-en-el-edificio\/"},"wordCount":374,"publisher":{"@id":"https:\/\/radioinfinitagoya.com.ar\/v1\/#organization"},"image":{"@id":"https:\/\/radioinfinitagoya.com.ar\/v1\/2025\/07\/07\/con-un-teatro-juan-de-vera-renovado-confirman-la-creacion-de-un-museo-en-el-edificio\/#primaryimage"},"thumbnailUrl":"https:\/\/radioinfinitagoya.com.ar\/v1\/wp-content\/uploads\/2025\/07\/1751896444055.webp","articleSection":["PROVINCIALES"],"inLanguage":"es-AR"},{"@type":"WebPage","@id":"https:\/\/radioinfinitagoya.com.ar\/v1\/2025\/07\/07\/con-un-teatro-juan-de-vera-renovado-confirman-la-creacion-de-un-museo-en-el-edificio\/","url":"https:\/\/radioinfinitagoya.com.ar\/v1\/2025\/07\/07\/con-un-teatro-juan-de-vera-renovado-confirman-la-creacion-de-un-museo-en-el-edificio\/","name":"Con un Teatro Juan de Vera renovado, confirman la creaci\u00f3n de un museo en el edificio - Radio Infinita Goya","isPartOf":{"@id":"https:\/\/radioinfinitagoya.com.ar\/v1\/#website"},"primaryImageOfPage":{"@id":"https:\/\/radioinfinitagoya.com.ar\/v1\/2025\/07\/07\/con-un-teatro-juan-de-vera-renovado-confirman-la-creacion-de-un-museo-en-el-edificio\/#primaryimage"},"image":{"@id":"https:\/\/radioinfinitagoya.com.ar\/v1\/2025\/07\/07\/con-un-teatro-juan-de-vera-renovado-confirman-la-creacion-de-un-museo-en-el-edificio\/#primaryimage"},"thumbnailUrl":"https:\/\/radioinfinitagoya.com.ar\/v1\/wp-content\/uploads\/2025\/07\/1751896444055.webp","datePublished":"2025-07-07T19:04:31+00:00","description":"Confirman la creaci\u00f3n de un museo en el edificio La directora T\u00e9cnica del coliseo, Mar\u00eda Marta Vizca\u00edno, adelant\u00f3 esta nueva obra que revalorizar\u00e1 la","breadcrumb":{"@id":"https:\/\/radioinfinitagoya.com.ar\/v1\/2025\/07\/07\/con-un-teatro-juan-de-vera-renovado-confirman-la-creacion-de-un-museo-en-el-edificio\/#breadcrumb"},"inLanguage":"es-AR","potentialAction":[{"@type":"ReadAction","target":["https:\/\/radioinfinitagoya.com.ar\/v1\/2025\/07\/07\/con-un-teatro-juan-de-vera-renovado-confirman-la-creacion-de-un-museo-en-el-edificio\/"]}]},{"@type":"ImageObject","inLanguage":"es-AR","@id":"https:\/\/radioinfinitagoya.com.ar\/v1\/2025\/07\/07\/con-un-teatro-juan-de-vera-renovado-confirman-la-creacion-de-un-museo-en-el-edificio\/#primaryimage","url":"https:\/\/radioinfinitagoya.com.ar\/v1\/wp-content\/uploads\/2025\/07\/1751896444055.webp","contentUrl":"https:\/\/radioinfinitagoya.com.ar\/v1\/wp-content\/uploads\/2025\/07\/1751896444055.webp","width":1200,"height":675},{"@type":"BreadcrumbList","@id":"https:\/\/radioinfinitagoya.com.ar\/v1\/2025\/07\/07\/con-un-teatro-juan-de-vera-renovado-confirman-la-creacion-de-un-museo-en-el-edificio\/#breadcrumb","itemListElement":[{"@type":"ListItem","position":1,"name":"Inicio","item":"https:\/\/radioinfinitagoya.com.ar\/v1\/"},{"@type":"ListItem","position":2,"name":"Con un Teatro Juan de Vera renovado, confirman la creaci\u00f3n de un museo en el edificio"}]},{"@type":"WebSite","@id":"https:\/\/radioinfinitagoya.com.ar\/v1\/#website","url":"https:\/\/radioinfinitagoya.com.ar\/v1\/","name":"radioinfinitagoya.com.ar","description":"Radio de noticias","publisher":{"@id":"https:\/\/radioinfinitagoya.com.ar\/v1\/#organization"},"potentialAction":[{"@type":"SearchAction","target":{"@type":"EntryPoint","urlTemplate":"https:\/\/radioinfinitagoya.com.ar\/v1\/?s={search_term_string}"},"query-input":{"@type":"PropertyValueSpecification","valueRequired":true,"valueName":"search_term_string"}}],"inLanguage":"es-AR"},{"@type":"Organization","@id":"https:\/\/radioinfinitagoya.com.ar\/v1\/#organization","name":"Radio Infinita Goya","url":"https:\/\/radioinfinitagoya.com.ar\/v1\/","logo":{"@type":"ImageObject","inLanguage":"es-AR","@id":"https:\/\/radioinfinitagoya.com.ar\/v1\/#\/schema\/logo\/image\/","url":"https:\/\/radioinfinitagoya.com.ar\/v1\/wp-content\/uploads\/2019\/11\/logo-pie-web.png","contentUrl":"https:\/\/radioinfinitagoya.com.ar\/v1\/wp-content\/uploads\/2019\/11\/logo-pie-web.png","width":635,"height":326,"caption":"Radio Infinita Goya"},"image":{"@id":"https:\/\/radioinfinitagoya.com.ar\/v1\/#\/schema\/logo\/image\/"},"sameAs":["https:\/\/www.facebook.com\/p\/Infinita-Goya-100063870918311\/"]},{"@type":"Person","@id":"https:\/\/radioinfinitagoya.com.ar\/v1\/#\/schema\/person\/d4cf9c413d4f6edb24aabdccab49ca4a","name":"Jorge Mi\u00f1o","image":{"@type":"ImageObject","inLanguage":"es-AR","@id":"https:\/\/secure.gravatar.com\/avatar\/910fcf6728fe95320e07a6643c1581fec1c7fc4bf8ae12e3d8f0d0373dc844be?s=96&d=mm&r=g","url":"https:\/\/secure.gravatar.com\/avatar\/910fcf6728fe95320e07a6643c1581fec1c7fc4bf8ae12e3d8f0d0373dc844be?s=96&d=mm&r=g","contentUrl":"https:\/\/secure.gravatar.com\/avatar\/910fcf6728fe95320e07a6643c1581fec1c7fc4bf8ae12e3d8f0d0373dc844be?s=96&d=mm&r=g","caption":"Jorge Mi\u00f1o"},"sameAs":["http:\/\/radioinfinitagoya.com.ar"]}]}},"_links":{"self":[{"href":"https:\/\/radioinfinitagoya.com.ar\/v1\/wp-json\/wp\/v2\/posts\/192462","targetHints":{"allow":["GET"]}}],"collection":[{"href":"https:\/\/radioinfinitagoya.com.ar\/v1\/wp-json\/wp\/v2\/posts"}],"about":[{"href":"https:\/\/radioinfinitagoya.com.ar\/v1\/wp-json\/wp\/v2\/types\/post"}],"author":[{"embeddable":true,"href":"https:\/\/radioinfinitagoya.com.ar\/v1\/wp-json\/wp\/v2\/users\/4"}],"replies":[{"embeddable":true,"href":"https:\/\/radioinfinitagoya.com.ar\/v1\/wp-json\/wp\/v2\/comments?post=192462"}],"version-history":[{"count":0,"href":"https:\/\/radioinfinitagoya.com.ar\/v1\/wp-json\/wp\/v2\/posts\/192462\/revisions"}],"wp:featuredmedia":[{"embeddable":true,"href":"https:\/\/radioinfinitagoya.com.ar\/v1\/wp-json\/wp\/v2\/media\/192464"}],"wp:attachment":[{"href":"https:\/\/radioinfinitagoya.com.ar\/v1\/wp-json\/wp\/v2\/media?parent=192462"}],"wp:term":[{"taxonomy":"category","embeddable":true,"href":"https:\/\/radioinfinitagoya.com.ar\/v1\/wp-json\/wp\/v2\/categories?post=192462"},{"taxonomy":"post_tag","embeddable":true,"href":"https:\/\/radioinfinitagoya.com.ar\/v1\/wp-json\/wp\/v2\/tags?post=192462"}],"curies":[{"name":"wp","href":"https:\/\/api.w.org\/{rel}","templated":true}]}}