{"id":192516,"date":"2025-07-07T17:08:41","date_gmt":"2025-07-07T20:08:41","guid":{"rendered":"https:\/\/radioinfinitagoya.com.ar\/v1\/?p=192516"},"modified":"2025-07-07T17:08:41","modified_gmt":"2025-07-07T20:08:41","slug":"milei-pone-en-la-mira-a-los-jueces-laborales","status":"publish","type":"post","link":"https:\/\/radioinfinitagoya.com.ar\/v1\/2025\/07\/07\/milei-pone-en-la-mira-a-los-jueces-laborales\/","title":{"rendered":"Milei pone en la mira a los jueces laborales"},"content":{"rendered":"<p>El plan para limitar la industria del juicio<\/p>\n<p>El Presidente tiene resuelto \u201cvisibilizar\u201d a los magistrados que, seg\u00fan cree, frenan decisiones oficiales y favorecen al sindicalismo. \u201cNos declararon la guerra\u201d, dicen. Qu\u00e9 medidas tiene en estudio el Gobierno<\/p>\n<p>\u201cSe viene la motosierra para la industria del juicio y los caranchos\u201d. El mensaje sali\u00f3 publicado este domingo en la cuenta de @CoherenciaFavor en las redes sociales y lo retuite\u00f3 Javier Milei. \u00bfQu\u00e9 significa el gesto del Presidente? En la Casa Rosada revelaron que el primer mandatario est\u00e1 muy preocupado por el r\u00e9cord de demandas judiciales que se alcanzar\u00e1 en 2025 en el Sistema de Riesgos del Trabajo y, a la vez, por la ola de fallos de la justicia laboral que benefician al sindicalismo y perjudican al Gobierno.<\/p>\n<p>Por eso se espera que, tras su gui\u00f1o en las redes sociales, Milei ponga en la mira a los jueces laborales porque cree que \u201chan colaborado fuertemente en destruir a las pymes argentinas y en desalentar inversiones\u201d y que \u201cel da\u00f1o que han hecho es irreparable\u201d, seg\u00fan fuentes oficiales.<\/p>\n<p>Para el Gobierno, la sucesi\u00f3n de fallos judiciales en contra del DNU 70, que inclu\u00eda un cap\u00edtulo laboral; del DNU 340, que reglamenta el derecho de huelga en 17 actividades, y del DNU 430, que elimin\u00f3 el D\u00eda del Trabajador del Estado, es una muestra de que \u201cla Justicia Laboral responde a los sindicatos\u201d, por lo que se prev\u00e9 una fuerte ofensiva presidencial para poner en foco a los magistrados de ese fuero.<\/p>\n<p>\u201cLos jueces laborales son impunes en la Argentina. Atrasan 100 a\u00f1os. Ninguno puedo explicar c\u00f3mo vive. Por eso hay que abrirles jury en el Consejo de la Magistratura y designar nuevos para cubrir las vacantes\u201d, dijo a Infobae una fuente libertaria.<\/p>\n<p>La \u00faltima destinataria de la furia gubernamental es Moira Fullana, a cargo del Juzgado Nacional de Primera Instancia del Trabajo N\u00b0 3 de Capital Federal, que es la magistrada que hace un mes declar\u00f3 la invalidez constitucional de los art\u00edculos 2 y 3 del DNU 340 que reglament\u00f3 el derecho de huelga ante una presentaci\u00f3n de la Asociaci\u00f3n de Trabajadores del Estado (ATE) y la semana pasada dict\u00f3 un fallo similar tras una denuncia impulsada por la CGT. Tambi\u00e9n dict\u00f3 una sentencia contra el Gobierno por la eliminaci\u00f3n del D\u00eda del Trabajador del Estado.<\/p>\n<p>En la l\u00ednea que explicitar\u00eda Milei, el vocero presidencial, Manuel Adorni, calific\u00f3 a Fullana como \u201cjueza militante\u201d y se\u00f1al\u00f3 en X: \u201cLa mafia sindical consigui\u00f3 que la casta judicial, en tiempo r\u00e9cord, le proteja nuevamente uno de sus privilegios\u201d.<\/p>\n<p>Ahora, el Gobierno decidi\u00f3 hacer un an\u00e1lisis de los fallos que viene dictando la Justicia del trabajo para tener estad\u00edsticas que demostrar\u00edan la \u201cparcialidad\u201d de los jueces. \u201cSon una casta total y estamos hartos de ellos; nos declararon la guerra\u201d, afirm\u00f3 el mismo funcionario, con fuerte predicamento en el Gabinete.<\/p>\n<p>\u00bfCu\u00e1l es el plan del Gobierno para contrarrestar la andanada de fallos adversos? En principio, en la administraci\u00f3n Milei hablan de \u201cuna expectativa novedosa\u201d puesta en el Tribunal Superior de Justicia de la Ciudad de Buenos Aires (TSJ): un fallo de la Corte Suprema dictado en diciembre pasado habilit\u00f3 al tribunal porte\u00f1o a intervenir como instancia superior en causas civiles, comerciales, laborales y penales.<\/p>\n<p>A mediados de marzo, el TSJ ya hab\u00eda recibido un total de 180 causas enviadas por la Corte Suprema , desde que \u00e9ste tribunal determin\u00f3, en diciembre pasado, que el TSJ debe actuar como instancia superior en apelaciones de la justicia nacional. De ese total de causas, 140 correspondieron al fuero laboral, 16 al civil, 7 al penal y 3 al comercial.<\/p>\n<p>La mayor\u00eda de los jueces nacionales reaccionaron en contra de la decisi\u00f3n de la Corte, con el argumento de que excede las facultades constitucionales del m\u00e1ximo tribunal, pero ahora el Gobierno estar\u00eda decidido a quebrar esa resistencia apurando el traspaso de juzgados laborales y comerciales de la Naci\u00f3n a CABA para cumplir lo establecido en la Constituci\u00f3n Nacional en la reforma de 1994.<\/p>\n<p>De todas formas, en la Casa Rosada admitieron que, si no hay traspaso de juzgados, \u201cno hay nada normativo que se pueda hacer\u201d para limitar a los jueces laborales, aunque se prev\u00e9 que La Libertad Avanza podr\u00eda tener m\u00e1s legisladores en el Congreso desde diciembre para ir hacia una modificaci\u00f3n del procedimiento de la justicia laboral, que permitir\u00eda agilizar el funcionamiento del fuero.<\/p>\n<p>En el oficialismo apuestan a desgastar a los magistrados laborales mediante el ataque directo del Presidente, que \u201cvisibilizar\u00eda los problemas que generan para que se haga justicia\u201d. Incluso hay funcionarios que piensan ir m\u00e1s all\u00e1: \u201cHay que investigar el patrimonio de los jueces laborales y que se conozcan sus caras y nombres\u201d, dicen.<\/p>\n<p>De la misma manera, Milei quiere actuar con medidas concretas para \u201cdesbaratar la industria del juicio\u201d, sobre todo luego de que conoci\u00f3 un informe de la Uni\u00f3n de Aseguradoras de Riesgos del Trabajo (UART) que revela que, en un a\u00f1o, se iniciaron demandas por un valor equivalente a 6.891.653 salarios m\u00ednimos, generando un costo superior a $2 billones en el per\u00edodo que va de junio de 2024 a mayo pasado. \u201cEl 2025 ser\u00e1 r\u00e9cord: se estiman 130 mil nuevas demandas\u201d, advierte el documento, que describe una situaci\u00f3n de judicializaci\u00f3n sin control.<\/p>\n<p>El relevamiento destaca que la Provincia de Buenos Aires concentra el 40% de los juicios, seguida por CABA con el 19% y Santa Fe con el 14%, configurando un escenario en el que cada mes se presentar\u00edan m\u00e1s de 10.000 demandas nuevas.<\/p>\n<p>Seg\u00fan la UART, en aquel per\u00edodo se verific\u00f3 una reducci\u00f3n del 81% en la mortalidad laboral, evitando 19.000 muertes, y una baja del 55% en la siniestralidad, con 4,7 millones de accidentes evitados y tambi\u00e9n se registr\u00f3 una disminuci\u00f3n del 39% en la gravedad de los siniestros.<\/p>\n<p>Sin embargo, se increment\u00f3 la litigiosidad: entre junio de 2024 y mayo de 2025 se contabilizaron 126.700 juicios. La UART estima que la litigiosidad anual equivale a 6.891.653 salarios m\u00ednimos, dato que describe como el verdadero \u201ccosto argentino\u201d.<\/p>\n<p>La entidad denuncia que esta situaci\u00f3n no se explica por un aumento en los accidentes ni por un deterioro en el servicio sino a un fen\u00f3meno asociado a \u201cpericias m\u00e9dicas judiciales infladas\u201d que superan en 12,5 puntos el Baremo oficial y a tasas de inter\u00e9s judiciales \u201cdesproporcionadas\u201d, ya que estas condiciones convierten \u201ccada juicio en una oportunidad financiera sin igual, no en un reclamo leg\u00edtimo\u201d.<\/p>\n<p>Por eso, en el Gobierno se est\u00e1n evaluando una serie de cambios en el Sistema de Riesgos Laborales que permitan cumplir con el objetivo de \u201csancionar a los abogados que mienten y hacen negocios\u201d.<\/p>\n<p>El malestar por este tema no es nuevo. Cuando fue presidente de la Naci\u00f3n, Mauricio Macri consider\u00f3 que la Justicia Laboral era un fuero \u201cmaldito\u201d de donde salieron muchos fallos judiciales que frenaron algunas decisiones que tom\u00f3 durante su gobierno y que favorecieron a los sindicatos.<\/p>\n<p>Por eso no fue casual que en 2017 Macri haya embestido contra \u201cla mafia de los juicios laborales\u201d que complican la generaci\u00f3n de empleo y acus\u00f3 a \u201cun grupo de estudios de abogados y un grupo minoritario de jueces laboralistas conducido por (H\u00e9ctor) Recalde\u201d. En el caso de los abogados, se quej\u00f3 de que \u201clos estudios laboralistas convencen a un pibe de una pyme de que tiene que hacer ese juicio y dejan a 7, 8, 10 o 12 trabajadores en la calle porque la pyme cierra\u201d. \u201cQueda un mont\u00f3n de gente sin acceder a un trabajo porque el que tiene que tomar decisiones tiene miedo de que su esfuerzo se le vaya en uno de estos comportamientos mafiosos\u201d, agreg\u00f3 el entonces presidente de la Naci\u00f3n.<\/p>\n<p>&nbsp;<\/p>\n<p>&nbsp;<\/p>\n<p>&nbsp;<\/p>\n","protected":false},"excerpt":{"rendered":"<p>El plan para limitar la industria del juicio El Presidente tiene resuelto \u201cvisibilizar\u201d a los magistrados que, seg\u00fan cree, frenan decisiones oficiales y favorecen al sindicalismo. \u201cNos declararon la guerra\u201d, dicen. Qu\u00e9 medidas tiene en estudio el Gobierno \u201cSe viene la motosierra para la industria del juicio y los caranchos\u201d. El mensaje sali\u00f3 publicado este [&hellip;]<\/p>\n","protected":false},"author":4,"featured_media":192517,"comment_status":"closed","ping_status":"closed","sticky":false,"template":"","format":"standard","meta":{"_joinchat":[],"footnotes":""},"categories":[25],"tags":[],"class_list":{"0":"post-192516","1":"post","2":"type-post","3":"status-publish","4":"format-standard","5":"has-post-thumbnail","7":"category-destacados"},"yoast_head":"<!-- This site is optimized with the Yoast SEO plugin v27.2 - https:\/\/yoast.com\/product\/yoast-seo-wordpress\/ -->\n<title>Milei pone en la mira a los jueces laborales - Radio Infinita Goya<\/title>\n<meta name=\"description\" content=\"El plan para limitar la industria del juicio El Presidente tiene resuelto \u201cvisibilizar\u201d a los magistrados que, seg\u00fan cree, frenan decisiones oficiales y\" \/>\n<meta name=\"robots\" content=\"index, follow, max-snippet:-1, max-image-preview:large, max-video-preview:-1\" \/>\n<link rel=\"canonical\" href=\"https:\/\/radioinfinitagoya.com.ar\/v1\/2025\/07\/07\/milei-pone-en-la-mira-a-los-jueces-laborales\/\" \/>\n<meta property=\"og:locale\" content=\"es_ES\" \/>\n<meta property=\"og:type\" content=\"article\" \/>\n<meta property=\"og:title\" content=\"Milei pone en la mira a los jueces laborales - Radio Infinita Goya\" \/>\n<meta property=\"og:description\" content=\"El plan para limitar la industria del juicio El Presidente tiene resuelto \u201cvisibilizar\u201d a los magistrados que, seg\u00fan cree, frenan decisiones oficiales y\" \/>\n<meta property=\"og:url\" content=\"https:\/\/radioinfinitagoya.com.ar\/v1\/2025\/07\/07\/milei-pone-en-la-mira-a-los-jueces-laborales\/\" \/>\n<meta property=\"og:site_name\" content=\"Radio Infinita Goya\" \/>\n<meta property=\"article:publisher\" content=\"https:\/\/www.facebook.com\/p\/Infinita-Goya-100063870918311\/\" \/>\n<meta property=\"article:published_time\" content=\"2025-07-07T20:08:41+00:00\" \/>\n<meta name=\"author\" content=\"Jorge Mi\u00f1o\" \/>\n<meta name=\"twitter:card\" content=\"summary_large_image\" \/>\n<meta name=\"twitter:label1\" content=\"Escrito por\" \/>\n\t<meta name=\"twitter:data1\" content=\"Jorge Mi\u00f1o\" \/>\n\t<meta name=\"twitter:label2\" content=\"Tiempo de lectura\" \/>\n\t<meta name=\"twitter:data2\" content=\"7 minutos\" \/>\n<script type=\"application\/ld+json\" class=\"yoast-schema-graph\">{\"@context\":\"https:\/\/schema.org\",\"@graph\":[{\"@type\":\"Article\",\"@id\":\"https:\/\/radioinfinitagoya.com.ar\/v1\/2025\/07\/07\/milei-pone-en-la-mira-a-los-jueces-laborales\/#article\",\"isPartOf\":{\"@id\":\"https:\/\/radioinfinitagoya.com.ar\/v1\/2025\/07\/07\/milei-pone-en-la-mira-a-los-jueces-laborales\/\"},\"author\":{\"name\":\"Jorge Mi\u00f1o\",\"@id\":\"https:\/\/radioinfinitagoya.com.ar\/v1\/#\/schema\/person\/d4cf9c413d4f6edb24aabdccab49ca4a\"},\"headline\":\"Milei pone en la mira a los jueces laborales\",\"datePublished\":\"2025-07-07T20:08:41+00:00\",\"mainEntityOfPage\":{\"@id\":\"https:\/\/radioinfinitagoya.com.ar\/v1\/2025\/07\/07\/milei-pone-en-la-mira-a-los-jueces-laborales\/\"},\"wordCount\":1304,\"publisher\":{\"@id\":\"https:\/\/radioinfinitagoya.com.ar\/v1\/#organization\"},\"image\":{\"@id\":\"https:\/\/radioinfinitagoya.com.ar\/v1\/2025\/07\/07\/milei-pone-en-la-mira-a-los-jueces-laborales\/#primaryimage\"},\"thumbnailUrl\":\"https:\/\/radioinfinitagoya.com.ar\/v1\/wp-content\/uploads\/2025\/07\/K36SUUULORA5VC2BL4Z4AGJR5E.avif\",\"articleSection\":[\"DESTACADOS\"],\"inLanguage\":\"es-AR\"},{\"@type\":\"WebPage\",\"@id\":\"https:\/\/radioinfinitagoya.com.ar\/v1\/2025\/07\/07\/milei-pone-en-la-mira-a-los-jueces-laborales\/\",\"url\":\"https:\/\/radioinfinitagoya.com.ar\/v1\/2025\/07\/07\/milei-pone-en-la-mira-a-los-jueces-laborales\/\",\"name\":\"Milei pone en la mira a los jueces laborales - Radio Infinita Goya\",\"isPartOf\":{\"@id\":\"https:\/\/radioinfinitagoya.com.ar\/v1\/#website\"},\"primaryImageOfPage\":{\"@id\":\"https:\/\/radioinfinitagoya.com.ar\/v1\/2025\/07\/07\/milei-pone-en-la-mira-a-los-jueces-laborales\/#primaryimage\"},\"image\":{\"@id\":\"https:\/\/radioinfinitagoya.com.ar\/v1\/2025\/07\/07\/milei-pone-en-la-mira-a-los-jueces-laborales\/#primaryimage\"},\"thumbnailUrl\":\"https:\/\/radioinfinitagoya.com.ar\/v1\/wp-content\/uploads\/2025\/07\/K36SUUULORA5VC2BL4Z4AGJR5E.avif\",\"datePublished\":\"2025-07-07T20:08:41+00:00\",\"description\":\"El plan para limitar la industria del juicio El Presidente tiene resuelto \u201cvisibilizar\u201d a los magistrados que, seg\u00fan cree, frenan decisiones oficiales y\",\"breadcrumb\":{\"@id\":\"https:\/\/radioinfinitagoya.com.ar\/v1\/2025\/07\/07\/milei-pone-en-la-mira-a-los-jueces-laborales\/#breadcrumb\"},\"inLanguage\":\"es-AR\",\"potentialAction\":[{\"@type\":\"ReadAction\",\"target\":[\"https:\/\/radioinfinitagoya.com.ar\/v1\/2025\/07\/07\/milei-pone-en-la-mira-a-los-jueces-laborales\/\"]}]},{\"@type\":\"ImageObject\",\"inLanguage\":\"es-AR\",\"@id\":\"https:\/\/radioinfinitagoya.com.ar\/v1\/2025\/07\/07\/milei-pone-en-la-mira-a-los-jueces-laborales\/#primaryimage\",\"url\":\"https:\/\/radioinfinitagoya.com.ar\/v1\/wp-content\/uploads\/2025\/07\/K36SUUULORA5VC2BL4Z4AGJR5E.avif\",\"contentUrl\":\"https:\/\/radioinfinitagoya.com.ar\/v1\/wp-content\/uploads\/2025\/07\/K36SUUULORA5VC2BL4Z4AGJR5E.avif\",\"width\":992,\"height\":1764},{\"@type\":\"BreadcrumbList\",\"@id\":\"https:\/\/radioinfinitagoya.com.ar\/v1\/2025\/07\/07\/milei-pone-en-la-mira-a-los-jueces-laborales\/#breadcrumb\",\"itemListElement\":[{\"@type\":\"ListItem\",\"position\":1,\"name\":\"Inicio\",\"item\":\"https:\/\/radioinfinitagoya.com.ar\/v1\/\"},{\"@type\":\"ListItem\",\"position\":2,\"name\":\"Milei pone en la mira a los jueces laborales\"}]},{\"@type\":\"WebSite\",\"@id\":\"https:\/\/radioinfinitagoya.com.ar\/v1\/#website\",\"url\":\"https:\/\/radioinfinitagoya.com.ar\/v1\/\",\"name\":\"radioinfinitagoya.com.ar\",\"description\":\"Radio de noticias\",\"publisher\":{\"@id\":\"https:\/\/radioinfinitagoya.com.ar\/v1\/#organization\"},\"potentialAction\":[{\"@type\":\"SearchAction\",\"target\":{\"@type\":\"EntryPoint\",\"urlTemplate\":\"https:\/\/radioinfinitagoya.com.ar\/v1\/?s={search_term_string}\"},\"query-input\":{\"@type\":\"PropertyValueSpecification\",\"valueRequired\":true,\"valueName\":\"search_term_string\"}}],\"inLanguage\":\"es-AR\"},{\"@type\":\"Organization\",\"@id\":\"https:\/\/radioinfinitagoya.com.ar\/v1\/#organization\",\"name\":\"Radio Infinita Goya\",\"url\":\"https:\/\/radioinfinitagoya.com.ar\/v1\/\",\"logo\":{\"@type\":\"ImageObject\",\"inLanguage\":\"es-AR\",\"@id\":\"https:\/\/radioinfinitagoya.com.ar\/v1\/#\/schema\/logo\/image\/\",\"url\":\"https:\/\/radioinfinitagoya.com.ar\/v1\/wp-content\/uploads\/2019\/11\/logo-pie-web.png\",\"contentUrl\":\"https:\/\/radioinfinitagoya.com.ar\/v1\/wp-content\/uploads\/2019\/11\/logo-pie-web.png\",\"width\":635,\"height\":326,\"caption\":\"Radio Infinita Goya\"},\"image\":{\"@id\":\"https:\/\/radioinfinitagoya.com.ar\/v1\/#\/schema\/logo\/image\/\"},\"sameAs\":[\"https:\/\/www.facebook.com\/p\/Infinita-Goya-100063870918311\/\"]},{\"@type\":\"Person\",\"@id\":\"https:\/\/radioinfinitagoya.com.ar\/v1\/#\/schema\/person\/d4cf9c413d4f6edb24aabdccab49ca4a\",\"name\":\"Jorge Mi\u00f1o\",\"image\":{\"@type\":\"ImageObject\",\"inLanguage\":\"es-AR\",\"@id\":\"https:\/\/secure.gravatar.com\/avatar\/910fcf6728fe95320e07a6643c1581fec1c7fc4bf8ae12e3d8f0d0373dc844be?s=96&d=mm&r=g\",\"url\":\"https:\/\/secure.gravatar.com\/avatar\/910fcf6728fe95320e07a6643c1581fec1c7fc4bf8ae12e3d8f0d0373dc844be?s=96&d=mm&r=g\",\"contentUrl\":\"https:\/\/secure.gravatar.com\/avatar\/910fcf6728fe95320e07a6643c1581fec1c7fc4bf8ae12e3d8f0d0373dc844be?s=96&d=mm&r=g\",\"caption\":\"Jorge Mi\u00f1o\"},\"sameAs\":[\"http:\/\/radioinfinitagoya.com.ar\"]}]}<\/script>\n<!-- \/ Yoast SEO plugin. -->","yoast_head_json":{"title":"Milei pone en la mira a los jueces laborales - Radio Infinita Goya","description":"El plan para limitar la industria del juicio El Presidente tiene resuelto \u201cvisibilizar\u201d a los magistrados que, seg\u00fan cree, frenan decisiones oficiales y","robots":{"index":"index","follow":"follow","max-snippet":"max-snippet:-1","max-image-preview":"max-image-preview:large","max-video-preview":"max-video-preview:-1"},"canonical":"https:\/\/radioinfinitagoya.com.ar\/v1\/2025\/07\/07\/milei-pone-en-la-mira-a-los-jueces-laborales\/","og_locale":"es_ES","og_type":"article","og_title":"Milei pone en la mira a los jueces laborales - Radio Infinita Goya","og_description":"El plan para limitar la industria del juicio El Presidente tiene resuelto \u201cvisibilizar\u201d a los magistrados que, seg\u00fan cree, frenan decisiones oficiales y","og_url":"https:\/\/radioinfinitagoya.com.ar\/v1\/2025\/07\/07\/milei-pone-en-la-mira-a-los-jueces-laborales\/","og_site_name":"Radio Infinita Goya","article_publisher":"https:\/\/www.facebook.com\/p\/Infinita-Goya-100063870918311\/","article_published_time":"2025-07-07T20:08:41+00:00","author":"Jorge Mi\u00f1o","twitter_card":"summary_large_image","twitter_misc":{"Escrito por":"Jorge Mi\u00f1o","Tiempo de lectura":"7 minutos"},"schema":{"@context":"https:\/\/schema.org","@graph":[{"@type":"Article","@id":"https:\/\/radioinfinitagoya.com.ar\/v1\/2025\/07\/07\/milei-pone-en-la-mira-a-los-jueces-laborales\/#article","isPartOf":{"@id":"https:\/\/radioinfinitagoya.com.ar\/v1\/2025\/07\/07\/milei-pone-en-la-mira-a-los-jueces-laborales\/"},"author":{"name":"Jorge Mi\u00f1o","@id":"https:\/\/radioinfinitagoya.com.ar\/v1\/#\/schema\/person\/d4cf9c413d4f6edb24aabdccab49ca4a"},"headline":"Milei pone en la mira a los jueces laborales","datePublished":"2025-07-07T20:08:41+00:00","mainEntityOfPage":{"@id":"https:\/\/radioinfinitagoya.com.ar\/v1\/2025\/07\/07\/milei-pone-en-la-mira-a-los-jueces-laborales\/"},"wordCount":1304,"publisher":{"@id":"https:\/\/radioinfinitagoya.com.ar\/v1\/#organization"},"image":{"@id":"https:\/\/radioinfinitagoya.com.ar\/v1\/2025\/07\/07\/milei-pone-en-la-mira-a-los-jueces-laborales\/#primaryimage"},"thumbnailUrl":"https:\/\/radioinfinitagoya.com.ar\/v1\/wp-content\/uploads\/2025\/07\/K36SUUULORA5VC2BL4Z4AGJR5E.avif","articleSection":["DESTACADOS"],"inLanguage":"es-AR"},{"@type":"WebPage","@id":"https:\/\/radioinfinitagoya.com.ar\/v1\/2025\/07\/07\/milei-pone-en-la-mira-a-los-jueces-laborales\/","url":"https:\/\/radioinfinitagoya.com.ar\/v1\/2025\/07\/07\/milei-pone-en-la-mira-a-los-jueces-laborales\/","name":"Milei pone en la mira a los jueces laborales - Radio Infinita Goya","isPartOf":{"@id":"https:\/\/radioinfinitagoya.com.ar\/v1\/#website"},"primaryImageOfPage":{"@id":"https:\/\/radioinfinitagoya.com.ar\/v1\/2025\/07\/07\/milei-pone-en-la-mira-a-los-jueces-laborales\/#primaryimage"},"image":{"@id":"https:\/\/radioinfinitagoya.com.ar\/v1\/2025\/07\/07\/milei-pone-en-la-mira-a-los-jueces-laborales\/#primaryimage"},"thumbnailUrl":"https:\/\/radioinfinitagoya.com.ar\/v1\/wp-content\/uploads\/2025\/07\/K36SUUULORA5VC2BL4Z4AGJR5E.avif","datePublished":"2025-07-07T20:08:41+00:00","description":"El plan para limitar la industria del juicio El Presidente tiene resuelto \u201cvisibilizar\u201d a los magistrados que, seg\u00fan cree, frenan decisiones oficiales y","breadcrumb":{"@id":"https:\/\/radioinfinitagoya.com.ar\/v1\/2025\/07\/07\/milei-pone-en-la-mira-a-los-jueces-laborales\/#breadcrumb"},"inLanguage":"es-AR","potentialAction":[{"@type":"ReadAction","target":["https:\/\/radioinfinitagoya.com.ar\/v1\/2025\/07\/07\/milei-pone-en-la-mira-a-los-jueces-laborales\/"]}]},{"@type":"ImageObject","inLanguage":"es-AR","@id":"https:\/\/radioinfinitagoya.com.ar\/v1\/2025\/07\/07\/milei-pone-en-la-mira-a-los-jueces-laborales\/#primaryimage","url":"https:\/\/radioinfinitagoya.com.ar\/v1\/wp-content\/uploads\/2025\/07\/K36SUUULORA5VC2BL4Z4AGJR5E.avif","contentUrl":"https:\/\/radioinfinitagoya.com.ar\/v1\/wp-content\/uploads\/2025\/07\/K36SUUULORA5VC2BL4Z4AGJR5E.avif","width":992,"height":1764},{"@type":"BreadcrumbList","@id":"https:\/\/radioinfinitagoya.com.ar\/v1\/2025\/07\/07\/milei-pone-en-la-mira-a-los-jueces-laborales\/#breadcrumb","itemListElement":[{"@type":"ListItem","position":1,"name":"Inicio","item":"https:\/\/radioinfinitagoya.com.ar\/v1\/"},{"@type":"ListItem","position":2,"name":"Milei pone en la mira a los jueces laborales"}]},{"@type":"WebSite","@id":"https:\/\/radioinfinitagoya.com.ar\/v1\/#website","url":"https:\/\/radioinfinitagoya.com.ar\/v1\/","name":"radioinfinitagoya.com.ar","description":"Radio de noticias","publisher":{"@id":"https:\/\/radioinfinitagoya.com.ar\/v1\/#organization"},"potentialAction":[{"@type":"SearchAction","target":{"@type":"EntryPoint","urlTemplate":"https:\/\/radioinfinitagoya.com.ar\/v1\/?s={search_term_string}"},"query-input":{"@type":"PropertyValueSpecification","valueRequired":true,"valueName":"search_term_string"}}],"inLanguage":"es-AR"},{"@type":"Organization","@id":"https:\/\/radioinfinitagoya.com.ar\/v1\/#organization","name":"Radio Infinita Goya","url":"https:\/\/radioinfinitagoya.com.ar\/v1\/","logo":{"@type":"ImageObject","inLanguage":"es-AR","@id":"https:\/\/radioinfinitagoya.com.ar\/v1\/#\/schema\/logo\/image\/","url":"https:\/\/radioinfinitagoya.com.ar\/v1\/wp-content\/uploads\/2019\/11\/logo-pie-web.png","contentUrl":"https:\/\/radioinfinitagoya.com.ar\/v1\/wp-content\/uploads\/2019\/11\/logo-pie-web.png","width":635,"height":326,"caption":"Radio Infinita Goya"},"image":{"@id":"https:\/\/radioinfinitagoya.com.ar\/v1\/#\/schema\/logo\/image\/"},"sameAs":["https:\/\/www.facebook.com\/p\/Infinita-Goya-100063870918311\/"]},{"@type":"Person","@id":"https:\/\/radioinfinitagoya.com.ar\/v1\/#\/schema\/person\/d4cf9c413d4f6edb24aabdccab49ca4a","name":"Jorge Mi\u00f1o","image":{"@type":"ImageObject","inLanguage":"es-AR","@id":"https:\/\/secure.gravatar.com\/avatar\/910fcf6728fe95320e07a6643c1581fec1c7fc4bf8ae12e3d8f0d0373dc844be?s=96&d=mm&r=g","url":"https:\/\/secure.gravatar.com\/avatar\/910fcf6728fe95320e07a6643c1581fec1c7fc4bf8ae12e3d8f0d0373dc844be?s=96&d=mm&r=g","contentUrl":"https:\/\/secure.gravatar.com\/avatar\/910fcf6728fe95320e07a6643c1581fec1c7fc4bf8ae12e3d8f0d0373dc844be?s=96&d=mm&r=g","caption":"Jorge Mi\u00f1o"},"sameAs":["http:\/\/radioinfinitagoya.com.ar"]}]}},"_links":{"self":[{"href":"https:\/\/radioinfinitagoya.com.ar\/v1\/wp-json\/wp\/v2\/posts\/192516","targetHints":{"allow":["GET"]}}],"collection":[{"href":"https:\/\/radioinfinitagoya.com.ar\/v1\/wp-json\/wp\/v2\/posts"}],"about":[{"href":"https:\/\/radioinfinitagoya.com.ar\/v1\/wp-json\/wp\/v2\/types\/post"}],"author":[{"embeddable":true,"href":"https:\/\/radioinfinitagoya.com.ar\/v1\/wp-json\/wp\/v2\/users\/4"}],"replies":[{"embeddable":true,"href":"https:\/\/radioinfinitagoya.com.ar\/v1\/wp-json\/wp\/v2\/comments?post=192516"}],"version-history":[{"count":0,"href":"https:\/\/radioinfinitagoya.com.ar\/v1\/wp-json\/wp\/v2\/posts\/192516\/revisions"}],"wp:featuredmedia":[{"embeddable":true,"href":"https:\/\/radioinfinitagoya.com.ar\/v1\/wp-json\/wp\/v2\/media\/192517"}],"wp:attachment":[{"href":"https:\/\/radioinfinitagoya.com.ar\/v1\/wp-json\/wp\/v2\/media?parent=192516"}],"wp:term":[{"taxonomy":"category","embeddable":true,"href":"https:\/\/radioinfinitagoya.com.ar\/v1\/wp-json\/wp\/v2\/categories?post=192516"},{"taxonomy":"post_tag","embeddable":true,"href":"https:\/\/radioinfinitagoya.com.ar\/v1\/wp-json\/wp\/v2\/tags?post=192516"}],"curies":[{"name":"wp","href":"https:\/\/api.w.org\/{rel}","templated":true}]}}