{"id":192690,"date":"2025-07-12T17:07:43","date_gmt":"2025-07-12T20:07:43","guid":{"rendered":"https:\/\/radioinfinitagoya.com.ar\/v1\/?p=192690"},"modified":"2025-07-12T17:07:43","modified_gmt":"2025-07-12T20:07:43","slug":"hallaron-un-cadaver-que-flotaba-en-el-rio-que-aun-no-fue-identificado","status":"publish","type":"post","link":"https:\/\/radioinfinitagoya.com.ar\/v1\/2025\/07\/12\/hallaron-un-cadaver-que-flotaba-en-el-rio-que-aun-no-fue-identificado\/","title":{"rendered":"Hallaron un cad\u00e1ver que flotaba en el r\u00edo que a\u00fan no fue identificado"},"content":{"rendered":"<p>Los \u00fanicos datos que se tienen es que es un hombre, mayor de edad que vest\u00eda remera y pantal\u00f3n azules. Nadie radic\u00f3 denuncia por desaparici\u00f3n.<\/p>\n<p>A la altura del astillero Corrientes en el canal secundario de navegaci\u00f3n del R\u00edo Paran\u00e1, hallaron el cuerpo sin vida de un hombre que hasta el momento no pudo ser identificado.<\/p>\n<p>Fuentes oficiales confirmaron a El Litoral que el hecho ocurri\u00f3 el martes \u00faltimo, aunque reci\u00e9n trascendi\u00f3 en la jornada de este viernes.<\/p>\n<p>Fue en el kil\u00f3metro 1194 margen izquierda del Paran\u00e1, en cercan\u00edas de la Isla Noguera. Un barco que cruzaba por el lugar alert\u00f3 del hecho a la Prefectura Corrientes sobre un cuerpo que flotaba, tras lo cual se traslad\u00f3 con inmediatez una embarcaci\u00f3n n\u00e1utica equipada para estas emergencias.<\/p>\n<p>Los \u00fanicos datos que se tuvieron es que es una persona de sexo masculino, vestida con remera y pantal\u00f3n ambos de color azul.<\/p>\n<p>Se dio intervenci\u00f3n a la Unidad Fiscal en turno, que orden\u00f3 la intervenci\u00f3n del personal de la Comisar\u00eda 12\u00b0 Urbana por razones de jurisdicci\u00f3n, y luego se constituy\u00f3 una unidad de m\u00f3vil patol\u00f3gico de los Bomberos Voluntarios.<\/p>\n<p>Trasladaron al cuerpo hasta la morgue judicial, mientras se abri\u00f3 una investigaci\u00f3n para tratar de confirmar la identidad.<\/p>\n<p>Los sondeos hasta el momento no arrojaron resultados exitosos ya que tanto en Chaco como en Corrientes no detectaron hasta el momento ninguna denuncia por desaparici\u00f3n de persona con caracter\u00edsticas similares a este caso.<\/p>\n<p>&nbsp;<\/p>\n","protected":false},"excerpt":{"rendered":"<p>Los \u00fanicos datos que se tienen es que es un hombre, mayor de edad que vest\u00eda remera y pantal\u00f3n azules. Nadie radic\u00f3 denuncia por desaparici\u00f3n. A la altura del astillero Corrientes en el canal secundario de navegaci\u00f3n del R\u00edo Paran\u00e1, hallaron el cuerpo sin vida de un hombre que hasta el momento no pudo ser [&hellip;]<\/p>\n","protected":false},"author":4,"featured_media":192691,"comment_status":"closed","ping_status":"closed","sticky":false,"template":"","format":"standard","meta":{"_joinchat":[],"footnotes":""},"categories":[26],"tags":[],"class_list":{"0":"post-192690","1":"post","2":"type-post","3":"status-publish","4":"format-standard","5":"has-post-thumbnail","7":"category-provinciales"},"yoast_head":"<!-- This site is optimized with the Yoast SEO plugin v27.2 - https:\/\/yoast.com\/product\/yoast-seo-wordpress\/ -->\n<title>Hallaron un cad\u00e1ver que flotaba en el r\u00edo que a\u00fan no fue identificado - Radio Infinita Goya<\/title>\n<meta name=\"description\" content=\"Los \u00fanicos datos que se tienen es que es un hombre, mayor de edad que vest\u00eda remera y pantal\u00f3n azules. Nadie radic\u00f3 denuncia por desaparici\u00f3n. A la altura\" \/>\n<meta name=\"robots\" content=\"index, follow, max-snippet:-1, max-image-preview:large, max-video-preview:-1\" \/>\n<link rel=\"canonical\" href=\"https:\/\/radioinfinitagoya.com.ar\/v1\/2025\/07\/12\/hallaron-un-cadaver-que-flotaba-en-el-rio-que-aun-no-fue-identificado\/\" \/>\n<meta property=\"og:locale\" content=\"es_ES\" \/>\n<meta property=\"og:type\" content=\"article\" \/>\n<meta property=\"og:title\" content=\"Hallaron un cad\u00e1ver que flotaba en el r\u00edo que a\u00fan no fue identificado - Radio Infinita Goya\" \/>\n<meta property=\"og:description\" content=\"Los \u00fanicos datos que se tienen es que es un hombre, mayor de edad que vest\u00eda remera y pantal\u00f3n azules. Nadie radic\u00f3 denuncia por desaparici\u00f3n. A la altura\" \/>\n<meta property=\"og:url\" content=\"https:\/\/radioinfinitagoya.com.ar\/v1\/2025\/07\/12\/hallaron-un-cadaver-que-flotaba-en-el-rio-que-aun-no-fue-identificado\/\" \/>\n<meta property=\"og:site_name\" content=\"Radio Infinita Goya\" \/>\n<meta property=\"article:publisher\" content=\"https:\/\/www.facebook.com\/p\/Infinita-Goya-100063870918311\/\" \/>\n<meta property=\"article:published_time\" content=\"2025-07-12T20:07:43+00:00\" \/>\n<meta property=\"og:image\" content=\"https:\/\/radioinfinitagoya.com.ar\/v1\/wp-content\/uploads\/2025\/07\/1752273863738.webp\" \/>\n\t<meta property=\"og:image:width\" content=\"1200\" \/>\n\t<meta property=\"og:image:height\" content=\"675\" \/>\n\t<meta property=\"og:image:type\" content=\"image\/webp\" \/>\n<meta name=\"author\" content=\"Jorge Mi\u00f1o\" \/>\n<meta name=\"twitter:card\" content=\"summary_large_image\" \/>\n<meta name=\"twitter:label1\" content=\"Escrito por\" \/>\n\t<meta name=\"twitter:data1\" content=\"Jorge Mi\u00f1o\" \/>\n\t<meta name=\"twitter:label2\" content=\"Tiempo de lectura\" \/>\n\t<meta name=\"twitter:data2\" content=\"2 minutos\" \/>\n<script type=\"application\/ld+json\" class=\"yoast-schema-graph\">{\"@context\":\"https:\/\/schema.org\",\"@graph\":[{\"@type\":\"Article\",\"@id\":\"https:\/\/radioinfinitagoya.com.ar\/v1\/2025\/07\/12\/hallaron-un-cadaver-que-flotaba-en-el-rio-que-aun-no-fue-identificado\/#article\",\"isPartOf\":{\"@id\":\"https:\/\/radioinfinitagoya.com.ar\/v1\/2025\/07\/12\/hallaron-un-cadaver-que-flotaba-en-el-rio-que-aun-no-fue-identificado\/\"},\"author\":{\"name\":\"Jorge Mi\u00f1o\",\"@id\":\"https:\/\/radioinfinitagoya.com.ar\/v1\/#\/schema\/person\/d4cf9c413d4f6edb24aabdccab49ca4a\"},\"headline\":\"Hallaron un cad\u00e1ver que flotaba en el r\u00edo que a\u00fan no fue identificado\",\"datePublished\":\"2025-07-12T20:07:43+00:00\",\"mainEntityOfPage\":{\"@id\":\"https:\/\/radioinfinitagoya.com.ar\/v1\/2025\/07\/12\/hallaron-un-cadaver-que-flotaba-en-el-rio-que-aun-no-fue-identificado\/\"},\"wordCount\":273,\"publisher\":{\"@id\":\"https:\/\/radioinfinitagoya.com.ar\/v1\/#organization\"},\"image\":{\"@id\":\"https:\/\/radioinfinitagoya.com.ar\/v1\/2025\/07\/12\/hallaron-un-cadaver-que-flotaba-en-el-rio-que-aun-no-fue-identificado\/#primaryimage\"},\"thumbnailUrl\":\"https:\/\/radioinfinitagoya.com.ar\/v1\/wp-content\/uploads\/2025\/07\/1752273863738.webp\",\"articleSection\":[\"PROVINCIALES\"],\"inLanguage\":\"es-AR\"},{\"@type\":\"WebPage\",\"@id\":\"https:\/\/radioinfinitagoya.com.ar\/v1\/2025\/07\/12\/hallaron-un-cadaver-que-flotaba-en-el-rio-que-aun-no-fue-identificado\/\",\"url\":\"https:\/\/radioinfinitagoya.com.ar\/v1\/2025\/07\/12\/hallaron-un-cadaver-que-flotaba-en-el-rio-que-aun-no-fue-identificado\/\",\"name\":\"Hallaron un cad\u00e1ver que flotaba en el r\u00edo que a\u00fan no fue identificado - Radio Infinita Goya\",\"isPartOf\":{\"@id\":\"https:\/\/radioinfinitagoya.com.ar\/v1\/#website\"},\"primaryImageOfPage\":{\"@id\":\"https:\/\/radioinfinitagoya.com.ar\/v1\/2025\/07\/12\/hallaron-un-cadaver-que-flotaba-en-el-rio-que-aun-no-fue-identificado\/#primaryimage\"},\"image\":{\"@id\":\"https:\/\/radioinfinitagoya.com.ar\/v1\/2025\/07\/12\/hallaron-un-cadaver-que-flotaba-en-el-rio-que-aun-no-fue-identificado\/#primaryimage\"},\"thumbnailUrl\":\"https:\/\/radioinfinitagoya.com.ar\/v1\/wp-content\/uploads\/2025\/07\/1752273863738.webp\",\"datePublished\":\"2025-07-12T20:07:43+00:00\",\"description\":\"Los \u00fanicos datos que se tienen es que es un hombre, mayor de edad que vest\u00eda remera y pantal\u00f3n azules. Nadie radic\u00f3 denuncia por desaparici\u00f3n. A la altura\",\"breadcrumb\":{\"@id\":\"https:\/\/radioinfinitagoya.com.ar\/v1\/2025\/07\/12\/hallaron-un-cadaver-que-flotaba-en-el-rio-que-aun-no-fue-identificado\/#breadcrumb\"},\"inLanguage\":\"es-AR\",\"potentialAction\":[{\"@type\":\"ReadAction\",\"target\":[\"https:\/\/radioinfinitagoya.com.ar\/v1\/2025\/07\/12\/hallaron-un-cadaver-que-flotaba-en-el-rio-que-aun-no-fue-identificado\/\"]}]},{\"@type\":\"ImageObject\",\"inLanguage\":\"es-AR\",\"@id\":\"https:\/\/radioinfinitagoya.com.ar\/v1\/2025\/07\/12\/hallaron-un-cadaver-que-flotaba-en-el-rio-que-aun-no-fue-identificado\/#primaryimage\",\"url\":\"https:\/\/radioinfinitagoya.com.ar\/v1\/wp-content\/uploads\/2025\/07\/1752273863738.webp\",\"contentUrl\":\"https:\/\/radioinfinitagoya.com.ar\/v1\/wp-content\/uploads\/2025\/07\/1752273863738.webp\",\"width\":1200,\"height\":675},{\"@type\":\"BreadcrumbList\",\"@id\":\"https:\/\/radioinfinitagoya.com.ar\/v1\/2025\/07\/12\/hallaron-un-cadaver-que-flotaba-en-el-rio-que-aun-no-fue-identificado\/#breadcrumb\",\"itemListElement\":[{\"@type\":\"ListItem\",\"position\":1,\"name\":\"Inicio\",\"item\":\"https:\/\/radioinfinitagoya.com.ar\/v1\/\"},{\"@type\":\"ListItem\",\"position\":2,\"name\":\"Hallaron un cad\u00e1ver que flotaba en el r\u00edo que a\u00fan no fue identificado\"}]},{\"@type\":\"WebSite\",\"@id\":\"https:\/\/radioinfinitagoya.com.ar\/v1\/#website\",\"url\":\"https:\/\/radioinfinitagoya.com.ar\/v1\/\",\"name\":\"radioinfinitagoya.com.ar\",\"description\":\"Radio de noticias\",\"publisher\":{\"@id\":\"https:\/\/radioinfinitagoya.com.ar\/v1\/#organization\"},\"potentialAction\":[{\"@type\":\"SearchAction\",\"target\":{\"@type\":\"EntryPoint\",\"urlTemplate\":\"https:\/\/radioinfinitagoya.com.ar\/v1\/?s={search_term_string}\"},\"query-input\":{\"@type\":\"PropertyValueSpecification\",\"valueRequired\":true,\"valueName\":\"search_term_string\"}}],\"inLanguage\":\"es-AR\"},{\"@type\":\"Organization\",\"@id\":\"https:\/\/radioinfinitagoya.com.ar\/v1\/#organization\",\"name\":\"Radio Infinita Goya\",\"url\":\"https:\/\/radioinfinitagoya.com.ar\/v1\/\",\"logo\":{\"@type\":\"ImageObject\",\"inLanguage\":\"es-AR\",\"@id\":\"https:\/\/radioinfinitagoya.com.ar\/v1\/#\/schema\/logo\/image\/\",\"url\":\"https:\/\/radioinfinitagoya.com.ar\/v1\/wp-content\/uploads\/2019\/11\/logo-pie-web.png\",\"contentUrl\":\"https:\/\/radioinfinitagoya.com.ar\/v1\/wp-content\/uploads\/2019\/11\/logo-pie-web.png\",\"width\":635,\"height\":326,\"caption\":\"Radio Infinita Goya\"},\"image\":{\"@id\":\"https:\/\/radioinfinitagoya.com.ar\/v1\/#\/schema\/logo\/image\/\"},\"sameAs\":[\"https:\/\/www.facebook.com\/p\/Infinita-Goya-100063870918311\/\"]},{\"@type\":\"Person\",\"@id\":\"https:\/\/radioinfinitagoya.com.ar\/v1\/#\/schema\/person\/d4cf9c413d4f6edb24aabdccab49ca4a\",\"name\":\"Jorge Mi\u00f1o\",\"image\":{\"@type\":\"ImageObject\",\"inLanguage\":\"es-AR\",\"@id\":\"https:\/\/secure.gravatar.com\/avatar\/910fcf6728fe95320e07a6643c1581fec1c7fc4bf8ae12e3d8f0d0373dc844be?s=96&d=mm&r=g\",\"url\":\"https:\/\/secure.gravatar.com\/avatar\/910fcf6728fe95320e07a6643c1581fec1c7fc4bf8ae12e3d8f0d0373dc844be?s=96&d=mm&r=g\",\"contentUrl\":\"https:\/\/secure.gravatar.com\/avatar\/910fcf6728fe95320e07a6643c1581fec1c7fc4bf8ae12e3d8f0d0373dc844be?s=96&d=mm&r=g\",\"caption\":\"Jorge Mi\u00f1o\"},\"sameAs\":[\"http:\/\/radioinfinitagoya.com.ar\"]}]}<\/script>\n<!-- \/ Yoast SEO plugin. -->","yoast_head_json":{"title":"Hallaron un cad\u00e1ver que flotaba en el r\u00edo que a\u00fan no fue identificado - Radio Infinita Goya","description":"Los \u00fanicos datos que se tienen es que es un hombre, mayor de edad que vest\u00eda remera y pantal\u00f3n azules. Nadie radic\u00f3 denuncia por desaparici\u00f3n. A la altura","robots":{"index":"index","follow":"follow","max-snippet":"max-snippet:-1","max-image-preview":"max-image-preview:large","max-video-preview":"max-video-preview:-1"},"canonical":"https:\/\/radioinfinitagoya.com.ar\/v1\/2025\/07\/12\/hallaron-un-cadaver-que-flotaba-en-el-rio-que-aun-no-fue-identificado\/","og_locale":"es_ES","og_type":"article","og_title":"Hallaron un cad\u00e1ver que flotaba en el r\u00edo que a\u00fan no fue identificado - Radio Infinita Goya","og_description":"Los \u00fanicos datos que se tienen es que es un hombre, mayor de edad que vest\u00eda remera y pantal\u00f3n azules. Nadie radic\u00f3 denuncia por desaparici\u00f3n. A la altura","og_url":"https:\/\/radioinfinitagoya.com.ar\/v1\/2025\/07\/12\/hallaron-un-cadaver-que-flotaba-en-el-rio-que-aun-no-fue-identificado\/","og_site_name":"Radio Infinita Goya","article_publisher":"https:\/\/www.facebook.com\/p\/Infinita-Goya-100063870918311\/","article_published_time":"2025-07-12T20:07:43+00:00","og_image":[{"width":1200,"height":675,"url":"https:\/\/radioinfinitagoya.com.ar\/v1\/wp-content\/uploads\/2025\/07\/1752273863738.webp","type":"image\/webp"}],"author":"Jorge Mi\u00f1o","twitter_card":"summary_large_image","twitter_misc":{"Escrito por":"Jorge Mi\u00f1o","Tiempo de lectura":"2 minutos"},"schema":{"@context":"https:\/\/schema.org","@graph":[{"@type":"Article","@id":"https:\/\/radioinfinitagoya.com.ar\/v1\/2025\/07\/12\/hallaron-un-cadaver-que-flotaba-en-el-rio-que-aun-no-fue-identificado\/#article","isPartOf":{"@id":"https:\/\/radioinfinitagoya.com.ar\/v1\/2025\/07\/12\/hallaron-un-cadaver-que-flotaba-en-el-rio-que-aun-no-fue-identificado\/"},"author":{"name":"Jorge Mi\u00f1o","@id":"https:\/\/radioinfinitagoya.com.ar\/v1\/#\/schema\/person\/d4cf9c413d4f6edb24aabdccab49ca4a"},"headline":"Hallaron un cad\u00e1ver que flotaba en el r\u00edo que a\u00fan no fue identificado","datePublished":"2025-07-12T20:07:43+00:00","mainEntityOfPage":{"@id":"https:\/\/radioinfinitagoya.com.ar\/v1\/2025\/07\/12\/hallaron-un-cadaver-que-flotaba-en-el-rio-que-aun-no-fue-identificado\/"},"wordCount":273,"publisher":{"@id":"https:\/\/radioinfinitagoya.com.ar\/v1\/#organization"},"image":{"@id":"https:\/\/radioinfinitagoya.com.ar\/v1\/2025\/07\/12\/hallaron-un-cadaver-que-flotaba-en-el-rio-que-aun-no-fue-identificado\/#primaryimage"},"thumbnailUrl":"https:\/\/radioinfinitagoya.com.ar\/v1\/wp-content\/uploads\/2025\/07\/1752273863738.webp","articleSection":["PROVINCIALES"],"inLanguage":"es-AR"},{"@type":"WebPage","@id":"https:\/\/radioinfinitagoya.com.ar\/v1\/2025\/07\/12\/hallaron-un-cadaver-que-flotaba-en-el-rio-que-aun-no-fue-identificado\/","url":"https:\/\/radioinfinitagoya.com.ar\/v1\/2025\/07\/12\/hallaron-un-cadaver-que-flotaba-en-el-rio-que-aun-no-fue-identificado\/","name":"Hallaron un cad\u00e1ver que flotaba en el r\u00edo que a\u00fan no fue identificado - Radio Infinita Goya","isPartOf":{"@id":"https:\/\/radioinfinitagoya.com.ar\/v1\/#website"},"primaryImageOfPage":{"@id":"https:\/\/radioinfinitagoya.com.ar\/v1\/2025\/07\/12\/hallaron-un-cadaver-que-flotaba-en-el-rio-que-aun-no-fue-identificado\/#primaryimage"},"image":{"@id":"https:\/\/radioinfinitagoya.com.ar\/v1\/2025\/07\/12\/hallaron-un-cadaver-que-flotaba-en-el-rio-que-aun-no-fue-identificado\/#primaryimage"},"thumbnailUrl":"https:\/\/radioinfinitagoya.com.ar\/v1\/wp-content\/uploads\/2025\/07\/1752273863738.webp","datePublished":"2025-07-12T20:07:43+00:00","description":"Los \u00fanicos datos que se tienen es que es un hombre, mayor de edad que vest\u00eda remera y pantal\u00f3n azules. Nadie radic\u00f3 denuncia por desaparici\u00f3n. A la altura","breadcrumb":{"@id":"https:\/\/radioinfinitagoya.com.ar\/v1\/2025\/07\/12\/hallaron-un-cadaver-que-flotaba-en-el-rio-que-aun-no-fue-identificado\/#breadcrumb"},"inLanguage":"es-AR","potentialAction":[{"@type":"ReadAction","target":["https:\/\/radioinfinitagoya.com.ar\/v1\/2025\/07\/12\/hallaron-un-cadaver-que-flotaba-en-el-rio-que-aun-no-fue-identificado\/"]}]},{"@type":"ImageObject","inLanguage":"es-AR","@id":"https:\/\/radioinfinitagoya.com.ar\/v1\/2025\/07\/12\/hallaron-un-cadaver-que-flotaba-en-el-rio-que-aun-no-fue-identificado\/#primaryimage","url":"https:\/\/radioinfinitagoya.com.ar\/v1\/wp-content\/uploads\/2025\/07\/1752273863738.webp","contentUrl":"https:\/\/radioinfinitagoya.com.ar\/v1\/wp-content\/uploads\/2025\/07\/1752273863738.webp","width":1200,"height":675},{"@type":"BreadcrumbList","@id":"https:\/\/radioinfinitagoya.com.ar\/v1\/2025\/07\/12\/hallaron-un-cadaver-que-flotaba-en-el-rio-que-aun-no-fue-identificado\/#breadcrumb","itemListElement":[{"@type":"ListItem","position":1,"name":"Inicio","item":"https:\/\/radioinfinitagoya.com.ar\/v1\/"},{"@type":"ListItem","position":2,"name":"Hallaron un cad\u00e1ver que flotaba en el r\u00edo que a\u00fan no fue identificado"}]},{"@type":"WebSite","@id":"https:\/\/radioinfinitagoya.com.ar\/v1\/#website","url":"https:\/\/radioinfinitagoya.com.ar\/v1\/","name":"radioinfinitagoya.com.ar","description":"Radio de noticias","publisher":{"@id":"https:\/\/radioinfinitagoya.com.ar\/v1\/#organization"},"potentialAction":[{"@type":"SearchAction","target":{"@type":"EntryPoint","urlTemplate":"https:\/\/radioinfinitagoya.com.ar\/v1\/?s={search_term_string}"},"query-input":{"@type":"PropertyValueSpecification","valueRequired":true,"valueName":"search_term_string"}}],"inLanguage":"es-AR"},{"@type":"Organization","@id":"https:\/\/radioinfinitagoya.com.ar\/v1\/#organization","name":"Radio Infinita Goya","url":"https:\/\/radioinfinitagoya.com.ar\/v1\/","logo":{"@type":"ImageObject","inLanguage":"es-AR","@id":"https:\/\/radioinfinitagoya.com.ar\/v1\/#\/schema\/logo\/image\/","url":"https:\/\/radioinfinitagoya.com.ar\/v1\/wp-content\/uploads\/2019\/11\/logo-pie-web.png","contentUrl":"https:\/\/radioinfinitagoya.com.ar\/v1\/wp-content\/uploads\/2019\/11\/logo-pie-web.png","width":635,"height":326,"caption":"Radio Infinita Goya"},"image":{"@id":"https:\/\/radioinfinitagoya.com.ar\/v1\/#\/schema\/logo\/image\/"},"sameAs":["https:\/\/www.facebook.com\/p\/Infinita-Goya-100063870918311\/"]},{"@type":"Person","@id":"https:\/\/radioinfinitagoya.com.ar\/v1\/#\/schema\/person\/d4cf9c413d4f6edb24aabdccab49ca4a","name":"Jorge Mi\u00f1o","image":{"@type":"ImageObject","inLanguage":"es-AR","@id":"https:\/\/secure.gravatar.com\/avatar\/910fcf6728fe95320e07a6643c1581fec1c7fc4bf8ae12e3d8f0d0373dc844be?s=96&d=mm&r=g","url":"https:\/\/secure.gravatar.com\/avatar\/910fcf6728fe95320e07a6643c1581fec1c7fc4bf8ae12e3d8f0d0373dc844be?s=96&d=mm&r=g","contentUrl":"https:\/\/secure.gravatar.com\/avatar\/910fcf6728fe95320e07a6643c1581fec1c7fc4bf8ae12e3d8f0d0373dc844be?s=96&d=mm&r=g","caption":"Jorge Mi\u00f1o"},"sameAs":["http:\/\/radioinfinitagoya.com.ar"]}]}},"_links":{"self":[{"href":"https:\/\/radioinfinitagoya.com.ar\/v1\/wp-json\/wp\/v2\/posts\/192690","targetHints":{"allow":["GET"]}}],"collection":[{"href":"https:\/\/radioinfinitagoya.com.ar\/v1\/wp-json\/wp\/v2\/posts"}],"about":[{"href":"https:\/\/radioinfinitagoya.com.ar\/v1\/wp-json\/wp\/v2\/types\/post"}],"author":[{"embeddable":true,"href":"https:\/\/radioinfinitagoya.com.ar\/v1\/wp-json\/wp\/v2\/users\/4"}],"replies":[{"embeddable":true,"href":"https:\/\/radioinfinitagoya.com.ar\/v1\/wp-json\/wp\/v2\/comments?post=192690"}],"version-history":[{"count":0,"href":"https:\/\/radioinfinitagoya.com.ar\/v1\/wp-json\/wp\/v2\/posts\/192690\/revisions"}],"wp:featuredmedia":[{"embeddable":true,"href":"https:\/\/radioinfinitagoya.com.ar\/v1\/wp-json\/wp\/v2\/media\/192691"}],"wp:attachment":[{"href":"https:\/\/radioinfinitagoya.com.ar\/v1\/wp-json\/wp\/v2\/media?parent=192690"}],"wp:term":[{"taxonomy":"category","embeddable":true,"href":"https:\/\/radioinfinitagoya.com.ar\/v1\/wp-json\/wp\/v2\/categories?post=192690"},{"taxonomy":"post_tag","embeddable":true,"href":"https:\/\/radioinfinitagoya.com.ar\/v1\/wp-json\/wp\/v2\/tags?post=192690"}],"curies":[{"name":"wp","href":"https:\/\/api.w.org\/{rel}","templated":true}]}}