{"id":192908,"date":"2025-07-16T16:45:34","date_gmt":"2025-07-16T19:45:34","guid":{"rendered":"https:\/\/radioinfinitagoya.com.ar\/v1\/?p=192908"},"modified":"2025-07-16T16:45:34","modified_gmt":"2025-07-16T19:45:34","slug":"f1-el-cambio-en-el-reglamento-que-beneficia-a-colapinto-y-alpine","status":"publish","type":"post","link":"https:\/\/radioinfinitagoya.com.ar\/v1\/2025\/07\/16\/f1-el-cambio-en-el-reglamento-que-beneficia-a-colapinto-y-alpine\/","title":{"rendered":"F1: el cambio en el reglamento que beneficia a Colapinto y Alpine"},"content":{"rendered":"<p>Tras el Gran Premio de Austria, se implement\u00f3 la flexibilizaci\u00f3n de pruebas aerodin\u00e1micas para los equipos m\u00e1s rezagados en esta temporada.<\/p>\n<p>Alpine atraviesa un 2025 complicado en la F\u00f3rmula 1, con malos resultados que la dejaron en el \u00faltimo puesto del Campeonato de Constructores. Sin embargo, la situaci\u00f3n podr\u00eda cambiar a su favor tras una reciente modificaci\u00f3n reglamentaria dispuesta por la FIA: el organismo autoriz\u00f3 a los equipos m\u00e1s rezagados a realizar un mayor n\u00famero de pruebas aerodin\u00e1micas.<\/p>\n<p>Con esto, la escuder\u00eda francesa, que cuenta con el piloto argentino Franco Colapinto, obtiene una ventaja estrat\u00e9gica en plena etapa de desarrollo t\u00e9cnico. La medida fue implementada tras el Gran Premio de Austria, en el marco de una revisi\u00f3n semestral del sistema de asignaci\u00f3n de recursos aerodin\u00e1micos.<\/p>\n<p>Este sistema contempla tanto el uso de t\u00fanel de viento como las simulaciones CFD (Din\u00e1mica de Fluidos Computacional), herramientas fundamentales para evolucionar el rendimiento de los autos. El objetivo de la normativa es acortar la brecha de rendimiento entre las escuder\u00edas m\u00e1s poderosas y las que est\u00e1n en el fondo de la tabla.<\/p>\n<p>As\u00ed qued\u00f3 el nuevo reparto de pruebas aerodin\u00e1micas<\/p>\n<p>Alpine, que cay\u00f3 del sexto al d\u00e9cimo lugar respecto a la temporada anterior, podr\u00e1 acceder ahora a un 115% del promedio de horas permitido. Esto se traduce en 368 pruebas en t\u00fanel de viento, 2.300 simulaciones CFD y 92 horas con viento activo, cifras muy superiores a las que podr\u00e1 utilizar, por ejemplo, Mercedes, que por estar segundo en el campeonato solo dispondr\u00e1 del 75% del l\u00edmite reglamentario.<\/p>\n<p>Otros equipos tambi\u00e9n se vieron afectados por la nueva distribuci\u00f3n: Williams, que logr\u00f3 escalar del noveno al quinto puesto, fue uno de los m\u00e1s perjudicados: su n\u00famero de pruebas en t\u00fanel baj\u00f3 de 352 a 288, y sus simulaciones se redujeron a 1.800; McLaren, l\u00edder actual del certamen, mantiene su cupo al 75%; mientras que Red Bull y Ferrari, al haber perdido terreno, recuperan ligeramente su margen con un leve incremento en sus ensayos.<\/p>\n<p>El impacto de la decisi\u00f3n de la F\u00f3rmula 1<\/p>\n<p>El impacto de esta decisi\u00f3n podr\u00eda sentirse no solo en el tramo final de la temporada actual, sino tambi\u00e9n de cara a 2026, cuando entrar\u00e1 en vigencia un nuevo reglamento t\u00e9cnico con autos completamente renovados. Lo que cada escuder\u00eda logre desarrollar en los pr\u00f3ximos meses ser\u00e1 clave para posicionarse en ese nuevo escenario.<\/p>\n<p>Colapinto, que volver\u00e1 a competir en el pr\u00f3ximo Gran Premio de B\u00e9lgica, se ve indirectamente favorecido por esta flexibilizaci\u00f3n, ya que su equipo podr\u00e1 trabajar m\u00e1s intensamente para brindarle un monoplaza m\u00e1s competitivo. En un contexto dominado por la lucha por el desarrollo t\u00e9cnico, cada hora de simulaci\u00f3n puede marcar la diferencia.<\/p>\n","protected":false},"excerpt":{"rendered":"<p>Tras el Gran Premio de Austria, se implement\u00f3 la flexibilizaci\u00f3n de pruebas aerodin\u00e1micas para los equipos m\u00e1s rezagados en esta temporada. Alpine atraviesa un 2025 complicado en la F\u00f3rmula 1, con malos resultados que la dejaron en el \u00faltimo puesto del Campeonato de Constructores. Sin embargo, la situaci\u00f3n podr\u00eda cambiar a su favor tras una [&hellip;]<\/p>\n","protected":false},"author":4,"featured_media":192909,"comment_status":"closed","ping_status":"closed","sticky":false,"template":"","format":"standard","meta":{"_joinchat":[],"footnotes":""},"categories":[28],"tags":[],"class_list":{"0":"post-192908","1":"post","2":"type-post","3":"status-publish","4":"format-standard","5":"has-post-thumbnail","7":"category-deportes"},"yoast_head":"<!-- This site is optimized with the Yoast SEO plugin v27.2 - https:\/\/yoast.com\/product\/yoast-seo-wordpress\/ -->\n<title>F1: el cambio en el reglamento que beneficia a Colapinto y Alpine - Radio Infinita Goya<\/title>\n<meta name=\"description\" content=\"Tras el Gran Premio de Austria, se implement\u00f3 la flexibilizaci\u00f3n de pruebas aerodin\u00e1micas para los equipos m\u00e1s rezagados en esta temporada. Alpine\" \/>\n<meta name=\"robots\" content=\"index, follow, max-snippet:-1, max-image-preview:large, max-video-preview:-1\" \/>\n<link rel=\"canonical\" href=\"https:\/\/radioinfinitagoya.com.ar\/v1\/2025\/07\/16\/f1-el-cambio-en-el-reglamento-que-beneficia-a-colapinto-y-alpine\/\" \/>\n<meta property=\"og:locale\" content=\"es_ES\" \/>\n<meta property=\"og:type\" content=\"article\" \/>\n<meta property=\"og:title\" content=\"F1: el cambio en el reglamento que beneficia a Colapinto y Alpine - Radio Infinita Goya\" \/>\n<meta property=\"og:description\" content=\"Tras el Gran Premio de Austria, se implement\u00f3 la flexibilizaci\u00f3n de pruebas aerodin\u00e1micas para los equipos m\u00e1s rezagados en esta temporada. Alpine\" \/>\n<meta property=\"og:url\" content=\"https:\/\/radioinfinitagoya.com.ar\/v1\/2025\/07\/16\/f1-el-cambio-en-el-reglamento-que-beneficia-a-colapinto-y-alpine\/\" \/>\n<meta property=\"og:site_name\" content=\"Radio Infinita Goya\" \/>\n<meta property=\"article:publisher\" content=\"https:\/\/www.facebook.com\/p\/Infinita-Goya-100063870918311\/\" \/>\n<meta property=\"article:published_time\" content=\"2025-07-16T19:45:34+00:00\" \/>\n<meta property=\"og:image\" content=\"https:\/\/radioinfinitagoya.com.ar\/v1\/wp-content\/uploads\/2025\/07\/guHFYP7Z.jpg\" \/>\n\t<meta property=\"og:image:width\" content=\"680\" \/>\n\t<meta property=\"og:image:height\" content=\"340\" \/>\n\t<meta property=\"og:image:type\" content=\"image\/jpeg\" \/>\n<meta name=\"author\" content=\"Jorge Mi\u00f1o\" \/>\n<meta name=\"twitter:card\" content=\"summary_large_image\" \/>\n<meta name=\"twitter:label1\" content=\"Escrito por\" \/>\n\t<meta name=\"twitter:data1\" content=\"Jorge Mi\u00f1o\" \/>\n\t<meta name=\"twitter:label2\" content=\"Tiempo de lectura\" \/>\n\t<meta name=\"twitter:data2\" content=\"3 minutos\" \/>\n<script type=\"application\/ld+json\" class=\"yoast-schema-graph\">{\"@context\":\"https:\/\/schema.org\",\"@graph\":[{\"@type\":\"Article\",\"@id\":\"https:\/\/radioinfinitagoya.com.ar\/v1\/2025\/07\/16\/f1-el-cambio-en-el-reglamento-que-beneficia-a-colapinto-y-alpine\/#article\",\"isPartOf\":{\"@id\":\"https:\/\/radioinfinitagoya.com.ar\/v1\/2025\/07\/16\/f1-el-cambio-en-el-reglamento-que-beneficia-a-colapinto-y-alpine\/\"},\"author\":{\"name\":\"Jorge Mi\u00f1o\",\"@id\":\"https:\/\/radioinfinitagoya.com.ar\/v1\/#\/schema\/person\/d4cf9c413d4f6edb24aabdccab49ca4a\"},\"headline\":\"F1: el cambio en el reglamento que beneficia a Colapinto y Alpine\",\"datePublished\":\"2025-07-16T19:45:34+00:00\",\"mainEntityOfPage\":{\"@id\":\"https:\/\/radioinfinitagoya.com.ar\/v1\/2025\/07\/16\/f1-el-cambio-en-el-reglamento-que-beneficia-a-colapinto-y-alpine\/\"},\"wordCount\":487,\"publisher\":{\"@id\":\"https:\/\/radioinfinitagoya.com.ar\/v1\/#organization\"},\"image\":{\"@id\":\"https:\/\/radioinfinitagoya.com.ar\/v1\/2025\/07\/16\/f1-el-cambio-en-el-reglamento-que-beneficia-a-colapinto-y-alpine\/#primaryimage\"},\"thumbnailUrl\":\"https:\/\/radioinfinitagoya.com.ar\/v1\/wp-content\/uploads\/2025\/07\/guHFYP7Z.jpg\",\"articleSection\":[\"DEPORTES\"],\"inLanguage\":\"es-AR\"},{\"@type\":\"WebPage\",\"@id\":\"https:\/\/radioinfinitagoya.com.ar\/v1\/2025\/07\/16\/f1-el-cambio-en-el-reglamento-que-beneficia-a-colapinto-y-alpine\/\",\"url\":\"https:\/\/radioinfinitagoya.com.ar\/v1\/2025\/07\/16\/f1-el-cambio-en-el-reglamento-que-beneficia-a-colapinto-y-alpine\/\",\"name\":\"F1: el cambio en el reglamento que beneficia a Colapinto y Alpine - Radio Infinita Goya\",\"isPartOf\":{\"@id\":\"https:\/\/radioinfinitagoya.com.ar\/v1\/#website\"},\"primaryImageOfPage\":{\"@id\":\"https:\/\/radioinfinitagoya.com.ar\/v1\/2025\/07\/16\/f1-el-cambio-en-el-reglamento-que-beneficia-a-colapinto-y-alpine\/#primaryimage\"},\"image\":{\"@id\":\"https:\/\/radioinfinitagoya.com.ar\/v1\/2025\/07\/16\/f1-el-cambio-en-el-reglamento-que-beneficia-a-colapinto-y-alpine\/#primaryimage\"},\"thumbnailUrl\":\"https:\/\/radioinfinitagoya.com.ar\/v1\/wp-content\/uploads\/2025\/07\/guHFYP7Z.jpg\",\"datePublished\":\"2025-07-16T19:45:34+00:00\",\"description\":\"Tras el Gran Premio de Austria, se implement\u00f3 la flexibilizaci\u00f3n de pruebas aerodin\u00e1micas para los equipos m\u00e1s rezagados en esta temporada. Alpine\",\"breadcrumb\":{\"@id\":\"https:\/\/radioinfinitagoya.com.ar\/v1\/2025\/07\/16\/f1-el-cambio-en-el-reglamento-que-beneficia-a-colapinto-y-alpine\/#breadcrumb\"},\"inLanguage\":\"es-AR\",\"potentialAction\":[{\"@type\":\"ReadAction\",\"target\":[\"https:\/\/radioinfinitagoya.com.ar\/v1\/2025\/07\/16\/f1-el-cambio-en-el-reglamento-que-beneficia-a-colapinto-y-alpine\/\"]}]},{\"@type\":\"ImageObject\",\"inLanguage\":\"es-AR\",\"@id\":\"https:\/\/radioinfinitagoya.com.ar\/v1\/2025\/07\/16\/f1-el-cambio-en-el-reglamento-que-beneficia-a-colapinto-y-alpine\/#primaryimage\",\"url\":\"https:\/\/radioinfinitagoya.com.ar\/v1\/wp-content\/uploads\/2025\/07\/guHFYP7Z.jpg\",\"contentUrl\":\"https:\/\/radioinfinitagoya.com.ar\/v1\/wp-content\/uploads\/2025\/07\/guHFYP7Z.jpg\",\"width\":680,\"height\":340},{\"@type\":\"BreadcrumbList\",\"@id\":\"https:\/\/radioinfinitagoya.com.ar\/v1\/2025\/07\/16\/f1-el-cambio-en-el-reglamento-que-beneficia-a-colapinto-y-alpine\/#breadcrumb\",\"itemListElement\":[{\"@type\":\"ListItem\",\"position\":1,\"name\":\"Inicio\",\"item\":\"https:\/\/radioinfinitagoya.com.ar\/v1\/\"},{\"@type\":\"ListItem\",\"position\":2,\"name\":\"F1: el cambio en el reglamento que beneficia a Colapinto y Alpine\"}]},{\"@type\":\"WebSite\",\"@id\":\"https:\/\/radioinfinitagoya.com.ar\/v1\/#website\",\"url\":\"https:\/\/radioinfinitagoya.com.ar\/v1\/\",\"name\":\"radioinfinitagoya.com.ar\",\"description\":\"Radio de noticias\",\"publisher\":{\"@id\":\"https:\/\/radioinfinitagoya.com.ar\/v1\/#organization\"},\"potentialAction\":[{\"@type\":\"SearchAction\",\"target\":{\"@type\":\"EntryPoint\",\"urlTemplate\":\"https:\/\/radioinfinitagoya.com.ar\/v1\/?s={search_term_string}\"},\"query-input\":{\"@type\":\"PropertyValueSpecification\",\"valueRequired\":true,\"valueName\":\"search_term_string\"}}],\"inLanguage\":\"es-AR\"},{\"@type\":\"Organization\",\"@id\":\"https:\/\/radioinfinitagoya.com.ar\/v1\/#organization\",\"name\":\"Radio Infinita Goya\",\"url\":\"https:\/\/radioinfinitagoya.com.ar\/v1\/\",\"logo\":{\"@type\":\"ImageObject\",\"inLanguage\":\"es-AR\",\"@id\":\"https:\/\/radioinfinitagoya.com.ar\/v1\/#\/schema\/logo\/image\/\",\"url\":\"https:\/\/radioinfinitagoya.com.ar\/v1\/wp-content\/uploads\/2019\/11\/logo-pie-web.png\",\"contentUrl\":\"https:\/\/radioinfinitagoya.com.ar\/v1\/wp-content\/uploads\/2019\/11\/logo-pie-web.png\",\"width\":635,\"height\":326,\"caption\":\"Radio Infinita Goya\"},\"image\":{\"@id\":\"https:\/\/radioinfinitagoya.com.ar\/v1\/#\/schema\/logo\/image\/\"},\"sameAs\":[\"https:\/\/www.facebook.com\/p\/Infinita-Goya-100063870918311\/\"]},{\"@type\":\"Person\",\"@id\":\"https:\/\/radioinfinitagoya.com.ar\/v1\/#\/schema\/person\/d4cf9c413d4f6edb24aabdccab49ca4a\",\"name\":\"Jorge Mi\u00f1o\",\"image\":{\"@type\":\"ImageObject\",\"inLanguage\":\"es-AR\",\"@id\":\"https:\/\/secure.gravatar.com\/avatar\/910fcf6728fe95320e07a6643c1581fec1c7fc4bf8ae12e3d8f0d0373dc844be?s=96&d=mm&r=g\",\"url\":\"https:\/\/secure.gravatar.com\/avatar\/910fcf6728fe95320e07a6643c1581fec1c7fc4bf8ae12e3d8f0d0373dc844be?s=96&d=mm&r=g\",\"contentUrl\":\"https:\/\/secure.gravatar.com\/avatar\/910fcf6728fe95320e07a6643c1581fec1c7fc4bf8ae12e3d8f0d0373dc844be?s=96&d=mm&r=g\",\"caption\":\"Jorge Mi\u00f1o\"},\"sameAs\":[\"http:\/\/radioinfinitagoya.com.ar\"]}]}<\/script>\n<!-- \/ Yoast SEO plugin. -->","yoast_head_json":{"title":"F1: el cambio en el reglamento que beneficia a Colapinto y Alpine - Radio Infinita Goya","description":"Tras el Gran Premio de Austria, se implement\u00f3 la flexibilizaci\u00f3n de pruebas aerodin\u00e1micas para los equipos m\u00e1s rezagados en esta temporada. Alpine","robots":{"index":"index","follow":"follow","max-snippet":"max-snippet:-1","max-image-preview":"max-image-preview:large","max-video-preview":"max-video-preview:-1"},"canonical":"https:\/\/radioinfinitagoya.com.ar\/v1\/2025\/07\/16\/f1-el-cambio-en-el-reglamento-que-beneficia-a-colapinto-y-alpine\/","og_locale":"es_ES","og_type":"article","og_title":"F1: el cambio en el reglamento que beneficia a Colapinto y Alpine - Radio Infinita Goya","og_description":"Tras el Gran Premio de Austria, se implement\u00f3 la flexibilizaci\u00f3n de pruebas aerodin\u00e1micas para los equipos m\u00e1s rezagados en esta temporada. Alpine","og_url":"https:\/\/radioinfinitagoya.com.ar\/v1\/2025\/07\/16\/f1-el-cambio-en-el-reglamento-que-beneficia-a-colapinto-y-alpine\/","og_site_name":"Radio Infinita Goya","article_publisher":"https:\/\/www.facebook.com\/p\/Infinita-Goya-100063870918311\/","article_published_time":"2025-07-16T19:45:34+00:00","og_image":[{"width":680,"height":340,"url":"https:\/\/radioinfinitagoya.com.ar\/v1\/wp-content\/uploads\/2025\/07\/guHFYP7Z.jpg","type":"image\/jpeg"}],"author":"Jorge Mi\u00f1o","twitter_card":"summary_large_image","twitter_misc":{"Escrito por":"Jorge Mi\u00f1o","Tiempo de lectura":"3 minutos"},"schema":{"@context":"https:\/\/schema.org","@graph":[{"@type":"Article","@id":"https:\/\/radioinfinitagoya.com.ar\/v1\/2025\/07\/16\/f1-el-cambio-en-el-reglamento-que-beneficia-a-colapinto-y-alpine\/#article","isPartOf":{"@id":"https:\/\/radioinfinitagoya.com.ar\/v1\/2025\/07\/16\/f1-el-cambio-en-el-reglamento-que-beneficia-a-colapinto-y-alpine\/"},"author":{"name":"Jorge Mi\u00f1o","@id":"https:\/\/radioinfinitagoya.com.ar\/v1\/#\/schema\/person\/d4cf9c413d4f6edb24aabdccab49ca4a"},"headline":"F1: el cambio en el reglamento que beneficia a Colapinto y Alpine","datePublished":"2025-07-16T19:45:34+00:00","mainEntityOfPage":{"@id":"https:\/\/radioinfinitagoya.com.ar\/v1\/2025\/07\/16\/f1-el-cambio-en-el-reglamento-que-beneficia-a-colapinto-y-alpine\/"},"wordCount":487,"publisher":{"@id":"https:\/\/radioinfinitagoya.com.ar\/v1\/#organization"},"image":{"@id":"https:\/\/radioinfinitagoya.com.ar\/v1\/2025\/07\/16\/f1-el-cambio-en-el-reglamento-que-beneficia-a-colapinto-y-alpine\/#primaryimage"},"thumbnailUrl":"https:\/\/radioinfinitagoya.com.ar\/v1\/wp-content\/uploads\/2025\/07\/guHFYP7Z.jpg","articleSection":["DEPORTES"],"inLanguage":"es-AR"},{"@type":"WebPage","@id":"https:\/\/radioinfinitagoya.com.ar\/v1\/2025\/07\/16\/f1-el-cambio-en-el-reglamento-que-beneficia-a-colapinto-y-alpine\/","url":"https:\/\/radioinfinitagoya.com.ar\/v1\/2025\/07\/16\/f1-el-cambio-en-el-reglamento-que-beneficia-a-colapinto-y-alpine\/","name":"F1: el cambio en el reglamento que beneficia a Colapinto y Alpine - Radio Infinita Goya","isPartOf":{"@id":"https:\/\/radioinfinitagoya.com.ar\/v1\/#website"},"primaryImageOfPage":{"@id":"https:\/\/radioinfinitagoya.com.ar\/v1\/2025\/07\/16\/f1-el-cambio-en-el-reglamento-que-beneficia-a-colapinto-y-alpine\/#primaryimage"},"image":{"@id":"https:\/\/radioinfinitagoya.com.ar\/v1\/2025\/07\/16\/f1-el-cambio-en-el-reglamento-que-beneficia-a-colapinto-y-alpine\/#primaryimage"},"thumbnailUrl":"https:\/\/radioinfinitagoya.com.ar\/v1\/wp-content\/uploads\/2025\/07\/guHFYP7Z.jpg","datePublished":"2025-07-16T19:45:34+00:00","description":"Tras el Gran Premio de Austria, se implement\u00f3 la flexibilizaci\u00f3n de pruebas aerodin\u00e1micas para los equipos m\u00e1s rezagados en esta temporada. Alpine","breadcrumb":{"@id":"https:\/\/radioinfinitagoya.com.ar\/v1\/2025\/07\/16\/f1-el-cambio-en-el-reglamento-que-beneficia-a-colapinto-y-alpine\/#breadcrumb"},"inLanguage":"es-AR","potentialAction":[{"@type":"ReadAction","target":["https:\/\/radioinfinitagoya.com.ar\/v1\/2025\/07\/16\/f1-el-cambio-en-el-reglamento-que-beneficia-a-colapinto-y-alpine\/"]}]},{"@type":"ImageObject","inLanguage":"es-AR","@id":"https:\/\/radioinfinitagoya.com.ar\/v1\/2025\/07\/16\/f1-el-cambio-en-el-reglamento-que-beneficia-a-colapinto-y-alpine\/#primaryimage","url":"https:\/\/radioinfinitagoya.com.ar\/v1\/wp-content\/uploads\/2025\/07\/guHFYP7Z.jpg","contentUrl":"https:\/\/radioinfinitagoya.com.ar\/v1\/wp-content\/uploads\/2025\/07\/guHFYP7Z.jpg","width":680,"height":340},{"@type":"BreadcrumbList","@id":"https:\/\/radioinfinitagoya.com.ar\/v1\/2025\/07\/16\/f1-el-cambio-en-el-reglamento-que-beneficia-a-colapinto-y-alpine\/#breadcrumb","itemListElement":[{"@type":"ListItem","position":1,"name":"Inicio","item":"https:\/\/radioinfinitagoya.com.ar\/v1\/"},{"@type":"ListItem","position":2,"name":"F1: el cambio en el reglamento que beneficia a Colapinto y Alpine"}]},{"@type":"WebSite","@id":"https:\/\/radioinfinitagoya.com.ar\/v1\/#website","url":"https:\/\/radioinfinitagoya.com.ar\/v1\/","name":"radioinfinitagoya.com.ar","description":"Radio de noticias","publisher":{"@id":"https:\/\/radioinfinitagoya.com.ar\/v1\/#organization"},"potentialAction":[{"@type":"SearchAction","target":{"@type":"EntryPoint","urlTemplate":"https:\/\/radioinfinitagoya.com.ar\/v1\/?s={search_term_string}"},"query-input":{"@type":"PropertyValueSpecification","valueRequired":true,"valueName":"search_term_string"}}],"inLanguage":"es-AR"},{"@type":"Organization","@id":"https:\/\/radioinfinitagoya.com.ar\/v1\/#organization","name":"Radio Infinita Goya","url":"https:\/\/radioinfinitagoya.com.ar\/v1\/","logo":{"@type":"ImageObject","inLanguage":"es-AR","@id":"https:\/\/radioinfinitagoya.com.ar\/v1\/#\/schema\/logo\/image\/","url":"https:\/\/radioinfinitagoya.com.ar\/v1\/wp-content\/uploads\/2019\/11\/logo-pie-web.png","contentUrl":"https:\/\/radioinfinitagoya.com.ar\/v1\/wp-content\/uploads\/2019\/11\/logo-pie-web.png","width":635,"height":326,"caption":"Radio Infinita Goya"},"image":{"@id":"https:\/\/radioinfinitagoya.com.ar\/v1\/#\/schema\/logo\/image\/"},"sameAs":["https:\/\/www.facebook.com\/p\/Infinita-Goya-100063870918311\/"]},{"@type":"Person","@id":"https:\/\/radioinfinitagoya.com.ar\/v1\/#\/schema\/person\/d4cf9c413d4f6edb24aabdccab49ca4a","name":"Jorge Mi\u00f1o","image":{"@type":"ImageObject","inLanguage":"es-AR","@id":"https:\/\/secure.gravatar.com\/avatar\/910fcf6728fe95320e07a6643c1581fec1c7fc4bf8ae12e3d8f0d0373dc844be?s=96&d=mm&r=g","url":"https:\/\/secure.gravatar.com\/avatar\/910fcf6728fe95320e07a6643c1581fec1c7fc4bf8ae12e3d8f0d0373dc844be?s=96&d=mm&r=g","contentUrl":"https:\/\/secure.gravatar.com\/avatar\/910fcf6728fe95320e07a6643c1581fec1c7fc4bf8ae12e3d8f0d0373dc844be?s=96&d=mm&r=g","caption":"Jorge Mi\u00f1o"},"sameAs":["http:\/\/radioinfinitagoya.com.ar"]}]}},"_links":{"self":[{"href":"https:\/\/radioinfinitagoya.com.ar\/v1\/wp-json\/wp\/v2\/posts\/192908","targetHints":{"allow":["GET"]}}],"collection":[{"href":"https:\/\/radioinfinitagoya.com.ar\/v1\/wp-json\/wp\/v2\/posts"}],"about":[{"href":"https:\/\/radioinfinitagoya.com.ar\/v1\/wp-json\/wp\/v2\/types\/post"}],"author":[{"embeddable":true,"href":"https:\/\/radioinfinitagoya.com.ar\/v1\/wp-json\/wp\/v2\/users\/4"}],"replies":[{"embeddable":true,"href":"https:\/\/radioinfinitagoya.com.ar\/v1\/wp-json\/wp\/v2\/comments?post=192908"}],"version-history":[{"count":0,"href":"https:\/\/radioinfinitagoya.com.ar\/v1\/wp-json\/wp\/v2\/posts\/192908\/revisions"}],"wp:featuredmedia":[{"embeddable":true,"href":"https:\/\/radioinfinitagoya.com.ar\/v1\/wp-json\/wp\/v2\/media\/192909"}],"wp:attachment":[{"href":"https:\/\/radioinfinitagoya.com.ar\/v1\/wp-json\/wp\/v2\/media?parent=192908"}],"wp:term":[{"taxonomy":"category","embeddable":true,"href":"https:\/\/radioinfinitagoya.com.ar\/v1\/wp-json\/wp\/v2\/categories?post=192908"},{"taxonomy":"post_tag","embeddable":true,"href":"https:\/\/radioinfinitagoya.com.ar\/v1\/wp-json\/wp\/v2\/tags?post=192908"}],"curies":[{"name":"wp","href":"https:\/\/api.w.org\/{rel}","templated":true}]}}