{"id":192911,"date":"2025-07-16T16:47:07","date_gmt":"2025-07-16T19:47:07","guid":{"rendered":"https:\/\/radioinfinitagoya.com.ar\/v1\/?p=192911"},"modified":"2025-07-16T16:47:07","modified_gmt":"2025-07-16T19:47:07","slug":"el-torneo-interprovincial-se-jugaria-en-agosto","status":"publish","type":"post","link":"https:\/\/radioinfinitagoya.com.ar\/v1\/2025\/07\/16\/el-torneo-interprovincial-se-jugaria-en-agosto\/","title":{"rendered":"El Torneo Interprovincial se jugar\u00eda en agosto"},"content":{"rendered":"<p>En la ma\u00f1ana de este mi\u00e9rcoles se llev\u00f3 a cabo en la sede la Asociaci\u00f3n de B\u00e1squetbol de la Ciudad de Corrientes (ABCC) la reuni\u00f3n entre los presidentes, Alfredo Wenk, quien estuvo acompa\u00f1ado de Alicia Sena (secretaria), y su par de la Asociaci\u00f3n de B\u00e1squetbol de Resistencia (ABR), Oscar Rivas. Las deliberaciones abarcaron varios t\u00f3picos y lo m\u00e1s saliente fue la firme intenci\u00f3n de darle vida nuevamente a los Torneos Chaco- Corrientes en las ramas masculina y femenina respectivamente.<\/p>\n<p>Masculino<\/p>\n<p>La idea primaria es dar en lo inmediato, el primer salto con el certamen de 1\u00ba Divisi\u00f3n, donde ambas orillas ya han consagrado sus campeones del primer semestre. As\u00ed por la ABCC est\u00e1n Regatas (campe\u00f3n de la Copa Palacio), San Mart\u00edn, Deportivo Col\u00f3n y B\u00e1squetbol C\u00f3rdoba respectivamente. En tanto del lado de la ABR, Villa San Mart\u00edn (campe\u00f3n del torneo Apertura), Hind\u00fa Club, Regatas Resistencia y Don Orione, respectivamente. La idea es jugar en los primeros d\u00edas de agosto, series de cuartos de final, dos llaves en cada ciudad, semifinales y final, todos a juego \u00fanico. Los detalles ser\u00e1n determinados en los pr\u00f3ximos d\u00edas.<\/p>\n<p>U13, U15, U17 y U21<\/p>\n<p>Adem\u00e1s la misma modalidad, aunque m\u00e1s adelante se tiene previsto realizarlas en las mencionadas divisiones, donde cruzar\u00e1 a los cuatro mejores clubes de cada ciudad, para fortalecer y ampliar la competencia inter-provincial.<\/p>\n<p>Femenino<\/p>\n<p>En este aspecto es firme el prop\u00f3sito llevar adelante un certamen en principio de 1\u00ba Divisi\u00f3n, donde tanto Alfredo Wenk como Oscar Ribas consultar\u00e1n a sus clubes afiliados las intenciones de participar. La competencia ser\u00e1 bajo las normas del SIREDI.<\/p>\n<p>&nbsp;<\/p>\n","protected":false},"excerpt":{"rendered":"<p>En la ma\u00f1ana de este mi\u00e9rcoles se llev\u00f3 a cabo en la sede la Asociaci\u00f3n de B\u00e1squetbol de la Ciudad de Corrientes (ABCC) la reuni\u00f3n entre los presidentes, Alfredo Wenk, quien estuvo acompa\u00f1ado de Alicia Sena (secretaria), y su par de la Asociaci\u00f3n de B\u00e1squetbol de Resistencia (ABR), Oscar Rivas. Las deliberaciones abarcaron varios t\u00f3picos [&hellip;]<\/p>\n","protected":false},"author":4,"featured_media":192912,"comment_status":"closed","ping_status":"closed","sticky":false,"template":"","format":"standard","meta":{"_joinchat":[],"footnotes":""},"categories":[28],"tags":[],"class_list":{"0":"post-192911","1":"post","2":"type-post","3":"status-publish","4":"format-standard","5":"has-post-thumbnail","7":"category-deportes"},"yoast_head":"<!-- This site is optimized with the Yoast SEO plugin v27.2 - https:\/\/yoast.com\/product\/yoast-seo-wordpress\/ -->\n<title>El Torneo Interprovincial se jugar\u00eda en agosto - Radio Infinita Goya<\/title>\n<meta name=\"description\" content=\"En la ma\u00f1ana de este mi\u00e9rcoles se llev\u00f3 a cabo en la sede la Asociaci\u00f3n de B\u00e1squetbol de la Ciudad de Corrientes (ABCC) la reuni\u00f3n entre los presidentes,\" \/>\n<meta name=\"robots\" content=\"index, follow, max-snippet:-1, max-image-preview:large, max-video-preview:-1\" \/>\n<link rel=\"canonical\" href=\"https:\/\/radioinfinitagoya.com.ar\/v1\/2025\/07\/16\/el-torneo-interprovincial-se-jugaria-en-agosto\/\" \/>\n<meta property=\"og:locale\" content=\"es_ES\" \/>\n<meta property=\"og:type\" content=\"article\" \/>\n<meta property=\"og:title\" content=\"El Torneo Interprovincial se jugar\u00eda en agosto - Radio Infinita Goya\" \/>\n<meta property=\"og:description\" content=\"En la ma\u00f1ana de este mi\u00e9rcoles se llev\u00f3 a cabo en la sede la Asociaci\u00f3n de B\u00e1squetbol de la Ciudad de Corrientes (ABCC) la reuni\u00f3n entre los presidentes,\" \/>\n<meta property=\"og:url\" content=\"https:\/\/radioinfinitagoya.com.ar\/v1\/2025\/07\/16\/el-torneo-interprovincial-se-jugaria-en-agosto\/\" \/>\n<meta property=\"og:site_name\" content=\"Radio Infinita Goya\" \/>\n<meta property=\"article:publisher\" content=\"https:\/\/www.facebook.com\/p\/Infinita-Goya-100063870918311\/\" \/>\n<meta property=\"article:published_time\" content=\"2025-07-16T19:47:07+00:00\" \/>\n<meta property=\"og:image\" content=\"https:\/\/radioinfinitagoya.com.ar\/v1\/wp-content\/uploads\/2025\/07\/INTERPROVINCIALCTESCHACO.jpg\" \/>\n\t<meta property=\"og:image:width\" content=\"912\" \/>\n\t<meta property=\"og:image:height\" content=\"649\" \/>\n\t<meta property=\"og:image:type\" content=\"image\/jpeg\" \/>\n<meta name=\"author\" content=\"Jorge Mi\u00f1o\" \/>\n<meta name=\"twitter:card\" content=\"summary_large_image\" \/>\n<meta name=\"twitter:label1\" content=\"Escrito por\" \/>\n\t<meta name=\"twitter:data1\" content=\"Jorge Mi\u00f1o\" \/>\n\t<meta name=\"twitter:label2\" content=\"Tiempo de lectura\" \/>\n\t<meta name=\"twitter:data2\" content=\"2 minutos\" \/>\n<script type=\"application\/ld+json\" class=\"yoast-schema-graph\">{\"@context\":\"https:\/\/schema.org\",\"@graph\":[{\"@type\":\"Article\",\"@id\":\"https:\/\/radioinfinitagoya.com.ar\/v1\/2025\/07\/16\/el-torneo-interprovincial-se-jugaria-en-agosto\/#article\",\"isPartOf\":{\"@id\":\"https:\/\/radioinfinitagoya.com.ar\/v1\/2025\/07\/16\/el-torneo-interprovincial-se-jugaria-en-agosto\/\"},\"author\":{\"name\":\"Jorge Mi\u00f1o\",\"@id\":\"https:\/\/radioinfinitagoya.com.ar\/v1\/#\/schema\/person\/d4cf9c413d4f6edb24aabdccab49ca4a\"},\"headline\":\"El Torneo Interprovincial se jugar\u00eda en agosto\",\"datePublished\":\"2025-07-16T19:47:07+00:00\",\"mainEntityOfPage\":{\"@id\":\"https:\/\/radioinfinitagoya.com.ar\/v1\/2025\/07\/16\/el-torneo-interprovincial-se-jugaria-en-agosto\/\"},\"wordCount\":298,\"publisher\":{\"@id\":\"https:\/\/radioinfinitagoya.com.ar\/v1\/#organization\"},\"image\":{\"@id\":\"https:\/\/radioinfinitagoya.com.ar\/v1\/2025\/07\/16\/el-torneo-interprovincial-se-jugaria-en-agosto\/#primaryimage\"},\"thumbnailUrl\":\"https:\/\/radioinfinitagoya.com.ar\/v1\/wp-content\/uploads\/2025\/07\/INTERPROVINCIALCTESCHACO.jpg\",\"articleSection\":[\"DEPORTES\"],\"inLanguage\":\"es-AR\"},{\"@type\":\"WebPage\",\"@id\":\"https:\/\/radioinfinitagoya.com.ar\/v1\/2025\/07\/16\/el-torneo-interprovincial-se-jugaria-en-agosto\/\",\"url\":\"https:\/\/radioinfinitagoya.com.ar\/v1\/2025\/07\/16\/el-torneo-interprovincial-se-jugaria-en-agosto\/\",\"name\":\"El Torneo Interprovincial se jugar\u00eda en agosto - Radio Infinita Goya\",\"isPartOf\":{\"@id\":\"https:\/\/radioinfinitagoya.com.ar\/v1\/#website\"},\"primaryImageOfPage\":{\"@id\":\"https:\/\/radioinfinitagoya.com.ar\/v1\/2025\/07\/16\/el-torneo-interprovincial-se-jugaria-en-agosto\/#primaryimage\"},\"image\":{\"@id\":\"https:\/\/radioinfinitagoya.com.ar\/v1\/2025\/07\/16\/el-torneo-interprovincial-se-jugaria-en-agosto\/#primaryimage\"},\"thumbnailUrl\":\"https:\/\/radioinfinitagoya.com.ar\/v1\/wp-content\/uploads\/2025\/07\/INTERPROVINCIALCTESCHACO.jpg\",\"datePublished\":\"2025-07-16T19:47:07+00:00\",\"description\":\"En la ma\u00f1ana de este mi\u00e9rcoles se llev\u00f3 a cabo en la sede la Asociaci\u00f3n de B\u00e1squetbol de la Ciudad de Corrientes (ABCC) la reuni\u00f3n entre los presidentes,\",\"breadcrumb\":{\"@id\":\"https:\/\/radioinfinitagoya.com.ar\/v1\/2025\/07\/16\/el-torneo-interprovincial-se-jugaria-en-agosto\/#breadcrumb\"},\"inLanguage\":\"es-AR\",\"potentialAction\":[{\"@type\":\"ReadAction\",\"target\":[\"https:\/\/radioinfinitagoya.com.ar\/v1\/2025\/07\/16\/el-torneo-interprovincial-se-jugaria-en-agosto\/\"]}]},{\"@type\":\"ImageObject\",\"inLanguage\":\"es-AR\",\"@id\":\"https:\/\/radioinfinitagoya.com.ar\/v1\/2025\/07\/16\/el-torneo-interprovincial-se-jugaria-en-agosto\/#primaryimage\",\"url\":\"https:\/\/radioinfinitagoya.com.ar\/v1\/wp-content\/uploads\/2025\/07\/INTERPROVINCIALCTESCHACO.jpg\",\"contentUrl\":\"https:\/\/radioinfinitagoya.com.ar\/v1\/wp-content\/uploads\/2025\/07\/INTERPROVINCIALCTESCHACO.jpg\",\"width\":912,\"height\":649},{\"@type\":\"BreadcrumbList\",\"@id\":\"https:\/\/radioinfinitagoya.com.ar\/v1\/2025\/07\/16\/el-torneo-interprovincial-se-jugaria-en-agosto\/#breadcrumb\",\"itemListElement\":[{\"@type\":\"ListItem\",\"position\":1,\"name\":\"Inicio\",\"item\":\"https:\/\/radioinfinitagoya.com.ar\/v1\/\"},{\"@type\":\"ListItem\",\"position\":2,\"name\":\"El Torneo Interprovincial se jugar\u00eda en agosto\"}]},{\"@type\":\"WebSite\",\"@id\":\"https:\/\/radioinfinitagoya.com.ar\/v1\/#website\",\"url\":\"https:\/\/radioinfinitagoya.com.ar\/v1\/\",\"name\":\"radioinfinitagoya.com.ar\",\"description\":\"Radio de noticias\",\"publisher\":{\"@id\":\"https:\/\/radioinfinitagoya.com.ar\/v1\/#organization\"},\"potentialAction\":[{\"@type\":\"SearchAction\",\"target\":{\"@type\":\"EntryPoint\",\"urlTemplate\":\"https:\/\/radioinfinitagoya.com.ar\/v1\/?s={search_term_string}\"},\"query-input\":{\"@type\":\"PropertyValueSpecification\",\"valueRequired\":true,\"valueName\":\"search_term_string\"}}],\"inLanguage\":\"es-AR\"},{\"@type\":\"Organization\",\"@id\":\"https:\/\/radioinfinitagoya.com.ar\/v1\/#organization\",\"name\":\"Radio Infinita Goya\",\"url\":\"https:\/\/radioinfinitagoya.com.ar\/v1\/\",\"logo\":{\"@type\":\"ImageObject\",\"inLanguage\":\"es-AR\",\"@id\":\"https:\/\/radioinfinitagoya.com.ar\/v1\/#\/schema\/logo\/image\/\",\"url\":\"https:\/\/radioinfinitagoya.com.ar\/v1\/wp-content\/uploads\/2019\/11\/logo-pie-web.png\",\"contentUrl\":\"https:\/\/radioinfinitagoya.com.ar\/v1\/wp-content\/uploads\/2019\/11\/logo-pie-web.png\",\"width\":635,\"height\":326,\"caption\":\"Radio Infinita Goya\"},\"image\":{\"@id\":\"https:\/\/radioinfinitagoya.com.ar\/v1\/#\/schema\/logo\/image\/\"},\"sameAs\":[\"https:\/\/www.facebook.com\/p\/Infinita-Goya-100063870918311\/\"]},{\"@type\":\"Person\",\"@id\":\"https:\/\/radioinfinitagoya.com.ar\/v1\/#\/schema\/person\/d4cf9c413d4f6edb24aabdccab49ca4a\",\"name\":\"Jorge Mi\u00f1o\",\"image\":{\"@type\":\"ImageObject\",\"inLanguage\":\"es-AR\",\"@id\":\"https:\/\/secure.gravatar.com\/avatar\/910fcf6728fe95320e07a6643c1581fec1c7fc4bf8ae12e3d8f0d0373dc844be?s=96&d=mm&r=g\",\"url\":\"https:\/\/secure.gravatar.com\/avatar\/910fcf6728fe95320e07a6643c1581fec1c7fc4bf8ae12e3d8f0d0373dc844be?s=96&d=mm&r=g\",\"contentUrl\":\"https:\/\/secure.gravatar.com\/avatar\/910fcf6728fe95320e07a6643c1581fec1c7fc4bf8ae12e3d8f0d0373dc844be?s=96&d=mm&r=g\",\"caption\":\"Jorge Mi\u00f1o\"},\"sameAs\":[\"http:\/\/radioinfinitagoya.com.ar\"]}]}<\/script>\n<!-- \/ Yoast SEO plugin. -->","yoast_head_json":{"title":"El Torneo Interprovincial se jugar\u00eda en agosto - Radio Infinita Goya","description":"En la ma\u00f1ana de este mi\u00e9rcoles se llev\u00f3 a cabo en la sede la Asociaci\u00f3n de B\u00e1squetbol de la Ciudad de Corrientes (ABCC) la reuni\u00f3n entre los presidentes,","robots":{"index":"index","follow":"follow","max-snippet":"max-snippet:-1","max-image-preview":"max-image-preview:large","max-video-preview":"max-video-preview:-1"},"canonical":"https:\/\/radioinfinitagoya.com.ar\/v1\/2025\/07\/16\/el-torneo-interprovincial-se-jugaria-en-agosto\/","og_locale":"es_ES","og_type":"article","og_title":"El Torneo Interprovincial se jugar\u00eda en agosto - Radio Infinita Goya","og_description":"En la ma\u00f1ana de este mi\u00e9rcoles se llev\u00f3 a cabo en la sede la Asociaci\u00f3n de B\u00e1squetbol de la Ciudad de Corrientes (ABCC) la reuni\u00f3n entre los presidentes,","og_url":"https:\/\/radioinfinitagoya.com.ar\/v1\/2025\/07\/16\/el-torneo-interprovincial-se-jugaria-en-agosto\/","og_site_name":"Radio Infinita Goya","article_publisher":"https:\/\/www.facebook.com\/p\/Infinita-Goya-100063870918311\/","article_published_time":"2025-07-16T19:47:07+00:00","og_image":[{"width":912,"height":649,"url":"https:\/\/radioinfinitagoya.com.ar\/v1\/wp-content\/uploads\/2025\/07\/INTERPROVINCIALCTESCHACO.jpg","type":"image\/jpeg"}],"author":"Jorge Mi\u00f1o","twitter_card":"summary_large_image","twitter_misc":{"Escrito por":"Jorge Mi\u00f1o","Tiempo de lectura":"2 minutos"},"schema":{"@context":"https:\/\/schema.org","@graph":[{"@type":"Article","@id":"https:\/\/radioinfinitagoya.com.ar\/v1\/2025\/07\/16\/el-torneo-interprovincial-se-jugaria-en-agosto\/#article","isPartOf":{"@id":"https:\/\/radioinfinitagoya.com.ar\/v1\/2025\/07\/16\/el-torneo-interprovincial-se-jugaria-en-agosto\/"},"author":{"name":"Jorge Mi\u00f1o","@id":"https:\/\/radioinfinitagoya.com.ar\/v1\/#\/schema\/person\/d4cf9c413d4f6edb24aabdccab49ca4a"},"headline":"El Torneo Interprovincial se jugar\u00eda en agosto","datePublished":"2025-07-16T19:47:07+00:00","mainEntityOfPage":{"@id":"https:\/\/radioinfinitagoya.com.ar\/v1\/2025\/07\/16\/el-torneo-interprovincial-se-jugaria-en-agosto\/"},"wordCount":298,"publisher":{"@id":"https:\/\/radioinfinitagoya.com.ar\/v1\/#organization"},"image":{"@id":"https:\/\/radioinfinitagoya.com.ar\/v1\/2025\/07\/16\/el-torneo-interprovincial-se-jugaria-en-agosto\/#primaryimage"},"thumbnailUrl":"https:\/\/radioinfinitagoya.com.ar\/v1\/wp-content\/uploads\/2025\/07\/INTERPROVINCIALCTESCHACO.jpg","articleSection":["DEPORTES"],"inLanguage":"es-AR"},{"@type":"WebPage","@id":"https:\/\/radioinfinitagoya.com.ar\/v1\/2025\/07\/16\/el-torneo-interprovincial-se-jugaria-en-agosto\/","url":"https:\/\/radioinfinitagoya.com.ar\/v1\/2025\/07\/16\/el-torneo-interprovincial-se-jugaria-en-agosto\/","name":"El Torneo Interprovincial se jugar\u00eda en agosto - Radio Infinita Goya","isPartOf":{"@id":"https:\/\/radioinfinitagoya.com.ar\/v1\/#website"},"primaryImageOfPage":{"@id":"https:\/\/radioinfinitagoya.com.ar\/v1\/2025\/07\/16\/el-torneo-interprovincial-se-jugaria-en-agosto\/#primaryimage"},"image":{"@id":"https:\/\/radioinfinitagoya.com.ar\/v1\/2025\/07\/16\/el-torneo-interprovincial-se-jugaria-en-agosto\/#primaryimage"},"thumbnailUrl":"https:\/\/radioinfinitagoya.com.ar\/v1\/wp-content\/uploads\/2025\/07\/INTERPROVINCIALCTESCHACO.jpg","datePublished":"2025-07-16T19:47:07+00:00","description":"En la ma\u00f1ana de este mi\u00e9rcoles se llev\u00f3 a cabo en la sede la Asociaci\u00f3n de B\u00e1squetbol de la Ciudad de Corrientes (ABCC) la reuni\u00f3n entre los presidentes,","breadcrumb":{"@id":"https:\/\/radioinfinitagoya.com.ar\/v1\/2025\/07\/16\/el-torneo-interprovincial-se-jugaria-en-agosto\/#breadcrumb"},"inLanguage":"es-AR","potentialAction":[{"@type":"ReadAction","target":["https:\/\/radioinfinitagoya.com.ar\/v1\/2025\/07\/16\/el-torneo-interprovincial-se-jugaria-en-agosto\/"]}]},{"@type":"ImageObject","inLanguage":"es-AR","@id":"https:\/\/radioinfinitagoya.com.ar\/v1\/2025\/07\/16\/el-torneo-interprovincial-se-jugaria-en-agosto\/#primaryimage","url":"https:\/\/radioinfinitagoya.com.ar\/v1\/wp-content\/uploads\/2025\/07\/INTERPROVINCIALCTESCHACO.jpg","contentUrl":"https:\/\/radioinfinitagoya.com.ar\/v1\/wp-content\/uploads\/2025\/07\/INTERPROVINCIALCTESCHACO.jpg","width":912,"height":649},{"@type":"BreadcrumbList","@id":"https:\/\/radioinfinitagoya.com.ar\/v1\/2025\/07\/16\/el-torneo-interprovincial-se-jugaria-en-agosto\/#breadcrumb","itemListElement":[{"@type":"ListItem","position":1,"name":"Inicio","item":"https:\/\/radioinfinitagoya.com.ar\/v1\/"},{"@type":"ListItem","position":2,"name":"El Torneo Interprovincial se jugar\u00eda en agosto"}]},{"@type":"WebSite","@id":"https:\/\/radioinfinitagoya.com.ar\/v1\/#website","url":"https:\/\/radioinfinitagoya.com.ar\/v1\/","name":"radioinfinitagoya.com.ar","description":"Radio de noticias","publisher":{"@id":"https:\/\/radioinfinitagoya.com.ar\/v1\/#organization"},"potentialAction":[{"@type":"SearchAction","target":{"@type":"EntryPoint","urlTemplate":"https:\/\/radioinfinitagoya.com.ar\/v1\/?s={search_term_string}"},"query-input":{"@type":"PropertyValueSpecification","valueRequired":true,"valueName":"search_term_string"}}],"inLanguage":"es-AR"},{"@type":"Organization","@id":"https:\/\/radioinfinitagoya.com.ar\/v1\/#organization","name":"Radio Infinita Goya","url":"https:\/\/radioinfinitagoya.com.ar\/v1\/","logo":{"@type":"ImageObject","inLanguage":"es-AR","@id":"https:\/\/radioinfinitagoya.com.ar\/v1\/#\/schema\/logo\/image\/","url":"https:\/\/radioinfinitagoya.com.ar\/v1\/wp-content\/uploads\/2019\/11\/logo-pie-web.png","contentUrl":"https:\/\/radioinfinitagoya.com.ar\/v1\/wp-content\/uploads\/2019\/11\/logo-pie-web.png","width":635,"height":326,"caption":"Radio Infinita Goya"},"image":{"@id":"https:\/\/radioinfinitagoya.com.ar\/v1\/#\/schema\/logo\/image\/"},"sameAs":["https:\/\/www.facebook.com\/p\/Infinita-Goya-100063870918311\/"]},{"@type":"Person","@id":"https:\/\/radioinfinitagoya.com.ar\/v1\/#\/schema\/person\/d4cf9c413d4f6edb24aabdccab49ca4a","name":"Jorge Mi\u00f1o","image":{"@type":"ImageObject","inLanguage":"es-AR","@id":"https:\/\/secure.gravatar.com\/avatar\/910fcf6728fe95320e07a6643c1581fec1c7fc4bf8ae12e3d8f0d0373dc844be?s=96&d=mm&r=g","url":"https:\/\/secure.gravatar.com\/avatar\/910fcf6728fe95320e07a6643c1581fec1c7fc4bf8ae12e3d8f0d0373dc844be?s=96&d=mm&r=g","contentUrl":"https:\/\/secure.gravatar.com\/avatar\/910fcf6728fe95320e07a6643c1581fec1c7fc4bf8ae12e3d8f0d0373dc844be?s=96&d=mm&r=g","caption":"Jorge Mi\u00f1o"},"sameAs":["http:\/\/radioinfinitagoya.com.ar"]}]}},"_links":{"self":[{"href":"https:\/\/radioinfinitagoya.com.ar\/v1\/wp-json\/wp\/v2\/posts\/192911","targetHints":{"allow":["GET"]}}],"collection":[{"href":"https:\/\/radioinfinitagoya.com.ar\/v1\/wp-json\/wp\/v2\/posts"}],"about":[{"href":"https:\/\/radioinfinitagoya.com.ar\/v1\/wp-json\/wp\/v2\/types\/post"}],"author":[{"embeddable":true,"href":"https:\/\/radioinfinitagoya.com.ar\/v1\/wp-json\/wp\/v2\/users\/4"}],"replies":[{"embeddable":true,"href":"https:\/\/radioinfinitagoya.com.ar\/v1\/wp-json\/wp\/v2\/comments?post=192911"}],"version-history":[{"count":0,"href":"https:\/\/radioinfinitagoya.com.ar\/v1\/wp-json\/wp\/v2\/posts\/192911\/revisions"}],"wp:featuredmedia":[{"embeddable":true,"href":"https:\/\/radioinfinitagoya.com.ar\/v1\/wp-json\/wp\/v2\/media\/192912"}],"wp:attachment":[{"href":"https:\/\/radioinfinitagoya.com.ar\/v1\/wp-json\/wp\/v2\/media?parent=192911"}],"wp:term":[{"taxonomy":"category","embeddable":true,"href":"https:\/\/radioinfinitagoya.com.ar\/v1\/wp-json\/wp\/v2\/categories?post=192911"},{"taxonomy":"post_tag","embeddable":true,"href":"https:\/\/radioinfinitagoya.com.ar\/v1\/wp-json\/wp\/v2\/tags?post=192911"}],"curies":[{"name":"wp","href":"https:\/\/api.w.org\/{rel}","templated":true}]}}