{"id":192961,"date":"2025-07-17T16:31:29","date_gmt":"2025-07-17T19:31:29","guid":{"rendered":"https:\/\/radioinfinitagoya.com.ar\/v1\/?p=192961"},"modified":"2025-07-17T16:31:29","modified_gmt":"2025-07-17T19:31:29","slug":"ultimatum-de-talleres-a-river-por-galarza-fonda-y-portillo","status":"publish","type":"post","link":"https:\/\/radioinfinitagoya.com.ar\/v1\/2025\/07\/17\/ultimatum-de-talleres-a-river-por-galarza-fonda-y-portillo\/","title":{"rendered":"Ultim\u00e1tum de Talleres a River por Galarza Fonda y Portillo"},"content":{"rendered":"<p>La dirigencia de La T fue determinante y pretende 11 millones de d\u00f3lares por ambos futbolistas. Si no se define en las pr\u00f3ximas horas, ambos se quedar\u00e1n en el club.<\/p>\n<p>La novela de Mat\u00edas Galarza Fonda y Juan Portillo suma otro cap\u00edtulo m\u00e1s pero estar\u00eda cerca de llegar a su fin. Luego de muchas idas y vueltas, Talleres fue claro y le dio un ultim\u00e1tum a River: si los pases no se cierran hoy, se caen y ambos futbolistas seguir\u00e1n en el club cordob\u00e9s.<\/p>\n<p>La dirigencia de La T tom\u00f3 una postura determinante: pretende 11 millones de d\u00f3lares para dejar ir a ambos futbolistas. De lo contrario, tanto el defensor de 25 a\u00f1os, como el volante de 23, seguir\u00e1n perteneciendo a la instituci\u00f3n y deber\u00e1n ponerse a las \u00f3rdenes de Carlos T\u00e9vez. \u201cSi no quieren estar, para afuera\u201d, sentenci\u00f3 el Apache en conferencia de prensa ante la consulta por los dos jugadores luego de la derrota por 2 a 1 ante San Lorenzo.<\/p>\n<p>Vale la pena recordar que Portillo le comunic\u00f3 al entrenador su deseo de emigrar y que tom\u00f3 la decisi\u00f3n de entrenarse apartado del plantel, luego de no ser convocado para el estreno en el Torneo Clausura ante el Cicl\u00f3n. Por su parte, Galarza Fonda s\u00ed estuvo en el banco de los suplentes, pero mantiene el mismo anhelo que su compa\u00f1ero.<\/p>\n<p>Lo cierto es que la \u00faltima oferta formal que envi\u00f3 el Millonario en las \u00faltimas horas rondaba los 10 millones de d\u00f3lares. La propuesta tuvo como respuesta este ultim\u00e1tum de la dirigencia del conjunto cordob\u00e9s.<\/p>\n<p>Sin embargo, en N\u00fa\u00f1ez todav\u00eda no pierden el optimismo. Como ambos futbolistas desean ponerse la casaca roja y blanca, estar\u00edan dispuestos a resignar dinero para subsanar las diferencias econ\u00f3micas entre los clubes. Este puede ser un detalle clave, para que las negociaciones lleguen a buen puerto.<\/p>\n<p>Ante este panorama, hay muchas chances de que la dirigencia millonaria pueda cumplirle el pedido a Marcelo Gallardo y logre cerrar la incorporaci\u00f3n de ambos jugadores. Todo se definir\u00e1 en las pr\u00f3ximas horas.<\/p>\n","protected":false},"excerpt":{"rendered":"<p>La dirigencia de La T fue determinante y pretende 11 millones de d\u00f3lares por ambos futbolistas. Si no se define en las pr\u00f3ximas horas, ambos se quedar\u00e1n en el club. La novela de Mat\u00edas Galarza Fonda y Juan Portillo suma otro cap\u00edtulo m\u00e1s pero estar\u00eda cerca de llegar a su fin. Luego de muchas idas [&hellip;]<\/p>\n","protected":false},"author":4,"featured_media":192962,"comment_status":"closed","ping_status":"closed","sticky":false,"template":"","format":"standard","meta":{"_joinchat":[],"footnotes":""},"categories":[28],"tags":[],"class_list":{"0":"post-192961","1":"post","2":"type-post","3":"status-publish","4":"format-standard","5":"has-post-thumbnail","7":"category-deportes"},"yoast_head":"<!-- This site is optimized with the Yoast SEO plugin v27.2 - https:\/\/yoast.com\/product\/yoast-seo-wordpress\/ -->\n<title>Ultim\u00e1tum de Talleres a River por Galarza Fonda y Portillo - Radio Infinita Goya<\/title>\n<meta name=\"description\" content=\"La dirigencia de La T fue determinante y pretende 11 millones de d\u00f3lares por ambos futbolistas. Si no se define en las pr\u00f3ximas horas, ambos se quedar\u00e1n\" \/>\n<meta name=\"robots\" content=\"index, follow, max-snippet:-1, max-image-preview:large, max-video-preview:-1\" \/>\n<link rel=\"canonical\" href=\"https:\/\/radioinfinitagoya.com.ar\/v1\/2025\/07\/17\/ultimatum-de-talleres-a-river-por-galarza-fonda-y-portillo\/\" \/>\n<meta property=\"og:locale\" content=\"es_ES\" \/>\n<meta property=\"og:type\" content=\"article\" \/>\n<meta property=\"og:title\" content=\"Ultim\u00e1tum de Talleres a River por Galarza Fonda y Portillo - Radio Infinita Goya\" \/>\n<meta property=\"og:description\" content=\"La dirigencia de La T fue determinante y pretende 11 millones de d\u00f3lares por ambos futbolistas. Si no se define en las pr\u00f3ximas horas, ambos se quedar\u00e1n\" \/>\n<meta property=\"og:url\" content=\"https:\/\/radioinfinitagoya.com.ar\/v1\/2025\/07\/17\/ultimatum-de-talleres-a-river-por-galarza-fonda-y-portillo\/\" \/>\n<meta property=\"og:site_name\" content=\"Radio Infinita Goya\" \/>\n<meta property=\"article:publisher\" content=\"https:\/\/www.facebook.com\/p\/Infinita-Goya-100063870918311\/\" \/>\n<meta property=\"article:published_time\" content=\"2025-07-17T19:31:29+00:00\" \/>\n<meta property=\"og:image\" content=\"https:\/\/radioinfinitagoya.com.ar\/v1\/wp-content\/uploads\/2025\/07\/Kxr76OPu.jpg\" \/>\n\t<meta property=\"og:image:width\" content=\"679\" \/>\n\t<meta property=\"og:image:height\" content=\"419\" \/>\n\t<meta property=\"og:image:type\" content=\"image\/jpeg\" \/>\n<meta name=\"author\" content=\"Jorge Mi\u00f1o\" \/>\n<meta name=\"twitter:card\" content=\"summary_large_image\" \/>\n<meta name=\"twitter:label1\" content=\"Escrito por\" \/>\n\t<meta name=\"twitter:data1\" content=\"Jorge Mi\u00f1o\" \/>\n\t<meta name=\"twitter:label2\" content=\"Tiempo de lectura\" \/>\n\t<meta name=\"twitter:data2\" content=\"2 minutos\" \/>\n<script type=\"application\/ld+json\" class=\"yoast-schema-graph\">{\"@context\":\"https:\/\/schema.org\",\"@graph\":[{\"@type\":\"Article\",\"@id\":\"https:\/\/radioinfinitagoya.com.ar\/v1\/2025\/07\/17\/ultimatum-de-talleres-a-river-por-galarza-fonda-y-portillo\/#article\",\"isPartOf\":{\"@id\":\"https:\/\/radioinfinitagoya.com.ar\/v1\/2025\/07\/17\/ultimatum-de-talleres-a-river-por-galarza-fonda-y-portillo\/\"},\"author\":{\"name\":\"Jorge Mi\u00f1o\",\"@id\":\"https:\/\/radioinfinitagoya.com.ar\/v1\/#\/schema\/person\/d4cf9c413d4f6edb24aabdccab49ca4a\"},\"headline\":\"Ultim\u00e1tum de Talleres a River por Galarza Fonda y Portillo\",\"datePublished\":\"2025-07-17T19:31:29+00:00\",\"mainEntityOfPage\":{\"@id\":\"https:\/\/radioinfinitagoya.com.ar\/v1\/2025\/07\/17\/ultimatum-de-talleres-a-river-por-galarza-fonda-y-portillo\/\"},\"wordCount\":369,\"publisher\":{\"@id\":\"https:\/\/radioinfinitagoya.com.ar\/v1\/#organization\"},\"image\":{\"@id\":\"https:\/\/radioinfinitagoya.com.ar\/v1\/2025\/07\/17\/ultimatum-de-talleres-a-river-por-galarza-fonda-y-portillo\/#primaryimage\"},\"thumbnailUrl\":\"https:\/\/radioinfinitagoya.com.ar\/v1\/wp-content\/uploads\/2025\/07\/Kxr76OPu.jpg\",\"articleSection\":[\"DEPORTES\"],\"inLanguage\":\"es-AR\"},{\"@type\":\"WebPage\",\"@id\":\"https:\/\/radioinfinitagoya.com.ar\/v1\/2025\/07\/17\/ultimatum-de-talleres-a-river-por-galarza-fonda-y-portillo\/\",\"url\":\"https:\/\/radioinfinitagoya.com.ar\/v1\/2025\/07\/17\/ultimatum-de-talleres-a-river-por-galarza-fonda-y-portillo\/\",\"name\":\"Ultim\u00e1tum de Talleres a River por Galarza Fonda y Portillo - Radio Infinita Goya\",\"isPartOf\":{\"@id\":\"https:\/\/radioinfinitagoya.com.ar\/v1\/#website\"},\"primaryImageOfPage\":{\"@id\":\"https:\/\/radioinfinitagoya.com.ar\/v1\/2025\/07\/17\/ultimatum-de-talleres-a-river-por-galarza-fonda-y-portillo\/#primaryimage\"},\"image\":{\"@id\":\"https:\/\/radioinfinitagoya.com.ar\/v1\/2025\/07\/17\/ultimatum-de-talleres-a-river-por-galarza-fonda-y-portillo\/#primaryimage\"},\"thumbnailUrl\":\"https:\/\/radioinfinitagoya.com.ar\/v1\/wp-content\/uploads\/2025\/07\/Kxr76OPu.jpg\",\"datePublished\":\"2025-07-17T19:31:29+00:00\",\"description\":\"La dirigencia de La T fue determinante y pretende 11 millones de d\u00f3lares por ambos futbolistas. Si no se define en las pr\u00f3ximas horas, ambos se quedar\u00e1n\",\"breadcrumb\":{\"@id\":\"https:\/\/radioinfinitagoya.com.ar\/v1\/2025\/07\/17\/ultimatum-de-talleres-a-river-por-galarza-fonda-y-portillo\/#breadcrumb\"},\"inLanguage\":\"es-AR\",\"potentialAction\":[{\"@type\":\"ReadAction\",\"target\":[\"https:\/\/radioinfinitagoya.com.ar\/v1\/2025\/07\/17\/ultimatum-de-talleres-a-river-por-galarza-fonda-y-portillo\/\"]}]},{\"@type\":\"ImageObject\",\"inLanguage\":\"es-AR\",\"@id\":\"https:\/\/radioinfinitagoya.com.ar\/v1\/2025\/07\/17\/ultimatum-de-talleres-a-river-por-galarza-fonda-y-portillo\/#primaryimage\",\"url\":\"https:\/\/radioinfinitagoya.com.ar\/v1\/wp-content\/uploads\/2025\/07\/Kxr76OPu.jpg\",\"contentUrl\":\"https:\/\/radioinfinitagoya.com.ar\/v1\/wp-content\/uploads\/2025\/07\/Kxr76OPu.jpg\",\"width\":679,\"height\":419},{\"@type\":\"BreadcrumbList\",\"@id\":\"https:\/\/radioinfinitagoya.com.ar\/v1\/2025\/07\/17\/ultimatum-de-talleres-a-river-por-galarza-fonda-y-portillo\/#breadcrumb\",\"itemListElement\":[{\"@type\":\"ListItem\",\"position\":1,\"name\":\"Inicio\",\"item\":\"https:\/\/radioinfinitagoya.com.ar\/v1\/\"},{\"@type\":\"ListItem\",\"position\":2,\"name\":\"Ultim\u00e1tum de Talleres a River por Galarza Fonda y Portillo\"}]},{\"@type\":\"WebSite\",\"@id\":\"https:\/\/radioinfinitagoya.com.ar\/v1\/#website\",\"url\":\"https:\/\/radioinfinitagoya.com.ar\/v1\/\",\"name\":\"radioinfinitagoya.com.ar\",\"description\":\"Radio de noticias\",\"publisher\":{\"@id\":\"https:\/\/radioinfinitagoya.com.ar\/v1\/#organization\"},\"potentialAction\":[{\"@type\":\"SearchAction\",\"target\":{\"@type\":\"EntryPoint\",\"urlTemplate\":\"https:\/\/radioinfinitagoya.com.ar\/v1\/?s={search_term_string}\"},\"query-input\":{\"@type\":\"PropertyValueSpecification\",\"valueRequired\":true,\"valueName\":\"search_term_string\"}}],\"inLanguage\":\"es-AR\"},{\"@type\":\"Organization\",\"@id\":\"https:\/\/radioinfinitagoya.com.ar\/v1\/#organization\",\"name\":\"Radio Infinita Goya\",\"url\":\"https:\/\/radioinfinitagoya.com.ar\/v1\/\",\"logo\":{\"@type\":\"ImageObject\",\"inLanguage\":\"es-AR\",\"@id\":\"https:\/\/radioinfinitagoya.com.ar\/v1\/#\/schema\/logo\/image\/\",\"url\":\"https:\/\/radioinfinitagoya.com.ar\/v1\/wp-content\/uploads\/2019\/11\/logo-pie-web.png\",\"contentUrl\":\"https:\/\/radioinfinitagoya.com.ar\/v1\/wp-content\/uploads\/2019\/11\/logo-pie-web.png\",\"width\":635,\"height\":326,\"caption\":\"Radio Infinita Goya\"},\"image\":{\"@id\":\"https:\/\/radioinfinitagoya.com.ar\/v1\/#\/schema\/logo\/image\/\"},\"sameAs\":[\"https:\/\/www.facebook.com\/p\/Infinita-Goya-100063870918311\/\"]},{\"@type\":\"Person\",\"@id\":\"https:\/\/radioinfinitagoya.com.ar\/v1\/#\/schema\/person\/d4cf9c413d4f6edb24aabdccab49ca4a\",\"name\":\"Jorge Mi\u00f1o\",\"image\":{\"@type\":\"ImageObject\",\"inLanguage\":\"es-AR\",\"@id\":\"https:\/\/secure.gravatar.com\/avatar\/910fcf6728fe95320e07a6643c1581fec1c7fc4bf8ae12e3d8f0d0373dc844be?s=96&d=mm&r=g\",\"url\":\"https:\/\/secure.gravatar.com\/avatar\/910fcf6728fe95320e07a6643c1581fec1c7fc4bf8ae12e3d8f0d0373dc844be?s=96&d=mm&r=g\",\"contentUrl\":\"https:\/\/secure.gravatar.com\/avatar\/910fcf6728fe95320e07a6643c1581fec1c7fc4bf8ae12e3d8f0d0373dc844be?s=96&d=mm&r=g\",\"caption\":\"Jorge Mi\u00f1o\"},\"sameAs\":[\"http:\/\/radioinfinitagoya.com.ar\"]}]}<\/script>\n<!-- \/ Yoast SEO plugin. -->","yoast_head_json":{"title":"Ultim\u00e1tum de Talleres a River por Galarza Fonda y Portillo - Radio Infinita Goya","description":"La dirigencia de La T fue determinante y pretende 11 millones de d\u00f3lares por ambos futbolistas. Si no se define en las pr\u00f3ximas horas, ambos se quedar\u00e1n","robots":{"index":"index","follow":"follow","max-snippet":"max-snippet:-1","max-image-preview":"max-image-preview:large","max-video-preview":"max-video-preview:-1"},"canonical":"https:\/\/radioinfinitagoya.com.ar\/v1\/2025\/07\/17\/ultimatum-de-talleres-a-river-por-galarza-fonda-y-portillo\/","og_locale":"es_ES","og_type":"article","og_title":"Ultim\u00e1tum de Talleres a River por Galarza Fonda y Portillo - Radio Infinita Goya","og_description":"La dirigencia de La T fue determinante y pretende 11 millones de d\u00f3lares por ambos futbolistas. Si no se define en las pr\u00f3ximas horas, ambos se quedar\u00e1n","og_url":"https:\/\/radioinfinitagoya.com.ar\/v1\/2025\/07\/17\/ultimatum-de-talleres-a-river-por-galarza-fonda-y-portillo\/","og_site_name":"Radio Infinita Goya","article_publisher":"https:\/\/www.facebook.com\/p\/Infinita-Goya-100063870918311\/","article_published_time":"2025-07-17T19:31:29+00:00","og_image":[{"width":679,"height":419,"url":"https:\/\/radioinfinitagoya.com.ar\/v1\/wp-content\/uploads\/2025\/07\/Kxr76OPu.jpg","type":"image\/jpeg"}],"author":"Jorge Mi\u00f1o","twitter_card":"summary_large_image","twitter_misc":{"Escrito por":"Jorge Mi\u00f1o","Tiempo de lectura":"2 minutos"},"schema":{"@context":"https:\/\/schema.org","@graph":[{"@type":"Article","@id":"https:\/\/radioinfinitagoya.com.ar\/v1\/2025\/07\/17\/ultimatum-de-talleres-a-river-por-galarza-fonda-y-portillo\/#article","isPartOf":{"@id":"https:\/\/radioinfinitagoya.com.ar\/v1\/2025\/07\/17\/ultimatum-de-talleres-a-river-por-galarza-fonda-y-portillo\/"},"author":{"name":"Jorge Mi\u00f1o","@id":"https:\/\/radioinfinitagoya.com.ar\/v1\/#\/schema\/person\/d4cf9c413d4f6edb24aabdccab49ca4a"},"headline":"Ultim\u00e1tum de Talleres a River por Galarza Fonda y Portillo","datePublished":"2025-07-17T19:31:29+00:00","mainEntityOfPage":{"@id":"https:\/\/radioinfinitagoya.com.ar\/v1\/2025\/07\/17\/ultimatum-de-talleres-a-river-por-galarza-fonda-y-portillo\/"},"wordCount":369,"publisher":{"@id":"https:\/\/radioinfinitagoya.com.ar\/v1\/#organization"},"image":{"@id":"https:\/\/radioinfinitagoya.com.ar\/v1\/2025\/07\/17\/ultimatum-de-talleres-a-river-por-galarza-fonda-y-portillo\/#primaryimage"},"thumbnailUrl":"https:\/\/radioinfinitagoya.com.ar\/v1\/wp-content\/uploads\/2025\/07\/Kxr76OPu.jpg","articleSection":["DEPORTES"],"inLanguage":"es-AR"},{"@type":"WebPage","@id":"https:\/\/radioinfinitagoya.com.ar\/v1\/2025\/07\/17\/ultimatum-de-talleres-a-river-por-galarza-fonda-y-portillo\/","url":"https:\/\/radioinfinitagoya.com.ar\/v1\/2025\/07\/17\/ultimatum-de-talleres-a-river-por-galarza-fonda-y-portillo\/","name":"Ultim\u00e1tum de Talleres a River por Galarza Fonda y Portillo - Radio Infinita Goya","isPartOf":{"@id":"https:\/\/radioinfinitagoya.com.ar\/v1\/#website"},"primaryImageOfPage":{"@id":"https:\/\/radioinfinitagoya.com.ar\/v1\/2025\/07\/17\/ultimatum-de-talleres-a-river-por-galarza-fonda-y-portillo\/#primaryimage"},"image":{"@id":"https:\/\/radioinfinitagoya.com.ar\/v1\/2025\/07\/17\/ultimatum-de-talleres-a-river-por-galarza-fonda-y-portillo\/#primaryimage"},"thumbnailUrl":"https:\/\/radioinfinitagoya.com.ar\/v1\/wp-content\/uploads\/2025\/07\/Kxr76OPu.jpg","datePublished":"2025-07-17T19:31:29+00:00","description":"La dirigencia de La T fue determinante y pretende 11 millones de d\u00f3lares por ambos futbolistas. Si no se define en las pr\u00f3ximas horas, ambos se quedar\u00e1n","breadcrumb":{"@id":"https:\/\/radioinfinitagoya.com.ar\/v1\/2025\/07\/17\/ultimatum-de-talleres-a-river-por-galarza-fonda-y-portillo\/#breadcrumb"},"inLanguage":"es-AR","potentialAction":[{"@type":"ReadAction","target":["https:\/\/radioinfinitagoya.com.ar\/v1\/2025\/07\/17\/ultimatum-de-talleres-a-river-por-galarza-fonda-y-portillo\/"]}]},{"@type":"ImageObject","inLanguage":"es-AR","@id":"https:\/\/radioinfinitagoya.com.ar\/v1\/2025\/07\/17\/ultimatum-de-talleres-a-river-por-galarza-fonda-y-portillo\/#primaryimage","url":"https:\/\/radioinfinitagoya.com.ar\/v1\/wp-content\/uploads\/2025\/07\/Kxr76OPu.jpg","contentUrl":"https:\/\/radioinfinitagoya.com.ar\/v1\/wp-content\/uploads\/2025\/07\/Kxr76OPu.jpg","width":679,"height":419},{"@type":"BreadcrumbList","@id":"https:\/\/radioinfinitagoya.com.ar\/v1\/2025\/07\/17\/ultimatum-de-talleres-a-river-por-galarza-fonda-y-portillo\/#breadcrumb","itemListElement":[{"@type":"ListItem","position":1,"name":"Inicio","item":"https:\/\/radioinfinitagoya.com.ar\/v1\/"},{"@type":"ListItem","position":2,"name":"Ultim\u00e1tum de Talleres a River por Galarza Fonda y Portillo"}]},{"@type":"WebSite","@id":"https:\/\/radioinfinitagoya.com.ar\/v1\/#website","url":"https:\/\/radioinfinitagoya.com.ar\/v1\/","name":"radioinfinitagoya.com.ar","description":"Radio de noticias","publisher":{"@id":"https:\/\/radioinfinitagoya.com.ar\/v1\/#organization"},"potentialAction":[{"@type":"SearchAction","target":{"@type":"EntryPoint","urlTemplate":"https:\/\/radioinfinitagoya.com.ar\/v1\/?s={search_term_string}"},"query-input":{"@type":"PropertyValueSpecification","valueRequired":true,"valueName":"search_term_string"}}],"inLanguage":"es-AR"},{"@type":"Organization","@id":"https:\/\/radioinfinitagoya.com.ar\/v1\/#organization","name":"Radio Infinita Goya","url":"https:\/\/radioinfinitagoya.com.ar\/v1\/","logo":{"@type":"ImageObject","inLanguage":"es-AR","@id":"https:\/\/radioinfinitagoya.com.ar\/v1\/#\/schema\/logo\/image\/","url":"https:\/\/radioinfinitagoya.com.ar\/v1\/wp-content\/uploads\/2019\/11\/logo-pie-web.png","contentUrl":"https:\/\/radioinfinitagoya.com.ar\/v1\/wp-content\/uploads\/2019\/11\/logo-pie-web.png","width":635,"height":326,"caption":"Radio Infinita Goya"},"image":{"@id":"https:\/\/radioinfinitagoya.com.ar\/v1\/#\/schema\/logo\/image\/"},"sameAs":["https:\/\/www.facebook.com\/p\/Infinita-Goya-100063870918311\/"]},{"@type":"Person","@id":"https:\/\/radioinfinitagoya.com.ar\/v1\/#\/schema\/person\/d4cf9c413d4f6edb24aabdccab49ca4a","name":"Jorge Mi\u00f1o","image":{"@type":"ImageObject","inLanguage":"es-AR","@id":"https:\/\/secure.gravatar.com\/avatar\/910fcf6728fe95320e07a6643c1581fec1c7fc4bf8ae12e3d8f0d0373dc844be?s=96&d=mm&r=g","url":"https:\/\/secure.gravatar.com\/avatar\/910fcf6728fe95320e07a6643c1581fec1c7fc4bf8ae12e3d8f0d0373dc844be?s=96&d=mm&r=g","contentUrl":"https:\/\/secure.gravatar.com\/avatar\/910fcf6728fe95320e07a6643c1581fec1c7fc4bf8ae12e3d8f0d0373dc844be?s=96&d=mm&r=g","caption":"Jorge Mi\u00f1o"},"sameAs":["http:\/\/radioinfinitagoya.com.ar"]}]}},"_links":{"self":[{"href":"https:\/\/radioinfinitagoya.com.ar\/v1\/wp-json\/wp\/v2\/posts\/192961","targetHints":{"allow":["GET"]}}],"collection":[{"href":"https:\/\/radioinfinitagoya.com.ar\/v1\/wp-json\/wp\/v2\/posts"}],"about":[{"href":"https:\/\/radioinfinitagoya.com.ar\/v1\/wp-json\/wp\/v2\/types\/post"}],"author":[{"embeddable":true,"href":"https:\/\/radioinfinitagoya.com.ar\/v1\/wp-json\/wp\/v2\/users\/4"}],"replies":[{"embeddable":true,"href":"https:\/\/radioinfinitagoya.com.ar\/v1\/wp-json\/wp\/v2\/comments?post=192961"}],"version-history":[{"count":0,"href":"https:\/\/radioinfinitagoya.com.ar\/v1\/wp-json\/wp\/v2\/posts\/192961\/revisions"}],"wp:featuredmedia":[{"embeddable":true,"href":"https:\/\/radioinfinitagoya.com.ar\/v1\/wp-json\/wp\/v2\/media\/192962"}],"wp:attachment":[{"href":"https:\/\/radioinfinitagoya.com.ar\/v1\/wp-json\/wp\/v2\/media?parent=192961"}],"wp:term":[{"taxonomy":"category","embeddable":true,"href":"https:\/\/radioinfinitagoya.com.ar\/v1\/wp-json\/wp\/v2\/categories?post=192961"},{"taxonomy":"post_tag","embeddable":true,"href":"https:\/\/radioinfinitagoya.com.ar\/v1\/wp-json\/wp\/v2\/tags?post=192961"}],"curies":[{"name":"wp","href":"https:\/\/api.w.org\/{rel}","templated":true}]}}