{"id":193115,"date":"2025-07-20T17:12:20","date_gmt":"2025-07-20T20:12:20","guid":{"rendered":"https:\/\/radioinfinitagoya.com.ar\/v1\/?p=193115"},"modified":"2025-07-20T17:12:20","modified_gmt":"2025-07-20T20:12:20","slug":"milei-y-trump-ajustan-detalles-y-preparan-un-anuncio-en-conjunto-sobre-los-aranceles","status":"publish","type":"post","link":"https:\/\/radioinfinitagoya.com.ar\/v1\/2025\/07\/20\/milei-y-trump-ajustan-detalles-y-preparan-un-anuncio-en-conjunto-sobre-los-aranceles\/","title":{"rendered":"Milei y Trump ajustan detalles y preparan un anuncio en conjunto sobre los aranceles"},"content":{"rendered":"<p>La administraci\u00f3n Trump propuso un texto pol\u00edtico, adonde se resaltar\u00eda la alianza estrat\u00e9gica que une a la Argentina con Estados Unidos.<\/p>\n<p>A diferencia de Brasil, M\u00e9xico y Canad\u00e1, Argentina se aproxima a cerrar un acuerdo arancelario con Estados Unidos que no deriva de un enfrentamiento comercial.<\/p>\n<p>Al contrario, Donald Trump privilegia su alianza estrat\u00e9gica con Javier Milei y defini\u00f3 que no castigar\u00e1 a la Argentina con la suba de los aranceles a los bienes exportables hacia a Estados Unidos, como ya hizo con pa\u00edses de la regi\u00f3n que puso en su index personal.<\/p>\n<p>Brasil es el ejemplo b\u00e1sico de la presi\u00f3n geopol\u00edtica que ejerce Trump con estados que considera enemigos en Am\u00e9rica Latina.<\/p>\n<p>El l\u00edder republicano factura a Lula da Silva por su alianza con China y Rusia en los BRICS, y por el enfrentamiento con Jair Bolsonaro, acusado de promover un golpe de estado en contra de Lula, a principios de 2023.<\/p>\n<p>La negociaci\u00f3n m\u00e1s intrincada y profunda pr\u00e1cticamente termin\u00f3 hace dos d\u00edas en Washington, y por eso el embajador argentino Luis Kreckler ya regres\u00f3 a Buenos Aires.<\/p>\n<p>Kreckler represent\u00f3 al pa\u00eds frente a los negociadores de la Oficina del Representante Comercial de los Estados Unidos (USTR). Y lo que a\u00fan est\u00e1 pendiente, se resolver\u00e1 en las pr\u00f3ximas horas a trav\u00e9s de contactos telef\u00f3nicos entre la Canciller\u00eda y la USTR.<\/p>\n<p>La hoja de ruta del acuerdo bilateral tiene los siguientes ejes t\u00e9cnicos:<\/p>\n<p>Incluye al menos 100 posiciones de comercio exterior.<\/p>\n<p>Los aranceles ir\u00edan de cero a 10 por ciento en general<\/p>\n<p>Todav\u00eda se negocia los aranceles espec\u00edficos del acero y el aluminio, que Trump ubic\u00f3 en 50 por ciento.<\/p>\n<p>Habr\u00eda un aumento de los vol\u00famenes exportables, que implicar\u00eda una mejora comercial para la Argentina.<\/p>\n<p>Frente al resto de Am\u00e9rica Latina, en t\u00e9rminos amplios, Argentina quedar\u00eda con una ventaja arancelaria para sus productos que se exportan a Estados Unidos.<\/p>\n<p>El canciller Gerardo Werthein y el ministro de Econom\u00eda, Luis Caputo, articularon un equipo de trabajo para ajustar en tiempo real la negociaci\u00f3n que emprend\u00eda Kreckler en DC.<\/p>\n<p>Al otro lado de la mesa, en representaci\u00f3n de la administraci\u00f3n republicana, se ubicaron Howard Lutnick -secretario de Comercio- y Jamieson Greer. titular de la USTR.<\/p>\n<p>Trump instruy\u00f3 a Lutnick y Greer para que cerrar el acuerdo con la Argentina, en los par\u00e1metros que ya hab\u00eda fijado para ciertos bienes que se exportan a Estados Unidos.<\/p>\n<p>Flexibilidad<\/p>\n<p>Desde esta perspectiva, Lutnick y Greer eran flexibles para negociar determinados aranceles de los bienes argentinos que se exportan a los Estados Unidos. Pero se mantuvieron reluctantes para aceptar una baja a los aranceles que Trump &#8211; a nivel global- estableci\u00f3 para el acero y el aluminio.<\/p>\n<p>De todas maneras, Trump muchas veces sorprende con sus decisiones geopol\u00edticas, y respecto al acero y el aluminio la negociaci\u00f3n contin\u00faa levemente abierta.<\/p>\n<p>Cuando se termine la negociaci\u00f3n t\u00e9cnica, Trump y Milei har\u00e1n un anuncio formal. Ya se acord\u00f3 que la iniciativa pertenece al presidente de Estados Unidos, que utilizar\u00eda su cuenta en Truth Social.<\/p>\n<p>La l\u00ednea pol\u00edtica del anuncio p\u00fablico se ajusta entre la Canciller\u00eda y el Ala Oeste de la Casa Blanca, pero Trump define el wording final y los tiempos del anuncio.<\/p>\n<p>M\u00e1s pol\u00edtica que t\u00e9cnica comercial<\/p>\n<p>Es poco probable que el anuncio se expanda en detalles t\u00e9cnicos. La administraci\u00f3n Trump propuso un texto pol\u00edtico, adonde se resaltar\u00eda la alianza estrat\u00e9gica que une a la Argentina con Estados Unidos.<\/p>\n<p>As\u00ed sucedi\u00f3 cuando Trump comunic\u00f3 los acuerdos arancelarios con Reino Unido, Vietnam e Indonesia: escasa informaci\u00f3n econ\u00f3mica y much\u00edsima argumentaci\u00f3n geopol\u00edtica.<\/p>\n<p>No se descarta que Milei y Trump dialoguen antes de la formalidad p\u00fablica, y todo depender\u00e1 de la agenda del presidente de los Estados Unidos, que aplac\u00f3 el ritmo de trabajo por su insuficiencia venosa cr\u00f3nica.<\/p>\n","protected":false},"excerpt":{"rendered":"<p>La administraci\u00f3n Trump propuso un texto pol\u00edtico, adonde se resaltar\u00eda la alianza estrat\u00e9gica que une a la Argentina con Estados Unidos. A diferencia de Brasil, M\u00e9xico y Canad\u00e1, Argentina se aproxima a cerrar un acuerdo arancelario con Estados Unidos que no deriva de un enfrentamiento comercial. Al contrario, Donald Trump privilegia su alianza estrat\u00e9gica con [&hellip;]<\/p>\n","protected":false},"author":4,"featured_media":193116,"comment_status":"closed","ping_status":"closed","sticky":false,"template":"","format":"standard","meta":{"_joinchat":[],"footnotes":""},"categories":[29],"tags":[],"class_list":{"0":"post-193115","1":"post","2":"type-post","3":"status-publish","4":"format-standard","5":"has-post-thumbnail","7":"category-nacionales"},"yoast_head":"<!-- This site is optimized with the Yoast SEO plugin v27.2 - https:\/\/yoast.com\/product\/yoast-seo-wordpress\/ -->\n<title>Milei y Trump ajustan detalles y preparan un anuncio en conjunto sobre los aranceles - Radio Infinita Goya<\/title>\n<meta name=\"description\" content=\"La administraci\u00f3n Trump propuso un texto pol\u00edtico, adonde se resaltar\u00eda la alianza estrat\u00e9gica que une a la Argentina con Estados Unidos. A diferencia de\" \/>\n<meta name=\"robots\" content=\"index, follow, max-snippet:-1, max-image-preview:large, max-video-preview:-1\" \/>\n<link rel=\"canonical\" href=\"https:\/\/radioinfinitagoya.com.ar\/v1\/2025\/07\/20\/milei-y-trump-ajustan-detalles-y-preparan-un-anuncio-en-conjunto-sobre-los-aranceles\/\" \/>\n<meta property=\"og:locale\" content=\"es_ES\" \/>\n<meta property=\"og:type\" content=\"article\" \/>\n<meta property=\"og:title\" content=\"Milei y Trump ajustan detalles y preparan un anuncio en conjunto sobre los aranceles - Radio Infinita Goya\" \/>\n<meta property=\"og:description\" content=\"La administraci\u00f3n Trump propuso un texto pol\u00edtico, adonde se resaltar\u00eda la alianza estrat\u00e9gica que une a la Argentina con Estados Unidos. A diferencia de\" \/>\n<meta property=\"og:url\" content=\"https:\/\/radioinfinitagoya.com.ar\/v1\/2025\/07\/20\/milei-y-trump-ajustan-detalles-y-preparan-un-anuncio-en-conjunto-sobre-los-aranceles\/\" \/>\n<meta property=\"og:site_name\" content=\"Radio Infinita Goya\" \/>\n<meta property=\"article:publisher\" content=\"https:\/\/www.facebook.com\/p\/Infinita-Goya-100063870918311\/\" \/>\n<meta property=\"article:published_time\" content=\"2025-07-20T20:12:20+00:00\" \/>\n<meta property=\"og:image\" content=\"https:\/\/radioinfinitagoya.com.ar\/v1\/wp-content\/uploads\/2025\/07\/GF6d-QRWwAA4rsS.jpg\" \/>\n\t<meta property=\"og:image:width\" content=\"680\" \/>\n\t<meta property=\"og:image:height\" content=\"452\" \/>\n\t<meta property=\"og:image:type\" content=\"image\/jpeg\" \/>\n<meta name=\"author\" content=\"Jorge Mi\u00f1o\" \/>\n<meta name=\"twitter:card\" content=\"summary_large_image\" \/>\n<meta name=\"twitter:label1\" content=\"Escrito por\" \/>\n\t<meta name=\"twitter:data1\" content=\"Jorge Mi\u00f1o\" \/>\n\t<meta name=\"twitter:label2\" content=\"Tiempo de lectura\" \/>\n\t<meta name=\"twitter:data2\" content=\"4 minutos\" \/>\n<script type=\"application\/ld+json\" class=\"yoast-schema-graph\">{\"@context\":\"https:\/\/schema.org\",\"@graph\":[{\"@type\":\"Article\",\"@id\":\"https:\/\/radioinfinitagoya.com.ar\/v1\/2025\/07\/20\/milei-y-trump-ajustan-detalles-y-preparan-un-anuncio-en-conjunto-sobre-los-aranceles\/#article\",\"isPartOf\":{\"@id\":\"https:\/\/radioinfinitagoya.com.ar\/v1\/2025\/07\/20\/milei-y-trump-ajustan-detalles-y-preparan-un-anuncio-en-conjunto-sobre-los-aranceles\/\"},\"author\":{\"name\":\"Jorge Mi\u00f1o\",\"@id\":\"https:\/\/radioinfinitagoya.com.ar\/v1\/#\/schema\/person\/d4cf9c413d4f6edb24aabdccab49ca4a\"},\"headline\":\"Milei y Trump ajustan detalles y preparan un anuncio en conjunto sobre los aranceles\",\"datePublished\":\"2025-07-20T20:12:20+00:00\",\"mainEntityOfPage\":{\"@id\":\"https:\/\/radioinfinitagoya.com.ar\/v1\/2025\/07\/20\/milei-y-trump-ajustan-detalles-y-preparan-un-anuncio-en-conjunto-sobre-los-aranceles\/\"},\"wordCount\":696,\"publisher\":{\"@id\":\"https:\/\/radioinfinitagoya.com.ar\/v1\/#organization\"},\"image\":{\"@id\":\"https:\/\/radioinfinitagoya.com.ar\/v1\/2025\/07\/20\/milei-y-trump-ajustan-detalles-y-preparan-un-anuncio-en-conjunto-sobre-los-aranceles\/#primaryimage\"},\"thumbnailUrl\":\"https:\/\/radioinfinitagoya.com.ar\/v1\/wp-content\/uploads\/2025\/07\/GF6d-QRWwAA4rsS.jpg\",\"articleSection\":[\"NACIONALES\"],\"inLanguage\":\"es-AR\"},{\"@type\":\"WebPage\",\"@id\":\"https:\/\/radioinfinitagoya.com.ar\/v1\/2025\/07\/20\/milei-y-trump-ajustan-detalles-y-preparan-un-anuncio-en-conjunto-sobre-los-aranceles\/\",\"url\":\"https:\/\/radioinfinitagoya.com.ar\/v1\/2025\/07\/20\/milei-y-trump-ajustan-detalles-y-preparan-un-anuncio-en-conjunto-sobre-los-aranceles\/\",\"name\":\"Milei y Trump ajustan detalles y preparan un anuncio en conjunto sobre los aranceles - Radio Infinita Goya\",\"isPartOf\":{\"@id\":\"https:\/\/radioinfinitagoya.com.ar\/v1\/#website\"},\"primaryImageOfPage\":{\"@id\":\"https:\/\/radioinfinitagoya.com.ar\/v1\/2025\/07\/20\/milei-y-trump-ajustan-detalles-y-preparan-un-anuncio-en-conjunto-sobre-los-aranceles\/#primaryimage\"},\"image\":{\"@id\":\"https:\/\/radioinfinitagoya.com.ar\/v1\/2025\/07\/20\/milei-y-trump-ajustan-detalles-y-preparan-un-anuncio-en-conjunto-sobre-los-aranceles\/#primaryimage\"},\"thumbnailUrl\":\"https:\/\/radioinfinitagoya.com.ar\/v1\/wp-content\/uploads\/2025\/07\/GF6d-QRWwAA4rsS.jpg\",\"datePublished\":\"2025-07-20T20:12:20+00:00\",\"description\":\"La administraci\u00f3n Trump propuso un texto pol\u00edtico, adonde se resaltar\u00eda la alianza estrat\u00e9gica que une a la Argentina con Estados Unidos. A diferencia de\",\"breadcrumb\":{\"@id\":\"https:\/\/radioinfinitagoya.com.ar\/v1\/2025\/07\/20\/milei-y-trump-ajustan-detalles-y-preparan-un-anuncio-en-conjunto-sobre-los-aranceles\/#breadcrumb\"},\"inLanguage\":\"es-AR\",\"potentialAction\":[{\"@type\":\"ReadAction\",\"target\":[\"https:\/\/radioinfinitagoya.com.ar\/v1\/2025\/07\/20\/milei-y-trump-ajustan-detalles-y-preparan-un-anuncio-en-conjunto-sobre-los-aranceles\/\"]}]},{\"@type\":\"ImageObject\",\"inLanguage\":\"es-AR\",\"@id\":\"https:\/\/radioinfinitagoya.com.ar\/v1\/2025\/07\/20\/milei-y-trump-ajustan-detalles-y-preparan-un-anuncio-en-conjunto-sobre-los-aranceles\/#primaryimage\",\"url\":\"https:\/\/radioinfinitagoya.com.ar\/v1\/wp-content\/uploads\/2025\/07\/GF6d-QRWwAA4rsS.jpg\",\"contentUrl\":\"https:\/\/radioinfinitagoya.com.ar\/v1\/wp-content\/uploads\/2025\/07\/GF6d-QRWwAA4rsS.jpg\",\"width\":680,\"height\":452},{\"@type\":\"BreadcrumbList\",\"@id\":\"https:\/\/radioinfinitagoya.com.ar\/v1\/2025\/07\/20\/milei-y-trump-ajustan-detalles-y-preparan-un-anuncio-en-conjunto-sobre-los-aranceles\/#breadcrumb\",\"itemListElement\":[{\"@type\":\"ListItem\",\"position\":1,\"name\":\"Inicio\",\"item\":\"https:\/\/radioinfinitagoya.com.ar\/v1\/\"},{\"@type\":\"ListItem\",\"position\":2,\"name\":\"Milei y Trump ajustan detalles y preparan un anuncio en conjunto sobre los aranceles\"}]},{\"@type\":\"WebSite\",\"@id\":\"https:\/\/radioinfinitagoya.com.ar\/v1\/#website\",\"url\":\"https:\/\/radioinfinitagoya.com.ar\/v1\/\",\"name\":\"radioinfinitagoya.com.ar\",\"description\":\"Radio de noticias\",\"publisher\":{\"@id\":\"https:\/\/radioinfinitagoya.com.ar\/v1\/#organization\"},\"potentialAction\":[{\"@type\":\"SearchAction\",\"target\":{\"@type\":\"EntryPoint\",\"urlTemplate\":\"https:\/\/radioinfinitagoya.com.ar\/v1\/?s={search_term_string}\"},\"query-input\":{\"@type\":\"PropertyValueSpecification\",\"valueRequired\":true,\"valueName\":\"search_term_string\"}}],\"inLanguage\":\"es-AR\"},{\"@type\":\"Organization\",\"@id\":\"https:\/\/radioinfinitagoya.com.ar\/v1\/#organization\",\"name\":\"Radio Infinita Goya\",\"url\":\"https:\/\/radioinfinitagoya.com.ar\/v1\/\",\"logo\":{\"@type\":\"ImageObject\",\"inLanguage\":\"es-AR\",\"@id\":\"https:\/\/radioinfinitagoya.com.ar\/v1\/#\/schema\/logo\/image\/\",\"url\":\"https:\/\/radioinfinitagoya.com.ar\/v1\/wp-content\/uploads\/2019\/11\/logo-pie-web.png\",\"contentUrl\":\"https:\/\/radioinfinitagoya.com.ar\/v1\/wp-content\/uploads\/2019\/11\/logo-pie-web.png\",\"width\":635,\"height\":326,\"caption\":\"Radio Infinita Goya\"},\"image\":{\"@id\":\"https:\/\/radioinfinitagoya.com.ar\/v1\/#\/schema\/logo\/image\/\"},\"sameAs\":[\"https:\/\/www.facebook.com\/p\/Infinita-Goya-100063870918311\/\"]},{\"@type\":\"Person\",\"@id\":\"https:\/\/radioinfinitagoya.com.ar\/v1\/#\/schema\/person\/d4cf9c413d4f6edb24aabdccab49ca4a\",\"name\":\"Jorge Mi\u00f1o\",\"image\":{\"@type\":\"ImageObject\",\"inLanguage\":\"es-AR\",\"@id\":\"https:\/\/secure.gravatar.com\/avatar\/910fcf6728fe95320e07a6643c1581fec1c7fc4bf8ae12e3d8f0d0373dc844be?s=96&d=mm&r=g\",\"url\":\"https:\/\/secure.gravatar.com\/avatar\/910fcf6728fe95320e07a6643c1581fec1c7fc4bf8ae12e3d8f0d0373dc844be?s=96&d=mm&r=g\",\"contentUrl\":\"https:\/\/secure.gravatar.com\/avatar\/910fcf6728fe95320e07a6643c1581fec1c7fc4bf8ae12e3d8f0d0373dc844be?s=96&d=mm&r=g\",\"caption\":\"Jorge Mi\u00f1o\"},\"sameAs\":[\"http:\/\/radioinfinitagoya.com.ar\"]}]}<\/script>\n<!-- \/ Yoast SEO plugin. -->","yoast_head_json":{"title":"Milei y Trump ajustan detalles y preparan un anuncio en conjunto sobre los aranceles - Radio Infinita Goya","description":"La administraci\u00f3n Trump propuso un texto pol\u00edtico, adonde se resaltar\u00eda la alianza estrat\u00e9gica que une a la Argentina con Estados Unidos. A diferencia de","robots":{"index":"index","follow":"follow","max-snippet":"max-snippet:-1","max-image-preview":"max-image-preview:large","max-video-preview":"max-video-preview:-1"},"canonical":"https:\/\/radioinfinitagoya.com.ar\/v1\/2025\/07\/20\/milei-y-trump-ajustan-detalles-y-preparan-un-anuncio-en-conjunto-sobre-los-aranceles\/","og_locale":"es_ES","og_type":"article","og_title":"Milei y Trump ajustan detalles y preparan un anuncio en conjunto sobre los aranceles - Radio Infinita Goya","og_description":"La administraci\u00f3n Trump propuso un texto pol\u00edtico, adonde se resaltar\u00eda la alianza estrat\u00e9gica que une a la Argentina con Estados Unidos. A diferencia de","og_url":"https:\/\/radioinfinitagoya.com.ar\/v1\/2025\/07\/20\/milei-y-trump-ajustan-detalles-y-preparan-un-anuncio-en-conjunto-sobre-los-aranceles\/","og_site_name":"Radio Infinita Goya","article_publisher":"https:\/\/www.facebook.com\/p\/Infinita-Goya-100063870918311\/","article_published_time":"2025-07-20T20:12:20+00:00","og_image":[{"width":680,"height":452,"url":"https:\/\/radioinfinitagoya.com.ar\/v1\/wp-content\/uploads\/2025\/07\/GF6d-QRWwAA4rsS.jpg","type":"image\/jpeg"}],"author":"Jorge Mi\u00f1o","twitter_card":"summary_large_image","twitter_misc":{"Escrito por":"Jorge Mi\u00f1o","Tiempo de lectura":"4 minutos"},"schema":{"@context":"https:\/\/schema.org","@graph":[{"@type":"Article","@id":"https:\/\/radioinfinitagoya.com.ar\/v1\/2025\/07\/20\/milei-y-trump-ajustan-detalles-y-preparan-un-anuncio-en-conjunto-sobre-los-aranceles\/#article","isPartOf":{"@id":"https:\/\/radioinfinitagoya.com.ar\/v1\/2025\/07\/20\/milei-y-trump-ajustan-detalles-y-preparan-un-anuncio-en-conjunto-sobre-los-aranceles\/"},"author":{"name":"Jorge Mi\u00f1o","@id":"https:\/\/radioinfinitagoya.com.ar\/v1\/#\/schema\/person\/d4cf9c413d4f6edb24aabdccab49ca4a"},"headline":"Milei y Trump ajustan detalles y preparan un anuncio en conjunto sobre los aranceles","datePublished":"2025-07-20T20:12:20+00:00","mainEntityOfPage":{"@id":"https:\/\/radioinfinitagoya.com.ar\/v1\/2025\/07\/20\/milei-y-trump-ajustan-detalles-y-preparan-un-anuncio-en-conjunto-sobre-los-aranceles\/"},"wordCount":696,"publisher":{"@id":"https:\/\/radioinfinitagoya.com.ar\/v1\/#organization"},"image":{"@id":"https:\/\/radioinfinitagoya.com.ar\/v1\/2025\/07\/20\/milei-y-trump-ajustan-detalles-y-preparan-un-anuncio-en-conjunto-sobre-los-aranceles\/#primaryimage"},"thumbnailUrl":"https:\/\/radioinfinitagoya.com.ar\/v1\/wp-content\/uploads\/2025\/07\/GF6d-QRWwAA4rsS.jpg","articleSection":["NACIONALES"],"inLanguage":"es-AR"},{"@type":"WebPage","@id":"https:\/\/radioinfinitagoya.com.ar\/v1\/2025\/07\/20\/milei-y-trump-ajustan-detalles-y-preparan-un-anuncio-en-conjunto-sobre-los-aranceles\/","url":"https:\/\/radioinfinitagoya.com.ar\/v1\/2025\/07\/20\/milei-y-trump-ajustan-detalles-y-preparan-un-anuncio-en-conjunto-sobre-los-aranceles\/","name":"Milei y Trump ajustan detalles y preparan un anuncio en conjunto sobre los aranceles - Radio Infinita Goya","isPartOf":{"@id":"https:\/\/radioinfinitagoya.com.ar\/v1\/#website"},"primaryImageOfPage":{"@id":"https:\/\/radioinfinitagoya.com.ar\/v1\/2025\/07\/20\/milei-y-trump-ajustan-detalles-y-preparan-un-anuncio-en-conjunto-sobre-los-aranceles\/#primaryimage"},"image":{"@id":"https:\/\/radioinfinitagoya.com.ar\/v1\/2025\/07\/20\/milei-y-trump-ajustan-detalles-y-preparan-un-anuncio-en-conjunto-sobre-los-aranceles\/#primaryimage"},"thumbnailUrl":"https:\/\/radioinfinitagoya.com.ar\/v1\/wp-content\/uploads\/2025\/07\/GF6d-QRWwAA4rsS.jpg","datePublished":"2025-07-20T20:12:20+00:00","description":"La administraci\u00f3n Trump propuso un texto pol\u00edtico, adonde se resaltar\u00eda la alianza estrat\u00e9gica que une a la Argentina con Estados Unidos. A diferencia de","breadcrumb":{"@id":"https:\/\/radioinfinitagoya.com.ar\/v1\/2025\/07\/20\/milei-y-trump-ajustan-detalles-y-preparan-un-anuncio-en-conjunto-sobre-los-aranceles\/#breadcrumb"},"inLanguage":"es-AR","potentialAction":[{"@type":"ReadAction","target":["https:\/\/radioinfinitagoya.com.ar\/v1\/2025\/07\/20\/milei-y-trump-ajustan-detalles-y-preparan-un-anuncio-en-conjunto-sobre-los-aranceles\/"]}]},{"@type":"ImageObject","inLanguage":"es-AR","@id":"https:\/\/radioinfinitagoya.com.ar\/v1\/2025\/07\/20\/milei-y-trump-ajustan-detalles-y-preparan-un-anuncio-en-conjunto-sobre-los-aranceles\/#primaryimage","url":"https:\/\/radioinfinitagoya.com.ar\/v1\/wp-content\/uploads\/2025\/07\/GF6d-QRWwAA4rsS.jpg","contentUrl":"https:\/\/radioinfinitagoya.com.ar\/v1\/wp-content\/uploads\/2025\/07\/GF6d-QRWwAA4rsS.jpg","width":680,"height":452},{"@type":"BreadcrumbList","@id":"https:\/\/radioinfinitagoya.com.ar\/v1\/2025\/07\/20\/milei-y-trump-ajustan-detalles-y-preparan-un-anuncio-en-conjunto-sobre-los-aranceles\/#breadcrumb","itemListElement":[{"@type":"ListItem","position":1,"name":"Inicio","item":"https:\/\/radioinfinitagoya.com.ar\/v1\/"},{"@type":"ListItem","position":2,"name":"Milei y Trump ajustan detalles y preparan un anuncio en conjunto sobre los aranceles"}]},{"@type":"WebSite","@id":"https:\/\/radioinfinitagoya.com.ar\/v1\/#website","url":"https:\/\/radioinfinitagoya.com.ar\/v1\/","name":"radioinfinitagoya.com.ar","description":"Radio de noticias","publisher":{"@id":"https:\/\/radioinfinitagoya.com.ar\/v1\/#organization"},"potentialAction":[{"@type":"SearchAction","target":{"@type":"EntryPoint","urlTemplate":"https:\/\/radioinfinitagoya.com.ar\/v1\/?s={search_term_string}"},"query-input":{"@type":"PropertyValueSpecification","valueRequired":true,"valueName":"search_term_string"}}],"inLanguage":"es-AR"},{"@type":"Organization","@id":"https:\/\/radioinfinitagoya.com.ar\/v1\/#organization","name":"Radio Infinita Goya","url":"https:\/\/radioinfinitagoya.com.ar\/v1\/","logo":{"@type":"ImageObject","inLanguage":"es-AR","@id":"https:\/\/radioinfinitagoya.com.ar\/v1\/#\/schema\/logo\/image\/","url":"https:\/\/radioinfinitagoya.com.ar\/v1\/wp-content\/uploads\/2019\/11\/logo-pie-web.png","contentUrl":"https:\/\/radioinfinitagoya.com.ar\/v1\/wp-content\/uploads\/2019\/11\/logo-pie-web.png","width":635,"height":326,"caption":"Radio Infinita Goya"},"image":{"@id":"https:\/\/radioinfinitagoya.com.ar\/v1\/#\/schema\/logo\/image\/"},"sameAs":["https:\/\/www.facebook.com\/p\/Infinita-Goya-100063870918311\/"]},{"@type":"Person","@id":"https:\/\/radioinfinitagoya.com.ar\/v1\/#\/schema\/person\/d4cf9c413d4f6edb24aabdccab49ca4a","name":"Jorge Mi\u00f1o","image":{"@type":"ImageObject","inLanguage":"es-AR","@id":"https:\/\/secure.gravatar.com\/avatar\/910fcf6728fe95320e07a6643c1581fec1c7fc4bf8ae12e3d8f0d0373dc844be?s=96&d=mm&r=g","url":"https:\/\/secure.gravatar.com\/avatar\/910fcf6728fe95320e07a6643c1581fec1c7fc4bf8ae12e3d8f0d0373dc844be?s=96&d=mm&r=g","contentUrl":"https:\/\/secure.gravatar.com\/avatar\/910fcf6728fe95320e07a6643c1581fec1c7fc4bf8ae12e3d8f0d0373dc844be?s=96&d=mm&r=g","caption":"Jorge Mi\u00f1o"},"sameAs":["http:\/\/radioinfinitagoya.com.ar"]}]}},"_links":{"self":[{"href":"https:\/\/radioinfinitagoya.com.ar\/v1\/wp-json\/wp\/v2\/posts\/193115","targetHints":{"allow":["GET"]}}],"collection":[{"href":"https:\/\/radioinfinitagoya.com.ar\/v1\/wp-json\/wp\/v2\/posts"}],"about":[{"href":"https:\/\/radioinfinitagoya.com.ar\/v1\/wp-json\/wp\/v2\/types\/post"}],"author":[{"embeddable":true,"href":"https:\/\/radioinfinitagoya.com.ar\/v1\/wp-json\/wp\/v2\/users\/4"}],"replies":[{"embeddable":true,"href":"https:\/\/radioinfinitagoya.com.ar\/v1\/wp-json\/wp\/v2\/comments?post=193115"}],"version-history":[{"count":0,"href":"https:\/\/radioinfinitagoya.com.ar\/v1\/wp-json\/wp\/v2\/posts\/193115\/revisions"}],"wp:featuredmedia":[{"embeddable":true,"href":"https:\/\/radioinfinitagoya.com.ar\/v1\/wp-json\/wp\/v2\/media\/193116"}],"wp:attachment":[{"href":"https:\/\/radioinfinitagoya.com.ar\/v1\/wp-json\/wp\/v2\/media?parent=193115"}],"wp:term":[{"taxonomy":"category","embeddable":true,"href":"https:\/\/radioinfinitagoya.com.ar\/v1\/wp-json\/wp\/v2\/categories?post=193115"},{"taxonomy":"post_tag","embeddable":true,"href":"https:\/\/radioinfinitagoya.com.ar\/v1\/wp-json\/wp\/v2\/tags?post=193115"}],"curies":[{"name":"wp","href":"https:\/\/api.w.org\/{rel}","templated":true}]}}