{"id":193162,"date":"2025-07-21T16:44:42","date_gmt":"2025-07-21T19:44:42","guid":{"rendered":"https:\/\/radioinfinitagoya.com.ar\/v1\/?p=193162"},"modified":"2025-07-21T16:44:42","modified_gmt":"2025-07-21T19:44:42","slug":"cinco-gremios-se-movilizan-en-el-aeroparque-y-podria-haber-complicaciones","status":"publish","type":"post","link":"https:\/\/radioinfinitagoya.com.ar\/v1\/2025\/07\/21\/cinco-gremios-se-movilizan-en-el-aeroparque-y-podria-haber-complicaciones\/","title":{"rendered":"Cinco gremios se movilizan en el Aeroparque y podr\u00eda haber complicaciones"},"content":{"rendered":"<p>Se concentran a las 11 en el estacionamiento sur en contra de la desregulaci\u00f3n planteada por el Gobierno, entre otros reclamos; para el concesionario, no habr\u00eda problemas<\/p>\n<p>Aunque el Gobierno logr\u00f3 desactivar 11 medidas de fuerza previstas para estas vacaciones de invierno mediante conciliaciones obligatorias, hoy cinco gremios aeron\u00e1uticos se movilizar\u00e1n en el Aeroparque Metropolitano Jorge Newbery. El reclamo apunta a \u201ccambios regulatorios en el sector, paritarias atrasadas y amenazas de privatizaci\u00f3n\u201d.<\/p>\n<p>Convocan a la protesta la Asociaci\u00f3n del Personal Aeron\u00e1utico (APA), la Uni\u00f3n del Personal Superior y Profesional de Empresas Aerocomerciales (UPSA), la Asociaci\u00f3n Argentina de Aeronavegantes (AAA), la Asociaci\u00f3n de T\u00e9cnicos y Empleados de Protecci\u00f3n y Seguridad a la Aeronavegaci\u00f3n (Atepsa, controladores de vuelos) y la Asociaci\u00f3n de Trabajadores del Estado en la Administraci\u00f3n Nacional de Aviaci\u00f3n Civil (ATE ANAC).<\/p>\n<p>En Aeropuertos Argentina, concesionaria de las principales aeroestaciones del pa\u00eds, indicaron que la movilizaci\u00f3n no deber\u00eda afectar el ingreso y egreso ni la circulaci\u00f3n dentro de la terminal. Sin embargo, los gremios tienen previsto realizar una asamblea en el estacionamiento sur de la terminal y dar\u00e1n una conferencia de prensa para informar a pasajeros y medios sobre la situaci\u00f3n del sector, por lo que no se descarta que se produzcan complicaciones e incluso alg\u00fan atraso en los vuelos.<\/p>\n<p>&#8220;Queremos visibilizar temas como despidos, desregulaci\u00f3n y atraso salarial. Cada gremio tiene sus particularidades\u201d, explic\u00f3 Marcelo Belelli, secretario general de ATE ANAC. En ese organismo, seg\u00fan detall\u00f3, hubo unos 100 despidos desde el inicio de la gesti\u00f3n del presidente Javier Milei, y los salarios acumulan un atraso del 45% frente a la inflaci\u00f3n.<\/p>\n<p>Alejandro Kogan, secretario de prensa de Aeronavegantes, el gremio que representa a los tripulantes de cabina, sostuvo que los reclamos centrales son por seguridad operacional y retrasos salariales. \u201cEn nuestro caso, el atraso llega al 60%, seg\u00fan la paritaria con Aerol\u00edneas Argentinas\u201d, afirm\u00f3.<\/p>\n<p>Rodrigo Borr\u00e1s, prosecretario de Relaciones Institucionales y Pol\u00edtica A\u00e9rea de APA, remarc\u00f3 que tambi\u00e9n rechazan la privatizaci\u00f3n de Intercargo y Aerol\u00edneas Argentinas. \u201cHay un achicamiento de Aerol\u00edneas: cierre de sucursales, eliminaci\u00f3n de rutas, falta de pago de leasing, postergaci\u00f3n de mantenimientos y cambios en los reg\u00edmenes de descanso de las tripulaciones. A eso se suma el tema salarial, que empuja a muchos trabajadores a irse\u201d, se\u00f1al\u00f3.<\/p>\n<p>Atepsa, el gremio de los controladores a\u00e9reos, tambi\u00e9n participa de la movilizaci\u00f3n, aunque se encuentra en per\u00edodo de conciliaci\u00f3n obligatoria con la Empresa Argentina de Navegaci\u00f3n A\u00e9rea (EANA) por 15 despidos. La conciliaci\u00f3n fren\u00f3 10 jornadas de retenci\u00f3n de tareas que iban a afectar los despegues en todos los aeropuertos del pa\u00eds. Las fechas previstas para esas medidas eran el 11, 12, 13, 15, 18, 20, 24, 25, 27 y 30 de julio. Adem\u00e1s, la Asociaci\u00f3n de Pilotos de L\u00edneas A\u00e9reas (APLA) hab\u00eda convocado a un paro nacional el 19 de julio, que tambi\u00e9n fue suspendido por una conciliaci\u00f3n obligatoria solicitada por Aerol\u00edneas Argentinas.<\/p>\n<p>La aerol\u00ednea de bandera inform\u00f3 que esa medida de fuerza respond\u00eda al decreto 378\/2025, que introduce nuevas disposiciones sobre los reg\u00edmenes laborales de las tripulaciones en todas las aerol\u00edneas del pa\u00eds.<\/p>\n<p>\u201cAunque la normativa entrar\u00e1 en vigor dentro de 90 d\u00edas y su impacto var\u00eda seg\u00fan la empresa, los dirigentes del gremio encabezado por Pablo Bir\u00f3 decidieron avanzar con una protesta en uno de los fines de semana de mayor movimiento tur\u00edstico del a\u00f1o, afectando principalmente a los pasajeros de Aerol\u00edneas Argentinas\u201d, se\u00f1alaron en la empresa.<\/p>\n<p>Y agregaron: \u201cEsta acci\u00f3n vuelve a poner en evidencia el uso de los planes de viaje de los ciudadanos como herramienta de presi\u00f3n sindical, una actitud que va en contra del esfuerzo de los trabajadores comprometidos con el futuro y la sustentabilidad econ\u00f3mica de la empresa\u201d.<\/p>\n<p>Ajustes cuestionados<\/p>\n<p>El 4 de junio, el Gobierno public\u00f3 el DNU 378\/2025 \u2013que deroga el decreto 877\/2021\u2013, con el que se ampl\u00edan los tiempos m\u00e1ximos de vuelo y se reducen los per\u00edodos de descanso para pilotos, copilotos, tripulantes de cabina y comisarios de a bordo.<\/p>\n<p>Seg\u00fan la nueva reglamentaci\u00f3n, incluida en el anexo del T\u00edtulo V del C\u00f3digo Aeron\u00e1utico, las horas m\u00e1ximas de vuelo pasar\u00e1n de 8 a 10 diarias y de 800 a 1000 anuales. El descanso semanal se reduce de 36 a 30 horas, en l\u00ednea con los est\u00e1ndares de Estados Unidos. Las vacaciones se fijan en 15 d\u00edas corridos, eliminando el esquema anterior, que permit\u00eda acumular hasta 45 d\u00edas. Adem\u00e1s, ya no se considerar\u00e1n parte del servicio el tiempo de traslado ni la espera previa al vuelo.<\/p>\n<p>Originalmente, la normativa iba a entrar en vigor a los 30 d\u00edas de publicada, pero una resoluci\u00f3n posterior (402\/2025) extendi\u00f3 ese plazo a 90 d\u00edas para permitir la adecuaci\u00f3n de las compa\u00f1\u00edas.<\/p>\n","protected":false},"excerpt":{"rendered":"<p>Se concentran a las 11 en el estacionamiento sur en contra de la desregulaci\u00f3n planteada por el Gobierno, entre otros reclamos; para el concesionario, no habr\u00eda problemas Aunque el Gobierno logr\u00f3 desactivar 11 medidas de fuerza previstas para estas vacaciones de invierno mediante conciliaciones obligatorias, hoy cinco gremios aeron\u00e1uticos se movilizar\u00e1n en el Aeroparque Metropolitano [&hellip;]<\/p>\n","protected":false},"author":4,"featured_media":193163,"comment_status":"closed","ping_status":"closed","sticky":false,"template":"","format":"standard","meta":{"_joinchat":[],"footnotes":""},"categories":[29],"tags":[],"class_list":{"0":"post-193162","1":"post","2":"type-post","3":"status-publish","4":"format-standard","5":"has-post-thumbnail","7":"category-nacionales"},"yoast_head":"<!-- This site is optimized with the Yoast SEO plugin v27.2 - https:\/\/yoast.com\/product\/yoast-seo-wordpress\/ -->\n<title>Cinco gremios se movilizan en el Aeroparque y podr\u00eda haber complicaciones - Radio Infinita Goya<\/title>\n<meta name=\"description\" content=\"Se concentran a las 11 en el estacionamiento sur en contra de la desregulaci\u00f3n planteada por el Gobierno, entre otros reclamos; para el concesionario, no\" \/>\n<meta name=\"robots\" content=\"index, follow, max-snippet:-1, max-image-preview:large, max-video-preview:-1\" \/>\n<link rel=\"canonical\" href=\"https:\/\/radioinfinitagoya.com.ar\/v1\/2025\/07\/21\/cinco-gremios-se-movilizan-en-el-aeroparque-y-podria-haber-complicaciones\/\" \/>\n<meta property=\"og:locale\" content=\"es_ES\" \/>\n<meta property=\"og:type\" content=\"article\" \/>\n<meta property=\"og:title\" content=\"Cinco gremios se movilizan en el Aeroparque y podr\u00eda haber complicaciones - Radio Infinita Goya\" \/>\n<meta property=\"og:description\" content=\"Se concentran a las 11 en el estacionamiento sur en contra de la desregulaci\u00f3n planteada por el Gobierno, entre otros reclamos; para el concesionario, no\" \/>\n<meta property=\"og:url\" content=\"https:\/\/radioinfinitagoya.com.ar\/v1\/2025\/07\/21\/cinco-gremios-se-movilizan-en-el-aeroparque-y-podria-haber-complicaciones\/\" \/>\n<meta property=\"og:site_name\" content=\"Radio Infinita Goya\" \/>\n<meta property=\"article:publisher\" content=\"https:\/\/www.facebook.com\/p\/Infinita-Goya-100063870918311\/\" \/>\n<meta property=\"article:published_time\" content=\"2025-07-21T19:44:42+00:00\" \/>\n<meta property=\"og:image\" content=\"https:\/\/radioinfinitagoya.com.ar\/v1\/wp-content\/uploads\/2025\/07\/4Y0AKksV.jpg\" \/>\n\t<meta property=\"og:image:width\" content=\"680\" \/>\n\t<meta property=\"og:image:height\" content=\"510\" \/>\n\t<meta property=\"og:image:type\" content=\"image\/jpeg\" \/>\n<meta name=\"author\" content=\"Jorge Mi\u00f1o\" \/>\n<meta name=\"twitter:card\" content=\"summary_large_image\" \/>\n<meta name=\"twitter:label1\" content=\"Escrito por\" \/>\n\t<meta name=\"twitter:data1\" content=\"Jorge Mi\u00f1o\" \/>\n\t<meta name=\"twitter:label2\" content=\"Tiempo de lectura\" \/>\n\t<meta name=\"twitter:data2\" content=\"4 minutos\" \/>\n<script type=\"application\/ld+json\" class=\"yoast-schema-graph\">{\"@context\":\"https:\/\/schema.org\",\"@graph\":[{\"@type\":\"Article\",\"@id\":\"https:\/\/radioinfinitagoya.com.ar\/v1\/2025\/07\/21\/cinco-gremios-se-movilizan-en-el-aeroparque-y-podria-haber-complicaciones\/#article\",\"isPartOf\":{\"@id\":\"https:\/\/radioinfinitagoya.com.ar\/v1\/2025\/07\/21\/cinco-gremios-se-movilizan-en-el-aeroparque-y-podria-haber-complicaciones\/\"},\"author\":{\"name\":\"Jorge Mi\u00f1o\",\"@id\":\"https:\/\/radioinfinitagoya.com.ar\/v1\/#\/schema\/person\/d4cf9c413d4f6edb24aabdccab49ca4a\"},\"headline\":\"Cinco gremios se movilizan en el Aeroparque y podr\u00eda haber complicaciones\",\"datePublished\":\"2025-07-21T19:44:42+00:00\",\"mainEntityOfPage\":{\"@id\":\"https:\/\/radioinfinitagoya.com.ar\/v1\/2025\/07\/21\/cinco-gremios-se-movilizan-en-el-aeroparque-y-podria-haber-complicaciones\/\"},\"wordCount\":843,\"publisher\":{\"@id\":\"https:\/\/radioinfinitagoya.com.ar\/v1\/#organization\"},\"image\":{\"@id\":\"https:\/\/radioinfinitagoya.com.ar\/v1\/2025\/07\/21\/cinco-gremios-se-movilizan-en-el-aeroparque-y-podria-haber-complicaciones\/#primaryimage\"},\"thumbnailUrl\":\"https:\/\/radioinfinitagoya.com.ar\/v1\/wp-content\/uploads\/2025\/07\/4Y0AKksV.jpg\",\"articleSection\":[\"NACIONALES\"],\"inLanguage\":\"es-AR\"},{\"@type\":\"WebPage\",\"@id\":\"https:\/\/radioinfinitagoya.com.ar\/v1\/2025\/07\/21\/cinco-gremios-se-movilizan-en-el-aeroparque-y-podria-haber-complicaciones\/\",\"url\":\"https:\/\/radioinfinitagoya.com.ar\/v1\/2025\/07\/21\/cinco-gremios-se-movilizan-en-el-aeroparque-y-podria-haber-complicaciones\/\",\"name\":\"Cinco gremios se movilizan en el Aeroparque y podr\u00eda haber complicaciones - Radio Infinita Goya\",\"isPartOf\":{\"@id\":\"https:\/\/radioinfinitagoya.com.ar\/v1\/#website\"},\"primaryImageOfPage\":{\"@id\":\"https:\/\/radioinfinitagoya.com.ar\/v1\/2025\/07\/21\/cinco-gremios-se-movilizan-en-el-aeroparque-y-podria-haber-complicaciones\/#primaryimage\"},\"image\":{\"@id\":\"https:\/\/radioinfinitagoya.com.ar\/v1\/2025\/07\/21\/cinco-gremios-se-movilizan-en-el-aeroparque-y-podria-haber-complicaciones\/#primaryimage\"},\"thumbnailUrl\":\"https:\/\/radioinfinitagoya.com.ar\/v1\/wp-content\/uploads\/2025\/07\/4Y0AKksV.jpg\",\"datePublished\":\"2025-07-21T19:44:42+00:00\",\"description\":\"Se concentran a las 11 en el estacionamiento sur en contra de la desregulaci\u00f3n planteada por el Gobierno, entre otros reclamos; para el concesionario, no\",\"breadcrumb\":{\"@id\":\"https:\/\/radioinfinitagoya.com.ar\/v1\/2025\/07\/21\/cinco-gremios-se-movilizan-en-el-aeroparque-y-podria-haber-complicaciones\/#breadcrumb\"},\"inLanguage\":\"es-AR\",\"potentialAction\":[{\"@type\":\"ReadAction\",\"target\":[\"https:\/\/radioinfinitagoya.com.ar\/v1\/2025\/07\/21\/cinco-gremios-se-movilizan-en-el-aeroparque-y-podria-haber-complicaciones\/\"]}]},{\"@type\":\"ImageObject\",\"inLanguage\":\"es-AR\",\"@id\":\"https:\/\/radioinfinitagoya.com.ar\/v1\/2025\/07\/21\/cinco-gremios-se-movilizan-en-el-aeroparque-y-podria-haber-complicaciones\/#primaryimage\",\"url\":\"https:\/\/radioinfinitagoya.com.ar\/v1\/wp-content\/uploads\/2025\/07\/4Y0AKksV.jpg\",\"contentUrl\":\"https:\/\/radioinfinitagoya.com.ar\/v1\/wp-content\/uploads\/2025\/07\/4Y0AKksV.jpg\",\"width\":680,\"height\":510},{\"@type\":\"BreadcrumbList\",\"@id\":\"https:\/\/radioinfinitagoya.com.ar\/v1\/2025\/07\/21\/cinco-gremios-se-movilizan-en-el-aeroparque-y-podria-haber-complicaciones\/#breadcrumb\",\"itemListElement\":[{\"@type\":\"ListItem\",\"position\":1,\"name\":\"Inicio\",\"item\":\"https:\/\/radioinfinitagoya.com.ar\/v1\/\"},{\"@type\":\"ListItem\",\"position\":2,\"name\":\"Cinco gremios se movilizan en el Aeroparque y podr\u00eda haber complicaciones\"}]},{\"@type\":\"WebSite\",\"@id\":\"https:\/\/radioinfinitagoya.com.ar\/v1\/#website\",\"url\":\"https:\/\/radioinfinitagoya.com.ar\/v1\/\",\"name\":\"radioinfinitagoya.com.ar\",\"description\":\"Radio de noticias\",\"publisher\":{\"@id\":\"https:\/\/radioinfinitagoya.com.ar\/v1\/#organization\"},\"potentialAction\":[{\"@type\":\"SearchAction\",\"target\":{\"@type\":\"EntryPoint\",\"urlTemplate\":\"https:\/\/radioinfinitagoya.com.ar\/v1\/?s={search_term_string}\"},\"query-input\":{\"@type\":\"PropertyValueSpecification\",\"valueRequired\":true,\"valueName\":\"search_term_string\"}}],\"inLanguage\":\"es-AR\"},{\"@type\":\"Organization\",\"@id\":\"https:\/\/radioinfinitagoya.com.ar\/v1\/#organization\",\"name\":\"Radio Infinita Goya\",\"url\":\"https:\/\/radioinfinitagoya.com.ar\/v1\/\",\"logo\":{\"@type\":\"ImageObject\",\"inLanguage\":\"es-AR\",\"@id\":\"https:\/\/radioinfinitagoya.com.ar\/v1\/#\/schema\/logo\/image\/\",\"url\":\"https:\/\/radioinfinitagoya.com.ar\/v1\/wp-content\/uploads\/2019\/11\/logo-pie-web.png\",\"contentUrl\":\"https:\/\/radioinfinitagoya.com.ar\/v1\/wp-content\/uploads\/2019\/11\/logo-pie-web.png\",\"width\":635,\"height\":326,\"caption\":\"Radio Infinita Goya\"},\"image\":{\"@id\":\"https:\/\/radioinfinitagoya.com.ar\/v1\/#\/schema\/logo\/image\/\"},\"sameAs\":[\"https:\/\/www.facebook.com\/p\/Infinita-Goya-100063870918311\/\"]},{\"@type\":\"Person\",\"@id\":\"https:\/\/radioinfinitagoya.com.ar\/v1\/#\/schema\/person\/d4cf9c413d4f6edb24aabdccab49ca4a\",\"name\":\"Jorge Mi\u00f1o\",\"image\":{\"@type\":\"ImageObject\",\"inLanguage\":\"es-AR\",\"@id\":\"https:\/\/secure.gravatar.com\/avatar\/910fcf6728fe95320e07a6643c1581fec1c7fc4bf8ae12e3d8f0d0373dc844be?s=96&d=mm&r=g\",\"url\":\"https:\/\/secure.gravatar.com\/avatar\/910fcf6728fe95320e07a6643c1581fec1c7fc4bf8ae12e3d8f0d0373dc844be?s=96&d=mm&r=g\",\"contentUrl\":\"https:\/\/secure.gravatar.com\/avatar\/910fcf6728fe95320e07a6643c1581fec1c7fc4bf8ae12e3d8f0d0373dc844be?s=96&d=mm&r=g\",\"caption\":\"Jorge Mi\u00f1o\"},\"sameAs\":[\"http:\/\/radioinfinitagoya.com.ar\"]}]}<\/script>\n<!-- \/ Yoast SEO plugin. -->","yoast_head_json":{"title":"Cinco gremios se movilizan en el Aeroparque y podr\u00eda haber complicaciones - Radio Infinita Goya","description":"Se concentran a las 11 en el estacionamiento sur en contra de la desregulaci\u00f3n planteada por el Gobierno, entre otros reclamos; para el concesionario, no","robots":{"index":"index","follow":"follow","max-snippet":"max-snippet:-1","max-image-preview":"max-image-preview:large","max-video-preview":"max-video-preview:-1"},"canonical":"https:\/\/radioinfinitagoya.com.ar\/v1\/2025\/07\/21\/cinco-gremios-se-movilizan-en-el-aeroparque-y-podria-haber-complicaciones\/","og_locale":"es_ES","og_type":"article","og_title":"Cinco gremios se movilizan en el Aeroparque y podr\u00eda haber complicaciones - Radio Infinita Goya","og_description":"Se concentran a las 11 en el estacionamiento sur en contra de la desregulaci\u00f3n planteada por el Gobierno, entre otros reclamos; para el concesionario, no","og_url":"https:\/\/radioinfinitagoya.com.ar\/v1\/2025\/07\/21\/cinco-gremios-se-movilizan-en-el-aeroparque-y-podria-haber-complicaciones\/","og_site_name":"Radio Infinita Goya","article_publisher":"https:\/\/www.facebook.com\/p\/Infinita-Goya-100063870918311\/","article_published_time":"2025-07-21T19:44:42+00:00","og_image":[{"width":680,"height":510,"url":"https:\/\/radioinfinitagoya.com.ar\/v1\/wp-content\/uploads\/2025\/07\/4Y0AKksV.jpg","type":"image\/jpeg"}],"author":"Jorge Mi\u00f1o","twitter_card":"summary_large_image","twitter_misc":{"Escrito por":"Jorge Mi\u00f1o","Tiempo de lectura":"4 minutos"},"schema":{"@context":"https:\/\/schema.org","@graph":[{"@type":"Article","@id":"https:\/\/radioinfinitagoya.com.ar\/v1\/2025\/07\/21\/cinco-gremios-se-movilizan-en-el-aeroparque-y-podria-haber-complicaciones\/#article","isPartOf":{"@id":"https:\/\/radioinfinitagoya.com.ar\/v1\/2025\/07\/21\/cinco-gremios-se-movilizan-en-el-aeroparque-y-podria-haber-complicaciones\/"},"author":{"name":"Jorge Mi\u00f1o","@id":"https:\/\/radioinfinitagoya.com.ar\/v1\/#\/schema\/person\/d4cf9c413d4f6edb24aabdccab49ca4a"},"headline":"Cinco gremios se movilizan en el Aeroparque y podr\u00eda haber complicaciones","datePublished":"2025-07-21T19:44:42+00:00","mainEntityOfPage":{"@id":"https:\/\/radioinfinitagoya.com.ar\/v1\/2025\/07\/21\/cinco-gremios-se-movilizan-en-el-aeroparque-y-podria-haber-complicaciones\/"},"wordCount":843,"publisher":{"@id":"https:\/\/radioinfinitagoya.com.ar\/v1\/#organization"},"image":{"@id":"https:\/\/radioinfinitagoya.com.ar\/v1\/2025\/07\/21\/cinco-gremios-se-movilizan-en-el-aeroparque-y-podria-haber-complicaciones\/#primaryimage"},"thumbnailUrl":"https:\/\/radioinfinitagoya.com.ar\/v1\/wp-content\/uploads\/2025\/07\/4Y0AKksV.jpg","articleSection":["NACIONALES"],"inLanguage":"es-AR"},{"@type":"WebPage","@id":"https:\/\/radioinfinitagoya.com.ar\/v1\/2025\/07\/21\/cinco-gremios-se-movilizan-en-el-aeroparque-y-podria-haber-complicaciones\/","url":"https:\/\/radioinfinitagoya.com.ar\/v1\/2025\/07\/21\/cinco-gremios-se-movilizan-en-el-aeroparque-y-podria-haber-complicaciones\/","name":"Cinco gremios se movilizan en el Aeroparque y podr\u00eda haber complicaciones - Radio Infinita Goya","isPartOf":{"@id":"https:\/\/radioinfinitagoya.com.ar\/v1\/#website"},"primaryImageOfPage":{"@id":"https:\/\/radioinfinitagoya.com.ar\/v1\/2025\/07\/21\/cinco-gremios-se-movilizan-en-el-aeroparque-y-podria-haber-complicaciones\/#primaryimage"},"image":{"@id":"https:\/\/radioinfinitagoya.com.ar\/v1\/2025\/07\/21\/cinco-gremios-se-movilizan-en-el-aeroparque-y-podria-haber-complicaciones\/#primaryimage"},"thumbnailUrl":"https:\/\/radioinfinitagoya.com.ar\/v1\/wp-content\/uploads\/2025\/07\/4Y0AKksV.jpg","datePublished":"2025-07-21T19:44:42+00:00","description":"Se concentran a las 11 en el estacionamiento sur en contra de la desregulaci\u00f3n planteada por el Gobierno, entre otros reclamos; para el concesionario, no","breadcrumb":{"@id":"https:\/\/radioinfinitagoya.com.ar\/v1\/2025\/07\/21\/cinco-gremios-se-movilizan-en-el-aeroparque-y-podria-haber-complicaciones\/#breadcrumb"},"inLanguage":"es-AR","potentialAction":[{"@type":"ReadAction","target":["https:\/\/radioinfinitagoya.com.ar\/v1\/2025\/07\/21\/cinco-gremios-se-movilizan-en-el-aeroparque-y-podria-haber-complicaciones\/"]}]},{"@type":"ImageObject","inLanguage":"es-AR","@id":"https:\/\/radioinfinitagoya.com.ar\/v1\/2025\/07\/21\/cinco-gremios-se-movilizan-en-el-aeroparque-y-podria-haber-complicaciones\/#primaryimage","url":"https:\/\/radioinfinitagoya.com.ar\/v1\/wp-content\/uploads\/2025\/07\/4Y0AKksV.jpg","contentUrl":"https:\/\/radioinfinitagoya.com.ar\/v1\/wp-content\/uploads\/2025\/07\/4Y0AKksV.jpg","width":680,"height":510},{"@type":"BreadcrumbList","@id":"https:\/\/radioinfinitagoya.com.ar\/v1\/2025\/07\/21\/cinco-gremios-se-movilizan-en-el-aeroparque-y-podria-haber-complicaciones\/#breadcrumb","itemListElement":[{"@type":"ListItem","position":1,"name":"Inicio","item":"https:\/\/radioinfinitagoya.com.ar\/v1\/"},{"@type":"ListItem","position":2,"name":"Cinco gremios se movilizan en el Aeroparque y podr\u00eda haber complicaciones"}]},{"@type":"WebSite","@id":"https:\/\/radioinfinitagoya.com.ar\/v1\/#website","url":"https:\/\/radioinfinitagoya.com.ar\/v1\/","name":"radioinfinitagoya.com.ar","description":"Radio de noticias","publisher":{"@id":"https:\/\/radioinfinitagoya.com.ar\/v1\/#organization"},"potentialAction":[{"@type":"SearchAction","target":{"@type":"EntryPoint","urlTemplate":"https:\/\/radioinfinitagoya.com.ar\/v1\/?s={search_term_string}"},"query-input":{"@type":"PropertyValueSpecification","valueRequired":true,"valueName":"search_term_string"}}],"inLanguage":"es-AR"},{"@type":"Organization","@id":"https:\/\/radioinfinitagoya.com.ar\/v1\/#organization","name":"Radio Infinita Goya","url":"https:\/\/radioinfinitagoya.com.ar\/v1\/","logo":{"@type":"ImageObject","inLanguage":"es-AR","@id":"https:\/\/radioinfinitagoya.com.ar\/v1\/#\/schema\/logo\/image\/","url":"https:\/\/radioinfinitagoya.com.ar\/v1\/wp-content\/uploads\/2019\/11\/logo-pie-web.png","contentUrl":"https:\/\/radioinfinitagoya.com.ar\/v1\/wp-content\/uploads\/2019\/11\/logo-pie-web.png","width":635,"height":326,"caption":"Radio Infinita Goya"},"image":{"@id":"https:\/\/radioinfinitagoya.com.ar\/v1\/#\/schema\/logo\/image\/"},"sameAs":["https:\/\/www.facebook.com\/p\/Infinita-Goya-100063870918311\/"]},{"@type":"Person","@id":"https:\/\/radioinfinitagoya.com.ar\/v1\/#\/schema\/person\/d4cf9c413d4f6edb24aabdccab49ca4a","name":"Jorge Mi\u00f1o","image":{"@type":"ImageObject","inLanguage":"es-AR","@id":"https:\/\/secure.gravatar.com\/avatar\/910fcf6728fe95320e07a6643c1581fec1c7fc4bf8ae12e3d8f0d0373dc844be?s=96&d=mm&r=g","url":"https:\/\/secure.gravatar.com\/avatar\/910fcf6728fe95320e07a6643c1581fec1c7fc4bf8ae12e3d8f0d0373dc844be?s=96&d=mm&r=g","contentUrl":"https:\/\/secure.gravatar.com\/avatar\/910fcf6728fe95320e07a6643c1581fec1c7fc4bf8ae12e3d8f0d0373dc844be?s=96&d=mm&r=g","caption":"Jorge Mi\u00f1o"},"sameAs":["http:\/\/radioinfinitagoya.com.ar"]}]}},"_links":{"self":[{"href":"https:\/\/radioinfinitagoya.com.ar\/v1\/wp-json\/wp\/v2\/posts\/193162","targetHints":{"allow":["GET"]}}],"collection":[{"href":"https:\/\/radioinfinitagoya.com.ar\/v1\/wp-json\/wp\/v2\/posts"}],"about":[{"href":"https:\/\/radioinfinitagoya.com.ar\/v1\/wp-json\/wp\/v2\/types\/post"}],"author":[{"embeddable":true,"href":"https:\/\/radioinfinitagoya.com.ar\/v1\/wp-json\/wp\/v2\/users\/4"}],"replies":[{"embeddable":true,"href":"https:\/\/radioinfinitagoya.com.ar\/v1\/wp-json\/wp\/v2\/comments?post=193162"}],"version-history":[{"count":0,"href":"https:\/\/radioinfinitagoya.com.ar\/v1\/wp-json\/wp\/v2\/posts\/193162\/revisions"}],"wp:featuredmedia":[{"embeddable":true,"href":"https:\/\/radioinfinitagoya.com.ar\/v1\/wp-json\/wp\/v2\/media\/193163"}],"wp:attachment":[{"href":"https:\/\/radioinfinitagoya.com.ar\/v1\/wp-json\/wp\/v2\/media?parent=193162"}],"wp:term":[{"taxonomy":"category","embeddable":true,"href":"https:\/\/radioinfinitagoya.com.ar\/v1\/wp-json\/wp\/v2\/categories?post=193162"},{"taxonomy":"post_tag","embeddable":true,"href":"https:\/\/radioinfinitagoya.com.ar\/v1\/wp-json\/wp\/v2\/tags?post=193162"}],"curies":[{"name":"wp","href":"https:\/\/api.w.org\/{rel}","templated":true}]}}