{"id":193165,"date":"2025-07-21T16:47:55","date_gmt":"2025-07-21T19:47:55","guid":{"rendered":"https:\/\/radioinfinitagoya.com.ar\/v1\/?p=193165"},"modified":"2025-07-21T16:47:55","modified_gmt":"2025-07-21T19:47:55","slug":"hablo-el-cura-argentino-que-fue-herido-en-el-ataque-de-israel-a-gaza","status":"publish","type":"post","link":"https:\/\/radioinfinitagoya.com.ar\/v1\/2025\/07\/21\/hablo-el-cura-argentino-que-fue-herido-en-el-ataque-de-israel-a-gaza\/","title":{"rendered":"Habl\u00f3 el cura argentino que fue herido en el ataque de Israel a Gaza"},"content":{"rendered":"<p>Gabriel Romanelli dijo que el bombardeo sobre la parroquia \u201cfue una sorpresa\u201d y lament\u00f3 la muerte de tres personas.<\/p>\n<p>Gabriel Romanelli, el cura argentino que fue herido en el ataque de Israel sobre la \u00fanica iglesia cat\u00f3lica en Gaza, desconoci\u00f3 que haya sido un error el bombardeo y dijo que \u201cfue un impacto directo\u201d en el que murieron tres personas y hay dos j\u00f3venes heridos.<\/p>\n<p>El sacerdote argentino dijo que \u201cfue una sorpresa\u201d el ataque con misiles y detall\u00f3 que la explosi\u00f3n \u201chiri\u00f3 a 15 personas\u201d. \u201cYo estoy bien, lo de la pierna fue una infecci\u00f3n menor\u201d, explic\u00f3.<\/p>\n<p>\u201cHab\u00eda terminado en mi despacho una reuni\u00f3n. Me acerqu\u00e9 a tomar mate con otra joven que nos vino a ayudar y se escuch\u00f3 la explosi\u00f3n&#8221;, relat\u00f3 sobre el momento en que recibieron el ataque.<\/p>\n<p>Romanelli aclar\u00f3 que \u201cen ese momento hab\u00eda menos gente porque yo ped\u00eda que se pusieran a reparo por los bombardeos, pero hace mucho calor y a veces es dif\u00edcil que los ni\u00f1os se queden adentro&#8221;.<\/p>\n<p>La Iglesia de la Sagrada Familia de Gaza es una construcci\u00f3n de piedra ubicada en el norte del enclave palestino y forma parte del Patriarcado Latino de Jerusal\u00e9n.<\/p>\n<p>Desde que comenz\u00f3 la guerra, se convirti\u00f3 en un lugar de refugio para muchos civiles. \u201cTenemos menos de 500 refugiados\u201d, detall\u00f3 Romanelli.<\/p>\n<p>&nbsp;<\/p>\n","protected":false},"excerpt":{"rendered":"<p>Gabriel Romanelli dijo que el bombardeo sobre la parroquia \u201cfue una sorpresa\u201d y lament\u00f3 la muerte de tres personas. Gabriel Romanelli, el cura argentino que fue herido en el ataque de Israel sobre la \u00fanica iglesia cat\u00f3lica en Gaza, desconoci\u00f3 que haya sido un error el bombardeo y dijo que \u201cfue un impacto directo\u201d en [&hellip;]<\/p>\n","protected":false},"author":4,"featured_media":193166,"comment_status":"closed","ping_status":"closed","sticky":false,"template":"","format":"standard","meta":{"_joinchat":[],"footnotes":""},"categories":[29],"tags":[],"class_list":{"0":"post-193165","1":"post","2":"type-post","3":"status-publish","4":"format-standard","5":"has-post-thumbnail","7":"category-nacionales"},"yoast_head":"<!-- This site is optimized with the Yoast SEO plugin v27.2 - https:\/\/yoast.com\/product\/yoast-seo-wordpress\/ -->\n<title>Habl\u00f3 el cura argentino que fue herido en el ataque de Israel a Gaza - Radio Infinita Goya<\/title>\n<meta name=\"description\" content=\"Gabriel Romanelli dijo que el bombardeo sobre la parroquia \u201cfue una sorpresa\u201d y lament\u00f3 la muerte de tres personas. Gabriel Romanelli, el cura argentino\" \/>\n<meta name=\"robots\" content=\"index, follow, max-snippet:-1, max-image-preview:large, max-video-preview:-1\" \/>\n<link rel=\"canonical\" href=\"https:\/\/radioinfinitagoya.com.ar\/v1\/2025\/07\/21\/hablo-el-cura-argentino-que-fue-herido-en-el-ataque-de-israel-a-gaza\/\" \/>\n<meta property=\"og:locale\" content=\"es_ES\" \/>\n<meta property=\"og:type\" content=\"article\" \/>\n<meta property=\"og:title\" content=\"Habl\u00f3 el cura argentino que fue herido en el ataque de Israel a Gaza - Radio Infinita Goya\" \/>\n<meta property=\"og:description\" content=\"Gabriel Romanelli dijo que el bombardeo sobre la parroquia \u201cfue una sorpresa\u201d y lament\u00f3 la muerte de tres personas. Gabriel Romanelli, el cura argentino\" \/>\n<meta property=\"og:url\" content=\"https:\/\/radioinfinitagoya.com.ar\/v1\/2025\/07\/21\/hablo-el-cura-argentino-que-fue-herido-en-el-ataque-de-israel-a-gaza\/\" \/>\n<meta property=\"og:site_name\" content=\"Radio Infinita Goya\" \/>\n<meta property=\"article:publisher\" content=\"https:\/\/www.facebook.com\/p\/Infinita-Goya-100063870918311\/\" \/>\n<meta property=\"article:published_time\" content=\"2025-07-21T19:47:55+00:00\" \/>\n<meta property=\"og:image\" content=\"https:\/\/radioinfinitagoya.com.ar\/v1\/wp-content\/uploads\/2025\/07\/GwEE8WwWQAEc3pS.jpg\" \/>\n\t<meta property=\"og:image:width\" content=\"680\" \/>\n\t<meta property=\"og:image:height\" content=\"510\" \/>\n\t<meta property=\"og:image:type\" content=\"image\/jpeg\" \/>\n<meta name=\"author\" content=\"Jorge Mi\u00f1o\" \/>\n<meta name=\"twitter:card\" content=\"summary_large_image\" \/>\n<meta name=\"twitter:label1\" content=\"Escrito por\" \/>\n\t<meta name=\"twitter:data1\" content=\"Jorge Mi\u00f1o\" \/>\n\t<meta name=\"twitter:label2\" content=\"Tiempo de lectura\" \/>\n\t<meta name=\"twitter:data2\" content=\"2 minutos\" \/>\n<script type=\"application\/ld+json\" class=\"yoast-schema-graph\">{\"@context\":\"https:\/\/schema.org\",\"@graph\":[{\"@type\":\"Article\",\"@id\":\"https:\/\/radioinfinitagoya.com.ar\/v1\/2025\/07\/21\/hablo-el-cura-argentino-que-fue-herido-en-el-ataque-de-israel-a-gaza\/#article\",\"isPartOf\":{\"@id\":\"https:\/\/radioinfinitagoya.com.ar\/v1\/2025\/07\/21\/hablo-el-cura-argentino-que-fue-herido-en-el-ataque-de-israel-a-gaza\/\"},\"author\":{\"name\":\"Jorge Mi\u00f1o\",\"@id\":\"https:\/\/radioinfinitagoya.com.ar\/v1\/#\/schema\/person\/d4cf9c413d4f6edb24aabdccab49ca4a\"},\"headline\":\"Habl\u00f3 el cura argentino que fue herido en el ataque de Israel a Gaza\",\"datePublished\":\"2025-07-21T19:47:55+00:00\",\"mainEntityOfPage\":{\"@id\":\"https:\/\/radioinfinitagoya.com.ar\/v1\/2025\/07\/21\/hablo-el-cura-argentino-que-fue-herido-en-el-ataque-de-israel-a-gaza\/\"},\"wordCount\":243,\"publisher\":{\"@id\":\"https:\/\/radioinfinitagoya.com.ar\/v1\/#organization\"},\"image\":{\"@id\":\"https:\/\/radioinfinitagoya.com.ar\/v1\/2025\/07\/21\/hablo-el-cura-argentino-que-fue-herido-en-el-ataque-de-israel-a-gaza\/#primaryimage\"},\"thumbnailUrl\":\"https:\/\/radioinfinitagoya.com.ar\/v1\/wp-content\/uploads\/2025\/07\/GwEE8WwWQAEc3pS.jpg\",\"articleSection\":[\"NACIONALES\"],\"inLanguage\":\"es-AR\"},{\"@type\":\"WebPage\",\"@id\":\"https:\/\/radioinfinitagoya.com.ar\/v1\/2025\/07\/21\/hablo-el-cura-argentino-que-fue-herido-en-el-ataque-de-israel-a-gaza\/\",\"url\":\"https:\/\/radioinfinitagoya.com.ar\/v1\/2025\/07\/21\/hablo-el-cura-argentino-que-fue-herido-en-el-ataque-de-israel-a-gaza\/\",\"name\":\"Habl\u00f3 el cura argentino que fue herido en el ataque de Israel a Gaza - Radio Infinita Goya\",\"isPartOf\":{\"@id\":\"https:\/\/radioinfinitagoya.com.ar\/v1\/#website\"},\"primaryImageOfPage\":{\"@id\":\"https:\/\/radioinfinitagoya.com.ar\/v1\/2025\/07\/21\/hablo-el-cura-argentino-que-fue-herido-en-el-ataque-de-israel-a-gaza\/#primaryimage\"},\"image\":{\"@id\":\"https:\/\/radioinfinitagoya.com.ar\/v1\/2025\/07\/21\/hablo-el-cura-argentino-que-fue-herido-en-el-ataque-de-israel-a-gaza\/#primaryimage\"},\"thumbnailUrl\":\"https:\/\/radioinfinitagoya.com.ar\/v1\/wp-content\/uploads\/2025\/07\/GwEE8WwWQAEc3pS.jpg\",\"datePublished\":\"2025-07-21T19:47:55+00:00\",\"description\":\"Gabriel Romanelli dijo que el bombardeo sobre la parroquia \u201cfue una sorpresa\u201d y lament\u00f3 la muerte de tres personas. Gabriel Romanelli, el cura argentino\",\"breadcrumb\":{\"@id\":\"https:\/\/radioinfinitagoya.com.ar\/v1\/2025\/07\/21\/hablo-el-cura-argentino-que-fue-herido-en-el-ataque-de-israel-a-gaza\/#breadcrumb\"},\"inLanguage\":\"es-AR\",\"potentialAction\":[{\"@type\":\"ReadAction\",\"target\":[\"https:\/\/radioinfinitagoya.com.ar\/v1\/2025\/07\/21\/hablo-el-cura-argentino-que-fue-herido-en-el-ataque-de-israel-a-gaza\/\"]}]},{\"@type\":\"ImageObject\",\"inLanguage\":\"es-AR\",\"@id\":\"https:\/\/radioinfinitagoya.com.ar\/v1\/2025\/07\/21\/hablo-el-cura-argentino-que-fue-herido-en-el-ataque-de-israel-a-gaza\/#primaryimage\",\"url\":\"https:\/\/radioinfinitagoya.com.ar\/v1\/wp-content\/uploads\/2025\/07\/GwEE8WwWQAEc3pS.jpg\",\"contentUrl\":\"https:\/\/radioinfinitagoya.com.ar\/v1\/wp-content\/uploads\/2025\/07\/GwEE8WwWQAEc3pS.jpg\",\"width\":680,\"height\":510},{\"@type\":\"BreadcrumbList\",\"@id\":\"https:\/\/radioinfinitagoya.com.ar\/v1\/2025\/07\/21\/hablo-el-cura-argentino-que-fue-herido-en-el-ataque-de-israel-a-gaza\/#breadcrumb\",\"itemListElement\":[{\"@type\":\"ListItem\",\"position\":1,\"name\":\"Inicio\",\"item\":\"https:\/\/radioinfinitagoya.com.ar\/v1\/\"},{\"@type\":\"ListItem\",\"position\":2,\"name\":\"Habl\u00f3 el cura argentino que fue herido en el ataque de Israel a Gaza\"}]},{\"@type\":\"WebSite\",\"@id\":\"https:\/\/radioinfinitagoya.com.ar\/v1\/#website\",\"url\":\"https:\/\/radioinfinitagoya.com.ar\/v1\/\",\"name\":\"radioinfinitagoya.com.ar\",\"description\":\"Radio de noticias\",\"publisher\":{\"@id\":\"https:\/\/radioinfinitagoya.com.ar\/v1\/#organization\"},\"potentialAction\":[{\"@type\":\"SearchAction\",\"target\":{\"@type\":\"EntryPoint\",\"urlTemplate\":\"https:\/\/radioinfinitagoya.com.ar\/v1\/?s={search_term_string}\"},\"query-input\":{\"@type\":\"PropertyValueSpecification\",\"valueRequired\":true,\"valueName\":\"search_term_string\"}}],\"inLanguage\":\"es-AR\"},{\"@type\":\"Organization\",\"@id\":\"https:\/\/radioinfinitagoya.com.ar\/v1\/#organization\",\"name\":\"Radio Infinita Goya\",\"url\":\"https:\/\/radioinfinitagoya.com.ar\/v1\/\",\"logo\":{\"@type\":\"ImageObject\",\"inLanguage\":\"es-AR\",\"@id\":\"https:\/\/radioinfinitagoya.com.ar\/v1\/#\/schema\/logo\/image\/\",\"url\":\"https:\/\/radioinfinitagoya.com.ar\/v1\/wp-content\/uploads\/2019\/11\/logo-pie-web.png\",\"contentUrl\":\"https:\/\/radioinfinitagoya.com.ar\/v1\/wp-content\/uploads\/2019\/11\/logo-pie-web.png\",\"width\":635,\"height\":326,\"caption\":\"Radio Infinita Goya\"},\"image\":{\"@id\":\"https:\/\/radioinfinitagoya.com.ar\/v1\/#\/schema\/logo\/image\/\"},\"sameAs\":[\"https:\/\/www.facebook.com\/p\/Infinita-Goya-100063870918311\/\"]},{\"@type\":\"Person\",\"@id\":\"https:\/\/radioinfinitagoya.com.ar\/v1\/#\/schema\/person\/d4cf9c413d4f6edb24aabdccab49ca4a\",\"name\":\"Jorge Mi\u00f1o\",\"image\":{\"@type\":\"ImageObject\",\"inLanguage\":\"es-AR\",\"@id\":\"https:\/\/secure.gravatar.com\/avatar\/910fcf6728fe95320e07a6643c1581fec1c7fc4bf8ae12e3d8f0d0373dc844be?s=96&d=mm&r=g\",\"url\":\"https:\/\/secure.gravatar.com\/avatar\/910fcf6728fe95320e07a6643c1581fec1c7fc4bf8ae12e3d8f0d0373dc844be?s=96&d=mm&r=g\",\"contentUrl\":\"https:\/\/secure.gravatar.com\/avatar\/910fcf6728fe95320e07a6643c1581fec1c7fc4bf8ae12e3d8f0d0373dc844be?s=96&d=mm&r=g\",\"caption\":\"Jorge Mi\u00f1o\"},\"sameAs\":[\"http:\/\/radioinfinitagoya.com.ar\"]}]}<\/script>\n<!-- \/ Yoast SEO plugin. -->","yoast_head_json":{"title":"Habl\u00f3 el cura argentino que fue herido en el ataque de Israel a Gaza - Radio Infinita Goya","description":"Gabriel Romanelli dijo que el bombardeo sobre la parroquia \u201cfue una sorpresa\u201d y lament\u00f3 la muerte de tres personas. Gabriel Romanelli, el cura argentino","robots":{"index":"index","follow":"follow","max-snippet":"max-snippet:-1","max-image-preview":"max-image-preview:large","max-video-preview":"max-video-preview:-1"},"canonical":"https:\/\/radioinfinitagoya.com.ar\/v1\/2025\/07\/21\/hablo-el-cura-argentino-que-fue-herido-en-el-ataque-de-israel-a-gaza\/","og_locale":"es_ES","og_type":"article","og_title":"Habl\u00f3 el cura argentino que fue herido en el ataque de Israel a Gaza - Radio Infinita Goya","og_description":"Gabriel Romanelli dijo que el bombardeo sobre la parroquia \u201cfue una sorpresa\u201d y lament\u00f3 la muerte de tres personas. Gabriel Romanelli, el cura argentino","og_url":"https:\/\/radioinfinitagoya.com.ar\/v1\/2025\/07\/21\/hablo-el-cura-argentino-que-fue-herido-en-el-ataque-de-israel-a-gaza\/","og_site_name":"Radio Infinita Goya","article_publisher":"https:\/\/www.facebook.com\/p\/Infinita-Goya-100063870918311\/","article_published_time":"2025-07-21T19:47:55+00:00","og_image":[{"width":680,"height":510,"url":"https:\/\/radioinfinitagoya.com.ar\/v1\/wp-content\/uploads\/2025\/07\/GwEE8WwWQAEc3pS.jpg","type":"image\/jpeg"}],"author":"Jorge Mi\u00f1o","twitter_card":"summary_large_image","twitter_misc":{"Escrito por":"Jorge Mi\u00f1o","Tiempo de lectura":"2 minutos"},"schema":{"@context":"https:\/\/schema.org","@graph":[{"@type":"Article","@id":"https:\/\/radioinfinitagoya.com.ar\/v1\/2025\/07\/21\/hablo-el-cura-argentino-que-fue-herido-en-el-ataque-de-israel-a-gaza\/#article","isPartOf":{"@id":"https:\/\/radioinfinitagoya.com.ar\/v1\/2025\/07\/21\/hablo-el-cura-argentino-que-fue-herido-en-el-ataque-de-israel-a-gaza\/"},"author":{"name":"Jorge Mi\u00f1o","@id":"https:\/\/radioinfinitagoya.com.ar\/v1\/#\/schema\/person\/d4cf9c413d4f6edb24aabdccab49ca4a"},"headline":"Habl\u00f3 el cura argentino que fue herido en el ataque de Israel a Gaza","datePublished":"2025-07-21T19:47:55+00:00","mainEntityOfPage":{"@id":"https:\/\/radioinfinitagoya.com.ar\/v1\/2025\/07\/21\/hablo-el-cura-argentino-que-fue-herido-en-el-ataque-de-israel-a-gaza\/"},"wordCount":243,"publisher":{"@id":"https:\/\/radioinfinitagoya.com.ar\/v1\/#organization"},"image":{"@id":"https:\/\/radioinfinitagoya.com.ar\/v1\/2025\/07\/21\/hablo-el-cura-argentino-que-fue-herido-en-el-ataque-de-israel-a-gaza\/#primaryimage"},"thumbnailUrl":"https:\/\/radioinfinitagoya.com.ar\/v1\/wp-content\/uploads\/2025\/07\/GwEE8WwWQAEc3pS.jpg","articleSection":["NACIONALES"],"inLanguage":"es-AR"},{"@type":"WebPage","@id":"https:\/\/radioinfinitagoya.com.ar\/v1\/2025\/07\/21\/hablo-el-cura-argentino-que-fue-herido-en-el-ataque-de-israel-a-gaza\/","url":"https:\/\/radioinfinitagoya.com.ar\/v1\/2025\/07\/21\/hablo-el-cura-argentino-que-fue-herido-en-el-ataque-de-israel-a-gaza\/","name":"Habl\u00f3 el cura argentino que fue herido en el ataque de Israel a Gaza - Radio Infinita Goya","isPartOf":{"@id":"https:\/\/radioinfinitagoya.com.ar\/v1\/#website"},"primaryImageOfPage":{"@id":"https:\/\/radioinfinitagoya.com.ar\/v1\/2025\/07\/21\/hablo-el-cura-argentino-que-fue-herido-en-el-ataque-de-israel-a-gaza\/#primaryimage"},"image":{"@id":"https:\/\/radioinfinitagoya.com.ar\/v1\/2025\/07\/21\/hablo-el-cura-argentino-que-fue-herido-en-el-ataque-de-israel-a-gaza\/#primaryimage"},"thumbnailUrl":"https:\/\/radioinfinitagoya.com.ar\/v1\/wp-content\/uploads\/2025\/07\/GwEE8WwWQAEc3pS.jpg","datePublished":"2025-07-21T19:47:55+00:00","description":"Gabriel Romanelli dijo que el bombardeo sobre la parroquia \u201cfue una sorpresa\u201d y lament\u00f3 la muerte de tres personas. Gabriel Romanelli, el cura argentino","breadcrumb":{"@id":"https:\/\/radioinfinitagoya.com.ar\/v1\/2025\/07\/21\/hablo-el-cura-argentino-que-fue-herido-en-el-ataque-de-israel-a-gaza\/#breadcrumb"},"inLanguage":"es-AR","potentialAction":[{"@type":"ReadAction","target":["https:\/\/radioinfinitagoya.com.ar\/v1\/2025\/07\/21\/hablo-el-cura-argentino-que-fue-herido-en-el-ataque-de-israel-a-gaza\/"]}]},{"@type":"ImageObject","inLanguage":"es-AR","@id":"https:\/\/radioinfinitagoya.com.ar\/v1\/2025\/07\/21\/hablo-el-cura-argentino-que-fue-herido-en-el-ataque-de-israel-a-gaza\/#primaryimage","url":"https:\/\/radioinfinitagoya.com.ar\/v1\/wp-content\/uploads\/2025\/07\/GwEE8WwWQAEc3pS.jpg","contentUrl":"https:\/\/radioinfinitagoya.com.ar\/v1\/wp-content\/uploads\/2025\/07\/GwEE8WwWQAEc3pS.jpg","width":680,"height":510},{"@type":"BreadcrumbList","@id":"https:\/\/radioinfinitagoya.com.ar\/v1\/2025\/07\/21\/hablo-el-cura-argentino-que-fue-herido-en-el-ataque-de-israel-a-gaza\/#breadcrumb","itemListElement":[{"@type":"ListItem","position":1,"name":"Inicio","item":"https:\/\/radioinfinitagoya.com.ar\/v1\/"},{"@type":"ListItem","position":2,"name":"Habl\u00f3 el cura argentino que fue herido en el ataque de Israel a Gaza"}]},{"@type":"WebSite","@id":"https:\/\/radioinfinitagoya.com.ar\/v1\/#website","url":"https:\/\/radioinfinitagoya.com.ar\/v1\/","name":"radioinfinitagoya.com.ar","description":"Radio de noticias","publisher":{"@id":"https:\/\/radioinfinitagoya.com.ar\/v1\/#organization"},"potentialAction":[{"@type":"SearchAction","target":{"@type":"EntryPoint","urlTemplate":"https:\/\/radioinfinitagoya.com.ar\/v1\/?s={search_term_string}"},"query-input":{"@type":"PropertyValueSpecification","valueRequired":true,"valueName":"search_term_string"}}],"inLanguage":"es-AR"},{"@type":"Organization","@id":"https:\/\/radioinfinitagoya.com.ar\/v1\/#organization","name":"Radio Infinita Goya","url":"https:\/\/radioinfinitagoya.com.ar\/v1\/","logo":{"@type":"ImageObject","inLanguage":"es-AR","@id":"https:\/\/radioinfinitagoya.com.ar\/v1\/#\/schema\/logo\/image\/","url":"https:\/\/radioinfinitagoya.com.ar\/v1\/wp-content\/uploads\/2019\/11\/logo-pie-web.png","contentUrl":"https:\/\/radioinfinitagoya.com.ar\/v1\/wp-content\/uploads\/2019\/11\/logo-pie-web.png","width":635,"height":326,"caption":"Radio Infinita Goya"},"image":{"@id":"https:\/\/radioinfinitagoya.com.ar\/v1\/#\/schema\/logo\/image\/"},"sameAs":["https:\/\/www.facebook.com\/p\/Infinita-Goya-100063870918311\/"]},{"@type":"Person","@id":"https:\/\/radioinfinitagoya.com.ar\/v1\/#\/schema\/person\/d4cf9c413d4f6edb24aabdccab49ca4a","name":"Jorge Mi\u00f1o","image":{"@type":"ImageObject","inLanguage":"es-AR","@id":"https:\/\/secure.gravatar.com\/avatar\/910fcf6728fe95320e07a6643c1581fec1c7fc4bf8ae12e3d8f0d0373dc844be?s=96&d=mm&r=g","url":"https:\/\/secure.gravatar.com\/avatar\/910fcf6728fe95320e07a6643c1581fec1c7fc4bf8ae12e3d8f0d0373dc844be?s=96&d=mm&r=g","contentUrl":"https:\/\/secure.gravatar.com\/avatar\/910fcf6728fe95320e07a6643c1581fec1c7fc4bf8ae12e3d8f0d0373dc844be?s=96&d=mm&r=g","caption":"Jorge Mi\u00f1o"},"sameAs":["http:\/\/radioinfinitagoya.com.ar"]}]}},"_links":{"self":[{"href":"https:\/\/radioinfinitagoya.com.ar\/v1\/wp-json\/wp\/v2\/posts\/193165","targetHints":{"allow":["GET"]}}],"collection":[{"href":"https:\/\/radioinfinitagoya.com.ar\/v1\/wp-json\/wp\/v2\/posts"}],"about":[{"href":"https:\/\/radioinfinitagoya.com.ar\/v1\/wp-json\/wp\/v2\/types\/post"}],"author":[{"embeddable":true,"href":"https:\/\/radioinfinitagoya.com.ar\/v1\/wp-json\/wp\/v2\/users\/4"}],"replies":[{"embeddable":true,"href":"https:\/\/radioinfinitagoya.com.ar\/v1\/wp-json\/wp\/v2\/comments?post=193165"}],"version-history":[{"count":0,"href":"https:\/\/radioinfinitagoya.com.ar\/v1\/wp-json\/wp\/v2\/posts\/193165\/revisions"}],"wp:featuredmedia":[{"embeddable":true,"href":"https:\/\/radioinfinitagoya.com.ar\/v1\/wp-json\/wp\/v2\/media\/193166"}],"wp:attachment":[{"href":"https:\/\/radioinfinitagoya.com.ar\/v1\/wp-json\/wp\/v2\/media?parent=193165"}],"wp:term":[{"taxonomy":"category","embeddable":true,"href":"https:\/\/radioinfinitagoya.com.ar\/v1\/wp-json\/wp\/v2\/categories?post=193165"},{"taxonomy":"post_tag","embeddable":true,"href":"https:\/\/radioinfinitagoya.com.ar\/v1\/wp-json\/wp\/v2\/tags?post=193165"}],"curies":[{"name":"wp","href":"https:\/\/api.w.org\/{rel}","templated":true}]}}