{"id":193168,"date":"2025-07-21T16:52:04","date_gmt":"2025-07-21T19:52:04","guid":{"rendered":"https:\/\/radioinfinitagoya.com.ar\/v1\/?p=193168"},"modified":"2025-07-21T16:52:04","modified_gmt":"2025-07-21T19:52:04","slug":"patricia-bullrich-sobre-el-caso-de-cristian-schaerer","status":"publish","type":"post","link":"https:\/\/radioinfinitagoya.com.ar\/v1\/2025\/07\/21\/patricia-bullrich-sobre-el-caso-de-cristian-schaerer\/","title":{"rendered":"Patricia Bullrich, sobre el caso de Cristian Schaerer"},"content":{"rendered":"<p>&#8220;Estamos pidiendo la extradici\u00f3n de Lohrmann&#8221;<\/p>\n<p>La ministra detuvo su conferencia y le habl\u00f3 directamente a la madre del joven desaparecido en 2003.<\/p>\n<p>Un fuerte momento se vivi\u00f3 este lunes en el Hotel de Turismo de Corrientes cuando la ministra de Seguridad de la Naci\u00f3n, Patricia Bullrich, interrumpi\u00f3 una conferencia de prensa que brindaba para abrazar a Pompeya G\u00f3mez, la madre de Cristian Schaerer, el joven correntino secuestrado y desaparecido en 2003.<\/p>\n<p>Bullrich se refiri\u00f3 directamente a la incansable lucha de la mujer, quien contin\u00faa buscando a su hijo. \u201cPompeya no ha dejado de luchar por su hijo desde el primer d\u00eda. El responsable est\u00e1 detenido\u201d, sostuvo.<\/p>\n<p>La ministra brind\u00f3 detalles sobre la reciente recaptura de uno de los involucrados en el caso, quien se hab\u00eda fugado de una c\u00e1rcel en Portugal. \u201cLe advertimos a Portugal que era peligroso, se les escap\u00f3 y ahora lo atraparon en Espa\u00f1a\u201d, afirm\u00f3.<\/p>\n<p>En cuanto a la situaci\u00f3n legal del recapturado, la Ministra fue contundente: \u201cPortugal est\u00e1 pidiendo la extradici\u00f3n, pero corresponde que sea extraditado a Argentina\u201d, sentenci\u00f3, dejando clara la postura del Gobierno nacional respecto al futuro judicial del implicado en la causa Schaerer.<\/p>\n<p>Niegan la extradici\u00f3n de Lorhmann<br \/>\nRodolfo Jos\u00e9 \u201cEl Ruso\u201d Lorhman Krenz seguir\u00e1 preso en Europa. Es que a trav\u00e9s del Ministerio de Relaciones Exteriores de la Naci\u00f3n informaron al Juzgado Federal N\u00b0 1 de Corrientes sobre la negativa de Espa\u00f1a a extraditar a Lorhman.<\/p>\n<p>En Corrientes est\u00e1 sindicado como el cabecilla de la banda que secuestr\u00f3 e hizo desaparecer a Cristian Schaerer, en la primavera del 2003, cuando el joven llegaba a su casa del barrio Las Tejas de la Capital correntina.<\/p>\n<p>\u201cLas autoridades espa\u00f1olas informan que han resuelto declarar que no procede la solicitud de extradici\u00f3n presentada por las autoridades argentinas\u201d, detalla un informe oficial.<\/p>\n<p>C\u00f3mo se enter\u00f3 Pompeya G\u00f3mez de la captura de Lorhmann<br \/>\nPompeya G\u00f3mez, la madre de Cristian Schaerer -quien fuera secuestrado por Rodolfo &#8220;El ruso&#8221; Lorhmann- mantiene las esperanzas de que se conozca el destino que tuvo el estudiante correntino.<\/p>\n<p>En una entrevista a Clarin en febrero de este a\u00f1o, la mujer sostuvo que &#8220;nunca perd\u00ed las esperanzas de que lo recapturaran&#8221;. Pompeya es la expareja de Juan Pedro &#8220;Vasco&#8221; Schaerer y con quien emprendi\u00f3 en 2001 la b\u00fasqueda del chico, que por entonces cursaba estudios universitarios.<\/p>\n<p>&#8220;Que lo hayan encontrado me da un poco de paz. \u00c9l sabe qu\u00e9 hizo con mi hijo y d\u00f3nde puede estar&#8221;, declar\u00f3 en su momento Pompeya.<\/p>\n<p>&nbsp;<\/p>\n","protected":false},"excerpt":{"rendered":"<p>&#8220;Estamos pidiendo la extradici\u00f3n de Lohrmann&#8221; La ministra detuvo su conferencia y le habl\u00f3 directamente a la madre del joven desaparecido en 2003. Un fuerte momento se vivi\u00f3 este lunes en el Hotel de Turismo de Corrientes cuando la ministra de Seguridad de la Naci\u00f3n, Patricia Bullrich, interrumpi\u00f3 una conferencia de prensa que brindaba para [&hellip;]<\/p>\n","protected":false},"author":4,"featured_media":193169,"comment_status":"closed","ping_status":"closed","sticky":false,"template":"","format":"standard","meta":{"_joinchat":[],"footnotes":""},"categories":[26],"tags":[],"class_list":{"0":"post-193168","1":"post","2":"type-post","3":"status-publish","4":"format-standard","5":"has-post-thumbnail","7":"category-provinciales"},"yoast_head":"<!-- This site is optimized with the Yoast SEO plugin v27.2 - https:\/\/yoast.com\/product\/yoast-seo-wordpress\/ -->\n<title>Patricia Bullrich, sobre el caso de Cristian Schaerer - Radio Infinita Goya<\/title>\n<meta name=\"description\" content=\"&quot;Estamos pidiendo la extradici\u00f3n de Lohrmann&quot; La ministra detuvo su conferencia y le habl\u00f3 directamente a la madre del joven desaparecido en 2003. Un\" \/>\n<meta name=\"robots\" content=\"index, follow, max-snippet:-1, max-image-preview:large, max-video-preview:-1\" \/>\n<link rel=\"canonical\" href=\"https:\/\/radioinfinitagoya.com.ar\/v1\/2025\/07\/21\/patricia-bullrich-sobre-el-caso-de-cristian-schaerer\/\" \/>\n<meta property=\"og:locale\" content=\"es_ES\" \/>\n<meta property=\"og:type\" content=\"article\" \/>\n<meta property=\"og:title\" content=\"Patricia Bullrich, sobre el caso de Cristian Schaerer - Radio Infinita Goya\" \/>\n<meta property=\"og:description\" content=\"&quot;Estamos pidiendo la extradici\u00f3n de Lohrmann&quot; La ministra detuvo su conferencia y le habl\u00f3 directamente a la madre del joven desaparecido en 2003. Un\" \/>\n<meta property=\"og:url\" content=\"https:\/\/radioinfinitagoya.com.ar\/v1\/2025\/07\/21\/patricia-bullrich-sobre-el-caso-de-cristian-schaerer\/\" \/>\n<meta property=\"og:site_name\" content=\"Radio Infinita Goya\" \/>\n<meta property=\"article:publisher\" content=\"https:\/\/www.facebook.com\/p\/Infinita-Goya-100063870918311\/\" \/>\n<meta property=\"article:published_time\" content=\"2025-07-21T19:52:04+00:00\" \/>\n<meta property=\"og:image\" content=\"https:\/\/radioinfinitagoya.com.ar\/v1\/wp-content\/uploads\/2025\/07\/1753124762967.webp\" \/>\n\t<meta property=\"og:image:width\" content=\"1200\" \/>\n\t<meta property=\"og:image:height\" content=\"675\" \/>\n\t<meta property=\"og:image:type\" content=\"image\/webp\" \/>\n<meta name=\"author\" content=\"Jorge Mi\u00f1o\" \/>\n<meta name=\"twitter:card\" content=\"summary_large_image\" \/>\n<meta name=\"twitter:label1\" content=\"Escrito por\" \/>\n\t<meta name=\"twitter:data1\" content=\"Jorge Mi\u00f1o\" \/>\n\t<meta name=\"twitter:label2\" content=\"Tiempo de lectura\" \/>\n\t<meta name=\"twitter:data2\" content=\"3 minutos\" \/>\n<script type=\"application\/ld+json\" class=\"yoast-schema-graph\">{\"@context\":\"https:\/\/schema.org\",\"@graph\":[{\"@type\":\"Article\",\"@id\":\"https:\/\/radioinfinitagoya.com.ar\/v1\/2025\/07\/21\/patricia-bullrich-sobre-el-caso-de-cristian-schaerer\/#article\",\"isPartOf\":{\"@id\":\"https:\/\/radioinfinitagoya.com.ar\/v1\/2025\/07\/21\/patricia-bullrich-sobre-el-caso-de-cristian-schaerer\/\"},\"author\":{\"name\":\"Jorge Mi\u00f1o\",\"@id\":\"https:\/\/radioinfinitagoya.com.ar\/v1\/#\/schema\/person\/d4cf9c413d4f6edb24aabdccab49ca4a\"},\"headline\":\"Patricia Bullrich, sobre el caso de Cristian Schaerer\",\"datePublished\":\"2025-07-21T19:52:04+00:00\",\"mainEntityOfPage\":{\"@id\":\"https:\/\/radioinfinitagoya.com.ar\/v1\/2025\/07\/21\/patricia-bullrich-sobre-el-caso-de-cristian-schaerer\/\"},\"wordCount\":435,\"publisher\":{\"@id\":\"https:\/\/radioinfinitagoya.com.ar\/v1\/#organization\"},\"image\":{\"@id\":\"https:\/\/radioinfinitagoya.com.ar\/v1\/2025\/07\/21\/patricia-bullrich-sobre-el-caso-de-cristian-schaerer\/#primaryimage\"},\"thumbnailUrl\":\"https:\/\/radioinfinitagoya.com.ar\/v1\/wp-content\/uploads\/2025\/07\/1753124762967.webp\",\"articleSection\":[\"PROVINCIALES\"],\"inLanguage\":\"es-AR\"},{\"@type\":\"WebPage\",\"@id\":\"https:\/\/radioinfinitagoya.com.ar\/v1\/2025\/07\/21\/patricia-bullrich-sobre-el-caso-de-cristian-schaerer\/\",\"url\":\"https:\/\/radioinfinitagoya.com.ar\/v1\/2025\/07\/21\/patricia-bullrich-sobre-el-caso-de-cristian-schaerer\/\",\"name\":\"Patricia Bullrich, sobre el caso de Cristian Schaerer - Radio Infinita Goya\",\"isPartOf\":{\"@id\":\"https:\/\/radioinfinitagoya.com.ar\/v1\/#website\"},\"primaryImageOfPage\":{\"@id\":\"https:\/\/radioinfinitagoya.com.ar\/v1\/2025\/07\/21\/patricia-bullrich-sobre-el-caso-de-cristian-schaerer\/#primaryimage\"},\"image\":{\"@id\":\"https:\/\/radioinfinitagoya.com.ar\/v1\/2025\/07\/21\/patricia-bullrich-sobre-el-caso-de-cristian-schaerer\/#primaryimage\"},\"thumbnailUrl\":\"https:\/\/radioinfinitagoya.com.ar\/v1\/wp-content\/uploads\/2025\/07\/1753124762967.webp\",\"datePublished\":\"2025-07-21T19:52:04+00:00\",\"description\":\"\\\"Estamos pidiendo la extradici\u00f3n de Lohrmann\\\" La ministra detuvo su conferencia y le habl\u00f3 directamente a la madre del joven desaparecido en 2003. Un\",\"breadcrumb\":{\"@id\":\"https:\/\/radioinfinitagoya.com.ar\/v1\/2025\/07\/21\/patricia-bullrich-sobre-el-caso-de-cristian-schaerer\/#breadcrumb\"},\"inLanguage\":\"es-AR\",\"potentialAction\":[{\"@type\":\"ReadAction\",\"target\":[\"https:\/\/radioinfinitagoya.com.ar\/v1\/2025\/07\/21\/patricia-bullrich-sobre-el-caso-de-cristian-schaerer\/\"]}]},{\"@type\":\"ImageObject\",\"inLanguage\":\"es-AR\",\"@id\":\"https:\/\/radioinfinitagoya.com.ar\/v1\/2025\/07\/21\/patricia-bullrich-sobre-el-caso-de-cristian-schaerer\/#primaryimage\",\"url\":\"https:\/\/radioinfinitagoya.com.ar\/v1\/wp-content\/uploads\/2025\/07\/1753124762967.webp\",\"contentUrl\":\"https:\/\/radioinfinitagoya.com.ar\/v1\/wp-content\/uploads\/2025\/07\/1753124762967.webp\",\"width\":1200,\"height\":675},{\"@type\":\"BreadcrumbList\",\"@id\":\"https:\/\/radioinfinitagoya.com.ar\/v1\/2025\/07\/21\/patricia-bullrich-sobre-el-caso-de-cristian-schaerer\/#breadcrumb\",\"itemListElement\":[{\"@type\":\"ListItem\",\"position\":1,\"name\":\"Inicio\",\"item\":\"https:\/\/radioinfinitagoya.com.ar\/v1\/\"},{\"@type\":\"ListItem\",\"position\":2,\"name\":\"Patricia Bullrich, sobre el caso de Cristian Schaerer\"}]},{\"@type\":\"WebSite\",\"@id\":\"https:\/\/radioinfinitagoya.com.ar\/v1\/#website\",\"url\":\"https:\/\/radioinfinitagoya.com.ar\/v1\/\",\"name\":\"radioinfinitagoya.com.ar\",\"description\":\"Radio de noticias\",\"publisher\":{\"@id\":\"https:\/\/radioinfinitagoya.com.ar\/v1\/#organization\"},\"potentialAction\":[{\"@type\":\"SearchAction\",\"target\":{\"@type\":\"EntryPoint\",\"urlTemplate\":\"https:\/\/radioinfinitagoya.com.ar\/v1\/?s={search_term_string}\"},\"query-input\":{\"@type\":\"PropertyValueSpecification\",\"valueRequired\":true,\"valueName\":\"search_term_string\"}}],\"inLanguage\":\"es-AR\"},{\"@type\":\"Organization\",\"@id\":\"https:\/\/radioinfinitagoya.com.ar\/v1\/#organization\",\"name\":\"Radio Infinita Goya\",\"url\":\"https:\/\/radioinfinitagoya.com.ar\/v1\/\",\"logo\":{\"@type\":\"ImageObject\",\"inLanguage\":\"es-AR\",\"@id\":\"https:\/\/radioinfinitagoya.com.ar\/v1\/#\/schema\/logo\/image\/\",\"url\":\"https:\/\/radioinfinitagoya.com.ar\/v1\/wp-content\/uploads\/2019\/11\/logo-pie-web.png\",\"contentUrl\":\"https:\/\/radioinfinitagoya.com.ar\/v1\/wp-content\/uploads\/2019\/11\/logo-pie-web.png\",\"width\":635,\"height\":326,\"caption\":\"Radio Infinita Goya\"},\"image\":{\"@id\":\"https:\/\/radioinfinitagoya.com.ar\/v1\/#\/schema\/logo\/image\/\"},\"sameAs\":[\"https:\/\/www.facebook.com\/p\/Infinita-Goya-100063870918311\/\"]},{\"@type\":\"Person\",\"@id\":\"https:\/\/radioinfinitagoya.com.ar\/v1\/#\/schema\/person\/d4cf9c413d4f6edb24aabdccab49ca4a\",\"name\":\"Jorge Mi\u00f1o\",\"image\":{\"@type\":\"ImageObject\",\"inLanguage\":\"es-AR\",\"@id\":\"https:\/\/secure.gravatar.com\/avatar\/910fcf6728fe95320e07a6643c1581fec1c7fc4bf8ae12e3d8f0d0373dc844be?s=96&d=mm&r=g\",\"url\":\"https:\/\/secure.gravatar.com\/avatar\/910fcf6728fe95320e07a6643c1581fec1c7fc4bf8ae12e3d8f0d0373dc844be?s=96&d=mm&r=g\",\"contentUrl\":\"https:\/\/secure.gravatar.com\/avatar\/910fcf6728fe95320e07a6643c1581fec1c7fc4bf8ae12e3d8f0d0373dc844be?s=96&d=mm&r=g\",\"caption\":\"Jorge Mi\u00f1o\"},\"sameAs\":[\"http:\/\/radioinfinitagoya.com.ar\"]}]}<\/script>\n<!-- \/ Yoast SEO plugin. -->","yoast_head_json":{"title":"Patricia Bullrich, sobre el caso de Cristian Schaerer - Radio Infinita Goya","description":"\"Estamos pidiendo la extradici\u00f3n de Lohrmann\" La ministra detuvo su conferencia y le habl\u00f3 directamente a la madre del joven desaparecido en 2003. Un","robots":{"index":"index","follow":"follow","max-snippet":"max-snippet:-1","max-image-preview":"max-image-preview:large","max-video-preview":"max-video-preview:-1"},"canonical":"https:\/\/radioinfinitagoya.com.ar\/v1\/2025\/07\/21\/patricia-bullrich-sobre-el-caso-de-cristian-schaerer\/","og_locale":"es_ES","og_type":"article","og_title":"Patricia Bullrich, sobre el caso de Cristian Schaerer - Radio Infinita Goya","og_description":"\"Estamos pidiendo la extradici\u00f3n de Lohrmann\" La ministra detuvo su conferencia y le habl\u00f3 directamente a la madre del joven desaparecido en 2003. Un","og_url":"https:\/\/radioinfinitagoya.com.ar\/v1\/2025\/07\/21\/patricia-bullrich-sobre-el-caso-de-cristian-schaerer\/","og_site_name":"Radio Infinita Goya","article_publisher":"https:\/\/www.facebook.com\/p\/Infinita-Goya-100063870918311\/","article_published_time":"2025-07-21T19:52:04+00:00","og_image":[{"width":1200,"height":675,"url":"https:\/\/radioinfinitagoya.com.ar\/v1\/wp-content\/uploads\/2025\/07\/1753124762967.webp","type":"image\/webp"}],"author":"Jorge Mi\u00f1o","twitter_card":"summary_large_image","twitter_misc":{"Escrito por":"Jorge Mi\u00f1o","Tiempo de lectura":"3 minutos"},"schema":{"@context":"https:\/\/schema.org","@graph":[{"@type":"Article","@id":"https:\/\/radioinfinitagoya.com.ar\/v1\/2025\/07\/21\/patricia-bullrich-sobre-el-caso-de-cristian-schaerer\/#article","isPartOf":{"@id":"https:\/\/radioinfinitagoya.com.ar\/v1\/2025\/07\/21\/patricia-bullrich-sobre-el-caso-de-cristian-schaerer\/"},"author":{"name":"Jorge Mi\u00f1o","@id":"https:\/\/radioinfinitagoya.com.ar\/v1\/#\/schema\/person\/d4cf9c413d4f6edb24aabdccab49ca4a"},"headline":"Patricia Bullrich, sobre el caso de Cristian Schaerer","datePublished":"2025-07-21T19:52:04+00:00","mainEntityOfPage":{"@id":"https:\/\/radioinfinitagoya.com.ar\/v1\/2025\/07\/21\/patricia-bullrich-sobre-el-caso-de-cristian-schaerer\/"},"wordCount":435,"publisher":{"@id":"https:\/\/radioinfinitagoya.com.ar\/v1\/#organization"},"image":{"@id":"https:\/\/radioinfinitagoya.com.ar\/v1\/2025\/07\/21\/patricia-bullrich-sobre-el-caso-de-cristian-schaerer\/#primaryimage"},"thumbnailUrl":"https:\/\/radioinfinitagoya.com.ar\/v1\/wp-content\/uploads\/2025\/07\/1753124762967.webp","articleSection":["PROVINCIALES"],"inLanguage":"es-AR"},{"@type":"WebPage","@id":"https:\/\/radioinfinitagoya.com.ar\/v1\/2025\/07\/21\/patricia-bullrich-sobre-el-caso-de-cristian-schaerer\/","url":"https:\/\/radioinfinitagoya.com.ar\/v1\/2025\/07\/21\/patricia-bullrich-sobre-el-caso-de-cristian-schaerer\/","name":"Patricia Bullrich, sobre el caso de Cristian Schaerer - Radio Infinita Goya","isPartOf":{"@id":"https:\/\/radioinfinitagoya.com.ar\/v1\/#website"},"primaryImageOfPage":{"@id":"https:\/\/radioinfinitagoya.com.ar\/v1\/2025\/07\/21\/patricia-bullrich-sobre-el-caso-de-cristian-schaerer\/#primaryimage"},"image":{"@id":"https:\/\/radioinfinitagoya.com.ar\/v1\/2025\/07\/21\/patricia-bullrich-sobre-el-caso-de-cristian-schaerer\/#primaryimage"},"thumbnailUrl":"https:\/\/radioinfinitagoya.com.ar\/v1\/wp-content\/uploads\/2025\/07\/1753124762967.webp","datePublished":"2025-07-21T19:52:04+00:00","description":"\"Estamos pidiendo la extradici\u00f3n de Lohrmann\" La ministra detuvo su conferencia y le habl\u00f3 directamente a la madre del joven desaparecido en 2003. Un","breadcrumb":{"@id":"https:\/\/radioinfinitagoya.com.ar\/v1\/2025\/07\/21\/patricia-bullrich-sobre-el-caso-de-cristian-schaerer\/#breadcrumb"},"inLanguage":"es-AR","potentialAction":[{"@type":"ReadAction","target":["https:\/\/radioinfinitagoya.com.ar\/v1\/2025\/07\/21\/patricia-bullrich-sobre-el-caso-de-cristian-schaerer\/"]}]},{"@type":"ImageObject","inLanguage":"es-AR","@id":"https:\/\/radioinfinitagoya.com.ar\/v1\/2025\/07\/21\/patricia-bullrich-sobre-el-caso-de-cristian-schaerer\/#primaryimage","url":"https:\/\/radioinfinitagoya.com.ar\/v1\/wp-content\/uploads\/2025\/07\/1753124762967.webp","contentUrl":"https:\/\/radioinfinitagoya.com.ar\/v1\/wp-content\/uploads\/2025\/07\/1753124762967.webp","width":1200,"height":675},{"@type":"BreadcrumbList","@id":"https:\/\/radioinfinitagoya.com.ar\/v1\/2025\/07\/21\/patricia-bullrich-sobre-el-caso-de-cristian-schaerer\/#breadcrumb","itemListElement":[{"@type":"ListItem","position":1,"name":"Inicio","item":"https:\/\/radioinfinitagoya.com.ar\/v1\/"},{"@type":"ListItem","position":2,"name":"Patricia Bullrich, sobre el caso de Cristian Schaerer"}]},{"@type":"WebSite","@id":"https:\/\/radioinfinitagoya.com.ar\/v1\/#website","url":"https:\/\/radioinfinitagoya.com.ar\/v1\/","name":"radioinfinitagoya.com.ar","description":"Radio de noticias","publisher":{"@id":"https:\/\/radioinfinitagoya.com.ar\/v1\/#organization"},"potentialAction":[{"@type":"SearchAction","target":{"@type":"EntryPoint","urlTemplate":"https:\/\/radioinfinitagoya.com.ar\/v1\/?s={search_term_string}"},"query-input":{"@type":"PropertyValueSpecification","valueRequired":true,"valueName":"search_term_string"}}],"inLanguage":"es-AR"},{"@type":"Organization","@id":"https:\/\/radioinfinitagoya.com.ar\/v1\/#organization","name":"Radio Infinita Goya","url":"https:\/\/radioinfinitagoya.com.ar\/v1\/","logo":{"@type":"ImageObject","inLanguage":"es-AR","@id":"https:\/\/radioinfinitagoya.com.ar\/v1\/#\/schema\/logo\/image\/","url":"https:\/\/radioinfinitagoya.com.ar\/v1\/wp-content\/uploads\/2019\/11\/logo-pie-web.png","contentUrl":"https:\/\/radioinfinitagoya.com.ar\/v1\/wp-content\/uploads\/2019\/11\/logo-pie-web.png","width":635,"height":326,"caption":"Radio Infinita Goya"},"image":{"@id":"https:\/\/radioinfinitagoya.com.ar\/v1\/#\/schema\/logo\/image\/"},"sameAs":["https:\/\/www.facebook.com\/p\/Infinita-Goya-100063870918311\/"]},{"@type":"Person","@id":"https:\/\/radioinfinitagoya.com.ar\/v1\/#\/schema\/person\/d4cf9c413d4f6edb24aabdccab49ca4a","name":"Jorge Mi\u00f1o","image":{"@type":"ImageObject","inLanguage":"es-AR","@id":"https:\/\/secure.gravatar.com\/avatar\/910fcf6728fe95320e07a6643c1581fec1c7fc4bf8ae12e3d8f0d0373dc844be?s=96&d=mm&r=g","url":"https:\/\/secure.gravatar.com\/avatar\/910fcf6728fe95320e07a6643c1581fec1c7fc4bf8ae12e3d8f0d0373dc844be?s=96&d=mm&r=g","contentUrl":"https:\/\/secure.gravatar.com\/avatar\/910fcf6728fe95320e07a6643c1581fec1c7fc4bf8ae12e3d8f0d0373dc844be?s=96&d=mm&r=g","caption":"Jorge Mi\u00f1o"},"sameAs":["http:\/\/radioinfinitagoya.com.ar"]}]}},"_links":{"self":[{"href":"https:\/\/radioinfinitagoya.com.ar\/v1\/wp-json\/wp\/v2\/posts\/193168","targetHints":{"allow":["GET"]}}],"collection":[{"href":"https:\/\/radioinfinitagoya.com.ar\/v1\/wp-json\/wp\/v2\/posts"}],"about":[{"href":"https:\/\/radioinfinitagoya.com.ar\/v1\/wp-json\/wp\/v2\/types\/post"}],"author":[{"embeddable":true,"href":"https:\/\/radioinfinitagoya.com.ar\/v1\/wp-json\/wp\/v2\/users\/4"}],"replies":[{"embeddable":true,"href":"https:\/\/radioinfinitagoya.com.ar\/v1\/wp-json\/wp\/v2\/comments?post=193168"}],"version-history":[{"count":0,"href":"https:\/\/radioinfinitagoya.com.ar\/v1\/wp-json\/wp\/v2\/posts\/193168\/revisions"}],"wp:featuredmedia":[{"embeddable":true,"href":"https:\/\/radioinfinitagoya.com.ar\/v1\/wp-json\/wp\/v2\/media\/193169"}],"wp:attachment":[{"href":"https:\/\/radioinfinitagoya.com.ar\/v1\/wp-json\/wp\/v2\/media?parent=193168"}],"wp:term":[{"taxonomy":"category","embeddable":true,"href":"https:\/\/radioinfinitagoya.com.ar\/v1\/wp-json\/wp\/v2\/categories?post=193168"},{"taxonomy":"post_tag","embeddable":true,"href":"https:\/\/radioinfinitagoya.com.ar\/v1\/wp-json\/wp\/v2\/tags?post=193168"}],"curies":[{"name":"wp","href":"https:\/\/api.w.org\/{rel}","templated":true}]}}