{"id":193193,"date":"2025-07-22T17:08:27","date_gmt":"2025-07-22T20:08:27","guid":{"rendered":"https:\/\/radioinfinitagoya.com.ar\/v1\/?p=193193"},"modified":"2025-07-22T17:08:27","modified_gmt":"2025-07-22T20:08:27","slug":"el-gobierno-esta-bajo-presion-dolar-agro-y-clima-electoral-en-jaque","status":"publish","type":"post","link":"https:\/\/radioinfinitagoya.com.ar\/v1\/2025\/07\/22\/el-gobierno-esta-bajo-presion-dolar-agro-y-clima-electoral-en-jaque\/","title":{"rendered":"El gobierno est\u00e1 bajo presi\u00f3n: d\u00f3lar, agro y clima electoral en jaque"},"content":{"rendered":"<p>Este martes es el \u00faltimo d\u00eda que tienen los exportadores para pagar retenciones m\u00e1s bajas por los granos declarados hasta fin de junio.<\/p>\n<p>Este martes es el \u00faltimo d\u00eda que tienen los exportadores para liquidar divisas con retenciones m\u00e1s bajas. Con el fin de este plazo y frente a la tensi\u00f3n t\u00edpica de los meses previos a las elecciones, el Gobierno pondr\u00e1 a prueba su plan para contener el d\u00f3lar.<\/p>\n<p>Esta situaci\u00f3n se da en medio de semanas de tensi\u00f3n cambiaria, ya que el d\u00f3lar oficial subi\u00f3 $85 en lo que va de julio, un 7% por encima de junio.<\/p>\n<p>De acuerdo con estimaciones de la consultora LCG, entre febrero y junio, gracias a la baja transitoria de las retenciones, las Declaraciones Juradas de Ventas al Exterior (DJVE) promediaron US$200 millones diarios, mientras desde el 1\u00b0 de julio (cuando termin\u00f3 la reducci\u00f3n de las retenciones), el promedio cay\u00f3 a apenas US$26 millones por d\u00eda.<\/p>\n<p>\u201cCon la ca\u00edda abrupta de las DJVE en julio, veremos a partir de esta semana una ca\u00edda abrupta de la liquidaci\u00f3n de exportaciones en el MULC (tal vez no tan pronunciada por quedar saldos declarados antiguos sin liquidar)\u201d, explicaron.<\/p>\n<p>En esta l\u00ednea, describieron que el agro ya no cuenta con grandes incentivos para apurar la liquidaci\u00f3n de divisas y por esto se espera un fuerte impacto negativo por el lado de la oferta de d\u00f3lares.<\/p>\n<p>\u201cEn junio se liquidaron US$3800 millones por los principales productos agr\u00edcolas, y en julio llegan a US$3200 (hasta el 18 de julio). As\u00ed, es probable que en las pr\u00f3ximas semanas veamos saldos liquidados m\u00e1s cercanos a US$500 millones- US$1000 millones (mensualizados)\u201d, estimaron.<\/p>\n<p>&#8220;Las Declaraciones Juradas Ventas al Exterior de productos agr\u00edcolas -especialmente ma\u00edz, soja y derivados- colapsaron tras el fin de rebaja Derechos Exportaci\u00f3n a fines de junio. Como hay hasta 15 d\u00edas h\u00e1biles para liquidar divisas pagando retenciones \u2018viejas\u2019 quedaban d\u00edas de liquidaci\u00f3n fuerte hasta el 22 de julio, pero luego el desierto\u201d, grafic\u00f3 Lorenzo Sigaut Gravina, economista de Equilibra.<\/p>\n<p>Seg\u00fan estimaciones de la Bolsa de Comercio de Rosario (BCR), el aporte del agro en materia de divisas en el mercado de cambios en el 2025 totalizar\u00e1 US$32.070 millones. \u201cLevemente por encima de 2024, producto de un mayor volumen que m\u00e1s que compensa los menores precios internacionales de los principales productos de exportaci\u00f3n\u201d, indicaron.<\/p>\n<p>Qu\u00e9 puede pasar con el d\u00f3lar<br \/>\nDesde hace varios d\u00edas las distintas cotizaciones del d\u00f3lar se empezaron a recalentar. Entre los principales motivos registrados se encuentra la mayor demanda de d\u00f3lares de las personas que cobran aguinaldos y los que pueden pagar los gastos de vacaciones de invierno.<\/p>\n<p>Adem\u00e1s, la semana pasada se desplegaron una serie de medidas para contener unos $10 billones que quedaron \u201csueltos\u201d producto de la finalizaci\u00f3n de las Lefis. El Banco Central y la Secretar\u00eda de Finanzas absorbieron esa liquidez a cambio de convalidar tasas m\u00e1s altas, pero tambi\u00e9n generaron mayor preocupaci\u00f3n sobre un posible enfriamiento de la econom\u00eda.<\/p>\n<p>Como se explic\u00f3, el fin de la liquidaci\u00f3n fuerte de la cosecha afectar\u00e1 de manera directa el ingreso de divisas, por lo que los distintos especialistas enumeraron que esta serie de factores pueden derivar en una mayor volatilidad cambiaria y que el d\u00f3lar oficial puede acercarse al techo de la banda.<\/p>\n<p>A su vez, el contexto preelectoral tambi\u00e9n suma presi\u00f3n sobre el tipo de cambio. \u201cFaltan algo m\u00e1s de tres meses para las elecciones de medio t\u00e9rmino y, como era de esperarse, la volatilidad ya se hizo presente&#8221;, manifestaron en GMA Capital.<\/p>\n<p>&#8220;Por ahora no hay se\u00f1ales de cambios en el plan: todo indica que as\u00ed ser\u00e1 el paisaje hasta fines de octubre. Si la demanda de d\u00f3lares persiste y la incertidumbre no cede, el camino podr\u00eda hacerse largo\u201d, advirtieron.<\/p>\n","protected":false},"excerpt":{"rendered":"<p>Este martes es el \u00faltimo d\u00eda que tienen los exportadores para pagar retenciones m\u00e1s bajas por los granos declarados hasta fin de junio. Este martes es el \u00faltimo d\u00eda que tienen los exportadores para liquidar divisas con retenciones m\u00e1s bajas. Con el fin de este plazo y frente a la tensi\u00f3n t\u00edpica de los meses [&hellip;]<\/p>\n","protected":false},"author":4,"featured_media":193194,"comment_status":"closed","ping_status":"closed","sticky":false,"template":"","format":"standard","meta":{"_joinchat":[],"footnotes":""},"categories":[29],"tags":[],"class_list":{"0":"post-193193","1":"post","2":"type-post","3":"status-publish","4":"format-standard","5":"has-post-thumbnail","7":"category-nacionales"},"yoast_head":"<!-- This site is optimized with the Yoast SEO plugin v27.2 - https:\/\/yoast.com\/product\/yoast-seo-wordpress\/ -->\n<title>El gobierno est\u00e1 bajo presi\u00f3n: d\u00f3lar, agro y clima electoral en jaque - Radio Infinita Goya<\/title>\n<meta name=\"description\" content=\"Este martes es el \u00faltimo d\u00eda que tienen los exportadores para pagar retenciones m\u00e1s bajas por los granos declarados hasta fin de junio. Este martes es el\" \/>\n<meta name=\"robots\" content=\"index, follow, max-snippet:-1, max-image-preview:large, max-video-preview:-1\" \/>\n<link rel=\"canonical\" href=\"https:\/\/radioinfinitagoya.com.ar\/v1\/2025\/07\/22\/el-gobierno-esta-bajo-presion-dolar-agro-y-clima-electoral-en-jaque\/\" \/>\n<meta property=\"og:locale\" content=\"es_ES\" \/>\n<meta property=\"og:type\" content=\"article\" \/>\n<meta property=\"og:title\" content=\"El gobierno est\u00e1 bajo presi\u00f3n: d\u00f3lar, agro y clima electoral en jaque - Radio Infinita Goya\" \/>\n<meta property=\"og:description\" content=\"Este martes es el \u00faltimo d\u00eda que tienen los exportadores para pagar retenciones m\u00e1s bajas por los granos declarados hasta fin de junio. Este martes es el\" \/>\n<meta property=\"og:url\" content=\"https:\/\/radioinfinitagoya.com.ar\/v1\/2025\/07\/22\/el-gobierno-esta-bajo-presion-dolar-agro-y-clima-electoral-en-jaque\/\" \/>\n<meta property=\"og:site_name\" content=\"Radio Infinita Goya\" \/>\n<meta property=\"article:publisher\" content=\"https:\/\/www.facebook.com\/p\/Infinita-Goya-100063870918311\/\" \/>\n<meta property=\"article:published_time\" content=\"2025-07-22T20:08:27+00:00\" \/>\n<meta property=\"og:image\" content=\"https:\/\/radioinfinitagoya.com.ar\/v1\/wp-content\/uploads\/2025\/07\/yIA6LX0t.jpg\" \/>\n\t<meta property=\"og:image:width\" content=\"680\" \/>\n\t<meta property=\"og:image:height\" content=\"357\" \/>\n\t<meta property=\"og:image:type\" content=\"image\/jpeg\" \/>\n<meta name=\"author\" content=\"Jorge Mi\u00f1o\" \/>\n<meta name=\"twitter:card\" content=\"summary_large_image\" \/>\n<meta name=\"twitter:label1\" content=\"Escrito por\" \/>\n\t<meta name=\"twitter:data1\" content=\"Jorge Mi\u00f1o\" \/>\n\t<meta name=\"twitter:label2\" content=\"Tiempo de lectura\" \/>\n\t<meta name=\"twitter:data2\" content=\"4 minutos\" \/>\n<script type=\"application\/ld+json\" class=\"yoast-schema-graph\">{\"@context\":\"https:\/\/schema.org\",\"@graph\":[{\"@type\":\"Article\",\"@id\":\"https:\/\/radioinfinitagoya.com.ar\/v1\/2025\/07\/22\/el-gobierno-esta-bajo-presion-dolar-agro-y-clima-electoral-en-jaque\/#article\",\"isPartOf\":{\"@id\":\"https:\/\/radioinfinitagoya.com.ar\/v1\/2025\/07\/22\/el-gobierno-esta-bajo-presion-dolar-agro-y-clima-electoral-en-jaque\/\"},\"author\":{\"name\":\"Jorge Mi\u00f1o\",\"@id\":\"https:\/\/radioinfinitagoya.com.ar\/v1\/#\/schema\/person\/d4cf9c413d4f6edb24aabdccab49ca4a\"},\"headline\":\"El gobierno est\u00e1 bajo presi\u00f3n: d\u00f3lar, agro y clima electoral en jaque\",\"datePublished\":\"2025-07-22T20:08:27+00:00\",\"mainEntityOfPage\":{\"@id\":\"https:\/\/radioinfinitagoya.com.ar\/v1\/2025\/07\/22\/el-gobierno-esta-bajo-presion-dolar-agro-y-clima-electoral-en-jaque\/\"},\"wordCount\":673,\"publisher\":{\"@id\":\"https:\/\/radioinfinitagoya.com.ar\/v1\/#organization\"},\"image\":{\"@id\":\"https:\/\/radioinfinitagoya.com.ar\/v1\/2025\/07\/22\/el-gobierno-esta-bajo-presion-dolar-agro-y-clima-electoral-en-jaque\/#primaryimage\"},\"thumbnailUrl\":\"https:\/\/radioinfinitagoya.com.ar\/v1\/wp-content\/uploads\/2025\/07\/yIA6LX0t.jpg\",\"articleSection\":[\"NACIONALES\"],\"inLanguage\":\"es-AR\"},{\"@type\":\"WebPage\",\"@id\":\"https:\/\/radioinfinitagoya.com.ar\/v1\/2025\/07\/22\/el-gobierno-esta-bajo-presion-dolar-agro-y-clima-electoral-en-jaque\/\",\"url\":\"https:\/\/radioinfinitagoya.com.ar\/v1\/2025\/07\/22\/el-gobierno-esta-bajo-presion-dolar-agro-y-clima-electoral-en-jaque\/\",\"name\":\"El gobierno est\u00e1 bajo presi\u00f3n: d\u00f3lar, agro y clima electoral en jaque - Radio Infinita Goya\",\"isPartOf\":{\"@id\":\"https:\/\/radioinfinitagoya.com.ar\/v1\/#website\"},\"primaryImageOfPage\":{\"@id\":\"https:\/\/radioinfinitagoya.com.ar\/v1\/2025\/07\/22\/el-gobierno-esta-bajo-presion-dolar-agro-y-clima-electoral-en-jaque\/#primaryimage\"},\"image\":{\"@id\":\"https:\/\/radioinfinitagoya.com.ar\/v1\/2025\/07\/22\/el-gobierno-esta-bajo-presion-dolar-agro-y-clima-electoral-en-jaque\/#primaryimage\"},\"thumbnailUrl\":\"https:\/\/radioinfinitagoya.com.ar\/v1\/wp-content\/uploads\/2025\/07\/yIA6LX0t.jpg\",\"datePublished\":\"2025-07-22T20:08:27+00:00\",\"description\":\"Este martes es el \u00faltimo d\u00eda que tienen los exportadores para pagar retenciones m\u00e1s bajas por los granos declarados hasta fin de junio. Este martes es el\",\"breadcrumb\":{\"@id\":\"https:\/\/radioinfinitagoya.com.ar\/v1\/2025\/07\/22\/el-gobierno-esta-bajo-presion-dolar-agro-y-clima-electoral-en-jaque\/#breadcrumb\"},\"inLanguage\":\"es-AR\",\"potentialAction\":[{\"@type\":\"ReadAction\",\"target\":[\"https:\/\/radioinfinitagoya.com.ar\/v1\/2025\/07\/22\/el-gobierno-esta-bajo-presion-dolar-agro-y-clima-electoral-en-jaque\/\"]}]},{\"@type\":\"ImageObject\",\"inLanguage\":\"es-AR\",\"@id\":\"https:\/\/radioinfinitagoya.com.ar\/v1\/2025\/07\/22\/el-gobierno-esta-bajo-presion-dolar-agro-y-clima-electoral-en-jaque\/#primaryimage\",\"url\":\"https:\/\/radioinfinitagoya.com.ar\/v1\/wp-content\/uploads\/2025\/07\/yIA6LX0t.jpg\",\"contentUrl\":\"https:\/\/radioinfinitagoya.com.ar\/v1\/wp-content\/uploads\/2025\/07\/yIA6LX0t.jpg\",\"width\":680,\"height\":357},{\"@type\":\"BreadcrumbList\",\"@id\":\"https:\/\/radioinfinitagoya.com.ar\/v1\/2025\/07\/22\/el-gobierno-esta-bajo-presion-dolar-agro-y-clima-electoral-en-jaque\/#breadcrumb\",\"itemListElement\":[{\"@type\":\"ListItem\",\"position\":1,\"name\":\"Inicio\",\"item\":\"https:\/\/radioinfinitagoya.com.ar\/v1\/\"},{\"@type\":\"ListItem\",\"position\":2,\"name\":\"El gobierno est\u00e1 bajo presi\u00f3n: d\u00f3lar, agro y clima electoral en jaque\"}]},{\"@type\":\"WebSite\",\"@id\":\"https:\/\/radioinfinitagoya.com.ar\/v1\/#website\",\"url\":\"https:\/\/radioinfinitagoya.com.ar\/v1\/\",\"name\":\"radioinfinitagoya.com.ar\",\"description\":\"Radio de noticias\",\"publisher\":{\"@id\":\"https:\/\/radioinfinitagoya.com.ar\/v1\/#organization\"},\"potentialAction\":[{\"@type\":\"SearchAction\",\"target\":{\"@type\":\"EntryPoint\",\"urlTemplate\":\"https:\/\/radioinfinitagoya.com.ar\/v1\/?s={search_term_string}\"},\"query-input\":{\"@type\":\"PropertyValueSpecification\",\"valueRequired\":true,\"valueName\":\"search_term_string\"}}],\"inLanguage\":\"es-AR\"},{\"@type\":\"Organization\",\"@id\":\"https:\/\/radioinfinitagoya.com.ar\/v1\/#organization\",\"name\":\"Radio Infinita Goya\",\"url\":\"https:\/\/radioinfinitagoya.com.ar\/v1\/\",\"logo\":{\"@type\":\"ImageObject\",\"inLanguage\":\"es-AR\",\"@id\":\"https:\/\/radioinfinitagoya.com.ar\/v1\/#\/schema\/logo\/image\/\",\"url\":\"https:\/\/radioinfinitagoya.com.ar\/v1\/wp-content\/uploads\/2019\/11\/logo-pie-web.png\",\"contentUrl\":\"https:\/\/radioinfinitagoya.com.ar\/v1\/wp-content\/uploads\/2019\/11\/logo-pie-web.png\",\"width\":635,\"height\":326,\"caption\":\"Radio Infinita Goya\"},\"image\":{\"@id\":\"https:\/\/radioinfinitagoya.com.ar\/v1\/#\/schema\/logo\/image\/\"},\"sameAs\":[\"https:\/\/www.facebook.com\/p\/Infinita-Goya-100063870918311\/\"]},{\"@type\":\"Person\",\"@id\":\"https:\/\/radioinfinitagoya.com.ar\/v1\/#\/schema\/person\/d4cf9c413d4f6edb24aabdccab49ca4a\",\"name\":\"Jorge Mi\u00f1o\",\"image\":{\"@type\":\"ImageObject\",\"inLanguage\":\"es-AR\",\"@id\":\"https:\/\/secure.gravatar.com\/avatar\/910fcf6728fe95320e07a6643c1581fec1c7fc4bf8ae12e3d8f0d0373dc844be?s=96&d=mm&r=g\",\"url\":\"https:\/\/secure.gravatar.com\/avatar\/910fcf6728fe95320e07a6643c1581fec1c7fc4bf8ae12e3d8f0d0373dc844be?s=96&d=mm&r=g\",\"contentUrl\":\"https:\/\/secure.gravatar.com\/avatar\/910fcf6728fe95320e07a6643c1581fec1c7fc4bf8ae12e3d8f0d0373dc844be?s=96&d=mm&r=g\",\"caption\":\"Jorge Mi\u00f1o\"},\"sameAs\":[\"http:\/\/radioinfinitagoya.com.ar\"]}]}<\/script>\n<!-- \/ Yoast SEO plugin. -->","yoast_head_json":{"title":"El gobierno est\u00e1 bajo presi\u00f3n: d\u00f3lar, agro y clima electoral en jaque - Radio Infinita Goya","description":"Este martes es el \u00faltimo d\u00eda que tienen los exportadores para pagar retenciones m\u00e1s bajas por los granos declarados hasta fin de junio. Este martes es el","robots":{"index":"index","follow":"follow","max-snippet":"max-snippet:-1","max-image-preview":"max-image-preview:large","max-video-preview":"max-video-preview:-1"},"canonical":"https:\/\/radioinfinitagoya.com.ar\/v1\/2025\/07\/22\/el-gobierno-esta-bajo-presion-dolar-agro-y-clima-electoral-en-jaque\/","og_locale":"es_ES","og_type":"article","og_title":"El gobierno est\u00e1 bajo presi\u00f3n: d\u00f3lar, agro y clima electoral en jaque - Radio Infinita Goya","og_description":"Este martes es el \u00faltimo d\u00eda que tienen los exportadores para pagar retenciones m\u00e1s bajas por los granos declarados hasta fin de junio. Este martes es el","og_url":"https:\/\/radioinfinitagoya.com.ar\/v1\/2025\/07\/22\/el-gobierno-esta-bajo-presion-dolar-agro-y-clima-electoral-en-jaque\/","og_site_name":"Radio Infinita Goya","article_publisher":"https:\/\/www.facebook.com\/p\/Infinita-Goya-100063870918311\/","article_published_time":"2025-07-22T20:08:27+00:00","og_image":[{"width":680,"height":357,"url":"https:\/\/radioinfinitagoya.com.ar\/v1\/wp-content\/uploads\/2025\/07\/yIA6LX0t.jpg","type":"image\/jpeg"}],"author":"Jorge Mi\u00f1o","twitter_card":"summary_large_image","twitter_misc":{"Escrito por":"Jorge Mi\u00f1o","Tiempo de lectura":"4 minutos"},"schema":{"@context":"https:\/\/schema.org","@graph":[{"@type":"Article","@id":"https:\/\/radioinfinitagoya.com.ar\/v1\/2025\/07\/22\/el-gobierno-esta-bajo-presion-dolar-agro-y-clima-electoral-en-jaque\/#article","isPartOf":{"@id":"https:\/\/radioinfinitagoya.com.ar\/v1\/2025\/07\/22\/el-gobierno-esta-bajo-presion-dolar-agro-y-clima-electoral-en-jaque\/"},"author":{"name":"Jorge Mi\u00f1o","@id":"https:\/\/radioinfinitagoya.com.ar\/v1\/#\/schema\/person\/d4cf9c413d4f6edb24aabdccab49ca4a"},"headline":"El gobierno est\u00e1 bajo presi\u00f3n: d\u00f3lar, agro y clima electoral en jaque","datePublished":"2025-07-22T20:08:27+00:00","mainEntityOfPage":{"@id":"https:\/\/radioinfinitagoya.com.ar\/v1\/2025\/07\/22\/el-gobierno-esta-bajo-presion-dolar-agro-y-clima-electoral-en-jaque\/"},"wordCount":673,"publisher":{"@id":"https:\/\/radioinfinitagoya.com.ar\/v1\/#organization"},"image":{"@id":"https:\/\/radioinfinitagoya.com.ar\/v1\/2025\/07\/22\/el-gobierno-esta-bajo-presion-dolar-agro-y-clima-electoral-en-jaque\/#primaryimage"},"thumbnailUrl":"https:\/\/radioinfinitagoya.com.ar\/v1\/wp-content\/uploads\/2025\/07\/yIA6LX0t.jpg","articleSection":["NACIONALES"],"inLanguage":"es-AR"},{"@type":"WebPage","@id":"https:\/\/radioinfinitagoya.com.ar\/v1\/2025\/07\/22\/el-gobierno-esta-bajo-presion-dolar-agro-y-clima-electoral-en-jaque\/","url":"https:\/\/radioinfinitagoya.com.ar\/v1\/2025\/07\/22\/el-gobierno-esta-bajo-presion-dolar-agro-y-clima-electoral-en-jaque\/","name":"El gobierno est\u00e1 bajo presi\u00f3n: d\u00f3lar, agro y clima electoral en jaque - Radio Infinita Goya","isPartOf":{"@id":"https:\/\/radioinfinitagoya.com.ar\/v1\/#website"},"primaryImageOfPage":{"@id":"https:\/\/radioinfinitagoya.com.ar\/v1\/2025\/07\/22\/el-gobierno-esta-bajo-presion-dolar-agro-y-clima-electoral-en-jaque\/#primaryimage"},"image":{"@id":"https:\/\/radioinfinitagoya.com.ar\/v1\/2025\/07\/22\/el-gobierno-esta-bajo-presion-dolar-agro-y-clima-electoral-en-jaque\/#primaryimage"},"thumbnailUrl":"https:\/\/radioinfinitagoya.com.ar\/v1\/wp-content\/uploads\/2025\/07\/yIA6LX0t.jpg","datePublished":"2025-07-22T20:08:27+00:00","description":"Este martes es el \u00faltimo d\u00eda que tienen los exportadores para pagar retenciones m\u00e1s bajas por los granos declarados hasta fin de junio. Este martes es el","breadcrumb":{"@id":"https:\/\/radioinfinitagoya.com.ar\/v1\/2025\/07\/22\/el-gobierno-esta-bajo-presion-dolar-agro-y-clima-electoral-en-jaque\/#breadcrumb"},"inLanguage":"es-AR","potentialAction":[{"@type":"ReadAction","target":["https:\/\/radioinfinitagoya.com.ar\/v1\/2025\/07\/22\/el-gobierno-esta-bajo-presion-dolar-agro-y-clima-electoral-en-jaque\/"]}]},{"@type":"ImageObject","inLanguage":"es-AR","@id":"https:\/\/radioinfinitagoya.com.ar\/v1\/2025\/07\/22\/el-gobierno-esta-bajo-presion-dolar-agro-y-clima-electoral-en-jaque\/#primaryimage","url":"https:\/\/radioinfinitagoya.com.ar\/v1\/wp-content\/uploads\/2025\/07\/yIA6LX0t.jpg","contentUrl":"https:\/\/radioinfinitagoya.com.ar\/v1\/wp-content\/uploads\/2025\/07\/yIA6LX0t.jpg","width":680,"height":357},{"@type":"BreadcrumbList","@id":"https:\/\/radioinfinitagoya.com.ar\/v1\/2025\/07\/22\/el-gobierno-esta-bajo-presion-dolar-agro-y-clima-electoral-en-jaque\/#breadcrumb","itemListElement":[{"@type":"ListItem","position":1,"name":"Inicio","item":"https:\/\/radioinfinitagoya.com.ar\/v1\/"},{"@type":"ListItem","position":2,"name":"El gobierno est\u00e1 bajo presi\u00f3n: d\u00f3lar, agro y clima electoral en jaque"}]},{"@type":"WebSite","@id":"https:\/\/radioinfinitagoya.com.ar\/v1\/#website","url":"https:\/\/radioinfinitagoya.com.ar\/v1\/","name":"radioinfinitagoya.com.ar","description":"Radio de noticias","publisher":{"@id":"https:\/\/radioinfinitagoya.com.ar\/v1\/#organization"},"potentialAction":[{"@type":"SearchAction","target":{"@type":"EntryPoint","urlTemplate":"https:\/\/radioinfinitagoya.com.ar\/v1\/?s={search_term_string}"},"query-input":{"@type":"PropertyValueSpecification","valueRequired":true,"valueName":"search_term_string"}}],"inLanguage":"es-AR"},{"@type":"Organization","@id":"https:\/\/radioinfinitagoya.com.ar\/v1\/#organization","name":"Radio Infinita Goya","url":"https:\/\/radioinfinitagoya.com.ar\/v1\/","logo":{"@type":"ImageObject","inLanguage":"es-AR","@id":"https:\/\/radioinfinitagoya.com.ar\/v1\/#\/schema\/logo\/image\/","url":"https:\/\/radioinfinitagoya.com.ar\/v1\/wp-content\/uploads\/2019\/11\/logo-pie-web.png","contentUrl":"https:\/\/radioinfinitagoya.com.ar\/v1\/wp-content\/uploads\/2019\/11\/logo-pie-web.png","width":635,"height":326,"caption":"Radio Infinita Goya"},"image":{"@id":"https:\/\/radioinfinitagoya.com.ar\/v1\/#\/schema\/logo\/image\/"},"sameAs":["https:\/\/www.facebook.com\/p\/Infinita-Goya-100063870918311\/"]},{"@type":"Person","@id":"https:\/\/radioinfinitagoya.com.ar\/v1\/#\/schema\/person\/d4cf9c413d4f6edb24aabdccab49ca4a","name":"Jorge Mi\u00f1o","image":{"@type":"ImageObject","inLanguage":"es-AR","@id":"https:\/\/secure.gravatar.com\/avatar\/910fcf6728fe95320e07a6643c1581fec1c7fc4bf8ae12e3d8f0d0373dc844be?s=96&d=mm&r=g","url":"https:\/\/secure.gravatar.com\/avatar\/910fcf6728fe95320e07a6643c1581fec1c7fc4bf8ae12e3d8f0d0373dc844be?s=96&d=mm&r=g","contentUrl":"https:\/\/secure.gravatar.com\/avatar\/910fcf6728fe95320e07a6643c1581fec1c7fc4bf8ae12e3d8f0d0373dc844be?s=96&d=mm&r=g","caption":"Jorge Mi\u00f1o"},"sameAs":["http:\/\/radioinfinitagoya.com.ar"]}]}},"_links":{"self":[{"href":"https:\/\/radioinfinitagoya.com.ar\/v1\/wp-json\/wp\/v2\/posts\/193193","targetHints":{"allow":["GET"]}}],"collection":[{"href":"https:\/\/radioinfinitagoya.com.ar\/v1\/wp-json\/wp\/v2\/posts"}],"about":[{"href":"https:\/\/radioinfinitagoya.com.ar\/v1\/wp-json\/wp\/v2\/types\/post"}],"author":[{"embeddable":true,"href":"https:\/\/radioinfinitagoya.com.ar\/v1\/wp-json\/wp\/v2\/users\/4"}],"replies":[{"embeddable":true,"href":"https:\/\/radioinfinitagoya.com.ar\/v1\/wp-json\/wp\/v2\/comments?post=193193"}],"version-history":[{"count":0,"href":"https:\/\/radioinfinitagoya.com.ar\/v1\/wp-json\/wp\/v2\/posts\/193193\/revisions"}],"wp:featuredmedia":[{"embeddable":true,"href":"https:\/\/radioinfinitagoya.com.ar\/v1\/wp-json\/wp\/v2\/media\/193194"}],"wp:attachment":[{"href":"https:\/\/radioinfinitagoya.com.ar\/v1\/wp-json\/wp\/v2\/media?parent=193193"}],"wp:term":[{"taxonomy":"category","embeddable":true,"href":"https:\/\/radioinfinitagoya.com.ar\/v1\/wp-json\/wp\/v2\/categories?post=193193"},{"taxonomy":"post_tag","embeddable":true,"href":"https:\/\/radioinfinitagoya.com.ar\/v1\/wp-json\/wp\/v2\/tags?post=193193"}],"curies":[{"name":"wp","href":"https:\/\/api.w.org\/{rel}","templated":true}]}}