{"id":193199,"date":"2025-07-22T17:29:06","date_gmt":"2025-07-22T20:29:06","guid":{"rendered":"https:\/\/radioinfinitagoya.com.ar\/v1\/?p=193199"},"modified":"2025-07-22T17:29:06","modified_gmt":"2025-07-22T20:29:06","slug":"german-gomez-hizo-realidad-su-sueno","status":"publish","type":"post","link":"https:\/\/radioinfinitagoya.com.ar\/v1\/2025\/07\/22\/german-gomez-hizo-realidad-su-sueno\/","title":{"rendered":"Germ\u00e1n G\u00f3mez hizo realidad su sue\u00f1o"},"content":{"rendered":"<p>Argentina no pudo superar la ronda clasificatoria de la VNL pero el correntino debut\u00f3 en la selecci\u00f3n mayor y fue protagonista.<\/p>\n<p>oncluy\u00f3 la Liga de Naciones de Voleibol (VNL, por su sigla en ingl\u00e9s) 2025 para Argentina. El equipo albiceleste termin\u00f3 en 12\u00ba lugar la primera fase y no estar\u00e1 en la definici\u00f3n. Sin embargo, el torneo la permiti\u00f3 al correntino Germ\u00e1n G\u00f3mez cumplir un sue\u00f1o.<\/p>\n<p>El opuesto de 22 a\u00f1os debut\u00f3 en la selecci\u00f3n mayor y no pas\u00f3 desapercibido. En un par de partidos se destac\u00f3 por ser el m\u00e1ximo anotador y estuvo a la altura de las expectativas.<br \/>\n&#8220;Sue\u00f1o cumplido!. Jugar mi primer VNL fue un objetivo logrado&#8221;, escribi\u00f3 en su Instagram G\u00f3mez. &#8220;Ahora a seguir trabajando para mejorar y alcanzar nuevos logros&#8221;, agreg\u00f3 y concluy\u00f3 de manera contundente: &#8220;Experiencia incre\u00edble. Vamos Argentina&#8221;.<\/p>\n<p>G\u00f3mez fue confirmado por el DT Marcelo M\u00e9ndez dentro del equipo que jug\u00f3 la VNL. Viaj\u00f3 a Canad\u00e1 donde se gan\u00f3 un lugar entre los iniciales. En Serbia se consolid\u00f3 y en Jap\u00f3n, con la incorporaci\u00f3n de Bruno Lima, su participaci\u00f3n baj\u00f3.<\/p>\n<p>Seg\u00fan las estad\u00edsticas oficiales de la Volleyball World, G\u00f3mez sum\u00f3 a lo largo de la etapa clasificatoria 98 puntos: 86 fueron de ataque, 3 con el bloqueo y 9 con el servicio.<\/p>\n<p>La mejor producci\u00f3n de G\u00f3mez que seguir\u00e1 su carrera en Espa\u00f1a fue en el partido contra Cuba donde sum\u00f3 22 puntos. Frente a Serbia aport\u00f3 20 y el podio se completa con el juego frente a Canad\u00e1 con 19.<\/p>\n<p>Argentina lleg\u00f3 a Jap\u00f3n, \u00faltima etapa de la primera fase, en zona de clasificaci\u00f3n pero los resultados no ayudaron (1 triunfo y 3 ca\u00eddas), baj\u00f3 al 12\u00ba puesto y no estar\u00e1 en los cuartos de final.<\/p>\n<p>El segundo gran objetivo de Argentina para este a\u00f1o es el Mundial de Filipinas que se desarrollar\u00e1 del 12 al 19 de septiembre.<br \/>\nEl correntino que en esta temporada se consagr\u00f3 campe\u00f3n en la Liga Argentina se ilusiona con volver a estar en la consideraci\u00f3n del cuerpo t\u00e9cnico antes de viajar a Espa\u00f1a donde se sumar\u00e1 al club Teruel en lo que ser\u00e1 su segunda experiencia en Europa despu\u00e9s de su paso por Francia.<\/p>\n<p>&nbsp;<\/p>\n","protected":false},"excerpt":{"rendered":"<p>Argentina no pudo superar la ronda clasificatoria de la VNL pero el correntino debut\u00f3 en la selecci\u00f3n mayor y fue protagonista. oncluy\u00f3 la Liga de Naciones de Voleibol (VNL, por su sigla en ingl\u00e9s) 2025 para Argentina. El equipo albiceleste termin\u00f3 en 12\u00ba lugar la primera fase y no estar\u00e1 en la definici\u00f3n. Sin embargo, [&hellip;]<\/p>\n","protected":false},"author":4,"featured_media":193200,"comment_status":"closed","ping_status":"closed","sticky":false,"template":"","format":"standard","meta":{"_joinchat":[],"footnotes":""},"categories":[28],"tags":[],"class_list":{"0":"post-193199","1":"post","2":"type-post","3":"status-publish","4":"format-standard","5":"has-post-thumbnail","7":"category-deportes"},"yoast_head":"<!-- This site is optimized with the Yoast SEO plugin v27.2 - https:\/\/yoast.com\/product\/yoast-seo-wordpress\/ -->\n<title>Germ\u00e1n G\u00f3mez hizo realidad su sue\u00f1o - Radio Infinita Goya<\/title>\n<meta name=\"description\" content=\"Argentina no pudo superar la ronda clasificatoria de la VNL pero el correntino debut\u00f3 en la selecci\u00f3n mayor y fue protagonista. oncluy\u00f3 la Liga de\" \/>\n<meta name=\"robots\" content=\"index, follow, max-snippet:-1, max-image-preview:large, max-video-preview:-1\" \/>\n<link rel=\"canonical\" href=\"https:\/\/radioinfinitagoya.com.ar\/v1\/2025\/07\/22\/german-gomez-hizo-realidad-su-sueno\/\" \/>\n<meta property=\"og:locale\" content=\"es_ES\" \/>\n<meta property=\"og:type\" content=\"article\" \/>\n<meta property=\"og:title\" content=\"Germ\u00e1n G\u00f3mez hizo realidad su sue\u00f1o - Radio Infinita Goya\" \/>\n<meta property=\"og:description\" content=\"Argentina no pudo superar la ronda clasificatoria de la VNL pero el correntino debut\u00f3 en la selecci\u00f3n mayor y fue protagonista. oncluy\u00f3 la Liga de\" \/>\n<meta property=\"og:url\" content=\"https:\/\/radioinfinitagoya.com.ar\/v1\/2025\/07\/22\/german-gomez-hizo-realidad-su-sueno\/\" \/>\n<meta property=\"og:site_name\" content=\"Radio Infinita Goya\" \/>\n<meta property=\"article:publisher\" content=\"https:\/\/www.facebook.com\/p\/Infinita-Goya-100063870918311\/\" \/>\n<meta property=\"article:published_time\" content=\"2025-07-22T20:29:06+00:00\" \/>\n<meta property=\"og:image\" content=\"https:\/\/radioinfinitagoya.com.ar\/v1\/wp-content\/uploads\/2025\/07\/gomez-2.jpg\" \/>\n\t<meta property=\"og:image:width\" content=\"807\" \/>\n\t<meta property=\"og:image:height\" content=\"454\" \/>\n\t<meta property=\"og:image:type\" content=\"image\/jpeg\" \/>\n<meta name=\"author\" content=\"Jorge Mi\u00f1o\" \/>\n<meta name=\"twitter:card\" content=\"summary_large_image\" \/>\n<meta name=\"twitter:label1\" content=\"Escrito por\" \/>\n\t<meta name=\"twitter:data1\" content=\"Jorge Mi\u00f1o\" \/>\n\t<meta name=\"twitter:label2\" content=\"Tiempo de lectura\" \/>\n\t<meta name=\"twitter:data2\" content=\"2 minutos\" \/>\n<script type=\"application\/ld+json\" class=\"yoast-schema-graph\">{\"@context\":\"https:\/\/schema.org\",\"@graph\":[{\"@type\":\"Article\",\"@id\":\"https:\/\/radioinfinitagoya.com.ar\/v1\/2025\/07\/22\/german-gomez-hizo-realidad-su-sueno\/#article\",\"isPartOf\":{\"@id\":\"https:\/\/radioinfinitagoya.com.ar\/v1\/2025\/07\/22\/german-gomez-hizo-realidad-su-sueno\/\"},\"author\":{\"name\":\"Jorge Mi\u00f1o\",\"@id\":\"https:\/\/radioinfinitagoya.com.ar\/v1\/#\/schema\/person\/d4cf9c413d4f6edb24aabdccab49ca4a\"},\"headline\":\"Germ\u00e1n G\u00f3mez hizo realidad su sue\u00f1o\",\"datePublished\":\"2025-07-22T20:29:06+00:00\",\"mainEntityOfPage\":{\"@id\":\"https:\/\/radioinfinitagoya.com.ar\/v1\/2025\/07\/22\/german-gomez-hizo-realidad-su-sueno\/\"},\"wordCount\":385,\"publisher\":{\"@id\":\"https:\/\/radioinfinitagoya.com.ar\/v1\/#organization\"},\"image\":{\"@id\":\"https:\/\/radioinfinitagoya.com.ar\/v1\/2025\/07\/22\/german-gomez-hizo-realidad-su-sueno\/#primaryimage\"},\"thumbnailUrl\":\"https:\/\/radioinfinitagoya.com.ar\/v1\/wp-content\/uploads\/2025\/07\/gomez-2.jpg\",\"articleSection\":[\"DEPORTES\"],\"inLanguage\":\"es-AR\"},{\"@type\":\"WebPage\",\"@id\":\"https:\/\/radioinfinitagoya.com.ar\/v1\/2025\/07\/22\/german-gomez-hizo-realidad-su-sueno\/\",\"url\":\"https:\/\/radioinfinitagoya.com.ar\/v1\/2025\/07\/22\/german-gomez-hizo-realidad-su-sueno\/\",\"name\":\"Germ\u00e1n G\u00f3mez hizo realidad su sue\u00f1o - Radio Infinita Goya\",\"isPartOf\":{\"@id\":\"https:\/\/radioinfinitagoya.com.ar\/v1\/#website\"},\"primaryImageOfPage\":{\"@id\":\"https:\/\/radioinfinitagoya.com.ar\/v1\/2025\/07\/22\/german-gomez-hizo-realidad-su-sueno\/#primaryimage\"},\"image\":{\"@id\":\"https:\/\/radioinfinitagoya.com.ar\/v1\/2025\/07\/22\/german-gomez-hizo-realidad-su-sueno\/#primaryimage\"},\"thumbnailUrl\":\"https:\/\/radioinfinitagoya.com.ar\/v1\/wp-content\/uploads\/2025\/07\/gomez-2.jpg\",\"datePublished\":\"2025-07-22T20:29:06+00:00\",\"description\":\"Argentina no pudo superar la ronda clasificatoria de la VNL pero el correntino debut\u00f3 en la selecci\u00f3n mayor y fue protagonista. oncluy\u00f3 la Liga de\",\"breadcrumb\":{\"@id\":\"https:\/\/radioinfinitagoya.com.ar\/v1\/2025\/07\/22\/german-gomez-hizo-realidad-su-sueno\/#breadcrumb\"},\"inLanguage\":\"es-AR\",\"potentialAction\":[{\"@type\":\"ReadAction\",\"target\":[\"https:\/\/radioinfinitagoya.com.ar\/v1\/2025\/07\/22\/german-gomez-hizo-realidad-su-sueno\/\"]}]},{\"@type\":\"ImageObject\",\"inLanguage\":\"es-AR\",\"@id\":\"https:\/\/radioinfinitagoya.com.ar\/v1\/2025\/07\/22\/german-gomez-hizo-realidad-su-sueno\/#primaryimage\",\"url\":\"https:\/\/radioinfinitagoya.com.ar\/v1\/wp-content\/uploads\/2025\/07\/gomez-2.jpg\",\"contentUrl\":\"https:\/\/radioinfinitagoya.com.ar\/v1\/wp-content\/uploads\/2025\/07\/gomez-2.jpg\",\"width\":807,\"height\":454},{\"@type\":\"BreadcrumbList\",\"@id\":\"https:\/\/radioinfinitagoya.com.ar\/v1\/2025\/07\/22\/german-gomez-hizo-realidad-su-sueno\/#breadcrumb\",\"itemListElement\":[{\"@type\":\"ListItem\",\"position\":1,\"name\":\"Inicio\",\"item\":\"https:\/\/radioinfinitagoya.com.ar\/v1\/\"},{\"@type\":\"ListItem\",\"position\":2,\"name\":\"Germ\u00e1n G\u00f3mez hizo realidad su sue\u00f1o\"}]},{\"@type\":\"WebSite\",\"@id\":\"https:\/\/radioinfinitagoya.com.ar\/v1\/#website\",\"url\":\"https:\/\/radioinfinitagoya.com.ar\/v1\/\",\"name\":\"radioinfinitagoya.com.ar\",\"description\":\"Radio de noticias\",\"publisher\":{\"@id\":\"https:\/\/radioinfinitagoya.com.ar\/v1\/#organization\"},\"potentialAction\":[{\"@type\":\"SearchAction\",\"target\":{\"@type\":\"EntryPoint\",\"urlTemplate\":\"https:\/\/radioinfinitagoya.com.ar\/v1\/?s={search_term_string}\"},\"query-input\":{\"@type\":\"PropertyValueSpecification\",\"valueRequired\":true,\"valueName\":\"search_term_string\"}}],\"inLanguage\":\"es-AR\"},{\"@type\":\"Organization\",\"@id\":\"https:\/\/radioinfinitagoya.com.ar\/v1\/#organization\",\"name\":\"Radio Infinita Goya\",\"url\":\"https:\/\/radioinfinitagoya.com.ar\/v1\/\",\"logo\":{\"@type\":\"ImageObject\",\"inLanguage\":\"es-AR\",\"@id\":\"https:\/\/radioinfinitagoya.com.ar\/v1\/#\/schema\/logo\/image\/\",\"url\":\"https:\/\/radioinfinitagoya.com.ar\/v1\/wp-content\/uploads\/2019\/11\/logo-pie-web.png\",\"contentUrl\":\"https:\/\/radioinfinitagoya.com.ar\/v1\/wp-content\/uploads\/2019\/11\/logo-pie-web.png\",\"width\":635,\"height\":326,\"caption\":\"Radio Infinita Goya\"},\"image\":{\"@id\":\"https:\/\/radioinfinitagoya.com.ar\/v1\/#\/schema\/logo\/image\/\"},\"sameAs\":[\"https:\/\/www.facebook.com\/p\/Infinita-Goya-100063870918311\/\"]},{\"@type\":\"Person\",\"@id\":\"https:\/\/radioinfinitagoya.com.ar\/v1\/#\/schema\/person\/d4cf9c413d4f6edb24aabdccab49ca4a\",\"name\":\"Jorge Mi\u00f1o\",\"image\":{\"@type\":\"ImageObject\",\"inLanguage\":\"es-AR\",\"@id\":\"https:\/\/secure.gravatar.com\/avatar\/910fcf6728fe95320e07a6643c1581fec1c7fc4bf8ae12e3d8f0d0373dc844be?s=96&d=mm&r=g\",\"url\":\"https:\/\/secure.gravatar.com\/avatar\/910fcf6728fe95320e07a6643c1581fec1c7fc4bf8ae12e3d8f0d0373dc844be?s=96&d=mm&r=g\",\"contentUrl\":\"https:\/\/secure.gravatar.com\/avatar\/910fcf6728fe95320e07a6643c1581fec1c7fc4bf8ae12e3d8f0d0373dc844be?s=96&d=mm&r=g\",\"caption\":\"Jorge Mi\u00f1o\"},\"sameAs\":[\"http:\/\/radioinfinitagoya.com.ar\"]}]}<\/script>\n<!-- \/ Yoast SEO plugin. -->","yoast_head_json":{"title":"Germ\u00e1n G\u00f3mez hizo realidad su sue\u00f1o - Radio Infinita Goya","description":"Argentina no pudo superar la ronda clasificatoria de la VNL pero el correntino debut\u00f3 en la selecci\u00f3n mayor y fue protagonista. oncluy\u00f3 la Liga de","robots":{"index":"index","follow":"follow","max-snippet":"max-snippet:-1","max-image-preview":"max-image-preview:large","max-video-preview":"max-video-preview:-1"},"canonical":"https:\/\/radioinfinitagoya.com.ar\/v1\/2025\/07\/22\/german-gomez-hizo-realidad-su-sueno\/","og_locale":"es_ES","og_type":"article","og_title":"Germ\u00e1n G\u00f3mez hizo realidad su sue\u00f1o - Radio Infinita Goya","og_description":"Argentina no pudo superar la ronda clasificatoria de la VNL pero el correntino debut\u00f3 en la selecci\u00f3n mayor y fue protagonista. oncluy\u00f3 la Liga de","og_url":"https:\/\/radioinfinitagoya.com.ar\/v1\/2025\/07\/22\/german-gomez-hizo-realidad-su-sueno\/","og_site_name":"Radio Infinita Goya","article_publisher":"https:\/\/www.facebook.com\/p\/Infinita-Goya-100063870918311\/","article_published_time":"2025-07-22T20:29:06+00:00","og_image":[{"width":807,"height":454,"url":"https:\/\/radioinfinitagoya.com.ar\/v1\/wp-content\/uploads\/2025\/07\/gomez-2.jpg","type":"image\/jpeg"}],"author":"Jorge Mi\u00f1o","twitter_card":"summary_large_image","twitter_misc":{"Escrito por":"Jorge Mi\u00f1o","Tiempo de lectura":"2 minutos"},"schema":{"@context":"https:\/\/schema.org","@graph":[{"@type":"Article","@id":"https:\/\/radioinfinitagoya.com.ar\/v1\/2025\/07\/22\/german-gomez-hizo-realidad-su-sueno\/#article","isPartOf":{"@id":"https:\/\/radioinfinitagoya.com.ar\/v1\/2025\/07\/22\/german-gomez-hizo-realidad-su-sueno\/"},"author":{"name":"Jorge Mi\u00f1o","@id":"https:\/\/radioinfinitagoya.com.ar\/v1\/#\/schema\/person\/d4cf9c413d4f6edb24aabdccab49ca4a"},"headline":"Germ\u00e1n G\u00f3mez hizo realidad su sue\u00f1o","datePublished":"2025-07-22T20:29:06+00:00","mainEntityOfPage":{"@id":"https:\/\/radioinfinitagoya.com.ar\/v1\/2025\/07\/22\/german-gomez-hizo-realidad-su-sueno\/"},"wordCount":385,"publisher":{"@id":"https:\/\/radioinfinitagoya.com.ar\/v1\/#organization"},"image":{"@id":"https:\/\/radioinfinitagoya.com.ar\/v1\/2025\/07\/22\/german-gomez-hizo-realidad-su-sueno\/#primaryimage"},"thumbnailUrl":"https:\/\/radioinfinitagoya.com.ar\/v1\/wp-content\/uploads\/2025\/07\/gomez-2.jpg","articleSection":["DEPORTES"],"inLanguage":"es-AR"},{"@type":"WebPage","@id":"https:\/\/radioinfinitagoya.com.ar\/v1\/2025\/07\/22\/german-gomez-hizo-realidad-su-sueno\/","url":"https:\/\/radioinfinitagoya.com.ar\/v1\/2025\/07\/22\/german-gomez-hizo-realidad-su-sueno\/","name":"Germ\u00e1n G\u00f3mez hizo realidad su sue\u00f1o - Radio Infinita Goya","isPartOf":{"@id":"https:\/\/radioinfinitagoya.com.ar\/v1\/#website"},"primaryImageOfPage":{"@id":"https:\/\/radioinfinitagoya.com.ar\/v1\/2025\/07\/22\/german-gomez-hizo-realidad-su-sueno\/#primaryimage"},"image":{"@id":"https:\/\/radioinfinitagoya.com.ar\/v1\/2025\/07\/22\/german-gomez-hizo-realidad-su-sueno\/#primaryimage"},"thumbnailUrl":"https:\/\/radioinfinitagoya.com.ar\/v1\/wp-content\/uploads\/2025\/07\/gomez-2.jpg","datePublished":"2025-07-22T20:29:06+00:00","description":"Argentina no pudo superar la ronda clasificatoria de la VNL pero el correntino debut\u00f3 en la selecci\u00f3n mayor y fue protagonista. oncluy\u00f3 la Liga de","breadcrumb":{"@id":"https:\/\/radioinfinitagoya.com.ar\/v1\/2025\/07\/22\/german-gomez-hizo-realidad-su-sueno\/#breadcrumb"},"inLanguage":"es-AR","potentialAction":[{"@type":"ReadAction","target":["https:\/\/radioinfinitagoya.com.ar\/v1\/2025\/07\/22\/german-gomez-hizo-realidad-su-sueno\/"]}]},{"@type":"ImageObject","inLanguage":"es-AR","@id":"https:\/\/radioinfinitagoya.com.ar\/v1\/2025\/07\/22\/german-gomez-hizo-realidad-su-sueno\/#primaryimage","url":"https:\/\/radioinfinitagoya.com.ar\/v1\/wp-content\/uploads\/2025\/07\/gomez-2.jpg","contentUrl":"https:\/\/radioinfinitagoya.com.ar\/v1\/wp-content\/uploads\/2025\/07\/gomez-2.jpg","width":807,"height":454},{"@type":"BreadcrumbList","@id":"https:\/\/radioinfinitagoya.com.ar\/v1\/2025\/07\/22\/german-gomez-hizo-realidad-su-sueno\/#breadcrumb","itemListElement":[{"@type":"ListItem","position":1,"name":"Inicio","item":"https:\/\/radioinfinitagoya.com.ar\/v1\/"},{"@type":"ListItem","position":2,"name":"Germ\u00e1n G\u00f3mez hizo realidad su sue\u00f1o"}]},{"@type":"WebSite","@id":"https:\/\/radioinfinitagoya.com.ar\/v1\/#website","url":"https:\/\/radioinfinitagoya.com.ar\/v1\/","name":"radioinfinitagoya.com.ar","description":"Radio de noticias","publisher":{"@id":"https:\/\/radioinfinitagoya.com.ar\/v1\/#organization"},"potentialAction":[{"@type":"SearchAction","target":{"@type":"EntryPoint","urlTemplate":"https:\/\/radioinfinitagoya.com.ar\/v1\/?s={search_term_string}"},"query-input":{"@type":"PropertyValueSpecification","valueRequired":true,"valueName":"search_term_string"}}],"inLanguage":"es-AR"},{"@type":"Organization","@id":"https:\/\/radioinfinitagoya.com.ar\/v1\/#organization","name":"Radio Infinita Goya","url":"https:\/\/radioinfinitagoya.com.ar\/v1\/","logo":{"@type":"ImageObject","inLanguage":"es-AR","@id":"https:\/\/radioinfinitagoya.com.ar\/v1\/#\/schema\/logo\/image\/","url":"https:\/\/radioinfinitagoya.com.ar\/v1\/wp-content\/uploads\/2019\/11\/logo-pie-web.png","contentUrl":"https:\/\/radioinfinitagoya.com.ar\/v1\/wp-content\/uploads\/2019\/11\/logo-pie-web.png","width":635,"height":326,"caption":"Radio Infinita Goya"},"image":{"@id":"https:\/\/radioinfinitagoya.com.ar\/v1\/#\/schema\/logo\/image\/"},"sameAs":["https:\/\/www.facebook.com\/p\/Infinita-Goya-100063870918311\/"]},{"@type":"Person","@id":"https:\/\/radioinfinitagoya.com.ar\/v1\/#\/schema\/person\/d4cf9c413d4f6edb24aabdccab49ca4a","name":"Jorge Mi\u00f1o","image":{"@type":"ImageObject","inLanguage":"es-AR","@id":"https:\/\/secure.gravatar.com\/avatar\/910fcf6728fe95320e07a6643c1581fec1c7fc4bf8ae12e3d8f0d0373dc844be?s=96&d=mm&r=g","url":"https:\/\/secure.gravatar.com\/avatar\/910fcf6728fe95320e07a6643c1581fec1c7fc4bf8ae12e3d8f0d0373dc844be?s=96&d=mm&r=g","contentUrl":"https:\/\/secure.gravatar.com\/avatar\/910fcf6728fe95320e07a6643c1581fec1c7fc4bf8ae12e3d8f0d0373dc844be?s=96&d=mm&r=g","caption":"Jorge Mi\u00f1o"},"sameAs":["http:\/\/radioinfinitagoya.com.ar"]}]}},"_links":{"self":[{"href":"https:\/\/radioinfinitagoya.com.ar\/v1\/wp-json\/wp\/v2\/posts\/193199","targetHints":{"allow":["GET"]}}],"collection":[{"href":"https:\/\/radioinfinitagoya.com.ar\/v1\/wp-json\/wp\/v2\/posts"}],"about":[{"href":"https:\/\/radioinfinitagoya.com.ar\/v1\/wp-json\/wp\/v2\/types\/post"}],"author":[{"embeddable":true,"href":"https:\/\/radioinfinitagoya.com.ar\/v1\/wp-json\/wp\/v2\/users\/4"}],"replies":[{"embeddable":true,"href":"https:\/\/radioinfinitagoya.com.ar\/v1\/wp-json\/wp\/v2\/comments?post=193199"}],"version-history":[{"count":0,"href":"https:\/\/radioinfinitagoya.com.ar\/v1\/wp-json\/wp\/v2\/posts\/193199\/revisions"}],"wp:featuredmedia":[{"embeddable":true,"href":"https:\/\/radioinfinitagoya.com.ar\/v1\/wp-json\/wp\/v2\/media\/193200"}],"wp:attachment":[{"href":"https:\/\/radioinfinitagoya.com.ar\/v1\/wp-json\/wp\/v2\/media?parent=193199"}],"wp:term":[{"taxonomy":"category","embeddable":true,"href":"https:\/\/radioinfinitagoya.com.ar\/v1\/wp-json\/wp\/v2\/categories?post=193199"},{"taxonomy":"post_tag","embeddable":true,"href":"https:\/\/radioinfinitagoya.com.ar\/v1\/wp-json\/wp\/v2\/tags?post=193199"}],"curies":[{"name":"wp","href":"https:\/\/api.w.org\/{rel}","templated":true}]}}