{"id":193202,"date":"2025-07-22T17:32:56","date_gmt":"2025-07-22T20:32:56","guid":{"rendered":"https:\/\/radioinfinitagoya.com.ar\/v1\/?p=193202"},"modified":"2025-07-22T17:32:56","modified_gmt":"2025-07-22T20:32:56","slug":"corrientes-tendra-tres-representantes-en-los-panamericanos-junior","status":"publish","type":"post","link":"https:\/\/radioinfinitagoya.com.ar\/v1\/2025\/07\/22\/corrientes-tendra-tres-representantes-en-los-panamericanos-junior\/","title":{"rendered":"Corrientes tendr\u00e1 tres representantes en los Panamericanos Junior"},"content":{"rendered":"<p>La delegaci\u00f3n argentina contar\u00e1 con Sof\u00eda Meabe (tenis), Ignacio Esp\u00ednola Serial (taekwondo) y Domingo Meza (pesas).<\/p>\n<p>Los II Juegos Panamericanos Junior Asunci\u00f3n 2025 se llevar\u00e1n a cabo del 9 al 23 de agosto, Argentina dir\u00e1 presente con 338 atletas (172 varones y 166 mujeres) m\u00e1s cuatro atletas de reserva en hockey y Corrientes contar\u00e1 con tres representantes.<\/p>\n<p>Corrientes dir\u00e1 presente en la multi competencia continental con tres deportistas: Sof\u00eda Meabe (tenis), Ignacio Esp\u00ednola Serial (taekwondo) y Domingo Meza (pesas).<\/p>\n<p>El Comit\u00e9 Ol\u00edmpico Argentino dio a conocer la lista de la delegaci\u00f3n argentina, un grupo de los atletas fueron despedidos en el gimnasio polideportivo Le\u00f3n Najnudel del Centro Nacional de Alto Rendimiento Deportivo (Cenard).<\/p>\n<p>Durante la ceremonia, Juana Castellaro Morello (medalla de bronce en Par\u00eds 2024 con Las Leonas) recibi\u00f3 la bandera en representaci\u00f3n de toda la delegaci\u00f3n de manos de Luciana Cardozo, abanderada en la ceremonia de apertura de Cali Valle 2021.<\/p>\n<p>En Asunci\u00f3n, Juana estar\u00e1 acompa\u00f1ada por Ulises Saravia (nadador marplatense, due\u00f1o del r\u00e9cord nacional en los 50 y 100 metros espalda) que no pudo estar presente por participar en el Mundial de Singapur.<\/p>\n<p>Sof\u00eda Meabe (17 a\u00f1os) integrar\u00e1 el equipo albiceleste de tenis que cuenta con 5 deportistas. La correntina competir\u00e1 en individuales.<\/p>\n<p>La competencia de tenis est\u00e1 prevista del 11 al 17 de agosto, previamente, Meabe, que viene de competir en M\u00e9xico en varios torneos ITF, viajar\u00e1 Barcelona para otra competencia por equipos en representaci\u00f3n de la Argentina.<\/p>\n<p>Por su parte, Ignacio Esp\u00ednola Serial se clasific\u00f3 y ser\u00e1 uno de los tres taekwondistas que llevar\u00e1 Argentina en Asunci\u00f3n. El correntino de 17 a\u00f1os se gan\u00f3 su lugar durante el Pan Am Series, competencia que tuvo varias etapas y comenz\u00f3 en el 2024. En la final, que se desarroll\u00f3 en Qu\u00e9retaro durante el mes de abril del presente a\u00f1o consigui\u00f3 la medalla de bronce.<br \/>\nEl atleta que forma parte del Crismanich Team sum\u00f3 experiencia en varias competencias internacionales de mayores y ahora se encuentra en M\u00e9xico en un campus de entrenamiento. Viajar\u00e1 a Asunci\u00f3n el 11 de agosto.<\/p>\n<p>En tanto que Domingo Meza ser\u00e1 uno de los seis pesistas que llevar\u00e1 Argentina para competir en la capital paraguaya.<\/p>\n<p>El correntino logr\u00f3 su clasificaci\u00f3n al ser el n\u00famero uno del r\u00e1nking nacional en la categor\u00eda hasta 60 kg. de peso corporal y viene de conseguir el cuarto puesto en el Campeonato Panamericano Juvenil de levantamiento de pesas que se disput\u00f3 en La Habana, Cuba.<\/p>\n<p>En su preparaci\u00f3n hacia Asunci\u00f3n, el representante de Corrientes Pesas entren\u00f3 y gan\u00f3 una competencia en la capital paraguaya y estuvo recientemente en Buenos Aires donde concentr\u00f3 con la selecci\u00f3n Argentina y compiti\u00f3 logrando tres r\u00e9cords nacionales.<br \/>\nMeza viajar\u00e1 a la capital paraguaya el 16 de agosto y competir\u00e1 en la categor\u00eda hasta 65 kg. de peso corporal.<\/p>\n<p>Los Juegos Panamericanos Junior reunir\u00e1n a 3500 atletas de todo el continente, de entre los 17 y 23 a\u00f1os, en 28 deportes. Argentina tiene 342 atletas clasificados (174 hombres y 168 mujeres) y tendr\u00e1 representaci\u00f3n en todos las disciplinas de este evento multideportivo.<\/p>\n<p>&nbsp;<\/p>\n<p>&nbsp;<\/p>\n","protected":false},"excerpt":{"rendered":"<p>La delegaci\u00f3n argentina contar\u00e1 con Sof\u00eda Meabe (tenis), Ignacio Esp\u00ednola Serial (taekwondo) y Domingo Meza (pesas). Los II Juegos Panamericanos Junior Asunci\u00f3n 2025 se llevar\u00e1n a cabo del 9 al 23 de agosto, Argentina dir\u00e1 presente con 338 atletas (172 varones y 166 mujeres) m\u00e1s cuatro atletas de reserva en hockey y Corrientes contar\u00e1 con [&hellip;]<\/p>\n","protected":false},"author":4,"featured_media":193203,"comment_status":"closed","ping_status":"closed","sticky":false,"template":"","format":"standard","meta":{"_joinchat":[],"footnotes":""},"categories":[28],"tags":[],"class_list":{"0":"post-193202","1":"post","2":"type-post","3":"status-publish","4":"format-standard","5":"has-post-thumbnail","7":"category-deportes"},"yoast_head":"<!-- This site is optimized with the Yoast SEO plugin v27.2 - https:\/\/yoast.com\/product\/yoast-seo-wordpress\/ -->\n<title>Corrientes tendr\u00e1 tres representantes en los Panamericanos Junior - Radio Infinita Goya<\/title>\n<meta name=\"description\" content=\"La delegaci\u00f3n argentina contar\u00e1 con Sof\u00eda Meabe (tenis), Ignacio Esp\u00ednola Serial (taekwondo) y Domingo Meza (pesas). Los II Juegos Panamericanos Junior\" \/>\n<meta name=\"robots\" content=\"index, follow, max-snippet:-1, max-image-preview:large, max-video-preview:-1\" \/>\n<link rel=\"canonical\" href=\"https:\/\/radioinfinitagoya.com.ar\/v1\/2025\/07\/22\/corrientes-tendra-tres-representantes-en-los-panamericanos-junior\/\" \/>\n<meta property=\"og:locale\" content=\"es_ES\" \/>\n<meta property=\"og:type\" content=\"article\" \/>\n<meta property=\"og:title\" content=\"Corrientes tendr\u00e1 tres representantes en los Panamericanos Junior - Radio Infinita Goya\" \/>\n<meta property=\"og:description\" content=\"La delegaci\u00f3n argentina contar\u00e1 con Sof\u00eda Meabe (tenis), Ignacio Esp\u00ednola Serial (taekwondo) y Domingo Meza (pesas). Los II Juegos Panamericanos Junior\" \/>\n<meta property=\"og:url\" content=\"https:\/\/radioinfinitagoya.com.ar\/v1\/2025\/07\/22\/corrientes-tendra-tres-representantes-en-los-panamericanos-junior\/\" \/>\n<meta property=\"og:site_name\" content=\"Radio Infinita Goya\" \/>\n<meta property=\"article:publisher\" content=\"https:\/\/www.facebook.com\/p\/Infinita-Goya-100063870918311\/\" \/>\n<meta property=\"article:published_time\" content=\"2025-07-22T20:32:56+00:00\" \/>\n<meta property=\"og:image\" content=\"https:\/\/radioinfinitagoya.com.ar\/v1\/wp-content\/uploads\/2025\/07\/1753134692373.webp\" \/>\n\t<meta property=\"og:image:width\" content=\"1200\" \/>\n\t<meta property=\"og:image:height\" content=\"675\" \/>\n\t<meta property=\"og:image:type\" content=\"image\/webp\" \/>\n<meta name=\"author\" content=\"Jorge Mi\u00f1o\" \/>\n<meta name=\"twitter:card\" content=\"summary_large_image\" \/>\n<meta name=\"twitter:label1\" content=\"Escrito por\" \/>\n\t<meta name=\"twitter:data1\" content=\"Jorge Mi\u00f1o\" \/>\n\t<meta name=\"twitter:label2\" content=\"Tiempo de lectura\" \/>\n\t<meta name=\"twitter:data2\" content=\"3 minutos\" \/>\n<script type=\"application\/ld+json\" class=\"yoast-schema-graph\">{\"@context\":\"https:\/\/schema.org\",\"@graph\":[{\"@type\":\"Article\",\"@id\":\"https:\/\/radioinfinitagoya.com.ar\/v1\/2025\/07\/22\/corrientes-tendra-tres-representantes-en-los-panamericanos-junior\/#article\",\"isPartOf\":{\"@id\":\"https:\/\/radioinfinitagoya.com.ar\/v1\/2025\/07\/22\/corrientes-tendra-tres-representantes-en-los-panamericanos-junior\/\"},\"author\":{\"name\":\"Jorge Mi\u00f1o\",\"@id\":\"https:\/\/radioinfinitagoya.com.ar\/v1\/#\/schema\/person\/d4cf9c413d4f6edb24aabdccab49ca4a\"},\"headline\":\"Corrientes tendr\u00e1 tres representantes en los Panamericanos Junior\",\"datePublished\":\"2025-07-22T20:32:56+00:00\",\"mainEntityOfPage\":{\"@id\":\"https:\/\/radioinfinitagoya.com.ar\/v1\/2025\/07\/22\/corrientes-tendra-tres-representantes-en-los-panamericanos-junior\/\"},\"wordCount\":530,\"publisher\":{\"@id\":\"https:\/\/radioinfinitagoya.com.ar\/v1\/#organization\"},\"image\":{\"@id\":\"https:\/\/radioinfinitagoya.com.ar\/v1\/2025\/07\/22\/corrientes-tendra-tres-representantes-en-los-panamericanos-junior\/#primaryimage\"},\"thumbnailUrl\":\"https:\/\/radioinfinitagoya.com.ar\/v1\/wp-content\/uploads\/2025\/07\/1753134692373.webp\",\"articleSection\":[\"DEPORTES\"],\"inLanguage\":\"es-AR\"},{\"@type\":\"WebPage\",\"@id\":\"https:\/\/radioinfinitagoya.com.ar\/v1\/2025\/07\/22\/corrientes-tendra-tres-representantes-en-los-panamericanos-junior\/\",\"url\":\"https:\/\/radioinfinitagoya.com.ar\/v1\/2025\/07\/22\/corrientes-tendra-tres-representantes-en-los-panamericanos-junior\/\",\"name\":\"Corrientes tendr\u00e1 tres representantes en los Panamericanos Junior - Radio Infinita Goya\",\"isPartOf\":{\"@id\":\"https:\/\/radioinfinitagoya.com.ar\/v1\/#website\"},\"primaryImageOfPage\":{\"@id\":\"https:\/\/radioinfinitagoya.com.ar\/v1\/2025\/07\/22\/corrientes-tendra-tres-representantes-en-los-panamericanos-junior\/#primaryimage\"},\"image\":{\"@id\":\"https:\/\/radioinfinitagoya.com.ar\/v1\/2025\/07\/22\/corrientes-tendra-tres-representantes-en-los-panamericanos-junior\/#primaryimage\"},\"thumbnailUrl\":\"https:\/\/radioinfinitagoya.com.ar\/v1\/wp-content\/uploads\/2025\/07\/1753134692373.webp\",\"datePublished\":\"2025-07-22T20:32:56+00:00\",\"description\":\"La delegaci\u00f3n argentina contar\u00e1 con Sof\u00eda Meabe (tenis), Ignacio Esp\u00ednola Serial (taekwondo) y Domingo Meza (pesas). Los II Juegos Panamericanos Junior\",\"breadcrumb\":{\"@id\":\"https:\/\/radioinfinitagoya.com.ar\/v1\/2025\/07\/22\/corrientes-tendra-tres-representantes-en-los-panamericanos-junior\/#breadcrumb\"},\"inLanguage\":\"es-AR\",\"potentialAction\":[{\"@type\":\"ReadAction\",\"target\":[\"https:\/\/radioinfinitagoya.com.ar\/v1\/2025\/07\/22\/corrientes-tendra-tres-representantes-en-los-panamericanos-junior\/\"]}]},{\"@type\":\"ImageObject\",\"inLanguage\":\"es-AR\",\"@id\":\"https:\/\/radioinfinitagoya.com.ar\/v1\/2025\/07\/22\/corrientes-tendra-tres-representantes-en-los-panamericanos-junior\/#primaryimage\",\"url\":\"https:\/\/radioinfinitagoya.com.ar\/v1\/wp-content\/uploads\/2025\/07\/1753134692373.webp\",\"contentUrl\":\"https:\/\/radioinfinitagoya.com.ar\/v1\/wp-content\/uploads\/2025\/07\/1753134692373.webp\",\"width\":1200,\"height\":675},{\"@type\":\"BreadcrumbList\",\"@id\":\"https:\/\/radioinfinitagoya.com.ar\/v1\/2025\/07\/22\/corrientes-tendra-tres-representantes-en-los-panamericanos-junior\/#breadcrumb\",\"itemListElement\":[{\"@type\":\"ListItem\",\"position\":1,\"name\":\"Inicio\",\"item\":\"https:\/\/radioinfinitagoya.com.ar\/v1\/\"},{\"@type\":\"ListItem\",\"position\":2,\"name\":\"Corrientes tendr\u00e1 tres representantes en los Panamericanos Junior\"}]},{\"@type\":\"WebSite\",\"@id\":\"https:\/\/radioinfinitagoya.com.ar\/v1\/#website\",\"url\":\"https:\/\/radioinfinitagoya.com.ar\/v1\/\",\"name\":\"radioinfinitagoya.com.ar\",\"description\":\"Radio de noticias\",\"publisher\":{\"@id\":\"https:\/\/radioinfinitagoya.com.ar\/v1\/#organization\"},\"potentialAction\":[{\"@type\":\"SearchAction\",\"target\":{\"@type\":\"EntryPoint\",\"urlTemplate\":\"https:\/\/radioinfinitagoya.com.ar\/v1\/?s={search_term_string}\"},\"query-input\":{\"@type\":\"PropertyValueSpecification\",\"valueRequired\":true,\"valueName\":\"search_term_string\"}}],\"inLanguage\":\"es-AR\"},{\"@type\":\"Organization\",\"@id\":\"https:\/\/radioinfinitagoya.com.ar\/v1\/#organization\",\"name\":\"Radio Infinita Goya\",\"url\":\"https:\/\/radioinfinitagoya.com.ar\/v1\/\",\"logo\":{\"@type\":\"ImageObject\",\"inLanguage\":\"es-AR\",\"@id\":\"https:\/\/radioinfinitagoya.com.ar\/v1\/#\/schema\/logo\/image\/\",\"url\":\"https:\/\/radioinfinitagoya.com.ar\/v1\/wp-content\/uploads\/2019\/11\/logo-pie-web.png\",\"contentUrl\":\"https:\/\/radioinfinitagoya.com.ar\/v1\/wp-content\/uploads\/2019\/11\/logo-pie-web.png\",\"width\":635,\"height\":326,\"caption\":\"Radio Infinita Goya\"},\"image\":{\"@id\":\"https:\/\/radioinfinitagoya.com.ar\/v1\/#\/schema\/logo\/image\/\"},\"sameAs\":[\"https:\/\/www.facebook.com\/p\/Infinita-Goya-100063870918311\/\"]},{\"@type\":\"Person\",\"@id\":\"https:\/\/radioinfinitagoya.com.ar\/v1\/#\/schema\/person\/d4cf9c413d4f6edb24aabdccab49ca4a\",\"name\":\"Jorge Mi\u00f1o\",\"image\":{\"@type\":\"ImageObject\",\"inLanguage\":\"es-AR\",\"@id\":\"https:\/\/secure.gravatar.com\/avatar\/910fcf6728fe95320e07a6643c1581fec1c7fc4bf8ae12e3d8f0d0373dc844be?s=96&d=mm&r=g\",\"url\":\"https:\/\/secure.gravatar.com\/avatar\/910fcf6728fe95320e07a6643c1581fec1c7fc4bf8ae12e3d8f0d0373dc844be?s=96&d=mm&r=g\",\"contentUrl\":\"https:\/\/secure.gravatar.com\/avatar\/910fcf6728fe95320e07a6643c1581fec1c7fc4bf8ae12e3d8f0d0373dc844be?s=96&d=mm&r=g\",\"caption\":\"Jorge Mi\u00f1o\"},\"sameAs\":[\"http:\/\/radioinfinitagoya.com.ar\"]}]}<\/script>\n<!-- \/ Yoast SEO plugin. -->","yoast_head_json":{"title":"Corrientes tendr\u00e1 tres representantes en los Panamericanos Junior - Radio Infinita Goya","description":"La delegaci\u00f3n argentina contar\u00e1 con Sof\u00eda Meabe (tenis), Ignacio Esp\u00ednola Serial (taekwondo) y Domingo Meza (pesas). Los II Juegos Panamericanos Junior","robots":{"index":"index","follow":"follow","max-snippet":"max-snippet:-1","max-image-preview":"max-image-preview:large","max-video-preview":"max-video-preview:-1"},"canonical":"https:\/\/radioinfinitagoya.com.ar\/v1\/2025\/07\/22\/corrientes-tendra-tres-representantes-en-los-panamericanos-junior\/","og_locale":"es_ES","og_type":"article","og_title":"Corrientes tendr\u00e1 tres representantes en los Panamericanos Junior - Radio Infinita Goya","og_description":"La delegaci\u00f3n argentina contar\u00e1 con Sof\u00eda Meabe (tenis), Ignacio Esp\u00ednola Serial (taekwondo) y Domingo Meza (pesas). Los II Juegos Panamericanos Junior","og_url":"https:\/\/radioinfinitagoya.com.ar\/v1\/2025\/07\/22\/corrientes-tendra-tres-representantes-en-los-panamericanos-junior\/","og_site_name":"Radio Infinita Goya","article_publisher":"https:\/\/www.facebook.com\/p\/Infinita-Goya-100063870918311\/","article_published_time":"2025-07-22T20:32:56+00:00","og_image":[{"width":1200,"height":675,"url":"https:\/\/radioinfinitagoya.com.ar\/v1\/wp-content\/uploads\/2025\/07\/1753134692373.webp","type":"image\/webp"}],"author":"Jorge Mi\u00f1o","twitter_card":"summary_large_image","twitter_misc":{"Escrito por":"Jorge Mi\u00f1o","Tiempo de lectura":"3 minutos"},"schema":{"@context":"https:\/\/schema.org","@graph":[{"@type":"Article","@id":"https:\/\/radioinfinitagoya.com.ar\/v1\/2025\/07\/22\/corrientes-tendra-tres-representantes-en-los-panamericanos-junior\/#article","isPartOf":{"@id":"https:\/\/radioinfinitagoya.com.ar\/v1\/2025\/07\/22\/corrientes-tendra-tres-representantes-en-los-panamericanos-junior\/"},"author":{"name":"Jorge Mi\u00f1o","@id":"https:\/\/radioinfinitagoya.com.ar\/v1\/#\/schema\/person\/d4cf9c413d4f6edb24aabdccab49ca4a"},"headline":"Corrientes tendr\u00e1 tres representantes en los Panamericanos Junior","datePublished":"2025-07-22T20:32:56+00:00","mainEntityOfPage":{"@id":"https:\/\/radioinfinitagoya.com.ar\/v1\/2025\/07\/22\/corrientes-tendra-tres-representantes-en-los-panamericanos-junior\/"},"wordCount":530,"publisher":{"@id":"https:\/\/radioinfinitagoya.com.ar\/v1\/#organization"},"image":{"@id":"https:\/\/radioinfinitagoya.com.ar\/v1\/2025\/07\/22\/corrientes-tendra-tres-representantes-en-los-panamericanos-junior\/#primaryimage"},"thumbnailUrl":"https:\/\/radioinfinitagoya.com.ar\/v1\/wp-content\/uploads\/2025\/07\/1753134692373.webp","articleSection":["DEPORTES"],"inLanguage":"es-AR"},{"@type":"WebPage","@id":"https:\/\/radioinfinitagoya.com.ar\/v1\/2025\/07\/22\/corrientes-tendra-tres-representantes-en-los-panamericanos-junior\/","url":"https:\/\/radioinfinitagoya.com.ar\/v1\/2025\/07\/22\/corrientes-tendra-tres-representantes-en-los-panamericanos-junior\/","name":"Corrientes tendr\u00e1 tres representantes en los Panamericanos Junior - Radio Infinita Goya","isPartOf":{"@id":"https:\/\/radioinfinitagoya.com.ar\/v1\/#website"},"primaryImageOfPage":{"@id":"https:\/\/radioinfinitagoya.com.ar\/v1\/2025\/07\/22\/corrientes-tendra-tres-representantes-en-los-panamericanos-junior\/#primaryimage"},"image":{"@id":"https:\/\/radioinfinitagoya.com.ar\/v1\/2025\/07\/22\/corrientes-tendra-tres-representantes-en-los-panamericanos-junior\/#primaryimage"},"thumbnailUrl":"https:\/\/radioinfinitagoya.com.ar\/v1\/wp-content\/uploads\/2025\/07\/1753134692373.webp","datePublished":"2025-07-22T20:32:56+00:00","description":"La delegaci\u00f3n argentina contar\u00e1 con Sof\u00eda Meabe (tenis), Ignacio Esp\u00ednola Serial (taekwondo) y Domingo Meza (pesas). Los II Juegos Panamericanos Junior","breadcrumb":{"@id":"https:\/\/radioinfinitagoya.com.ar\/v1\/2025\/07\/22\/corrientes-tendra-tres-representantes-en-los-panamericanos-junior\/#breadcrumb"},"inLanguage":"es-AR","potentialAction":[{"@type":"ReadAction","target":["https:\/\/radioinfinitagoya.com.ar\/v1\/2025\/07\/22\/corrientes-tendra-tres-representantes-en-los-panamericanos-junior\/"]}]},{"@type":"ImageObject","inLanguage":"es-AR","@id":"https:\/\/radioinfinitagoya.com.ar\/v1\/2025\/07\/22\/corrientes-tendra-tres-representantes-en-los-panamericanos-junior\/#primaryimage","url":"https:\/\/radioinfinitagoya.com.ar\/v1\/wp-content\/uploads\/2025\/07\/1753134692373.webp","contentUrl":"https:\/\/radioinfinitagoya.com.ar\/v1\/wp-content\/uploads\/2025\/07\/1753134692373.webp","width":1200,"height":675},{"@type":"BreadcrumbList","@id":"https:\/\/radioinfinitagoya.com.ar\/v1\/2025\/07\/22\/corrientes-tendra-tres-representantes-en-los-panamericanos-junior\/#breadcrumb","itemListElement":[{"@type":"ListItem","position":1,"name":"Inicio","item":"https:\/\/radioinfinitagoya.com.ar\/v1\/"},{"@type":"ListItem","position":2,"name":"Corrientes tendr\u00e1 tres representantes en los Panamericanos Junior"}]},{"@type":"WebSite","@id":"https:\/\/radioinfinitagoya.com.ar\/v1\/#website","url":"https:\/\/radioinfinitagoya.com.ar\/v1\/","name":"radioinfinitagoya.com.ar","description":"Radio de noticias","publisher":{"@id":"https:\/\/radioinfinitagoya.com.ar\/v1\/#organization"},"potentialAction":[{"@type":"SearchAction","target":{"@type":"EntryPoint","urlTemplate":"https:\/\/radioinfinitagoya.com.ar\/v1\/?s={search_term_string}"},"query-input":{"@type":"PropertyValueSpecification","valueRequired":true,"valueName":"search_term_string"}}],"inLanguage":"es-AR"},{"@type":"Organization","@id":"https:\/\/radioinfinitagoya.com.ar\/v1\/#organization","name":"Radio Infinita Goya","url":"https:\/\/radioinfinitagoya.com.ar\/v1\/","logo":{"@type":"ImageObject","inLanguage":"es-AR","@id":"https:\/\/radioinfinitagoya.com.ar\/v1\/#\/schema\/logo\/image\/","url":"https:\/\/radioinfinitagoya.com.ar\/v1\/wp-content\/uploads\/2019\/11\/logo-pie-web.png","contentUrl":"https:\/\/radioinfinitagoya.com.ar\/v1\/wp-content\/uploads\/2019\/11\/logo-pie-web.png","width":635,"height":326,"caption":"Radio Infinita Goya"},"image":{"@id":"https:\/\/radioinfinitagoya.com.ar\/v1\/#\/schema\/logo\/image\/"},"sameAs":["https:\/\/www.facebook.com\/p\/Infinita-Goya-100063870918311\/"]},{"@type":"Person","@id":"https:\/\/radioinfinitagoya.com.ar\/v1\/#\/schema\/person\/d4cf9c413d4f6edb24aabdccab49ca4a","name":"Jorge Mi\u00f1o","image":{"@type":"ImageObject","inLanguage":"es-AR","@id":"https:\/\/secure.gravatar.com\/avatar\/910fcf6728fe95320e07a6643c1581fec1c7fc4bf8ae12e3d8f0d0373dc844be?s=96&d=mm&r=g","url":"https:\/\/secure.gravatar.com\/avatar\/910fcf6728fe95320e07a6643c1581fec1c7fc4bf8ae12e3d8f0d0373dc844be?s=96&d=mm&r=g","contentUrl":"https:\/\/secure.gravatar.com\/avatar\/910fcf6728fe95320e07a6643c1581fec1c7fc4bf8ae12e3d8f0d0373dc844be?s=96&d=mm&r=g","caption":"Jorge Mi\u00f1o"},"sameAs":["http:\/\/radioinfinitagoya.com.ar"]}]}},"_links":{"self":[{"href":"https:\/\/radioinfinitagoya.com.ar\/v1\/wp-json\/wp\/v2\/posts\/193202","targetHints":{"allow":["GET"]}}],"collection":[{"href":"https:\/\/radioinfinitagoya.com.ar\/v1\/wp-json\/wp\/v2\/posts"}],"about":[{"href":"https:\/\/radioinfinitagoya.com.ar\/v1\/wp-json\/wp\/v2\/types\/post"}],"author":[{"embeddable":true,"href":"https:\/\/radioinfinitagoya.com.ar\/v1\/wp-json\/wp\/v2\/users\/4"}],"replies":[{"embeddable":true,"href":"https:\/\/radioinfinitagoya.com.ar\/v1\/wp-json\/wp\/v2\/comments?post=193202"}],"version-history":[{"count":0,"href":"https:\/\/radioinfinitagoya.com.ar\/v1\/wp-json\/wp\/v2\/posts\/193202\/revisions"}],"wp:featuredmedia":[{"embeddable":true,"href":"https:\/\/radioinfinitagoya.com.ar\/v1\/wp-json\/wp\/v2\/media\/193203"}],"wp:attachment":[{"href":"https:\/\/radioinfinitagoya.com.ar\/v1\/wp-json\/wp\/v2\/media?parent=193202"}],"wp:term":[{"taxonomy":"category","embeddable":true,"href":"https:\/\/radioinfinitagoya.com.ar\/v1\/wp-json\/wp\/v2\/categories?post=193202"},{"taxonomy":"post_tag","embeddable":true,"href":"https:\/\/radioinfinitagoya.com.ar\/v1\/wp-json\/wp\/v2\/tags?post=193202"}],"curies":[{"name":"wp","href":"https:\/\/api.w.org\/{rel}","templated":true}]}}