{"id":193205,"date":"2025-07-22T17:36:58","date_gmt":"2025-07-22T20:36:58","guid":{"rendered":"https:\/\/radioinfinitagoya.com.ar\/v1\/?p=193205"},"modified":"2025-07-22T17:36:58","modified_gmt":"2025-07-22T20:36:58","slug":"el-acv-que-sufrio-la-locomotora-oliveras-le-provoco-un-dano-irreversible","status":"publish","type":"post","link":"https:\/\/radioinfinitagoya.com.ar\/v1\/2025\/07\/22\/el-acv-que-sufrio-la-locomotora-oliveras-le-provoco-un-dano-irreversible\/","title":{"rendered":"El ACV que sufri\u00f3 la &#8220;Locomotora&#8221; Oliveras le provoc\u00f3 un &#8220;da\u00f1o irreversible&#8221;"},"content":{"rendered":"<p>El informe de este martes da cuenta que la exboxeadora est\u00e1 con asistencia mec\u00e1nica respiratoria. &#8220;La lesi\u00f3n neurol\u00f3gica que ella tiene es grave&#8221;, aseguraron desde el Hospital Jos\u00e9 Mar\u00eda Cull\u00e9n.<\/p>\n<p>Alejandra &#8220;Locomotora&#8221; Oliveras (47) sigue cl\u00ednica y neurol\u00f3gicamente estable, pero su cuadro es extremadamente cr\u00edtico y permanece internada en terapia intensiva por el ACV isqu\u00e9mico que sufri\u00f3 hace 8 d\u00edas. La exboxeadora tiene asistencia mec\u00e1nica respiratoria y los m\u00e9dicos que la asisten explicaron que no est\u00e1n dadas las condiciones para retirarle este soporte vital porque hoy &#8220;su vida depende de ello&#8221;.<\/p>\n<p>Adem\u00e1s, se inform\u00f3 que el ACV provoc\u00f3 un &#8220;da\u00f1o irreversible&#8221; en el hemisferio del cerebro donde se produjo la isquemia, aunque los m\u00e9dicos aclararon que a\u00fan no est\u00e1 claro qu\u00e9 secuelas cognitivas o de motricidad puede provocar. En los informes previos hab\u00edan contado que Oliveras sufri\u00f3 una p\u00e9rdida de movilidad de toda la parte izquierda del cuerpo.<\/p>\n<p>El estado de salud de la convencional constituyente electa fue actualizado este martes 22 julio, en el parte m\u00e9dico que se difundi\u00f3 en el Hospital Jos\u00e9 Mar\u00eda Cull\u00e9n, de la provincia de Santa Fe. Esta vez, adem\u00e1s del director Bruno Moroni, estuvo presente el jefe de terapia intensiva, doctor Carrizo.<\/p>\n<p>&#8220;Alejandra se encuentra internada en terapia intensiva, con asistencia mec\u00e1nica respiratoria, con los par\u00e1metros cl\u00ednicos estables, y con un monitoreo permanente de la parte neurol\u00f3gica&#8221;, explic\u00f3 Moroni y detall\u00f3 que en las \u00faltimas 24 horas permaneci\u00f3 estable.<\/p>\n<p>&#8220;Desde el punto de vista cl\u00ednico, necesita la asistencia respiratoria mec\u00e1nica. El sistema nervioso es el que regula el funcionamiento de todos los \u00f3rganos, sobre todo los m\u00e1s importantes, la parte cardiovascular y respiratoria. La lesi\u00f3n neurol\u00f3gica que ella tiene es grave y afecta un hemisferio cerebral, por lo tanto, necesita la asistencia respiratoria, medicaci\u00f3n para la hidrataci\u00f3n, alimentaci\u00f3n, analg\u00e9sicos y monitoreo neurol\u00f3gico&#8221;, detall\u00f3 Carrizo.<\/p>\n<p>&#8220;Moment\u00e1neamente, no se puede hacer otro tipo de tratamiento, porque en el per\u00edodo que est\u00e1 ella lo m\u00e1s importante es la estabilidad cl\u00ednica. No se plantea retirar la asistencia respiratoria mec\u00e1nica porque no est\u00e1 en condiciones para eso&#8221;, agreg\u00f3<\/p>\n<p>Al ser consultado sobre si la lesi\u00f3n cerebral que sufri\u00f3 es irreversible, el experto respondi\u00f3: &#8220;Si hablamos de funcionalidad de esa \u00e1rea del cerebro, s\u00ed. Pero estamos hablando de esa \u00e1rea del cerebro. No de la irreversibilidad de su cuadro cl\u00ednico neurol\u00f3gico&#8221;.<\/p>\n<p>El experto fue cauto cuando le preguntaron por las secuelas que puede sufrir la ex campeona del mundo por esta lesi\u00f3n y sostuvo que a\u00fan no es posible determinarlas. &#8220;Todav\u00eda estamos en una fase en la que lo m\u00e1s importante es sostener la comida y tratar de sostener el funcionamiento de sus \u00f3rganos. Entonces no es momento para hablar de secuelas. Es una charla que tenemos a diario con la familia, que tambi\u00e9n nos lo pregunta&#8221;.<\/p>\n","protected":false},"excerpt":{"rendered":"<p>El informe de este martes da cuenta que la exboxeadora est\u00e1 con asistencia mec\u00e1nica respiratoria. &#8220;La lesi\u00f3n neurol\u00f3gica que ella tiene es grave&#8221;, aseguraron desde el Hospital Jos\u00e9 Mar\u00eda Cull\u00e9n. Alejandra &#8220;Locomotora&#8221; Oliveras (47) sigue cl\u00ednica y neurol\u00f3gicamente estable, pero su cuadro es extremadamente cr\u00edtico y permanece internada en terapia intensiva por el ACV isqu\u00e9mico [&hellip;]<\/p>\n","protected":false},"author":4,"featured_media":193206,"comment_status":"closed","ping_status":"closed","sticky":false,"template":"","format":"standard","meta":{"_joinchat":[],"footnotes":""},"categories":[28],"tags":[],"class_list":{"0":"post-193205","1":"post","2":"type-post","3":"status-publish","4":"format-standard","5":"has-post-thumbnail","7":"category-deportes"},"yoast_head":"<!-- This site is optimized with the Yoast SEO plugin v27.2 - https:\/\/yoast.com\/product\/yoast-seo-wordpress\/ -->\n<title>El ACV que sufri\u00f3 la &quot;Locomotora&quot; Oliveras le provoc\u00f3 un &quot;da\u00f1o irreversible&quot; - Radio Infinita Goya<\/title>\n<meta name=\"description\" content=\"El informe de este martes da cuenta que la exboxeadora est\u00e1 con asistencia mec\u00e1nica respiratoria. &quot;La lesi\u00f3n neurol\u00f3gica que ella tiene es grave&quot;,\" \/>\n<meta name=\"robots\" content=\"index, follow, max-snippet:-1, max-image-preview:large, max-video-preview:-1\" \/>\n<link rel=\"canonical\" href=\"https:\/\/radioinfinitagoya.com.ar\/v1\/2025\/07\/22\/el-acv-que-sufrio-la-locomotora-oliveras-le-provoco-un-dano-irreversible\/\" \/>\n<meta property=\"og:locale\" content=\"es_ES\" \/>\n<meta property=\"og:type\" content=\"article\" \/>\n<meta property=\"og:title\" content=\"El ACV que sufri\u00f3 la &quot;Locomotora&quot; Oliveras le provoc\u00f3 un &quot;da\u00f1o irreversible&quot; - Radio Infinita Goya\" \/>\n<meta property=\"og:description\" content=\"El informe de este martes da cuenta que la exboxeadora est\u00e1 con asistencia mec\u00e1nica respiratoria. &quot;La lesi\u00f3n neurol\u00f3gica que ella tiene es grave&quot;,\" \/>\n<meta property=\"og:url\" content=\"https:\/\/radioinfinitagoya.com.ar\/v1\/2025\/07\/22\/el-acv-que-sufrio-la-locomotora-oliveras-le-provoco-un-dano-irreversible\/\" \/>\n<meta property=\"og:site_name\" content=\"Radio Infinita Goya\" \/>\n<meta property=\"article:publisher\" content=\"https:\/\/www.facebook.com\/p\/Infinita-Goya-100063870918311\/\" \/>\n<meta property=\"article:published_time\" content=\"2025-07-22T20:36:58+00:00\" \/>\n<meta property=\"og:image\" content=\"https:\/\/radioinfinitagoya.com.ar\/v1\/wp-content\/uploads\/2025\/07\/GwBHj_TXIAALMox.jpg\" \/>\n\t<meta property=\"og:image:width\" content=\"680\" \/>\n\t<meta property=\"og:image:height\" content=\"383\" \/>\n\t<meta property=\"og:image:type\" content=\"image\/jpeg\" \/>\n<meta name=\"author\" content=\"Jorge Mi\u00f1o\" \/>\n<meta name=\"twitter:card\" content=\"summary_large_image\" \/>\n<meta name=\"twitter:label1\" content=\"Escrito por\" \/>\n\t<meta name=\"twitter:data1\" content=\"Jorge Mi\u00f1o\" \/>\n\t<meta name=\"twitter:label2\" content=\"Tiempo de lectura\" \/>\n\t<meta name=\"twitter:data2\" content=\"3 minutos\" \/>\n<script type=\"application\/ld+json\" class=\"yoast-schema-graph\">{\"@context\":\"https:\/\/schema.org\",\"@graph\":[{\"@type\":\"Article\",\"@id\":\"https:\/\/radioinfinitagoya.com.ar\/v1\/2025\/07\/22\/el-acv-que-sufrio-la-locomotora-oliveras-le-provoco-un-dano-irreversible\/#article\",\"isPartOf\":{\"@id\":\"https:\/\/radioinfinitagoya.com.ar\/v1\/2025\/07\/22\/el-acv-que-sufrio-la-locomotora-oliveras-le-provoco-un-dano-irreversible\/\"},\"author\":{\"name\":\"Jorge Mi\u00f1o\",\"@id\":\"https:\/\/radioinfinitagoya.com.ar\/v1\/#\/schema\/person\/d4cf9c413d4f6edb24aabdccab49ca4a\"},\"headline\":\"El ACV que sufri\u00f3 la &#8220;Locomotora&#8221; Oliveras le provoc\u00f3 un &#8220;da\u00f1o irreversible&#8221;\",\"datePublished\":\"2025-07-22T20:36:58+00:00\",\"mainEntityOfPage\":{\"@id\":\"https:\/\/radioinfinitagoya.com.ar\/v1\/2025\/07\/22\/el-acv-que-sufrio-la-locomotora-oliveras-le-provoco-un-dano-irreversible\/\"},\"wordCount\":516,\"publisher\":{\"@id\":\"https:\/\/radioinfinitagoya.com.ar\/v1\/#organization\"},\"image\":{\"@id\":\"https:\/\/radioinfinitagoya.com.ar\/v1\/2025\/07\/22\/el-acv-que-sufrio-la-locomotora-oliveras-le-provoco-un-dano-irreversible\/#primaryimage\"},\"thumbnailUrl\":\"https:\/\/radioinfinitagoya.com.ar\/v1\/wp-content\/uploads\/2025\/07\/GwBHj_TXIAALMox.jpg\",\"articleSection\":[\"DEPORTES\"],\"inLanguage\":\"es-AR\"},{\"@type\":\"WebPage\",\"@id\":\"https:\/\/radioinfinitagoya.com.ar\/v1\/2025\/07\/22\/el-acv-que-sufrio-la-locomotora-oliveras-le-provoco-un-dano-irreversible\/\",\"url\":\"https:\/\/radioinfinitagoya.com.ar\/v1\/2025\/07\/22\/el-acv-que-sufrio-la-locomotora-oliveras-le-provoco-un-dano-irreversible\/\",\"name\":\"El ACV que sufri\u00f3 la \\\"Locomotora\\\" Oliveras le provoc\u00f3 un \\\"da\u00f1o irreversible\\\" - Radio Infinita Goya\",\"isPartOf\":{\"@id\":\"https:\/\/radioinfinitagoya.com.ar\/v1\/#website\"},\"primaryImageOfPage\":{\"@id\":\"https:\/\/radioinfinitagoya.com.ar\/v1\/2025\/07\/22\/el-acv-que-sufrio-la-locomotora-oliveras-le-provoco-un-dano-irreversible\/#primaryimage\"},\"image\":{\"@id\":\"https:\/\/radioinfinitagoya.com.ar\/v1\/2025\/07\/22\/el-acv-que-sufrio-la-locomotora-oliveras-le-provoco-un-dano-irreversible\/#primaryimage\"},\"thumbnailUrl\":\"https:\/\/radioinfinitagoya.com.ar\/v1\/wp-content\/uploads\/2025\/07\/GwBHj_TXIAALMox.jpg\",\"datePublished\":\"2025-07-22T20:36:58+00:00\",\"description\":\"El informe de este martes da cuenta que la exboxeadora est\u00e1 con asistencia mec\u00e1nica respiratoria. \\\"La lesi\u00f3n neurol\u00f3gica que ella tiene es grave\\\",\",\"breadcrumb\":{\"@id\":\"https:\/\/radioinfinitagoya.com.ar\/v1\/2025\/07\/22\/el-acv-que-sufrio-la-locomotora-oliveras-le-provoco-un-dano-irreversible\/#breadcrumb\"},\"inLanguage\":\"es-AR\",\"potentialAction\":[{\"@type\":\"ReadAction\",\"target\":[\"https:\/\/radioinfinitagoya.com.ar\/v1\/2025\/07\/22\/el-acv-que-sufrio-la-locomotora-oliveras-le-provoco-un-dano-irreversible\/\"]}]},{\"@type\":\"ImageObject\",\"inLanguage\":\"es-AR\",\"@id\":\"https:\/\/radioinfinitagoya.com.ar\/v1\/2025\/07\/22\/el-acv-que-sufrio-la-locomotora-oliveras-le-provoco-un-dano-irreversible\/#primaryimage\",\"url\":\"https:\/\/radioinfinitagoya.com.ar\/v1\/wp-content\/uploads\/2025\/07\/GwBHj_TXIAALMox.jpg\",\"contentUrl\":\"https:\/\/radioinfinitagoya.com.ar\/v1\/wp-content\/uploads\/2025\/07\/GwBHj_TXIAALMox.jpg\",\"width\":680,\"height\":383},{\"@type\":\"BreadcrumbList\",\"@id\":\"https:\/\/radioinfinitagoya.com.ar\/v1\/2025\/07\/22\/el-acv-que-sufrio-la-locomotora-oliveras-le-provoco-un-dano-irreversible\/#breadcrumb\",\"itemListElement\":[{\"@type\":\"ListItem\",\"position\":1,\"name\":\"Inicio\",\"item\":\"https:\/\/radioinfinitagoya.com.ar\/v1\/\"},{\"@type\":\"ListItem\",\"position\":2,\"name\":\"El ACV que sufri\u00f3 la &#8220;Locomotora&#8221; Oliveras le provoc\u00f3 un &#8220;da\u00f1o irreversible&#8221;\"}]},{\"@type\":\"WebSite\",\"@id\":\"https:\/\/radioinfinitagoya.com.ar\/v1\/#website\",\"url\":\"https:\/\/radioinfinitagoya.com.ar\/v1\/\",\"name\":\"radioinfinitagoya.com.ar\",\"description\":\"Radio de noticias\",\"publisher\":{\"@id\":\"https:\/\/radioinfinitagoya.com.ar\/v1\/#organization\"},\"potentialAction\":[{\"@type\":\"SearchAction\",\"target\":{\"@type\":\"EntryPoint\",\"urlTemplate\":\"https:\/\/radioinfinitagoya.com.ar\/v1\/?s={search_term_string}\"},\"query-input\":{\"@type\":\"PropertyValueSpecification\",\"valueRequired\":true,\"valueName\":\"search_term_string\"}}],\"inLanguage\":\"es-AR\"},{\"@type\":\"Organization\",\"@id\":\"https:\/\/radioinfinitagoya.com.ar\/v1\/#organization\",\"name\":\"Radio Infinita Goya\",\"url\":\"https:\/\/radioinfinitagoya.com.ar\/v1\/\",\"logo\":{\"@type\":\"ImageObject\",\"inLanguage\":\"es-AR\",\"@id\":\"https:\/\/radioinfinitagoya.com.ar\/v1\/#\/schema\/logo\/image\/\",\"url\":\"https:\/\/radioinfinitagoya.com.ar\/v1\/wp-content\/uploads\/2019\/11\/logo-pie-web.png\",\"contentUrl\":\"https:\/\/radioinfinitagoya.com.ar\/v1\/wp-content\/uploads\/2019\/11\/logo-pie-web.png\",\"width\":635,\"height\":326,\"caption\":\"Radio Infinita Goya\"},\"image\":{\"@id\":\"https:\/\/radioinfinitagoya.com.ar\/v1\/#\/schema\/logo\/image\/\"},\"sameAs\":[\"https:\/\/www.facebook.com\/p\/Infinita-Goya-100063870918311\/\"]},{\"@type\":\"Person\",\"@id\":\"https:\/\/radioinfinitagoya.com.ar\/v1\/#\/schema\/person\/d4cf9c413d4f6edb24aabdccab49ca4a\",\"name\":\"Jorge Mi\u00f1o\",\"image\":{\"@type\":\"ImageObject\",\"inLanguage\":\"es-AR\",\"@id\":\"https:\/\/secure.gravatar.com\/avatar\/910fcf6728fe95320e07a6643c1581fec1c7fc4bf8ae12e3d8f0d0373dc844be?s=96&d=mm&r=g\",\"url\":\"https:\/\/secure.gravatar.com\/avatar\/910fcf6728fe95320e07a6643c1581fec1c7fc4bf8ae12e3d8f0d0373dc844be?s=96&d=mm&r=g\",\"contentUrl\":\"https:\/\/secure.gravatar.com\/avatar\/910fcf6728fe95320e07a6643c1581fec1c7fc4bf8ae12e3d8f0d0373dc844be?s=96&d=mm&r=g\",\"caption\":\"Jorge Mi\u00f1o\"},\"sameAs\":[\"http:\/\/radioinfinitagoya.com.ar\"]}]}<\/script>\n<!-- \/ Yoast SEO plugin. -->","yoast_head_json":{"title":"El ACV que sufri\u00f3 la \"Locomotora\" Oliveras le provoc\u00f3 un \"da\u00f1o irreversible\" - Radio Infinita Goya","description":"El informe de este martes da cuenta que la exboxeadora est\u00e1 con asistencia mec\u00e1nica respiratoria. \"La lesi\u00f3n neurol\u00f3gica que ella tiene es grave\",","robots":{"index":"index","follow":"follow","max-snippet":"max-snippet:-1","max-image-preview":"max-image-preview:large","max-video-preview":"max-video-preview:-1"},"canonical":"https:\/\/radioinfinitagoya.com.ar\/v1\/2025\/07\/22\/el-acv-que-sufrio-la-locomotora-oliveras-le-provoco-un-dano-irreversible\/","og_locale":"es_ES","og_type":"article","og_title":"El ACV que sufri\u00f3 la \"Locomotora\" Oliveras le provoc\u00f3 un \"da\u00f1o irreversible\" - Radio Infinita Goya","og_description":"El informe de este martes da cuenta que la exboxeadora est\u00e1 con asistencia mec\u00e1nica respiratoria. \"La lesi\u00f3n neurol\u00f3gica que ella tiene es grave\",","og_url":"https:\/\/radioinfinitagoya.com.ar\/v1\/2025\/07\/22\/el-acv-que-sufrio-la-locomotora-oliveras-le-provoco-un-dano-irreversible\/","og_site_name":"Radio Infinita Goya","article_publisher":"https:\/\/www.facebook.com\/p\/Infinita-Goya-100063870918311\/","article_published_time":"2025-07-22T20:36:58+00:00","og_image":[{"width":680,"height":383,"url":"https:\/\/radioinfinitagoya.com.ar\/v1\/wp-content\/uploads\/2025\/07\/GwBHj_TXIAALMox.jpg","type":"image\/jpeg"}],"author":"Jorge Mi\u00f1o","twitter_card":"summary_large_image","twitter_misc":{"Escrito por":"Jorge Mi\u00f1o","Tiempo de lectura":"3 minutos"},"schema":{"@context":"https:\/\/schema.org","@graph":[{"@type":"Article","@id":"https:\/\/radioinfinitagoya.com.ar\/v1\/2025\/07\/22\/el-acv-que-sufrio-la-locomotora-oliveras-le-provoco-un-dano-irreversible\/#article","isPartOf":{"@id":"https:\/\/radioinfinitagoya.com.ar\/v1\/2025\/07\/22\/el-acv-que-sufrio-la-locomotora-oliveras-le-provoco-un-dano-irreversible\/"},"author":{"name":"Jorge Mi\u00f1o","@id":"https:\/\/radioinfinitagoya.com.ar\/v1\/#\/schema\/person\/d4cf9c413d4f6edb24aabdccab49ca4a"},"headline":"El ACV que sufri\u00f3 la &#8220;Locomotora&#8221; Oliveras le provoc\u00f3 un &#8220;da\u00f1o irreversible&#8221;","datePublished":"2025-07-22T20:36:58+00:00","mainEntityOfPage":{"@id":"https:\/\/radioinfinitagoya.com.ar\/v1\/2025\/07\/22\/el-acv-que-sufrio-la-locomotora-oliveras-le-provoco-un-dano-irreversible\/"},"wordCount":516,"publisher":{"@id":"https:\/\/radioinfinitagoya.com.ar\/v1\/#organization"},"image":{"@id":"https:\/\/radioinfinitagoya.com.ar\/v1\/2025\/07\/22\/el-acv-que-sufrio-la-locomotora-oliveras-le-provoco-un-dano-irreversible\/#primaryimage"},"thumbnailUrl":"https:\/\/radioinfinitagoya.com.ar\/v1\/wp-content\/uploads\/2025\/07\/GwBHj_TXIAALMox.jpg","articleSection":["DEPORTES"],"inLanguage":"es-AR"},{"@type":"WebPage","@id":"https:\/\/radioinfinitagoya.com.ar\/v1\/2025\/07\/22\/el-acv-que-sufrio-la-locomotora-oliveras-le-provoco-un-dano-irreversible\/","url":"https:\/\/radioinfinitagoya.com.ar\/v1\/2025\/07\/22\/el-acv-que-sufrio-la-locomotora-oliveras-le-provoco-un-dano-irreversible\/","name":"El ACV que sufri\u00f3 la \"Locomotora\" Oliveras le provoc\u00f3 un \"da\u00f1o irreversible\" - Radio Infinita Goya","isPartOf":{"@id":"https:\/\/radioinfinitagoya.com.ar\/v1\/#website"},"primaryImageOfPage":{"@id":"https:\/\/radioinfinitagoya.com.ar\/v1\/2025\/07\/22\/el-acv-que-sufrio-la-locomotora-oliveras-le-provoco-un-dano-irreversible\/#primaryimage"},"image":{"@id":"https:\/\/radioinfinitagoya.com.ar\/v1\/2025\/07\/22\/el-acv-que-sufrio-la-locomotora-oliveras-le-provoco-un-dano-irreversible\/#primaryimage"},"thumbnailUrl":"https:\/\/radioinfinitagoya.com.ar\/v1\/wp-content\/uploads\/2025\/07\/GwBHj_TXIAALMox.jpg","datePublished":"2025-07-22T20:36:58+00:00","description":"El informe de este martes da cuenta que la exboxeadora est\u00e1 con asistencia mec\u00e1nica respiratoria. \"La lesi\u00f3n neurol\u00f3gica que ella tiene es grave\",","breadcrumb":{"@id":"https:\/\/radioinfinitagoya.com.ar\/v1\/2025\/07\/22\/el-acv-que-sufrio-la-locomotora-oliveras-le-provoco-un-dano-irreversible\/#breadcrumb"},"inLanguage":"es-AR","potentialAction":[{"@type":"ReadAction","target":["https:\/\/radioinfinitagoya.com.ar\/v1\/2025\/07\/22\/el-acv-que-sufrio-la-locomotora-oliveras-le-provoco-un-dano-irreversible\/"]}]},{"@type":"ImageObject","inLanguage":"es-AR","@id":"https:\/\/radioinfinitagoya.com.ar\/v1\/2025\/07\/22\/el-acv-que-sufrio-la-locomotora-oliveras-le-provoco-un-dano-irreversible\/#primaryimage","url":"https:\/\/radioinfinitagoya.com.ar\/v1\/wp-content\/uploads\/2025\/07\/GwBHj_TXIAALMox.jpg","contentUrl":"https:\/\/radioinfinitagoya.com.ar\/v1\/wp-content\/uploads\/2025\/07\/GwBHj_TXIAALMox.jpg","width":680,"height":383},{"@type":"BreadcrumbList","@id":"https:\/\/radioinfinitagoya.com.ar\/v1\/2025\/07\/22\/el-acv-que-sufrio-la-locomotora-oliveras-le-provoco-un-dano-irreversible\/#breadcrumb","itemListElement":[{"@type":"ListItem","position":1,"name":"Inicio","item":"https:\/\/radioinfinitagoya.com.ar\/v1\/"},{"@type":"ListItem","position":2,"name":"El ACV que sufri\u00f3 la &#8220;Locomotora&#8221; Oliveras le provoc\u00f3 un &#8220;da\u00f1o irreversible&#8221;"}]},{"@type":"WebSite","@id":"https:\/\/radioinfinitagoya.com.ar\/v1\/#website","url":"https:\/\/radioinfinitagoya.com.ar\/v1\/","name":"radioinfinitagoya.com.ar","description":"Radio de noticias","publisher":{"@id":"https:\/\/radioinfinitagoya.com.ar\/v1\/#organization"},"potentialAction":[{"@type":"SearchAction","target":{"@type":"EntryPoint","urlTemplate":"https:\/\/radioinfinitagoya.com.ar\/v1\/?s={search_term_string}"},"query-input":{"@type":"PropertyValueSpecification","valueRequired":true,"valueName":"search_term_string"}}],"inLanguage":"es-AR"},{"@type":"Organization","@id":"https:\/\/radioinfinitagoya.com.ar\/v1\/#organization","name":"Radio Infinita Goya","url":"https:\/\/radioinfinitagoya.com.ar\/v1\/","logo":{"@type":"ImageObject","inLanguage":"es-AR","@id":"https:\/\/radioinfinitagoya.com.ar\/v1\/#\/schema\/logo\/image\/","url":"https:\/\/radioinfinitagoya.com.ar\/v1\/wp-content\/uploads\/2019\/11\/logo-pie-web.png","contentUrl":"https:\/\/radioinfinitagoya.com.ar\/v1\/wp-content\/uploads\/2019\/11\/logo-pie-web.png","width":635,"height":326,"caption":"Radio Infinita Goya"},"image":{"@id":"https:\/\/radioinfinitagoya.com.ar\/v1\/#\/schema\/logo\/image\/"},"sameAs":["https:\/\/www.facebook.com\/p\/Infinita-Goya-100063870918311\/"]},{"@type":"Person","@id":"https:\/\/radioinfinitagoya.com.ar\/v1\/#\/schema\/person\/d4cf9c413d4f6edb24aabdccab49ca4a","name":"Jorge Mi\u00f1o","image":{"@type":"ImageObject","inLanguage":"es-AR","@id":"https:\/\/secure.gravatar.com\/avatar\/910fcf6728fe95320e07a6643c1581fec1c7fc4bf8ae12e3d8f0d0373dc844be?s=96&d=mm&r=g","url":"https:\/\/secure.gravatar.com\/avatar\/910fcf6728fe95320e07a6643c1581fec1c7fc4bf8ae12e3d8f0d0373dc844be?s=96&d=mm&r=g","contentUrl":"https:\/\/secure.gravatar.com\/avatar\/910fcf6728fe95320e07a6643c1581fec1c7fc4bf8ae12e3d8f0d0373dc844be?s=96&d=mm&r=g","caption":"Jorge Mi\u00f1o"},"sameAs":["http:\/\/radioinfinitagoya.com.ar"]}]}},"_links":{"self":[{"href":"https:\/\/radioinfinitagoya.com.ar\/v1\/wp-json\/wp\/v2\/posts\/193205","targetHints":{"allow":["GET"]}}],"collection":[{"href":"https:\/\/radioinfinitagoya.com.ar\/v1\/wp-json\/wp\/v2\/posts"}],"about":[{"href":"https:\/\/radioinfinitagoya.com.ar\/v1\/wp-json\/wp\/v2\/types\/post"}],"author":[{"embeddable":true,"href":"https:\/\/radioinfinitagoya.com.ar\/v1\/wp-json\/wp\/v2\/users\/4"}],"replies":[{"embeddable":true,"href":"https:\/\/radioinfinitagoya.com.ar\/v1\/wp-json\/wp\/v2\/comments?post=193205"}],"version-history":[{"count":0,"href":"https:\/\/radioinfinitagoya.com.ar\/v1\/wp-json\/wp\/v2\/posts\/193205\/revisions"}],"wp:featuredmedia":[{"embeddable":true,"href":"https:\/\/radioinfinitagoya.com.ar\/v1\/wp-json\/wp\/v2\/media\/193206"}],"wp:attachment":[{"href":"https:\/\/radioinfinitagoya.com.ar\/v1\/wp-json\/wp\/v2\/media?parent=193205"}],"wp:term":[{"taxonomy":"category","embeddable":true,"href":"https:\/\/radioinfinitagoya.com.ar\/v1\/wp-json\/wp\/v2\/categories?post=193205"},{"taxonomy":"post_tag","embeddable":true,"href":"https:\/\/radioinfinitagoya.com.ar\/v1\/wp-json\/wp\/v2\/tags?post=193205"}],"curies":[{"name":"wp","href":"https:\/\/api.w.org\/{rel}","templated":true}]}}