{"id":193211,"date":"2025-07-22T17:44:33","date_gmt":"2025-07-22T20:44:33","guid":{"rendered":"https:\/\/radioinfinitagoya.com.ar\/v1\/?p=193211"},"modified":"2025-07-22T17:44:33","modified_gmt":"2025-07-22T20:44:33","slug":"elecciones-en-corrientes-mas-tecnologia-para-acelelar-el-escrutinio-el-31-de-agosto","status":"publish","type":"post","link":"https:\/\/radioinfinitagoya.com.ar\/v1\/2025\/07\/22\/elecciones-en-corrientes-mas-tecnologia-para-acelelar-el-escrutinio-el-31-de-agosto\/","title":{"rendered":"Elecciones en Corrientes: m\u00e1s tecnolog\u00eda para acelelar el escrutinio el 31 de agosto"},"content":{"rendered":"<p>Con esta medida, la Susti de Corrientes busca acelerar el proceso de carga de datos. A qu\u00e9 hora se conocer\u00edan los primeros resultados.<\/p>\n<p>La Subsecretar\u00eda de Sistemas y Tecnolog\u00edas de Informaci\u00f3n (Susti) de Corrientes est\u00e1 en la recta final de la preparaci\u00f3n para el c\u00f3mputo provincial de las elecciones del 31 de agosto. As\u00ed lo confirm\u00f3 Federico Chani Ojeda, subsecretario del \u00e1rea, quien destac\u00f3 la fuerte inversi\u00f3n tecnol\u00f3gica que se est\u00e1 realizando para garantizar la transparencia y celeridad del proceso.<\/p>\n<p>La inversi\u00f3n abarca desde la mejora de los data centers de la Susti y Telco hasta la optimizaci\u00f3n de la fibra \u00f3ptica metropolitana y provincial, por donde transitar\u00e1 toda la informaci\u00f3n electoral.<\/p>\n<p>&#8220;Estamos trabajando muy fuerte en lo que van a ser estas elecciones del 31 de agosto, teniendo en cuenta que vamos a tener una grilla importante de alianzas, de adhesiones, as\u00ed que eso va a hacer que el trabajo del centro de c\u00f3mputo sea muy arduo&#8221;, explic\u00f3 Ojeda.<\/p>\n<p>Mayor capacidad y doble chequeo para la velocidad del escrutinio<br \/>\nAnte la previsi\u00f3n de una mayor complejidad en las boletas electorales \u2013que pasar\u00e1n de una a dos hojas\u2013, la Susti planea aumentar significativamente el n\u00famero de cargadores de datos.<\/p>\n<p>&#8220;Generalmente en los a\u00f1os anteriores ten\u00edamos alrededor de 60 y 70 cargadores de la informaci\u00f3n cuando iban llegando, cuando se cerraban las mesas. Hoy planteamos que vamos a tener entre 90 y 100 cargadores&#8221;, precis\u00f3 el subsecretario en contacto con la prensa.<\/p>\n<p>Este incremento busca acelerar el proceso de carga de datos. A partir de las 18:00 del 31 de agosto, cuando lleguen las planillas del Correo, los cargadores las recibir\u00e1n y las ingresar\u00e1n al sistema. Inmediatamente, un segundo cargador realizar\u00e1 un doble chequeo.<\/p>\n<p>&#8220;Cuando coinciden los dos chequeos de los dos cargadores y la informaci\u00f3n coincide, ah\u00ed autom\u00e1ticamente ya se sube a los servidores para poder ir generando la informaci\u00f3n&#8221;, detall\u00f3 Ojeda.<\/p>\n<p>Aunque la Junta Electoral es el ente rector y determinar\u00e1 el momento exacto de difusi\u00f3n, se prev\u00e9 que los primeros resultados se comiencen a mostrar a las 21. Para ese momento, se espera tener entre el 20%, 30% o incluso 40% de los votos escrutados, dependiendo de la velocidad de llegada de la informaci\u00f3n.<\/p>\n<p>La tecnolog\u00eda electoral ha evolucionado notablemente desde la \u00faltima elecci\u00f3n ejecutiva en 2021. La log\u00edstica, a cargo de oferentes como Correo Argentino o Andreani, tambi\u00e9n ha incorporado herramientas con Inteligencia Artificial para la transmisi\u00f3n de datos.<\/p>\n<p>&#8220;Antes, por ejemplo, los datos se transmit\u00edan por fax, que ya es una tecnolog\u00eda que est\u00e1 absolutamente en desuso; hoy ya se hace con lo que es foto, que es mucho m\u00e1s r\u00e1pido y con un planteo de servidores aqu\u00ed en la provincia, con log\u00edstica dentro de la provincia&#8221;, concluy\u00f3 Ojeda, resaltando el compromiso de la Susti con la modernizaci\u00f3n del proceso electoral correntino.<\/p>\n<p>Corrientes refuerza la transparencia y rapidez electoral<\/p>\n<p>La modernizaci\u00f3n y el refuerzo tecnol\u00f3gico implementados por la Susti en Corrientes marcan un paso adelante en la gesti\u00f3n de los resultados electorales.<\/p>\n<p>Aumentar la capacidad de procesamiento y optimizar la transmisi\u00f3n de datos, incorporando incluso Inteligencia Artificial, no solo busca acelerar los tiempos del escrutinio provisorio, sino que tambi\u00e9n fortalece la transparencia y confiabilidad del sistema.<\/p>\n<p>A pesar de la complejidad que presentar\u00e1n las pr\u00f3ximas elecciones, la provincia se prepara para ofrecer a la ciudadan\u00eda una informaci\u00f3n electoral m\u00e1s \u00e1gil y precisa, sentando un precedente en la gesti\u00f3n de comicios a nivel regional.<\/p>\n<p>&nbsp;<\/p>\n","protected":false},"excerpt":{"rendered":"<p>Con esta medida, la Susti de Corrientes busca acelerar el proceso de carga de datos. A qu\u00e9 hora se conocer\u00edan los primeros resultados. La Subsecretar\u00eda de Sistemas y Tecnolog\u00edas de Informaci\u00f3n (Susti) de Corrientes est\u00e1 en la recta final de la preparaci\u00f3n para el c\u00f3mputo provincial de las elecciones del 31 de agosto. As\u00ed lo [&hellip;]<\/p>\n","protected":false},"author":4,"featured_media":193212,"comment_status":"closed","ping_status":"closed","sticky":false,"template":"","format":"standard","meta":{"_joinchat":[],"footnotes":""},"categories":[26],"tags":[],"class_list":{"0":"post-193211","1":"post","2":"type-post","3":"status-publish","4":"format-standard","5":"has-post-thumbnail","7":"category-provinciales"},"yoast_head":"<!-- This site is optimized with the Yoast SEO plugin v27.2 - https:\/\/yoast.com\/product\/yoast-seo-wordpress\/ -->\n<title>Elecciones en Corrientes: m\u00e1s tecnolog\u00eda para acelelar el escrutinio el 31 de agosto - Radio Infinita Goya<\/title>\n<meta name=\"description\" content=\"Con esta medida, la Susti de Corrientes busca acelerar el proceso de carga de datos. A qu\u00e9 hora se conocer\u00edan los primeros resultados. La Subsecretar\u00eda de\" \/>\n<meta name=\"robots\" content=\"index, follow, max-snippet:-1, max-image-preview:large, max-video-preview:-1\" \/>\n<link rel=\"canonical\" href=\"https:\/\/radioinfinitagoya.com.ar\/v1\/2025\/07\/22\/elecciones-en-corrientes-mas-tecnologia-para-acelelar-el-escrutinio-el-31-de-agosto\/\" \/>\n<meta property=\"og:locale\" content=\"es_ES\" \/>\n<meta property=\"og:type\" content=\"article\" \/>\n<meta property=\"og:title\" content=\"Elecciones en Corrientes: m\u00e1s tecnolog\u00eda para acelelar el escrutinio el 31 de agosto - Radio Infinita Goya\" \/>\n<meta property=\"og:description\" content=\"Con esta medida, la Susti de Corrientes busca acelerar el proceso de carga de datos. A qu\u00e9 hora se conocer\u00edan los primeros resultados. La Subsecretar\u00eda de\" \/>\n<meta property=\"og:url\" content=\"https:\/\/radioinfinitagoya.com.ar\/v1\/2025\/07\/22\/elecciones-en-corrientes-mas-tecnologia-para-acelelar-el-escrutinio-el-31-de-agosto\/\" \/>\n<meta property=\"og:site_name\" content=\"Radio Infinita Goya\" \/>\n<meta property=\"article:publisher\" content=\"https:\/\/www.facebook.com\/p\/Infinita-Goya-100063870918311\/\" \/>\n<meta property=\"article:published_time\" content=\"2025-07-22T20:44:33+00:00\" \/>\n<meta property=\"og:image\" content=\"https:\/\/radioinfinitagoya.com.ar\/v1\/wp-content\/uploads\/2025\/07\/1753197782163.webp\" \/>\n\t<meta property=\"og:image:width\" content=\"1200\" \/>\n\t<meta property=\"og:image:height\" content=\"675\" \/>\n\t<meta property=\"og:image:type\" content=\"image\/webp\" \/>\n<meta name=\"author\" content=\"Jorge Mi\u00f1o\" \/>\n<meta name=\"twitter:card\" content=\"summary_large_image\" \/>\n<meta name=\"twitter:label1\" content=\"Escrito por\" \/>\n\t<meta name=\"twitter:data1\" content=\"Jorge Mi\u00f1o\" \/>\n\t<meta name=\"twitter:label2\" content=\"Tiempo de lectura\" \/>\n\t<meta name=\"twitter:data2\" content=\"3 minutos\" \/>\n<script type=\"application\/ld+json\" class=\"yoast-schema-graph\">{\"@context\":\"https:\/\/schema.org\",\"@graph\":[{\"@type\":\"Article\",\"@id\":\"https:\/\/radioinfinitagoya.com.ar\/v1\/2025\/07\/22\/elecciones-en-corrientes-mas-tecnologia-para-acelelar-el-escrutinio-el-31-de-agosto\/#article\",\"isPartOf\":{\"@id\":\"https:\/\/radioinfinitagoya.com.ar\/v1\/2025\/07\/22\/elecciones-en-corrientes-mas-tecnologia-para-acelelar-el-escrutinio-el-31-de-agosto\/\"},\"author\":{\"name\":\"Jorge Mi\u00f1o\",\"@id\":\"https:\/\/radioinfinitagoya.com.ar\/v1\/#\/schema\/person\/d4cf9c413d4f6edb24aabdccab49ca4a\"},\"headline\":\"Elecciones en Corrientes: m\u00e1s tecnolog\u00eda para acelelar el escrutinio el 31 de agosto\",\"datePublished\":\"2025-07-22T20:44:33+00:00\",\"mainEntityOfPage\":{\"@id\":\"https:\/\/radioinfinitagoya.com.ar\/v1\/2025\/07\/22\/elecciones-en-corrientes-mas-tecnologia-para-acelelar-el-escrutinio-el-31-de-agosto\/\"},\"wordCount\":616,\"publisher\":{\"@id\":\"https:\/\/radioinfinitagoya.com.ar\/v1\/#organization\"},\"image\":{\"@id\":\"https:\/\/radioinfinitagoya.com.ar\/v1\/2025\/07\/22\/elecciones-en-corrientes-mas-tecnologia-para-acelelar-el-escrutinio-el-31-de-agosto\/#primaryimage\"},\"thumbnailUrl\":\"https:\/\/radioinfinitagoya.com.ar\/v1\/wp-content\/uploads\/2025\/07\/1753197782163.webp\",\"articleSection\":[\"PROVINCIALES\"],\"inLanguage\":\"es-AR\"},{\"@type\":\"WebPage\",\"@id\":\"https:\/\/radioinfinitagoya.com.ar\/v1\/2025\/07\/22\/elecciones-en-corrientes-mas-tecnologia-para-acelelar-el-escrutinio-el-31-de-agosto\/\",\"url\":\"https:\/\/radioinfinitagoya.com.ar\/v1\/2025\/07\/22\/elecciones-en-corrientes-mas-tecnologia-para-acelelar-el-escrutinio-el-31-de-agosto\/\",\"name\":\"Elecciones en Corrientes: m\u00e1s tecnolog\u00eda para acelelar el escrutinio el 31 de agosto - Radio Infinita Goya\",\"isPartOf\":{\"@id\":\"https:\/\/radioinfinitagoya.com.ar\/v1\/#website\"},\"primaryImageOfPage\":{\"@id\":\"https:\/\/radioinfinitagoya.com.ar\/v1\/2025\/07\/22\/elecciones-en-corrientes-mas-tecnologia-para-acelelar-el-escrutinio-el-31-de-agosto\/#primaryimage\"},\"image\":{\"@id\":\"https:\/\/radioinfinitagoya.com.ar\/v1\/2025\/07\/22\/elecciones-en-corrientes-mas-tecnologia-para-acelelar-el-escrutinio-el-31-de-agosto\/#primaryimage\"},\"thumbnailUrl\":\"https:\/\/radioinfinitagoya.com.ar\/v1\/wp-content\/uploads\/2025\/07\/1753197782163.webp\",\"datePublished\":\"2025-07-22T20:44:33+00:00\",\"description\":\"Con esta medida, la Susti de Corrientes busca acelerar el proceso de carga de datos. A qu\u00e9 hora se conocer\u00edan los primeros resultados. La Subsecretar\u00eda de\",\"breadcrumb\":{\"@id\":\"https:\/\/radioinfinitagoya.com.ar\/v1\/2025\/07\/22\/elecciones-en-corrientes-mas-tecnologia-para-acelelar-el-escrutinio-el-31-de-agosto\/#breadcrumb\"},\"inLanguage\":\"es-AR\",\"potentialAction\":[{\"@type\":\"ReadAction\",\"target\":[\"https:\/\/radioinfinitagoya.com.ar\/v1\/2025\/07\/22\/elecciones-en-corrientes-mas-tecnologia-para-acelelar-el-escrutinio-el-31-de-agosto\/\"]}]},{\"@type\":\"ImageObject\",\"inLanguage\":\"es-AR\",\"@id\":\"https:\/\/radioinfinitagoya.com.ar\/v1\/2025\/07\/22\/elecciones-en-corrientes-mas-tecnologia-para-acelelar-el-escrutinio-el-31-de-agosto\/#primaryimage\",\"url\":\"https:\/\/radioinfinitagoya.com.ar\/v1\/wp-content\/uploads\/2025\/07\/1753197782163.webp\",\"contentUrl\":\"https:\/\/radioinfinitagoya.com.ar\/v1\/wp-content\/uploads\/2025\/07\/1753197782163.webp\",\"width\":1200,\"height\":675},{\"@type\":\"BreadcrumbList\",\"@id\":\"https:\/\/radioinfinitagoya.com.ar\/v1\/2025\/07\/22\/elecciones-en-corrientes-mas-tecnologia-para-acelelar-el-escrutinio-el-31-de-agosto\/#breadcrumb\",\"itemListElement\":[{\"@type\":\"ListItem\",\"position\":1,\"name\":\"Inicio\",\"item\":\"https:\/\/radioinfinitagoya.com.ar\/v1\/\"},{\"@type\":\"ListItem\",\"position\":2,\"name\":\"Elecciones en Corrientes: m\u00e1s tecnolog\u00eda para acelelar el escrutinio el 31 de agosto\"}]},{\"@type\":\"WebSite\",\"@id\":\"https:\/\/radioinfinitagoya.com.ar\/v1\/#website\",\"url\":\"https:\/\/radioinfinitagoya.com.ar\/v1\/\",\"name\":\"radioinfinitagoya.com.ar\",\"description\":\"Radio de noticias\",\"publisher\":{\"@id\":\"https:\/\/radioinfinitagoya.com.ar\/v1\/#organization\"},\"potentialAction\":[{\"@type\":\"SearchAction\",\"target\":{\"@type\":\"EntryPoint\",\"urlTemplate\":\"https:\/\/radioinfinitagoya.com.ar\/v1\/?s={search_term_string}\"},\"query-input\":{\"@type\":\"PropertyValueSpecification\",\"valueRequired\":true,\"valueName\":\"search_term_string\"}}],\"inLanguage\":\"es-AR\"},{\"@type\":\"Organization\",\"@id\":\"https:\/\/radioinfinitagoya.com.ar\/v1\/#organization\",\"name\":\"Radio Infinita Goya\",\"url\":\"https:\/\/radioinfinitagoya.com.ar\/v1\/\",\"logo\":{\"@type\":\"ImageObject\",\"inLanguage\":\"es-AR\",\"@id\":\"https:\/\/radioinfinitagoya.com.ar\/v1\/#\/schema\/logo\/image\/\",\"url\":\"https:\/\/radioinfinitagoya.com.ar\/v1\/wp-content\/uploads\/2019\/11\/logo-pie-web.png\",\"contentUrl\":\"https:\/\/radioinfinitagoya.com.ar\/v1\/wp-content\/uploads\/2019\/11\/logo-pie-web.png\",\"width\":635,\"height\":326,\"caption\":\"Radio Infinita Goya\"},\"image\":{\"@id\":\"https:\/\/radioinfinitagoya.com.ar\/v1\/#\/schema\/logo\/image\/\"},\"sameAs\":[\"https:\/\/www.facebook.com\/p\/Infinita-Goya-100063870918311\/\"]},{\"@type\":\"Person\",\"@id\":\"https:\/\/radioinfinitagoya.com.ar\/v1\/#\/schema\/person\/d4cf9c413d4f6edb24aabdccab49ca4a\",\"name\":\"Jorge Mi\u00f1o\",\"image\":{\"@type\":\"ImageObject\",\"inLanguage\":\"es-AR\",\"@id\":\"https:\/\/secure.gravatar.com\/avatar\/910fcf6728fe95320e07a6643c1581fec1c7fc4bf8ae12e3d8f0d0373dc844be?s=96&d=mm&r=g\",\"url\":\"https:\/\/secure.gravatar.com\/avatar\/910fcf6728fe95320e07a6643c1581fec1c7fc4bf8ae12e3d8f0d0373dc844be?s=96&d=mm&r=g\",\"contentUrl\":\"https:\/\/secure.gravatar.com\/avatar\/910fcf6728fe95320e07a6643c1581fec1c7fc4bf8ae12e3d8f0d0373dc844be?s=96&d=mm&r=g\",\"caption\":\"Jorge Mi\u00f1o\"},\"sameAs\":[\"http:\/\/radioinfinitagoya.com.ar\"]}]}<\/script>\n<!-- \/ Yoast SEO plugin. -->","yoast_head_json":{"title":"Elecciones en Corrientes: m\u00e1s tecnolog\u00eda para acelelar el escrutinio el 31 de agosto - Radio Infinita Goya","description":"Con esta medida, la Susti de Corrientes busca acelerar el proceso de carga de datos. A qu\u00e9 hora se conocer\u00edan los primeros resultados. La Subsecretar\u00eda de","robots":{"index":"index","follow":"follow","max-snippet":"max-snippet:-1","max-image-preview":"max-image-preview:large","max-video-preview":"max-video-preview:-1"},"canonical":"https:\/\/radioinfinitagoya.com.ar\/v1\/2025\/07\/22\/elecciones-en-corrientes-mas-tecnologia-para-acelelar-el-escrutinio-el-31-de-agosto\/","og_locale":"es_ES","og_type":"article","og_title":"Elecciones en Corrientes: m\u00e1s tecnolog\u00eda para acelelar el escrutinio el 31 de agosto - Radio Infinita Goya","og_description":"Con esta medida, la Susti de Corrientes busca acelerar el proceso de carga de datos. A qu\u00e9 hora se conocer\u00edan los primeros resultados. La Subsecretar\u00eda de","og_url":"https:\/\/radioinfinitagoya.com.ar\/v1\/2025\/07\/22\/elecciones-en-corrientes-mas-tecnologia-para-acelelar-el-escrutinio-el-31-de-agosto\/","og_site_name":"Radio Infinita Goya","article_publisher":"https:\/\/www.facebook.com\/p\/Infinita-Goya-100063870918311\/","article_published_time":"2025-07-22T20:44:33+00:00","og_image":[{"width":1200,"height":675,"url":"https:\/\/radioinfinitagoya.com.ar\/v1\/wp-content\/uploads\/2025\/07\/1753197782163.webp","type":"image\/webp"}],"author":"Jorge Mi\u00f1o","twitter_card":"summary_large_image","twitter_misc":{"Escrito por":"Jorge Mi\u00f1o","Tiempo de lectura":"3 minutos"},"schema":{"@context":"https:\/\/schema.org","@graph":[{"@type":"Article","@id":"https:\/\/radioinfinitagoya.com.ar\/v1\/2025\/07\/22\/elecciones-en-corrientes-mas-tecnologia-para-acelelar-el-escrutinio-el-31-de-agosto\/#article","isPartOf":{"@id":"https:\/\/radioinfinitagoya.com.ar\/v1\/2025\/07\/22\/elecciones-en-corrientes-mas-tecnologia-para-acelelar-el-escrutinio-el-31-de-agosto\/"},"author":{"name":"Jorge Mi\u00f1o","@id":"https:\/\/radioinfinitagoya.com.ar\/v1\/#\/schema\/person\/d4cf9c413d4f6edb24aabdccab49ca4a"},"headline":"Elecciones en Corrientes: m\u00e1s tecnolog\u00eda para acelelar el escrutinio el 31 de agosto","datePublished":"2025-07-22T20:44:33+00:00","mainEntityOfPage":{"@id":"https:\/\/radioinfinitagoya.com.ar\/v1\/2025\/07\/22\/elecciones-en-corrientes-mas-tecnologia-para-acelelar-el-escrutinio-el-31-de-agosto\/"},"wordCount":616,"publisher":{"@id":"https:\/\/radioinfinitagoya.com.ar\/v1\/#organization"},"image":{"@id":"https:\/\/radioinfinitagoya.com.ar\/v1\/2025\/07\/22\/elecciones-en-corrientes-mas-tecnologia-para-acelelar-el-escrutinio-el-31-de-agosto\/#primaryimage"},"thumbnailUrl":"https:\/\/radioinfinitagoya.com.ar\/v1\/wp-content\/uploads\/2025\/07\/1753197782163.webp","articleSection":["PROVINCIALES"],"inLanguage":"es-AR"},{"@type":"WebPage","@id":"https:\/\/radioinfinitagoya.com.ar\/v1\/2025\/07\/22\/elecciones-en-corrientes-mas-tecnologia-para-acelelar-el-escrutinio-el-31-de-agosto\/","url":"https:\/\/radioinfinitagoya.com.ar\/v1\/2025\/07\/22\/elecciones-en-corrientes-mas-tecnologia-para-acelelar-el-escrutinio-el-31-de-agosto\/","name":"Elecciones en Corrientes: m\u00e1s tecnolog\u00eda para acelelar el escrutinio el 31 de agosto - Radio Infinita Goya","isPartOf":{"@id":"https:\/\/radioinfinitagoya.com.ar\/v1\/#website"},"primaryImageOfPage":{"@id":"https:\/\/radioinfinitagoya.com.ar\/v1\/2025\/07\/22\/elecciones-en-corrientes-mas-tecnologia-para-acelelar-el-escrutinio-el-31-de-agosto\/#primaryimage"},"image":{"@id":"https:\/\/radioinfinitagoya.com.ar\/v1\/2025\/07\/22\/elecciones-en-corrientes-mas-tecnologia-para-acelelar-el-escrutinio-el-31-de-agosto\/#primaryimage"},"thumbnailUrl":"https:\/\/radioinfinitagoya.com.ar\/v1\/wp-content\/uploads\/2025\/07\/1753197782163.webp","datePublished":"2025-07-22T20:44:33+00:00","description":"Con esta medida, la Susti de Corrientes busca acelerar el proceso de carga de datos. A qu\u00e9 hora se conocer\u00edan los primeros resultados. La Subsecretar\u00eda de","breadcrumb":{"@id":"https:\/\/radioinfinitagoya.com.ar\/v1\/2025\/07\/22\/elecciones-en-corrientes-mas-tecnologia-para-acelelar-el-escrutinio-el-31-de-agosto\/#breadcrumb"},"inLanguage":"es-AR","potentialAction":[{"@type":"ReadAction","target":["https:\/\/radioinfinitagoya.com.ar\/v1\/2025\/07\/22\/elecciones-en-corrientes-mas-tecnologia-para-acelelar-el-escrutinio-el-31-de-agosto\/"]}]},{"@type":"ImageObject","inLanguage":"es-AR","@id":"https:\/\/radioinfinitagoya.com.ar\/v1\/2025\/07\/22\/elecciones-en-corrientes-mas-tecnologia-para-acelelar-el-escrutinio-el-31-de-agosto\/#primaryimage","url":"https:\/\/radioinfinitagoya.com.ar\/v1\/wp-content\/uploads\/2025\/07\/1753197782163.webp","contentUrl":"https:\/\/radioinfinitagoya.com.ar\/v1\/wp-content\/uploads\/2025\/07\/1753197782163.webp","width":1200,"height":675},{"@type":"BreadcrumbList","@id":"https:\/\/radioinfinitagoya.com.ar\/v1\/2025\/07\/22\/elecciones-en-corrientes-mas-tecnologia-para-acelelar-el-escrutinio-el-31-de-agosto\/#breadcrumb","itemListElement":[{"@type":"ListItem","position":1,"name":"Inicio","item":"https:\/\/radioinfinitagoya.com.ar\/v1\/"},{"@type":"ListItem","position":2,"name":"Elecciones en Corrientes: m\u00e1s tecnolog\u00eda para acelelar el escrutinio el 31 de agosto"}]},{"@type":"WebSite","@id":"https:\/\/radioinfinitagoya.com.ar\/v1\/#website","url":"https:\/\/radioinfinitagoya.com.ar\/v1\/","name":"radioinfinitagoya.com.ar","description":"Radio de noticias","publisher":{"@id":"https:\/\/radioinfinitagoya.com.ar\/v1\/#organization"},"potentialAction":[{"@type":"SearchAction","target":{"@type":"EntryPoint","urlTemplate":"https:\/\/radioinfinitagoya.com.ar\/v1\/?s={search_term_string}"},"query-input":{"@type":"PropertyValueSpecification","valueRequired":true,"valueName":"search_term_string"}}],"inLanguage":"es-AR"},{"@type":"Organization","@id":"https:\/\/radioinfinitagoya.com.ar\/v1\/#organization","name":"Radio Infinita Goya","url":"https:\/\/radioinfinitagoya.com.ar\/v1\/","logo":{"@type":"ImageObject","inLanguage":"es-AR","@id":"https:\/\/radioinfinitagoya.com.ar\/v1\/#\/schema\/logo\/image\/","url":"https:\/\/radioinfinitagoya.com.ar\/v1\/wp-content\/uploads\/2019\/11\/logo-pie-web.png","contentUrl":"https:\/\/radioinfinitagoya.com.ar\/v1\/wp-content\/uploads\/2019\/11\/logo-pie-web.png","width":635,"height":326,"caption":"Radio Infinita Goya"},"image":{"@id":"https:\/\/radioinfinitagoya.com.ar\/v1\/#\/schema\/logo\/image\/"},"sameAs":["https:\/\/www.facebook.com\/p\/Infinita-Goya-100063870918311\/"]},{"@type":"Person","@id":"https:\/\/radioinfinitagoya.com.ar\/v1\/#\/schema\/person\/d4cf9c413d4f6edb24aabdccab49ca4a","name":"Jorge Mi\u00f1o","image":{"@type":"ImageObject","inLanguage":"es-AR","@id":"https:\/\/secure.gravatar.com\/avatar\/910fcf6728fe95320e07a6643c1581fec1c7fc4bf8ae12e3d8f0d0373dc844be?s=96&d=mm&r=g","url":"https:\/\/secure.gravatar.com\/avatar\/910fcf6728fe95320e07a6643c1581fec1c7fc4bf8ae12e3d8f0d0373dc844be?s=96&d=mm&r=g","contentUrl":"https:\/\/secure.gravatar.com\/avatar\/910fcf6728fe95320e07a6643c1581fec1c7fc4bf8ae12e3d8f0d0373dc844be?s=96&d=mm&r=g","caption":"Jorge Mi\u00f1o"},"sameAs":["http:\/\/radioinfinitagoya.com.ar"]}]}},"_links":{"self":[{"href":"https:\/\/radioinfinitagoya.com.ar\/v1\/wp-json\/wp\/v2\/posts\/193211","targetHints":{"allow":["GET"]}}],"collection":[{"href":"https:\/\/radioinfinitagoya.com.ar\/v1\/wp-json\/wp\/v2\/posts"}],"about":[{"href":"https:\/\/radioinfinitagoya.com.ar\/v1\/wp-json\/wp\/v2\/types\/post"}],"author":[{"embeddable":true,"href":"https:\/\/radioinfinitagoya.com.ar\/v1\/wp-json\/wp\/v2\/users\/4"}],"replies":[{"embeddable":true,"href":"https:\/\/radioinfinitagoya.com.ar\/v1\/wp-json\/wp\/v2\/comments?post=193211"}],"version-history":[{"count":0,"href":"https:\/\/radioinfinitagoya.com.ar\/v1\/wp-json\/wp\/v2\/posts\/193211\/revisions"}],"wp:featuredmedia":[{"embeddable":true,"href":"https:\/\/radioinfinitagoya.com.ar\/v1\/wp-json\/wp\/v2\/media\/193212"}],"wp:attachment":[{"href":"https:\/\/radioinfinitagoya.com.ar\/v1\/wp-json\/wp\/v2\/media?parent=193211"}],"wp:term":[{"taxonomy":"category","embeddable":true,"href":"https:\/\/radioinfinitagoya.com.ar\/v1\/wp-json\/wp\/v2\/categories?post=193211"},{"taxonomy":"post_tag","embeddable":true,"href":"https:\/\/radioinfinitagoya.com.ar\/v1\/wp-json\/wp\/v2\/tags?post=193211"}],"curies":[{"name":"wp","href":"https:\/\/api.w.org\/{rel}","templated":true}]}}