{"id":193214,"date":"2025-07-22T17:48:14","date_gmt":"2025-07-22T20:48:14","guid":{"rendered":"https:\/\/radioinfinitagoya.com.ar\/v1\/?p=193214"},"modified":"2025-07-22T17:48:14","modified_gmt":"2025-07-22T20:48:14","slug":"hallaron-sin-vida-al-joven-chaqueno-que-era-buscado-en-corrientes","status":"publish","type":"post","link":"https:\/\/radioinfinitagoya.com.ar\/v1\/2025\/07\/22\/hallaron-sin-vida-al-joven-chaqueno-que-era-buscado-en-corrientes\/","title":{"rendered":"Hallaron sin vida al joven chaque\u00f1o que era buscado en Corrientes"},"content":{"rendered":"<p>El cuerpo fue encontrado este martes en la zona costera de Derqui, sobre el r\u00edo Paran\u00e1. La familia hab\u00eda denunciado su desaparici\u00f3n el lunes.<\/p>\n<p>La Polic\u00eda de Corrientes inform\u00f3 este martes por la ma\u00f1ana que hallaron sin vida al cuerpo del joven chaque\u00f1o que era intensamente buscado desde lunes tras su desaparici\u00f3n. Ten\u00eda 24 a\u00f1os y era oriundo de Juan Jos\u00e9 Castelli.<\/p>\n<p>De acuerdo a fuentes policiales, el cuerpo fue localizado alrededor de las 10 horas en la zona costera de la localidad de Derqui a orillas del r\u00edo Paran\u00e1. En el lugar se hicieron presentes familiares del joven, quienes confirmaron su identidad.<\/p>\n<p>Tras la denuncia, la Polic\u00eda del Chaco dio intervenci\u00f3n a sus pares de Corrientes, y se inici\u00f3 una b\u00fasqueda coordinada por orden judicial. La investigaci\u00f3n apunta como principal hip\u00f3tesis que el joven habr\u00eda saltado al r\u00edo Paran\u00e1 desde el puente interprovincial General Manuel Belgrano, que une las ciudades de Resistencia y Corrientes, durante la madrugada del lunes<\/p>\n<p>La denuncia por la desaparici\u00f3n hab\u00eda sido radicada el lunes 21 de julio en la Comisar\u00eda Primera de Castelli por el padre del joven, identificado como Alex Sandro, quien estudiaba en la provincia de Corrientes.<\/p>\n<p>Seg\u00fan el testimonio de la familia, el joven deb\u00eda regresar ese mismo d\u00eda a Castelli por el receso invernal, pero nunca lleg\u00f3 a destino.<\/p>\n<p>La causa contin\u00faa en manos de las autoridades judiciales de Corrientes, que deber\u00e1n confirmar las circunstancias del hecho y avanzar con las pericias correspondientes<\/p>\n","protected":false},"excerpt":{"rendered":"<p>El cuerpo fue encontrado este martes en la zona costera de Derqui, sobre el r\u00edo Paran\u00e1. La familia hab\u00eda denunciado su desaparici\u00f3n el lunes. La Polic\u00eda de Corrientes inform\u00f3 este martes por la ma\u00f1ana que hallaron sin vida al cuerpo del joven chaque\u00f1o que era intensamente buscado desde lunes tras su desaparici\u00f3n. Ten\u00eda 24 a\u00f1os [&hellip;]<\/p>\n","protected":false},"author":4,"featured_media":193215,"comment_status":"closed","ping_status":"closed","sticky":false,"template":"","format":"standard","meta":{"_joinchat":[],"footnotes":""},"categories":[26],"tags":[],"class_list":{"0":"post-193214","1":"post","2":"type-post","3":"status-publish","4":"format-standard","5":"has-post-thumbnail","7":"category-provinciales"},"yoast_head":"<!-- This site is optimized with the Yoast SEO plugin v27.2 - https:\/\/yoast.com\/product\/yoast-seo-wordpress\/ -->\n<title>Hallaron sin vida al joven chaque\u00f1o que era buscado en Corrientes - Radio Infinita Goya<\/title>\n<meta name=\"description\" content=\"El cuerpo fue encontrado este martes en la zona costera de Derqui, sobre el r\u00edo Paran\u00e1. La familia hab\u00eda denunciado su desaparici\u00f3n el lunes. La Polic\u00eda\" \/>\n<meta name=\"robots\" content=\"index, follow, max-snippet:-1, max-image-preview:large, max-video-preview:-1\" \/>\n<link rel=\"canonical\" href=\"https:\/\/radioinfinitagoya.com.ar\/v1\/2025\/07\/22\/hallaron-sin-vida-al-joven-chaqueno-que-era-buscado-en-corrientes\/\" \/>\n<meta property=\"og:locale\" content=\"es_ES\" \/>\n<meta property=\"og:type\" content=\"article\" \/>\n<meta property=\"og:title\" content=\"Hallaron sin vida al joven chaque\u00f1o que era buscado en Corrientes - Radio Infinita Goya\" \/>\n<meta property=\"og:description\" content=\"El cuerpo fue encontrado este martes en la zona costera de Derqui, sobre el r\u00edo Paran\u00e1. La familia hab\u00eda denunciado su desaparici\u00f3n el lunes. La Polic\u00eda\" \/>\n<meta property=\"og:url\" content=\"https:\/\/radioinfinitagoya.com.ar\/v1\/2025\/07\/22\/hallaron-sin-vida-al-joven-chaqueno-que-era-buscado-en-corrientes\/\" \/>\n<meta property=\"og:site_name\" content=\"Radio Infinita Goya\" \/>\n<meta property=\"article:publisher\" content=\"https:\/\/www.facebook.com\/p\/Infinita-Goya-100063870918311\/\" \/>\n<meta property=\"article:published_time\" content=\"2025-07-22T20:48:14+00:00\" \/>\n<meta property=\"og:image\" content=\"https:\/\/radioinfinitagoya.com.ar\/v1\/wp-content\/uploads\/2025\/07\/1753199947213.webp\" \/>\n\t<meta property=\"og:image:width\" content=\"1200\" \/>\n\t<meta property=\"og:image:height\" content=\"675\" \/>\n\t<meta property=\"og:image:type\" content=\"image\/webp\" \/>\n<meta name=\"author\" content=\"Jorge Mi\u00f1o\" \/>\n<meta name=\"twitter:card\" content=\"summary_large_image\" \/>\n<meta name=\"twitter:label1\" content=\"Escrito por\" \/>\n\t<meta name=\"twitter:data1\" content=\"Jorge Mi\u00f1o\" \/>\n\t<meta name=\"twitter:label2\" content=\"Tiempo de lectura\" \/>\n\t<meta name=\"twitter:data2\" content=\"2 minutos\" \/>\n<script type=\"application\/ld+json\" class=\"yoast-schema-graph\">{\"@context\":\"https:\/\/schema.org\",\"@graph\":[{\"@type\":\"Article\",\"@id\":\"https:\/\/radioinfinitagoya.com.ar\/v1\/2025\/07\/22\/hallaron-sin-vida-al-joven-chaqueno-que-era-buscado-en-corrientes\/#article\",\"isPartOf\":{\"@id\":\"https:\/\/radioinfinitagoya.com.ar\/v1\/2025\/07\/22\/hallaron-sin-vida-al-joven-chaqueno-que-era-buscado-en-corrientes\/\"},\"author\":{\"name\":\"Jorge Mi\u00f1o\",\"@id\":\"https:\/\/radioinfinitagoya.com.ar\/v1\/#\/schema\/person\/d4cf9c413d4f6edb24aabdccab49ca4a\"},\"headline\":\"Hallaron sin vida al joven chaque\u00f1o que era buscado en Corrientes\",\"datePublished\":\"2025-07-22T20:48:14+00:00\",\"mainEntityOfPage\":{\"@id\":\"https:\/\/radioinfinitagoya.com.ar\/v1\/2025\/07\/22\/hallaron-sin-vida-al-joven-chaqueno-que-era-buscado-en-corrientes\/\"},\"wordCount\":277,\"publisher\":{\"@id\":\"https:\/\/radioinfinitagoya.com.ar\/v1\/#organization\"},\"image\":{\"@id\":\"https:\/\/radioinfinitagoya.com.ar\/v1\/2025\/07\/22\/hallaron-sin-vida-al-joven-chaqueno-que-era-buscado-en-corrientes\/#primaryimage\"},\"thumbnailUrl\":\"https:\/\/radioinfinitagoya.com.ar\/v1\/wp-content\/uploads\/2025\/07\/1753199947213.webp\",\"articleSection\":[\"PROVINCIALES\"],\"inLanguage\":\"es-AR\"},{\"@type\":\"WebPage\",\"@id\":\"https:\/\/radioinfinitagoya.com.ar\/v1\/2025\/07\/22\/hallaron-sin-vida-al-joven-chaqueno-que-era-buscado-en-corrientes\/\",\"url\":\"https:\/\/radioinfinitagoya.com.ar\/v1\/2025\/07\/22\/hallaron-sin-vida-al-joven-chaqueno-que-era-buscado-en-corrientes\/\",\"name\":\"Hallaron sin vida al joven chaque\u00f1o que era buscado en Corrientes - Radio Infinita Goya\",\"isPartOf\":{\"@id\":\"https:\/\/radioinfinitagoya.com.ar\/v1\/#website\"},\"primaryImageOfPage\":{\"@id\":\"https:\/\/radioinfinitagoya.com.ar\/v1\/2025\/07\/22\/hallaron-sin-vida-al-joven-chaqueno-que-era-buscado-en-corrientes\/#primaryimage\"},\"image\":{\"@id\":\"https:\/\/radioinfinitagoya.com.ar\/v1\/2025\/07\/22\/hallaron-sin-vida-al-joven-chaqueno-que-era-buscado-en-corrientes\/#primaryimage\"},\"thumbnailUrl\":\"https:\/\/radioinfinitagoya.com.ar\/v1\/wp-content\/uploads\/2025\/07\/1753199947213.webp\",\"datePublished\":\"2025-07-22T20:48:14+00:00\",\"description\":\"El cuerpo fue encontrado este martes en la zona costera de Derqui, sobre el r\u00edo Paran\u00e1. La familia hab\u00eda denunciado su desaparici\u00f3n el lunes. La Polic\u00eda\",\"breadcrumb\":{\"@id\":\"https:\/\/radioinfinitagoya.com.ar\/v1\/2025\/07\/22\/hallaron-sin-vida-al-joven-chaqueno-que-era-buscado-en-corrientes\/#breadcrumb\"},\"inLanguage\":\"es-AR\",\"potentialAction\":[{\"@type\":\"ReadAction\",\"target\":[\"https:\/\/radioinfinitagoya.com.ar\/v1\/2025\/07\/22\/hallaron-sin-vida-al-joven-chaqueno-que-era-buscado-en-corrientes\/\"]}]},{\"@type\":\"ImageObject\",\"inLanguage\":\"es-AR\",\"@id\":\"https:\/\/radioinfinitagoya.com.ar\/v1\/2025\/07\/22\/hallaron-sin-vida-al-joven-chaqueno-que-era-buscado-en-corrientes\/#primaryimage\",\"url\":\"https:\/\/radioinfinitagoya.com.ar\/v1\/wp-content\/uploads\/2025\/07\/1753199947213.webp\",\"contentUrl\":\"https:\/\/radioinfinitagoya.com.ar\/v1\/wp-content\/uploads\/2025\/07\/1753199947213.webp\",\"width\":1200,\"height\":675},{\"@type\":\"BreadcrumbList\",\"@id\":\"https:\/\/radioinfinitagoya.com.ar\/v1\/2025\/07\/22\/hallaron-sin-vida-al-joven-chaqueno-que-era-buscado-en-corrientes\/#breadcrumb\",\"itemListElement\":[{\"@type\":\"ListItem\",\"position\":1,\"name\":\"Inicio\",\"item\":\"https:\/\/radioinfinitagoya.com.ar\/v1\/\"},{\"@type\":\"ListItem\",\"position\":2,\"name\":\"Hallaron sin vida al joven chaque\u00f1o que era buscado en Corrientes\"}]},{\"@type\":\"WebSite\",\"@id\":\"https:\/\/radioinfinitagoya.com.ar\/v1\/#website\",\"url\":\"https:\/\/radioinfinitagoya.com.ar\/v1\/\",\"name\":\"radioinfinitagoya.com.ar\",\"description\":\"Radio de noticias\",\"publisher\":{\"@id\":\"https:\/\/radioinfinitagoya.com.ar\/v1\/#organization\"},\"potentialAction\":[{\"@type\":\"SearchAction\",\"target\":{\"@type\":\"EntryPoint\",\"urlTemplate\":\"https:\/\/radioinfinitagoya.com.ar\/v1\/?s={search_term_string}\"},\"query-input\":{\"@type\":\"PropertyValueSpecification\",\"valueRequired\":true,\"valueName\":\"search_term_string\"}}],\"inLanguage\":\"es-AR\"},{\"@type\":\"Organization\",\"@id\":\"https:\/\/radioinfinitagoya.com.ar\/v1\/#organization\",\"name\":\"Radio Infinita Goya\",\"url\":\"https:\/\/radioinfinitagoya.com.ar\/v1\/\",\"logo\":{\"@type\":\"ImageObject\",\"inLanguage\":\"es-AR\",\"@id\":\"https:\/\/radioinfinitagoya.com.ar\/v1\/#\/schema\/logo\/image\/\",\"url\":\"https:\/\/radioinfinitagoya.com.ar\/v1\/wp-content\/uploads\/2019\/11\/logo-pie-web.png\",\"contentUrl\":\"https:\/\/radioinfinitagoya.com.ar\/v1\/wp-content\/uploads\/2019\/11\/logo-pie-web.png\",\"width\":635,\"height\":326,\"caption\":\"Radio Infinita Goya\"},\"image\":{\"@id\":\"https:\/\/radioinfinitagoya.com.ar\/v1\/#\/schema\/logo\/image\/\"},\"sameAs\":[\"https:\/\/www.facebook.com\/p\/Infinita-Goya-100063870918311\/\"]},{\"@type\":\"Person\",\"@id\":\"https:\/\/radioinfinitagoya.com.ar\/v1\/#\/schema\/person\/d4cf9c413d4f6edb24aabdccab49ca4a\",\"name\":\"Jorge Mi\u00f1o\",\"image\":{\"@type\":\"ImageObject\",\"inLanguage\":\"es-AR\",\"@id\":\"https:\/\/secure.gravatar.com\/avatar\/910fcf6728fe95320e07a6643c1581fec1c7fc4bf8ae12e3d8f0d0373dc844be?s=96&d=mm&r=g\",\"url\":\"https:\/\/secure.gravatar.com\/avatar\/910fcf6728fe95320e07a6643c1581fec1c7fc4bf8ae12e3d8f0d0373dc844be?s=96&d=mm&r=g\",\"contentUrl\":\"https:\/\/secure.gravatar.com\/avatar\/910fcf6728fe95320e07a6643c1581fec1c7fc4bf8ae12e3d8f0d0373dc844be?s=96&d=mm&r=g\",\"caption\":\"Jorge Mi\u00f1o\"},\"sameAs\":[\"http:\/\/radioinfinitagoya.com.ar\"]}]}<\/script>\n<!-- \/ Yoast SEO plugin. -->","yoast_head_json":{"title":"Hallaron sin vida al joven chaque\u00f1o que era buscado en Corrientes - Radio Infinita Goya","description":"El cuerpo fue encontrado este martes en la zona costera de Derqui, sobre el r\u00edo Paran\u00e1. La familia hab\u00eda denunciado su desaparici\u00f3n el lunes. La Polic\u00eda","robots":{"index":"index","follow":"follow","max-snippet":"max-snippet:-1","max-image-preview":"max-image-preview:large","max-video-preview":"max-video-preview:-1"},"canonical":"https:\/\/radioinfinitagoya.com.ar\/v1\/2025\/07\/22\/hallaron-sin-vida-al-joven-chaqueno-que-era-buscado-en-corrientes\/","og_locale":"es_ES","og_type":"article","og_title":"Hallaron sin vida al joven chaque\u00f1o que era buscado en Corrientes - Radio Infinita Goya","og_description":"El cuerpo fue encontrado este martes en la zona costera de Derqui, sobre el r\u00edo Paran\u00e1. La familia hab\u00eda denunciado su desaparici\u00f3n el lunes. La Polic\u00eda","og_url":"https:\/\/radioinfinitagoya.com.ar\/v1\/2025\/07\/22\/hallaron-sin-vida-al-joven-chaqueno-que-era-buscado-en-corrientes\/","og_site_name":"Radio Infinita Goya","article_publisher":"https:\/\/www.facebook.com\/p\/Infinita-Goya-100063870918311\/","article_published_time":"2025-07-22T20:48:14+00:00","og_image":[{"width":1200,"height":675,"url":"https:\/\/radioinfinitagoya.com.ar\/v1\/wp-content\/uploads\/2025\/07\/1753199947213.webp","type":"image\/webp"}],"author":"Jorge Mi\u00f1o","twitter_card":"summary_large_image","twitter_misc":{"Escrito por":"Jorge Mi\u00f1o","Tiempo de lectura":"2 minutos"},"schema":{"@context":"https:\/\/schema.org","@graph":[{"@type":"Article","@id":"https:\/\/radioinfinitagoya.com.ar\/v1\/2025\/07\/22\/hallaron-sin-vida-al-joven-chaqueno-que-era-buscado-en-corrientes\/#article","isPartOf":{"@id":"https:\/\/radioinfinitagoya.com.ar\/v1\/2025\/07\/22\/hallaron-sin-vida-al-joven-chaqueno-que-era-buscado-en-corrientes\/"},"author":{"name":"Jorge Mi\u00f1o","@id":"https:\/\/radioinfinitagoya.com.ar\/v1\/#\/schema\/person\/d4cf9c413d4f6edb24aabdccab49ca4a"},"headline":"Hallaron sin vida al joven chaque\u00f1o que era buscado en Corrientes","datePublished":"2025-07-22T20:48:14+00:00","mainEntityOfPage":{"@id":"https:\/\/radioinfinitagoya.com.ar\/v1\/2025\/07\/22\/hallaron-sin-vida-al-joven-chaqueno-que-era-buscado-en-corrientes\/"},"wordCount":277,"publisher":{"@id":"https:\/\/radioinfinitagoya.com.ar\/v1\/#organization"},"image":{"@id":"https:\/\/radioinfinitagoya.com.ar\/v1\/2025\/07\/22\/hallaron-sin-vida-al-joven-chaqueno-que-era-buscado-en-corrientes\/#primaryimage"},"thumbnailUrl":"https:\/\/radioinfinitagoya.com.ar\/v1\/wp-content\/uploads\/2025\/07\/1753199947213.webp","articleSection":["PROVINCIALES"],"inLanguage":"es-AR"},{"@type":"WebPage","@id":"https:\/\/radioinfinitagoya.com.ar\/v1\/2025\/07\/22\/hallaron-sin-vida-al-joven-chaqueno-que-era-buscado-en-corrientes\/","url":"https:\/\/radioinfinitagoya.com.ar\/v1\/2025\/07\/22\/hallaron-sin-vida-al-joven-chaqueno-que-era-buscado-en-corrientes\/","name":"Hallaron sin vida al joven chaque\u00f1o que era buscado en Corrientes - Radio Infinita Goya","isPartOf":{"@id":"https:\/\/radioinfinitagoya.com.ar\/v1\/#website"},"primaryImageOfPage":{"@id":"https:\/\/radioinfinitagoya.com.ar\/v1\/2025\/07\/22\/hallaron-sin-vida-al-joven-chaqueno-que-era-buscado-en-corrientes\/#primaryimage"},"image":{"@id":"https:\/\/radioinfinitagoya.com.ar\/v1\/2025\/07\/22\/hallaron-sin-vida-al-joven-chaqueno-que-era-buscado-en-corrientes\/#primaryimage"},"thumbnailUrl":"https:\/\/radioinfinitagoya.com.ar\/v1\/wp-content\/uploads\/2025\/07\/1753199947213.webp","datePublished":"2025-07-22T20:48:14+00:00","description":"El cuerpo fue encontrado este martes en la zona costera de Derqui, sobre el r\u00edo Paran\u00e1. La familia hab\u00eda denunciado su desaparici\u00f3n el lunes. La Polic\u00eda","breadcrumb":{"@id":"https:\/\/radioinfinitagoya.com.ar\/v1\/2025\/07\/22\/hallaron-sin-vida-al-joven-chaqueno-que-era-buscado-en-corrientes\/#breadcrumb"},"inLanguage":"es-AR","potentialAction":[{"@type":"ReadAction","target":["https:\/\/radioinfinitagoya.com.ar\/v1\/2025\/07\/22\/hallaron-sin-vida-al-joven-chaqueno-que-era-buscado-en-corrientes\/"]}]},{"@type":"ImageObject","inLanguage":"es-AR","@id":"https:\/\/radioinfinitagoya.com.ar\/v1\/2025\/07\/22\/hallaron-sin-vida-al-joven-chaqueno-que-era-buscado-en-corrientes\/#primaryimage","url":"https:\/\/radioinfinitagoya.com.ar\/v1\/wp-content\/uploads\/2025\/07\/1753199947213.webp","contentUrl":"https:\/\/radioinfinitagoya.com.ar\/v1\/wp-content\/uploads\/2025\/07\/1753199947213.webp","width":1200,"height":675},{"@type":"BreadcrumbList","@id":"https:\/\/radioinfinitagoya.com.ar\/v1\/2025\/07\/22\/hallaron-sin-vida-al-joven-chaqueno-que-era-buscado-en-corrientes\/#breadcrumb","itemListElement":[{"@type":"ListItem","position":1,"name":"Inicio","item":"https:\/\/radioinfinitagoya.com.ar\/v1\/"},{"@type":"ListItem","position":2,"name":"Hallaron sin vida al joven chaque\u00f1o que era buscado en Corrientes"}]},{"@type":"WebSite","@id":"https:\/\/radioinfinitagoya.com.ar\/v1\/#website","url":"https:\/\/radioinfinitagoya.com.ar\/v1\/","name":"radioinfinitagoya.com.ar","description":"Radio de noticias","publisher":{"@id":"https:\/\/radioinfinitagoya.com.ar\/v1\/#organization"},"potentialAction":[{"@type":"SearchAction","target":{"@type":"EntryPoint","urlTemplate":"https:\/\/radioinfinitagoya.com.ar\/v1\/?s={search_term_string}"},"query-input":{"@type":"PropertyValueSpecification","valueRequired":true,"valueName":"search_term_string"}}],"inLanguage":"es-AR"},{"@type":"Organization","@id":"https:\/\/radioinfinitagoya.com.ar\/v1\/#organization","name":"Radio Infinita Goya","url":"https:\/\/radioinfinitagoya.com.ar\/v1\/","logo":{"@type":"ImageObject","inLanguage":"es-AR","@id":"https:\/\/radioinfinitagoya.com.ar\/v1\/#\/schema\/logo\/image\/","url":"https:\/\/radioinfinitagoya.com.ar\/v1\/wp-content\/uploads\/2019\/11\/logo-pie-web.png","contentUrl":"https:\/\/radioinfinitagoya.com.ar\/v1\/wp-content\/uploads\/2019\/11\/logo-pie-web.png","width":635,"height":326,"caption":"Radio Infinita Goya"},"image":{"@id":"https:\/\/radioinfinitagoya.com.ar\/v1\/#\/schema\/logo\/image\/"},"sameAs":["https:\/\/www.facebook.com\/p\/Infinita-Goya-100063870918311\/"]},{"@type":"Person","@id":"https:\/\/radioinfinitagoya.com.ar\/v1\/#\/schema\/person\/d4cf9c413d4f6edb24aabdccab49ca4a","name":"Jorge Mi\u00f1o","image":{"@type":"ImageObject","inLanguage":"es-AR","@id":"https:\/\/secure.gravatar.com\/avatar\/910fcf6728fe95320e07a6643c1581fec1c7fc4bf8ae12e3d8f0d0373dc844be?s=96&d=mm&r=g","url":"https:\/\/secure.gravatar.com\/avatar\/910fcf6728fe95320e07a6643c1581fec1c7fc4bf8ae12e3d8f0d0373dc844be?s=96&d=mm&r=g","contentUrl":"https:\/\/secure.gravatar.com\/avatar\/910fcf6728fe95320e07a6643c1581fec1c7fc4bf8ae12e3d8f0d0373dc844be?s=96&d=mm&r=g","caption":"Jorge Mi\u00f1o"},"sameAs":["http:\/\/radioinfinitagoya.com.ar"]}]}},"_links":{"self":[{"href":"https:\/\/radioinfinitagoya.com.ar\/v1\/wp-json\/wp\/v2\/posts\/193214","targetHints":{"allow":["GET"]}}],"collection":[{"href":"https:\/\/radioinfinitagoya.com.ar\/v1\/wp-json\/wp\/v2\/posts"}],"about":[{"href":"https:\/\/radioinfinitagoya.com.ar\/v1\/wp-json\/wp\/v2\/types\/post"}],"author":[{"embeddable":true,"href":"https:\/\/radioinfinitagoya.com.ar\/v1\/wp-json\/wp\/v2\/users\/4"}],"replies":[{"embeddable":true,"href":"https:\/\/radioinfinitagoya.com.ar\/v1\/wp-json\/wp\/v2\/comments?post=193214"}],"version-history":[{"count":0,"href":"https:\/\/radioinfinitagoya.com.ar\/v1\/wp-json\/wp\/v2\/posts\/193214\/revisions"}],"wp:featuredmedia":[{"embeddable":true,"href":"https:\/\/radioinfinitagoya.com.ar\/v1\/wp-json\/wp\/v2\/media\/193215"}],"wp:attachment":[{"href":"https:\/\/radioinfinitagoya.com.ar\/v1\/wp-json\/wp\/v2\/media?parent=193214"}],"wp:term":[{"taxonomy":"category","embeddable":true,"href":"https:\/\/radioinfinitagoya.com.ar\/v1\/wp-json\/wp\/v2\/categories?post=193214"},{"taxonomy":"post_tag","embeddable":true,"href":"https:\/\/radioinfinitagoya.com.ar\/v1\/wp-json\/wp\/v2\/tags?post=193214"}],"curies":[{"name":"wp","href":"https:\/\/api.w.org\/{rel}","templated":true}]}}